{"id":978,"date":"2022-12-16T16:29:00","date_gmt":"2022-12-16T19:29:00","guid":{"rendered":"https:\/\/infopba247.com.ar\/?p=978"},"modified":"2022-12-26T16:29:59","modified_gmt":"2022-12-26T19:29:59","slug":"la-plata-y-diez-municipios-bonaerenses-en-emergencia-agropecuaria-por-sequia-cuales-son","status":"publish","type":"post","link":"https:\/\/infopba247.com.ar\/index.php\/2022\/12\/16\/la-plata-y-diez-municipios-bonaerenses-en-emergencia-agropecuaria-por-sequia-cuales-son\/","title":{"rendered":"La Plata y diez municipios bonaerenses en emergencia agropecuaria por sequ\u00eda: cu\u00e1les son"},"content":{"rendered":"\n<p>El Gobierno bonaerense oficializ\u00f3 la declaraci\u00f3n de emergencia agropecuaria por sequ\u00eda en los partidos de La Plata, General Madariaga, Leandro N Alem, Florentino Ameghino, Balcarce, Guamin\u00ed, Laprida, Nueve de Julio, Pila, General Las Heras y San Antonio de Areco, a trav\u00e9s del decreto 2105\/2022.<\/p>\n\n\n\n<p>El mismo destac\u00f3 que con motivo de un fen\u00f3meno natural adverso de car\u00e1cter extraordinario la medida se fundamenta en la cr\u00edtica situaci\u00f3n por la que atraviesan las explotaciones rurales de esos distritos.<\/p>\n\n\n\n<p>Se indic\u00f3 en los considerandos de la norma que la situaci\u00f3n ha sido evaluada oportunamente por el \u00e1rea t\u00e9cnica espec\u00edfica del Ministerio de Desarrollo Agrario, mediante informaci\u00f3n meteorol\u00f3gica (estad\u00edstica y satelital), chequeo en campo e im\u00e1genes satelitales.<\/p>\n\n\n\n<p>Asimismo, fue dictaminada por las respectivas comisiones locales de Emergencia Agropecuaria sobre la magnitud de los perjuicios sufridos en la producci\u00f3n o capacidad de producci\u00f3n ya que el fen\u00f3meno clim\u00e1tico, por sus caracter\u00edsticas y magnitud, afecta espec\u00edficamente a los productores y las productoras.<\/p>\n\n\n\n<p>Los beneficios que tendr\u00e1n ser\u00e1n \u201cla exenci\u00f3n de pago del impuesto Inmobiliario Rural, correspondiente al inmueble destinado al desarrollo de la actividad citada, en proporci\u00f3n al porcentaje de la afectaci\u00f3n de la explotaci\u00f3n agropecuaria alcanzada por la declaraci\u00f3n de Desastre Agropecuario\u201d.<\/p>\n","protected":false},"excerpt":{"rendered":"<p>El Gobierno bonaerense oficializ\u00f3 la declaraci\u00f3n de emergencia agropecuaria por sequ\u00eda en los partidos de La Plata, General Madariaga, Leandro<\/p>\n","protected":false},"author":3,"featured_media":979,"comment_status":"closed","ping_status":"closed","sticky":false,"template":"","format":"standard","meta":{"colormag_page_container_layout":"default_layout","colormag_page_sidebar_layout":"default_layout","footnotes":""},"categories":[16],"tags":[],"class_list":["post-978","post","type-post","status-publish","format-standard","has-post-thumbnail","hentry","category-interes-general"],"yoast_head":"<!-- This site is optimized with the Yoast SEO plugin v27.4 - https:\/\/yoast.com\/product\/yoast-seo-wordpress\/ -->\n<title>La Plata y diez municipios bonaerenses en emergencia agropecuaria por sequ\u00eda: cu\u00e1les son - InfoPBA247<\/title>\n<meta name=\"robots\" content=\"index, follow, max-snippet:-1, max-image-preview:large, max-video-preview:-1\" \/>\n<link rel=\"canonical\" href=\"https:\/\/infopba247.com.ar\/index.php\/2022\/12\/16\/la-plata-y-diez-municipios-bonaerenses-en-emergencia-agropecuaria-por-sequia-cuales-son\/\" \/>\n<meta property=\"og:locale\" content=\"es_ES\" \/>\n<meta property=\"og:type\" content=\"article\" \/>\n<meta property=\"og:title\" content=\"La Plata y diez municipios bonaerenses en emergencia agropecuaria por sequ\u00eda: cu\u00e1les son - InfoPBA247\" \/>\n<meta property=\"og:description\" content=\"El Gobierno bonaerense oficializ\u00f3 la declaraci\u00f3n de emergencia agropecuaria por sequ\u00eda en los partidos de La Plata, General Madariaga, Leandro\" \/>\n<meta property=\"og:url\" content=\"https:\/\/infopba247.com.ar\/index.php\/2022\/12\/16\/la-plata-y-diez-municipios-bonaerenses-en-emergencia-agropecuaria-por-sequia-cuales-son\/\" \/>\n<meta property=\"og:site_name\" content=\"InfoPBA247\" \/>\n<meta property=\"article:publisher\" content=\"https:\/\/www.facebook.com\/InfoPBA\" \/>\n<meta property=\"article:published_time\" content=\"2022-12-16T19:29:00+00:00\" \/>\n<meta property=\"article:modified_time\" content=\"2022-12-26T19:29:59+00:00\" \/>\n<meta property=\"og:image\" content=\"https:\/\/infopba247.com.ar\/wp-content\/uploads\/2022\/12\/cinturon-horticola.jpeg\" \/>\n\t<meta property=\"og:image:width\" content=\"1280\" \/>\n\t<meta property=\"og:image:height\" content=\"854\" \/>\n\t<meta property=\"og:image:type\" content=\"image\/jpeg\" \/>\n<meta name=\"author\" content=\"Editor\" \/>\n<meta name=\"twitter:card\" content=\"summary_large_image\" \/>\n<meta name=\"twitter:label1\" content=\"Escrito por\" \/>\n\t<meta name=\"twitter:data1\" content=\"Editor\" \/>\n\t<meta name=\"twitter:label2\" content=\"Tiempo de lectura\" \/>\n\t<meta name=\"twitter:data2\" content=\"1 minuto\" \/>\n<script type=\"application\/ld+json\" class=\"yoast-schema-graph\">{\"@context\":\"https:\\\/\\\/schema.org\",\"@graph\":[{\"@type\":\"Article\",\"@id\":\"https:\\\/\\\/infopba247.com.ar\\\/index.php\\\/2022\\\/12\\\/16\\\/la-plata-y-diez-municipios-bonaerenses-en-emergencia-agropecuaria-por-sequia-cuales-son\\\/#article\",\"isPartOf\":{\"@id\":\"https:\\\/\\\/infopba247.com.ar\\\/index.php\\\/2022\\\/12\\\/16\\\/la-plata-y-diez-municipios-bonaerenses-en-emergencia-agropecuaria-por-sequia-cuales-son\\\/\"},\"author\":{\"name\":\"Editor\",\"@id\":\"https:\\\/\\\/infopba247.com.ar\\\/#\\\/schema\\\/person\\\/4975f1343a413e57bf839b3eed0099f2\"},\"headline\":\"La Plata y diez municipios bonaerenses en emergencia agropecuaria por sequ\u00eda: cu\u00e1les son\",\"datePublished\":\"2022-12-16T19:29:00+00:00\",\"dateModified\":\"2022-12-26T19:29:59+00:00\",\"mainEntityOfPage\":{\"@id\":\"https:\\\/\\\/infopba247.com.ar\\\/index.php\\\/2022\\\/12\\\/16\\\/la-plata-y-diez-municipios-bonaerenses-en-emergencia-agropecuaria-por-sequia-cuales-son\\\/\"},\"wordCount\":238,\"publisher\":{\"@id\":\"https:\\\/\\\/infopba247.com.ar\\\/#organization\"},\"image\":{\"@id\":\"https:\\\/\\\/infopba247.com.ar\\\/index.php\\\/2022\\\/12\\\/16\\\/la-plata-y-diez-municipios-bonaerenses-en-emergencia-agropecuaria-por-sequia-cuales-son\\\/#primaryimage\"},\"thumbnailUrl\":\"https:\\\/\\\/infopba247.com.ar\\\/wp-content\\\/uploads\\\/2022\\\/12\\\/cinturon-horticola.jpeg\",\"articleSection\":[\"Inter\u00e9s General\"],\"inLanguage\":\"es\"},{\"@type\":\"WebPage\",\"@id\":\"https:\\\/\\\/infopba247.com.ar\\\/index.php\\\/2022\\\/12\\\/16\\\/la-plata-y-diez-municipios-bonaerenses-en-emergencia-agropecuaria-por-sequia-cuales-son\\\/\",\"url\":\"https:\\\/\\\/infopba247.com.ar\\\/index.php\\\/2022\\\/12\\\/16\\\/la-plata-y-diez-municipios-bonaerenses-en-emergencia-agropecuaria-por-sequia-cuales-son\\\/\",\"name\":\"La Plata y diez municipios bonaerenses en emergencia agropecuaria por sequ\u00eda: cu\u00e1les son - InfoPBA247\",\"isPartOf\":{\"@id\":\"https:\\\/\\\/infopba247.com.ar\\\/#website\"},\"primaryImageOfPage\":{\"@id\":\"https:\\\/\\\/infopba247.com.ar\\\/index.php\\\/2022\\\/12\\\/16\\\/la-plata-y-diez-municipios-bonaerenses-en-emergencia-agropecuaria-por-sequia-cuales-son\\\/#primaryimage\"},\"image\":{\"@id\":\"https:\\\/\\\/infopba247.com.ar\\\/index.php\\\/2022\\\/12\\\/16\\\/la-plata-y-diez-municipios-bonaerenses-en-emergencia-agropecuaria-por-sequia-cuales-son\\\/#primaryimage\"},\"thumbnailUrl\":\"https:\\\/\\\/infopba247.com.ar\\\/wp-content\\\/uploads\\\/2022\\\/12\\\/cinturon-horticola.jpeg\",\"datePublished\":\"2022-12-16T19:29:00+00:00\",\"dateModified\":\"2022-12-26T19:29:59+00:00\",\"breadcrumb\":{\"@id\":\"https:\\\/\\\/infopba247.com.ar\\\/index.php\\\/2022\\\/12\\\/16\\\/la-plata-y-diez-municipios-bonaerenses-en-emergencia-agropecuaria-por-sequia-cuales-son\\\/#breadcrumb\"},\"inLanguage\":\"es\",\"potentialAction\":[{\"@type\":\"ReadAction\",\"target\":[\"https:\\\/\\\/infopba247.com.ar\\\/index.php\\\/2022\\\/12\\\/16\\\/la-plata-y-diez-municipios-bonaerenses-en-emergencia-agropecuaria-por-sequia-cuales-son\\\/\"]}]},{\"@type\":\"ImageObject\",\"inLanguage\":\"es\",\"@id\":\"https:\\\/\\\/infopba247.com.ar\\\/index.php\\\/2022\\\/12\\\/16\\\/la-plata-y-diez-municipios-bonaerenses-en-emergencia-agropecuaria-por-sequia-cuales-son\\\/#primaryimage\",\"url\":\"https:\\\/\\\/infopba247.com.ar\\\/wp-content\\\/uploads\\\/2022\\\/12\\\/cinturon-horticola.jpeg\",\"contentUrl\":\"https:\\\/\\\/infopba247.com.ar\\\/wp-content\\\/uploads\\\/2022\\\/12\\\/cinturon-horticola.jpeg\",\"width\":1280,\"height\":854},{\"@type\":\"BreadcrumbList\",\"@id\":\"https:\\\/\\\/infopba247.com.ar\\\/index.php\\\/2022\\\/12\\\/16\\\/la-plata-y-diez-municipios-bonaerenses-en-emergencia-agropecuaria-por-sequia-cuales-son\\\/#breadcrumb\",\"itemListElement\":[{\"@type\":\"ListItem\",\"position\":1,\"name\":\"Portada\",\"item\":\"https:\\\/\\\/infopba247.com.ar\\\/\"},{\"@type\":\"ListItem\",\"position\":2,\"name\":\"La Plata y diez municipios bonaerenses en emergencia agropecuaria por sequ\u00eda: cu\u00e1les son\"}]},{\"@type\":\"WebSite\",\"@id\":\"https:\\\/\\\/infopba247.com.ar\\\/#website\",\"url\":\"https:\\\/\\\/infopba247.com.ar\\\/\",\"name\":\"InfoPBA247\",\"description\":\"Toda la actualidad bonaerense\",\"publisher\":{\"@id\":\"https:\\\/\\\/infopba247.com.ar\\\/#organization\"},\"potentialAction\":[{\"@type\":\"SearchAction\",\"target\":{\"@type\":\"EntryPoint\",\"urlTemplate\":\"https:\\\/\\\/infopba247.com.ar\\\/?s={search_term_string}\"},\"query-input\":{\"@type\":\"PropertyValueSpecification\",\"valueRequired\":true,\"valueName\":\"search_term_string\"}}],\"inLanguage\":\"es\"},{\"@type\":\"Organization\",\"@id\":\"https:\\\/\\\/infopba247.com.ar\\\/#organization\",\"name\":\"InfoPBA247\",\"url\":\"https:\\\/\\\/infopba247.com.ar\\\/\",\"logo\":{\"@type\":\"ImageObject\",\"inLanguage\":\"es\",\"@id\":\"https:\\\/\\\/infopba247.com.ar\\\/#\\\/schema\\\/logo\\\/image\\\/\",\"url\":\"https:\\\/\\\/infopba247.com.ar\\\/wp-content\\\/uploads\\\/2022\\\/03\\\/cropped-InfoPBA247-1.png\",\"contentUrl\":\"https:\\\/\\\/infopba247.com.ar\\\/wp-content\\\/uploads\\\/2022\\\/03\\\/cropped-InfoPBA247-1.png\",\"width\":500,\"height\":122,\"caption\":\"InfoPBA247\"},\"image\":{\"@id\":\"https:\\\/\\\/infopba247.com.ar\\\/#\\\/schema\\\/logo\\\/image\\\/\"},\"sameAs\":[\"https:\\\/\\\/www.facebook.com\\\/InfoPBA\"]},{\"@type\":\"Person\",\"@id\":\"https:\\\/\\\/infopba247.com.ar\\\/#\\\/schema\\\/person\\\/4975f1343a413e57bf839b3eed0099f2\",\"name\":\"Editor\",\"image\":{\"@type\":\"ImageObject\",\"inLanguage\":\"es\",\"@id\":\"https:\\\/\\\/secure.gravatar.com\\\/avatar\\\/d27fe9520667ca53441d36627a1d6b0fa4a813571ec4803687a7a3a7744685ac?s=96&d=mm&r=g\",\"url\":\"https:\\\/\\\/secure.gravatar.com\\\/avatar\\\/d27fe9520667ca53441d36627a1d6b0fa4a813571ec4803687a7a3a7744685ac?s=96&d=mm&r=g\",\"contentUrl\":\"https:\\\/\\\/secure.gravatar.com\\\/avatar\\\/d27fe9520667ca53441d36627a1d6b0fa4a813571ec4803687a7a3a7744685ac?s=96&d=mm&r=g\",\"caption\":\"Editor\"},\"url\":\"https:\\\/\\\/infopba247.com.ar\\\/index.php\\\/author\\\/editor\\\/\"}]}<\/script>\n<!-- \/ Yoast SEO plugin. -->","yoast_head_json":{"title":"La Plata y diez municipios bonaerenses en emergencia agropecuaria por sequ\u00eda: cu\u00e1les son - InfoPBA247","robots":{"index":"index","follow":"follow","max-snippet":"max-snippet:-1","max-image-preview":"max-image-preview:large","max-video-preview":"max-video-preview:-1"},"canonical":"https:\/\/infopba247.com.ar\/index.php\/2022\/12\/16\/la-plata-y-diez-municipios-bonaerenses-en-emergencia-agropecuaria-por-sequia-cuales-son\/","og_locale":"es_ES","og_type":"article","og_title":"La Plata y diez municipios bonaerenses en emergencia agropecuaria por sequ\u00eda: cu\u00e1les son - InfoPBA247","og_description":"El Gobierno bonaerense oficializ\u00f3 la declaraci\u00f3n de emergencia agropecuaria por sequ\u00eda en los partidos de La Plata, General Madariaga, Leandro","og_url":"https:\/\/infopba247.com.ar\/index.php\/2022\/12\/16\/la-plata-y-diez-municipios-bonaerenses-en-emergencia-agropecuaria-por-sequia-cuales-son\/","og_site_name":"InfoPBA247","article_publisher":"https:\/\/www.facebook.com\/InfoPBA","article_published_time":"2022-12-16T19:29:00+00:00","article_modified_time":"2022-12-26T19:29:59+00:00","og_image":[{"width":1280,"height":854,"url":"https:\/\/infopba247.com.ar\/wp-content\/uploads\/2022\/12\/cinturon-horticola.jpeg","type":"image\/jpeg"}],"author":"Editor","twitter_card":"summary_large_image","twitter_misc":{"Escrito por":"Editor","Tiempo de lectura":"1 minuto"},"schema":{"@context":"https:\/\/schema.org","@graph":[{"@type":"Article","@id":"https:\/\/infopba247.com.ar\/index.php\/2022\/12\/16\/la-plata-y-diez-municipios-bonaerenses-en-emergencia-agropecuaria-por-sequia-cuales-son\/#article","isPartOf":{"@id":"https:\/\/infopba247.com.ar\/index.php\/2022\/12\/16\/la-plata-y-diez-municipios-bonaerenses-en-emergencia-agropecuaria-por-sequia-cuales-son\/"},"author":{"name":"Editor","@id":"https:\/\/infopba247.com.ar\/#\/schema\/person\/4975f1343a413e57bf839b3eed0099f2"},"headline":"La Plata y diez municipios bonaerenses en emergencia agropecuaria por sequ\u00eda: cu\u00e1les son","datePublished":"2022-12-16T19:29:00+00:00","dateModified":"2022-12-26T19:29:59+00:00","mainEntityOfPage":{"@id":"https:\/\/infopba247.com.ar\/index.php\/2022\/12\/16\/la-plata-y-diez-municipios-bonaerenses-en-emergencia-agropecuaria-por-sequia-cuales-son\/"},"wordCount":238,"publisher":{"@id":"https:\/\/infopba247.com.ar\/#organization"},"image":{"@id":"https:\/\/infopba247.com.ar\/index.php\/2022\/12\/16\/la-plata-y-diez-municipios-bonaerenses-en-emergencia-agropecuaria-por-sequia-cuales-son\/#primaryimage"},"thumbnailUrl":"https:\/\/infopba247.com.ar\/wp-content\/uploads\/2022\/12\/cinturon-horticola.jpeg","articleSection":["Inter\u00e9s General"],"inLanguage":"es"},{"@type":"WebPage","@id":"https:\/\/infopba247.com.ar\/index.php\/2022\/12\/16\/la-plata-y-diez-municipios-bonaerenses-en-emergencia-agropecuaria-por-sequia-cuales-son\/","url":"https:\/\/infopba247.com.ar\/index.php\/2022\/12\/16\/la-plata-y-diez-municipios-bonaerenses-en-emergencia-agropecuaria-por-sequia-cuales-son\/","name":"La Plata y diez municipios bonaerenses en emergencia agropecuaria por sequ\u00eda: cu\u00e1les son - InfoPBA247","isPartOf":{"@id":"https:\/\/infopba247.com.ar\/#website"},"primaryImageOfPage":{"@id":"https:\/\/infopba247.com.ar\/index.php\/2022\/12\/16\/la-plata-y-diez-municipios-bonaerenses-en-emergencia-agropecuaria-por-sequia-cuales-son\/#primaryimage"},"image":{"@id":"https:\/\/infopba247.com.ar\/index.php\/2022\/12\/16\/la-plata-y-diez-municipios-bonaerenses-en-emergencia-agropecuaria-por-sequia-cuales-son\/#primaryimage"},"thumbnailUrl":"https:\/\/infopba247.com.ar\/wp-content\/uploads\/2022\/12\/cinturon-horticola.jpeg","datePublished":"2022-12-16T19:29:00+00:00","dateModified":"2022-12-26T19:29:59+00:00","breadcrumb":{"@id":"https:\/\/infopba247.com.ar\/index.php\/2022\/12\/16\/la-plata-y-diez-municipios-bonaerenses-en-emergencia-agropecuaria-por-sequia-cuales-son\/#breadcrumb"},"inLanguage":"es","potentialAction":[{"@type":"ReadAction","target":["https:\/\/infopba247.com.ar\/index.php\/2022\/12\/16\/la-plata-y-diez-municipios-bonaerenses-en-emergencia-agropecuaria-por-sequia-cuales-son\/"]}]},{"@type":"ImageObject","inLanguage":"es","@id":"https:\/\/infopba247.com.ar\/index.php\/2022\/12\/16\/la-plata-y-diez-municipios-bonaerenses-en-emergencia-agropecuaria-por-sequia-cuales-son\/#primaryimage","url":"https:\/\/infopba247.com.ar\/wp-content\/uploads\/2022\/12\/cinturon-horticola.jpeg","contentUrl":"https:\/\/infopba247.com.ar\/wp-content\/uploads\/2022\/12\/cinturon-horticola.jpeg","width":1280,"height":854},{"@type":"BreadcrumbList","@id":"https:\/\/infopba247.com.ar\/index.php\/2022\/12\/16\/la-plata-y-diez-municipios-bonaerenses-en-emergencia-agropecuaria-por-sequia-cuales-son\/#breadcrumb","itemListElement":[{"@type":"ListItem","position":1,"name":"Portada","item":"https:\/\/infopba247.com.ar\/"},{"@type":"ListItem","position":2,"name":"La Plata y diez municipios bonaerenses en emergencia agropecuaria por sequ\u00eda: cu\u00e1les son"}]},{"@type":"WebSite","@id":"https:\/\/infopba247.com.ar\/#website","url":"https:\/\/infopba247.com.ar\/","name":"InfoPBA247","description":"Toda la actualidad bonaerense","publisher":{"@id":"https:\/\/infopba247.com.ar\/#organization"},"potentialAction":[{"@type":"SearchAction","target":{"@type":"EntryPoint","urlTemplate":"https:\/\/infopba247.com.ar\/?s={search_term_string}"},"query-input":{"@type":"PropertyValueSpecification","valueRequired":true,"valueName":"search_term_string"}}],"inLanguage":"es"},{"@type":"Organization","@id":"https:\/\/infopba247.com.ar\/#organization","name":"InfoPBA247","url":"https:\/\/infopba247.com.ar\/","logo":{"@type":"ImageObject","inLanguage":"es","@id":"https:\/\/infopba247.com.ar\/#\/schema\/logo\/image\/","url":"https:\/\/infopba247.com.ar\/wp-content\/uploads\/2022\/03\/cropped-InfoPBA247-1.png","contentUrl":"https:\/\/infopba247.com.ar\/wp-content\/uploads\/2022\/03\/cropped-InfoPBA247-1.png","width":500,"height":122,"caption":"InfoPBA247"},"image":{"@id":"https:\/\/infopba247.com.ar\/#\/schema\/logo\/image\/"},"sameAs":["https:\/\/www.facebook.com\/InfoPBA"]},{"@type":"Person","@id":"https:\/\/infopba247.com.ar\/#\/schema\/person\/4975f1343a413e57bf839b3eed0099f2","name":"Editor","image":{"@type":"ImageObject","inLanguage":"es","@id":"https:\/\/secure.gravatar.com\/avatar\/d27fe9520667ca53441d36627a1d6b0fa4a813571ec4803687a7a3a7744685ac?s=96&d=mm&r=g","url":"https:\/\/secure.gravatar.com\/avatar\/d27fe9520667ca53441d36627a1d6b0fa4a813571ec4803687a7a3a7744685ac?s=96&d=mm&r=g","contentUrl":"https:\/\/secure.gravatar.com\/avatar\/d27fe9520667ca53441d36627a1d6b0fa4a813571ec4803687a7a3a7744685ac?s=96&d=mm&r=g","caption":"Editor"},"url":"https:\/\/infopba247.com.ar\/index.php\/author\/editor\/"}]}},"_links":{"self":[{"href":"https:\/\/infopba247.com.ar\/index.php\/wp-json\/wp\/v2\/posts\/978","targetHints":{"allow":["GET"]}}],"collection":[{"href":"https:\/\/infopba247.com.ar\/index.php\/wp-json\/wp\/v2\/posts"}],"about":[{"href":"https:\/\/infopba247.com.ar\/index.php\/wp-json\/wp\/v2\/types\/post"}],"author":[{"embeddable":true,"href":"https:\/\/infopba247.com.ar\/index.php\/wp-json\/wp\/v2\/users\/3"}],"replies":[{"embeddable":true,"href":"https:\/\/infopba247.com.ar\/index.php\/wp-json\/wp\/v2\/comments?post=978"}],"version-history":[{"count":1,"href":"https:\/\/infopba247.com.ar\/index.php\/wp-json\/wp\/v2\/posts\/978\/revisions"}],"predecessor-version":[{"id":980,"href":"https:\/\/infopba247.com.ar\/index.php\/wp-json\/wp\/v2\/posts\/978\/revisions\/980"}],"wp:featuredmedia":[{"embeddable":true,"href":"https:\/\/infopba247.com.ar\/index.php\/wp-json\/wp\/v2\/media\/979"}],"wp:attachment":[{"href":"https:\/\/infopba247.com.ar\/index.php\/wp-json\/wp\/v2\/media?parent=978"}],"wp:term":[{"taxonomy":"category","embeddable":true,"href":"https:\/\/infopba247.com.ar\/index.php\/wp-json\/wp\/v2\/categories?post=978"},{"taxonomy":"post_tag","embeddable":true,"href":"https:\/\/infopba247.com.ar\/index.php\/wp-json\/wp\/v2\/tags?post=978"}],"curies":[{"name":"wp","href":"https:\/\/api.w.org\/{rel}","templated":true}]}}