{"id":958,"date":"2022-11-14T11:04:00","date_gmt":"2022-11-14T14:04:00","guid":{"rendered":"https:\/\/infopba247.com.ar\/?p=958"},"modified":"2022-12-02T11:05:26","modified_gmt":"2022-12-02T14:05:26","slug":"se-inauguro-la-plaza-hereos-y-heroinas-de-malvinas-de-francisco-alvarez","status":"publish","type":"post","link":"https:\/\/infopba247.com.ar\/index.php\/2022\/11\/14\/se-inauguro-la-plaza-hereos-y-heroinas-de-malvinas-de-francisco-alvarez\/","title":{"rendered":"Se inaugur\u00f3 la plaza \u201cH\u00e9reos Y Hero\u00ednas de Malvinas\u201d de Francisco \u00c1lvarez"},"content":{"rendered":"\n<p><strong>En el D\u00eda de la Tradici\u00f3n, el Municipio de Moreno inaugur\u00f3 la plaza \u201cH\u00e9roes y Hero\u00ednas de Malvinas\u201d, ubicada en el barrio La Providencia, de la localidad de Francisco \u00c1lvarez<\/strong>&nbsp;y forma parte del plan de la puesta en valor de las plazas morenenses, que ya cuenta con un total de 16 espacios renovados y en trabajo de renovaci\u00f3n.<\/p>\n\n\n\n<p><strong>En el acto de inauguraci\u00f3n, del cual participaron autoridades municipales, veteranos de Malvinas, la comunidad educativa de la Escuela Primaria N\u00b048, la Escuela Secundaria N\u00b075 Y el Jard\u00edn de Infantes N\u00b0953<\/strong>, vecinos y vecinas, celebraron por el espacio renovado que ya cuenta con nuevos juegos y cestos de basura, nuevas luminarias LED, veredas mejoradas, nuevo mobiliario urbano, restauraci\u00f3n del play\u00f3n central y parquizaci\u00f3n.<\/p>\n\n\n\n<p>De esta manera,&nbsp;<strong>la Municipalidad de Moreno contin\u00faa con la puesta en marcha del plan de revalorizaci\u00f3n de las plazas que hasta el momento lleva un total de 16 espacios totalmente renovados y en proceso de renovaci\u00f3n: plaza Asunci\u00f3n, de Paso de Rey.&nbsp;<\/strong>La plaza Favaloro de la localidad de La Reja. Las plazas Belgrano, San Jorge, Cascallares Federal y Parque Lavin, de Moreno Sur. Las plazas 6 de enero, Irigoin, Alem, El Milenio, Parque del Oeste y Ayel\u00e9n, de la localidad de Cuartel V. Y las plazas 3 de diciembre, Villanueva, Villa Angela y Rinc\u00f3n de Haras, de Trujui.<\/p>\n\n\n\n<p>Pr\u00f3ximamente se llevar\u00e1n adelante las tareas de renovaci\u00f3n en&nbsp;<strong>las plazas Barrio Parque, H\u00e9roes de Malvinas, Cort\u00e9s y Bongiovanni de Paso del Rey; Las plazas Victorino y Colombres, de La Reja; Anderson, M\u00e1ximo, Mayor del Pino, Los Hornos y El Vergel, de la localidad de Cuartel V. Las plazas El Quijote y la Esperanza, de Francisco \u00c1lvarez. Las plazas Indaburu, Santa Elena, Barrio 2000, 25 de Mayo, Lomas de Moreno, La Victoria, Sat\u00e9lite, San Jos\u00e9, Jardines II y La Perla, de Moreno Norte. Y la plaza Buj\u00e1n de Paso del Rey.<\/strong><\/p>\n","protected":false},"excerpt":{"rendered":"<p>En el D\u00eda de la Tradici\u00f3n, el Municipio de Moreno inaugur\u00f3 la plaza \u201cH\u00e9roes y Hero\u00ednas de Malvinas\u201d, ubicada en<\/p>\n","protected":false},"author":3,"featured_media":959,"comment_status":"closed","ping_status":"closed","sticky":false,"template":"","format":"standard","meta":{"colormag_page_container_layout":"default_layout","colormag_page_sidebar_layout":"default_layout","footnotes":""},"categories":[5],"tags":[],"class_list":["post-958","post","type-post","status-publish","format-standard","has-post-thumbnail","hentry","category-1ra-seccion"],"yoast_head":"<!-- This site is optimized with the Yoast SEO plugin v27.5 - https:\/\/yoast.com\/product\/yoast-seo-wordpress\/ -->\n<title>Se inaugur\u00f3 la plaza \u201cH\u00e9reos Y Hero\u00ednas de Malvinas\u201d de Francisco \u00c1lvarez - InfoPBA247<\/title>\n<meta name=\"robots\" content=\"index, follow, max-snippet:-1, max-image-preview:large, max-video-preview:-1\" \/>\n<link rel=\"canonical\" href=\"https:\/\/infopba247.com.ar\/index.php\/2022\/11\/14\/se-inauguro-la-plaza-hereos-y-heroinas-de-malvinas-de-francisco-alvarez\/\" \/>\n<meta property=\"og:locale\" content=\"es_ES\" \/>\n<meta property=\"og:type\" content=\"article\" \/>\n<meta property=\"og:title\" content=\"Se inaugur\u00f3 la plaza \u201cH\u00e9reos Y Hero\u00ednas de Malvinas\u201d de Francisco \u00c1lvarez - InfoPBA247\" \/>\n<meta property=\"og:description\" content=\"En el D\u00eda de la Tradici\u00f3n, el Municipio de Moreno inaugur\u00f3 la plaza \u201cH\u00e9roes y Hero\u00ednas de Malvinas\u201d, ubicada en\" \/>\n<meta property=\"og:url\" content=\"https:\/\/infopba247.com.ar\/index.php\/2022\/11\/14\/se-inauguro-la-plaza-hereos-y-heroinas-de-malvinas-de-francisco-alvarez\/\" \/>\n<meta property=\"og:site_name\" content=\"InfoPBA247\" \/>\n<meta property=\"article:publisher\" content=\"https:\/\/www.facebook.com\/InfoPBA\" \/>\n<meta property=\"article:published_time\" content=\"2022-11-14T14:04:00+00:00\" \/>\n<meta property=\"article:modified_time\" content=\"2022-12-02T14:05:26+00:00\" \/>\n<meta property=\"og:image\" content=\"https:\/\/infopba247.com.ar\/wp-content\/uploads\/2022\/12\/04-800x445-1.jpeg\" \/>\n\t<meta property=\"og:image:width\" content=\"800\" \/>\n\t<meta property=\"og:image:height\" content=\"445\" \/>\n\t<meta property=\"og:image:type\" content=\"image\/jpeg\" \/>\n<meta name=\"author\" content=\"Editor\" \/>\n<meta name=\"twitter:card\" content=\"summary_large_image\" \/>\n<meta name=\"twitter:label1\" content=\"Escrito por\" \/>\n\t<meta name=\"twitter:data1\" content=\"Editor\" \/>\n\t<meta name=\"twitter:label2\" content=\"Tiempo de lectura\" \/>\n\t<meta name=\"twitter:data2\" content=\"2 minutos\" \/>\n<script type=\"application\/ld+json\" class=\"yoast-schema-graph\">{\"@context\":\"https:\\\/\\\/schema.org\",\"@graph\":[{\"@type\":\"Article\",\"@id\":\"https:\\\/\\\/infopba247.com.ar\\\/index.php\\\/2022\\\/11\\\/14\\\/se-inauguro-la-plaza-hereos-y-heroinas-de-malvinas-de-francisco-alvarez\\\/#article\",\"isPartOf\":{\"@id\":\"https:\\\/\\\/infopba247.com.ar\\\/index.php\\\/2022\\\/11\\\/14\\\/se-inauguro-la-plaza-hereos-y-heroinas-de-malvinas-de-francisco-alvarez\\\/\"},\"author\":{\"name\":\"Editor\",\"@id\":\"https:\\\/\\\/infopba247.com.ar\\\/#\\\/schema\\\/person\\\/4975f1343a413e57bf839b3eed0099f2\"},\"headline\":\"Se inaugur\u00f3 la plaza \u201cH\u00e9reos Y Hero\u00ednas de Malvinas\u201d de Francisco \u00c1lvarez\",\"datePublished\":\"2022-11-14T14:04:00+00:00\",\"dateModified\":\"2022-12-02T14:05:26+00:00\",\"mainEntityOfPage\":{\"@id\":\"https:\\\/\\\/infopba247.com.ar\\\/index.php\\\/2022\\\/11\\\/14\\\/se-inauguro-la-plaza-hereos-y-heroinas-de-malvinas-de-francisco-alvarez\\\/\"},\"wordCount\":349,\"publisher\":{\"@id\":\"https:\\\/\\\/infopba247.com.ar\\\/#organization\"},\"image\":{\"@id\":\"https:\\\/\\\/infopba247.com.ar\\\/index.php\\\/2022\\\/11\\\/14\\\/se-inauguro-la-plaza-hereos-y-heroinas-de-malvinas-de-francisco-alvarez\\\/#primaryimage\"},\"thumbnailUrl\":\"https:\\\/\\\/infopba247.com.ar\\\/wp-content\\\/uploads\\\/2022\\\/12\\\/04-800x445-1.jpeg\",\"articleSection\":[\"1ra Secci\u00f3n\"],\"inLanguage\":\"es\"},{\"@type\":\"WebPage\",\"@id\":\"https:\\\/\\\/infopba247.com.ar\\\/index.php\\\/2022\\\/11\\\/14\\\/se-inauguro-la-plaza-hereos-y-heroinas-de-malvinas-de-francisco-alvarez\\\/\",\"url\":\"https:\\\/\\\/infopba247.com.ar\\\/index.php\\\/2022\\\/11\\\/14\\\/se-inauguro-la-plaza-hereos-y-heroinas-de-malvinas-de-francisco-alvarez\\\/\",\"name\":\"Se inaugur\u00f3 la plaza \u201cH\u00e9reos Y Hero\u00ednas de Malvinas\u201d de Francisco \u00c1lvarez - InfoPBA247\",\"isPartOf\":{\"@id\":\"https:\\\/\\\/infopba247.com.ar\\\/#website\"},\"primaryImageOfPage\":{\"@id\":\"https:\\\/\\\/infopba247.com.ar\\\/index.php\\\/2022\\\/11\\\/14\\\/se-inauguro-la-plaza-hereos-y-heroinas-de-malvinas-de-francisco-alvarez\\\/#primaryimage\"},\"image\":{\"@id\":\"https:\\\/\\\/infopba247.com.ar\\\/index.php\\\/2022\\\/11\\\/14\\\/se-inauguro-la-plaza-hereos-y-heroinas-de-malvinas-de-francisco-alvarez\\\/#primaryimage\"},\"thumbnailUrl\":\"https:\\\/\\\/infopba247.com.ar\\\/wp-content\\\/uploads\\\/2022\\\/12\\\/04-800x445-1.jpeg\",\"datePublished\":\"2022-11-14T14:04:00+00:00\",\"dateModified\":\"2022-12-02T14:05:26+00:00\",\"breadcrumb\":{\"@id\":\"https:\\\/\\\/infopba247.com.ar\\\/index.php\\\/2022\\\/11\\\/14\\\/se-inauguro-la-plaza-hereos-y-heroinas-de-malvinas-de-francisco-alvarez\\\/#breadcrumb\"},\"inLanguage\":\"es\",\"potentialAction\":[{\"@type\":\"ReadAction\",\"target\":[\"https:\\\/\\\/infopba247.com.ar\\\/index.php\\\/2022\\\/11\\\/14\\\/se-inauguro-la-plaza-hereos-y-heroinas-de-malvinas-de-francisco-alvarez\\\/\"]}]},{\"@type\":\"ImageObject\",\"inLanguage\":\"es\",\"@id\":\"https:\\\/\\\/infopba247.com.ar\\\/index.php\\\/2022\\\/11\\\/14\\\/se-inauguro-la-plaza-hereos-y-heroinas-de-malvinas-de-francisco-alvarez\\\/#primaryimage\",\"url\":\"https:\\\/\\\/infopba247.com.ar\\\/wp-content\\\/uploads\\\/2022\\\/12\\\/04-800x445-1.jpeg\",\"contentUrl\":\"https:\\\/\\\/infopba247.com.ar\\\/wp-content\\\/uploads\\\/2022\\\/12\\\/04-800x445-1.jpeg\",\"width\":800,\"height\":445},{\"@type\":\"BreadcrumbList\",\"@id\":\"https:\\\/\\\/infopba247.com.ar\\\/index.php\\\/2022\\\/11\\\/14\\\/se-inauguro-la-plaza-hereos-y-heroinas-de-malvinas-de-francisco-alvarez\\\/#breadcrumb\",\"itemListElement\":[{\"@type\":\"ListItem\",\"position\":1,\"name\":\"Portada\",\"item\":\"https:\\\/\\\/infopba247.com.ar\\\/\"},{\"@type\":\"ListItem\",\"position\":2,\"name\":\"Se inaugur\u00f3 la plaza \u201cH\u00e9reos Y Hero\u00ednas de Malvinas\u201d de Francisco \u00c1lvarez\"}]},{\"@type\":\"WebSite\",\"@id\":\"https:\\\/\\\/infopba247.com.ar\\\/#website\",\"url\":\"https:\\\/\\\/infopba247.com.ar\\\/\",\"name\":\"InfoPBA247\",\"description\":\"Toda la actualidad bonaerense\",\"publisher\":{\"@id\":\"https:\\\/\\\/infopba247.com.ar\\\/#organization\"},\"potentialAction\":[{\"@type\":\"SearchAction\",\"target\":{\"@type\":\"EntryPoint\",\"urlTemplate\":\"https:\\\/\\\/infopba247.com.ar\\\/?s={search_term_string}\"},\"query-input\":{\"@type\":\"PropertyValueSpecification\",\"valueRequired\":true,\"valueName\":\"search_term_string\"}}],\"inLanguage\":\"es\"},{\"@type\":\"Organization\",\"@id\":\"https:\\\/\\\/infopba247.com.ar\\\/#organization\",\"name\":\"InfoPBA247\",\"url\":\"https:\\\/\\\/infopba247.com.ar\\\/\",\"logo\":{\"@type\":\"ImageObject\",\"inLanguage\":\"es\",\"@id\":\"https:\\\/\\\/infopba247.com.ar\\\/#\\\/schema\\\/logo\\\/image\\\/\",\"url\":\"https:\\\/\\\/infopba247.com.ar\\\/wp-content\\\/uploads\\\/2022\\\/03\\\/cropped-InfoPBA247-1.png\",\"contentUrl\":\"https:\\\/\\\/infopba247.com.ar\\\/wp-content\\\/uploads\\\/2022\\\/03\\\/cropped-InfoPBA247-1.png\",\"width\":500,\"height\":122,\"caption\":\"InfoPBA247\"},\"image\":{\"@id\":\"https:\\\/\\\/infopba247.com.ar\\\/#\\\/schema\\\/logo\\\/image\\\/\"},\"sameAs\":[\"https:\\\/\\\/www.facebook.com\\\/InfoPBA\"]},{\"@type\":\"Person\",\"@id\":\"https:\\\/\\\/infopba247.com.ar\\\/#\\\/schema\\\/person\\\/4975f1343a413e57bf839b3eed0099f2\",\"name\":\"Editor\",\"image\":{\"@type\":\"ImageObject\",\"inLanguage\":\"es\",\"@id\":\"https:\\\/\\\/secure.gravatar.com\\\/avatar\\\/d27fe9520667ca53441d36627a1d6b0fa4a813571ec4803687a7a3a7744685ac?s=96&d=mm&r=g\",\"url\":\"https:\\\/\\\/secure.gravatar.com\\\/avatar\\\/d27fe9520667ca53441d36627a1d6b0fa4a813571ec4803687a7a3a7744685ac?s=96&d=mm&r=g\",\"contentUrl\":\"https:\\\/\\\/secure.gravatar.com\\\/avatar\\\/d27fe9520667ca53441d36627a1d6b0fa4a813571ec4803687a7a3a7744685ac?s=96&d=mm&r=g\",\"caption\":\"Editor\"},\"url\":\"https:\\\/\\\/infopba247.com.ar\\\/index.php\\\/author\\\/editor\\\/\"}]}<\/script>\n<!-- \/ Yoast SEO plugin. -->","yoast_head_json":{"title":"Se inaugur\u00f3 la plaza \u201cH\u00e9reos Y Hero\u00ednas de Malvinas\u201d de Francisco \u00c1lvarez - InfoPBA247","robots":{"index":"index","follow":"follow","max-snippet":"max-snippet:-1","max-image-preview":"max-image-preview:large","max-video-preview":"max-video-preview:-1"},"canonical":"https:\/\/infopba247.com.ar\/index.php\/2022\/11\/14\/se-inauguro-la-plaza-hereos-y-heroinas-de-malvinas-de-francisco-alvarez\/","og_locale":"es_ES","og_type":"article","og_title":"Se inaugur\u00f3 la plaza \u201cH\u00e9reos Y Hero\u00ednas de Malvinas\u201d de Francisco \u00c1lvarez - InfoPBA247","og_description":"En el D\u00eda de la Tradici\u00f3n, el Municipio de Moreno inaugur\u00f3 la plaza \u201cH\u00e9roes y Hero\u00ednas de Malvinas\u201d, ubicada en","og_url":"https:\/\/infopba247.com.ar\/index.php\/2022\/11\/14\/se-inauguro-la-plaza-hereos-y-heroinas-de-malvinas-de-francisco-alvarez\/","og_site_name":"InfoPBA247","article_publisher":"https:\/\/www.facebook.com\/InfoPBA","article_published_time":"2022-11-14T14:04:00+00:00","article_modified_time":"2022-12-02T14:05:26+00:00","og_image":[{"width":800,"height":445,"url":"https:\/\/infopba247.com.ar\/wp-content\/uploads\/2022\/12\/04-800x445-1.jpeg","type":"image\/jpeg"}],"author":"Editor","twitter_card":"summary_large_image","twitter_misc":{"Escrito por":"Editor","Tiempo de lectura":"2 minutos"},"schema":{"@context":"https:\/\/schema.org","@graph":[{"@type":"Article","@id":"https:\/\/infopba247.com.ar\/index.php\/2022\/11\/14\/se-inauguro-la-plaza-hereos-y-heroinas-de-malvinas-de-francisco-alvarez\/#article","isPartOf":{"@id":"https:\/\/infopba247.com.ar\/index.php\/2022\/11\/14\/se-inauguro-la-plaza-hereos-y-heroinas-de-malvinas-de-francisco-alvarez\/"},"author":{"name":"Editor","@id":"https:\/\/infopba247.com.ar\/#\/schema\/person\/4975f1343a413e57bf839b3eed0099f2"},"headline":"Se inaugur\u00f3 la plaza \u201cH\u00e9reos Y Hero\u00ednas de Malvinas\u201d de Francisco \u00c1lvarez","datePublished":"2022-11-14T14:04:00+00:00","dateModified":"2022-12-02T14:05:26+00:00","mainEntityOfPage":{"@id":"https:\/\/infopba247.com.ar\/index.php\/2022\/11\/14\/se-inauguro-la-plaza-hereos-y-heroinas-de-malvinas-de-francisco-alvarez\/"},"wordCount":349,"publisher":{"@id":"https:\/\/infopba247.com.ar\/#organization"},"image":{"@id":"https:\/\/infopba247.com.ar\/index.php\/2022\/11\/14\/se-inauguro-la-plaza-hereos-y-heroinas-de-malvinas-de-francisco-alvarez\/#primaryimage"},"thumbnailUrl":"https:\/\/infopba247.com.ar\/wp-content\/uploads\/2022\/12\/04-800x445-1.jpeg","articleSection":["1ra Secci\u00f3n"],"inLanguage":"es"},{"@type":"WebPage","@id":"https:\/\/infopba247.com.ar\/index.php\/2022\/11\/14\/se-inauguro-la-plaza-hereos-y-heroinas-de-malvinas-de-francisco-alvarez\/","url":"https:\/\/infopba247.com.ar\/index.php\/2022\/11\/14\/se-inauguro-la-plaza-hereos-y-heroinas-de-malvinas-de-francisco-alvarez\/","name":"Se inaugur\u00f3 la plaza \u201cH\u00e9reos Y Hero\u00ednas de Malvinas\u201d de Francisco \u00c1lvarez - InfoPBA247","isPartOf":{"@id":"https:\/\/infopba247.com.ar\/#website"},"primaryImageOfPage":{"@id":"https:\/\/infopba247.com.ar\/index.php\/2022\/11\/14\/se-inauguro-la-plaza-hereos-y-heroinas-de-malvinas-de-francisco-alvarez\/#primaryimage"},"image":{"@id":"https:\/\/infopba247.com.ar\/index.php\/2022\/11\/14\/se-inauguro-la-plaza-hereos-y-heroinas-de-malvinas-de-francisco-alvarez\/#primaryimage"},"thumbnailUrl":"https:\/\/infopba247.com.ar\/wp-content\/uploads\/2022\/12\/04-800x445-1.jpeg","datePublished":"2022-11-14T14:04:00+00:00","dateModified":"2022-12-02T14:05:26+00:00","breadcrumb":{"@id":"https:\/\/infopba247.com.ar\/index.php\/2022\/11\/14\/se-inauguro-la-plaza-hereos-y-heroinas-de-malvinas-de-francisco-alvarez\/#breadcrumb"},"inLanguage":"es","potentialAction":[{"@type":"ReadAction","target":["https:\/\/infopba247.com.ar\/index.php\/2022\/11\/14\/se-inauguro-la-plaza-hereos-y-heroinas-de-malvinas-de-francisco-alvarez\/"]}]},{"@type":"ImageObject","inLanguage":"es","@id":"https:\/\/infopba247.com.ar\/index.php\/2022\/11\/14\/se-inauguro-la-plaza-hereos-y-heroinas-de-malvinas-de-francisco-alvarez\/#primaryimage","url":"https:\/\/infopba247.com.ar\/wp-content\/uploads\/2022\/12\/04-800x445-1.jpeg","contentUrl":"https:\/\/infopba247.com.ar\/wp-content\/uploads\/2022\/12\/04-800x445-1.jpeg","width":800,"height":445},{"@type":"BreadcrumbList","@id":"https:\/\/infopba247.com.ar\/index.php\/2022\/11\/14\/se-inauguro-la-plaza-hereos-y-heroinas-de-malvinas-de-francisco-alvarez\/#breadcrumb","itemListElement":[{"@type":"ListItem","position":1,"name":"Portada","item":"https:\/\/infopba247.com.ar\/"},{"@type":"ListItem","position":2,"name":"Se inaugur\u00f3 la plaza \u201cH\u00e9reos Y Hero\u00ednas de Malvinas\u201d de Francisco \u00c1lvarez"}]},{"@type":"WebSite","@id":"https:\/\/infopba247.com.ar\/#website","url":"https:\/\/infopba247.com.ar\/","name":"InfoPBA247","description":"Toda la actualidad bonaerense","publisher":{"@id":"https:\/\/infopba247.com.ar\/#organization"},"potentialAction":[{"@type":"SearchAction","target":{"@type":"EntryPoint","urlTemplate":"https:\/\/infopba247.com.ar\/?s={search_term_string}"},"query-input":{"@type":"PropertyValueSpecification","valueRequired":true,"valueName":"search_term_string"}}],"inLanguage":"es"},{"@type":"Organization","@id":"https:\/\/infopba247.com.ar\/#organization","name":"InfoPBA247","url":"https:\/\/infopba247.com.ar\/","logo":{"@type":"ImageObject","inLanguage":"es","@id":"https:\/\/infopba247.com.ar\/#\/schema\/logo\/image\/","url":"https:\/\/infopba247.com.ar\/wp-content\/uploads\/2022\/03\/cropped-InfoPBA247-1.png","contentUrl":"https:\/\/infopba247.com.ar\/wp-content\/uploads\/2022\/03\/cropped-InfoPBA247-1.png","width":500,"height":122,"caption":"InfoPBA247"},"image":{"@id":"https:\/\/infopba247.com.ar\/#\/schema\/logo\/image\/"},"sameAs":["https:\/\/www.facebook.com\/InfoPBA"]},{"@type":"Person","@id":"https:\/\/infopba247.com.ar\/#\/schema\/person\/4975f1343a413e57bf839b3eed0099f2","name":"Editor","image":{"@type":"ImageObject","inLanguage":"es","@id":"https:\/\/secure.gravatar.com\/avatar\/d27fe9520667ca53441d36627a1d6b0fa4a813571ec4803687a7a3a7744685ac?s=96&d=mm&r=g","url":"https:\/\/secure.gravatar.com\/avatar\/d27fe9520667ca53441d36627a1d6b0fa4a813571ec4803687a7a3a7744685ac?s=96&d=mm&r=g","contentUrl":"https:\/\/secure.gravatar.com\/avatar\/d27fe9520667ca53441d36627a1d6b0fa4a813571ec4803687a7a3a7744685ac?s=96&d=mm&r=g","caption":"Editor"},"url":"https:\/\/infopba247.com.ar\/index.php\/author\/editor\/"}]}},"_links":{"self":[{"href":"https:\/\/infopba247.com.ar\/index.php\/wp-json\/wp\/v2\/posts\/958","targetHints":{"allow":["GET"]}}],"collection":[{"href":"https:\/\/infopba247.com.ar\/index.php\/wp-json\/wp\/v2\/posts"}],"about":[{"href":"https:\/\/infopba247.com.ar\/index.php\/wp-json\/wp\/v2\/types\/post"}],"author":[{"embeddable":true,"href":"https:\/\/infopba247.com.ar\/index.php\/wp-json\/wp\/v2\/users\/3"}],"replies":[{"embeddable":true,"href":"https:\/\/infopba247.com.ar\/index.php\/wp-json\/wp\/v2\/comments?post=958"}],"version-history":[{"count":1,"href":"https:\/\/infopba247.com.ar\/index.php\/wp-json\/wp\/v2\/posts\/958\/revisions"}],"predecessor-version":[{"id":960,"href":"https:\/\/infopba247.com.ar\/index.php\/wp-json\/wp\/v2\/posts\/958\/revisions\/960"}],"wp:featuredmedia":[{"embeddable":true,"href":"https:\/\/infopba247.com.ar\/index.php\/wp-json\/wp\/v2\/media\/959"}],"wp:attachment":[{"href":"https:\/\/infopba247.com.ar\/index.php\/wp-json\/wp\/v2\/media?parent=958"}],"wp:term":[{"taxonomy":"category","embeddable":true,"href":"https:\/\/infopba247.com.ar\/index.php\/wp-json\/wp\/v2\/categories?post=958"},{"taxonomy":"post_tag","embeddable":true,"href":"https:\/\/infopba247.com.ar\/index.php\/wp-json\/wp\/v2\/tags?post=958"}],"curies":[{"name":"wp","href":"https:\/\/api.w.org\/{rel}","templated":true}]}}