{"id":9537,"date":"2026-04-30T15:06:04","date_gmt":"2026-04-30T18:06:04","guid":{"rendered":"https:\/\/infopba247.com.ar\/?p=9537"},"modified":"2026-04-30T15:06:06","modified_gmt":"2026-04-30T18:06:06","slug":"discapacidad-la-provincia-realizo-la-primera-asamblea-anual-de-coprodis","status":"publish","type":"post","link":"https:\/\/infopba247.com.ar\/index.php\/2026\/04\/30\/discapacidad-la-provincia-realizo-la-primera-asamblea-anual-de-coprodis\/","title":{"rendered":"Discapacidad: La Provincia realiz\u00f3 la primera asamblea anual de Coprodis"},"content":{"rendered":"\n<p>En el marco de las diversas pol\u00edticas de inclusi\u00f3n que impulsa el gobierno de la Provincia de Buenos Aires, el Ministerio de Desarrollo de la Comunidad, a cargo de Andr\u00e9s Larroque, llev\u00f3 adelante la primera asamblea ordinaria del a\u00f1o del Consejo Provincial para Personas con Discapacidad (COPRODIS).<\/p>\n\n\n\n<p>El espacio, que funciona bajo la \u00f3rbita de la Subsecretar\u00eda de Pol\u00edticas Sociales, est\u00e1 integrado por distintos organismos gubernamentales y organizaciones de la sociedad civil, y constituye una instancia clave para la articulaci\u00f3n de pol\u00edticas p\u00fablicas destinadas a la promoci\u00f3n y protecci\u00f3n de derechos.<\/p>\n\n\n\n<p>La jornada, desarrollada en la sede ministerial, fue encabezada por la subsecretaria de Pol\u00edticas Sociales, Bernarda Meglia, junto a la directora provincial de Pol\u00edticas de Cuidado, Ayel\u00e9n Pino, y al director de Promoci\u00f3n de Derechos para las Personas con Discapacidad, Ra\u00fal Lucero. Adem\u00e1s, particip\u00f3 Ian Moche, una de las voces j\u00f3venes m\u00e1s visibles en la defensa de los derechos de las personas con discapacidad, que integr\u00f3 el panel por el D\u00eda Mundial del Autismo junto a Ana Rodr\u00edguez y Roc\u00edo Figueras.<\/p>\n\n\n\n<p>En ese marco, Meglia destac\u00f3 que \u201ca contracara de lo que hace Milei, en la Provincia la prioridad es seguir fortaleciendo y acompa\u00f1ando los espacios de encuentro comunitario y de capacitaci\u00f3n, que garantizan que los bonaerenses m\u00e1s vulnerables puedan progresar y vivir con dignidad\u201d. \u201cFrente a un gobierno nacional que se desliga de sus responsabilidades y asfixia financieramente a las provincias, por mandato de nuestro gobernador Axel Kicillof, en el Estado bonaerense por el contrario entendemos que la lucha colectiva sirve\u201d, cerr\u00f3.<\/p>\n\n\n\n<p>Durante la jornada tambi\u00e9n se presentaron los informes de Presidencia y las propuestas de trabajo de las comisiones que integran el Consejo. El objetivo de estos encuentros que seguir\u00e1n desarroll\u00e1ndose a lo largo del a\u00f1o es mejorar la accesibilidad e inclusi\u00f3n, contribuir a la inserci\u00f3n laboral, y dar respuesta a las demandas de las personas con discapacidad.<\/p>\n\n\n\n<p>El COPRODIS es un espacio de articulaci\u00f3n y coordinaci\u00f3n con los distintos organismos interministeriales y organizaciones civiles involucrados en el desarrollo de pol\u00edticas intersectoriales, orientadas a la promoci\u00f3n y protecci\u00f3n de los derechos de las personas con discapacidad.<\/p>\n","protected":false},"excerpt":{"rendered":"<p>En el marco de las diversas pol\u00edticas de inclusi\u00f3n que impulsa el gobierno de la Provincia de Buenos Aires, el<\/p>\n","protected":false},"author":3,"featured_media":9536,"comment_status":"open","ping_status":"open","sticky":false,"template":"","format":"standard","meta":{"colormag_page_container_layout":"default_layout","colormag_page_sidebar_layout":"default_layout","footnotes":""},"categories":[1,14],"tags":[],"class_list":["post-9537","post","type-post","status-publish","format-standard","has-post-thumbnail","hentry","category-destacadas","category-politica"],"yoast_head":"<!-- This site is optimized with the Yoast SEO plugin v27.5 - https:\/\/yoast.com\/product\/yoast-seo-wordpress\/ -->\n<title>Discapacidad: La Provincia realiz\u00f3 la primera asamblea anual de Coprodis - InfoPBA247<\/title>\n<meta name=\"robots\" content=\"index, follow, max-snippet:-1, max-image-preview:large, max-video-preview:-1\" \/>\n<link rel=\"canonical\" href=\"https:\/\/infopba247.com.ar\/index.php\/2026\/04\/30\/discapacidad-la-provincia-realizo-la-primera-asamblea-anual-de-coprodis\/\" \/>\n<meta property=\"og:locale\" content=\"es_ES\" \/>\n<meta property=\"og:type\" content=\"article\" \/>\n<meta property=\"og:title\" content=\"Discapacidad: La Provincia realiz\u00f3 la primera asamblea anual de Coprodis - InfoPBA247\" \/>\n<meta property=\"og:description\" content=\"En el marco de las diversas pol\u00edticas de inclusi\u00f3n que impulsa el gobierno de la Provincia de Buenos Aires, el\" \/>\n<meta property=\"og:url\" content=\"https:\/\/infopba247.com.ar\/index.php\/2026\/04\/30\/discapacidad-la-provincia-realizo-la-primera-asamblea-anual-de-coprodis\/\" \/>\n<meta property=\"og:site_name\" content=\"InfoPBA247\" \/>\n<meta property=\"article:publisher\" content=\"https:\/\/www.facebook.com\/InfoPBA\" \/>\n<meta property=\"article:published_time\" content=\"2026-04-30T18:06:04+00:00\" \/>\n<meta property=\"article:modified_time\" content=\"2026-04-30T18:06:06+00:00\" \/>\n<meta property=\"og:image\" content=\"https:\/\/infopba247.com.ar\/wp-content\/uploads\/2026\/04\/unnamed-2026-04-30T144121.114.jpg\" \/>\n\t<meta property=\"og:image:width\" content=\"960\" \/>\n\t<meta property=\"og:image:height\" content=\"639\" \/>\n\t<meta property=\"og:image:type\" content=\"image\/jpeg\" \/>\n<meta name=\"author\" content=\"Editor\" \/>\n<meta name=\"twitter:card\" content=\"summary_large_image\" \/>\n<meta name=\"twitter:label1\" content=\"Escrito por\" \/>\n\t<meta name=\"twitter:data1\" content=\"Editor\" \/>\n\t<meta name=\"twitter:label2\" content=\"Tiempo de lectura\" \/>\n\t<meta name=\"twitter:data2\" content=\"2 minutos\" \/>\n<script type=\"application\/ld+json\" class=\"yoast-schema-graph\">{\"@context\":\"https:\\\/\\\/schema.org\",\"@graph\":[{\"@type\":\"Article\",\"@id\":\"https:\\\/\\\/infopba247.com.ar\\\/index.php\\\/2026\\\/04\\\/30\\\/discapacidad-la-provincia-realizo-la-primera-asamblea-anual-de-coprodis\\\/#article\",\"isPartOf\":{\"@id\":\"https:\\\/\\\/infopba247.com.ar\\\/index.php\\\/2026\\\/04\\\/30\\\/discapacidad-la-provincia-realizo-la-primera-asamblea-anual-de-coprodis\\\/\"},\"author\":{\"name\":\"Editor\",\"@id\":\"https:\\\/\\\/infopba247.com.ar\\\/#\\\/schema\\\/person\\\/4975f1343a413e57bf839b3eed0099f2\"},\"headline\":\"Discapacidad: La Provincia realiz\u00f3 la primera asamblea anual de Coprodis\",\"datePublished\":\"2026-04-30T18:06:04+00:00\",\"dateModified\":\"2026-04-30T18:06:06+00:00\",\"mainEntityOfPage\":{\"@id\":\"https:\\\/\\\/infopba247.com.ar\\\/index.php\\\/2026\\\/04\\\/30\\\/discapacidad-la-provincia-realizo-la-primera-asamblea-anual-de-coprodis\\\/\"},\"wordCount\":395,\"commentCount\":0,\"publisher\":{\"@id\":\"https:\\\/\\\/infopba247.com.ar\\\/#organization\"},\"image\":{\"@id\":\"https:\\\/\\\/infopba247.com.ar\\\/index.php\\\/2026\\\/04\\\/30\\\/discapacidad-la-provincia-realizo-la-primera-asamblea-anual-de-coprodis\\\/#primaryimage\"},\"thumbnailUrl\":\"https:\\\/\\\/infopba247.com.ar\\\/wp-content\\\/uploads\\\/2026\\\/04\\\/unnamed-2026-04-30T144121.114.jpg\",\"articleSection\":[\"Destacadas\",\"Pol\u00edtica\"],\"inLanguage\":\"es\",\"potentialAction\":[{\"@type\":\"CommentAction\",\"name\":\"Comment\",\"target\":[\"https:\\\/\\\/infopba247.com.ar\\\/index.php\\\/2026\\\/04\\\/30\\\/discapacidad-la-provincia-realizo-la-primera-asamblea-anual-de-coprodis\\\/#respond\"]}]},{\"@type\":\"WebPage\",\"@id\":\"https:\\\/\\\/infopba247.com.ar\\\/index.php\\\/2026\\\/04\\\/30\\\/discapacidad-la-provincia-realizo-la-primera-asamblea-anual-de-coprodis\\\/\",\"url\":\"https:\\\/\\\/infopba247.com.ar\\\/index.php\\\/2026\\\/04\\\/30\\\/discapacidad-la-provincia-realizo-la-primera-asamblea-anual-de-coprodis\\\/\",\"name\":\"Discapacidad: La Provincia realiz\u00f3 la primera asamblea anual de Coprodis - InfoPBA247\",\"isPartOf\":{\"@id\":\"https:\\\/\\\/infopba247.com.ar\\\/#website\"},\"primaryImageOfPage\":{\"@id\":\"https:\\\/\\\/infopba247.com.ar\\\/index.php\\\/2026\\\/04\\\/30\\\/discapacidad-la-provincia-realizo-la-primera-asamblea-anual-de-coprodis\\\/#primaryimage\"},\"image\":{\"@id\":\"https:\\\/\\\/infopba247.com.ar\\\/index.php\\\/2026\\\/04\\\/30\\\/discapacidad-la-provincia-realizo-la-primera-asamblea-anual-de-coprodis\\\/#primaryimage\"},\"thumbnailUrl\":\"https:\\\/\\\/infopba247.com.ar\\\/wp-content\\\/uploads\\\/2026\\\/04\\\/unnamed-2026-04-30T144121.114.jpg\",\"datePublished\":\"2026-04-30T18:06:04+00:00\",\"dateModified\":\"2026-04-30T18:06:06+00:00\",\"breadcrumb\":{\"@id\":\"https:\\\/\\\/infopba247.com.ar\\\/index.php\\\/2026\\\/04\\\/30\\\/discapacidad-la-provincia-realizo-la-primera-asamblea-anual-de-coprodis\\\/#breadcrumb\"},\"inLanguage\":\"es\",\"potentialAction\":[{\"@type\":\"ReadAction\",\"target\":[\"https:\\\/\\\/infopba247.com.ar\\\/index.php\\\/2026\\\/04\\\/30\\\/discapacidad-la-provincia-realizo-la-primera-asamblea-anual-de-coprodis\\\/\"]}]},{\"@type\":\"ImageObject\",\"inLanguage\":\"es\",\"@id\":\"https:\\\/\\\/infopba247.com.ar\\\/index.php\\\/2026\\\/04\\\/30\\\/discapacidad-la-provincia-realizo-la-primera-asamblea-anual-de-coprodis\\\/#primaryimage\",\"url\":\"https:\\\/\\\/infopba247.com.ar\\\/wp-content\\\/uploads\\\/2026\\\/04\\\/unnamed-2026-04-30T144121.114.jpg\",\"contentUrl\":\"https:\\\/\\\/infopba247.com.ar\\\/wp-content\\\/uploads\\\/2026\\\/04\\\/unnamed-2026-04-30T144121.114.jpg\",\"width\":960,\"height\":639},{\"@type\":\"BreadcrumbList\",\"@id\":\"https:\\\/\\\/infopba247.com.ar\\\/index.php\\\/2026\\\/04\\\/30\\\/discapacidad-la-provincia-realizo-la-primera-asamblea-anual-de-coprodis\\\/#breadcrumb\",\"itemListElement\":[{\"@type\":\"ListItem\",\"position\":1,\"name\":\"Portada\",\"item\":\"https:\\\/\\\/infopba247.com.ar\\\/\"},{\"@type\":\"ListItem\",\"position\":2,\"name\":\"Discapacidad: La Provincia realiz\u00f3 la primera asamblea anual de Coprodis\"}]},{\"@type\":\"WebSite\",\"@id\":\"https:\\\/\\\/infopba247.com.ar\\\/#website\",\"url\":\"https:\\\/\\\/infopba247.com.ar\\\/\",\"name\":\"InfoPBA247\",\"description\":\"Toda la actualidad bonaerense\",\"publisher\":{\"@id\":\"https:\\\/\\\/infopba247.com.ar\\\/#organization\"},\"potentialAction\":[{\"@type\":\"SearchAction\",\"target\":{\"@type\":\"EntryPoint\",\"urlTemplate\":\"https:\\\/\\\/infopba247.com.ar\\\/?s={search_term_string}\"},\"query-input\":{\"@type\":\"PropertyValueSpecification\",\"valueRequired\":true,\"valueName\":\"search_term_string\"}}],\"inLanguage\":\"es\"},{\"@type\":\"Organization\",\"@id\":\"https:\\\/\\\/infopba247.com.ar\\\/#organization\",\"name\":\"InfoPBA247\",\"url\":\"https:\\\/\\\/infopba247.com.ar\\\/\",\"logo\":{\"@type\":\"ImageObject\",\"inLanguage\":\"es\",\"@id\":\"https:\\\/\\\/infopba247.com.ar\\\/#\\\/schema\\\/logo\\\/image\\\/\",\"url\":\"https:\\\/\\\/infopba247.com.ar\\\/wp-content\\\/uploads\\\/2022\\\/03\\\/cropped-InfoPBA247-1.png\",\"contentUrl\":\"https:\\\/\\\/infopba247.com.ar\\\/wp-content\\\/uploads\\\/2022\\\/03\\\/cropped-InfoPBA247-1.png\",\"width\":500,\"height\":122,\"caption\":\"InfoPBA247\"},\"image\":{\"@id\":\"https:\\\/\\\/infopba247.com.ar\\\/#\\\/schema\\\/logo\\\/image\\\/\"},\"sameAs\":[\"https:\\\/\\\/www.facebook.com\\\/InfoPBA\"]},{\"@type\":\"Person\",\"@id\":\"https:\\\/\\\/infopba247.com.ar\\\/#\\\/schema\\\/person\\\/4975f1343a413e57bf839b3eed0099f2\",\"name\":\"Editor\",\"image\":{\"@type\":\"ImageObject\",\"inLanguage\":\"es\",\"@id\":\"https:\\\/\\\/secure.gravatar.com\\\/avatar\\\/d27fe9520667ca53441d36627a1d6b0fa4a813571ec4803687a7a3a7744685ac?s=96&d=mm&r=g\",\"url\":\"https:\\\/\\\/secure.gravatar.com\\\/avatar\\\/d27fe9520667ca53441d36627a1d6b0fa4a813571ec4803687a7a3a7744685ac?s=96&d=mm&r=g\",\"contentUrl\":\"https:\\\/\\\/secure.gravatar.com\\\/avatar\\\/d27fe9520667ca53441d36627a1d6b0fa4a813571ec4803687a7a3a7744685ac?s=96&d=mm&r=g\",\"caption\":\"Editor\"},\"url\":\"https:\\\/\\\/infopba247.com.ar\\\/index.php\\\/author\\\/editor\\\/\"}]}<\/script>\n<!-- \/ Yoast SEO plugin. -->","yoast_head_json":{"title":"Discapacidad: La Provincia realiz\u00f3 la primera asamblea anual de Coprodis - InfoPBA247","robots":{"index":"index","follow":"follow","max-snippet":"max-snippet:-1","max-image-preview":"max-image-preview:large","max-video-preview":"max-video-preview:-1"},"canonical":"https:\/\/infopba247.com.ar\/index.php\/2026\/04\/30\/discapacidad-la-provincia-realizo-la-primera-asamblea-anual-de-coprodis\/","og_locale":"es_ES","og_type":"article","og_title":"Discapacidad: La Provincia realiz\u00f3 la primera asamblea anual de Coprodis - InfoPBA247","og_description":"En el marco de las diversas pol\u00edticas de inclusi\u00f3n que impulsa el gobierno de la Provincia de Buenos Aires, el","og_url":"https:\/\/infopba247.com.ar\/index.php\/2026\/04\/30\/discapacidad-la-provincia-realizo-la-primera-asamblea-anual-de-coprodis\/","og_site_name":"InfoPBA247","article_publisher":"https:\/\/www.facebook.com\/InfoPBA","article_published_time":"2026-04-30T18:06:04+00:00","article_modified_time":"2026-04-30T18:06:06+00:00","og_image":[{"width":960,"height":639,"url":"https:\/\/infopba247.com.ar\/wp-content\/uploads\/2026\/04\/unnamed-2026-04-30T144121.114.jpg","type":"image\/jpeg"}],"author":"Editor","twitter_card":"summary_large_image","twitter_misc":{"Escrito por":"Editor","Tiempo de lectura":"2 minutos"},"schema":{"@context":"https:\/\/schema.org","@graph":[{"@type":"Article","@id":"https:\/\/infopba247.com.ar\/index.php\/2026\/04\/30\/discapacidad-la-provincia-realizo-la-primera-asamblea-anual-de-coprodis\/#article","isPartOf":{"@id":"https:\/\/infopba247.com.ar\/index.php\/2026\/04\/30\/discapacidad-la-provincia-realizo-la-primera-asamblea-anual-de-coprodis\/"},"author":{"name":"Editor","@id":"https:\/\/infopba247.com.ar\/#\/schema\/person\/4975f1343a413e57bf839b3eed0099f2"},"headline":"Discapacidad: La Provincia realiz\u00f3 la primera asamblea anual de Coprodis","datePublished":"2026-04-30T18:06:04+00:00","dateModified":"2026-04-30T18:06:06+00:00","mainEntityOfPage":{"@id":"https:\/\/infopba247.com.ar\/index.php\/2026\/04\/30\/discapacidad-la-provincia-realizo-la-primera-asamblea-anual-de-coprodis\/"},"wordCount":395,"commentCount":0,"publisher":{"@id":"https:\/\/infopba247.com.ar\/#organization"},"image":{"@id":"https:\/\/infopba247.com.ar\/index.php\/2026\/04\/30\/discapacidad-la-provincia-realizo-la-primera-asamblea-anual-de-coprodis\/#primaryimage"},"thumbnailUrl":"https:\/\/infopba247.com.ar\/wp-content\/uploads\/2026\/04\/unnamed-2026-04-30T144121.114.jpg","articleSection":["Destacadas","Pol\u00edtica"],"inLanguage":"es","potentialAction":[{"@type":"CommentAction","name":"Comment","target":["https:\/\/infopba247.com.ar\/index.php\/2026\/04\/30\/discapacidad-la-provincia-realizo-la-primera-asamblea-anual-de-coprodis\/#respond"]}]},{"@type":"WebPage","@id":"https:\/\/infopba247.com.ar\/index.php\/2026\/04\/30\/discapacidad-la-provincia-realizo-la-primera-asamblea-anual-de-coprodis\/","url":"https:\/\/infopba247.com.ar\/index.php\/2026\/04\/30\/discapacidad-la-provincia-realizo-la-primera-asamblea-anual-de-coprodis\/","name":"Discapacidad: La Provincia realiz\u00f3 la primera asamblea anual de Coprodis - InfoPBA247","isPartOf":{"@id":"https:\/\/infopba247.com.ar\/#website"},"primaryImageOfPage":{"@id":"https:\/\/infopba247.com.ar\/index.php\/2026\/04\/30\/discapacidad-la-provincia-realizo-la-primera-asamblea-anual-de-coprodis\/#primaryimage"},"image":{"@id":"https:\/\/infopba247.com.ar\/index.php\/2026\/04\/30\/discapacidad-la-provincia-realizo-la-primera-asamblea-anual-de-coprodis\/#primaryimage"},"thumbnailUrl":"https:\/\/infopba247.com.ar\/wp-content\/uploads\/2026\/04\/unnamed-2026-04-30T144121.114.jpg","datePublished":"2026-04-30T18:06:04+00:00","dateModified":"2026-04-30T18:06:06+00:00","breadcrumb":{"@id":"https:\/\/infopba247.com.ar\/index.php\/2026\/04\/30\/discapacidad-la-provincia-realizo-la-primera-asamblea-anual-de-coprodis\/#breadcrumb"},"inLanguage":"es","potentialAction":[{"@type":"ReadAction","target":["https:\/\/infopba247.com.ar\/index.php\/2026\/04\/30\/discapacidad-la-provincia-realizo-la-primera-asamblea-anual-de-coprodis\/"]}]},{"@type":"ImageObject","inLanguage":"es","@id":"https:\/\/infopba247.com.ar\/index.php\/2026\/04\/30\/discapacidad-la-provincia-realizo-la-primera-asamblea-anual-de-coprodis\/#primaryimage","url":"https:\/\/infopba247.com.ar\/wp-content\/uploads\/2026\/04\/unnamed-2026-04-30T144121.114.jpg","contentUrl":"https:\/\/infopba247.com.ar\/wp-content\/uploads\/2026\/04\/unnamed-2026-04-30T144121.114.jpg","width":960,"height":639},{"@type":"BreadcrumbList","@id":"https:\/\/infopba247.com.ar\/index.php\/2026\/04\/30\/discapacidad-la-provincia-realizo-la-primera-asamblea-anual-de-coprodis\/#breadcrumb","itemListElement":[{"@type":"ListItem","position":1,"name":"Portada","item":"https:\/\/infopba247.com.ar\/"},{"@type":"ListItem","position":2,"name":"Discapacidad: La Provincia realiz\u00f3 la primera asamblea anual de Coprodis"}]},{"@type":"WebSite","@id":"https:\/\/infopba247.com.ar\/#website","url":"https:\/\/infopba247.com.ar\/","name":"InfoPBA247","description":"Toda la actualidad bonaerense","publisher":{"@id":"https:\/\/infopba247.com.ar\/#organization"},"potentialAction":[{"@type":"SearchAction","target":{"@type":"EntryPoint","urlTemplate":"https:\/\/infopba247.com.ar\/?s={search_term_string}"},"query-input":{"@type":"PropertyValueSpecification","valueRequired":true,"valueName":"search_term_string"}}],"inLanguage":"es"},{"@type":"Organization","@id":"https:\/\/infopba247.com.ar\/#organization","name":"InfoPBA247","url":"https:\/\/infopba247.com.ar\/","logo":{"@type":"ImageObject","inLanguage":"es","@id":"https:\/\/infopba247.com.ar\/#\/schema\/logo\/image\/","url":"https:\/\/infopba247.com.ar\/wp-content\/uploads\/2022\/03\/cropped-InfoPBA247-1.png","contentUrl":"https:\/\/infopba247.com.ar\/wp-content\/uploads\/2022\/03\/cropped-InfoPBA247-1.png","width":500,"height":122,"caption":"InfoPBA247"},"image":{"@id":"https:\/\/infopba247.com.ar\/#\/schema\/logo\/image\/"},"sameAs":["https:\/\/www.facebook.com\/InfoPBA"]},{"@type":"Person","@id":"https:\/\/infopba247.com.ar\/#\/schema\/person\/4975f1343a413e57bf839b3eed0099f2","name":"Editor","image":{"@type":"ImageObject","inLanguage":"es","@id":"https:\/\/secure.gravatar.com\/avatar\/d27fe9520667ca53441d36627a1d6b0fa4a813571ec4803687a7a3a7744685ac?s=96&d=mm&r=g","url":"https:\/\/secure.gravatar.com\/avatar\/d27fe9520667ca53441d36627a1d6b0fa4a813571ec4803687a7a3a7744685ac?s=96&d=mm&r=g","contentUrl":"https:\/\/secure.gravatar.com\/avatar\/d27fe9520667ca53441d36627a1d6b0fa4a813571ec4803687a7a3a7744685ac?s=96&d=mm&r=g","caption":"Editor"},"url":"https:\/\/infopba247.com.ar\/index.php\/author\/editor\/"}]}},"_links":{"self":[{"href":"https:\/\/infopba247.com.ar\/index.php\/wp-json\/wp\/v2\/posts\/9537","targetHints":{"allow":["GET"]}}],"collection":[{"href":"https:\/\/infopba247.com.ar\/index.php\/wp-json\/wp\/v2\/posts"}],"about":[{"href":"https:\/\/infopba247.com.ar\/index.php\/wp-json\/wp\/v2\/types\/post"}],"author":[{"embeddable":true,"href":"https:\/\/infopba247.com.ar\/index.php\/wp-json\/wp\/v2\/users\/3"}],"replies":[{"embeddable":true,"href":"https:\/\/infopba247.com.ar\/index.php\/wp-json\/wp\/v2\/comments?post=9537"}],"version-history":[{"count":1,"href":"https:\/\/infopba247.com.ar\/index.php\/wp-json\/wp\/v2\/posts\/9537\/revisions"}],"predecessor-version":[{"id":9538,"href":"https:\/\/infopba247.com.ar\/index.php\/wp-json\/wp\/v2\/posts\/9537\/revisions\/9538"}],"wp:featuredmedia":[{"embeddable":true,"href":"https:\/\/infopba247.com.ar\/index.php\/wp-json\/wp\/v2\/media\/9536"}],"wp:attachment":[{"href":"https:\/\/infopba247.com.ar\/index.php\/wp-json\/wp\/v2\/media?parent=9537"}],"wp:term":[{"taxonomy":"category","embeddable":true,"href":"https:\/\/infopba247.com.ar\/index.php\/wp-json\/wp\/v2\/categories?post=9537"},{"taxonomy":"post_tag","embeddable":true,"href":"https:\/\/infopba247.com.ar\/index.php\/wp-json\/wp\/v2\/tags?post=9537"}],"curies":[{"name":"wp","href":"https:\/\/api.w.org\/{rel}","templated":true}]}}