{"id":9529,"date":"2026-04-29T14:28:14","date_gmt":"2026-04-29T17:28:14","guid":{"rendered":"https:\/\/infopba247.com.ar\/?p=9529"},"modified":"2026-04-29T14:28:15","modified_gmt":"2026-04-29T17:28:15","slug":"mariel-fernandez-visito-experiencias-productivas-y-comunitarias-en-san-vicente","status":"publish","type":"post","link":"https:\/\/infopba247.com.ar\/index.php\/2026\/04\/29\/mariel-fernandez-visito-experiencias-productivas-y-comunitarias-en-san-vicente\/","title":{"rendered":"Mariel Fern\u00e1ndez visit\u00f3 experiencias productivas y comunitarias en San Vicente"},"content":{"rendered":"\n<p>La intendenta de Moreno mantuvo un encuentro con su par Nicol\u00e1s Mantegazza, recorri\u00f3 el barrio Papa Francisco, el espacio comunitario \u201cEl Recreo\u201d y el Almac\u00e9n de Campo y Patio Gastron\u00f3mico de la Cooperativa de Trabajadores Rurales (CTR)<\/p>\n\n\n\n<p>La intendenta de Moreno, Mariel Fern\u00e1ndez llev\u00f3 adelante una recorrida por el partido de San Vicente con una agenda que combin\u00f3 encuentro institucional, visita a proyectos de acceso a la tierra y a iniciativas productivas y comunitarias.<\/p>\n\n\n\n<p>La jornada comenz\u00f3 con un encuentro con el intendente Nicol\u00e1s Mantegazza, en el municipio, donde dialogaron sobre la realidad actual de los distritos y los desaf\u00edos de la gesti\u00f3n en el contexto socioecon\u00f3mico actual. En ese marco, la intendenta destac\u00f3 la importancia de pensar pol\u00edticas p\u00fablicas con una mirada integral y se\u00f1al\u00f3 que \u201cpara la construcci\u00f3n de una propuesta de Gobierno en la provincia, es fundamental pensarla en su integridad, diversidad y apoyarnos en las experiencias comunitarias\u201d.<\/p>\n\n\n\n<p>Luego, invitada por el jefe comunal, Fern\u00e1ndez visit\u00f3 el barrio Papa Francisco, uno de los desarrollos urban\u00edsticos m\u00e1s importantes del distrito. Se trata de un barrio cerrado de administraci\u00f3n municipal, una modalidad poco frecuente que permite al Estado local ordenar el crecimiento, planificar el desarrollo urbano y garantizar infraestructura. El proyecto representa adem\u00e1s el mayor desarrollo de lotes con servicios de gesti\u00f3n p\u00fablica de la provincia de Buenos Aires, con 720 familias que acceden a su terreno propio, en una pol\u00edtica orientada a brindar respuestas concretas al acceso a la tierra.<\/p>\n\n\n\n<p>La agenda continu\u00f3 con la recorrida por el espacio comunitario y productivo \u201cEl Recreo\u201d, ubicado en el barrio Parque Ib\u00e1\u00f1ez, donde tambi\u00e9n particip\u00f3 el intendente local. All\u00ed se desarrollan diversas actividades como carpinter\u00eda en melamina y, en conjunto con una empresa de internet, se brinda el servicio de instalaci\u00f3n domiciliaria para garantizar conexi\u00f3n a las familias de la zona. Adem\u00e1s, se realizan pr\u00e1cticas deportivas abiertas a la comunidad como boxeo y king boxing.<\/p>\n\n\n\n<p>Durante la visita, la jefa comunal puso en valor el rol de las organizaciones territoriales y afirm\u00f3 que \u201ccada organizaci\u00f3n en el barrio y cada lugar de encuentro es valioso en la gesta que tenemos que construir para volver a tener un proyecto nacional y popular\u201d.<\/p>\n\n\n\n<p>El \u00faltimo punto de la recorrida fue el Almac\u00e9n de Campo y Patio Gastron\u00f3mico de la Cooperativa de Trabajadores Rurales (CTR), un espacio de comercializaci\u00f3n y encuentro abierto a la comunidad. La CTR es una organizaci\u00f3n con m\u00e1s de 20 a\u00f1os de trayectoria, centrada en la producci\u00f3n agroecol\u00f3gica y la soberan\u00eda alimentaria. Desde ese trabajo, produce y comercializa de manera directa frutas, verduras, productos de tambo, fideos, legumbres y conservas, promoviendo el acceso a alimentos frescos y de calidad.<\/p>\n\n\n\n<p>Asimismo, Mariel Fern\u00e1ndez recorri\u00f3 los espacios y comparti\u00f3 un encuentro con trabajadores, trabajadoras, vecinos y vecinas de la zona, interioriz\u00e1ndose en cada una de las experiencias. Al cierre de la recorrida, agradeci\u00f3 el recibimiento y reafirm\u00f3 la importancia del trabajo territorial al se\u00f1alar que \u201cpor eso salimos a caminar, a escuchar y a construir juntos. Gracias a Nicol\u00e1s, y a cada vecina y vecino de San Vicente por el recibimiento\u201d.<\/p>\n","protected":false},"excerpt":{"rendered":"<p>La intendenta de Moreno mantuvo un encuentro con su par Nicol\u00e1s Mantegazza, recorri\u00f3 el barrio Papa Francisco, el espacio comunitario<\/p>\n","protected":false},"author":3,"featured_media":9524,"comment_status":"open","ping_status":"open","sticky":false,"template":"","format":"standard","meta":{"colormag_page_container_layout":"default_layout","colormag_page_sidebar_layout":"default_layout","footnotes":""},"categories":[5,1,14],"tags":[],"class_list":["post-9529","post","type-post","status-publish","format-standard","has-post-thumbnail","hentry","category-1ra-seccion","category-destacadas","category-politica"],"yoast_head":"<!-- This site is optimized with the Yoast SEO plugin v27.5 - https:\/\/yoast.com\/product\/yoast-seo-wordpress\/ -->\n<title>Mariel Fern\u00e1ndez visit\u00f3 experiencias productivas y comunitarias en San Vicente - InfoPBA247<\/title>\n<meta name=\"robots\" content=\"index, follow, max-snippet:-1, max-image-preview:large, max-video-preview:-1\" \/>\n<link rel=\"canonical\" href=\"https:\/\/infopba247.com.ar\/index.php\/2026\/04\/29\/mariel-fernandez-visito-experiencias-productivas-y-comunitarias-en-san-vicente\/\" \/>\n<meta property=\"og:locale\" content=\"es_ES\" \/>\n<meta property=\"og:type\" content=\"article\" \/>\n<meta property=\"og:title\" content=\"Mariel Fern\u00e1ndez visit\u00f3 experiencias productivas y comunitarias en San Vicente - InfoPBA247\" \/>\n<meta property=\"og:description\" content=\"La intendenta de Moreno mantuvo un encuentro con su par Nicol\u00e1s Mantegazza, recorri\u00f3 el barrio Papa Francisco, el espacio comunitario\" \/>\n<meta property=\"og:url\" content=\"https:\/\/infopba247.com.ar\/index.php\/2026\/04\/29\/mariel-fernandez-visito-experiencias-productivas-y-comunitarias-en-san-vicente\/\" \/>\n<meta property=\"og:site_name\" content=\"InfoPBA247\" \/>\n<meta property=\"article:publisher\" content=\"https:\/\/www.facebook.com\/InfoPBA\" \/>\n<meta property=\"article:published_time\" content=\"2026-04-29T17:28:14+00:00\" \/>\n<meta property=\"article:modified_time\" content=\"2026-04-29T17:28:15+00:00\" \/>\n<meta property=\"og:image\" content=\"https:\/\/infopba247.com.ar\/wp-content\/uploads\/2026\/04\/Recorrida-Barrio-Papa-Francisco--scaled.jpg\" \/>\n\t<meta property=\"og:image:width\" content=\"2560\" \/>\n\t<meta property=\"og:image:height\" content=\"1708\" \/>\n\t<meta property=\"og:image:type\" content=\"image\/jpeg\" \/>\n<meta name=\"author\" content=\"Editor\" \/>\n<meta name=\"twitter:card\" content=\"summary_large_image\" \/>\n<meta name=\"twitter:label1\" content=\"Escrito por\" \/>\n\t<meta name=\"twitter:data1\" content=\"Editor\" \/>\n\t<meta name=\"twitter:label2\" content=\"Tiempo de lectura\" \/>\n\t<meta name=\"twitter:data2\" content=\"3 minutos\" \/>\n<script type=\"application\/ld+json\" class=\"yoast-schema-graph\">{\"@context\":\"https:\\\/\\\/schema.org\",\"@graph\":[{\"@type\":\"Article\",\"@id\":\"https:\\\/\\\/infopba247.com.ar\\\/index.php\\\/2026\\\/04\\\/29\\\/mariel-fernandez-visito-experiencias-productivas-y-comunitarias-en-san-vicente\\\/#article\",\"isPartOf\":{\"@id\":\"https:\\\/\\\/infopba247.com.ar\\\/index.php\\\/2026\\\/04\\\/29\\\/mariel-fernandez-visito-experiencias-productivas-y-comunitarias-en-san-vicente\\\/\"},\"author\":{\"name\":\"Editor\",\"@id\":\"https:\\\/\\\/infopba247.com.ar\\\/#\\\/schema\\\/person\\\/4975f1343a413e57bf839b3eed0099f2\"},\"headline\":\"Mariel Fern\u00e1ndez visit\u00f3 experiencias productivas y comunitarias en San Vicente\",\"datePublished\":\"2026-04-29T17:28:14+00:00\",\"dateModified\":\"2026-04-29T17:28:15+00:00\",\"mainEntityOfPage\":{\"@id\":\"https:\\\/\\\/infopba247.com.ar\\\/index.php\\\/2026\\\/04\\\/29\\\/mariel-fernandez-visito-experiencias-productivas-y-comunitarias-en-san-vicente\\\/\"},\"wordCount\":560,\"commentCount\":0,\"publisher\":{\"@id\":\"https:\\\/\\\/infopba247.com.ar\\\/#organization\"},\"image\":{\"@id\":\"https:\\\/\\\/infopba247.com.ar\\\/index.php\\\/2026\\\/04\\\/29\\\/mariel-fernandez-visito-experiencias-productivas-y-comunitarias-en-san-vicente\\\/#primaryimage\"},\"thumbnailUrl\":\"https:\\\/\\\/infopba247.com.ar\\\/wp-content\\\/uploads\\\/2026\\\/04\\\/Recorrida-Barrio-Papa-Francisco--scaled.jpg\",\"articleSection\":[\"1ra Secci\u00f3n\",\"Destacadas\",\"Pol\u00edtica\"],\"inLanguage\":\"es\",\"potentialAction\":[{\"@type\":\"CommentAction\",\"name\":\"Comment\",\"target\":[\"https:\\\/\\\/infopba247.com.ar\\\/index.php\\\/2026\\\/04\\\/29\\\/mariel-fernandez-visito-experiencias-productivas-y-comunitarias-en-san-vicente\\\/#respond\"]}]},{\"@type\":\"WebPage\",\"@id\":\"https:\\\/\\\/infopba247.com.ar\\\/index.php\\\/2026\\\/04\\\/29\\\/mariel-fernandez-visito-experiencias-productivas-y-comunitarias-en-san-vicente\\\/\",\"url\":\"https:\\\/\\\/infopba247.com.ar\\\/index.php\\\/2026\\\/04\\\/29\\\/mariel-fernandez-visito-experiencias-productivas-y-comunitarias-en-san-vicente\\\/\",\"name\":\"Mariel Fern\u00e1ndez visit\u00f3 experiencias productivas y comunitarias en San Vicente - InfoPBA247\",\"isPartOf\":{\"@id\":\"https:\\\/\\\/infopba247.com.ar\\\/#website\"},\"primaryImageOfPage\":{\"@id\":\"https:\\\/\\\/infopba247.com.ar\\\/index.php\\\/2026\\\/04\\\/29\\\/mariel-fernandez-visito-experiencias-productivas-y-comunitarias-en-san-vicente\\\/#primaryimage\"},\"image\":{\"@id\":\"https:\\\/\\\/infopba247.com.ar\\\/index.php\\\/2026\\\/04\\\/29\\\/mariel-fernandez-visito-experiencias-productivas-y-comunitarias-en-san-vicente\\\/#primaryimage\"},\"thumbnailUrl\":\"https:\\\/\\\/infopba247.com.ar\\\/wp-content\\\/uploads\\\/2026\\\/04\\\/Recorrida-Barrio-Papa-Francisco--scaled.jpg\",\"datePublished\":\"2026-04-29T17:28:14+00:00\",\"dateModified\":\"2026-04-29T17:28:15+00:00\",\"breadcrumb\":{\"@id\":\"https:\\\/\\\/infopba247.com.ar\\\/index.php\\\/2026\\\/04\\\/29\\\/mariel-fernandez-visito-experiencias-productivas-y-comunitarias-en-san-vicente\\\/#breadcrumb\"},\"inLanguage\":\"es\",\"potentialAction\":[{\"@type\":\"ReadAction\",\"target\":[\"https:\\\/\\\/infopba247.com.ar\\\/index.php\\\/2026\\\/04\\\/29\\\/mariel-fernandez-visito-experiencias-productivas-y-comunitarias-en-san-vicente\\\/\"]}]},{\"@type\":\"ImageObject\",\"inLanguage\":\"es\",\"@id\":\"https:\\\/\\\/infopba247.com.ar\\\/index.php\\\/2026\\\/04\\\/29\\\/mariel-fernandez-visito-experiencias-productivas-y-comunitarias-en-san-vicente\\\/#primaryimage\",\"url\":\"https:\\\/\\\/infopba247.com.ar\\\/wp-content\\\/uploads\\\/2026\\\/04\\\/Recorrida-Barrio-Papa-Francisco--scaled.jpg\",\"contentUrl\":\"https:\\\/\\\/infopba247.com.ar\\\/wp-content\\\/uploads\\\/2026\\\/04\\\/Recorrida-Barrio-Papa-Francisco--scaled.jpg\",\"width\":2560,\"height\":1708},{\"@type\":\"BreadcrumbList\",\"@id\":\"https:\\\/\\\/infopba247.com.ar\\\/index.php\\\/2026\\\/04\\\/29\\\/mariel-fernandez-visito-experiencias-productivas-y-comunitarias-en-san-vicente\\\/#breadcrumb\",\"itemListElement\":[{\"@type\":\"ListItem\",\"position\":1,\"name\":\"Portada\",\"item\":\"https:\\\/\\\/infopba247.com.ar\\\/\"},{\"@type\":\"ListItem\",\"position\":2,\"name\":\"Mariel Fern\u00e1ndez visit\u00f3 experiencias productivas y comunitarias en San Vicente\"}]},{\"@type\":\"WebSite\",\"@id\":\"https:\\\/\\\/infopba247.com.ar\\\/#website\",\"url\":\"https:\\\/\\\/infopba247.com.ar\\\/\",\"name\":\"InfoPBA247\",\"description\":\"Toda la actualidad bonaerense\",\"publisher\":{\"@id\":\"https:\\\/\\\/infopba247.com.ar\\\/#organization\"},\"potentialAction\":[{\"@type\":\"SearchAction\",\"target\":{\"@type\":\"EntryPoint\",\"urlTemplate\":\"https:\\\/\\\/infopba247.com.ar\\\/?s={search_term_string}\"},\"query-input\":{\"@type\":\"PropertyValueSpecification\",\"valueRequired\":true,\"valueName\":\"search_term_string\"}}],\"inLanguage\":\"es\"},{\"@type\":\"Organization\",\"@id\":\"https:\\\/\\\/infopba247.com.ar\\\/#organization\",\"name\":\"InfoPBA247\",\"url\":\"https:\\\/\\\/infopba247.com.ar\\\/\",\"logo\":{\"@type\":\"ImageObject\",\"inLanguage\":\"es\",\"@id\":\"https:\\\/\\\/infopba247.com.ar\\\/#\\\/schema\\\/logo\\\/image\\\/\",\"url\":\"https:\\\/\\\/infopba247.com.ar\\\/wp-content\\\/uploads\\\/2022\\\/03\\\/cropped-InfoPBA247-1.png\",\"contentUrl\":\"https:\\\/\\\/infopba247.com.ar\\\/wp-content\\\/uploads\\\/2022\\\/03\\\/cropped-InfoPBA247-1.png\",\"width\":500,\"height\":122,\"caption\":\"InfoPBA247\"},\"image\":{\"@id\":\"https:\\\/\\\/infopba247.com.ar\\\/#\\\/schema\\\/logo\\\/image\\\/\"},\"sameAs\":[\"https:\\\/\\\/www.facebook.com\\\/InfoPBA\"]},{\"@type\":\"Person\",\"@id\":\"https:\\\/\\\/infopba247.com.ar\\\/#\\\/schema\\\/person\\\/4975f1343a413e57bf839b3eed0099f2\",\"name\":\"Editor\",\"image\":{\"@type\":\"ImageObject\",\"inLanguage\":\"es\",\"@id\":\"https:\\\/\\\/secure.gravatar.com\\\/avatar\\\/d27fe9520667ca53441d36627a1d6b0fa4a813571ec4803687a7a3a7744685ac?s=96&d=mm&r=g\",\"url\":\"https:\\\/\\\/secure.gravatar.com\\\/avatar\\\/d27fe9520667ca53441d36627a1d6b0fa4a813571ec4803687a7a3a7744685ac?s=96&d=mm&r=g\",\"contentUrl\":\"https:\\\/\\\/secure.gravatar.com\\\/avatar\\\/d27fe9520667ca53441d36627a1d6b0fa4a813571ec4803687a7a3a7744685ac?s=96&d=mm&r=g\",\"caption\":\"Editor\"},\"url\":\"https:\\\/\\\/infopba247.com.ar\\\/index.php\\\/author\\\/editor\\\/\"}]}<\/script>\n<!-- \/ Yoast SEO plugin. -->","yoast_head_json":{"title":"Mariel Fern\u00e1ndez visit\u00f3 experiencias productivas y comunitarias en San Vicente - InfoPBA247","robots":{"index":"index","follow":"follow","max-snippet":"max-snippet:-1","max-image-preview":"max-image-preview:large","max-video-preview":"max-video-preview:-1"},"canonical":"https:\/\/infopba247.com.ar\/index.php\/2026\/04\/29\/mariel-fernandez-visito-experiencias-productivas-y-comunitarias-en-san-vicente\/","og_locale":"es_ES","og_type":"article","og_title":"Mariel Fern\u00e1ndez visit\u00f3 experiencias productivas y comunitarias en San Vicente - InfoPBA247","og_description":"La intendenta de Moreno mantuvo un encuentro con su par Nicol\u00e1s Mantegazza, recorri\u00f3 el barrio Papa Francisco, el espacio comunitario","og_url":"https:\/\/infopba247.com.ar\/index.php\/2026\/04\/29\/mariel-fernandez-visito-experiencias-productivas-y-comunitarias-en-san-vicente\/","og_site_name":"InfoPBA247","article_publisher":"https:\/\/www.facebook.com\/InfoPBA","article_published_time":"2026-04-29T17:28:14+00:00","article_modified_time":"2026-04-29T17:28:15+00:00","og_image":[{"width":2560,"height":1708,"url":"https:\/\/infopba247.com.ar\/wp-content\/uploads\/2026\/04\/Recorrida-Barrio-Papa-Francisco--scaled.jpg","type":"image\/jpeg"}],"author":"Editor","twitter_card":"summary_large_image","twitter_misc":{"Escrito por":"Editor","Tiempo de lectura":"3 minutos"},"schema":{"@context":"https:\/\/schema.org","@graph":[{"@type":"Article","@id":"https:\/\/infopba247.com.ar\/index.php\/2026\/04\/29\/mariel-fernandez-visito-experiencias-productivas-y-comunitarias-en-san-vicente\/#article","isPartOf":{"@id":"https:\/\/infopba247.com.ar\/index.php\/2026\/04\/29\/mariel-fernandez-visito-experiencias-productivas-y-comunitarias-en-san-vicente\/"},"author":{"name":"Editor","@id":"https:\/\/infopba247.com.ar\/#\/schema\/person\/4975f1343a413e57bf839b3eed0099f2"},"headline":"Mariel Fern\u00e1ndez visit\u00f3 experiencias productivas y comunitarias en San Vicente","datePublished":"2026-04-29T17:28:14+00:00","dateModified":"2026-04-29T17:28:15+00:00","mainEntityOfPage":{"@id":"https:\/\/infopba247.com.ar\/index.php\/2026\/04\/29\/mariel-fernandez-visito-experiencias-productivas-y-comunitarias-en-san-vicente\/"},"wordCount":560,"commentCount":0,"publisher":{"@id":"https:\/\/infopba247.com.ar\/#organization"},"image":{"@id":"https:\/\/infopba247.com.ar\/index.php\/2026\/04\/29\/mariel-fernandez-visito-experiencias-productivas-y-comunitarias-en-san-vicente\/#primaryimage"},"thumbnailUrl":"https:\/\/infopba247.com.ar\/wp-content\/uploads\/2026\/04\/Recorrida-Barrio-Papa-Francisco--scaled.jpg","articleSection":["1ra Secci\u00f3n","Destacadas","Pol\u00edtica"],"inLanguage":"es","potentialAction":[{"@type":"CommentAction","name":"Comment","target":["https:\/\/infopba247.com.ar\/index.php\/2026\/04\/29\/mariel-fernandez-visito-experiencias-productivas-y-comunitarias-en-san-vicente\/#respond"]}]},{"@type":"WebPage","@id":"https:\/\/infopba247.com.ar\/index.php\/2026\/04\/29\/mariel-fernandez-visito-experiencias-productivas-y-comunitarias-en-san-vicente\/","url":"https:\/\/infopba247.com.ar\/index.php\/2026\/04\/29\/mariel-fernandez-visito-experiencias-productivas-y-comunitarias-en-san-vicente\/","name":"Mariel Fern\u00e1ndez visit\u00f3 experiencias productivas y comunitarias en San Vicente - InfoPBA247","isPartOf":{"@id":"https:\/\/infopba247.com.ar\/#website"},"primaryImageOfPage":{"@id":"https:\/\/infopba247.com.ar\/index.php\/2026\/04\/29\/mariel-fernandez-visito-experiencias-productivas-y-comunitarias-en-san-vicente\/#primaryimage"},"image":{"@id":"https:\/\/infopba247.com.ar\/index.php\/2026\/04\/29\/mariel-fernandez-visito-experiencias-productivas-y-comunitarias-en-san-vicente\/#primaryimage"},"thumbnailUrl":"https:\/\/infopba247.com.ar\/wp-content\/uploads\/2026\/04\/Recorrida-Barrio-Papa-Francisco--scaled.jpg","datePublished":"2026-04-29T17:28:14+00:00","dateModified":"2026-04-29T17:28:15+00:00","breadcrumb":{"@id":"https:\/\/infopba247.com.ar\/index.php\/2026\/04\/29\/mariel-fernandez-visito-experiencias-productivas-y-comunitarias-en-san-vicente\/#breadcrumb"},"inLanguage":"es","potentialAction":[{"@type":"ReadAction","target":["https:\/\/infopba247.com.ar\/index.php\/2026\/04\/29\/mariel-fernandez-visito-experiencias-productivas-y-comunitarias-en-san-vicente\/"]}]},{"@type":"ImageObject","inLanguage":"es","@id":"https:\/\/infopba247.com.ar\/index.php\/2026\/04\/29\/mariel-fernandez-visito-experiencias-productivas-y-comunitarias-en-san-vicente\/#primaryimage","url":"https:\/\/infopba247.com.ar\/wp-content\/uploads\/2026\/04\/Recorrida-Barrio-Papa-Francisco--scaled.jpg","contentUrl":"https:\/\/infopba247.com.ar\/wp-content\/uploads\/2026\/04\/Recorrida-Barrio-Papa-Francisco--scaled.jpg","width":2560,"height":1708},{"@type":"BreadcrumbList","@id":"https:\/\/infopba247.com.ar\/index.php\/2026\/04\/29\/mariel-fernandez-visito-experiencias-productivas-y-comunitarias-en-san-vicente\/#breadcrumb","itemListElement":[{"@type":"ListItem","position":1,"name":"Portada","item":"https:\/\/infopba247.com.ar\/"},{"@type":"ListItem","position":2,"name":"Mariel Fern\u00e1ndez visit\u00f3 experiencias productivas y comunitarias en San Vicente"}]},{"@type":"WebSite","@id":"https:\/\/infopba247.com.ar\/#website","url":"https:\/\/infopba247.com.ar\/","name":"InfoPBA247","description":"Toda la actualidad bonaerense","publisher":{"@id":"https:\/\/infopba247.com.ar\/#organization"},"potentialAction":[{"@type":"SearchAction","target":{"@type":"EntryPoint","urlTemplate":"https:\/\/infopba247.com.ar\/?s={search_term_string}"},"query-input":{"@type":"PropertyValueSpecification","valueRequired":true,"valueName":"search_term_string"}}],"inLanguage":"es"},{"@type":"Organization","@id":"https:\/\/infopba247.com.ar\/#organization","name":"InfoPBA247","url":"https:\/\/infopba247.com.ar\/","logo":{"@type":"ImageObject","inLanguage":"es","@id":"https:\/\/infopba247.com.ar\/#\/schema\/logo\/image\/","url":"https:\/\/infopba247.com.ar\/wp-content\/uploads\/2022\/03\/cropped-InfoPBA247-1.png","contentUrl":"https:\/\/infopba247.com.ar\/wp-content\/uploads\/2022\/03\/cropped-InfoPBA247-1.png","width":500,"height":122,"caption":"InfoPBA247"},"image":{"@id":"https:\/\/infopba247.com.ar\/#\/schema\/logo\/image\/"},"sameAs":["https:\/\/www.facebook.com\/InfoPBA"]},{"@type":"Person","@id":"https:\/\/infopba247.com.ar\/#\/schema\/person\/4975f1343a413e57bf839b3eed0099f2","name":"Editor","image":{"@type":"ImageObject","inLanguage":"es","@id":"https:\/\/secure.gravatar.com\/avatar\/d27fe9520667ca53441d36627a1d6b0fa4a813571ec4803687a7a3a7744685ac?s=96&d=mm&r=g","url":"https:\/\/secure.gravatar.com\/avatar\/d27fe9520667ca53441d36627a1d6b0fa4a813571ec4803687a7a3a7744685ac?s=96&d=mm&r=g","contentUrl":"https:\/\/secure.gravatar.com\/avatar\/d27fe9520667ca53441d36627a1d6b0fa4a813571ec4803687a7a3a7744685ac?s=96&d=mm&r=g","caption":"Editor"},"url":"https:\/\/infopba247.com.ar\/index.php\/author\/editor\/"}]}},"_links":{"self":[{"href":"https:\/\/infopba247.com.ar\/index.php\/wp-json\/wp\/v2\/posts\/9529","targetHints":{"allow":["GET"]}}],"collection":[{"href":"https:\/\/infopba247.com.ar\/index.php\/wp-json\/wp\/v2\/posts"}],"about":[{"href":"https:\/\/infopba247.com.ar\/index.php\/wp-json\/wp\/v2\/types\/post"}],"author":[{"embeddable":true,"href":"https:\/\/infopba247.com.ar\/index.php\/wp-json\/wp\/v2\/users\/3"}],"replies":[{"embeddable":true,"href":"https:\/\/infopba247.com.ar\/index.php\/wp-json\/wp\/v2\/comments?post=9529"}],"version-history":[{"count":1,"href":"https:\/\/infopba247.com.ar\/index.php\/wp-json\/wp\/v2\/posts\/9529\/revisions"}],"predecessor-version":[{"id":9530,"href":"https:\/\/infopba247.com.ar\/index.php\/wp-json\/wp\/v2\/posts\/9529\/revisions\/9530"}],"wp:featuredmedia":[{"embeddable":true,"href":"https:\/\/infopba247.com.ar\/index.php\/wp-json\/wp\/v2\/media\/9524"}],"wp:attachment":[{"href":"https:\/\/infopba247.com.ar\/index.php\/wp-json\/wp\/v2\/media?parent=9529"}],"wp:term":[{"taxonomy":"category","embeddable":true,"href":"https:\/\/infopba247.com.ar\/index.php\/wp-json\/wp\/v2\/categories?post=9529"},{"taxonomy":"post_tag","embeddable":true,"href":"https:\/\/infopba247.com.ar\/index.php\/wp-json\/wp\/v2\/tags?post=9529"}],"curies":[{"name":"wp","href":"https:\/\/api.w.org\/{rel}","templated":true}]}}