{"id":9498,"date":"2026-04-23T14:36:46","date_gmt":"2026-04-23T17:36:46","guid":{"rendered":"https:\/\/infopba247.com.ar\/?p=9498"},"modified":"2026-04-23T14:36:47","modified_gmt":"2026-04-23T17:36:47","slug":"la-secretaria-de-salud-de-moreno-gano-el-premio-kita-gorban","status":"publish","type":"post","link":"https:\/\/infopba247.com.ar\/index.php\/2026\/04\/23\/la-secretaria-de-salud-de-moreno-gano-el-premio-kita-gorban\/","title":{"rendered":"La Secretar\u00eda de Salud de Moreno gan\u00f3 el Premio \u201cKita Gorban\u201d"},"content":{"rendered":"\n<p>Un reconocimiento que pone en valor el trabajo comunitario territorial y del sistema sanitario local, con eje en el acceso y la prevenci\u00f3n<\/p>\n\n\n\n<p>En el Sal\u00f3n Latinoamericano del Municipio, la intendenta Mariel Fern\u00e1ndez recibi\u00f3 y celebr\u00f3 junto al secretario de Salud, Juan Varani, trabajadoras y trabajadores del \u00e1rea, la obtenci\u00f3n del Premio \u201cKita Gorban\u201d a la Promoci\u00f3n de Salud 2026 que otorga cada a\u00f1o el Congreso de Salud de la Provincia de Buenos Aires (CoSaPro) en reconocimiento a su labor cotidiana, firme y comunitaria.<\/p>\n\n\n\n<p>Los ejes abordados en esta edici\u00f3n realizada en la ciudad de Mar del Plata los d\u00edas 15, 16 y 17 de abril, se vincularon al primer nivel de atenci\u00f3n, la gesti\u00f3n de emergencias m\u00e9dicas, la atenci\u00f3n odontol\u00f3gica y la salud mental con especial foco en los consumos.<\/p>\n\n\n\n<p>En ese marco, el equipo local present\u00f3 sus experiencias desarrolladas en el Centro Odontol\u00f3gico Municipal, la Coordinaci\u00f3n General de Emergencias M\u00e9dicas, las distintas unidades sanitarias, as\u00ed como de los programas que integra y articula el distrito.<\/p>\n\n\n\n<p>El reconocimiento destaca el compromiso de las trabajadoras y trabajadores del \u00e1rea que a trav\u00e9s de su vocaci\u00f3n y sus propuestas contribuyeron a la construcci\u00f3n de pol\u00edticas p\u00fablicas orientadas al cuidado colectivo.<\/p>\n\n\n\n<p>Esta distinci\u00f3n pone en valor y consolida tanto las iniciativas como el impulso del Gobierno local en mejorar la calidad de la atenci\u00f3n, la promoci\u00f3n de la salud y la formaci\u00f3n de los equipos m\u00e9dicos para fortalecer un sistema sanitario cercano, accesible y con eje en el bienestar de toda la poblaci\u00f3n.<\/p>\n","protected":false},"excerpt":{"rendered":"<p>Un reconocimiento que pone en valor el trabajo comunitario territorial y del sistema sanitario local, con eje en el acceso<\/p>\n","protected":false},"author":3,"featured_media":9492,"comment_status":"open","ping_status":"open","sticky":false,"template":"","format":"standard","meta":{"colormag_page_container_layout":"default_layout","colormag_page_sidebar_layout":"default_layout","footnotes":""},"categories":[5,1,14],"tags":[],"class_list":["post-9498","post","type-post","status-publish","format-standard","has-post-thumbnail","hentry","category-1ra-seccion","category-destacadas","category-politica"],"yoast_head":"<!-- This site is optimized with the Yoast SEO plugin v27.5 - https:\/\/yoast.com\/product\/yoast-seo-wordpress\/ -->\n<title>La Secretar\u00eda de Salud de Moreno gan\u00f3 el Premio \u201cKita Gorban\u201d - InfoPBA247<\/title>\n<meta name=\"robots\" content=\"index, follow, max-snippet:-1, max-image-preview:large, max-video-preview:-1\" \/>\n<link rel=\"canonical\" href=\"https:\/\/infopba247.com.ar\/index.php\/2026\/04\/23\/la-secretaria-de-salud-de-moreno-gano-el-premio-kita-gorban\/\" \/>\n<meta property=\"og:locale\" content=\"es_ES\" \/>\n<meta property=\"og:type\" content=\"article\" \/>\n<meta property=\"og:title\" content=\"La Secretar\u00eda de Salud de Moreno gan\u00f3 el Premio \u201cKita Gorban\u201d - InfoPBA247\" \/>\n<meta property=\"og:description\" content=\"Un reconocimiento que pone en valor el trabajo comunitario territorial y del sistema sanitario local, con eje en el acceso\" \/>\n<meta property=\"og:url\" content=\"https:\/\/infopba247.com.ar\/index.php\/2026\/04\/23\/la-secretaria-de-salud-de-moreno-gano-el-premio-kita-gorban\/\" \/>\n<meta property=\"og:site_name\" content=\"InfoPBA247\" \/>\n<meta property=\"article:publisher\" content=\"https:\/\/www.facebook.com\/InfoPBA\" \/>\n<meta property=\"article:published_time\" content=\"2026-04-23T17:36:46+00:00\" \/>\n<meta property=\"article:modified_time\" content=\"2026-04-23T17:36:47+00:00\" \/>\n<meta property=\"og:image\" content=\"https:\/\/infopba247.com.ar\/wp-content\/uploads\/2026\/04\/2-4.jpg\" \/>\n\t<meta property=\"og:image:width\" content=\"1920\" \/>\n\t<meta property=\"og:image:height\" content=\"1080\" \/>\n\t<meta property=\"og:image:type\" content=\"image\/jpeg\" \/>\n<meta name=\"author\" content=\"Editor\" \/>\n<meta name=\"twitter:card\" content=\"summary_large_image\" \/>\n<meta name=\"twitter:label1\" content=\"Escrito por\" \/>\n\t<meta name=\"twitter:data1\" content=\"Editor\" \/>\n\t<meta name=\"twitter:label2\" content=\"Tiempo de lectura\" \/>\n\t<meta name=\"twitter:data2\" content=\"2 minutos\" \/>\n<script type=\"application\/ld+json\" class=\"yoast-schema-graph\">{\"@context\":\"https:\\\/\\\/schema.org\",\"@graph\":[{\"@type\":\"Article\",\"@id\":\"https:\\\/\\\/infopba247.com.ar\\\/index.php\\\/2026\\\/04\\\/23\\\/la-secretaria-de-salud-de-moreno-gano-el-premio-kita-gorban\\\/#article\",\"isPartOf\":{\"@id\":\"https:\\\/\\\/infopba247.com.ar\\\/index.php\\\/2026\\\/04\\\/23\\\/la-secretaria-de-salud-de-moreno-gano-el-premio-kita-gorban\\\/\"},\"author\":{\"name\":\"Editor\",\"@id\":\"https:\\\/\\\/infopba247.com.ar\\\/#\\\/schema\\\/person\\\/4975f1343a413e57bf839b3eed0099f2\"},\"headline\":\"La Secretar\u00eda de Salud de Moreno gan\u00f3 el Premio \u201cKita Gorban\u201d\",\"datePublished\":\"2026-04-23T17:36:46+00:00\",\"dateModified\":\"2026-04-23T17:36:47+00:00\",\"mainEntityOfPage\":{\"@id\":\"https:\\\/\\\/infopba247.com.ar\\\/index.php\\\/2026\\\/04\\\/23\\\/la-secretaria-de-salud-de-moreno-gano-el-premio-kita-gorban\\\/\"},\"wordCount\":286,\"commentCount\":0,\"publisher\":{\"@id\":\"https:\\\/\\\/infopba247.com.ar\\\/#organization\"},\"image\":{\"@id\":\"https:\\\/\\\/infopba247.com.ar\\\/index.php\\\/2026\\\/04\\\/23\\\/la-secretaria-de-salud-de-moreno-gano-el-premio-kita-gorban\\\/#primaryimage\"},\"thumbnailUrl\":\"https:\\\/\\\/infopba247.com.ar\\\/wp-content\\\/uploads\\\/2026\\\/04\\\/2-4.jpg\",\"articleSection\":[\"1ra Secci\u00f3n\",\"Destacadas\",\"Pol\u00edtica\"],\"inLanguage\":\"es\",\"potentialAction\":[{\"@type\":\"CommentAction\",\"name\":\"Comment\",\"target\":[\"https:\\\/\\\/infopba247.com.ar\\\/index.php\\\/2026\\\/04\\\/23\\\/la-secretaria-de-salud-de-moreno-gano-el-premio-kita-gorban\\\/#respond\"]}]},{\"@type\":\"WebPage\",\"@id\":\"https:\\\/\\\/infopba247.com.ar\\\/index.php\\\/2026\\\/04\\\/23\\\/la-secretaria-de-salud-de-moreno-gano-el-premio-kita-gorban\\\/\",\"url\":\"https:\\\/\\\/infopba247.com.ar\\\/index.php\\\/2026\\\/04\\\/23\\\/la-secretaria-de-salud-de-moreno-gano-el-premio-kita-gorban\\\/\",\"name\":\"La Secretar\u00eda de Salud de Moreno gan\u00f3 el Premio \u201cKita Gorban\u201d - InfoPBA247\",\"isPartOf\":{\"@id\":\"https:\\\/\\\/infopba247.com.ar\\\/#website\"},\"primaryImageOfPage\":{\"@id\":\"https:\\\/\\\/infopba247.com.ar\\\/index.php\\\/2026\\\/04\\\/23\\\/la-secretaria-de-salud-de-moreno-gano-el-premio-kita-gorban\\\/#primaryimage\"},\"image\":{\"@id\":\"https:\\\/\\\/infopba247.com.ar\\\/index.php\\\/2026\\\/04\\\/23\\\/la-secretaria-de-salud-de-moreno-gano-el-premio-kita-gorban\\\/#primaryimage\"},\"thumbnailUrl\":\"https:\\\/\\\/infopba247.com.ar\\\/wp-content\\\/uploads\\\/2026\\\/04\\\/2-4.jpg\",\"datePublished\":\"2026-04-23T17:36:46+00:00\",\"dateModified\":\"2026-04-23T17:36:47+00:00\",\"breadcrumb\":{\"@id\":\"https:\\\/\\\/infopba247.com.ar\\\/index.php\\\/2026\\\/04\\\/23\\\/la-secretaria-de-salud-de-moreno-gano-el-premio-kita-gorban\\\/#breadcrumb\"},\"inLanguage\":\"es\",\"potentialAction\":[{\"@type\":\"ReadAction\",\"target\":[\"https:\\\/\\\/infopba247.com.ar\\\/index.php\\\/2026\\\/04\\\/23\\\/la-secretaria-de-salud-de-moreno-gano-el-premio-kita-gorban\\\/\"]}]},{\"@type\":\"ImageObject\",\"inLanguage\":\"es\",\"@id\":\"https:\\\/\\\/infopba247.com.ar\\\/index.php\\\/2026\\\/04\\\/23\\\/la-secretaria-de-salud-de-moreno-gano-el-premio-kita-gorban\\\/#primaryimage\",\"url\":\"https:\\\/\\\/infopba247.com.ar\\\/wp-content\\\/uploads\\\/2026\\\/04\\\/2-4.jpg\",\"contentUrl\":\"https:\\\/\\\/infopba247.com.ar\\\/wp-content\\\/uploads\\\/2026\\\/04\\\/2-4.jpg\",\"width\":1920,\"height\":1080},{\"@type\":\"BreadcrumbList\",\"@id\":\"https:\\\/\\\/infopba247.com.ar\\\/index.php\\\/2026\\\/04\\\/23\\\/la-secretaria-de-salud-de-moreno-gano-el-premio-kita-gorban\\\/#breadcrumb\",\"itemListElement\":[{\"@type\":\"ListItem\",\"position\":1,\"name\":\"Portada\",\"item\":\"https:\\\/\\\/infopba247.com.ar\\\/\"},{\"@type\":\"ListItem\",\"position\":2,\"name\":\"La Secretar\u00eda de Salud de Moreno gan\u00f3 el Premio \u201cKita Gorban\u201d\"}]},{\"@type\":\"WebSite\",\"@id\":\"https:\\\/\\\/infopba247.com.ar\\\/#website\",\"url\":\"https:\\\/\\\/infopba247.com.ar\\\/\",\"name\":\"InfoPBA247\",\"description\":\"Toda la actualidad bonaerense\",\"publisher\":{\"@id\":\"https:\\\/\\\/infopba247.com.ar\\\/#organization\"},\"potentialAction\":[{\"@type\":\"SearchAction\",\"target\":{\"@type\":\"EntryPoint\",\"urlTemplate\":\"https:\\\/\\\/infopba247.com.ar\\\/?s={search_term_string}\"},\"query-input\":{\"@type\":\"PropertyValueSpecification\",\"valueRequired\":true,\"valueName\":\"search_term_string\"}}],\"inLanguage\":\"es\"},{\"@type\":\"Organization\",\"@id\":\"https:\\\/\\\/infopba247.com.ar\\\/#organization\",\"name\":\"InfoPBA247\",\"url\":\"https:\\\/\\\/infopba247.com.ar\\\/\",\"logo\":{\"@type\":\"ImageObject\",\"inLanguage\":\"es\",\"@id\":\"https:\\\/\\\/infopba247.com.ar\\\/#\\\/schema\\\/logo\\\/image\\\/\",\"url\":\"https:\\\/\\\/infopba247.com.ar\\\/wp-content\\\/uploads\\\/2022\\\/03\\\/cropped-InfoPBA247-1.png\",\"contentUrl\":\"https:\\\/\\\/infopba247.com.ar\\\/wp-content\\\/uploads\\\/2022\\\/03\\\/cropped-InfoPBA247-1.png\",\"width\":500,\"height\":122,\"caption\":\"InfoPBA247\"},\"image\":{\"@id\":\"https:\\\/\\\/infopba247.com.ar\\\/#\\\/schema\\\/logo\\\/image\\\/\"},\"sameAs\":[\"https:\\\/\\\/www.facebook.com\\\/InfoPBA\"]},{\"@type\":\"Person\",\"@id\":\"https:\\\/\\\/infopba247.com.ar\\\/#\\\/schema\\\/person\\\/4975f1343a413e57bf839b3eed0099f2\",\"name\":\"Editor\",\"image\":{\"@type\":\"ImageObject\",\"inLanguage\":\"es\",\"@id\":\"https:\\\/\\\/secure.gravatar.com\\\/avatar\\\/d27fe9520667ca53441d36627a1d6b0fa4a813571ec4803687a7a3a7744685ac?s=96&d=mm&r=g\",\"url\":\"https:\\\/\\\/secure.gravatar.com\\\/avatar\\\/d27fe9520667ca53441d36627a1d6b0fa4a813571ec4803687a7a3a7744685ac?s=96&d=mm&r=g\",\"contentUrl\":\"https:\\\/\\\/secure.gravatar.com\\\/avatar\\\/d27fe9520667ca53441d36627a1d6b0fa4a813571ec4803687a7a3a7744685ac?s=96&d=mm&r=g\",\"caption\":\"Editor\"},\"url\":\"https:\\\/\\\/infopba247.com.ar\\\/index.php\\\/author\\\/editor\\\/\"}]}<\/script>\n<!-- \/ Yoast SEO plugin. -->","yoast_head_json":{"title":"La Secretar\u00eda de Salud de Moreno gan\u00f3 el Premio \u201cKita Gorban\u201d - InfoPBA247","robots":{"index":"index","follow":"follow","max-snippet":"max-snippet:-1","max-image-preview":"max-image-preview:large","max-video-preview":"max-video-preview:-1"},"canonical":"https:\/\/infopba247.com.ar\/index.php\/2026\/04\/23\/la-secretaria-de-salud-de-moreno-gano-el-premio-kita-gorban\/","og_locale":"es_ES","og_type":"article","og_title":"La Secretar\u00eda de Salud de Moreno gan\u00f3 el Premio \u201cKita Gorban\u201d - InfoPBA247","og_description":"Un reconocimiento que pone en valor el trabajo comunitario territorial y del sistema sanitario local, con eje en el acceso","og_url":"https:\/\/infopba247.com.ar\/index.php\/2026\/04\/23\/la-secretaria-de-salud-de-moreno-gano-el-premio-kita-gorban\/","og_site_name":"InfoPBA247","article_publisher":"https:\/\/www.facebook.com\/InfoPBA","article_published_time":"2026-04-23T17:36:46+00:00","article_modified_time":"2026-04-23T17:36:47+00:00","og_image":[{"width":1920,"height":1080,"url":"https:\/\/infopba247.com.ar\/wp-content\/uploads\/2026\/04\/2-4.jpg","type":"image\/jpeg"}],"author":"Editor","twitter_card":"summary_large_image","twitter_misc":{"Escrito por":"Editor","Tiempo de lectura":"2 minutos"},"schema":{"@context":"https:\/\/schema.org","@graph":[{"@type":"Article","@id":"https:\/\/infopba247.com.ar\/index.php\/2026\/04\/23\/la-secretaria-de-salud-de-moreno-gano-el-premio-kita-gorban\/#article","isPartOf":{"@id":"https:\/\/infopba247.com.ar\/index.php\/2026\/04\/23\/la-secretaria-de-salud-de-moreno-gano-el-premio-kita-gorban\/"},"author":{"name":"Editor","@id":"https:\/\/infopba247.com.ar\/#\/schema\/person\/4975f1343a413e57bf839b3eed0099f2"},"headline":"La Secretar\u00eda de Salud de Moreno gan\u00f3 el Premio \u201cKita Gorban\u201d","datePublished":"2026-04-23T17:36:46+00:00","dateModified":"2026-04-23T17:36:47+00:00","mainEntityOfPage":{"@id":"https:\/\/infopba247.com.ar\/index.php\/2026\/04\/23\/la-secretaria-de-salud-de-moreno-gano-el-premio-kita-gorban\/"},"wordCount":286,"commentCount":0,"publisher":{"@id":"https:\/\/infopba247.com.ar\/#organization"},"image":{"@id":"https:\/\/infopba247.com.ar\/index.php\/2026\/04\/23\/la-secretaria-de-salud-de-moreno-gano-el-premio-kita-gorban\/#primaryimage"},"thumbnailUrl":"https:\/\/infopba247.com.ar\/wp-content\/uploads\/2026\/04\/2-4.jpg","articleSection":["1ra Secci\u00f3n","Destacadas","Pol\u00edtica"],"inLanguage":"es","potentialAction":[{"@type":"CommentAction","name":"Comment","target":["https:\/\/infopba247.com.ar\/index.php\/2026\/04\/23\/la-secretaria-de-salud-de-moreno-gano-el-premio-kita-gorban\/#respond"]}]},{"@type":"WebPage","@id":"https:\/\/infopba247.com.ar\/index.php\/2026\/04\/23\/la-secretaria-de-salud-de-moreno-gano-el-premio-kita-gorban\/","url":"https:\/\/infopba247.com.ar\/index.php\/2026\/04\/23\/la-secretaria-de-salud-de-moreno-gano-el-premio-kita-gorban\/","name":"La Secretar\u00eda de Salud de Moreno gan\u00f3 el Premio \u201cKita Gorban\u201d - InfoPBA247","isPartOf":{"@id":"https:\/\/infopba247.com.ar\/#website"},"primaryImageOfPage":{"@id":"https:\/\/infopba247.com.ar\/index.php\/2026\/04\/23\/la-secretaria-de-salud-de-moreno-gano-el-premio-kita-gorban\/#primaryimage"},"image":{"@id":"https:\/\/infopba247.com.ar\/index.php\/2026\/04\/23\/la-secretaria-de-salud-de-moreno-gano-el-premio-kita-gorban\/#primaryimage"},"thumbnailUrl":"https:\/\/infopba247.com.ar\/wp-content\/uploads\/2026\/04\/2-4.jpg","datePublished":"2026-04-23T17:36:46+00:00","dateModified":"2026-04-23T17:36:47+00:00","breadcrumb":{"@id":"https:\/\/infopba247.com.ar\/index.php\/2026\/04\/23\/la-secretaria-de-salud-de-moreno-gano-el-premio-kita-gorban\/#breadcrumb"},"inLanguage":"es","potentialAction":[{"@type":"ReadAction","target":["https:\/\/infopba247.com.ar\/index.php\/2026\/04\/23\/la-secretaria-de-salud-de-moreno-gano-el-premio-kita-gorban\/"]}]},{"@type":"ImageObject","inLanguage":"es","@id":"https:\/\/infopba247.com.ar\/index.php\/2026\/04\/23\/la-secretaria-de-salud-de-moreno-gano-el-premio-kita-gorban\/#primaryimage","url":"https:\/\/infopba247.com.ar\/wp-content\/uploads\/2026\/04\/2-4.jpg","contentUrl":"https:\/\/infopba247.com.ar\/wp-content\/uploads\/2026\/04\/2-4.jpg","width":1920,"height":1080},{"@type":"BreadcrumbList","@id":"https:\/\/infopba247.com.ar\/index.php\/2026\/04\/23\/la-secretaria-de-salud-de-moreno-gano-el-premio-kita-gorban\/#breadcrumb","itemListElement":[{"@type":"ListItem","position":1,"name":"Portada","item":"https:\/\/infopba247.com.ar\/"},{"@type":"ListItem","position":2,"name":"La Secretar\u00eda de Salud de Moreno gan\u00f3 el Premio \u201cKita Gorban\u201d"}]},{"@type":"WebSite","@id":"https:\/\/infopba247.com.ar\/#website","url":"https:\/\/infopba247.com.ar\/","name":"InfoPBA247","description":"Toda la actualidad bonaerense","publisher":{"@id":"https:\/\/infopba247.com.ar\/#organization"},"potentialAction":[{"@type":"SearchAction","target":{"@type":"EntryPoint","urlTemplate":"https:\/\/infopba247.com.ar\/?s={search_term_string}"},"query-input":{"@type":"PropertyValueSpecification","valueRequired":true,"valueName":"search_term_string"}}],"inLanguage":"es"},{"@type":"Organization","@id":"https:\/\/infopba247.com.ar\/#organization","name":"InfoPBA247","url":"https:\/\/infopba247.com.ar\/","logo":{"@type":"ImageObject","inLanguage":"es","@id":"https:\/\/infopba247.com.ar\/#\/schema\/logo\/image\/","url":"https:\/\/infopba247.com.ar\/wp-content\/uploads\/2022\/03\/cropped-InfoPBA247-1.png","contentUrl":"https:\/\/infopba247.com.ar\/wp-content\/uploads\/2022\/03\/cropped-InfoPBA247-1.png","width":500,"height":122,"caption":"InfoPBA247"},"image":{"@id":"https:\/\/infopba247.com.ar\/#\/schema\/logo\/image\/"},"sameAs":["https:\/\/www.facebook.com\/InfoPBA"]},{"@type":"Person","@id":"https:\/\/infopba247.com.ar\/#\/schema\/person\/4975f1343a413e57bf839b3eed0099f2","name":"Editor","image":{"@type":"ImageObject","inLanguage":"es","@id":"https:\/\/secure.gravatar.com\/avatar\/d27fe9520667ca53441d36627a1d6b0fa4a813571ec4803687a7a3a7744685ac?s=96&d=mm&r=g","url":"https:\/\/secure.gravatar.com\/avatar\/d27fe9520667ca53441d36627a1d6b0fa4a813571ec4803687a7a3a7744685ac?s=96&d=mm&r=g","contentUrl":"https:\/\/secure.gravatar.com\/avatar\/d27fe9520667ca53441d36627a1d6b0fa4a813571ec4803687a7a3a7744685ac?s=96&d=mm&r=g","caption":"Editor"},"url":"https:\/\/infopba247.com.ar\/index.php\/author\/editor\/"}]}},"_links":{"self":[{"href":"https:\/\/infopba247.com.ar\/index.php\/wp-json\/wp\/v2\/posts\/9498","targetHints":{"allow":["GET"]}}],"collection":[{"href":"https:\/\/infopba247.com.ar\/index.php\/wp-json\/wp\/v2\/posts"}],"about":[{"href":"https:\/\/infopba247.com.ar\/index.php\/wp-json\/wp\/v2\/types\/post"}],"author":[{"embeddable":true,"href":"https:\/\/infopba247.com.ar\/index.php\/wp-json\/wp\/v2\/users\/3"}],"replies":[{"embeddable":true,"href":"https:\/\/infopba247.com.ar\/index.php\/wp-json\/wp\/v2\/comments?post=9498"}],"version-history":[{"count":1,"href":"https:\/\/infopba247.com.ar\/index.php\/wp-json\/wp\/v2\/posts\/9498\/revisions"}],"predecessor-version":[{"id":9499,"href":"https:\/\/infopba247.com.ar\/index.php\/wp-json\/wp\/v2\/posts\/9498\/revisions\/9499"}],"wp:featuredmedia":[{"embeddable":true,"href":"https:\/\/infopba247.com.ar\/index.php\/wp-json\/wp\/v2\/media\/9492"}],"wp:attachment":[{"href":"https:\/\/infopba247.com.ar\/index.php\/wp-json\/wp\/v2\/media?parent=9498"}],"wp:term":[{"taxonomy":"category","embeddable":true,"href":"https:\/\/infopba247.com.ar\/index.php\/wp-json\/wp\/v2\/categories?post=9498"},{"taxonomy":"post_tag","embeddable":true,"href":"https:\/\/infopba247.com.ar\/index.php\/wp-json\/wp\/v2\/tags?post=9498"}],"curies":[{"name":"wp","href":"https:\/\/api.w.org\/{rel}","templated":true}]}}