{"id":9490,"date":"2026-04-23T14:35:13","date_gmt":"2026-04-23T17:35:13","guid":{"rendered":"https:\/\/infopba247.com.ar\/?p=9490"},"modified":"2026-04-23T14:35:14","modified_gmt":"2026-04-23T17:35:14","slug":"larroque-cuestiono-la-falta-de-sentido-de-la-realidad-del-gobierno-nacional","status":"publish","type":"post","link":"https:\/\/infopba247.com.ar\/index.php\/2026\/04\/23\/larroque-cuestiono-la-falta-de-sentido-de-la-realidad-del-gobierno-nacional\/","title":{"rendered":"Larroque cuestion\u00f3 la falta de sentido de la realidad del gobierno nacional"},"content":{"rendered":"\n<p>El ministro de Desarrollo de la Comunidad de la provincia de Buenos Aires, Andr\u00e9s Larroque, cuestion\u00f3 la pol\u00edtica social del Gobierno nacional, reclam\u00f3 por la deuda en materia alimentaria y destac\u00f3 los aumentos anunciados por la Provincia para sostener la asistencia en un contexto de creciente demanda y deterioro de la situaci\u00f3n social.<\/p>\n\n\n\n<p>Adem\u00e1s, reclam\u00f3 mayor compromiso del Ejecutivo nacional frente a la situaci\u00f3n social: \u201cNosotros demandamos mayores niveles de sensibilidad, y tambi\u00e9n dir\u00eda de realidad por parte del gobierno nacional, porque tambi\u00e9n en el propio relato que ellos tienen desconocen qu\u00e9 est\u00e1 pasando hoy en nuestro territorio\u201d. Y agreg\u00f3: \u201cYo le recomendar\u00eda al gobierno nacional que le preste m\u00e1s atenci\u00f3n a la provincia de Buenos Aires\u201d.<\/p>\n\n\n\n<p>En declaraciones a Infobae, Larroque remarc\u00f3 que los incrementos aplicados por la cartera a su cargo en el Servicio Alimentario Escolar (SAE) y en programas sociales \u201cson muy importantes\u201d y forman parte de una pol\u00edtica que la Provincia sostiene de manera regular. \u201cEs algo que hacemos todos los a\u00f1os. Lo venimos haciendo dos veces por a\u00f1o\u201d, se\u00f1al\u00f3.<\/p>\n\n\n\n<p>El ministro sostuvo que la situaci\u00f3n social est\u00e1 directamente vinculada al rumbo econ\u00f3mico nacional. \u201cHay una situaci\u00f3n muy compleja en la Argentina. Lo que nosotros queremos y lo que planteamos es que la Naci\u00f3n se haga cargo de la deuda que tiene con la Provincia, y que podamos tratar de sostener con alg\u00fan tipo de normalidad una situaci\u00f3n que es muy compleja\u201d.<\/p>\n\n\n\n<p>En ese sentido, apunt\u00f3 contra el Gobierno de Javier Milei \u201cque directamente deserta y reivindica su corrimiento de lo que tiene que ver con las pol\u00edticas sociales\u201d.<\/p>\n\n\n\n<p>Respecto al financiamiento del Servicio Alimentario Escolar (SAE), detall\u00f3 que la Naci\u00f3n incumple el esquema hist\u00f3rico de aportes. \u201cEn otras provincias se sostiene el criterio del 33%. En la provincia de Buenos Aires, la ministra Pettovello dijo que se har\u00edan cargo del 20%, es falso, se est\u00e1n haciendo cargo de algo m\u00e1s del 10 %\u201d. Seg\u00fan explic\u00f3, la deuda asciende a 220.000 millones de pesos. \u201cSi ellos cumplieran con ese compromiso, nosotros podr\u00edamos sostener cierta normalidad, por llamarlo de alguna manera, porque todo es muy complejo\u201d.<\/p>\n\n\n\n<p>Larroque tambi\u00e9n puso el foco en la desproporci\u00f3n entre lo que aporta la provincia de Buenos Aires y lo que recibe de la Naci\u00f3n. \u201cDel 40% que aporta a la Provincia, solo recupera el siete por ciento\u201d. En ese marco, endureci\u00f3 sus cr\u00edticas al presidente Javier Milei: \u201cMilei oficia hoy como presidente de otro pa\u00eds, como agente de una fuerza extranjera, sin ocuparse de los problemas de su pa\u00eds\u201d.<\/p>\n\n\n\n<p>En esa l\u00ednea, insisti\u00f3: \u201cVamos a agotar todas las instancias, vamos a seguir profundizando el reclamo, y esperemos que el gobierno nacional entre en raz\u00f3n\u201d.<\/p>\n\n\n\n<p>En paralelo, el ministro advirti\u00f3 sobre el fuerte crecimiento de la demanda alimentaria en el territorio bonaerense al describir que se duplic\u00f3 en el conurbano y se quintuplic\u00f3 en el el interior de la Provincia. \u201cEn el interior no exist\u00eda la demanda. Esto es de la era Milei, es un fen\u00f3meno nuevo\u201d, enfatiz\u00f3.<\/p>\n\n\n\n<p>Sin embargo, advirti\u00f3 que para sostener algunas pol\u00edticas es necesario el acompa\u00f1amiento nacional. \u201cLo otro que nosotros queremos sostener, porque es muy importante, es el programa MESA. Necesitamos la asistencia de la Naci\u00f3n. Sino, vamos a tener que entrar en alg\u00fan tipo de reconfiguraci\u00f3n, que no lo queremos, por supuesto\u201d.<\/p>\n\n\n\n<p>Por \u00faltimo, insisti\u00f3 en que el reclamo no apunta a que la Naci\u00f3n cubra la totalidad de la pol\u00edtica alimentaria bonaerense, sino a que cumpla con su parte hist\u00f3rica, es decir un tercio del Servicio Alimentario Escolar \u201cpara que nosotros podamos sostener cierto atisbo de normalidad en un momento hipercomplejo\u201d.<\/p>\n","protected":false},"excerpt":{"rendered":"<p>El ministro de Desarrollo de la Comunidad de la provincia de Buenos Aires, Andr\u00e9s Larroque, cuestion\u00f3 la pol\u00edtica social del<\/p>\n","protected":false},"author":3,"featured_media":9493,"comment_status":"open","ping_status":"open","sticky":false,"template":"","format":"standard","meta":{"colormag_page_container_layout":"default_layout","colormag_page_sidebar_layout":"default_layout","footnotes":""},"categories":[1,14],"tags":[],"class_list":["post-9490","post","type-post","status-publish","format-standard","has-post-thumbnail","hentry","category-destacadas","category-politica"],"yoast_head":"<!-- This site is optimized with the Yoast SEO plugin v27.4 - https:\/\/yoast.com\/product\/yoast-seo-wordpress\/ -->\n<title>Larroque cuestion\u00f3 la falta de sentido de la realidad del gobierno nacional - InfoPBA247<\/title>\n<meta name=\"robots\" content=\"index, follow, max-snippet:-1, max-image-preview:large, max-video-preview:-1\" \/>\n<link rel=\"canonical\" href=\"https:\/\/infopba247.com.ar\/index.php\/2026\/04\/23\/larroque-cuestiono-la-falta-de-sentido-de-la-realidad-del-gobierno-nacional\/\" \/>\n<meta property=\"og:locale\" content=\"es_ES\" \/>\n<meta property=\"og:type\" content=\"article\" \/>\n<meta property=\"og:title\" content=\"Larroque cuestion\u00f3 la falta de sentido de la realidad del gobierno nacional - InfoPBA247\" \/>\n<meta property=\"og:description\" content=\"El ministro de Desarrollo de la Comunidad de la provincia de Buenos Aires, Andr\u00e9s Larroque, cuestion\u00f3 la pol\u00edtica social del\" \/>\n<meta property=\"og:url\" content=\"https:\/\/infopba247.com.ar\/index.php\/2026\/04\/23\/larroque-cuestiono-la-falta-de-sentido-de-la-realidad-del-gobierno-nacional\/\" \/>\n<meta property=\"og:site_name\" content=\"InfoPBA247\" \/>\n<meta property=\"article:publisher\" content=\"https:\/\/www.facebook.com\/InfoPBA\" \/>\n<meta property=\"article:published_time\" content=\"2026-04-23T17:35:13+00:00\" \/>\n<meta property=\"article:modified_time\" content=\"2026-04-23T17:35:14+00:00\" \/>\n<meta property=\"og:image\" content=\"https:\/\/infopba247.com.ar\/wp-content\/uploads\/2026\/04\/unnamed-2026-04-23T142442.209.jpg\" \/>\n\t<meta property=\"og:image:width\" content=\"1280\" \/>\n\t<meta property=\"og:image:height\" content=\"854\" \/>\n\t<meta property=\"og:image:type\" content=\"image\/jpeg\" \/>\n<meta name=\"author\" content=\"Editor\" \/>\n<meta name=\"twitter:card\" content=\"summary_large_image\" \/>\n<meta name=\"twitter:label1\" content=\"Escrito por\" \/>\n\t<meta name=\"twitter:data1\" content=\"Editor\" \/>\n\t<meta name=\"twitter:label2\" content=\"Tiempo de lectura\" \/>\n\t<meta name=\"twitter:data2\" content=\"3 minutos\" \/>\n<script type=\"application\/ld+json\" class=\"yoast-schema-graph\">{\"@context\":\"https:\\\/\\\/schema.org\",\"@graph\":[{\"@type\":\"Article\",\"@id\":\"https:\\\/\\\/infopba247.com.ar\\\/index.php\\\/2026\\\/04\\\/23\\\/larroque-cuestiono-la-falta-de-sentido-de-la-realidad-del-gobierno-nacional\\\/#article\",\"isPartOf\":{\"@id\":\"https:\\\/\\\/infopba247.com.ar\\\/index.php\\\/2026\\\/04\\\/23\\\/larroque-cuestiono-la-falta-de-sentido-de-la-realidad-del-gobierno-nacional\\\/\"},\"author\":{\"name\":\"Editor\",\"@id\":\"https:\\\/\\\/infopba247.com.ar\\\/#\\\/schema\\\/person\\\/4975f1343a413e57bf839b3eed0099f2\"},\"headline\":\"Larroque cuestion\u00f3 la falta de sentido de la realidad del gobierno nacional\",\"datePublished\":\"2026-04-23T17:35:13+00:00\",\"dateModified\":\"2026-04-23T17:35:14+00:00\",\"mainEntityOfPage\":{\"@id\":\"https:\\\/\\\/infopba247.com.ar\\\/index.php\\\/2026\\\/04\\\/23\\\/larroque-cuestiono-la-falta-de-sentido-de-la-realidad-del-gobierno-nacional\\\/\"},\"wordCount\":649,\"commentCount\":0,\"publisher\":{\"@id\":\"https:\\\/\\\/infopba247.com.ar\\\/#organization\"},\"image\":{\"@id\":\"https:\\\/\\\/infopba247.com.ar\\\/index.php\\\/2026\\\/04\\\/23\\\/larroque-cuestiono-la-falta-de-sentido-de-la-realidad-del-gobierno-nacional\\\/#primaryimage\"},\"thumbnailUrl\":\"https:\\\/\\\/infopba247.com.ar\\\/wp-content\\\/uploads\\\/2026\\\/04\\\/unnamed-2026-04-23T142442.209.jpg\",\"articleSection\":[\"Destacadas\",\"Pol\u00edtica\"],\"inLanguage\":\"es\",\"potentialAction\":[{\"@type\":\"CommentAction\",\"name\":\"Comment\",\"target\":[\"https:\\\/\\\/infopba247.com.ar\\\/index.php\\\/2026\\\/04\\\/23\\\/larroque-cuestiono-la-falta-de-sentido-de-la-realidad-del-gobierno-nacional\\\/#respond\"]}]},{\"@type\":\"WebPage\",\"@id\":\"https:\\\/\\\/infopba247.com.ar\\\/index.php\\\/2026\\\/04\\\/23\\\/larroque-cuestiono-la-falta-de-sentido-de-la-realidad-del-gobierno-nacional\\\/\",\"url\":\"https:\\\/\\\/infopba247.com.ar\\\/index.php\\\/2026\\\/04\\\/23\\\/larroque-cuestiono-la-falta-de-sentido-de-la-realidad-del-gobierno-nacional\\\/\",\"name\":\"Larroque cuestion\u00f3 la falta de sentido de la realidad del gobierno nacional - InfoPBA247\",\"isPartOf\":{\"@id\":\"https:\\\/\\\/infopba247.com.ar\\\/#website\"},\"primaryImageOfPage\":{\"@id\":\"https:\\\/\\\/infopba247.com.ar\\\/index.php\\\/2026\\\/04\\\/23\\\/larroque-cuestiono-la-falta-de-sentido-de-la-realidad-del-gobierno-nacional\\\/#primaryimage\"},\"image\":{\"@id\":\"https:\\\/\\\/infopba247.com.ar\\\/index.php\\\/2026\\\/04\\\/23\\\/larroque-cuestiono-la-falta-de-sentido-de-la-realidad-del-gobierno-nacional\\\/#primaryimage\"},\"thumbnailUrl\":\"https:\\\/\\\/infopba247.com.ar\\\/wp-content\\\/uploads\\\/2026\\\/04\\\/unnamed-2026-04-23T142442.209.jpg\",\"datePublished\":\"2026-04-23T17:35:13+00:00\",\"dateModified\":\"2026-04-23T17:35:14+00:00\",\"breadcrumb\":{\"@id\":\"https:\\\/\\\/infopba247.com.ar\\\/index.php\\\/2026\\\/04\\\/23\\\/larroque-cuestiono-la-falta-de-sentido-de-la-realidad-del-gobierno-nacional\\\/#breadcrumb\"},\"inLanguage\":\"es\",\"potentialAction\":[{\"@type\":\"ReadAction\",\"target\":[\"https:\\\/\\\/infopba247.com.ar\\\/index.php\\\/2026\\\/04\\\/23\\\/larroque-cuestiono-la-falta-de-sentido-de-la-realidad-del-gobierno-nacional\\\/\"]}]},{\"@type\":\"ImageObject\",\"inLanguage\":\"es\",\"@id\":\"https:\\\/\\\/infopba247.com.ar\\\/index.php\\\/2026\\\/04\\\/23\\\/larroque-cuestiono-la-falta-de-sentido-de-la-realidad-del-gobierno-nacional\\\/#primaryimage\",\"url\":\"https:\\\/\\\/infopba247.com.ar\\\/wp-content\\\/uploads\\\/2026\\\/04\\\/unnamed-2026-04-23T142442.209.jpg\",\"contentUrl\":\"https:\\\/\\\/infopba247.com.ar\\\/wp-content\\\/uploads\\\/2026\\\/04\\\/unnamed-2026-04-23T142442.209.jpg\",\"width\":1280,\"height\":854},{\"@type\":\"BreadcrumbList\",\"@id\":\"https:\\\/\\\/infopba247.com.ar\\\/index.php\\\/2026\\\/04\\\/23\\\/larroque-cuestiono-la-falta-de-sentido-de-la-realidad-del-gobierno-nacional\\\/#breadcrumb\",\"itemListElement\":[{\"@type\":\"ListItem\",\"position\":1,\"name\":\"Portada\",\"item\":\"https:\\\/\\\/infopba247.com.ar\\\/\"},{\"@type\":\"ListItem\",\"position\":2,\"name\":\"Larroque cuestion\u00f3 la falta de sentido de la realidad del gobierno nacional\"}]},{\"@type\":\"WebSite\",\"@id\":\"https:\\\/\\\/infopba247.com.ar\\\/#website\",\"url\":\"https:\\\/\\\/infopba247.com.ar\\\/\",\"name\":\"InfoPBA247\",\"description\":\"Toda la actualidad bonaerense\",\"publisher\":{\"@id\":\"https:\\\/\\\/infopba247.com.ar\\\/#organization\"},\"potentialAction\":[{\"@type\":\"SearchAction\",\"target\":{\"@type\":\"EntryPoint\",\"urlTemplate\":\"https:\\\/\\\/infopba247.com.ar\\\/?s={search_term_string}\"},\"query-input\":{\"@type\":\"PropertyValueSpecification\",\"valueRequired\":true,\"valueName\":\"search_term_string\"}}],\"inLanguage\":\"es\"},{\"@type\":\"Organization\",\"@id\":\"https:\\\/\\\/infopba247.com.ar\\\/#organization\",\"name\":\"InfoPBA247\",\"url\":\"https:\\\/\\\/infopba247.com.ar\\\/\",\"logo\":{\"@type\":\"ImageObject\",\"inLanguage\":\"es\",\"@id\":\"https:\\\/\\\/infopba247.com.ar\\\/#\\\/schema\\\/logo\\\/image\\\/\",\"url\":\"https:\\\/\\\/infopba247.com.ar\\\/wp-content\\\/uploads\\\/2022\\\/03\\\/cropped-InfoPBA247-1.png\",\"contentUrl\":\"https:\\\/\\\/infopba247.com.ar\\\/wp-content\\\/uploads\\\/2022\\\/03\\\/cropped-InfoPBA247-1.png\",\"width\":500,\"height\":122,\"caption\":\"InfoPBA247\"},\"image\":{\"@id\":\"https:\\\/\\\/infopba247.com.ar\\\/#\\\/schema\\\/logo\\\/image\\\/\"},\"sameAs\":[\"https:\\\/\\\/www.facebook.com\\\/InfoPBA\"]},{\"@type\":\"Person\",\"@id\":\"https:\\\/\\\/infopba247.com.ar\\\/#\\\/schema\\\/person\\\/4975f1343a413e57bf839b3eed0099f2\",\"name\":\"Editor\",\"image\":{\"@type\":\"ImageObject\",\"inLanguage\":\"es\",\"@id\":\"https:\\\/\\\/secure.gravatar.com\\\/avatar\\\/d27fe9520667ca53441d36627a1d6b0fa4a813571ec4803687a7a3a7744685ac?s=96&d=mm&r=g\",\"url\":\"https:\\\/\\\/secure.gravatar.com\\\/avatar\\\/d27fe9520667ca53441d36627a1d6b0fa4a813571ec4803687a7a3a7744685ac?s=96&d=mm&r=g\",\"contentUrl\":\"https:\\\/\\\/secure.gravatar.com\\\/avatar\\\/d27fe9520667ca53441d36627a1d6b0fa4a813571ec4803687a7a3a7744685ac?s=96&d=mm&r=g\",\"caption\":\"Editor\"},\"url\":\"https:\\\/\\\/infopba247.com.ar\\\/index.php\\\/author\\\/editor\\\/\"}]}<\/script>\n<!-- \/ Yoast SEO plugin. -->","yoast_head_json":{"title":"Larroque cuestion\u00f3 la falta de sentido de la realidad del gobierno nacional - InfoPBA247","robots":{"index":"index","follow":"follow","max-snippet":"max-snippet:-1","max-image-preview":"max-image-preview:large","max-video-preview":"max-video-preview:-1"},"canonical":"https:\/\/infopba247.com.ar\/index.php\/2026\/04\/23\/larroque-cuestiono-la-falta-de-sentido-de-la-realidad-del-gobierno-nacional\/","og_locale":"es_ES","og_type":"article","og_title":"Larroque cuestion\u00f3 la falta de sentido de la realidad del gobierno nacional - InfoPBA247","og_description":"El ministro de Desarrollo de la Comunidad de la provincia de Buenos Aires, Andr\u00e9s Larroque, cuestion\u00f3 la pol\u00edtica social del","og_url":"https:\/\/infopba247.com.ar\/index.php\/2026\/04\/23\/larroque-cuestiono-la-falta-de-sentido-de-la-realidad-del-gobierno-nacional\/","og_site_name":"InfoPBA247","article_publisher":"https:\/\/www.facebook.com\/InfoPBA","article_published_time":"2026-04-23T17:35:13+00:00","article_modified_time":"2026-04-23T17:35:14+00:00","og_image":[{"width":1280,"height":854,"url":"https:\/\/infopba247.com.ar\/wp-content\/uploads\/2026\/04\/unnamed-2026-04-23T142442.209.jpg","type":"image\/jpeg"}],"author":"Editor","twitter_card":"summary_large_image","twitter_misc":{"Escrito por":"Editor","Tiempo de lectura":"3 minutos"},"schema":{"@context":"https:\/\/schema.org","@graph":[{"@type":"Article","@id":"https:\/\/infopba247.com.ar\/index.php\/2026\/04\/23\/larroque-cuestiono-la-falta-de-sentido-de-la-realidad-del-gobierno-nacional\/#article","isPartOf":{"@id":"https:\/\/infopba247.com.ar\/index.php\/2026\/04\/23\/larroque-cuestiono-la-falta-de-sentido-de-la-realidad-del-gobierno-nacional\/"},"author":{"name":"Editor","@id":"https:\/\/infopba247.com.ar\/#\/schema\/person\/4975f1343a413e57bf839b3eed0099f2"},"headline":"Larroque cuestion\u00f3 la falta de sentido de la realidad del gobierno nacional","datePublished":"2026-04-23T17:35:13+00:00","dateModified":"2026-04-23T17:35:14+00:00","mainEntityOfPage":{"@id":"https:\/\/infopba247.com.ar\/index.php\/2026\/04\/23\/larroque-cuestiono-la-falta-de-sentido-de-la-realidad-del-gobierno-nacional\/"},"wordCount":649,"commentCount":0,"publisher":{"@id":"https:\/\/infopba247.com.ar\/#organization"},"image":{"@id":"https:\/\/infopba247.com.ar\/index.php\/2026\/04\/23\/larroque-cuestiono-la-falta-de-sentido-de-la-realidad-del-gobierno-nacional\/#primaryimage"},"thumbnailUrl":"https:\/\/infopba247.com.ar\/wp-content\/uploads\/2026\/04\/unnamed-2026-04-23T142442.209.jpg","articleSection":["Destacadas","Pol\u00edtica"],"inLanguage":"es","potentialAction":[{"@type":"CommentAction","name":"Comment","target":["https:\/\/infopba247.com.ar\/index.php\/2026\/04\/23\/larroque-cuestiono-la-falta-de-sentido-de-la-realidad-del-gobierno-nacional\/#respond"]}]},{"@type":"WebPage","@id":"https:\/\/infopba247.com.ar\/index.php\/2026\/04\/23\/larroque-cuestiono-la-falta-de-sentido-de-la-realidad-del-gobierno-nacional\/","url":"https:\/\/infopba247.com.ar\/index.php\/2026\/04\/23\/larroque-cuestiono-la-falta-de-sentido-de-la-realidad-del-gobierno-nacional\/","name":"Larroque cuestion\u00f3 la falta de sentido de la realidad del gobierno nacional - InfoPBA247","isPartOf":{"@id":"https:\/\/infopba247.com.ar\/#website"},"primaryImageOfPage":{"@id":"https:\/\/infopba247.com.ar\/index.php\/2026\/04\/23\/larroque-cuestiono-la-falta-de-sentido-de-la-realidad-del-gobierno-nacional\/#primaryimage"},"image":{"@id":"https:\/\/infopba247.com.ar\/index.php\/2026\/04\/23\/larroque-cuestiono-la-falta-de-sentido-de-la-realidad-del-gobierno-nacional\/#primaryimage"},"thumbnailUrl":"https:\/\/infopba247.com.ar\/wp-content\/uploads\/2026\/04\/unnamed-2026-04-23T142442.209.jpg","datePublished":"2026-04-23T17:35:13+00:00","dateModified":"2026-04-23T17:35:14+00:00","breadcrumb":{"@id":"https:\/\/infopba247.com.ar\/index.php\/2026\/04\/23\/larroque-cuestiono-la-falta-de-sentido-de-la-realidad-del-gobierno-nacional\/#breadcrumb"},"inLanguage":"es","potentialAction":[{"@type":"ReadAction","target":["https:\/\/infopba247.com.ar\/index.php\/2026\/04\/23\/larroque-cuestiono-la-falta-de-sentido-de-la-realidad-del-gobierno-nacional\/"]}]},{"@type":"ImageObject","inLanguage":"es","@id":"https:\/\/infopba247.com.ar\/index.php\/2026\/04\/23\/larroque-cuestiono-la-falta-de-sentido-de-la-realidad-del-gobierno-nacional\/#primaryimage","url":"https:\/\/infopba247.com.ar\/wp-content\/uploads\/2026\/04\/unnamed-2026-04-23T142442.209.jpg","contentUrl":"https:\/\/infopba247.com.ar\/wp-content\/uploads\/2026\/04\/unnamed-2026-04-23T142442.209.jpg","width":1280,"height":854},{"@type":"BreadcrumbList","@id":"https:\/\/infopba247.com.ar\/index.php\/2026\/04\/23\/larroque-cuestiono-la-falta-de-sentido-de-la-realidad-del-gobierno-nacional\/#breadcrumb","itemListElement":[{"@type":"ListItem","position":1,"name":"Portada","item":"https:\/\/infopba247.com.ar\/"},{"@type":"ListItem","position":2,"name":"Larroque cuestion\u00f3 la falta de sentido de la realidad del gobierno nacional"}]},{"@type":"WebSite","@id":"https:\/\/infopba247.com.ar\/#website","url":"https:\/\/infopba247.com.ar\/","name":"InfoPBA247","description":"Toda la actualidad bonaerense","publisher":{"@id":"https:\/\/infopba247.com.ar\/#organization"},"potentialAction":[{"@type":"SearchAction","target":{"@type":"EntryPoint","urlTemplate":"https:\/\/infopba247.com.ar\/?s={search_term_string}"},"query-input":{"@type":"PropertyValueSpecification","valueRequired":true,"valueName":"search_term_string"}}],"inLanguage":"es"},{"@type":"Organization","@id":"https:\/\/infopba247.com.ar\/#organization","name":"InfoPBA247","url":"https:\/\/infopba247.com.ar\/","logo":{"@type":"ImageObject","inLanguage":"es","@id":"https:\/\/infopba247.com.ar\/#\/schema\/logo\/image\/","url":"https:\/\/infopba247.com.ar\/wp-content\/uploads\/2022\/03\/cropped-InfoPBA247-1.png","contentUrl":"https:\/\/infopba247.com.ar\/wp-content\/uploads\/2022\/03\/cropped-InfoPBA247-1.png","width":500,"height":122,"caption":"InfoPBA247"},"image":{"@id":"https:\/\/infopba247.com.ar\/#\/schema\/logo\/image\/"},"sameAs":["https:\/\/www.facebook.com\/InfoPBA"]},{"@type":"Person","@id":"https:\/\/infopba247.com.ar\/#\/schema\/person\/4975f1343a413e57bf839b3eed0099f2","name":"Editor","image":{"@type":"ImageObject","inLanguage":"es","@id":"https:\/\/secure.gravatar.com\/avatar\/d27fe9520667ca53441d36627a1d6b0fa4a813571ec4803687a7a3a7744685ac?s=96&d=mm&r=g","url":"https:\/\/secure.gravatar.com\/avatar\/d27fe9520667ca53441d36627a1d6b0fa4a813571ec4803687a7a3a7744685ac?s=96&d=mm&r=g","contentUrl":"https:\/\/secure.gravatar.com\/avatar\/d27fe9520667ca53441d36627a1d6b0fa4a813571ec4803687a7a3a7744685ac?s=96&d=mm&r=g","caption":"Editor"},"url":"https:\/\/infopba247.com.ar\/index.php\/author\/editor\/"}]}},"_links":{"self":[{"href":"https:\/\/infopba247.com.ar\/index.php\/wp-json\/wp\/v2\/posts\/9490","targetHints":{"allow":["GET"]}}],"collection":[{"href":"https:\/\/infopba247.com.ar\/index.php\/wp-json\/wp\/v2\/posts"}],"about":[{"href":"https:\/\/infopba247.com.ar\/index.php\/wp-json\/wp\/v2\/types\/post"}],"author":[{"embeddable":true,"href":"https:\/\/infopba247.com.ar\/index.php\/wp-json\/wp\/v2\/users\/3"}],"replies":[{"embeddable":true,"href":"https:\/\/infopba247.com.ar\/index.php\/wp-json\/wp\/v2\/comments?post=9490"}],"version-history":[{"count":1,"href":"https:\/\/infopba247.com.ar\/index.php\/wp-json\/wp\/v2\/posts\/9490\/revisions"}],"predecessor-version":[{"id":9495,"href":"https:\/\/infopba247.com.ar\/index.php\/wp-json\/wp\/v2\/posts\/9490\/revisions\/9495"}],"wp:featuredmedia":[{"embeddable":true,"href":"https:\/\/infopba247.com.ar\/index.php\/wp-json\/wp\/v2\/media\/9493"}],"wp:attachment":[{"href":"https:\/\/infopba247.com.ar\/index.php\/wp-json\/wp\/v2\/media?parent=9490"}],"wp:term":[{"taxonomy":"category","embeddable":true,"href":"https:\/\/infopba247.com.ar\/index.php\/wp-json\/wp\/v2\/categories?post=9490"},{"taxonomy":"post_tag","embeddable":true,"href":"https:\/\/infopba247.com.ar\/index.php\/wp-json\/wp\/v2\/tags?post=9490"}],"curies":[{"name":"wp","href":"https:\/\/api.w.org\/{rel}","templated":true}]}}