{"id":9488,"date":"2026-04-22T15:12:20","date_gmt":"2026-04-22T18:12:20","guid":{"rendered":"https:\/\/infopba247.com.ar\/?p=9488"},"modified":"2026-04-22T15:12:20","modified_gmt":"2026-04-22T18:12:20","slug":"con-alak-y-ghi-comenzo-en-la-plata-un-ciclo-de-conferencias-sobre-gobiernos-y-territorios","status":"publish","type":"post","link":"https:\/\/infopba247.com.ar\/index.php\/2026\/04\/22\/con-alak-y-ghi-comenzo-en-la-plata-un-ciclo-de-conferencias-sobre-gobiernos-y-territorios\/","title":{"rendered":"Con Alak y Ghi, comenz\u00f3 en La Plata un ciclo de conferencias sobre gobiernos y territorios"},"content":{"rendered":"\n<p>El encuentro, organizado por el Instituto de Capacitaci\u00f3n Pol\u00edtica (ICP), busca reunir a dirigentes con trayectoria para compartir herramientas, recorridos y perspectivas. Puede revivirse en vivo de forma libre y gratuita a trav\u00e9s de YouTube.<\/p>\n\n\n\n<p>La ciudad de La Plata alberg\u00f3 ayer el primer encuentro de un ciclo de conferencias dedicado a la gesti\u00f3n p\u00fablica, los programas de gobierno y las experiencias y pol\u00edticas de desarrollo del pa\u00eds. La jornada cont\u00f3 con la presentaci\u00f3n del intendente municipal Julio Alak, y la exposici\u00f3n del jefe comunal de Mor\u00f3n, Lucas Ghi.<\/p>\n\n\n\n<p>En el marco de la actividad, Alak destac\u00f3 que \u00abla gesti\u00f3n local se ha convertido en una centralidad importante en la Argentina\u201d y consider\u00f3 que \u201cdesde el retorno democr\u00e1tico hasta ahora es el segmento que m\u00e1s se ha potenciado en Argentina\u201d.<\/p>\n\n\n\n<p>\u201cLas ciudades tienen un enorme valor porque es donde vive la gente y donde se gestiona\u201d, continu\u00f3 el mandatario, y enfatiz\u00f3: \u201cLos nuevos municipios hacen innovaciones territoriales, asumen la responsabilidad de generar producci\u00f3n y trabajo\u00bb.<\/p>\n\n\n\n<p>En la misma l\u00ednea, Ghi expres\u00f3: \u00abNada de lo que tiene que ver con nuestros vecinos y vecinas nos es ajeno: si lo que pasa \u2014ya sea social, pol\u00edtico, comercial\u2014 pasa en nuestro territorio, no reconocemos formalidades ni jurisdicciones: nos hacemos cargo de la representaci\u00f3n pol\u00edtica de nuestra gente y desde ah\u00ed conducimos\u00bb.<\/p>\n\n\n\n<p>Asimismo, el intendente de Mor\u00f3n remarc\u00f3: \u201cEl contexto tan adverso como el que vivimos, nos invita a pensarnos en clave de nosotros y romper con la l\u00f3gica del hiperindividualismo al que nos quieren llevar. Nosotros seguimos apostando a lo colectivo.\u201d<\/p>\n\n\n\n<p>Previo al inicio de la charla, se realiz\u00f3 adem\u00e1s el descubrimiento de un mosaico y se inaugur\u00f3 una muestra fotogr\u00e1fica de Sebasti\u00e1n Miquel en homenaje de Madres y Abuelas de Plaza de Mayo, en un gesto de memoria y compromiso con los derechos humanos.<\/p>\n\n\n\n<p>La iniciativa, orientada a reunir a dirigentes con experiencia en gesti\u00f3n para intercambiar herramientas, recorridos y perspectivas, continuar\u00e1 en los pr\u00f3ximos meses. El segundo encuentro ser\u00e1 en mayo y estar\u00e1 a cargo del intendente de Escobar, Ariel Sujarchuk, quien abordar\u00e1 la aplicaci\u00f3n de la inteligencia artificial en la gesti\u00f3n de gobiernos.<\/p>\n\n\n\n<p>Cabe destacar que la charla puede revivirse de forma libre y gratuita accediendo al canal de YouTube del ICP @capacitacionicp, donde tambi\u00e9n se alojar\u00e1n las futuras actividades del ciclo.<\/p>\n","protected":false},"excerpt":{"rendered":"<p>El encuentro, organizado por el Instituto de Capacitaci\u00f3n Pol\u00edtica (ICP), busca reunir a dirigentes con trayectoria para compartir herramientas, recorridos<\/p>\n","protected":false},"author":3,"featured_media":9482,"comment_status":"open","ping_status":"open","sticky":false,"template":"","format":"standard","meta":{"colormag_page_container_layout":"default_layout","colormag_page_sidebar_layout":"default_layout","footnotes":""},"categories":[12,1,14],"tags":[],"class_list":["post-9488","post","type-post","status-publish","format-standard","has-post-thumbnail","hentry","category-8va-seccion","category-destacadas","category-politica"],"yoast_head":"<!-- This site is optimized with the Yoast SEO plugin v27.4 - https:\/\/yoast.com\/product\/yoast-seo-wordpress\/ -->\n<title>Con Alak y Ghi, comenz\u00f3 en La Plata un ciclo de conferencias sobre gobiernos y territorios - InfoPBA247<\/title>\n<meta name=\"robots\" content=\"index, follow, max-snippet:-1, max-image-preview:large, max-video-preview:-1\" \/>\n<link rel=\"canonical\" href=\"https:\/\/infopba247.com.ar\/index.php\/2026\/04\/22\/con-alak-y-ghi-comenzo-en-la-plata-un-ciclo-de-conferencias-sobre-gobiernos-y-territorios\/\" \/>\n<meta property=\"og:locale\" content=\"es_ES\" \/>\n<meta property=\"og:type\" content=\"article\" \/>\n<meta property=\"og:title\" content=\"Con Alak y Ghi, comenz\u00f3 en La Plata un ciclo de conferencias sobre gobiernos y territorios - InfoPBA247\" \/>\n<meta property=\"og:description\" content=\"El encuentro, organizado por el Instituto de Capacitaci\u00f3n Pol\u00edtica (ICP), busca reunir a dirigentes con trayectoria para compartir herramientas, recorridos\" \/>\n<meta property=\"og:url\" content=\"https:\/\/infopba247.com.ar\/index.php\/2026\/04\/22\/con-alak-y-ghi-comenzo-en-la-plata-un-ciclo-de-conferencias-sobre-gobiernos-y-territorios\/\" \/>\n<meta property=\"og:site_name\" content=\"InfoPBA247\" \/>\n<meta property=\"article:publisher\" content=\"https:\/\/www.facebook.com\/InfoPBA\" \/>\n<meta property=\"article:published_time\" content=\"2026-04-22T18:12:20+00:00\" \/>\n<meta property=\"og:image\" content=\"https:\/\/infopba247.com.ar\/wp-content\/uploads\/2026\/04\/unnamed-2026-04-22T143007.837.jpg\" \/>\n\t<meta property=\"og:image:width\" content=\"1600\" \/>\n\t<meta property=\"og:image:height\" content=\"1066\" \/>\n\t<meta property=\"og:image:type\" content=\"image\/jpeg\" \/>\n<meta name=\"author\" content=\"Editor\" \/>\n<meta name=\"twitter:card\" content=\"summary_large_image\" \/>\n<meta name=\"twitter:label1\" content=\"Escrito por\" \/>\n\t<meta name=\"twitter:data1\" content=\"Editor\" \/>\n\t<meta name=\"twitter:label2\" content=\"Tiempo de lectura\" \/>\n\t<meta name=\"twitter:data2\" content=\"2 minutos\" \/>\n<script type=\"application\/ld+json\" class=\"yoast-schema-graph\">{\"@context\":\"https:\\\/\\\/schema.org\",\"@graph\":[{\"@type\":\"Article\",\"@id\":\"https:\\\/\\\/infopba247.com.ar\\\/index.php\\\/2026\\\/04\\\/22\\\/con-alak-y-ghi-comenzo-en-la-plata-un-ciclo-de-conferencias-sobre-gobiernos-y-territorios\\\/#article\",\"isPartOf\":{\"@id\":\"https:\\\/\\\/infopba247.com.ar\\\/index.php\\\/2026\\\/04\\\/22\\\/con-alak-y-ghi-comenzo-en-la-plata-un-ciclo-de-conferencias-sobre-gobiernos-y-territorios\\\/\"},\"author\":{\"name\":\"Editor\",\"@id\":\"https:\\\/\\\/infopba247.com.ar\\\/#\\\/schema\\\/person\\\/4975f1343a413e57bf839b3eed0099f2\"},\"headline\":\"Con Alak y Ghi, comenz\u00f3 en La Plata un ciclo de conferencias sobre gobiernos y territorios\",\"datePublished\":\"2026-04-22T18:12:20+00:00\",\"mainEntityOfPage\":{\"@id\":\"https:\\\/\\\/infopba247.com.ar\\\/index.php\\\/2026\\\/04\\\/22\\\/con-alak-y-ghi-comenzo-en-la-plata-un-ciclo-de-conferencias-sobre-gobiernos-y-territorios\\\/\"},\"wordCount\":427,\"commentCount\":0,\"publisher\":{\"@id\":\"https:\\\/\\\/infopba247.com.ar\\\/#organization\"},\"image\":{\"@id\":\"https:\\\/\\\/infopba247.com.ar\\\/index.php\\\/2026\\\/04\\\/22\\\/con-alak-y-ghi-comenzo-en-la-plata-un-ciclo-de-conferencias-sobre-gobiernos-y-territorios\\\/#primaryimage\"},\"thumbnailUrl\":\"https:\\\/\\\/infopba247.com.ar\\\/wp-content\\\/uploads\\\/2026\\\/04\\\/unnamed-2026-04-22T143007.837.jpg\",\"articleSection\":[\"8va Secci\u00f3n\",\"Destacadas\",\"Pol\u00edtica\"],\"inLanguage\":\"es\",\"potentialAction\":[{\"@type\":\"CommentAction\",\"name\":\"Comment\",\"target\":[\"https:\\\/\\\/infopba247.com.ar\\\/index.php\\\/2026\\\/04\\\/22\\\/con-alak-y-ghi-comenzo-en-la-plata-un-ciclo-de-conferencias-sobre-gobiernos-y-territorios\\\/#respond\"]}]},{\"@type\":\"WebPage\",\"@id\":\"https:\\\/\\\/infopba247.com.ar\\\/index.php\\\/2026\\\/04\\\/22\\\/con-alak-y-ghi-comenzo-en-la-plata-un-ciclo-de-conferencias-sobre-gobiernos-y-territorios\\\/\",\"url\":\"https:\\\/\\\/infopba247.com.ar\\\/index.php\\\/2026\\\/04\\\/22\\\/con-alak-y-ghi-comenzo-en-la-plata-un-ciclo-de-conferencias-sobre-gobiernos-y-territorios\\\/\",\"name\":\"Con Alak y Ghi, comenz\u00f3 en La Plata un ciclo de conferencias sobre gobiernos y territorios - InfoPBA247\",\"isPartOf\":{\"@id\":\"https:\\\/\\\/infopba247.com.ar\\\/#website\"},\"primaryImageOfPage\":{\"@id\":\"https:\\\/\\\/infopba247.com.ar\\\/index.php\\\/2026\\\/04\\\/22\\\/con-alak-y-ghi-comenzo-en-la-plata-un-ciclo-de-conferencias-sobre-gobiernos-y-territorios\\\/#primaryimage\"},\"image\":{\"@id\":\"https:\\\/\\\/infopba247.com.ar\\\/index.php\\\/2026\\\/04\\\/22\\\/con-alak-y-ghi-comenzo-en-la-plata-un-ciclo-de-conferencias-sobre-gobiernos-y-territorios\\\/#primaryimage\"},\"thumbnailUrl\":\"https:\\\/\\\/infopba247.com.ar\\\/wp-content\\\/uploads\\\/2026\\\/04\\\/unnamed-2026-04-22T143007.837.jpg\",\"datePublished\":\"2026-04-22T18:12:20+00:00\",\"breadcrumb\":{\"@id\":\"https:\\\/\\\/infopba247.com.ar\\\/index.php\\\/2026\\\/04\\\/22\\\/con-alak-y-ghi-comenzo-en-la-plata-un-ciclo-de-conferencias-sobre-gobiernos-y-territorios\\\/#breadcrumb\"},\"inLanguage\":\"es\",\"potentialAction\":[{\"@type\":\"ReadAction\",\"target\":[\"https:\\\/\\\/infopba247.com.ar\\\/index.php\\\/2026\\\/04\\\/22\\\/con-alak-y-ghi-comenzo-en-la-plata-un-ciclo-de-conferencias-sobre-gobiernos-y-territorios\\\/\"]}]},{\"@type\":\"ImageObject\",\"inLanguage\":\"es\",\"@id\":\"https:\\\/\\\/infopba247.com.ar\\\/index.php\\\/2026\\\/04\\\/22\\\/con-alak-y-ghi-comenzo-en-la-plata-un-ciclo-de-conferencias-sobre-gobiernos-y-territorios\\\/#primaryimage\",\"url\":\"https:\\\/\\\/infopba247.com.ar\\\/wp-content\\\/uploads\\\/2026\\\/04\\\/unnamed-2026-04-22T143007.837.jpg\",\"contentUrl\":\"https:\\\/\\\/infopba247.com.ar\\\/wp-content\\\/uploads\\\/2026\\\/04\\\/unnamed-2026-04-22T143007.837.jpg\",\"width\":1600,\"height\":1066},{\"@type\":\"BreadcrumbList\",\"@id\":\"https:\\\/\\\/infopba247.com.ar\\\/index.php\\\/2026\\\/04\\\/22\\\/con-alak-y-ghi-comenzo-en-la-plata-un-ciclo-de-conferencias-sobre-gobiernos-y-territorios\\\/#breadcrumb\",\"itemListElement\":[{\"@type\":\"ListItem\",\"position\":1,\"name\":\"Portada\",\"item\":\"https:\\\/\\\/infopba247.com.ar\\\/\"},{\"@type\":\"ListItem\",\"position\":2,\"name\":\"Con Alak y Ghi, comenz\u00f3 en La Plata un ciclo de conferencias sobre gobiernos y territorios\"}]},{\"@type\":\"WebSite\",\"@id\":\"https:\\\/\\\/infopba247.com.ar\\\/#website\",\"url\":\"https:\\\/\\\/infopba247.com.ar\\\/\",\"name\":\"InfoPBA247\",\"description\":\"Toda la actualidad bonaerense\",\"publisher\":{\"@id\":\"https:\\\/\\\/infopba247.com.ar\\\/#organization\"},\"potentialAction\":[{\"@type\":\"SearchAction\",\"target\":{\"@type\":\"EntryPoint\",\"urlTemplate\":\"https:\\\/\\\/infopba247.com.ar\\\/?s={search_term_string}\"},\"query-input\":{\"@type\":\"PropertyValueSpecification\",\"valueRequired\":true,\"valueName\":\"search_term_string\"}}],\"inLanguage\":\"es\"},{\"@type\":\"Organization\",\"@id\":\"https:\\\/\\\/infopba247.com.ar\\\/#organization\",\"name\":\"InfoPBA247\",\"url\":\"https:\\\/\\\/infopba247.com.ar\\\/\",\"logo\":{\"@type\":\"ImageObject\",\"inLanguage\":\"es\",\"@id\":\"https:\\\/\\\/infopba247.com.ar\\\/#\\\/schema\\\/logo\\\/image\\\/\",\"url\":\"https:\\\/\\\/infopba247.com.ar\\\/wp-content\\\/uploads\\\/2022\\\/03\\\/cropped-InfoPBA247-1.png\",\"contentUrl\":\"https:\\\/\\\/infopba247.com.ar\\\/wp-content\\\/uploads\\\/2022\\\/03\\\/cropped-InfoPBA247-1.png\",\"width\":500,\"height\":122,\"caption\":\"InfoPBA247\"},\"image\":{\"@id\":\"https:\\\/\\\/infopba247.com.ar\\\/#\\\/schema\\\/logo\\\/image\\\/\"},\"sameAs\":[\"https:\\\/\\\/www.facebook.com\\\/InfoPBA\"]},{\"@type\":\"Person\",\"@id\":\"https:\\\/\\\/infopba247.com.ar\\\/#\\\/schema\\\/person\\\/4975f1343a413e57bf839b3eed0099f2\",\"name\":\"Editor\",\"image\":{\"@type\":\"ImageObject\",\"inLanguage\":\"es\",\"@id\":\"https:\\\/\\\/secure.gravatar.com\\\/avatar\\\/d27fe9520667ca53441d36627a1d6b0fa4a813571ec4803687a7a3a7744685ac?s=96&d=mm&r=g\",\"url\":\"https:\\\/\\\/secure.gravatar.com\\\/avatar\\\/d27fe9520667ca53441d36627a1d6b0fa4a813571ec4803687a7a3a7744685ac?s=96&d=mm&r=g\",\"contentUrl\":\"https:\\\/\\\/secure.gravatar.com\\\/avatar\\\/d27fe9520667ca53441d36627a1d6b0fa4a813571ec4803687a7a3a7744685ac?s=96&d=mm&r=g\",\"caption\":\"Editor\"},\"url\":\"https:\\\/\\\/infopba247.com.ar\\\/index.php\\\/author\\\/editor\\\/\"}]}<\/script>\n<!-- \/ Yoast SEO plugin. -->","yoast_head_json":{"title":"Con Alak y Ghi, comenz\u00f3 en La Plata un ciclo de conferencias sobre gobiernos y territorios - InfoPBA247","robots":{"index":"index","follow":"follow","max-snippet":"max-snippet:-1","max-image-preview":"max-image-preview:large","max-video-preview":"max-video-preview:-1"},"canonical":"https:\/\/infopba247.com.ar\/index.php\/2026\/04\/22\/con-alak-y-ghi-comenzo-en-la-plata-un-ciclo-de-conferencias-sobre-gobiernos-y-territorios\/","og_locale":"es_ES","og_type":"article","og_title":"Con Alak y Ghi, comenz\u00f3 en La Plata un ciclo de conferencias sobre gobiernos y territorios - InfoPBA247","og_description":"El encuentro, organizado por el Instituto de Capacitaci\u00f3n Pol\u00edtica (ICP), busca reunir a dirigentes con trayectoria para compartir herramientas, recorridos","og_url":"https:\/\/infopba247.com.ar\/index.php\/2026\/04\/22\/con-alak-y-ghi-comenzo-en-la-plata-un-ciclo-de-conferencias-sobre-gobiernos-y-territorios\/","og_site_name":"InfoPBA247","article_publisher":"https:\/\/www.facebook.com\/InfoPBA","article_published_time":"2026-04-22T18:12:20+00:00","og_image":[{"width":1600,"height":1066,"url":"https:\/\/infopba247.com.ar\/wp-content\/uploads\/2026\/04\/unnamed-2026-04-22T143007.837.jpg","type":"image\/jpeg"}],"author":"Editor","twitter_card":"summary_large_image","twitter_misc":{"Escrito por":"Editor","Tiempo de lectura":"2 minutos"},"schema":{"@context":"https:\/\/schema.org","@graph":[{"@type":"Article","@id":"https:\/\/infopba247.com.ar\/index.php\/2026\/04\/22\/con-alak-y-ghi-comenzo-en-la-plata-un-ciclo-de-conferencias-sobre-gobiernos-y-territorios\/#article","isPartOf":{"@id":"https:\/\/infopba247.com.ar\/index.php\/2026\/04\/22\/con-alak-y-ghi-comenzo-en-la-plata-un-ciclo-de-conferencias-sobre-gobiernos-y-territorios\/"},"author":{"name":"Editor","@id":"https:\/\/infopba247.com.ar\/#\/schema\/person\/4975f1343a413e57bf839b3eed0099f2"},"headline":"Con Alak y Ghi, comenz\u00f3 en La Plata un ciclo de conferencias sobre gobiernos y territorios","datePublished":"2026-04-22T18:12:20+00:00","mainEntityOfPage":{"@id":"https:\/\/infopba247.com.ar\/index.php\/2026\/04\/22\/con-alak-y-ghi-comenzo-en-la-plata-un-ciclo-de-conferencias-sobre-gobiernos-y-territorios\/"},"wordCount":427,"commentCount":0,"publisher":{"@id":"https:\/\/infopba247.com.ar\/#organization"},"image":{"@id":"https:\/\/infopba247.com.ar\/index.php\/2026\/04\/22\/con-alak-y-ghi-comenzo-en-la-plata-un-ciclo-de-conferencias-sobre-gobiernos-y-territorios\/#primaryimage"},"thumbnailUrl":"https:\/\/infopba247.com.ar\/wp-content\/uploads\/2026\/04\/unnamed-2026-04-22T143007.837.jpg","articleSection":["8va Secci\u00f3n","Destacadas","Pol\u00edtica"],"inLanguage":"es","potentialAction":[{"@type":"CommentAction","name":"Comment","target":["https:\/\/infopba247.com.ar\/index.php\/2026\/04\/22\/con-alak-y-ghi-comenzo-en-la-plata-un-ciclo-de-conferencias-sobre-gobiernos-y-territorios\/#respond"]}]},{"@type":"WebPage","@id":"https:\/\/infopba247.com.ar\/index.php\/2026\/04\/22\/con-alak-y-ghi-comenzo-en-la-plata-un-ciclo-de-conferencias-sobre-gobiernos-y-territorios\/","url":"https:\/\/infopba247.com.ar\/index.php\/2026\/04\/22\/con-alak-y-ghi-comenzo-en-la-plata-un-ciclo-de-conferencias-sobre-gobiernos-y-territorios\/","name":"Con Alak y Ghi, comenz\u00f3 en La Plata un ciclo de conferencias sobre gobiernos y territorios - InfoPBA247","isPartOf":{"@id":"https:\/\/infopba247.com.ar\/#website"},"primaryImageOfPage":{"@id":"https:\/\/infopba247.com.ar\/index.php\/2026\/04\/22\/con-alak-y-ghi-comenzo-en-la-plata-un-ciclo-de-conferencias-sobre-gobiernos-y-territorios\/#primaryimage"},"image":{"@id":"https:\/\/infopba247.com.ar\/index.php\/2026\/04\/22\/con-alak-y-ghi-comenzo-en-la-plata-un-ciclo-de-conferencias-sobre-gobiernos-y-territorios\/#primaryimage"},"thumbnailUrl":"https:\/\/infopba247.com.ar\/wp-content\/uploads\/2026\/04\/unnamed-2026-04-22T143007.837.jpg","datePublished":"2026-04-22T18:12:20+00:00","breadcrumb":{"@id":"https:\/\/infopba247.com.ar\/index.php\/2026\/04\/22\/con-alak-y-ghi-comenzo-en-la-plata-un-ciclo-de-conferencias-sobre-gobiernos-y-territorios\/#breadcrumb"},"inLanguage":"es","potentialAction":[{"@type":"ReadAction","target":["https:\/\/infopba247.com.ar\/index.php\/2026\/04\/22\/con-alak-y-ghi-comenzo-en-la-plata-un-ciclo-de-conferencias-sobre-gobiernos-y-territorios\/"]}]},{"@type":"ImageObject","inLanguage":"es","@id":"https:\/\/infopba247.com.ar\/index.php\/2026\/04\/22\/con-alak-y-ghi-comenzo-en-la-plata-un-ciclo-de-conferencias-sobre-gobiernos-y-territorios\/#primaryimage","url":"https:\/\/infopba247.com.ar\/wp-content\/uploads\/2026\/04\/unnamed-2026-04-22T143007.837.jpg","contentUrl":"https:\/\/infopba247.com.ar\/wp-content\/uploads\/2026\/04\/unnamed-2026-04-22T143007.837.jpg","width":1600,"height":1066},{"@type":"BreadcrumbList","@id":"https:\/\/infopba247.com.ar\/index.php\/2026\/04\/22\/con-alak-y-ghi-comenzo-en-la-plata-un-ciclo-de-conferencias-sobre-gobiernos-y-territorios\/#breadcrumb","itemListElement":[{"@type":"ListItem","position":1,"name":"Portada","item":"https:\/\/infopba247.com.ar\/"},{"@type":"ListItem","position":2,"name":"Con Alak y Ghi, comenz\u00f3 en La Plata un ciclo de conferencias sobre gobiernos y territorios"}]},{"@type":"WebSite","@id":"https:\/\/infopba247.com.ar\/#website","url":"https:\/\/infopba247.com.ar\/","name":"InfoPBA247","description":"Toda la actualidad bonaerense","publisher":{"@id":"https:\/\/infopba247.com.ar\/#organization"},"potentialAction":[{"@type":"SearchAction","target":{"@type":"EntryPoint","urlTemplate":"https:\/\/infopba247.com.ar\/?s={search_term_string}"},"query-input":{"@type":"PropertyValueSpecification","valueRequired":true,"valueName":"search_term_string"}}],"inLanguage":"es"},{"@type":"Organization","@id":"https:\/\/infopba247.com.ar\/#organization","name":"InfoPBA247","url":"https:\/\/infopba247.com.ar\/","logo":{"@type":"ImageObject","inLanguage":"es","@id":"https:\/\/infopba247.com.ar\/#\/schema\/logo\/image\/","url":"https:\/\/infopba247.com.ar\/wp-content\/uploads\/2022\/03\/cropped-InfoPBA247-1.png","contentUrl":"https:\/\/infopba247.com.ar\/wp-content\/uploads\/2022\/03\/cropped-InfoPBA247-1.png","width":500,"height":122,"caption":"InfoPBA247"},"image":{"@id":"https:\/\/infopba247.com.ar\/#\/schema\/logo\/image\/"},"sameAs":["https:\/\/www.facebook.com\/InfoPBA"]},{"@type":"Person","@id":"https:\/\/infopba247.com.ar\/#\/schema\/person\/4975f1343a413e57bf839b3eed0099f2","name":"Editor","image":{"@type":"ImageObject","inLanguage":"es","@id":"https:\/\/secure.gravatar.com\/avatar\/d27fe9520667ca53441d36627a1d6b0fa4a813571ec4803687a7a3a7744685ac?s=96&d=mm&r=g","url":"https:\/\/secure.gravatar.com\/avatar\/d27fe9520667ca53441d36627a1d6b0fa4a813571ec4803687a7a3a7744685ac?s=96&d=mm&r=g","contentUrl":"https:\/\/secure.gravatar.com\/avatar\/d27fe9520667ca53441d36627a1d6b0fa4a813571ec4803687a7a3a7744685ac?s=96&d=mm&r=g","caption":"Editor"},"url":"https:\/\/infopba247.com.ar\/index.php\/author\/editor\/"}]}},"_links":{"self":[{"href":"https:\/\/infopba247.com.ar\/index.php\/wp-json\/wp\/v2\/posts\/9488","targetHints":{"allow":["GET"]}}],"collection":[{"href":"https:\/\/infopba247.com.ar\/index.php\/wp-json\/wp\/v2\/posts"}],"about":[{"href":"https:\/\/infopba247.com.ar\/index.php\/wp-json\/wp\/v2\/types\/post"}],"author":[{"embeddable":true,"href":"https:\/\/infopba247.com.ar\/index.php\/wp-json\/wp\/v2\/users\/3"}],"replies":[{"embeddable":true,"href":"https:\/\/infopba247.com.ar\/index.php\/wp-json\/wp\/v2\/comments?post=9488"}],"version-history":[{"count":1,"href":"https:\/\/infopba247.com.ar\/index.php\/wp-json\/wp\/v2\/posts\/9488\/revisions"}],"predecessor-version":[{"id":9489,"href":"https:\/\/infopba247.com.ar\/index.php\/wp-json\/wp\/v2\/posts\/9488\/revisions\/9489"}],"wp:featuredmedia":[{"embeddable":true,"href":"https:\/\/infopba247.com.ar\/index.php\/wp-json\/wp\/v2\/media\/9482"}],"wp:attachment":[{"href":"https:\/\/infopba247.com.ar\/index.php\/wp-json\/wp\/v2\/media?parent=9488"}],"wp:term":[{"taxonomy":"category","embeddable":true,"href":"https:\/\/infopba247.com.ar\/index.php\/wp-json\/wp\/v2\/categories?post=9488"},{"taxonomy":"post_tag","embeddable":true,"href":"https:\/\/infopba247.com.ar\/index.php\/wp-json\/wp\/v2\/tags?post=9488"}],"curies":[{"name":"wp","href":"https:\/\/api.w.org\/{rel}","templated":true}]}}