{"id":9480,"date":"2026-04-22T15:05:42","date_gmt":"2026-04-22T18:05:42","guid":{"rendered":"https:\/\/infopba247.com.ar\/?p=9480"},"modified":"2026-04-22T15:05:43","modified_gmt":"2026-04-22T18:05:43","slug":"realizaran-una-jornada-de-capacitacion-sobre-el-manejo-integrado-del-mosquito-vector-del-dengue","status":"publish","type":"post","link":"https:\/\/infopba247.com.ar\/index.php\/2026\/04\/22\/realizaran-una-jornada-de-capacitacion-sobre-el-manejo-integrado-del-mosquito-vector-del-dengue\/","title":{"rendered":"Realizar\u00e1n una jornada de capacitaci\u00f3n sobre el manejo integrado del mosquito vector del dengue"},"content":{"rendered":"\n<p>Ser\u00e1 el martes 28 de abril en el Hospital Municipal de Punta Lara, Ensenada, y estar\u00e1 a cargo de la investigadora del CONICET Sheila Ons. Requiere inscripci\u00f3n previa<\/p>\n\n\n\n<p>El pr\u00f3ximo martes 28 de abril de 9 a 12 se realizar\u00e1 la \u201cJornada de capacitaci\u00f3n en manejo integrado de Aedes Aegypti: monitoreo, modelados computacionales y evaluaci\u00f3n del impacto de las intervenciones de control\u201d, en la que se expondr\u00e1n los resultados de un proyecto impulsado por la investigadora del CONICET, Sheila Ons, del Centro de Endocrinolog\u00eda Experimental y Aplicada (CENEXA, CONICET-UNLP-asociado a CICPBA), financiado en el marco del Fondo de Innovaci\u00f3n Tecnol\u00f3gica de Buenos Aires (FITBA), una herramienta impulsada por el Ministerio de Producci\u00f3n, Ciencia e Innovaci\u00f3n Tecnol\u00f3gica provincial con el objetivo de promover la innovaci\u00f3n y resolver demandas tecnol\u00f3gicas del sector productivo y organismos p\u00fablicos provinciales y municipales.<\/p>\n\n\n\n<p>La actividad se desarrollar\u00e1 en el Hospital Municipal de Punta Lara, ubicado en Camino Almirante Brown y 78, de esa localidad, organizada en conjunto con la Municipalidad de Ensenada, y participar\u00e1 el secretario de Salud comunal Juan Manuel L\u00f3pez Ortega.<\/p>\n","protected":false},"excerpt":{"rendered":"<p>Ser\u00e1 el martes 28 de abril en el Hospital Municipal de Punta Lara, Ensenada, y estar\u00e1 a cargo de la<\/p>\n","protected":false},"author":3,"featured_media":9484,"comment_status":"open","ping_status":"open","sticky":false,"template":"","format":"standard","meta":{"colormag_page_container_layout":"default_layout","colormag_page_sidebar_layout":"default_layout","footnotes":""},"categories":[1,14],"tags":[],"class_list":["post-9480","post","type-post","status-publish","format-standard","has-post-thumbnail","hentry","category-destacadas","category-politica"],"yoast_head":"<!-- This site is optimized with the Yoast SEO plugin v27.4 - https:\/\/yoast.com\/product\/yoast-seo-wordpress\/ -->\n<title>Realizar\u00e1n una jornada de capacitaci\u00f3n sobre el manejo integrado del mosquito vector del dengue - InfoPBA247<\/title>\n<meta name=\"robots\" content=\"index, follow, max-snippet:-1, max-image-preview:large, max-video-preview:-1\" \/>\n<link rel=\"canonical\" href=\"https:\/\/infopba247.com.ar\/index.php\/2026\/04\/22\/realizaran-una-jornada-de-capacitacion-sobre-el-manejo-integrado-del-mosquito-vector-del-dengue\/\" \/>\n<meta property=\"og:locale\" content=\"es_ES\" \/>\n<meta property=\"og:type\" content=\"article\" \/>\n<meta property=\"og:title\" content=\"Realizar\u00e1n una jornada de capacitaci\u00f3n sobre el manejo integrado del mosquito vector del dengue - InfoPBA247\" \/>\n<meta property=\"og:description\" content=\"Ser\u00e1 el martes 28 de abril en el Hospital Municipal de Punta Lara, Ensenada, y estar\u00e1 a cargo de la\" \/>\n<meta property=\"og:url\" content=\"https:\/\/infopba247.com.ar\/index.php\/2026\/04\/22\/realizaran-una-jornada-de-capacitacion-sobre-el-manejo-integrado-del-mosquito-vector-del-dengue\/\" \/>\n<meta property=\"og:site_name\" content=\"InfoPBA247\" \/>\n<meta property=\"article:publisher\" content=\"https:\/\/www.facebook.com\/InfoPBA\" \/>\n<meta property=\"article:published_time\" content=\"2026-04-22T18:05:42+00:00\" \/>\n<meta property=\"article:modified_time\" content=\"2026-04-22T18:05:43+00:00\" \/>\n<meta property=\"og:image\" content=\"https:\/\/infopba247.com.ar\/wp-content\/uploads\/2026\/04\/unnamed-2026-04-22T144644.730.jpg\" \/>\n\t<meta property=\"og:image:width\" content=\"995\" \/>\n\t<meta property=\"og:image:height\" content=\"560\" \/>\n\t<meta property=\"og:image:type\" content=\"image\/jpeg\" \/>\n<meta name=\"author\" content=\"Editor\" \/>\n<meta name=\"twitter:card\" content=\"summary_large_image\" \/>\n<meta name=\"twitter:label1\" content=\"Escrito por\" \/>\n\t<meta name=\"twitter:data1\" content=\"Editor\" \/>\n\t<meta name=\"twitter:label2\" content=\"Tiempo de lectura\" \/>\n\t<meta name=\"twitter:data2\" content=\"2 minutos\" \/>\n<script type=\"application\/ld+json\" class=\"yoast-schema-graph\">{\"@context\":\"https:\\\/\\\/schema.org\",\"@graph\":[{\"@type\":\"Article\",\"@id\":\"https:\\\/\\\/infopba247.com.ar\\\/index.php\\\/2026\\\/04\\\/22\\\/realizaran-una-jornada-de-capacitacion-sobre-el-manejo-integrado-del-mosquito-vector-del-dengue\\\/#article\",\"isPartOf\":{\"@id\":\"https:\\\/\\\/infopba247.com.ar\\\/index.php\\\/2026\\\/04\\\/22\\\/realizaran-una-jornada-de-capacitacion-sobre-el-manejo-integrado-del-mosquito-vector-del-dengue\\\/\"},\"author\":{\"name\":\"Editor\",\"@id\":\"https:\\\/\\\/infopba247.com.ar\\\/#\\\/schema\\\/person\\\/4975f1343a413e57bf839b3eed0099f2\"},\"headline\":\"Realizar\u00e1n una jornada de capacitaci\u00f3n sobre el manejo integrado del mosquito vector del dengue\",\"datePublished\":\"2026-04-22T18:05:42+00:00\",\"dateModified\":\"2026-04-22T18:05:43+00:00\",\"mainEntityOfPage\":{\"@id\":\"https:\\\/\\\/infopba247.com.ar\\\/index.php\\\/2026\\\/04\\\/22\\\/realizaran-una-jornada-de-capacitacion-sobre-el-manejo-integrado-del-mosquito-vector-del-dengue\\\/\"},\"wordCount\":203,\"commentCount\":0,\"publisher\":{\"@id\":\"https:\\\/\\\/infopba247.com.ar\\\/#organization\"},\"image\":{\"@id\":\"https:\\\/\\\/infopba247.com.ar\\\/index.php\\\/2026\\\/04\\\/22\\\/realizaran-una-jornada-de-capacitacion-sobre-el-manejo-integrado-del-mosquito-vector-del-dengue\\\/#primaryimage\"},\"thumbnailUrl\":\"https:\\\/\\\/infopba247.com.ar\\\/wp-content\\\/uploads\\\/2026\\\/04\\\/unnamed-2026-04-22T144644.730.jpg\",\"articleSection\":[\"Destacadas\",\"Pol\u00edtica\"],\"inLanguage\":\"es\",\"potentialAction\":[{\"@type\":\"CommentAction\",\"name\":\"Comment\",\"target\":[\"https:\\\/\\\/infopba247.com.ar\\\/index.php\\\/2026\\\/04\\\/22\\\/realizaran-una-jornada-de-capacitacion-sobre-el-manejo-integrado-del-mosquito-vector-del-dengue\\\/#respond\"]}]},{\"@type\":\"WebPage\",\"@id\":\"https:\\\/\\\/infopba247.com.ar\\\/index.php\\\/2026\\\/04\\\/22\\\/realizaran-una-jornada-de-capacitacion-sobre-el-manejo-integrado-del-mosquito-vector-del-dengue\\\/\",\"url\":\"https:\\\/\\\/infopba247.com.ar\\\/index.php\\\/2026\\\/04\\\/22\\\/realizaran-una-jornada-de-capacitacion-sobre-el-manejo-integrado-del-mosquito-vector-del-dengue\\\/\",\"name\":\"Realizar\u00e1n una jornada de capacitaci\u00f3n sobre el manejo integrado del mosquito vector del dengue - InfoPBA247\",\"isPartOf\":{\"@id\":\"https:\\\/\\\/infopba247.com.ar\\\/#website\"},\"primaryImageOfPage\":{\"@id\":\"https:\\\/\\\/infopba247.com.ar\\\/index.php\\\/2026\\\/04\\\/22\\\/realizaran-una-jornada-de-capacitacion-sobre-el-manejo-integrado-del-mosquito-vector-del-dengue\\\/#primaryimage\"},\"image\":{\"@id\":\"https:\\\/\\\/infopba247.com.ar\\\/index.php\\\/2026\\\/04\\\/22\\\/realizaran-una-jornada-de-capacitacion-sobre-el-manejo-integrado-del-mosquito-vector-del-dengue\\\/#primaryimage\"},\"thumbnailUrl\":\"https:\\\/\\\/infopba247.com.ar\\\/wp-content\\\/uploads\\\/2026\\\/04\\\/unnamed-2026-04-22T144644.730.jpg\",\"datePublished\":\"2026-04-22T18:05:42+00:00\",\"dateModified\":\"2026-04-22T18:05:43+00:00\",\"breadcrumb\":{\"@id\":\"https:\\\/\\\/infopba247.com.ar\\\/index.php\\\/2026\\\/04\\\/22\\\/realizaran-una-jornada-de-capacitacion-sobre-el-manejo-integrado-del-mosquito-vector-del-dengue\\\/#breadcrumb\"},\"inLanguage\":\"es\",\"potentialAction\":[{\"@type\":\"ReadAction\",\"target\":[\"https:\\\/\\\/infopba247.com.ar\\\/index.php\\\/2026\\\/04\\\/22\\\/realizaran-una-jornada-de-capacitacion-sobre-el-manejo-integrado-del-mosquito-vector-del-dengue\\\/\"]}]},{\"@type\":\"ImageObject\",\"inLanguage\":\"es\",\"@id\":\"https:\\\/\\\/infopba247.com.ar\\\/index.php\\\/2026\\\/04\\\/22\\\/realizaran-una-jornada-de-capacitacion-sobre-el-manejo-integrado-del-mosquito-vector-del-dengue\\\/#primaryimage\",\"url\":\"https:\\\/\\\/infopba247.com.ar\\\/wp-content\\\/uploads\\\/2026\\\/04\\\/unnamed-2026-04-22T144644.730.jpg\",\"contentUrl\":\"https:\\\/\\\/infopba247.com.ar\\\/wp-content\\\/uploads\\\/2026\\\/04\\\/unnamed-2026-04-22T144644.730.jpg\",\"width\":995,\"height\":560},{\"@type\":\"BreadcrumbList\",\"@id\":\"https:\\\/\\\/infopba247.com.ar\\\/index.php\\\/2026\\\/04\\\/22\\\/realizaran-una-jornada-de-capacitacion-sobre-el-manejo-integrado-del-mosquito-vector-del-dengue\\\/#breadcrumb\",\"itemListElement\":[{\"@type\":\"ListItem\",\"position\":1,\"name\":\"Portada\",\"item\":\"https:\\\/\\\/infopba247.com.ar\\\/\"},{\"@type\":\"ListItem\",\"position\":2,\"name\":\"Realizar\u00e1n una jornada de capacitaci\u00f3n sobre el manejo integrado del mosquito vector del dengue\"}]},{\"@type\":\"WebSite\",\"@id\":\"https:\\\/\\\/infopba247.com.ar\\\/#website\",\"url\":\"https:\\\/\\\/infopba247.com.ar\\\/\",\"name\":\"InfoPBA247\",\"description\":\"Toda la actualidad bonaerense\",\"publisher\":{\"@id\":\"https:\\\/\\\/infopba247.com.ar\\\/#organization\"},\"potentialAction\":[{\"@type\":\"SearchAction\",\"target\":{\"@type\":\"EntryPoint\",\"urlTemplate\":\"https:\\\/\\\/infopba247.com.ar\\\/?s={search_term_string}\"},\"query-input\":{\"@type\":\"PropertyValueSpecification\",\"valueRequired\":true,\"valueName\":\"search_term_string\"}}],\"inLanguage\":\"es\"},{\"@type\":\"Organization\",\"@id\":\"https:\\\/\\\/infopba247.com.ar\\\/#organization\",\"name\":\"InfoPBA247\",\"url\":\"https:\\\/\\\/infopba247.com.ar\\\/\",\"logo\":{\"@type\":\"ImageObject\",\"inLanguage\":\"es\",\"@id\":\"https:\\\/\\\/infopba247.com.ar\\\/#\\\/schema\\\/logo\\\/image\\\/\",\"url\":\"https:\\\/\\\/infopba247.com.ar\\\/wp-content\\\/uploads\\\/2022\\\/03\\\/cropped-InfoPBA247-1.png\",\"contentUrl\":\"https:\\\/\\\/infopba247.com.ar\\\/wp-content\\\/uploads\\\/2022\\\/03\\\/cropped-InfoPBA247-1.png\",\"width\":500,\"height\":122,\"caption\":\"InfoPBA247\"},\"image\":{\"@id\":\"https:\\\/\\\/infopba247.com.ar\\\/#\\\/schema\\\/logo\\\/image\\\/\"},\"sameAs\":[\"https:\\\/\\\/www.facebook.com\\\/InfoPBA\"]},{\"@type\":\"Person\",\"@id\":\"https:\\\/\\\/infopba247.com.ar\\\/#\\\/schema\\\/person\\\/4975f1343a413e57bf839b3eed0099f2\",\"name\":\"Editor\",\"image\":{\"@type\":\"ImageObject\",\"inLanguage\":\"es\",\"@id\":\"https:\\\/\\\/secure.gravatar.com\\\/avatar\\\/d27fe9520667ca53441d36627a1d6b0fa4a813571ec4803687a7a3a7744685ac?s=96&d=mm&r=g\",\"url\":\"https:\\\/\\\/secure.gravatar.com\\\/avatar\\\/d27fe9520667ca53441d36627a1d6b0fa4a813571ec4803687a7a3a7744685ac?s=96&d=mm&r=g\",\"contentUrl\":\"https:\\\/\\\/secure.gravatar.com\\\/avatar\\\/d27fe9520667ca53441d36627a1d6b0fa4a813571ec4803687a7a3a7744685ac?s=96&d=mm&r=g\",\"caption\":\"Editor\"},\"url\":\"https:\\\/\\\/infopba247.com.ar\\\/index.php\\\/author\\\/editor\\\/\"}]}<\/script>\n<!-- \/ Yoast SEO plugin. -->","yoast_head_json":{"title":"Realizar\u00e1n una jornada de capacitaci\u00f3n sobre el manejo integrado del mosquito vector del dengue - InfoPBA247","robots":{"index":"index","follow":"follow","max-snippet":"max-snippet:-1","max-image-preview":"max-image-preview:large","max-video-preview":"max-video-preview:-1"},"canonical":"https:\/\/infopba247.com.ar\/index.php\/2026\/04\/22\/realizaran-una-jornada-de-capacitacion-sobre-el-manejo-integrado-del-mosquito-vector-del-dengue\/","og_locale":"es_ES","og_type":"article","og_title":"Realizar\u00e1n una jornada de capacitaci\u00f3n sobre el manejo integrado del mosquito vector del dengue - InfoPBA247","og_description":"Ser\u00e1 el martes 28 de abril en el Hospital Municipal de Punta Lara, Ensenada, y estar\u00e1 a cargo de la","og_url":"https:\/\/infopba247.com.ar\/index.php\/2026\/04\/22\/realizaran-una-jornada-de-capacitacion-sobre-el-manejo-integrado-del-mosquito-vector-del-dengue\/","og_site_name":"InfoPBA247","article_publisher":"https:\/\/www.facebook.com\/InfoPBA","article_published_time":"2026-04-22T18:05:42+00:00","article_modified_time":"2026-04-22T18:05:43+00:00","og_image":[{"width":995,"height":560,"url":"https:\/\/infopba247.com.ar\/wp-content\/uploads\/2026\/04\/unnamed-2026-04-22T144644.730.jpg","type":"image\/jpeg"}],"author":"Editor","twitter_card":"summary_large_image","twitter_misc":{"Escrito por":"Editor","Tiempo de lectura":"2 minutos"},"schema":{"@context":"https:\/\/schema.org","@graph":[{"@type":"Article","@id":"https:\/\/infopba247.com.ar\/index.php\/2026\/04\/22\/realizaran-una-jornada-de-capacitacion-sobre-el-manejo-integrado-del-mosquito-vector-del-dengue\/#article","isPartOf":{"@id":"https:\/\/infopba247.com.ar\/index.php\/2026\/04\/22\/realizaran-una-jornada-de-capacitacion-sobre-el-manejo-integrado-del-mosquito-vector-del-dengue\/"},"author":{"name":"Editor","@id":"https:\/\/infopba247.com.ar\/#\/schema\/person\/4975f1343a413e57bf839b3eed0099f2"},"headline":"Realizar\u00e1n una jornada de capacitaci\u00f3n sobre el manejo integrado del mosquito vector del dengue","datePublished":"2026-04-22T18:05:42+00:00","dateModified":"2026-04-22T18:05:43+00:00","mainEntityOfPage":{"@id":"https:\/\/infopba247.com.ar\/index.php\/2026\/04\/22\/realizaran-una-jornada-de-capacitacion-sobre-el-manejo-integrado-del-mosquito-vector-del-dengue\/"},"wordCount":203,"commentCount":0,"publisher":{"@id":"https:\/\/infopba247.com.ar\/#organization"},"image":{"@id":"https:\/\/infopba247.com.ar\/index.php\/2026\/04\/22\/realizaran-una-jornada-de-capacitacion-sobre-el-manejo-integrado-del-mosquito-vector-del-dengue\/#primaryimage"},"thumbnailUrl":"https:\/\/infopba247.com.ar\/wp-content\/uploads\/2026\/04\/unnamed-2026-04-22T144644.730.jpg","articleSection":["Destacadas","Pol\u00edtica"],"inLanguage":"es","potentialAction":[{"@type":"CommentAction","name":"Comment","target":["https:\/\/infopba247.com.ar\/index.php\/2026\/04\/22\/realizaran-una-jornada-de-capacitacion-sobre-el-manejo-integrado-del-mosquito-vector-del-dengue\/#respond"]}]},{"@type":"WebPage","@id":"https:\/\/infopba247.com.ar\/index.php\/2026\/04\/22\/realizaran-una-jornada-de-capacitacion-sobre-el-manejo-integrado-del-mosquito-vector-del-dengue\/","url":"https:\/\/infopba247.com.ar\/index.php\/2026\/04\/22\/realizaran-una-jornada-de-capacitacion-sobre-el-manejo-integrado-del-mosquito-vector-del-dengue\/","name":"Realizar\u00e1n una jornada de capacitaci\u00f3n sobre el manejo integrado del mosquito vector del dengue - InfoPBA247","isPartOf":{"@id":"https:\/\/infopba247.com.ar\/#website"},"primaryImageOfPage":{"@id":"https:\/\/infopba247.com.ar\/index.php\/2026\/04\/22\/realizaran-una-jornada-de-capacitacion-sobre-el-manejo-integrado-del-mosquito-vector-del-dengue\/#primaryimage"},"image":{"@id":"https:\/\/infopba247.com.ar\/index.php\/2026\/04\/22\/realizaran-una-jornada-de-capacitacion-sobre-el-manejo-integrado-del-mosquito-vector-del-dengue\/#primaryimage"},"thumbnailUrl":"https:\/\/infopba247.com.ar\/wp-content\/uploads\/2026\/04\/unnamed-2026-04-22T144644.730.jpg","datePublished":"2026-04-22T18:05:42+00:00","dateModified":"2026-04-22T18:05:43+00:00","breadcrumb":{"@id":"https:\/\/infopba247.com.ar\/index.php\/2026\/04\/22\/realizaran-una-jornada-de-capacitacion-sobre-el-manejo-integrado-del-mosquito-vector-del-dengue\/#breadcrumb"},"inLanguage":"es","potentialAction":[{"@type":"ReadAction","target":["https:\/\/infopba247.com.ar\/index.php\/2026\/04\/22\/realizaran-una-jornada-de-capacitacion-sobre-el-manejo-integrado-del-mosquito-vector-del-dengue\/"]}]},{"@type":"ImageObject","inLanguage":"es","@id":"https:\/\/infopba247.com.ar\/index.php\/2026\/04\/22\/realizaran-una-jornada-de-capacitacion-sobre-el-manejo-integrado-del-mosquito-vector-del-dengue\/#primaryimage","url":"https:\/\/infopba247.com.ar\/wp-content\/uploads\/2026\/04\/unnamed-2026-04-22T144644.730.jpg","contentUrl":"https:\/\/infopba247.com.ar\/wp-content\/uploads\/2026\/04\/unnamed-2026-04-22T144644.730.jpg","width":995,"height":560},{"@type":"BreadcrumbList","@id":"https:\/\/infopba247.com.ar\/index.php\/2026\/04\/22\/realizaran-una-jornada-de-capacitacion-sobre-el-manejo-integrado-del-mosquito-vector-del-dengue\/#breadcrumb","itemListElement":[{"@type":"ListItem","position":1,"name":"Portada","item":"https:\/\/infopba247.com.ar\/"},{"@type":"ListItem","position":2,"name":"Realizar\u00e1n una jornada de capacitaci\u00f3n sobre el manejo integrado del mosquito vector del dengue"}]},{"@type":"WebSite","@id":"https:\/\/infopba247.com.ar\/#website","url":"https:\/\/infopba247.com.ar\/","name":"InfoPBA247","description":"Toda la actualidad bonaerense","publisher":{"@id":"https:\/\/infopba247.com.ar\/#organization"},"potentialAction":[{"@type":"SearchAction","target":{"@type":"EntryPoint","urlTemplate":"https:\/\/infopba247.com.ar\/?s={search_term_string}"},"query-input":{"@type":"PropertyValueSpecification","valueRequired":true,"valueName":"search_term_string"}}],"inLanguage":"es"},{"@type":"Organization","@id":"https:\/\/infopba247.com.ar\/#organization","name":"InfoPBA247","url":"https:\/\/infopba247.com.ar\/","logo":{"@type":"ImageObject","inLanguage":"es","@id":"https:\/\/infopba247.com.ar\/#\/schema\/logo\/image\/","url":"https:\/\/infopba247.com.ar\/wp-content\/uploads\/2022\/03\/cropped-InfoPBA247-1.png","contentUrl":"https:\/\/infopba247.com.ar\/wp-content\/uploads\/2022\/03\/cropped-InfoPBA247-1.png","width":500,"height":122,"caption":"InfoPBA247"},"image":{"@id":"https:\/\/infopba247.com.ar\/#\/schema\/logo\/image\/"},"sameAs":["https:\/\/www.facebook.com\/InfoPBA"]},{"@type":"Person","@id":"https:\/\/infopba247.com.ar\/#\/schema\/person\/4975f1343a413e57bf839b3eed0099f2","name":"Editor","image":{"@type":"ImageObject","inLanguage":"es","@id":"https:\/\/secure.gravatar.com\/avatar\/d27fe9520667ca53441d36627a1d6b0fa4a813571ec4803687a7a3a7744685ac?s=96&d=mm&r=g","url":"https:\/\/secure.gravatar.com\/avatar\/d27fe9520667ca53441d36627a1d6b0fa4a813571ec4803687a7a3a7744685ac?s=96&d=mm&r=g","contentUrl":"https:\/\/secure.gravatar.com\/avatar\/d27fe9520667ca53441d36627a1d6b0fa4a813571ec4803687a7a3a7744685ac?s=96&d=mm&r=g","caption":"Editor"},"url":"https:\/\/infopba247.com.ar\/index.php\/author\/editor\/"}]}},"_links":{"self":[{"href":"https:\/\/infopba247.com.ar\/index.php\/wp-json\/wp\/v2\/posts\/9480","targetHints":{"allow":["GET"]}}],"collection":[{"href":"https:\/\/infopba247.com.ar\/index.php\/wp-json\/wp\/v2\/posts"}],"about":[{"href":"https:\/\/infopba247.com.ar\/index.php\/wp-json\/wp\/v2\/types\/post"}],"author":[{"embeddable":true,"href":"https:\/\/infopba247.com.ar\/index.php\/wp-json\/wp\/v2\/users\/3"}],"replies":[{"embeddable":true,"href":"https:\/\/infopba247.com.ar\/index.php\/wp-json\/wp\/v2\/comments?post=9480"}],"version-history":[{"count":1,"href":"https:\/\/infopba247.com.ar\/index.php\/wp-json\/wp\/v2\/posts\/9480\/revisions"}],"predecessor-version":[{"id":9485,"href":"https:\/\/infopba247.com.ar\/index.php\/wp-json\/wp\/v2\/posts\/9480\/revisions\/9485"}],"wp:featuredmedia":[{"embeddable":true,"href":"https:\/\/infopba247.com.ar\/index.php\/wp-json\/wp\/v2\/media\/9484"}],"wp:attachment":[{"href":"https:\/\/infopba247.com.ar\/index.php\/wp-json\/wp\/v2\/media?parent=9480"}],"wp:term":[{"taxonomy":"category","embeddable":true,"href":"https:\/\/infopba247.com.ar\/index.php\/wp-json\/wp\/v2\/categories?post=9480"},{"taxonomy":"post_tag","embeddable":true,"href":"https:\/\/infopba247.com.ar\/index.php\/wp-json\/wp\/v2\/tags?post=9480"}],"curies":[{"name":"wp","href":"https:\/\/api.w.org\/{rel}","templated":true}]}}