{"id":9470,"date":"2026-04-21T14:22:13","date_gmt":"2026-04-21T17:22:13","guid":{"rendered":"https:\/\/infopba247.com.ar\/?p=9470"},"modified":"2026-04-21T14:22:14","modified_gmt":"2026-04-21T17:22:14","slug":"contundente-movilizacion-del-radicalismo-bonaerense-en-toda-la-provincia","status":"publish","type":"post","link":"https:\/\/infopba247.com.ar\/index.php\/2026\/04\/21\/contundente-movilizacion-del-radicalismo-bonaerense-en-toda-la-provincia\/","title":{"rendered":"Contundente movilizaci\u00f3n del radicalismo bonaerense en toda la provincia."},"content":{"rendered":"\n<p>En continuidad con el encuentro realizado en Saladillo bajo el lema \u201cPensar el presente y construir el futuro\u201d, se llev\u00f3 adelante este s\u00e1bado una jornada de escucha activa en distintos puntos del territorio bonaerense.<\/p>\n\n\n\n<p>Intendentes, legisladores provinciales y nacionales, junto a militantes, recorrieron simult\u00e1neamente diferentes distritos con un mismo objetivo: escuchar a la sociedad.<\/p>\n\n\n\n<p>Las actividades se desarrollaron a trav\u00e9s de encuentros con comerciantes, miembros de instituciones, emprendedores, y vecinos. Los reclamos fueron varios, entre ellos, los salarios que no alcanzan, la falta de empleo, la inseguridad, la calidad educativa y el acceso a la salud.<\/p>\n\n\n\n<p>Desde el espacio destacaron que esta iniciativa forma parte de una construcci\u00f3n pol\u00edtica basada en la cercan\u00eda, el di\u00e1logo y el conocimiento real de lo que sucede en cada comunidad. \u201cNo se trata de discursos, sino de escuchar, entender y construir propuestas desde la realidad cotidiana de los bonaerenses\u201d, se\u00f1alaron.<\/p>\n\n\n\n<p>La jornada permiti\u00f3 relevar inquietudes comunes en toda la Provincia y avanzar en un diagn\u00f3stico territorial que servir\u00e1 como base para seguir dise\u00f1ando pol\u00edticas p\u00fablicas con identidad y soluciones concretas.<\/p>\n\n\n\n<p>De esta manera, el radicalismo bonaerense reafirma su decisi\u00f3n de recorrer cada distrito y consolidar una alternativa pol\u00edtica que nazca desde la escucha y el compromiso con la realidad de los vecinos.<\/p>\n","protected":false},"excerpt":{"rendered":"<p>En continuidad con el encuentro realizado en Saladillo bajo el lema \u201cPensar el presente y construir el futuro\u201d, se llev\u00f3<\/p>\n","protected":false},"author":3,"featured_media":9471,"comment_status":"open","ping_status":"open","sticky":false,"template":"","format":"standard","meta":{"colormag_page_container_layout":"default_layout","colormag_page_sidebar_layout":"default_layout","footnotes":""},"categories":[1,14],"tags":[],"class_list":["post-9470","post","type-post","status-publish","format-standard","has-post-thumbnail","hentry","category-destacadas","category-politica"],"yoast_head":"<!-- This site is optimized with the Yoast SEO plugin v27.4 - https:\/\/yoast.com\/product\/yoast-seo-wordpress\/ -->\n<title>Contundente movilizaci\u00f3n del radicalismo bonaerense en toda la provincia. - InfoPBA247<\/title>\n<meta name=\"robots\" content=\"index, follow, max-snippet:-1, max-image-preview:large, max-video-preview:-1\" \/>\n<link rel=\"canonical\" href=\"https:\/\/infopba247.com.ar\/index.php\/2026\/04\/21\/contundente-movilizacion-del-radicalismo-bonaerense-en-toda-la-provincia\/\" \/>\n<meta property=\"og:locale\" content=\"es_ES\" \/>\n<meta property=\"og:type\" content=\"article\" \/>\n<meta property=\"og:title\" content=\"Contundente movilizaci\u00f3n del radicalismo bonaerense en toda la provincia. - InfoPBA247\" \/>\n<meta property=\"og:description\" content=\"En continuidad con el encuentro realizado en Saladillo bajo el lema \u201cPensar el presente y construir el futuro\u201d, se llev\u00f3\" \/>\n<meta property=\"og:url\" content=\"https:\/\/infopba247.com.ar\/index.php\/2026\/04\/21\/contundente-movilizacion-del-radicalismo-bonaerense-en-toda-la-provincia\/\" \/>\n<meta property=\"og:site_name\" content=\"InfoPBA247\" \/>\n<meta property=\"article:publisher\" content=\"https:\/\/www.facebook.com\/InfoPBA\" \/>\n<meta property=\"article:published_time\" content=\"2026-04-21T17:22:13+00:00\" \/>\n<meta property=\"article:modified_time\" content=\"2026-04-21T17:22:14+00:00\" \/>\n<meta property=\"og:image\" content=\"https:\/\/infopba247.com.ar\/wp-content\/uploads\/2026\/04\/WhatsApp-Image-2026-04-21-at-11.17.38.jpeg\" \/>\n\t<meta property=\"og:image:width\" content=\"960\" \/>\n\t<meta property=\"og:image:height\" content=\"1280\" \/>\n\t<meta property=\"og:image:type\" content=\"image\/jpeg\" \/>\n<meta name=\"author\" content=\"Editor\" \/>\n<meta name=\"twitter:card\" content=\"summary_large_image\" \/>\n<meta name=\"twitter:label1\" content=\"Escrito por\" \/>\n\t<meta name=\"twitter:data1\" content=\"Editor\" \/>\n\t<meta name=\"twitter:label2\" content=\"Tiempo de lectura\" \/>\n\t<meta name=\"twitter:data2\" content=\"2 minutos\" \/>\n<script type=\"application\/ld+json\" class=\"yoast-schema-graph\">{\"@context\":\"https:\\\/\\\/schema.org\",\"@graph\":[{\"@type\":\"Article\",\"@id\":\"https:\\\/\\\/infopba247.com.ar\\\/index.php\\\/2026\\\/04\\\/21\\\/contundente-movilizacion-del-radicalismo-bonaerense-en-toda-la-provincia\\\/#article\",\"isPartOf\":{\"@id\":\"https:\\\/\\\/infopba247.com.ar\\\/index.php\\\/2026\\\/04\\\/21\\\/contundente-movilizacion-del-radicalismo-bonaerense-en-toda-la-provincia\\\/\"},\"author\":{\"name\":\"Editor\",\"@id\":\"https:\\\/\\\/infopba247.com.ar\\\/#\\\/schema\\\/person\\\/4975f1343a413e57bf839b3eed0099f2\"},\"headline\":\"Contundente movilizaci\u00f3n del radicalismo bonaerense en toda la provincia.\",\"datePublished\":\"2026-04-21T17:22:13+00:00\",\"dateModified\":\"2026-04-21T17:22:14+00:00\",\"mainEntityOfPage\":{\"@id\":\"https:\\\/\\\/infopba247.com.ar\\\/index.php\\\/2026\\\/04\\\/21\\\/contundente-movilizacion-del-radicalismo-bonaerense-en-toda-la-provincia\\\/\"},\"wordCount\":232,\"commentCount\":0,\"publisher\":{\"@id\":\"https:\\\/\\\/infopba247.com.ar\\\/#organization\"},\"image\":{\"@id\":\"https:\\\/\\\/infopba247.com.ar\\\/index.php\\\/2026\\\/04\\\/21\\\/contundente-movilizacion-del-radicalismo-bonaerense-en-toda-la-provincia\\\/#primaryimage\"},\"thumbnailUrl\":\"https:\\\/\\\/infopba247.com.ar\\\/wp-content\\\/uploads\\\/2026\\\/04\\\/WhatsApp-Image-2026-04-21-at-11.17.38.jpeg\",\"articleSection\":[\"Destacadas\",\"Pol\u00edtica\"],\"inLanguage\":\"es\",\"potentialAction\":[{\"@type\":\"CommentAction\",\"name\":\"Comment\",\"target\":[\"https:\\\/\\\/infopba247.com.ar\\\/index.php\\\/2026\\\/04\\\/21\\\/contundente-movilizacion-del-radicalismo-bonaerense-en-toda-la-provincia\\\/#respond\"]}]},{\"@type\":\"WebPage\",\"@id\":\"https:\\\/\\\/infopba247.com.ar\\\/index.php\\\/2026\\\/04\\\/21\\\/contundente-movilizacion-del-radicalismo-bonaerense-en-toda-la-provincia\\\/\",\"url\":\"https:\\\/\\\/infopba247.com.ar\\\/index.php\\\/2026\\\/04\\\/21\\\/contundente-movilizacion-del-radicalismo-bonaerense-en-toda-la-provincia\\\/\",\"name\":\"Contundente movilizaci\u00f3n del radicalismo bonaerense en toda la provincia. - InfoPBA247\",\"isPartOf\":{\"@id\":\"https:\\\/\\\/infopba247.com.ar\\\/#website\"},\"primaryImageOfPage\":{\"@id\":\"https:\\\/\\\/infopba247.com.ar\\\/index.php\\\/2026\\\/04\\\/21\\\/contundente-movilizacion-del-radicalismo-bonaerense-en-toda-la-provincia\\\/#primaryimage\"},\"image\":{\"@id\":\"https:\\\/\\\/infopba247.com.ar\\\/index.php\\\/2026\\\/04\\\/21\\\/contundente-movilizacion-del-radicalismo-bonaerense-en-toda-la-provincia\\\/#primaryimage\"},\"thumbnailUrl\":\"https:\\\/\\\/infopba247.com.ar\\\/wp-content\\\/uploads\\\/2026\\\/04\\\/WhatsApp-Image-2026-04-21-at-11.17.38.jpeg\",\"datePublished\":\"2026-04-21T17:22:13+00:00\",\"dateModified\":\"2026-04-21T17:22:14+00:00\",\"breadcrumb\":{\"@id\":\"https:\\\/\\\/infopba247.com.ar\\\/index.php\\\/2026\\\/04\\\/21\\\/contundente-movilizacion-del-radicalismo-bonaerense-en-toda-la-provincia\\\/#breadcrumb\"},\"inLanguage\":\"es\",\"potentialAction\":[{\"@type\":\"ReadAction\",\"target\":[\"https:\\\/\\\/infopba247.com.ar\\\/index.php\\\/2026\\\/04\\\/21\\\/contundente-movilizacion-del-radicalismo-bonaerense-en-toda-la-provincia\\\/\"]}]},{\"@type\":\"ImageObject\",\"inLanguage\":\"es\",\"@id\":\"https:\\\/\\\/infopba247.com.ar\\\/index.php\\\/2026\\\/04\\\/21\\\/contundente-movilizacion-del-radicalismo-bonaerense-en-toda-la-provincia\\\/#primaryimage\",\"url\":\"https:\\\/\\\/infopba247.com.ar\\\/wp-content\\\/uploads\\\/2026\\\/04\\\/WhatsApp-Image-2026-04-21-at-11.17.38.jpeg\",\"contentUrl\":\"https:\\\/\\\/infopba247.com.ar\\\/wp-content\\\/uploads\\\/2026\\\/04\\\/WhatsApp-Image-2026-04-21-at-11.17.38.jpeg\",\"width\":960,\"height\":1280},{\"@type\":\"BreadcrumbList\",\"@id\":\"https:\\\/\\\/infopba247.com.ar\\\/index.php\\\/2026\\\/04\\\/21\\\/contundente-movilizacion-del-radicalismo-bonaerense-en-toda-la-provincia\\\/#breadcrumb\",\"itemListElement\":[{\"@type\":\"ListItem\",\"position\":1,\"name\":\"Portada\",\"item\":\"https:\\\/\\\/infopba247.com.ar\\\/\"},{\"@type\":\"ListItem\",\"position\":2,\"name\":\"Contundente movilizaci\u00f3n del radicalismo bonaerense en toda la provincia.\"}]},{\"@type\":\"WebSite\",\"@id\":\"https:\\\/\\\/infopba247.com.ar\\\/#website\",\"url\":\"https:\\\/\\\/infopba247.com.ar\\\/\",\"name\":\"InfoPBA247\",\"description\":\"Toda la actualidad bonaerense\",\"publisher\":{\"@id\":\"https:\\\/\\\/infopba247.com.ar\\\/#organization\"},\"potentialAction\":[{\"@type\":\"SearchAction\",\"target\":{\"@type\":\"EntryPoint\",\"urlTemplate\":\"https:\\\/\\\/infopba247.com.ar\\\/?s={search_term_string}\"},\"query-input\":{\"@type\":\"PropertyValueSpecification\",\"valueRequired\":true,\"valueName\":\"search_term_string\"}}],\"inLanguage\":\"es\"},{\"@type\":\"Organization\",\"@id\":\"https:\\\/\\\/infopba247.com.ar\\\/#organization\",\"name\":\"InfoPBA247\",\"url\":\"https:\\\/\\\/infopba247.com.ar\\\/\",\"logo\":{\"@type\":\"ImageObject\",\"inLanguage\":\"es\",\"@id\":\"https:\\\/\\\/infopba247.com.ar\\\/#\\\/schema\\\/logo\\\/image\\\/\",\"url\":\"https:\\\/\\\/infopba247.com.ar\\\/wp-content\\\/uploads\\\/2022\\\/03\\\/cropped-InfoPBA247-1.png\",\"contentUrl\":\"https:\\\/\\\/infopba247.com.ar\\\/wp-content\\\/uploads\\\/2022\\\/03\\\/cropped-InfoPBA247-1.png\",\"width\":500,\"height\":122,\"caption\":\"InfoPBA247\"},\"image\":{\"@id\":\"https:\\\/\\\/infopba247.com.ar\\\/#\\\/schema\\\/logo\\\/image\\\/\"},\"sameAs\":[\"https:\\\/\\\/www.facebook.com\\\/InfoPBA\"]},{\"@type\":\"Person\",\"@id\":\"https:\\\/\\\/infopba247.com.ar\\\/#\\\/schema\\\/person\\\/4975f1343a413e57bf839b3eed0099f2\",\"name\":\"Editor\",\"image\":{\"@type\":\"ImageObject\",\"inLanguage\":\"es\",\"@id\":\"https:\\\/\\\/secure.gravatar.com\\\/avatar\\\/d27fe9520667ca53441d36627a1d6b0fa4a813571ec4803687a7a3a7744685ac?s=96&d=mm&r=g\",\"url\":\"https:\\\/\\\/secure.gravatar.com\\\/avatar\\\/d27fe9520667ca53441d36627a1d6b0fa4a813571ec4803687a7a3a7744685ac?s=96&d=mm&r=g\",\"contentUrl\":\"https:\\\/\\\/secure.gravatar.com\\\/avatar\\\/d27fe9520667ca53441d36627a1d6b0fa4a813571ec4803687a7a3a7744685ac?s=96&d=mm&r=g\",\"caption\":\"Editor\"},\"url\":\"https:\\\/\\\/infopba247.com.ar\\\/index.php\\\/author\\\/editor\\\/\"}]}<\/script>\n<!-- \/ Yoast SEO plugin. -->","yoast_head_json":{"title":"Contundente movilizaci\u00f3n del radicalismo bonaerense en toda la provincia. - InfoPBA247","robots":{"index":"index","follow":"follow","max-snippet":"max-snippet:-1","max-image-preview":"max-image-preview:large","max-video-preview":"max-video-preview:-1"},"canonical":"https:\/\/infopba247.com.ar\/index.php\/2026\/04\/21\/contundente-movilizacion-del-radicalismo-bonaerense-en-toda-la-provincia\/","og_locale":"es_ES","og_type":"article","og_title":"Contundente movilizaci\u00f3n del radicalismo bonaerense en toda la provincia. - InfoPBA247","og_description":"En continuidad con el encuentro realizado en Saladillo bajo el lema \u201cPensar el presente y construir el futuro\u201d, se llev\u00f3","og_url":"https:\/\/infopba247.com.ar\/index.php\/2026\/04\/21\/contundente-movilizacion-del-radicalismo-bonaerense-en-toda-la-provincia\/","og_site_name":"InfoPBA247","article_publisher":"https:\/\/www.facebook.com\/InfoPBA","article_published_time":"2026-04-21T17:22:13+00:00","article_modified_time":"2026-04-21T17:22:14+00:00","og_image":[{"width":960,"height":1280,"url":"https:\/\/infopba247.com.ar\/wp-content\/uploads\/2026\/04\/WhatsApp-Image-2026-04-21-at-11.17.38.jpeg","type":"image\/jpeg"}],"author":"Editor","twitter_card":"summary_large_image","twitter_misc":{"Escrito por":"Editor","Tiempo de lectura":"2 minutos"},"schema":{"@context":"https:\/\/schema.org","@graph":[{"@type":"Article","@id":"https:\/\/infopba247.com.ar\/index.php\/2026\/04\/21\/contundente-movilizacion-del-radicalismo-bonaerense-en-toda-la-provincia\/#article","isPartOf":{"@id":"https:\/\/infopba247.com.ar\/index.php\/2026\/04\/21\/contundente-movilizacion-del-radicalismo-bonaerense-en-toda-la-provincia\/"},"author":{"name":"Editor","@id":"https:\/\/infopba247.com.ar\/#\/schema\/person\/4975f1343a413e57bf839b3eed0099f2"},"headline":"Contundente movilizaci\u00f3n del radicalismo bonaerense en toda la provincia.","datePublished":"2026-04-21T17:22:13+00:00","dateModified":"2026-04-21T17:22:14+00:00","mainEntityOfPage":{"@id":"https:\/\/infopba247.com.ar\/index.php\/2026\/04\/21\/contundente-movilizacion-del-radicalismo-bonaerense-en-toda-la-provincia\/"},"wordCount":232,"commentCount":0,"publisher":{"@id":"https:\/\/infopba247.com.ar\/#organization"},"image":{"@id":"https:\/\/infopba247.com.ar\/index.php\/2026\/04\/21\/contundente-movilizacion-del-radicalismo-bonaerense-en-toda-la-provincia\/#primaryimage"},"thumbnailUrl":"https:\/\/infopba247.com.ar\/wp-content\/uploads\/2026\/04\/WhatsApp-Image-2026-04-21-at-11.17.38.jpeg","articleSection":["Destacadas","Pol\u00edtica"],"inLanguage":"es","potentialAction":[{"@type":"CommentAction","name":"Comment","target":["https:\/\/infopba247.com.ar\/index.php\/2026\/04\/21\/contundente-movilizacion-del-radicalismo-bonaerense-en-toda-la-provincia\/#respond"]}]},{"@type":"WebPage","@id":"https:\/\/infopba247.com.ar\/index.php\/2026\/04\/21\/contundente-movilizacion-del-radicalismo-bonaerense-en-toda-la-provincia\/","url":"https:\/\/infopba247.com.ar\/index.php\/2026\/04\/21\/contundente-movilizacion-del-radicalismo-bonaerense-en-toda-la-provincia\/","name":"Contundente movilizaci\u00f3n del radicalismo bonaerense en toda la provincia. - InfoPBA247","isPartOf":{"@id":"https:\/\/infopba247.com.ar\/#website"},"primaryImageOfPage":{"@id":"https:\/\/infopba247.com.ar\/index.php\/2026\/04\/21\/contundente-movilizacion-del-radicalismo-bonaerense-en-toda-la-provincia\/#primaryimage"},"image":{"@id":"https:\/\/infopba247.com.ar\/index.php\/2026\/04\/21\/contundente-movilizacion-del-radicalismo-bonaerense-en-toda-la-provincia\/#primaryimage"},"thumbnailUrl":"https:\/\/infopba247.com.ar\/wp-content\/uploads\/2026\/04\/WhatsApp-Image-2026-04-21-at-11.17.38.jpeg","datePublished":"2026-04-21T17:22:13+00:00","dateModified":"2026-04-21T17:22:14+00:00","breadcrumb":{"@id":"https:\/\/infopba247.com.ar\/index.php\/2026\/04\/21\/contundente-movilizacion-del-radicalismo-bonaerense-en-toda-la-provincia\/#breadcrumb"},"inLanguage":"es","potentialAction":[{"@type":"ReadAction","target":["https:\/\/infopba247.com.ar\/index.php\/2026\/04\/21\/contundente-movilizacion-del-radicalismo-bonaerense-en-toda-la-provincia\/"]}]},{"@type":"ImageObject","inLanguage":"es","@id":"https:\/\/infopba247.com.ar\/index.php\/2026\/04\/21\/contundente-movilizacion-del-radicalismo-bonaerense-en-toda-la-provincia\/#primaryimage","url":"https:\/\/infopba247.com.ar\/wp-content\/uploads\/2026\/04\/WhatsApp-Image-2026-04-21-at-11.17.38.jpeg","contentUrl":"https:\/\/infopba247.com.ar\/wp-content\/uploads\/2026\/04\/WhatsApp-Image-2026-04-21-at-11.17.38.jpeg","width":960,"height":1280},{"@type":"BreadcrumbList","@id":"https:\/\/infopba247.com.ar\/index.php\/2026\/04\/21\/contundente-movilizacion-del-radicalismo-bonaerense-en-toda-la-provincia\/#breadcrumb","itemListElement":[{"@type":"ListItem","position":1,"name":"Portada","item":"https:\/\/infopba247.com.ar\/"},{"@type":"ListItem","position":2,"name":"Contundente movilizaci\u00f3n del radicalismo bonaerense en toda la provincia."}]},{"@type":"WebSite","@id":"https:\/\/infopba247.com.ar\/#website","url":"https:\/\/infopba247.com.ar\/","name":"InfoPBA247","description":"Toda la actualidad bonaerense","publisher":{"@id":"https:\/\/infopba247.com.ar\/#organization"},"potentialAction":[{"@type":"SearchAction","target":{"@type":"EntryPoint","urlTemplate":"https:\/\/infopba247.com.ar\/?s={search_term_string}"},"query-input":{"@type":"PropertyValueSpecification","valueRequired":true,"valueName":"search_term_string"}}],"inLanguage":"es"},{"@type":"Organization","@id":"https:\/\/infopba247.com.ar\/#organization","name":"InfoPBA247","url":"https:\/\/infopba247.com.ar\/","logo":{"@type":"ImageObject","inLanguage":"es","@id":"https:\/\/infopba247.com.ar\/#\/schema\/logo\/image\/","url":"https:\/\/infopba247.com.ar\/wp-content\/uploads\/2022\/03\/cropped-InfoPBA247-1.png","contentUrl":"https:\/\/infopba247.com.ar\/wp-content\/uploads\/2022\/03\/cropped-InfoPBA247-1.png","width":500,"height":122,"caption":"InfoPBA247"},"image":{"@id":"https:\/\/infopba247.com.ar\/#\/schema\/logo\/image\/"},"sameAs":["https:\/\/www.facebook.com\/InfoPBA"]},{"@type":"Person","@id":"https:\/\/infopba247.com.ar\/#\/schema\/person\/4975f1343a413e57bf839b3eed0099f2","name":"Editor","image":{"@type":"ImageObject","inLanguage":"es","@id":"https:\/\/secure.gravatar.com\/avatar\/d27fe9520667ca53441d36627a1d6b0fa4a813571ec4803687a7a3a7744685ac?s=96&d=mm&r=g","url":"https:\/\/secure.gravatar.com\/avatar\/d27fe9520667ca53441d36627a1d6b0fa4a813571ec4803687a7a3a7744685ac?s=96&d=mm&r=g","contentUrl":"https:\/\/secure.gravatar.com\/avatar\/d27fe9520667ca53441d36627a1d6b0fa4a813571ec4803687a7a3a7744685ac?s=96&d=mm&r=g","caption":"Editor"},"url":"https:\/\/infopba247.com.ar\/index.php\/author\/editor\/"}]}},"_links":{"self":[{"href":"https:\/\/infopba247.com.ar\/index.php\/wp-json\/wp\/v2\/posts\/9470","targetHints":{"allow":["GET"]}}],"collection":[{"href":"https:\/\/infopba247.com.ar\/index.php\/wp-json\/wp\/v2\/posts"}],"about":[{"href":"https:\/\/infopba247.com.ar\/index.php\/wp-json\/wp\/v2\/types\/post"}],"author":[{"embeddable":true,"href":"https:\/\/infopba247.com.ar\/index.php\/wp-json\/wp\/v2\/users\/3"}],"replies":[{"embeddable":true,"href":"https:\/\/infopba247.com.ar\/index.php\/wp-json\/wp\/v2\/comments?post=9470"}],"version-history":[{"count":1,"href":"https:\/\/infopba247.com.ar\/index.php\/wp-json\/wp\/v2\/posts\/9470\/revisions"}],"predecessor-version":[{"id":9472,"href":"https:\/\/infopba247.com.ar\/index.php\/wp-json\/wp\/v2\/posts\/9470\/revisions\/9472"}],"wp:featuredmedia":[{"embeddable":true,"href":"https:\/\/infopba247.com.ar\/index.php\/wp-json\/wp\/v2\/media\/9471"}],"wp:attachment":[{"href":"https:\/\/infopba247.com.ar\/index.php\/wp-json\/wp\/v2\/media?parent=9470"}],"wp:term":[{"taxonomy":"category","embeddable":true,"href":"https:\/\/infopba247.com.ar\/index.php\/wp-json\/wp\/v2\/categories?post=9470"},{"taxonomy":"post_tag","embeddable":true,"href":"https:\/\/infopba247.com.ar\/index.php\/wp-json\/wp\/v2\/tags?post=9470"}],"curies":[{"name":"wp","href":"https:\/\/api.w.org\/{rel}","templated":true}]}}