{"id":9145,"date":"2026-03-06T14:55:25","date_gmt":"2026-03-06T17:55:25","guid":{"rendered":"https:\/\/infopba247.com.ar\/?p=9145"},"modified":"2026-03-06T14:55:26","modified_gmt":"2026-03-06T17:55:26","slug":"se-desactivo-un-bunker-narco-en-la-reja","status":"publish","type":"post","link":"https:\/\/infopba247.com.ar\/index.php\/2026\/03\/06\/se-desactivo-un-bunker-narco-en-la-reja\/","title":{"rendered":"Se desactiv\u00f3 un b\u00fanker narco en La Reja"},"content":{"rendered":"\n<p>La medida se llev\u00f3 adelante tras m\u00faltiples investigaciones y operativos que evidenciaron la reiterada comercializaci\u00f3n de estupefacientes en el lugar<\/p>\n\n\n\n<p>El Municipio de Moreno, bajo la conducci\u00f3n de la intendenta Mariel Fern\u00e1ndez, junto a la Fiscal\u00eda N\u00b012, el Ministerio de Seguridad de la provincia de Buenos Aires y la Polic\u00eda bonaerense, realiz\u00f3 la desactivaci\u00f3n de un b\u00fanker narco en el barrio Lomas Verdes de la localidad de La Reja, identificado como un punto de reincidencia criminal vinculado a la venta de drogas y al ocultamiento de personas con pedido de captura.<\/p>\n\n\n\n<p>El operativo incluy\u00f3 la demolici\u00f3n de las edificaciones precarias utilizadas para estas actividades il\u00edcitas, ubicadas en un pasaje angosto emplazado en la zona de las calles Estados Unidos y Pericles. En las investigaciones se constat\u00f3 que el lugar contaba con construcciones que cerraban las salidas del pasaje, una disposici\u00f3n utilizada para dificultar las recorridas policiales y generar un espacio de resguardo para quienes operaban en el sitio.<\/p>\n\n\n\n<p>La Fiscal\u00eda N\u00b012 hab\u00eda identificado este sector como un n\u00facleo operativo del narcomenudeo. En el lugar ya se hab\u00edan realizado seis procedimientos que derivaron en allanamientos, secuestros de drogas, armas y detenciones de personas vinculadas a estos delitos.<\/p>\n\n\n\n<p>En el marco de la \u00faltima investigaci\u00f3n, el 27 de diciembre de 2025 se ejecutaron nuevos allanamientos en tres inmuebles del pasaje. Durante los procedimientos se secuestraron 500 gramos de coca\u00edna, tres kilos de marihuana, plantas y hojas de cannabis con un peso superior a los 10 kilos y una pistola Taurus con pedido de secuestro por un robo denunciado en 2022. Tambi\u00e9n, fueron detenidas siete personas involucradas en los hechos delictivos.<\/p>\n\n\n\n<p>La demolici\u00f3n del lugar, se decidi\u00f3 para evitar que las construcciones vuelvan a utilizarse como puntos de venta de drogas y para devolver tranquilidad al barrio.<\/p>\n\n\n\n<p>Mariel Fern\u00e1ndez, acompa\u00f1\u00f3 el operativo y expres\u00f3: \u201cAgradecemos la informaci\u00f3n que las y los vecinos presentan de forma an\u00f3nima y que denunciamos desde el municipio, porque es fundamental para el avance de estas investigaciones.\u201d<\/p>\n\n\n\n<p>Adem\u00e1s, destac\u00f3 que \u201cEsta demolici\u00f3n forma parte de una pol\u00edtica integral de seguridad, adem\u00e1s del hostigamiento contra el narcomenudeo, acompa\u00f1amos a las personas que est\u00e1n con problemas de consumo, a los j\u00f3venes en conflicto con la ley y ofrecemos una gran cantidad de propuestas educativas, culturales y de formaci\u00f3n laboral.\u201d<\/p>\n\n\n\n<p>Tambi\u00e9n estuvieron presentes Ismael Castro, secretario de Seguridad municipal, Gonzalo Garc\u00eda, vicerrector del Instituto Vucetich; Christian Mart\u00ednez Cuesta, director provincial de an\u00e1lisis e investigaciones,; Leandro Ventricelli, fiscal de la UFI 12; Miguel Salazar, superintendente amba oeste 2 y Dami\u00e1n Castro Caratti, jefe de la DDA Moren-Gral Rodriguez.<\/p>\n","protected":false},"excerpt":{"rendered":"<p>La medida se llev\u00f3 adelante tras m\u00faltiples investigaciones y operativos que evidenciaron la reiterada comercializaci\u00f3n de estupefacientes en el lugar<\/p>\n","protected":false},"author":3,"featured_media":9139,"comment_status":"open","ping_status":"open","sticky":false,"template":"","format":"standard","meta":{"colormag_page_container_layout":"default_layout","colormag_page_sidebar_layout":"default_layout","footnotes":""},"categories":[5,1,14],"tags":[],"class_list":["post-9145","post","type-post","status-publish","format-standard","has-post-thumbnail","hentry","category-1ra-seccion","category-destacadas","category-politica"],"yoast_head":"<!-- This site is optimized with the Yoast SEO plugin v27.4 - https:\/\/yoast.com\/product\/yoast-seo-wordpress\/ -->\n<title>Se desactiv\u00f3 un b\u00fanker narco en La Reja - InfoPBA247<\/title>\n<meta name=\"robots\" content=\"index, follow, max-snippet:-1, max-image-preview:large, max-video-preview:-1\" \/>\n<link rel=\"canonical\" href=\"https:\/\/infopba247.com.ar\/index.php\/2026\/03\/06\/se-desactivo-un-bunker-narco-en-la-reja\/\" \/>\n<meta property=\"og:locale\" content=\"es_ES\" \/>\n<meta property=\"og:type\" content=\"article\" \/>\n<meta property=\"og:title\" content=\"Se desactiv\u00f3 un b\u00fanker narco en La Reja - InfoPBA247\" \/>\n<meta property=\"og:description\" content=\"La medida se llev\u00f3 adelante tras m\u00faltiples investigaciones y operativos que evidenciaron la reiterada comercializaci\u00f3n de estupefacientes en el lugar\" \/>\n<meta property=\"og:url\" content=\"https:\/\/infopba247.com.ar\/index.php\/2026\/03\/06\/se-desactivo-un-bunker-narco-en-la-reja\/\" \/>\n<meta property=\"og:site_name\" content=\"InfoPBA247\" \/>\n<meta property=\"article:publisher\" content=\"https:\/\/www.facebook.com\/InfoPBA\" \/>\n<meta property=\"article:published_time\" content=\"2026-03-06T17:55:25+00:00\" \/>\n<meta property=\"article:modified_time\" content=\"2026-03-06T17:55:26+00:00\" \/>\n<meta property=\"og:image\" content=\"https:\/\/infopba247.com.ar\/wp-content\/uploads\/2026\/03\/DERRUMBE-BUNKER-3.jpg\" \/>\n\t<meta property=\"og:image:width\" content=\"1920\" \/>\n\t<meta property=\"og:image:height\" content=\"1080\" \/>\n\t<meta property=\"og:image:type\" content=\"image\/jpeg\" \/>\n<meta name=\"author\" content=\"Editor\" \/>\n<meta name=\"twitter:card\" content=\"summary_large_image\" \/>\n<meta name=\"twitter:label1\" content=\"Escrito por\" \/>\n\t<meta name=\"twitter:data1\" content=\"Editor\" \/>\n\t<meta name=\"twitter:label2\" content=\"Tiempo de lectura\" \/>\n\t<meta name=\"twitter:data2\" content=\"3 minutos\" \/>\n<script type=\"application\/ld+json\" class=\"yoast-schema-graph\">{\"@context\":\"https:\\\/\\\/schema.org\",\"@graph\":[{\"@type\":\"Article\",\"@id\":\"https:\\\/\\\/infopba247.com.ar\\\/index.php\\\/2026\\\/03\\\/06\\\/se-desactivo-un-bunker-narco-en-la-reja\\\/#article\",\"isPartOf\":{\"@id\":\"https:\\\/\\\/infopba247.com.ar\\\/index.php\\\/2026\\\/03\\\/06\\\/se-desactivo-un-bunker-narco-en-la-reja\\\/\"},\"author\":{\"name\":\"Editor\",\"@id\":\"https:\\\/\\\/infopba247.com.ar\\\/#\\\/schema\\\/person\\\/4975f1343a413e57bf839b3eed0099f2\"},\"headline\":\"Se desactiv\u00f3 un b\u00fanker narco en La Reja\",\"datePublished\":\"2026-03-06T17:55:25+00:00\",\"dateModified\":\"2026-03-06T17:55:26+00:00\",\"mainEntityOfPage\":{\"@id\":\"https:\\\/\\\/infopba247.com.ar\\\/index.php\\\/2026\\\/03\\\/06\\\/se-desactivo-un-bunker-narco-en-la-reja\\\/\"},\"wordCount\":462,\"commentCount\":0,\"publisher\":{\"@id\":\"https:\\\/\\\/infopba247.com.ar\\\/#organization\"},\"image\":{\"@id\":\"https:\\\/\\\/infopba247.com.ar\\\/index.php\\\/2026\\\/03\\\/06\\\/se-desactivo-un-bunker-narco-en-la-reja\\\/#primaryimage\"},\"thumbnailUrl\":\"https:\\\/\\\/infopba247.com.ar\\\/wp-content\\\/uploads\\\/2026\\\/03\\\/DERRUMBE-BUNKER-3.jpg\",\"articleSection\":[\"1ra Secci\u00f3n\",\"Destacadas\",\"Pol\u00edtica\"],\"inLanguage\":\"es\",\"potentialAction\":[{\"@type\":\"CommentAction\",\"name\":\"Comment\",\"target\":[\"https:\\\/\\\/infopba247.com.ar\\\/index.php\\\/2026\\\/03\\\/06\\\/se-desactivo-un-bunker-narco-en-la-reja\\\/#respond\"]}]},{\"@type\":\"WebPage\",\"@id\":\"https:\\\/\\\/infopba247.com.ar\\\/index.php\\\/2026\\\/03\\\/06\\\/se-desactivo-un-bunker-narco-en-la-reja\\\/\",\"url\":\"https:\\\/\\\/infopba247.com.ar\\\/index.php\\\/2026\\\/03\\\/06\\\/se-desactivo-un-bunker-narco-en-la-reja\\\/\",\"name\":\"Se desactiv\u00f3 un b\u00fanker narco en La Reja - InfoPBA247\",\"isPartOf\":{\"@id\":\"https:\\\/\\\/infopba247.com.ar\\\/#website\"},\"primaryImageOfPage\":{\"@id\":\"https:\\\/\\\/infopba247.com.ar\\\/index.php\\\/2026\\\/03\\\/06\\\/se-desactivo-un-bunker-narco-en-la-reja\\\/#primaryimage\"},\"image\":{\"@id\":\"https:\\\/\\\/infopba247.com.ar\\\/index.php\\\/2026\\\/03\\\/06\\\/se-desactivo-un-bunker-narco-en-la-reja\\\/#primaryimage\"},\"thumbnailUrl\":\"https:\\\/\\\/infopba247.com.ar\\\/wp-content\\\/uploads\\\/2026\\\/03\\\/DERRUMBE-BUNKER-3.jpg\",\"datePublished\":\"2026-03-06T17:55:25+00:00\",\"dateModified\":\"2026-03-06T17:55:26+00:00\",\"breadcrumb\":{\"@id\":\"https:\\\/\\\/infopba247.com.ar\\\/index.php\\\/2026\\\/03\\\/06\\\/se-desactivo-un-bunker-narco-en-la-reja\\\/#breadcrumb\"},\"inLanguage\":\"es\",\"potentialAction\":[{\"@type\":\"ReadAction\",\"target\":[\"https:\\\/\\\/infopba247.com.ar\\\/index.php\\\/2026\\\/03\\\/06\\\/se-desactivo-un-bunker-narco-en-la-reja\\\/\"]}]},{\"@type\":\"ImageObject\",\"inLanguage\":\"es\",\"@id\":\"https:\\\/\\\/infopba247.com.ar\\\/index.php\\\/2026\\\/03\\\/06\\\/se-desactivo-un-bunker-narco-en-la-reja\\\/#primaryimage\",\"url\":\"https:\\\/\\\/infopba247.com.ar\\\/wp-content\\\/uploads\\\/2026\\\/03\\\/DERRUMBE-BUNKER-3.jpg\",\"contentUrl\":\"https:\\\/\\\/infopba247.com.ar\\\/wp-content\\\/uploads\\\/2026\\\/03\\\/DERRUMBE-BUNKER-3.jpg\",\"width\":1920,\"height\":1080},{\"@type\":\"BreadcrumbList\",\"@id\":\"https:\\\/\\\/infopba247.com.ar\\\/index.php\\\/2026\\\/03\\\/06\\\/se-desactivo-un-bunker-narco-en-la-reja\\\/#breadcrumb\",\"itemListElement\":[{\"@type\":\"ListItem\",\"position\":1,\"name\":\"Portada\",\"item\":\"https:\\\/\\\/infopba247.com.ar\\\/\"},{\"@type\":\"ListItem\",\"position\":2,\"name\":\"Se desactiv\u00f3 un b\u00fanker narco en La Reja\"}]},{\"@type\":\"WebSite\",\"@id\":\"https:\\\/\\\/infopba247.com.ar\\\/#website\",\"url\":\"https:\\\/\\\/infopba247.com.ar\\\/\",\"name\":\"InfoPBA247\",\"description\":\"Toda la actualidad bonaerense\",\"publisher\":{\"@id\":\"https:\\\/\\\/infopba247.com.ar\\\/#organization\"},\"potentialAction\":[{\"@type\":\"SearchAction\",\"target\":{\"@type\":\"EntryPoint\",\"urlTemplate\":\"https:\\\/\\\/infopba247.com.ar\\\/?s={search_term_string}\"},\"query-input\":{\"@type\":\"PropertyValueSpecification\",\"valueRequired\":true,\"valueName\":\"search_term_string\"}}],\"inLanguage\":\"es\"},{\"@type\":\"Organization\",\"@id\":\"https:\\\/\\\/infopba247.com.ar\\\/#organization\",\"name\":\"InfoPBA247\",\"url\":\"https:\\\/\\\/infopba247.com.ar\\\/\",\"logo\":{\"@type\":\"ImageObject\",\"inLanguage\":\"es\",\"@id\":\"https:\\\/\\\/infopba247.com.ar\\\/#\\\/schema\\\/logo\\\/image\\\/\",\"url\":\"https:\\\/\\\/infopba247.com.ar\\\/wp-content\\\/uploads\\\/2022\\\/03\\\/cropped-InfoPBA247-1.png\",\"contentUrl\":\"https:\\\/\\\/infopba247.com.ar\\\/wp-content\\\/uploads\\\/2022\\\/03\\\/cropped-InfoPBA247-1.png\",\"width\":500,\"height\":122,\"caption\":\"InfoPBA247\"},\"image\":{\"@id\":\"https:\\\/\\\/infopba247.com.ar\\\/#\\\/schema\\\/logo\\\/image\\\/\"},\"sameAs\":[\"https:\\\/\\\/www.facebook.com\\\/InfoPBA\"]},{\"@type\":\"Person\",\"@id\":\"https:\\\/\\\/infopba247.com.ar\\\/#\\\/schema\\\/person\\\/4975f1343a413e57bf839b3eed0099f2\",\"name\":\"Editor\",\"image\":{\"@type\":\"ImageObject\",\"inLanguage\":\"es\",\"@id\":\"https:\\\/\\\/secure.gravatar.com\\\/avatar\\\/d27fe9520667ca53441d36627a1d6b0fa4a813571ec4803687a7a3a7744685ac?s=96&d=mm&r=g\",\"url\":\"https:\\\/\\\/secure.gravatar.com\\\/avatar\\\/d27fe9520667ca53441d36627a1d6b0fa4a813571ec4803687a7a3a7744685ac?s=96&d=mm&r=g\",\"contentUrl\":\"https:\\\/\\\/secure.gravatar.com\\\/avatar\\\/d27fe9520667ca53441d36627a1d6b0fa4a813571ec4803687a7a3a7744685ac?s=96&d=mm&r=g\",\"caption\":\"Editor\"},\"url\":\"https:\\\/\\\/infopba247.com.ar\\\/index.php\\\/author\\\/editor\\\/\"}]}<\/script>\n<!-- \/ Yoast SEO plugin. -->","yoast_head_json":{"title":"Se desactiv\u00f3 un b\u00fanker narco en La Reja - InfoPBA247","robots":{"index":"index","follow":"follow","max-snippet":"max-snippet:-1","max-image-preview":"max-image-preview:large","max-video-preview":"max-video-preview:-1"},"canonical":"https:\/\/infopba247.com.ar\/index.php\/2026\/03\/06\/se-desactivo-un-bunker-narco-en-la-reja\/","og_locale":"es_ES","og_type":"article","og_title":"Se desactiv\u00f3 un b\u00fanker narco en La Reja - InfoPBA247","og_description":"La medida se llev\u00f3 adelante tras m\u00faltiples investigaciones y operativos que evidenciaron la reiterada comercializaci\u00f3n de estupefacientes en el lugar","og_url":"https:\/\/infopba247.com.ar\/index.php\/2026\/03\/06\/se-desactivo-un-bunker-narco-en-la-reja\/","og_site_name":"InfoPBA247","article_publisher":"https:\/\/www.facebook.com\/InfoPBA","article_published_time":"2026-03-06T17:55:25+00:00","article_modified_time":"2026-03-06T17:55:26+00:00","og_image":[{"width":1920,"height":1080,"url":"https:\/\/infopba247.com.ar\/wp-content\/uploads\/2026\/03\/DERRUMBE-BUNKER-3.jpg","type":"image\/jpeg"}],"author":"Editor","twitter_card":"summary_large_image","twitter_misc":{"Escrito por":"Editor","Tiempo de lectura":"3 minutos"},"schema":{"@context":"https:\/\/schema.org","@graph":[{"@type":"Article","@id":"https:\/\/infopba247.com.ar\/index.php\/2026\/03\/06\/se-desactivo-un-bunker-narco-en-la-reja\/#article","isPartOf":{"@id":"https:\/\/infopba247.com.ar\/index.php\/2026\/03\/06\/se-desactivo-un-bunker-narco-en-la-reja\/"},"author":{"name":"Editor","@id":"https:\/\/infopba247.com.ar\/#\/schema\/person\/4975f1343a413e57bf839b3eed0099f2"},"headline":"Se desactiv\u00f3 un b\u00fanker narco en La Reja","datePublished":"2026-03-06T17:55:25+00:00","dateModified":"2026-03-06T17:55:26+00:00","mainEntityOfPage":{"@id":"https:\/\/infopba247.com.ar\/index.php\/2026\/03\/06\/se-desactivo-un-bunker-narco-en-la-reja\/"},"wordCount":462,"commentCount":0,"publisher":{"@id":"https:\/\/infopba247.com.ar\/#organization"},"image":{"@id":"https:\/\/infopba247.com.ar\/index.php\/2026\/03\/06\/se-desactivo-un-bunker-narco-en-la-reja\/#primaryimage"},"thumbnailUrl":"https:\/\/infopba247.com.ar\/wp-content\/uploads\/2026\/03\/DERRUMBE-BUNKER-3.jpg","articleSection":["1ra Secci\u00f3n","Destacadas","Pol\u00edtica"],"inLanguage":"es","potentialAction":[{"@type":"CommentAction","name":"Comment","target":["https:\/\/infopba247.com.ar\/index.php\/2026\/03\/06\/se-desactivo-un-bunker-narco-en-la-reja\/#respond"]}]},{"@type":"WebPage","@id":"https:\/\/infopba247.com.ar\/index.php\/2026\/03\/06\/se-desactivo-un-bunker-narco-en-la-reja\/","url":"https:\/\/infopba247.com.ar\/index.php\/2026\/03\/06\/se-desactivo-un-bunker-narco-en-la-reja\/","name":"Se desactiv\u00f3 un b\u00fanker narco en La Reja - InfoPBA247","isPartOf":{"@id":"https:\/\/infopba247.com.ar\/#website"},"primaryImageOfPage":{"@id":"https:\/\/infopba247.com.ar\/index.php\/2026\/03\/06\/se-desactivo-un-bunker-narco-en-la-reja\/#primaryimage"},"image":{"@id":"https:\/\/infopba247.com.ar\/index.php\/2026\/03\/06\/se-desactivo-un-bunker-narco-en-la-reja\/#primaryimage"},"thumbnailUrl":"https:\/\/infopba247.com.ar\/wp-content\/uploads\/2026\/03\/DERRUMBE-BUNKER-3.jpg","datePublished":"2026-03-06T17:55:25+00:00","dateModified":"2026-03-06T17:55:26+00:00","breadcrumb":{"@id":"https:\/\/infopba247.com.ar\/index.php\/2026\/03\/06\/se-desactivo-un-bunker-narco-en-la-reja\/#breadcrumb"},"inLanguage":"es","potentialAction":[{"@type":"ReadAction","target":["https:\/\/infopba247.com.ar\/index.php\/2026\/03\/06\/se-desactivo-un-bunker-narco-en-la-reja\/"]}]},{"@type":"ImageObject","inLanguage":"es","@id":"https:\/\/infopba247.com.ar\/index.php\/2026\/03\/06\/se-desactivo-un-bunker-narco-en-la-reja\/#primaryimage","url":"https:\/\/infopba247.com.ar\/wp-content\/uploads\/2026\/03\/DERRUMBE-BUNKER-3.jpg","contentUrl":"https:\/\/infopba247.com.ar\/wp-content\/uploads\/2026\/03\/DERRUMBE-BUNKER-3.jpg","width":1920,"height":1080},{"@type":"BreadcrumbList","@id":"https:\/\/infopba247.com.ar\/index.php\/2026\/03\/06\/se-desactivo-un-bunker-narco-en-la-reja\/#breadcrumb","itemListElement":[{"@type":"ListItem","position":1,"name":"Portada","item":"https:\/\/infopba247.com.ar\/"},{"@type":"ListItem","position":2,"name":"Se desactiv\u00f3 un b\u00fanker narco en La Reja"}]},{"@type":"WebSite","@id":"https:\/\/infopba247.com.ar\/#website","url":"https:\/\/infopba247.com.ar\/","name":"InfoPBA247","description":"Toda la actualidad bonaerense","publisher":{"@id":"https:\/\/infopba247.com.ar\/#organization"},"potentialAction":[{"@type":"SearchAction","target":{"@type":"EntryPoint","urlTemplate":"https:\/\/infopba247.com.ar\/?s={search_term_string}"},"query-input":{"@type":"PropertyValueSpecification","valueRequired":true,"valueName":"search_term_string"}}],"inLanguage":"es"},{"@type":"Organization","@id":"https:\/\/infopba247.com.ar\/#organization","name":"InfoPBA247","url":"https:\/\/infopba247.com.ar\/","logo":{"@type":"ImageObject","inLanguage":"es","@id":"https:\/\/infopba247.com.ar\/#\/schema\/logo\/image\/","url":"https:\/\/infopba247.com.ar\/wp-content\/uploads\/2022\/03\/cropped-InfoPBA247-1.png","contentUrl":"https:\/\/infopba247.com.ar\/wp-content\/uploads\/2022\/03\/cropped-InfoPBA247-1.png","width":500,"height":122,"caption":"InfoPBA247"},"image":{"@id":"https:\/\/infopba247.com.ar\/#\/schema\/logo\/image\/"},"sameAs":["https:\/\/www.facebook.com\/InfoPBA"]},{"@type":"Person","@id":"https:\/\/infopba247.com.ar\/#\/schema\/person\/4975f1343a413e57bf839b3eed0099f2","name":"Editor","image":{"@type":"ImageObject","inLanguage":"es","@id":"https:\/\/secure.gravatar.com\/avatar\/d27fe9520667ca53441d36627a1d6b0fa4a813571ec4803687a7a3a7744685ac?s=96&d=mm&r=g","url":"https:\/\/secure.gravatar.com\/avatar\/d27fe9520667ca53441d36627a1d6b0fa4a813571ec4803687a7a3a7744685ac?s=96&d=mm&r=g","contentUrl":"https:\/\/secure.gravatar.com\/avatar\/d27fe9520667ca53441d36627a1d6b0fa4a813571ec4803687a7a3a7744685ac?s=96&d=mm&r=g","caption":"Editor"},"url":"https:\/\/infopba247.com.ar\/index.php\/author\/editor\/"}]}},"_links":{"self":[{"href":"https:\/\/infopba247.com.ar\/index.php\/wp-json\/wp\/v2\/posts\/9145","targetHints":{"allow":["GET"]}}],"collection":[{"href":"https:\/\/infopba247.com.ar\/index.php\/wp-json\/wp\/v2\/posts"}],"about":[{"href":"https:\/\/infopba247.com.ar\/index.php\/wp-json\/wp\/v2\/types\/post"}],"author":[{"embeddable":true,"href":"https:\/\/infopba247.com.ar\/index.php\/wp-json\/wp\/v2\/users\/3"}],"replies":[{"embeddable":true,"href":"https:\/\/infopba247.com.ar\/index.php\/wp-json\/wp\/v2\/comments?post=9145"}],"version-history":[{"count":1,"href":"https:\/\/infopba247.com.ar\/index.php\/wp-json\/wp\/v2\/posts\/9145\/revisions"}],"predecessor-version":[{"id":9146,"href":"https:\/\/infopba247.com.ar\/index.php\/wp-json\/wp\/v2\/posts\/9145\/revisions\/9146"}],"wp:featuredmedia":[{"embeddable":true,"href":"https:\/\/infopba247.com.ar\/index.php\/wp-json\/wp\/v2\/media\/9139"}],"wp:attachment":[{"href":"https:\/\/infopba247.com.ar\/index.php\/wp-json\/wp\/v2\/media?parent=9145"}],"wp:term":[{"taxonomy":"category","embeddable":true,"href":"https:\/\/infopba247.com.ar\/index.php\/wp-json\/wp\/v2\/categories?post=9145"},{"taxonomy":"post_tag","embeddable":true,"href":"https:\/\/infopba247.com.ar\/index.php\/wp-json\/wp\/v2\/tags?post=9145"}],"curies":[{"name":"wp","href":"https:\/\/api.w.org\/{rel}","templated":true}]}}