{"id":9143,"date":"2026-03-06T14:54:45","date_gmt":"2026-03-06T17:54:45","guid":{"rendered":"https:\/\/infopba247.com.ar\/?p=9143"},"modified":"2026-03-06T14:54:47","modified_gmt":"2026-03-06T17:54:47","slug":"encuentro-entre-alak-y-la-embajadora-de-la-soberana-orden-de-malta-para-fortalecer-la-cooperacion-institucional","status":"publish","type":"post","link":"https:\/\/infopba247.com.ar\/index.php\/2026\/03\/06\/encuentro-entre-alak-y-la-embajadora-de-la-soberana-orden-de-malta-para-fortalecer-la-cooperacion-institucional\/","title":{"rendered":"Encuentro entre Alak y la embajadora de la Soberana Orden de Malta para fortalecer la cooperaci\u00f3n institucional"},"content":{"rendered":"\n<p>El intendente y la autoridad diplom\u00e1tica dialogaron sobre posibles iniciativas conjuntas de car\u00e1cter social, comunitario y humanitario en la ciudad.<\/p>\n\n\n\n<p>El intendente de La Plata, Julio Alak, mantuvo un encuentro con la embajadora de la Soberana Orden de Malta en Argentina, Mar\u00eda Podest\u00e1 Herrera, con el objetivo de intercambiar ideas y avanzar en posibles instancias de cooperaci\u00f3n institucional.<\/p>\n\n\n\n<p>Durante la reuni\u00f3n, las autoridades dialogaron sobre distintas iniciativas de car\u00e1cter social, comunitario y humanitario, as\u00ed como sobre la posibilidad de articular programas que contribuyan al fortalecimiento del entramado social en distintos barrios de la capital bonaerense.<\/p>\n\n\n\n<p>\u201cEste encuentro nos permite seguir construyendo v\u00ednculos institucionales y explorar nuevas oportunidades de trabajo articulado que beneficien a la comunidad\u201d, expres\u00f3 Alak.<\/p>\n\n\n\n<p>Por su parte, Podest\u00e1 Herrera destac\u00f3 la importancia de \u201cfortalecer los lazos de cooperaci\u00f3n y avanzar en iniciativas conjuntas orientadas a la asistencia social y el desarrollo de acciones humanitarias\u201d.<\/p>\n\n\n\n<p>Cabe destacar que la Soberana Orden de Malta posee personalidad jur\u00eddica propia en el derecho internacional y mantiene relaciones diplom\u00e1ticas con numerosos estados con el objetivo de desarrollar actividades de car\u00e1cter humanitario, asistencial y m\u00e9dico.<\/p>\n\n\n\n<p>Junto al intendente y la embajadora, estuvo presente el director de Relaciones Internacionales, Francisco Garc\u00eda Montes.<\/p>\n","protected":false},"excerpt":{"rendered":"<p>El intendente y la autoridad diplom\u00e1tica dialogaron sobre posibles iniciativas conjuntas de car\u00e1cter social, comunitario y humanitario en la ciudad.<\/p>\n","protected":false},"author":3,"featured_media":9140,"comment_status":"open","ping_status":"open","sticky":false,"template":"","format":"standard","meta":{"colormag_page_container_layout":"default_layout","colormag_page_sidebar_layout":"default_layout","footnotes":""},"categories":[12,1,14],"tags":[],"class_list":["post-9143","post","type-post","status-publish","format-standard","has-post-thumbnail","hentry","category-8va-seccion","category-destacadas","category-politica"],"yoast_head":"<!-- This site is optimized with the Yoast SEO plugin v27.4 - https:\/\/yoast.com\/product\/yoast-seo-wordpress\/ -->\n<title>Encuentro entre Alak y la embajadora de la Soberana Orden de Malta para fortalecer la cooperaci\u00f3n institucional - InfoPBA247<\/title>\n<meta name=\"robots\" content=\"index, follow, max-snippet:-1, max-image-preview:large, max-video-preview:-1\" \/>\n<link rel=\"canonical\" href=\"https:\/\/infopba247.com.ar\/index.php\/2026\/03\/06\/encuentro-entre-alak-y-la-embajadora-de-la-soberana-orden-de-malta-para-fortalecer-la-cooperacion-institucional\/\" \/>\n<meta property=\"og:locale\" content=\"es_ES\" \/>\n<meta property=\"og:type\" content=\"article\" \/>\n<meta property=\"og:title\" content=\"Encuentro entre Alak y la embajadora de la Soberana Orden de Malta para fortalecer la cooperaci\u00f3n institucional - InfoPBA247\" \/>\n<meta property=\"og:description\" content=\"El intendente y la autoridad diplom\u00e1tica dialogaron sobre posibles iniciativas conjuntas de car\u00e1cter social, comunitario y humanitario en la ciudad.\" \/>\n<meta property=\"og:url\" content=\"https:\/\/infopba247.com.ar\/index.php\/2026\/03\/06\/encuentro-entre-alak-y-la-embajadora-de-la-soberana-orden-de-malta-para-fortalecer-la-cooperacion-institucional\/\" \/>\n<meta property=\"og:site_name\" content=\"InfoPBA247\" \/>\n<meta property=\"article:publisher\" content=\"https:\/\/www.facebook.com\/InfoPBA\" \/>\n<meta property=\"article:published_time\" content=\"2026-03-06T17:54:45+00:00\" \/>\n<meta property=\"article:modified_time\" content=\"2026-03-06T17:54:47+00:00\" \/>\n<meta property=\"og:image\" content=\"https:\/\/infopba247.com.ar\/wp-content\/uploads\/2026\/03\/unnamed-2026-03-06T144307.425.jpg\" \/>\n\t<meta property=\"og:image:width\" content=\"1600\" \/>\n\t<meta property=\"og:image:height\" content=\"1066\" \/>\n\t<meta property=\"og:image:type\" content=\"image\/jpeg\" \/>\n<meta name=\"author\" content=\"Editor\" \/>\n<meta name=\"twitter:card\" content=\"summary_large_image\" \/>\n<meta name=\"twitter:label1\" content=\"Escrito por\" \/>\n\t<meta name=\"twitter:data1\" content=\"Editor\" \/>\n\t<meta name=\"twitter:label2\" content=\"Tiempo de lectura\" \/>\n\t<meta name=\"twitter:data2\" content=\"2 minutos\" \/>\n<script type=\"application\/ld+json\" class=\"yoast-schema-graph\">{\"@context\":\"https:\\\/\\\/schema.org\",\"@graph\":[{\"@type\":\"Article\",\"@id\":\"https:\\\/\\\/infopba247.com.ar\\\/index.php\\\/2026\\\/03\\\/06\\\/encuentro-entre-alak-y-la-embajadora-de-la-soberana-orden-de-malta-para-fortalecer-la-cooperacion-institucional\\\/#article\",\"isPartOf\":{\"@id\":\"https:\\\/\\\/infopba247.com.ar\\\/index.php\\\/2026\\\/03\\\/06\\\/encuentro-entre-alak-y-la-embajadora-de-la-soberana-orden-de-malta-para-fortalecer-la-cooperacion-institucional\\\/\"},\"author\":{\"name\":\"Editor\",\"@id\":\"https:\\\/\\\/infopba247.com.ar\\\/#\\\/schema\\\/person\\\/4975f1343a413e57bf839b3eed0099f2\"},\"headline\":\"Encuentro entre Alak y la embajadora de la Soberana Orden de Malta para fortalecer la cooperaci\u00f3n institucional\",\"datePublished\":\"2026-03-06T17:54:45+00:00\",\"dateModified\":\"2026-03-06T17:54:47+00:00\",\"mainEntityOfPage\":{\"@id\":\"https:\\\/\\\/infopba247.com.ar\\\/index.php\\\/2026\\\/03\\\/06\\\/encuentro-entre-alak-y-la-embajadora-de-la-soberana-orden-de-malta-para-fortalecer-la-cooperacion-institucional\\\/\"},\"wordCount\":229,\"commentCount\":0,\"publisher\":{\"@id\":\"https:\\\/\\\/infopba247.com.ar\\\/#organization\"},\"image\":{\"@id\":\"https:\\\/\\\/infopba247.com.ar\\\/index.php\\\/2026\\\/03\\\/06\\\/encuentro-entre-alak-y-la-embajadora-de-la-soberana-orden-de-malta-para-fortalecer-la-cooperacion-institucional\\\/#primaryimage\"},\"thumbnailUrl\":\"https:\\\/\\\/infopba247.com.ar\\\/wp-content\\\/uploads\\\/2026\\\/03\\\/unnamed-2026-03-06T144307.425.jpg\",\"articleSection\":[\"8va Secci\u00f3n\",\"Destacadas\",\"Pol\u00edtica\"],\"inLanguage\":\"es\",\"potentialAction\":[{\"@type\":\"CommentAction\",\"name\":\"Comment\",\"target\":[\"https:\\\/\\\/infopba247.com.ar\\\/index.php\\\/2026\\\/03\\\/06\\\/encuentro-entre-alak-y-la-embajadora-de-la-soberana-orden-de-malta-para-fortalecer-la-cooperacion-institucional\\\/#respond\"]}]},{\"@type\":\"WebPage\",\"@id\":\"https:\\\/\\\/infopba247.com.ar\\\/index.php\\\/2026\\\/03\\\/06\\\/encuentro-entre-alak-y-la-embajadora-de-la-soberana-orden-de-malta-para-fortalecer-la-cooperacion-institucional\\\/\",\"url\":\"https:\\\/\\\/infopba247.com.ar\\\/index.php\\\/2026\\\/03\\\/06\\\/encuentro-entre-alak-y-la-embajadora-de-la-soberana-orden-de-malta-para-fortalecer-la-cooperacion-institucional\\\/\",\"name\":\"Encuentro entre Alak y la embajadora de la Soberana Orden de Malta para fortalecer la cooperaci\u00f3n institucional - InfoPBA247\",\"isPartOf\":{\"@id\":\"https:\\\/\\\/infopba247.com.ar\\\/#website\"},\"primaryImageOfPage\":{\"@id\":\"https:\\\/\\\/infopba247.com.ar\\\/index.php\\\/2026\\\/03\\\/06\\\/encuentro-entre-alak-y-la-embajadora-de-la-soberana-orden-de-malta-para-fortalecer-la-cooperacion-institucional\\\/#primaryimage\"},\"image\":{\"@id\":\"https:\\\/\\\/infopba247.com.ar\\\/index.php\\\/2026\\\/03\\\/06\\\/encuentro-entre-alak-y-la-embajadora-de-la-soberana-orden-de-malta-para-fortalecer-la-cooperacion-institucional\\\/#primaryimage\"},\"thumbnailUrl\":\"https:\\\/\\\/infopba247.com.ar\\\/wp-content\\\/uploads\\\/2026\\\/03\\\/unnamed-2026-03-06T144307.425.jpg\",\"datePublished\":\"2026-03-06T17:54:45+00:00\",\"dateModified\":\"2026-03-06T17:54:47+00:00\",\"breadcrumb\":{\"@id\":\"https:\\\/\\\/infopba247.com.ar\\\/index.php\\\/2026\\\/03\\\/06\\\/encuentro-entre-alak-y-la-embajadora-de-la-soberana-orden-de-malta-para-fortalecer-la-cooperacion-institucional\\\/#breadcrumb\"},\"inLanguage\":\"es\",\"potentialAction\":[{\"@type\":\"ReadAction\",\"target\":[\"https:\\\/\\\/infopba247.com.ar\\\/index.php\\\/2026\\\/03\\\/06\\\/encuentro-entre-alak-y-la-embajadora-de-la-soberana-orden-de-malta-para-fortalecer-la-cooperacion-institucional\\\/\"]}]},{\"@type\":\"ImageObject\",\"inLanguage\":\"es\",\"@id\":\"https:\\\/\\\/infopba247.com.ar\\\/index.php\\\/2026\\\/03\\\/06\\\/encuentro-entre-alak-y-la-embajadora-de-la-soberana-orden-de-malta-para-fortalecer-la-cooperacion-institucional\\\/#primaryimage\",\"url\":\"https:\\\/\\\/infopba247.com.ar\\\/wp-content\\\/uploads\\\/2026\\\/03\\\/unnamed-2026-03-06T144307.425.jpg\",\"contentUrl\":\"https:\\\/\\\/infopba247.com.ar\\\/wp-content\\\/uploads\\\/2026\\\/03\\\/unnamed-2026-03-06T144307.425.jpg\",\"width\":1600,\"height\":1066},{\"@type\":\"BreadcrumbList\",\"@id\":\"https:\\\/\\\/infopba247.com.ar\\\/index.php\\\/2026\\\/03\\\/06\\\/encuentro-entre-alak-y-la-embajadora-de-la-soberana-orden-de-malta-para-fortalecer-la-cooperacion-institucional\\\/#breadcrumb\",\"itemListElement\":[{\"@type\":\"ListItem\",\"position\":1,\"name\":\"Portada\",\"item\":\"https:\\\/\\\/infopba247.com.ar\\\/\"},{\"@type\":\"ListItem\",\"position\":2,\"name\":\"Encuentro entre Alak y la embajadora de la Soberana Orden de Malta para fortalecer la cooperaci\u00f3n institucional\"}]},{\"@type\":\"WebSite\",\"@id\":\"https:\\\/\\\/infopba247.com.ar\\\/#website\",\"url\":\"https:\\\/\\\/infopba247.com.ar\\\/\",\"name\":\"InfoPBA247\",\"description\":\"Toda la actualidad bonaerense\",\"publisher\":{\"@id\":\"https:\\\/\\\/infopba247.com.ar\\\/#organization\"},\"potentialAction\":[{\"@type\":\"SearchAction\",\"target\":{\"@type\":\"EntryPoint\",\"urlTemplate\":\"https:\\\/\\\/infopba247.com.ar\\\/?s={search_term_string}\"},\"query-input\":{\"@type\":\"PropertyValueSpecification\",\"valueRequired\":true,\"valueName\":\"search_term_string\"}}],\"inLanguage\":\"es\"},{\"@type\":\"Organization\",\"@id\":\"https:\\\/\\\/infopba247.com.ar\\\/#organization\",\"name\":\"InfoPBA247\",\"url\":\"https:\\\/\\\/infopba247.com.ar\\\/\",\"logo\":{\"@type\":\"ImageObject\",\"inLanguage\":\"es\",\"@id\":\"https:\\\/\\\/infopba247.com.ar\\\/#\\\/schema\\\/logo\\\/image\\\/\",\"url\":\"https:\\\/\\\/infopba247.com.ar\\\/wp-content\\\/uploads\\\/2022\\\/03\\\/cropped-InfoPBA247-1.png\",\"contentUrl\":\"https:\\\/\\\/infopba247.com.ar\\\/wp-content\\\/uploads\\\/2022\\\/03\\\/cropped-InfoPBA247-1.png\",\"width\":500,\"height\":122,\"caption\":\"InfoPBA247\"},\"image\":{\"@id\":\"https:\\\/\\\/infopba247.com.ar\\\/#\\\/schema\\\/logo\\\/image\\\/\"},\"sameAs\":[\"https:\\\/\\\/www.facebook.com\\\/InfoPBA\"]},{\"@type\":\"Person\",\"@id\":\"https:\\\/\\\/infopba247.com.ar\\\/#\\\/schema\\\/person\\\/4975f1343a413e57bf839b3eed0099f2\",\"name\":\"Editor\",\"image\":{\"@type\":\"ImageObject\",\"inLanguage\":\"es\",\"@id\":\"https:\\\/\\\/secure.gravatar.com\\\/avatar\\\/d27fe9520667ca53441d36627a1d6b0fa4a813571ec4803687a7a3a7744685ac?s=96&d=mm&r=g\",\"url\":\"https:\\\/\\\/secure.gravatar.com\\\/avatar\\\/d27fe9520667ca53441d36627a1d6b0fa4a813571ec4803687a7a3a7744685ac?s=96&d=mm&r=g\",\"contentUrl\":\"https:\\\/\\\/secure.gravatar.com\\\/avatar\\\/d27fe9520667ca53441d36627a1d6b0fa4a813571ec4803687a7a3a7744685ac?s=96&d=mm&r=g\",\"caption\":\"Editor\"},\"url\":\"https:\\\/\\\/infopba247.com.ar\\\/index.php\\\/author\\\/editor\\\/\"}]}<\/script>\n<!-- \/ Yoast SEO plugin. -->","yoast_head_json":{"title":"Encuentro entre Alak y la embajadora de la Soberana Orden de Malta para fortalecer la cooperaci\u00f3n institucional - InfoPBA247","robots":{"index":"index","follow":"follow","max-snippet":"max-snippet:-1","max-image-preview":"max-image-preview:large","max-video-preview":"max-video-preview:-1"},"canonical":"https:\/\/infopba247.com.ar\/index.php\/2026\/03\/06\/encuentro-entre-alak-y-la-embajadora-de-la-soberana-orden-de-malta-para-fortalecer-la-cooperacion-institucional\/","og_locale":"es_ES","og_type":"article","og_title":"Encuentro entre Alak y la embajadora de la Soberana Orden de Malta para fortalecer la cooperaci\u00f3n institucional - InfoPBA247","og_description":"El intendente y la autoridad diplom\u00e1tica dialogaron sobre posibles iniciativas conjuntas de car\u00e1cter social, comunitario y humanitario en la ciudad.","og_url":"https:\/\/infopba247.com.ar\/index.php\/2026\/03\/06\/encuentro-entre-alak-y-la-embajadora-de-la-soberana-orden-de-malta-para-fortalecer-la-cooperacion-institucional\/","og_site_name":"InfoPBA247","article_publisher":"https:\/\/www.facebook.com\/InfoPBA","article_published_time":"2026-03-06T17:54:45+00:00","article_modified_time":"2026-03-06T17:54:47+00:00","og_image":[{"width":1600,"height":1066,"url":"https:\/\/infopba247.com.ar\/wp-content\/uploads\/2026\/03\/unnamed-2026-03-06T144307.425.jpg","type":"image\/jpeg"}],"author":"Editor","twitter_card":"summary_large_image","twitter_misc":{"Escrito por":"Editor","Tiempo de lectura":"2 minutos"},"schema":{"@context":"https:\/\/schema.org","@graph":[{"@type":"Article","@id":"https:\/\/infopba247.com.ar\/index.php\/2026\/03\/06\/encuentro-entre-alak-y-la-embajadora-de-la-soberana-orden-de-malta-para-fortalecer-la-cooperacion-institucional\/#article","isPartOf":{"@id":"https:\/\/infopba247.com.ar\/index.php\/2026\/03\/06\/encuentro-entre-alak-y-la-embajadora-de-la-soberana-orden-de-malta-para-fortalecer-la-cooperacion-institucional\/"},"author":{"name":"Editor","@id":"https:\/\/infopba247.com.ar\/#\/schema\/person\/4975f1343a413e57bf839b3eed0099f2"},"headline":"Encuentro entre Alak y la embajadora de la Soberana Orden de Malta para fortalecer la cooperaci\u00f3n institucional","datePublished":"2026-03-06T17:54:45+00:00","dateModified":"2026-03-06T17:54:47+00:00","mainEntityOfPage":{"@id":"https:\/\/infopba247.com.ar\/index.php\/2026\/03\/06\/encuentro-entre-alak-y-la-embajadora-de-la-soberana-orden-de-malta-para-fortalecer-la-cooperacion-institucional\/"},"wordCount":229,"commentCount":0,"publisher":{"@id":"https:\/\/infopba247.com.ar\/#organization"},"image":{"@id":"https:\/\/infopba247.com.ar\/index.php\/2026\/03\/06\/encuentro-entre-alak-y-la-embajadora-de-la-soberana-orden-de-malta-para-fortalecer-la-cooperacion-institucional\/#primaryimage"},"thumbnailUrl":"https:\/\/infopba247.com.ar\/wp-content\/uploads\/2026\/03\/unnamed-2026-03-06T144307.425.jpg","articleSection":["8va Secci\u00f3n","Destacadas","Pol\u00edtica"],"inLanguage":"es","potentialAction":[{"@type":"CommentAction","name":"Comment","target":["https:\/\/infopba247.com.ar\/index.php\/2026\/03\/06\/encuentro-entre-alak-y-la-embajadora-de-la-soberana-orden-de-malta-para-fortalecer-la-cooperacion-institucional\/#respond"]}]},{"@type":"WebPage","@id":"https:\/\/infopba247.com.ar\/index.php\/2026\/03\/06\/encuentro-entre-alak-y-la-embajadora-de-la-soberana-orden-de-malta-para-fortalecer-la-cooperacion-institucional\/","url":"https:\/\/infopba247.com.ar\/index.php\/2026\/03\/06\/encuentro-entre-alak-y-la-embajadora-de-la-soberana-orden-de-malta-para-fortalecer-la-cooperacion-institucional\/","name":"Encuentro entre Alak y la embajadora de la Soberana Orden de Malta para fortalecer la cooperaci\u00f3n institucional - InfoPBA247","isPartOf":{"@id":"https:\/\/infopba247.com.ar\/#website"},"primaryImageOfPage":{"@id":"https:\/\/infopba247.com.ar\/index.php\/2026\/03\/06\/encuentro-entre-alak-y-la-embajadora-de-la-soberana-orden-de-malta-para-fortalecer-la-cooperacion-institucional\/#primaryimage"},"image":{"@id":"https:\/\/infopba247.com.ar\/index.php\/2026\/03\/06\/encuentro-entre-alak-y-la-embajadora-de-la-soberana-orden-de-malta-para-fortalecer-la-cooperacion-institucional\/#primaryimage"},"thumbnailUrl":"https:\/\/infopba247.com.ar\/wp-content\/uploads\/2026\/03\/unnamed-2026-03-06T144307.425.jpg","datePublished":"2026-03-06T17:54:45+00:00","dateModified":"2026-03-06T17:54:47+00:00","breadcrumb":{"@id":"https:\/\/infopba247.com.ar\/index.php\/2026\/03\/06\/encuentro-entre-alak-y-la-embajadora-de-la-soberana-orden-de-malta-para-fortalecer-la-cooperacion-institucional\/#breadcrumb"},"inLanguage":"es","potentialAction":[{"@type":"ReadAction","target":["https:\/\/infopba247.com.ar\/index.php\/2026\/03\/06\/encuentro-entre-alak-y-la-embajadora-de-la-soberana-orden-de-malta-para-fortalecer-la-cooperacion-institucional\/"]}]},{"@type":"ImageObject","inLanguage":"es","@id":"https:\/\/infopba247.com.ar\/index.php\/2026\/03\/06\/encuentro-entre-alak-y-la-embajadora-de-la-soberana-orden-de-malta-para-fortalecer-la-cooperacion-institucional\/#primaryimage","url":"https:\/\/infopba247.com.ar\/wp-content\/uploads\/2026\/03\/unnamed-2026-03-06T144307.425.jpg","contentUrl":"https:\/\/infopba247.com.ar\/wp-content\/uploads\/2026\/03\/unnamed-2026-03-06T144307.425.jpg","width":1600,"height":1066},{"@type":"BreadcrumbList","@id":"https:\/\/infopba247.com.ar\/index.php\/2026\/03\/06\/encuentro-entre-alak-y-la-embajadora-de-la-soberana-orden-de-malta-para-fortalecer-la-cooperacion-institucional\/#breadcrumb","itemListElement":[{"@type":"ListItem","position":1,"name":"Portada","item":"https:\/\/infopba247.com.ar\/"},{"@type":"ListItem","position":2,"name":"Encuentro entre Alak y la embajadora de la Soberana Orden de Malta para fortalecer la cooperaci\u00f3n institucional"}]},{"@type":"WebSite","@id":"https:\/\/infopba247.com.ar\/#website","url":"https:\/\/infopba247.com.ar\/","name":"InfoPBA247","description":"Toda la actualidad bonaerense","publisher":{"@id":"https:\/\/infopba247.com.ar\/#organization"},"potentialAction":[{"@type":"SearchAction","target":{"@type":"EntryPoint","urlTemplate":"https:\/\/infopba247.com.ar\/?s={search_term_string}"},"query-input":{"@type":"PropertyValueSpecification","valueRequired":true,"valueName":"search_term_string"}}],"inLanguage":"es"},{"@type":"Organization","@id":"https:\/\/infopba247.com.ar\/#organization","name":"InfoPBA247","url":"https:\/\/infopba247.com.ar\/","logo":{"@type":"ImageObject","inLanguage":"es","@id":"https:\/\/infopba247.com.ar\/#\/schema\/logo\/image\/","url":"https:\/\/infopba247.com.ar\/wp-content\/uploads\/2022\/03\/cropped-InfoPBA247-1.png","contentUrl":"https:\/\/infopba247.com.ar\/wp-content\/uploads\/2022\/03\/cropped-InfoPBA247-1.png","width":500,"height":122,"caption":"InfoPBA247"},"image":{"@id":"https:\/\/infopba247.com.ar\/#\/schema\/logo\/image\/"},"sameAs":["https:\/\/www.facebook.com\/InfoPBA"]},{"@type":"Person","@id":"https:\/\/infopba247.com.ar\/#\/schema\/person\/4975f1343a413e57bf839b3eed0099f2","name":"Editor","image":{"@type":"ImageObject","inLanguage":"es","@id":"https:\/\/secure.gravatar.com\/avatar\/d27fe9520667ca53441d36627a1d6b0fa4a813571ec4803687a7a3a7744685ac?s=96&d=mm&r=g","url":"https:\/\/secure.gravatar.com\/avatar\/d27fe9520667ca53441d36627a1d6b0fa4a813571ec4803687a7a3a7744685ac?s=96&d=mm&r=g","contentUrl":"https:\/\/secure.gravatar.com\/avatar\/d27fe9520667ca53441d36627a1d6b0fa4a813571ec4803687a7a3a7744685ac?s=96&d=mm&r=g","caption":"Editor"},"url":"https:\/\/infopba247.com.ar\/index.php\/author\/editor\/"}]}},"_links":{"self":[{"href":"https:\/\/infopba247.com.ar\/index.php\/wp-json\/wp\/v2\/posts\/9143","targetHints":{"allow":["GET"]}}],"collection":[{"href":"https:\/\/infopba247.com.ar\/index.php\/wp-json\/wp\/v2\/posts"}],"about":[{"href":"https:\/\/infopba247.com.ar\/index.php\/wp-json\/wp\/v2\/types\/post"}],"author":[{"embeddable":true,"href":"https:\/\/infopba247.com.ar\/index.php\/wp-json\/wp\/v2\/users\/3"}],"replies":[{"embeddable":true,"href":"https:\/\/infopba247.com.ar\/index.php\/wp-json\/wp\/v2\/comments?post=9143"}],"version-history":[{"count":1,"href":"https:\/\/infopba247.com.ar\/index.php\/wp-json\/wp\/v2\/posts\/9143\/revisions"}],"predecessor-version":[{"id":9144,"href":"https:\/\/infopba247.com.ar\/index.php\/wp-json\/wp\/v2\/posts\/9143\/revisions\/9144"}],"wp:featuredmedia":[{"embeddable":true,"href":"https:\/\/infopba247.com.ar\/index.php\/wp-json\/wp\/v2\/media\/9140"}],"wp:attachment":[{"href":"https:\/\/infopba247.com.ar\/index.php\/wp-json\/wp\/v2\/media?parent=9143"}],"wp:term":[{"taxonomy":"category","embeddable":true,"href":"https:\/\/infopba247.com.ar\/index.php\/wp-json\/wp\/v2\/categories?post=9143"},{"taxonomy":"post_tag","embeddable":true,"href":"https:\/\/infopba247.com.ar\/index.php\/wp-json\/wp\/v2\/tags?post=9143"}],"curies":[{"name":"wp","href":"https:\/\/api.w.org\/{rel}","templated":true}]}}