{"id":9082,"date":"2026-02-27T15:25:37","date_gmt":"2026-02-27T18:25:37","guid":{"rendered":"https:\/\/infopba247.com.ar\/?p=9082"},"modified":"2026-02-27T15:25:38","modified_gmt":"2026-02-27T18:25:38","slug":"el-ministro-de-transporte-pba-entrego-equipamiento-y-destaco-los-controles-de-prevencion-de-este-verano","status":"publish","type":"post","link":"https:\/\/infopba247.com.ar\/index.php\/2026\/02\/27\/el-ministro-de-transporte-pba-entrego-equipamiento-y-destaco-los-controles-de-prevencion-de-este-verano\/","title":{"rendered":"El Ministro de Transporte PBA entreg\u00f3 equipamiento y destac\u00f3 los controles de prevenci\u00f3n de este verano"},"content":{"rendered":"\n<p>Recibido por el intendente Hern\u00e1n Arranz, el titular de la cartera provincial Mart\u00edn Marinucci lleg\u00f3 ayer a Monte Hermoso para mantener reuni\u00f3n de trabajo adem\u00e1s de recorrer el stand de educaci\u00f3n vial Modo Verano Seguro que permanecer\u00e1 hasta hoy viernes en Costanera y Peatonal Dorrego y tambi\u00e9n encabez\u00f3 un operativo de control vehicular donde hizo entrega de equipamiento para el testeo de alcoholemia.<\/p>\n\n\n\n<p>En el marco del despliegue territorial que el Ministerio de Transporte lleva adelante en destinos tur\u00edsticos, el Ministro realiz\u00f3 un balance positivo del trabajo conjunto realizado en nuestra ciudad a lo largo de la temporada.<\/p>\n\n\n\n<p>\u201cEs fundamental este tipo de encuentros porque nos permiten conocer de primera mano el balance de resultados de cada distrito. Vemos un fuerte compromiso del municipio en cuidar la vida de vecinos y turistas mediante la aplicaci\u00f3n de la ley, y eso es clave para reducir la siniestralidad\u201d se\u00f1al\u00f3 Marinucci<\/p>\n\n\n\n<p>Por su parte, Arranz agradeci\u00f3 el acompa\u00f1amiento del Ministerio y destac\u00f3 el desempe\u00f1o conjunto con la Secretar\u00eda de Seguridad Ciudadana y Polic\u00eda: \u201cEl trabajo articulado y sostenido en el tiempo es lo que necesitamos para planificar y ejecutar pol\u00edticas preventivas en materia de seguridad vial\u201d.<\/p>\n\n\n\n<p>El Jefe Comunal junto al Ministro recorrieron el stand itinerante Modo Verano Seguro, donde se puede gestionar el Pase Libre Multimodal para personas con discapacidad, en lista de espera o trasplantadas, y participar de propuestas l\u00fadicas orientadas a la concientizaci\u00f3n y educaci\u00f3n vial.<\/p>\n\n\n\n<p>M\u00e1s tarde, en el Puesto 1, de ingreso a la ciudad, hizo entrega de un alcohol\u00edmetro y un al\u00f3metro (que sirve para agilizar los controles porque es m\u00e1s r\u00e1pida la detecci\u00f3n de alcohol en sangre) y supervisaron el operativo de Seguridad Vial donde las y los agentes controlaron el cumplimiento de alcohol cero al volante, la documentaci\u00f3n obligatoria, el uso del cintur\u00f3n de seguridad, la Verificaci\u00f3n T\u00e9cnica Vehicular al d\u00eda y la no utilizaci\u00f3n del celular mientras se conduce.<\/p>\n\n\n\n<ul class=\"wp-block-list\">\n<li><a href=\"https:\/\/postpolitico.com.ar\/fernandez-terigi-y-mena-entregaron-mobiliario-y-guardapolvos-en-escuelas-de-moreno\/\"><\/a><\/li>\n<\/ul>\n","protected":false},"excerpt":{"rendered":"<p>Recibido por el intendente Hern\u00e1n Arranz, el titular de la cartera provincial Mart\u00edn Marinucci lleg\u00f3 ayer a Monte Hermoso para<\/p>\n","protected":false},"author":3,"featured_media":9073,"comment_status":"open","ping_status":"open","sticky":false,"template":"","format":"standard","meta":{"colormag_page_container_layout":"default_layout","colormag_page_sidebar_layout":"default_layout","footnotes":""},"categories":[10,1,14],"tags":[],"class_list":["post-9082","post","type-post","status-publish","format-standard","has-post-thumbnail","hentry","category-6ta-seccion","category-destacadas","category-politica"],"yoast_head":"<!-- This site is optimized with the Yoast SEO plugin v27.4 - https:\/\/yoast.com\/product\/yoast-seo-wordpress\/ -->\n<title>El Ministro de Transporte PBA entreg\u00f3 equipamiento y destac\u00f3 los controles de prevenci\u00f3n de este verano - InfoPBA247<\/title>\n<meta name=\"robots\" content=\"index, follow, max-snippet:-1, max-image-preview:large, max-video-preview:-1\" \/>\n<link rel=\"canonical\" href=\"https:\/\/infopba247.com.ar\/index.php\/2026\/02\/27\/el-ministro-de-transporte-pba-entrego-equipamiento-y-destaco-los-controles-de-prevencion-de-este-verano\/\" \/>\n<meta property=\"og:locale\" content=\"es_ES\" \/>\n<meta property=\"og:type\" content=\"article\" \/>\n<meta property=\"og:title\" content=\"El Ministro de Transporte PBA entreg\u00f3 equipamiento y destac\u00f3 los controles de prevenci\u00f3n de este verano - InfoPBA247\" \/>\n<meta property=\"og:description\" content=\"Recibido por el intendente Hern\u00e1n Arranz, el titular de la cartera provincial Mart\u00edn Marinucci lleg\u00f3 ayer a Monte Hermoso para\" \/>\n<meta property=\"og:url\" content=\"https:\/\/infopba247.com.ar\/index.php\/2026\/02\/27\/el-ministro-de-transporte-pba-entrego-equipamiento-y-destaco-los-controles-de-prevencion-de-este-verano\/\" \/>\n<meta property=\"og:site_name\" content=\"InfoPBA247\" \/>\n<meta property=\"article:publisher\" content=\"https:\/\/www.facebook.com\/InfoPBA\" \/>\n<meta property=\"article:published_time\" content=\"2026-02-27T18:25:37+00:00\" \/>\n<meta property=\"article:modified_time\" content=\"2026-02-27T18:25:38+00:00\" \/>\n<meta property=\"og:image\" content=\"https:\/\/infopba247.com.ar\/wp-content\/uploads\/2026\/02\/foto5.jpeg\" \/>\n\t<meta property=\"og:image:width\" content=\"1600\" \/>\n\t<meta property=\"og:image:height\" content=\"1066\" \/>\n\t<meta property=\"og:image:type\" content=\"image\/jpeg\" \/>\n<meta name=\"author\" content=\"Editor\" \/>\n<meta name=\"twitter:card\" content=\"summary_large_image\" \/>\n<meta name=\"twitter:label1\" content=\"Escrito por\" \/>\n\t<meta name=\"twitter:data1\" content=\"Editor\" \/>\n\t<meta name=\"twitter:label2\" content=\"Tiempo de lectura\" \/>\n\t<meta name=\"twitter:data2\" content=\"2 minutos\" \/>\n<script type=\"application\/ld+json\" class=\"yoast-schema-graph\">{\"@context\":\"https:\\\/\\\/schema.org\",\"@graph\":[{\"@type\":\"Article\",\"@id\":\"https:\\\/\\\/infopba247.com.ar\\\/index.php\\\/2026\\\/02\\\/27\\\/el-ministro-de-transporte-pba-entrego-equipamiento-y-destaco-los-controles-de-prevencion-de-este-verano\\\/#article\",\"isPartOf\":{\"@id\":\"https:\\\/\\\/infopba247.com.ar\\\/index.php\\\/2026\\\/02\\\/27\\\/el-ministro-de-transporte-pba-entrego-equipamiento-y-destaco-los-controles-de-prevencion-de-este-verano\\\/\"},\"author\":{\"name\":\"Editor\",\"@id\":\"https:\\\/\\\/infopba247.com.ar\\\/#\\\/schema\\\/person\\\/4975f1343a413e57bf839b3eed0099f2\"},\"headline\":\"El Ministro de Transporte PBA entreg\u00f3 equipamiento y destac\u00f3 los controles de prevenci\u00f3n de este verano\",\"datePublished\":\"2026-02-27T18:25:37+00:00\",\"dateModified\":\"2026-02-27T18:25:38+00:00\",\"mainEntityOfPage\":{\"@id\":\"https:\\\/\\\/infopba247.com.ar\\\/index.php\\\/2026\\\/02\\\/27\\\/el-ministro-de-transporte-pba-entrego-equipamiento-y-destaco-los-controles-de-prevencion-de-este-verano\\\/\"},\"wordCount\":360,\"commentCount\":0,\"publisher\":{\"@id\":\"https:\\\/\\\/infopba247.com.ar\\\/#organization\"},\"image\":{\"@id\":\"https:\\\/\\\/infopba247.com.ar\\\/index.php\\\/2026\\\/02\\\/27\\\/el-ministro-de-transporte-pba-entrego-equipamiento-y-destaco-los-controles-de-prevencion-de-este-verano\\\/#primaryimage\"},\"thumbnailUrl\":\"https:\\\/\\\/infopba247.com.ar\\\/wp-content\\\/uploads\\\/2026\\\/02\\\/foto5.jpeg\",\"articleSection\":[\"6ta Secci\u00f3n\",\"Destacadas\",\"Pol\u00edtica\"],\"inLanguage\":\"es\",\"potentialAction\":[{\"@type\":\"CommentAction\",\"name\":\"Comment\",\"target\":[\"https:\\\/\\\/infopba247.com.ar\\\/index.php\\\/2026\\\/02\\\/27\\\/el-ministro-de-transporte-pba-entrego-equipamiento-y-destaco-los-controles-de-prevencion-de-este-verano\\\/#respond\"]}]},{\"@type\":\"WebPage\",\"@id\":\"https:\\\/\\\/infopba247.com.ar\\\/index.php\\\/2026\\\/02\\\/27\\\/el-ministro-de-transporte-pba-entrego-equipamiento-y-destaco-los-controles-de-prevencion-de-este-verano\\\/\",\"url\":\"https:\\\/\\\/infopba247.com.ar\\\/index.php\\\/2026\\\/02\\\/27\\\/el-ministro-de-transporte-pba-entrego-equipamiento-y-destaco-los-controles-de-prevencion-de-este-verano\\\/\",\"name\":\"El Ministro de Transporte PBA entreg\u00f3 equipamiento y destac\u00f3 los controles de prevenci\u00f3n de este verano - InfoPBA247\",\"isPartOf\":{\"@id\":\"https:\\\/\\\/infopba247.com.ar\\\/#website\"},\"primaryImageOfPage\":{\"@id\":\"https:\\\/\\\/infopba247.com.ar\\\/index.php\\\/2026\\\/02\\\/27\\\/el-ministro-de-transporte-pba-entrego-equipamiento-y-destaco-los-controles-de-prevencion-de-este-verano\\\/#primaryimage\"},\"image\":{\"@id\":\"https:\\\/\\\/infopba247.com.ar\\\/index.php\\\/2026\\\/02\\\/27\\\/el-ministro-de-transporte-pba-entrego-equipamiento-y-destaco-los-controles-de-prevencion-de-este-verano\\\/#primaryimage\"},\"thumbnailUrl\":\"https:\\\/\\\/infopba247.com.ar\\\/wp-content\\\/uploads\\\/2026\\\/02\\\/foto5.jpeg\",\"datePublished\":\"2026-02-27T18:25:37+00:00\",\"dateModified\":\"2026-02-27T18:25:38+00:00\",\"breadcrumb\":{\"@id\":\"https:\\\/\\\/infopba247.com.ar\\\/index.php\\\/2026\\\/02\\\/27\\\/el-ministro-de-transporte-pba-entrego-equipamiento-y-destaco-los-controles-de-prevencion-de-este-verano\\\/#breadcrumb\"},\"inLanguage\":\"es\",\"potentialAction\":[{\"@type\":\"ReadAction\",\"target\":[\"https:\\\/\\\/infopba247.com.ar\\\/index.php\\\/2026\\\/02\\\/27\\\/el-ministro-de-transporte-pba-entrego-equipamiento-y-destaco-los-controles-de-prevencion-de-este-verano\\\/\"]}]},{\"@type\":\"ImageObject\",\"inLanguage\":\"es\",\"@id\":\"https:\\\/\\\/infopba247.com.ar\\\/index.php\\\/2026\\\/02\\\/27\\\/el-ministro-de-transporte-pba-entrego-equipamiento-y-destaco-los-controles-de-prevencion-de-este-verano\\\/#primaryimage\",\"url\":\"https:\\\/\\\/infopba247.com.ar\\\/wp-content\\\/uploads\\\/2026\\\/02\\\/foto5.jpeg\",\"contentUrl\":\"https:\\\/\\\/infopba247.com.ar\\\/wp-content\\\/uploads\\\/2026\\\/02\\\/foto5.jpeg\",\"width\":1600,\"height\":1066},{\"@type\":\"BreadcrumbList\",\"@id\":\"https:\\\/\\\/infopba247.com.ar\\\/index.php\\\/2026\\\/02\\\/27\\\/el-ministro-de-transporte-pba-entrego-equipamiento-y-destaco-los-controles-de-prevencion-de-este-verano\\\/#breadcrumb\",\"itemListElement\":[{\"@type\":\"ListItem\",\"position\":1,\"name\":\"Portada\",\"item\":\"https:\\\/\\\/infopba247.com.ar\\\/\"},{\"@type\":\"ListItem\",\"position\":2,\"name\":\"El Ministro de Transporte PBA entreg\u00f3 equipamiento y destac\u00f3 los controles de prevenci\u00f3n de este verano\"}]},{\"@type\":\"WebSite\",\"@id\":\"https:\\\/\\\/infopba247.com.ar\\\/#website\",\"url\":\"https:\\\/\\\/infopba247.com.ar\\\/\",\"name\":\"InfoPBA247\",\"description\":\"Toda la actualidad bonaerense\",\"publisher\":{\"@id\":\"https:\\\/\\\/infopba247.com.ar\\\/#organization\"},\"potentialAction\":[{\"@type\":\"SearchAction\",\"target\":{\"@type\":\"EntryPoint\",\"urlTemplate\":\"https:\\\/\\\/infopba247.com.ar\\\/?s={search_term_string}\"},\"query-input\":{\"@type\":\"PropertyValueSpecification\",\"valueRequired\":true,\"valueName\":\"search_term_string\"}}],\"inLanguage\":\"es\"},{\"@type\":\"Organization\",\"@id\":\"https:\\\/\\\/infopba247.com.ar\\\/#organization\",\"name\":\"InfoPBA247\",\"url\":\"https:\\\/\\\/infopba247.com.ar\\\/\",\"logo\":{\"@type\":\"ImageObject\",\"inLanguage\":\"es\",\"@id\":\"https:\\\/\\\/infopba247.com.ar\\\/#\\\/schema\\\/logo\\\/image\\\/\",\"url\":\"https:\\\/\\\/infopba247.com.ar\\\/wp-content\\\/uploads\\\/2022\\\/03\\\/cropped-InfoPBA247-1.png\",\"contentUrl\":\"https:\\\/\\\/infopba247.com.ar\\\/wp-content\\\/uploads\\\/2022\\\/03\\\/cropped-InfoPBA247-1.png\",\"width\":500,\"height\":122,\"caption\":\"InfoPBA247\"},\"image\":{\"@id\":\"https:\\\/\\\/infopba247.com.ar\\\/#\\\/schema\\\/logo\\\/image\\\/\"},\"sameAs\":[\"https:\\\/\\\/www.facebook.com\\\/InfoPBA\"]},{\"@type\":\"Person\",\"@id\":\"https:\\\/\\\/infopba247.com.ar\\\/#\\\/schema\\\/person\\\/4975f1343a413e57bf839b3eed0099f2\",\"name\":\"Editor\",\"image\":{\"@type\":\"ImageObject\",\"inLanguage\":\"es\",\"@id\":\"https:\\\/\\\/secure.gravatar.com\\\/avatar\\\/d27fe9520667ca53441d36627a1d6b0fa4a813571ec4803687a7a3a7744685ac?s=96&d=mm&r=g\",\"url\":\"https:\\\/\\\/secure.gravatar.com\\\/avatar\\\/d27fe9520667ca53441d36627a1d6b0fa4a813571ec4803687a7a3a7744685ac?s=96&d=mm&r=g\",\"contentUrl\":\"https:\\\/\\\/secure.gravatar.com\\\/avatar\\\/d27fe9520667ca53441d36627a1d6b0fa4a813571ec4803687a7a3a7744685ac?s=96&d=mm&r=g\",\"caption\":\"Editor\"},\"url\":\"https:\\\/\\\/infopba247.com.ar\\\/index.php\\\/author\\\/editor\\\/\"}]}<\/script>\n<!-- \/ Yoast SEO plugin. -->","yoast_head_json":{"title":"El Ministro de Transporte PBA entreg\u00f3 equipamiento y destac\u00f3 los controles de prevenci\u00f3n de este verano - InfoPBA247","robots":{"index":"index","follow":"follow","max-snippet":"max-snippet:-1","max-image-preview":"max-image-preview:large","max-video-preview":"max-video-preview:-1"},"canonical":"https:\/\/infopba247.com.ar\/index.php\/2026\/02\/27\/el-ministro-de-transporte-pba-entrego-equipamiento-y-destaco-los-controles-de-prevencion-de-este-verano\/","og_locale":"es_ES","og_type":"article","og_title":"El Ministro de Transporte PBA entreg\u00f3 equipamiento y destac\u00f3 los controles de prevenci\u00f3n de este verano - InfoPBA247","og_description":"Recibido por el intendente Hern\u00e1n Arranz, el titular de la cartera provincial Mart\u00edn Marinucci lleg\u00f3 ayer a Monte Hermoso para","og_url":"https:\/\/infopba247.com.ar\/index.php\/2026\/02\/27\/el-ministro-de-transporte-pba-entrego-equipamiento-y-destaco-los-controles-de-prevencion-de-este-verano\/","og_site_name":"InfoPBA247","article_publisher":"https:\/\/www.facebook.com\/InfoPBA","article_published_time":"2026-02-27T18:25:37+00:00","article_modified_time":"2026-02-27T18:25:38+00:00","og_image":[{"width":1600,"height":1066,"url":"https:\/\/infopba247.com.ar\/wp-content\/uploads\/2026\/02\/foto5.jpeg","type":"image\/jpeg"}],"author":"Editor","twitter_card":"summary_large_image","twitter_misc":{"Escrito por":"Editor","Tiempo de lectura":"2 minutos"},"schema":{"@context":"https:\/\/schema.org","@graph":[{"@type":"Article","@id":"https:\/\/infopba247.com.ar\/index.php\/2026\/02\/27\/el-ministro-de-transporte-pba-entrego-equipamiento-y-destaco-los-controles-de-prevencion-de-este-verano\/#article","isPartOf":{"@id":"https:\/\/infopba247.com.ar\/index.php\/2026\/02\/27\/el-ministro-de-transporte-pba-entrego-equipamiento-y-destaco-los-controles-de-prevencion-de-este-verano\/"},"author":{"name":"Editor","@id":"https:\/\/infopba247.com.ar\/#\/schema\/person\/4975f1343a413e57bf839b3eed0099f2"},"headline":"El Ministro de Transporte PBA entreg\u00f3 equipamiento y destac\u00f3 los controles de prevenci\u00f3n de este verano","datePublished":"2026-02-27T18:25:37+00:00","dateModified":"2026-02-27T18:25:38+00:00","mainEntityOfPage":{"@id":"https:\/\/infopba247.com.ar\/index.php\/2026\/02\/27\/el-ministro-de-transporte-pba-entrego-equipamiento-y-destaco-los-controles-de-prevencion-de-este-verano\/"},"wordCount":360,"commentCount":0,"publisher":{"@id":"https:\/\/infopba247.com.ar\/#organization"},"image":{"@id":"https:\/\/infopba247.com.ar\/index.php\/2026\/02\/27\/el-ministro-de-transporte-pba-entrego-equipamiento-y-destaco-los-controles-de-prevencion-de-este-verano\/#primaryimage"},"thumbnailUrl":"https:\/\/infopba247.com.ar\/wp-content\/uploads\/2026\/02\/foto5.jpeg","articleSection":["6ta Secci\u00f3n","Destacadas","Pol\u00edtica"],"inLanguage":"es","potentialAction":[{"@type":"CommentAction","name":"Comment","target":["https:\/\/infopba247.com.ar\/index.php\/2026\/02\/27\/el-ministro-de-transporte-pba-entrego-equipamiento-y-destaco-los-controles-de-prevencion-de-este-verano\/#respond"]}]},{"@type":"WebPage","@id":"https:\/\/infopba247.com.ar\/index.php\/2026\/02\/27\/el-ministro-de-transporte-pba-entrego-equipamiento-y-destaco-los-controles-de-prevencion-de-este-verano\/","url":"https:\/\/infopba247.com.ar\/index.php\/2026\/02\/27\/el-ministro-de-transporte-pba-entrego-equipamiento-y-destaco-los-controles-de-prevencion-de-este-verano\/","name":"El Ministro de Transporte PBA entreg\u00f3 equipamiento y destac\u00f3 los controles de prevenci\u00f3n de este verano - InfoPBA247","isPartOf":{"@id":"https:\/\/infopba247.com.ar\/#website"},"primaryImageOfPage":{"@id":"https:\/\/infopba247.com.ar\/index.php\/2026\/02\/27\/el-ministro-de-transporte-pba-entrego-equipamiento-y-destaco-los-controles-de-prevencion-de-este-verano\/#primaryimage"},"image":{"@id":"https:\/\/infopba247.com.ar\/index.php\/2026\/02\/27\/el-ministro-de-transporte-pba-entrego-equipamiento-y-destaco-los-controles-de-prevencion-de-este-verano\/#primaryimage"},"thumbnailUrl":"https:\/\/infopba247.com.ar\/wp-content\/uploads\/2026\/02\/foto5.jpeg","datePublished":"2026-02-27T18:25:37+00:00","dateModified":"2026-02-27T18:25:38+00:00","breadcrumb":{"@id":"https:\/\/infopba247.com.ar\/index.php\/2026\/02\/27\/el-ministro-de-transporte-pba-entrego-equipamiento-y-destaco-los-controles-de-prevencion-de-este-verano\/#breadcrumb"},"inLanguage":"es","potentialAction":[{"@type":"ReadAction","target":["https:\/\/infopba247.com.ar\/index.php\/2026\/02\/27\/el-ministro-de-transporte-pba-entrego-equipamiento-y-destaco-los-controles-de-prevencion-de-este-verano\/"]}]},{"@type":"ImageObject","inLanguage":"es","@id":"https:\/\/infopba247.com.ar\/index.php\/2026\/02\/27\/el-ministro-de-transporte-pba-entrego-equipamiento-y-destaco-los-controles-de-prevencion-de-este-verano\/#primaryimage","url":"https:\/\/infopba247.com.ar\/wp-content\/uploads\/2026\/02\/foto5.jpeg","contentUrl":"https:\/\/infopba247.com.ar\/wp-content\/uploads\/2026\/02\/foto5.jpeg","width":1600,"height":1066},{"@type":"BreadcrumbList","@id":"https:\/\/infopba247.com.ar\/index.php\/2026\/02\/27\/el-ministro-de-transporte-pba-entrego-equipamiento-y-destaco-los-controles-de-prevencion-de-este-verano\/#breadcrumb","itemListElement":[{"@type":"ListItem","position":1,"name":"Portada","item":"https:\/\/infopba247.com.ar\/"},{"@type":"ListItem","position":2,"name":"El Ministro de Transporte PBA entreg\u00f3 equipamiento y destac\u00f3 los controles de prevenci\u00f3n de este verano"}]},{"@type":"WebSite","@id":"https:\/\/infopba247.com.ar\/#website","url":"https:\/\/infopba247.com.ar\/","name":"InfoPBA247","description":"Toda la actualidad bonaerense","publisher":{"@id":"https:\/\/infopba247.com.ar\/#organization"},"potentialAction":[{"@type":"SearchAction","target":{"@type":"EntryPoint","urlTemplate":"https:\/\/infopba247.com.ar\/?s={search_term_string}"},"query-input":{"@type":"PropertyValueSpecification","valueRequired":true,"valueName":"search_term_string"}}],"inLanguage":"es"},{"@type":"Organization","@id":"https:\/\/infopba247.com.ar\/#organization","name":"InfoPBA247","url":"https:\/\/infopba247.com.ar\/","logo":{"@type":"ImageObject","inLanguage":"es","@id":"https:\/\/infopba247.com.ar\/#\/schema\/logo\/image\/","url":"https:\/\/infopba247.com.ar\/wp-content\/uploads\/2022\/03\/cropped-InfoPBA247-1.png","contentUrl":"https:\/\/infopba247.com.ar\/wp-content\/uploads\/2022\/03\/cropped-InfoPBA247-1.png","width":500,"height":122,"caption":"InfoPBA247"},"image":{"@id":"https:\/\/infopba247.com.ar\/#\/schema\/logo\/image\/"},"sameAs":["https:\/\/www.facebook.com\/InfoPBA"]},{"@type":"Person","@id":"https:\/\/infopba247.com.ar\/#\/schema\/person\/4975f1343a413e57bf839b3eed0099f2","name":"Editor","image":{"@type":"ImageObject","inLanguage":"es","@id":"https:\/\/secure.gravatar.com\/avatar\/d27fe9520667ca53441d36627a1d6b0fa4a813571ec4803687a7a3a7744685ac?s=96&d=mm&r=g","url":"https:\/\/secure.gravatar.com\/avatar\/d27fe9520667ca53441d36627a1d6b0fa4a813571ec4803687a7a3a7744685ac?s=96&d=mm&r=g","contentUrl":"https:\/\/secure.gravatar.com\/avatar\/d27fe9520667ca53441d36627a1d6b0fa4a813571ec4803687a7a3a7744685ac?s=96&d=mm&r=g","caption":"Editor"},"url":"https:\/\/infopba247.com.ar\/index.php\/author\/editor\/"}]}},"_links":{"self":[{"href":"https:\/\/infopba247.com.ar\/index.php\/wp-json\/wp\/v2\/posts\/9082","targetHints":{"allow":["GET"]}}],"collection":[{"href":"https:\/\/infopba247.com.ar\/index.php\/wp-json\/wp\/v2\/posts"}],"about":[{"href":"https:\/\/infopba247.com.ar\/index.php\/wp-json\/wp\/v2\/types\/post"}],"author":[{"embeddable":true,"href":"https:\/\/infopba247.com.ar\/index.php\/wp-json\/wp\/v2\/users\/3"}],"replies":[{"embeddable":true,"href":"https:\/\/infopba247.com.ar\/index.php\/wp-json\/wp\/v2\/comments?post=9082"}],"version-history":[{"count":1,"href":"https:\/\/infopba247.com.ar\/index.php\/wp-json\/wp\/v2\/posts\/9082\/revisions"}],"predecessor-version":[{"id":9083,"href":"https:\/\/infopba247.com.ar\/index.php\/wp-json\/wp\/v2\/posts\/9082\/revisions\/9083"}],"wp:featuredmedia":[{"embeddable":true,"href":"https:\/\/infopba247.com.ar\/index.php\/wp-json\/wp\/v2\/media\/9073"}],"wp:attachment":[{"href":"https:\/\/infopba247.com.ar\/index.php\/wp-json\/wp\/v2\/media?parent=9082"}],"wp:term":[{"taxonomy":"category","embeddable":true,"href":"https:\/\/infopba247.com.ar\/index.php\/wp-json\/wp\/v2\/categories?post=9082"},{"taxonomy":"post_tag","embeddable":true,"href":"https:\/\/infopba247.com.ar\/index.php\/wp-json\/wp\/v2\/tags?post=9082"}],"curies":[{"name":"wp","href":"https:\/\/api.w.org\/{rel}","templated":true}]}}