{"id":9080,"date":"2026-02-27T15:25:10","date_gmt":"2026-02-27T18:25:10","guid":{"rendered":"https:\/\/infopba247.com.ar\/?p=9080"},"modified":"2026-02-27T15:25:11","modified_gmt":"2026-02-27T18:25:11","slug":"fernandez-terigi-y-mena-entregaron-mobiliario-y-guardapolvos-en-escuelas-de-moreno","status":"publish","type":"post","link":"https:\/\/infopba247.com.ar\/index.php\/2026\/02\/27\/fernandez-terigi-y-mena-entregaron-mobiliario-y-guardapolvos-en-escuelas-de-moreno\/","title":{"rendered":"Fern\u00e1ndez, Terigi y Mena entregaron mobiliario y guardapolvos en escuelas de Moreno"},"content":{"rendered":"\n<p>Se equiparon 11 aulas con nuevo mobiliario e indumentaria para mas de 1400 estudiantes producidos por personas privadas de su libertad en unidades penitenciarias bonaerenses<\/p>\n\n\n\n<p>En el marco del retorno al ciclo escolar, la intendenta de Moreno, Mariel Fern\u00e1ndez, junto a la ministra de Educaci\u00f3n de la provincia de Buenos Aires, Flavia Terigi; el ministro de Justicia bonaerense, Juan Mart\u00edn Mena; docentes y directivos de escuelas, encabez\u00f3 un acto de entrega de mobiliario escolar y guardapolvos destinados a fortalecer las condiciones de aprendizaje en el distrito.<\/p>\n\n\n\n<p>Se otorgaron 165 sillas y 330 mesas escolares para equipar 11 aulas, adem\u00e1s de 1.446 guardapolvos para estudiantes de escuelas primarias. Los insumos fueron fabricados en los polos industriales penitenciarios \u2013 Polo Industrial Textil de la Unidad 37 y el Polo Industrial de Mobiliario Escolar de la Unidad 57 \u2013 de la provincia, en el marco de una pol\u00edtica que articula producci\u00f3n y sistema educativo.<\/p>\n\n\n\n<p>Durante el acto, la jefa comunal afirm\u00f3 que: \u201cTrabajamos con mucho esfuerzo para mejorar la situaci\u00f3n de las escuelas y lo seguimos haciendo porque sabemos que a\u00fan falta. Nos da satisfacci\u00f3n entregar estos mobiliarios y guardapolvos de tan buena calidad\u201d.<\/p>\n\n\n\n<p>Asimismo, Fern\u00e1ndez, subray\u00f3 la articulaci\u00f3n provincial: \u201cCelebramos el compromiso del ministerio de educaci\u00f3n de la provincia, como tambi\u00e9n la iniciativa del ministerio de justicia porque es importante hacernos cargo de los problemas, y en este sentido, los procesos productivos y educativos dentro de la c\u00e1rcel son fundamentales. Esta entrega muestra que una pol\u00edtica p\u00fablica bien conducida da buenos resultados y que el Estado genera buenas cosas\u201d.<\/p>\n\n\n\n<p>En tal sentido, Terigi, se\u00f1al\u00f3: \u201cMoreno es uno de los distritos con mayor crecimiento demogr\u00e1fico de la provincia: tres de cada diez personas tienen menos de 15 a\u00f1os. Eso implica m\u00e1s escuelas, m\u00e1s aulas, m\u00e1s mobiliario y m\u00e1s guardapolvos. Y es nuestra responsabilidad acompa\u00f1ar ese crecimiento con pol\u00edticas educativas concretas\u201d.<\/p>\n\n\n\n<p>Por su parte, Mena, remarc\u00f3 el enfoque de la pol\u00edtica penitenciaria: \u201cNosotros queremos en la provincia de Buenos Aires seguridad en serio para nuestros vecinos y vecinas, y la forma de hacerlo es reduciendo los \u00edndices de criminalidad y los \u00edndices de prisionizaci\u00f3n, que venga cada vez menos gente a la c\u00e1rcel y no cada vez m\u00e1s, y la forma de evitarlo es dar mayores herramientas para enfrentar una vida en sociedad, una vida en el mundo libre que est\u00e1 cada d\u00eda m\u00e1s compleja y m\u00e1s dif\u00edcil\u201d. Adem\u00e1s precis\u00f3 el alcance de la iniciativa: \u201cHoy entregamos mil cuatrocientos cuarenta y seis guardapolvos en Moreno, pero a trav\u00e9s de la direcci\u00f3n general de escuelas estamos entregando treinta mil en toda la provincia de Buenos Aires\u201d, y afirm\u00f3: \u201cVamos a seguir construyendo e instalando polos productivos de trabajo en las c\u00e1rceles bonaerenses, vamos a seguir abriendo aulas y escuelas; mientras el gobierno nacional a los pibes les quiere poner grilletes, nosotros les queremos poner guardapolvos para que estudien y tengamos todos una vida un poco mejor\u201d.<\/p>\n\n\n\n<p>Estuvieron tambi\u00e9n presentes Cynthia Mu\u00f1oz, Secretar\u00eda de Cultura, Educaci\u00f3n y Deporte; Emmanuel Fern\u00e1ndez, presidente del Honorable Concejo Deliberante y otras autoridades municipales.<\/p>\n\n\n\n<p>La entrega forma parte de una pol\u00edtica, sostenida por el Gobierno local, de acompa\u00f1amiento a las escuelas, con el objetivo de garantizar mejores condiciones materiales para estudiantes y docentes en el inicio del ciclo lectivo.<\/p>\n","protected":false},"excerpt":{"rendered":"<p>Se equiparon 11 aulas con nuevo mobiliario e indumentaria para mas de 1400 estudiantes producidos por personas privadas de su<\/p>\n","protected":false},"author":3,"featured_media":9074,"comment_status":"open","ping_status":"open","sticky":false,"template":"","format":"standard","meta":{"colormag_page_container_layout":"default_layout","colormag_page_sidebar_layout":"default_layout","footnotes":""},"categories":[5,1,14],"tags":[],"class_list":["post-9080","post","type-post","status-publish","format-standard","has-post-thumbnail","hentry","category-1ra-seccion","category-destacadas","category-politica"],"yoast_head":"<!-- This site is optimized with the Yoast SEO plugin v27.4 - https:\/\/yoast.com\/product\/yoast-seo-wordpress\/ -->\n<title>Fern\u00e1ndez, Terigi y Mena entregaron mobiliario y guardapolvos en escuelas de Moreno - InfoPBA247<\/title>\n<meta name=\"robots\" content=\"index, follow, max-snippet:-1, max-image-preview:large, max-video-preview:-1\" \/>\n<link rel=\"canonical\" href=\"https:\/\/infopba247.com.ar\/index.php\/2026\/02\/27\/fernandez-terigi-y-mena-entregaron-mobiliario-y-guardapolvos-en-escuelas-de-moreno\/\" \/>\n<meta property=\"og:locale\" content=\"es_ES\" \/>\n<meta property=\"og:type\" content=\"article\" \/>\n<meta property=\"og:title\" content=\"Fern\u00e1ndez, Terigi y Mena entregaron mobiliario y guardapolvos en escuelas de Moreno - InfoPBA247\" \/>\n<meta property=\"og:description\" content=\"Se equiparon 11 aulas con nuevo mobiliario e indumentaria para mas de 1400 estudiantes producidos por personas privadas de su\" \/>\n<meta property=\"og:url\" content=\"https:\/\/infopba247.com.ar\/index.php\/2026\/02\/27\/fernandez-terigi-y-mena-entregaron-mobiliario-y-guardapolvos-en-escuelas-de-moreno\/\" \/>\n<meta property=\"og:site_name\" content=\"InfoPBA247\" \/>\n<meta property=\"article:publisher\" content=\"https:\/\/www.facebook.com\/InfoPBA\" \/>\n<meta property=\"article:published_time\" content=\"2026-02-27T18:25:10+00:00\" \/>\n<meta property=\"article:modified_time\" content=\"2026-02-27T18:25:11+00:00\" \/>\n<meta property=\"og:image\" content=\"https:\/\/infopba247.com.ar\/wp-content\/uploads\/2026\/02\/escuelas-5.jpg\" \/>\n\t<meta property=\"og:image:width\" content=\"1920\" \/>\n\t<meta property=\"og:image:height\" content=\"1080\" \/>\n\t<meta property=\"og:image:type\" content=\"image\/jpeg\" \/>\n<meta name=\"author\" content=\"Editor\" \/>\n<meta name=\"twitter:card\" content=\"summary_large_image\" \/>\n<meta name=\"twitter:label1\" content=\"Escrito por\" \/>\n\t<meta name=\"twitter:data1\" content=\"Editor\" \/>\n\t<meta name=\"twitter:label2\" content=\"Tiempo de lectura\" \/>\n\t<meta name=\"twitter:data2\" content=\"3 minutos\" \/>\n<script type=\"application\/ld+json\" class=\"yoast-schema-graph\">{\"@context\":\"https:\\\/\\\/schema.org\",\"@graph\":[{\"@type\":\"Article\",\"@id\":\"https:\\\/\\\/infopba247.com.ar\\\/index.php\\\/2026\\\/02\\\/27\\\/fernandez-terigi-y-mena-entregaron-mobiliario-y-guardapolvos-en-escuelas-de-moreno\\\/#article\",\"isPartOf\":{\"@id\":\"https:\\\/\\\/infopba247.com.ar\\\/index.php\\\/2026\\\/02\\\/27\\\/fernandez-terigi-y-mena-entregaron-mobiliario-y-guardapolvos-en-escuelas-de-moreno\\\/\"},\"author\":{\"name\":\"Editor\",\"@id\":\"https:\\\/\\\/infopba247.com.ar\\\/#\\\/schema\\\/person\\\/4975f1343a413e57bf839b3eed0099f2\"},\"headline\":\"Fern\u00e1ndez, Terigi y Mena entregaron mobiliario y guardapolvos en escuelas de Moreno\",\"datePublished\":\"2026-02-27T18:25:10+00:00\",\"dateModified\":\"2026-02-27T18:25:11+00:00\",\"mainEntityOfPage\":{\"@id\":\"https:\\\/\\\/infopba247.com.ar\\\/index.php\\\/2026\\\/02\\\/27\\\/fernandez-terigi-y-mena-entregaron-mobiliario-y-guardapolvos-en-escuelas-de-moreno\\\/\"},\"wordCount\":584,\"commentCount\":0,\"publisher\":{\"@id\":\"https:\\\/\\\/infopba247.com.ar\\\/#organization\"},\"image\":{\"@id\":\"https:\\\/\\\/infopba247.com.ar\\\/index.php\\\/2026\\\/02\\\/27\\\/fernandez-terigi-y-mena-entregaron-mobiliario-y-guardapolvos-en-escuelas-de-moreno\\\/#primaryimage\"},\"thumbnailUrl\":\"https:\\\/\\\/infopba247.com.ar\\\/wp-content\\\/uploads\\\/2026\\\/02\\\/escuelas-5.jpg\",\"articleSection\":[\"1ra Secci\u00f3n\",\"Destacadas\",\"Pol\u00edtica\"],\"inLanguage\":\"es\",\"potentialAction\":[{\"@type\":\"CommentAction\",\"name\":\"Comment\",\"target\":[\"https:\\\/\\\/infopba247.com.ar\\\/index.php\\\/2026\\\/02\\\/27\\\/fernandez-terigi-y-mena-entregaron-mobiliario-y-guardapolvos-en-escuelas-de-moreno\\\/#respond\"]}]},{\"@type\":\"WebPage\",\"@id\":\"https:\\\/\\\/infopba247.com.ar\\\/index.php\\\/2026\\\/02\\\/27\\\/fernandez-terigi-y-mena-entregaron-mobiliario-y-guardapolvos-en-escuelas-de-moreno\\\/\",\"url\":\"https:\\\/\\\/infopba247.com.ar\\\/index.php\\\/2026\\\/02\\\/27\\\/fernandez-terigi-y-mena-entregaron-mobiliario-y-guardapolvos-en-escuelas-de-moreno\\\/\",\"name\":\"Fern\u00e1ndez, Terigi y Mena entregaron mobiliario y guardapolvos en escuelas de Moreno - InfoPBA247\",\"isPartOf\":{\"@id\":\"https:\\\/\\\/infopba247.com.ar\\\/#website\"},\"primaryImageOfPage\":{\"@id\":\"https:\\\/\\\/infopba247.com.ar\\\/index.php\\\/2026\\\/02\\\/27\\\/fernandez-terigi-y-mena-entregaron-mobiliario-y-guardapolvos-en-escuelas-de-moreno\\\/#primaryimage\"},\"image\":{\"@id\":\"https:\\\/\\\/infopba247.com.ar\\\/index.php\\\/2026\\\/02\\\/27\\\/fernandez-terigi-y-mena-entregaron-mobiliario-y-guardapolvos-en-escuelas-de-moreno\\\/#primaryimage\"},\"thumbnailUrl\":\"https:\\\/\\\/infopba247.com.ar\\\/wp-content\\\/uploads\\\/2026\\\/02\\\/escuelas-5.jpg\",\"datePublished\":\"2026-02-27T18:25:10+00:00\",\"dateModified\":\"2026-02-27T18:25:11+00:00\",\"breadcrumb\":{\"@id\":\"https:\\\/\\\/infopba247.com.ar\\\/index.php\\\/2026\\\/02\\\/27\\\/fernandez-terigi-y-mena-entregaron-mobiliario-y-guardapolvos-en-escuelas-de-moreno\\\/#breadcrumb\"},\"inLanguage\":\"es\",\"potentialAction\":[{\"@type\":\"ReadAction\",\"target\":[\"https:\\\/\\\/infopba247.com.ar\\\/index.php\\\/2026\\\/02\\\/27\\\/fernandez-terigi-y-mena-entregaron-mobiliario-y-guardapolvos-en-escuelas-de-moreno\\\/\"]}]},{\"@type\":\"ImageObject\",\"inLanguage\":\"es\",\"@id\":\"https:\\\/\\\/infopba247.com.ar\\\/index.php\\\/2026\\\/02\\\/27\\\/fernandez-terigi-y-mena-entregaron-mobiliario-y-guardapolvos-en-escuelas-de-moreno\\\/#primaryimage\",\"url\":\"https:\\\/\\\/infopba247.com.ar\\\/wp-content\\\/uploads\\\/2026\\\/02\\\/escuelas-5.jpg\",\"contentUrl\":\"https:\\\/\\\/infopba247.com.ar\\\/wp-content\\\/uploads\\\/2026\\\/02\\\/escuelas-5.jpg\",\"width\":1920,\"height\":1080},{\"@type\":\"BreadcrumbList\",\"@id\":\"https:\\\/\\\/infopba247.com.ar\\\/index.php\\\/2026\\\/02\\\/27\\\/fernandez-terigi-y-mena-entregaron-mobiliario-y-guardapolvos-en-escuelas-de-moreno\\\/#breadcrumb\",\"itemListElement\":[{\"@type\":\"ListItem\",\"position\":1,\"name\":\"Portada\",\"item\":\"https:\\\/\\\/infopba247.com.ar\\\/\"},{\"@type\":\"ListItem\",\"position\":2,\"name\":\"Fern\u00e1ndez, Terigi y Mena entregaron mobiliario y guardapolvos en escuelas de Moreno\"}]},{\"@type\":\"WebSite\",\"@id\":\"https:\\\/\\\/infopba247.com.ar\\\/#website\",\"url\":\"https:\\\/\\\/infopba247.com.ar\\\/\",\"name\":\"InfoPBA247\",\"description\":\"Toda la actualidad bonaerense\",\"publisher\":{\"@id\":\"https:\\\/\\\/infopba247.com.ar\\\/#organization\"},\"potentialAction\":[{\"@type\":\"SearchAction\",\"target\":{\"@type\":\"EntryPoint\",\"urlTemplate\":\"https:\\\/\\\/infopba247.com.ar\\\/?s={search_term_string}\"},\"query-input\":{\"@type\":\"PropertyValueSpecification\",\"valueRequired\":true,\"valueName\":\"search_term_string\"}}],\"inLanguage\":\"es\"},{\"@type\":\"Organization\",\"@id\":\"https:\\\/\\\/infopba247.com.ar\\\/#organization\",\"name\":\"InfoPBA247\",\"url\":\"https:\\\/\\\/infopba247.com.ar\\\/\",\"logo\":{\"@type\":\"ImageObject\",\"inLanguage\":\"es\",\"@id\":\"https:\\\/\\\/infopba247.com.ar\\\/#\\\/schema\\\/logo\\\/image\\\/\",\"url\":\"https:\\\/\\\/infopba247.com.ar\\\/wp-content\\\/uploads\\\/2022\\\/03\\\/cropped-InfoPBA247-1.png\",\"contentUrl\":\"https:\\\/\\\/infopba247.com.ar\\\/wp-content\\\/uploads\\\/2022\\\/03\\\/cropped-InfoPBA247-1.png\",\"width\":500,\"height\":122,\"caption\":\"InfoPBA247\"},\"image\":{\"@id\":\"https:\\\/\\\/infopba247.com.ar\\\/#\\\/schema\\\/logo\\\/image\\\/\"},\"sameAs\":[\"https:\\\/\\\/www.facebook.com\\\/InfoPBA\"]},{\"@type\":\"Person\",\"@id\":\"https:\\\/\\\/infopba247.com.ar\\\/#\\\/schema\\\/person\\\/4975f1343a413e57bf839b3eed0099f2\",\"name\":\"Editor\",\"image\":{\"@type\":\"ImageObject\",\"inLanguage\":\"es\",\"@id\":\"https:\\\/\\\/secure.gravatar.com\\\/avatar\\\/d27fe9520667ca53441d36627a1d6b0fa4a813571ec4803687a7a3a7744685ac?s=96&d=mm&r=g\",\"url\":\"https:\\\/\\\/secure.gravatar.com\\\/avatar\\\/d27fe9520667ca53441d36627a1d6b0fa4a813571ec4803687a7a3a7744685ac?s=96&d=mm&r=g\",\"contentUrl\":\"https:\\\/\\\/secure.gravatar.com\\\/avatar\\\/d27fe9520667ca53441d36627a1d6b0fa4a813571ec4803687a7a3a7744685ac?s=96&d=mm&r=g\",\"caption\":\"Editor\"},\"url\":\"https:\\\/\\\/infopba247.com.ar\\\/index.php\\\/author\\\/editor\\\/\"}]}<\/script>\n<!-- \/ Yoast SEO plugin. -->","yoast_head_json":{"title":"Fern\u00e1ndez, Terigi y Mena entregaron mobiliario y guardapolvos en escuelas de Moreno - InfoPBA247","robots":{"index":"index","follow":"follow","max-snippet":"max-snippet:-1","max-image-preview":"max-image-preview:large","max-video-preview":"max-video-preview:-1"},"canonical":"https:\/\/infopba247.com.ar\/index.php\/2026\/02\/27\/fernandez-terigi-y-mena-entregaron-mobiliario-y-guardapolvos-en-escuelas-de-moreno\/","og_locale":"es_ES","og_type":"article","og_title":"Fern\u00e1ndez, Terigi y Mena entregaron mobiliario y guardapolvos en escuelas de Moreno - InfoPBA247","og_description":"Se equiparon 11 aulas con nuevo mobiliario e indumentaria para mas de 1400 estudiantes producidos por personas privadas de su","og_url":"https:\/\/infopba247.com.ar\/index.php\/2026\/02\/27\/fernandez-terigi-y-mena-entregaron-mobiliario-y-guardapolvos-en-escuelas-de-moreno\/","og_site_name":"InfoPBA247","article_publisher":"https:\/\/www.facebook.com\/InfoPBA","article_published_time":"2026-02-27T18:25:10+00:00","article_modified_time":"2026-02-27T18:25:11+00:00","og_image":[{"width":1920,"height":1080,"url":"https:\/\/infopba247.com.ar\/wp-content\/uploads\/2026\/02\/escuelas-5.jpg","type":"image\/jpeg"}],"author":"Editor","twitter_card":"summary_large_image","twitter_misc":{"Escrito por":"Editor","Tiempo de lectura":"3 minutos"},"schema":{"@context":"https:\/\/schema.org","@graph":[{"@type":"Article","@id":"https:\/\/infopba247.com.ar\/index.php\/2026\/02\/27\/fernandez-terigi-y-mena-entregaron-mobiliario-y-guardapolvos-en-escuelas-de-moreno\/#article","isPartOf":{"@id":"https:\/\/infopba247.com.ar\/index.php\/2026\/02\/27\/fernandez-terigi-y-mena-entregaron-mobiliario-y-guardapolvos-en-escuelas-de-moreno\/"},"author":{"name":"Editor","@id":"https:\/\/infopba247.com.ar\/#\/schema\/person\/4975f1343a413e57bf839b3eed0099f2"},"headline":"Fern\u00e1ndez, Terigi y Mena entregaron mobiliario y guardapolvos en escuelas de Moreno","datePublished":"2026-02-27T18:25:10+00:00","dateModified":"2026-02-27T18:25:11+00:00","mainEntityOfPage":{"@id":"https:\/\/infopba247.com.ar\/index.php\/2026\/02\/27\/fernandez-terigi-y-mena-entregaron-mobiliario-y-guardapolvos-en-escuelas-de-moreno\/"},"wordCount":584,"commentCount":0,"publisher":{"@id":"https:\/\/infopba247.com.ar\/#organization"},"image":{"@id":"https:\/\/infopba247.com.ar\/index.php\/2026\/02\/27\/fernandez-terigi-y-mena-entregaron-mobiliario-y-guardapolvos-en-escuelas-de-moreno\/#primaryimage"},"thumbnailUrl":"https:\/\/infopba247.com.ar\/wp-content\/uploads\/2026\/02\/escuelas-5.jpg","articleSection":["1ra Secci\u00f3n","Destacadas","Pol\u00edtica"],"inLanguage":"es","potentialAction":[{"@type":"CommentAction","name":"Comment","target":["https:\/\/infopba247.com.ar\/index.php\/2026\/02\/27\/fernandez-terigi-y-mena-entregaron-mobiliario-y-guardapolvos-en-escuelas-de-moreno\/#respond"]}]},{"@type":"WebPage","@id":"https:\/\/infopba247.com.ar\/index.php\/2026\/02\/27\/fernandez-terigi-y-mena-entregaron-mobiliario-y-guardapolvos-en-escuelas-de-moreno\/","url":"https:\/\/infopba247.com.ar\/index.php\/2026\/02\/27\/fernandez-terigi-y-mena-entregaron-mobiliario-y-guardapolvos-en-escuelas-de-moreno\/","name":"Fern\u00e1ndez, Terigi y Mena entregaron mobiliario y guardapolvos en escuelas de Moreno - InfoPBA247","isPartOf":{"@id":"https:\/\/infopba247.com.ar\/#website"},"primaryImageOfPage":{"@id":"https:\/\/infopba247.com.ar\/index.php\/2026\/02\/27\/fernandez-terigi-y-mena-entregaron-mobiliario-y-guardapolvos-en-escuelas-de-moreno\/#primaryimage"},"image":{"@id":"https:\/\/infopba247.com.ar\/index.php\/2026\/02\/27\/fernandez-terigi-y-mena-entregaron-mobiliario-y-guardapolvos-en-escuelas-de-moreno\/#primaryimage"},"thumbnailUrl":"https:\/\/infopba247.com.ar\/wp-content\/uploads\/2026\/02\/escuelas-5.jpg","datePublished":"2026-02-27T18:25:10+00:00","dateModified":"2026-02-27T18:25:11+00:00","breadcrumb":{"@id":"https:\/\/infopba247.com.ar\/index.php\/2026\/02\/27\/fernandez-terigi-y-mena-entregaron-mobiliario-y-guardapolvos-en-escuelas-de-moreno\/#breadcrumb"},"inLanguage":"es","potentialAction":[{"@type":"ReadAction","target":["https:\/\/infopba247.com.ar\/index.php\/2026\/02\/27\/fernandez-terigi-y-mena-entregaron-mobiliario-y-guardapolvos-en-escuelas-de-moreno\/"]}]},{"@type":"ImageObject","inLanguage":"es","@id":"https:\/\/infopba247.com.ar\/index.php\/2026\/02\/27\/fernandez-terigi-y-mena-entregaron-mobiliario-y-guardapolvos-en-escuelas-de-moreno\/#primaryimage","url":"https:\/\/infopba247.com.ar\/wp-content\/uploads\/2026\/02\/escuelas-5.jpg","contentUrl":"https:\/\/infopba247.com.ar\/wp-content\/uploads\/2026\/02\/escuelas-5.jpg","width":1920,"height":1080},{"@type":"BreadcrumbList","@id":"https:\/\/infopba247.com.ar\/index.php\/2026\/02\/27\/fernandez-terigi-y-mena-entregaron-mobiliario-y-guardapolvos-en-escuelas-de-moreno\/#breadcrumb","itemListElement":[{"@type":"ListItem","position":1,"name":"Portada","item":"https:\/\/infopba247.com.ar\/"},{"@type":"ListItem","position":2,"name":"Fern\u00e1ndez, Terigi y Mena entregaron mobiliario y guardapolvos en escuelas de Moreno"}]},{"@type":"WebSite","@id":"https:\/\/infopba247.com.ar\/#website","url":"https:\/\/infopba247.com.ar\/","name":"InfoPBA247","description":"Toda la actualidad bonaerense","publisher":{"@id":"https:\/\/infopba247.com.ar\/#organization"},"potentialAction":[{"@type":"SearchAction","target":{"@type":"EntryPoint","urlTemplate":"https:\/\/infopba247.com.ar\/?s={search_term_string}"},"query-input":{"@type":"PropertyValueSpecification","valueRequired":true,"valueName":"search_term_string"}}],"inLanguage":"es"},{"@type":"Organization","@id":"https:\/\/infopba247.com.ar\/#organization","name":"InfoPBA247","url":"https:\/\/infopba247.com.ar\/","logo":{"@type":"ImageObject","inLanguage":"es","@id":"https:\/\/infopba247.com.ar\/#\/schema\/logo\/image\/","url":"https:\/\/infopba247.com.ar\/wp-content\/uploads\/2022\/03\/cropped-InfoPBA247-1.png","contentUrl":"https:\/\/infopba247.com.ar\/wp-content\/uploads\/2022\/03\/cropped-InfoPBA247-1.png","width":500,"height":122,"caption":"InfoPBA247"},"image":{"@id":"https:\/\/infopba247.com.ar\/#\/schema\/logo\/image\/"},"sameAs":["https:\/\/www.facebook.com\/InfoPBA"]},{"@type":"Person","@id":"https:\/\/infopba247.com.ar\/#\/schema\/person\/4975f1343a413e57bf839b3eed0099f2","name":"Editor","image":{"@type":"ImageObject","inLanguage":"es","@id":"https:\/\/secure.gravatar.com\/avatar\/d27fe9520667ca53441d36627a1d6b0fa4a813571ec4803687a7a3a7744685ac?s=96&d=mm&r=g","url":"https:\/\/secure.gravatar.com\/avatar\/d27fe9520667ca53441d36627a1d6b0fa4a813571ec4803687a7a3a7744685ac?s=96&d=mm&r=g","contentUrl":"https:\/\/secure.gravatar.com\/avatar\/d27fe9520667ca53441d36627a1d6b0fa4a813571ec4803687a7a3a7744685ac?s=96&d=mm&r=g","caption":"Editor"},"url":"https:\/\/infopba247.com.ar\/index.php\/author\/editor\/"}]}},"_links":{"self":[{"href":"https:\/\/infopba247.com.ar\/index.php\/wp-json\/wp\/v2\/posts\/9080","targetHints":{"allow":["GET"]}}],"collection":[{"href":"https:\/\/infopba247.com.ar\/index.php\/wp-json\/wp\/v2\/posts"}],"about":[{"href":"https:\/\/infopba247.com.ar\/index.php\/wp-json\/wp\/v2\/types\/post"}],"author":[{"embeddable":true,"href":"https:\/\/infopba247.com.ar\/index.php\/wp-json\/wp\/v2\/users\/3"}],"replies":[{"embeddable":true,"href":"https:\/\/infopba247.com.ar\/index.php\/wp-json\/wp\/v2\/comments?post=9080"}],"version-history":[{"count":1,"href":"https:\/\/infopba247.com.ar\/index.php\/wp-json\/wp\/v2\/posts\/9080\/revisions"}],"predecessor-version":[{"id":9081,"href":"https:\/\/infopba247.com.ar\/index.php\/wp-json\/wp\/v2\/posts\/9080\/revisions\/9081"}],"wp:featuredmedia":[{"embeddable":true,"href":"https:\/\/infopba247.com.ar\/index.php\/wp-json\/wp\/v2\/media\/9074"}],"wp:attachment":[{"href":"https:\/\/infopba247.com.ar\/index.php\/wp-json\/wp\/v2\/media?parent=9080"}],"wp:term":[{"taxonomy":"category","embeddable":true,"href":"https:\/\/infopba247.com.ar\/index.php\/wp-json\/wp\/v2\/categories?post=9080"},{"taxonomy":"post_tag","embeddable":true,"href":"https:\/\/infopba247.com.ar\/index.php\/wp-json\/wp\/v2\/tags?post=9080"}],"curies":[{"name":"wp","href":"https:\/\/api.w.org\/{rel}","templated":true}]}}