{"id":9043,"date":"2026-02-20T15:01:10","date_gmt":"2026-02-20T18:01:10","guid":{"rendered":"https:\/\/infopba247.com.ar\/?p=9043"},"modified":"2026-02-20T15:01:11","modified_gmt":"2026-02-20T18:01:11","slug":"moreno-acatamiento-total-al-paro-convocado-por-la-cgt","status":"publish","type":"post","link":"https:\/\/infopba247.com.ar\/index.php\/2026\/02\/20\/moreno-acatamiento-total-al-paro-convocado-por-la-cgt\/","title":{"rendered":"Moreno: acatamiento total al paro convocado por la CGT"},"content":{"rendered":"\n<p>Desde las primeras horas del d\u00eda, el distrito de Moreno amaneci\u00f3 con calles poco transitadas, sin servicio de transporte p\u00fablico, actividad bancaria y administraci\u00f3n p\u00fablica suspendidas como parte del reclamo frente a la reforma laboral que amenaza con dejar a los trabajadores y trabajadoras sin derechos.<\/p>\n\n\n\n<p>\u201cNos oponemos porque es inconstitucional. Atenta contra dos principios b\u00e1sicos: el principio protectorio del derecho del trabajo, para proteger a la parte m\u00e1s d\u00e9bil que son los trabajadores, y el principio de progresividad de los derechos laborales. Es decir que todos los derechos tienen que ir siempre ganando m\u00e1s y no perdiendo\u201d, explic\u00f3 ayer durante la conferencia de prensa Jorge Sol\u00e1, Co-secretario de la CGT.<\/p>\n\n\n\n<p>Mientras se debate en la C\u00e1mara de Diputados la reforma laboral que ya cuenta con la media sanci\u00f3n de Senadores, la Confederaci\u00f3n General del Trabajo (CGT) finalmente ratific\u00f3 la realizaci\u00f3n del paro nacional, desde las 00 horas del d\u00eda de hoy. El acatamiento a la medida en Moreno es total.<\/p>\n\n\n\n<p>Durante el d\u00eda de ayer, la Uni\u00f3n Tranviarios Automotor (UTA) se adhiri\u00f3 a la medida de fuerza, lo que le dio mayor volumen al reclamo. La actividad bancaria y la administraci\u00f3n p\u00fablica tambi\u00e9n se encuentran acatando la medida.<\/p>\n\n\n\n<p><strong>Entre los servicios que estar\u00e1n interrumpidos se encuentran:<\/strong><\/p>\n\n\n\n<p>El Frente de Sindicatos Unidos (FRESU) \u2013integrado por la Uni\u00f3n Obrera Metal\u00fargica (UOM), la Federaci\u00f3n de Trabajadores del Complejo Industrial Oleaginoso, Desmotadores de Algod\u00f3n y Afines de la Rep\u00fablica Argentina (FTCIODyARA), la Asociaci\u00f3n de Trabajadores del Estado (ATE) y las dos Centrales de Trabajadores Argentinos (CTA)\u2013 tambi\u00e9n se sumar\u00e1 a la movilizaci\u00f3n.<\/p>\n\n\n\n<p>La Uni\u00f3n Tranviarios Automotor (UTA), conducida por Roberto Fern\u00e1ndez, ratific\u00f3 su acompa\u00f1amiento tras gestiones realizadas durante el fin de semana. \u00abSomos un sindicato confederado y si la #CGT decide un paro acompa\u00f1aremos la medida\u00bb,&nbsp;expres\u00f3 el dirigente al respecto.<\/p>\n\n\n\n<p>La Uni\u00f3n Ferroviaria, presidida por Sergio Sasia, y La Fraternidad, liderada por Omar Maturano, confirmaron su participaci\u00f3n. Ambas organizaciones comunicaron que se suspender\u00e1n los servicios metropolitanos y regionales. La medida afectar\u00e1 a las l\u00edneas Roca, Mitre, Sarmiento, SanMart\u00edn, Belgrano Sur y a los servicios interurbanos, dejando sin trenes a millones de usuarios durante la jornada del paro general.<\/p>\n\n\n\n<p>La Asociaci\u00f3n Bancaria confirm\u00f3 que no habr\u00e1 atenci\u00f3n al p\u00fablico en entidades financieras p\u00fablicas ni privadas.<\/p>\n\n\n\n<p>Durante la jornada tampoco se realizar\u00e1 la recolecci\u00f3n de residuos en el distrito, por lo que el Municipio solicit\u00f3 a la ciudadan\u00eda resguardar los residuos.<\/p>\n\n\n\n<p>La noticia del cierre de la F\u00e1brica de neum\u00e1ticos Fate tens\u00f3 a\u00fan m\u00e1s el clima previo al paro. Esta nueva f\u00e1brica que cierra producto de la apertura de las importaciones de forma indiscriminada, suma 920 desempleados a los m\u00e1s de 300 mil de la era Milei. Frente a este escenario, la reforma que se intenta implementar dejar\u00eda a los trabajadores a\u00fan m\u00e1s vulnerables y sin capacidad de reclamo frente a un despido.<\/p>\n","protected":false},"excerpt":{"rendered":"<p>Desde las primeras horas del d\u00eda, el distrito de Moreno amaneci\u00f3 con calles poco transitadas, sin servicio de transporte p\u00fablico,<\/p>\n","protected":false},"author":3,"featured_media":9040,"comment_status":"open","ping_status":"open","sticky":false,"template":"","format":"standard","meta":{"colormag_page_container_layout":"default_layout","colormag_page_sidebar_layout":"default_layout","footnotes":""},"categories":[5,1,14],"tags":[],"class_list":["post-9043","post","type-post","status-publish","format-standard","has-post-thumbnail","hentry","category-1ra-seccion","category-destacadas","category-politica"],"yoast_head":"<!-- This site is optimized with the Yoast SEO plugin v27.5 - https:\/\/yoast.com\/product\/yoast-seo-wordpress\/ -->\n<title>Moreno: acatamiento total al paro convocado por la CGT - InfoPBA247<\/title>\n<meta name=\"robots\" content=\"index, follow, max-snippet:-1, max-image-preview:large, max-video-preview:-1\" \/>\n<link rel=\"canonical\" href=\"https:\/\/infopba247.com.ar\/index.php\/2026\/02\/20\/moreno-acatamiento-total-al-paro-convocado-por-la-cgt\/\" \/>\n<meta property=\"og:locale\" content=\"es_ES\" \/>\n<meta property=\"og:type\" content=\"article\" \/>\n<meta property=\"og:title\" content=\"Moreno: acatamiento total al paro convocado por la CGT - InfoPBA247\" \/>\n<meta property=\"og:description\" content=\"Desde las primeras horas del d\u00eda, el distrito de Moreno amaneci\u00f3 con calles poco transitadas, sin servicio de transporte p\u00fablico,\" \/>\n<meta property=\"og:url\" content=\"https:\/\/infopba247.com.ar\/index.php\/2026\/02\/20\/moreno-acatamiento-total-al-paro-convocado-por-la-cgt\/\" \/>\n<meta property=\"og:site_name\" content=\"InfoPBA247\" \/>\n<meta property=\"article:publisher\" content=\"https:\/\/www.facebook.com\/InfoPBA\" \/>\n<meta property=\"article:published_time\" content=\"2026-02-20T18:01:10+00:00\" \/>\n<meta property=\"article:modified_time\" content=\"2026-02-20T18:01:11+00:00\" \/>\n<meta property=\"og:image\" content=\"https:\/\/infopba247.com.ar\/wp-content\/uploads\/2026\/02\/WhatsApp-Image-2026-02-19-at-10.03.12-AM-721x445-1.jpeg\" \/>\n\t<meta property=\"og:image:width\" content=\"721\" \/>\n\t<meta property=\"og:image:height\" content=\"445\" \/>\n\t<meta property=\"og:image:type\" content=\"image\/jpeg\" \/>\n<meta name=\"author\" content=\"Editor\" \/>\n<meta name=\"twitter:card\" content=\"summary_large_image\" \/>\n<meta name=\"twitter:label1\" content=\"Escrito por\" \/>\n\t<meta name=\"twitter:data1\" content=\"Editor\" \/>\n\t<meta name=\"twitter:label2\" content=\"Tiempo de lectura\" \/>\n\t<meta name=\"twitter:data2\" content=\"3 minutos\" \/>\n<script type=\"application\/ld+json\" class=\"yoast-schema-graph\">{\"@context\":\"https:\\\/\\\/schema.org\",\"@graph\":[{\"@type\":\"Article\",\"@id\":\"https:\\\/\\\/infopba247.com.ar\\\/index.php\\\/2026\\\/02\\\/20\\\/moreno-acatamiento-total-al-paro-convocado-por-la-cgt\\\/#article\",\"isPartOf\":{\"@id\":\"https:\\\/\\\/infopba247.com.ar\\\/index.php\\\/2026\\\/02\\\/20\\\/moreno-acatamiento-total-al-paro-convocado-por-la-cgt\\\/\"},\"author\":{\"name\":\"Editor\",\"@id\":\"https:\\\/\\\/infopba247.com.ar\\\/#\\\/schema\\\/person\\\/4975f1343a413e57bf839b3eed0099f2\"},\"headline\":\"Moreno: acatamiento total al paro convocado por la CGT\",\"datePublished\":\"2026-02-20T18:01:10+00:00\",\"dateModified\":\"2026-02-20T18:01:11+00:00\",\"mainEntityOfPage\":{\"@id\":\"https:\\\/\\\/infopba247.com.ar\\\/index.php\\\/2026\\\/02\\\/20\\\/moreno-acatamiento-total-al-paro-convocado-por-la-cgt\\\/\"},\"wordCount\":527,\"commentCount\":0,\"publisher\":{\"@id\":\"https:\\\/\\\/infopba247.com.ar\\\/#organization\"},\"image\":{\"@id\":\"https:\\\/\\\/infopba247.com.ar\\\/index.php\\\/2026\\\/02\\\/20\\\/moreno-acatamiento-total-al-paro-convocado-por-la-cgt\\\/#primaryimage\"},\"thumbnailUrl\":\"https:\\\/\\\/infopba247.com.ar\\\/wp-content\\\/uploads\\\/2026\\\/02\\\/WhatsApp-Image-2026-02-19-at-10.03.12-AM-721x445-1.jpeg\",\"articleSection\":[\"1ra Secci\u00f3n\",\"Destacadas\",\"Pol\u00edtica\"],\"inLanguage\":\"es\",\"potentialAction\":[{\"@type\":\"CommentAction\",\"name\":\"Comment\",\"target\":[\"https:\\\/\\\/infopba247.com.ar\\\/index.php\\\/2026\\\/02\\\/20\\\/moreno-acatamiento-total-al-paro-convocado-por-la-cgt\\\/#respond\"]}]},{\"@type\":\"WebPage\",\"@id\":\"https:\\\/\\\/infopba247.com.ar\\\/index.php\\\/2026\\\/02\\\/20\\\/moreno-acatamiento-total-al-paro-convocado-por-la-cgt\\\/\",\"url\":\"https:\\\/\\\/infopba247.com.ar\\\/index.php\\\/2026\\\/02\\\/20\\\/moreno-acatamiento-total-al-paro-convocado-por-la-cgt\\\/\",\"name\":\"Moreno: acatamiento total al paro convocado por la CGT - InfoPBA247\",\"isPartOf\":{\"@id\":\"https:\\\/\\\/infopba247.com.ar\\\/#website\"},\"primaryImageOfPage\":{\"@id\":\"https:\\\/\\\/infopba247.com.ar\\\/index.php\\\/2026\\\/02\\\/20\\\/moreno-acatamiento-total-al-paro-convocado-por-la-cgt\\\/#primaryimage\"},\"image\":{\"@id\":\"https:\\\/\\\/infopba247.com.ar\\\/index.php\\\/2026\\\/02\\\/20\\\/moreno-acatamiento-total-al-paro-convocado-por-la-cgt\\\/#primaryimage\"},\"thumbnailUrl\":\"https:\\\/\\\/infopba247.com.ar\\\/wp-content\\\/uploads\\\/2026\\\/02\\\/WhatsApp-Image-2026-02-19-at-10.03.12-AM-721x445-1.jpeg\",\"datePublished\":\"2026-02-20T18:01:10+00:00\",\"dateModified\":\"2026-02-20T18:01:11+00:00\",\"breadcrumb\":{\"@id\":\"https:\\\/\\\/infopba247.com.ar\\\/index.php\\\/2026\\\/02\\\/20\\\/moreno-acatamiento-total-al-paro-convocado-por-la-cgt\\\/#breadcrumb\"},\"inLanguage\":\"es\",\"potentialAction\":[{\"@type\":\"ReadAction\",\"target\":[\"https:\\\/\\\/infopba247.com.ar\\\/index.php\\\/2026\\\/02\\\/20\\\/moreno-acatamiento-total-al-paro-convocado-por-la-cgt\\\/\"]}]},{\"@type\":\"ImageObject\",\"inLanguage\":\"es\",\"@id\":\"https:\\\/\\\/infopba247.com.ar\\\/index.php\\\/2026\\\/02\\\/20\\\/moreno-acatamiento-total-al-paro-convocado-por-la-cgt\\\/#primaryimage\",\"url\":\"https:\\\/\\\/infopba247.com.ar\\\/wp-content\\\/uploads\\\/2026\\\/02\\\/WhatsApp-Image-2026-02-19-at-10.03.12-AM-721x445-1.jpeg\",\"contentUrl\":\"https:\\\/\\\/infopba247.com.ar\\\/wp-content\\\/uploads\\\/2026\\\/02\\\/WhatsApp-Image-2026-02-19-at-10.03.12-AM-721x445-1.jpeg\",\"width\":721,\"height\":445},{\"@type\":\"BreadcrumbList\",\"@id\":\"https:\\\/\\\/infopba247.com.ar\\\/index.php\\\/2026\\\/02\\\/20\\\/moreno-acatamiento-total-al-paro-convocado-por-la-cgt\\\/#breadcrumb\",\"itemListElement\":[{\"@type\":\"ListItem\",\"position\":1,\"name\":\"Portada\",\"item\":\"https:\\\/\\\/infopba247.com.ar\\\/\"},{\"@type\":\"ListItem\",\"position\":2,\"name\":\"Moreno: acatamiento total al paro convocado por la CGT\"}]},{\"@type\":\"WebSite\",\"@id\":\"https:\\\/\\\/infopba247.com.ar\\\/#website\",\"url\":\"https:\\\/\\\/infopba247.com.ar\\\/\",\"name\":\"InfoPBA247\",\"description\":\"Toda la actualidad bonaerense\",\"publisher\":{\"@id\":\"https:\\\/\\\/infopba247.com.ar\\\/#organization\"},\"potentialAction\":[{\"@type\":\"SearchAction\",\"target\":{\"@type\":\"EntryPoint\",\"urlTemplate\":\"https:\\\/\\\/infopba247.com.ar\\\/?s={search_term_string}\"},\"query-input\":{\"@type\":\"PropertyValueSpecification\",\"valueRequired\":true,\"valueName\":\"search_term_string\"}}],\"inLanguage\":\"es\"},{\"@type\":\"Organization\",\"@id\":\"https:\\\/\\\/infopba247.com.ar\\\/#organization\",\"name\":\"InfoPBA247\",\"url\":\"https:\\\/\\\/infopba247.com.ar\\\/\",\"logo\":{\"@type\":\"ImageObject\",\"inLanguage\":\"es\",\"@id\":\"https:\\\/\\\/infopba247.com.ar\\\/#\\\/schema\\\/logo\\\/image\\\/\",\"url\":\"https:\\\/\\\/infopba247.com.ar\\\/wp-content\\\/uploads\\\/2022\\\/03\\\/cropped-InfoPBA247-1.png\",\"contentUrl\":\"https:\\\/\\\/infopba247.com.ar\\\/wp-content\\\/uploads\\\/2022\\\/03\\\/cropped-InfoPBA247-1.png\",\"width\":500,\"height\":122,\"caption\":\"InfoPBA247\"},\"image\":{\"@id\":\"https:\\\/\\\/infopba247.com.ar\\\/#\\\/schema\\\/logo\\\/image\\\/\"},\"sameAs\":[\"https:\\\/\\\/www.facebook.com\\\/InfoPBA\"]},{\"@type\":\"Person\",\"@id\":\"https:\\\/\\\/infopba247.com.ar\\\/#\\\/schema\\\/person\\\/4975f1343a413e57bf839b3eed0099f2\",\"name\":\"Editor\",\"image\":{\"@type\":\"ImageObject\",\"inLanguage\":\"es\",\"@id\":\"https:\\\/\\\/secure.gravatar.com\\\/avatar\\\/d27fe9520667ca53441d36627a1d6b0fa4a813571ec4803687a7a3a7744685ac?s=96&d=mm&r=g\",\"url\":\"https:\\\/\\\/secure.gravatar.com\\\/avatar\\\/d27fe9520667ca53441d36627a1d6b0fa4a813571ec4803687a7a3a7744685ac?s=96&d=mm&r=g\",\"contentUrl\":\"https:\\\/\\\/secure.gravatar.com\\\/avatar\\\/d27fe9520667ca53441d36627a1d6b0fa4a813571ec4803687a7a3a7744685ac?s=96&d=mm&r=g\",\"caption\":\"Editor\"},\"url\":\"https:\\\/\\\/infopba247.com.ar\\\/index.php\\\/author\\\/editor\\\/\"}]}<\/script>\n<!-- \/ Yoast SEO plugin. -->","yoast_head_json":{"title":"Moreno: acatamiento total al paro convocado por la CGT - InfoPBA247","robots":{"index":"index","follow":"follow","max-snippet":"max-snippet:-1","max-image-preview":"max-image-preview:large","max-video-preview":"max-video-preview:-1"},"canonical":"https:\/\/infopba247.com.ar\/index.php\/2026\/02\/20\/moreno-acatamiento-total-al-paro-convocado-por-la-cgt\/","og_locale":"es_ES","og_type":"article","og_title":"Moreno: acatamiento total al paro convocado por la CGT - InfoPBA247","og_description":"Desde las primeras horas del d\u00eda, el distrito de Moreno amaneci\u00f3 con calles poco transitadas, sin servicio de transporte p\u00fablico,","og_url":"https:\/\/infopba247.com.ar\/index.php\/2026\/02\/20\/moreno-acatamiento-total-al-paro-convocado-por-la-cgt\/","og_site_name":"InfoPBA247","article_publisher":"https:\/\/www.facebook.com\/InfoPBA","article_published_time":"2026-02-20T18:01:10+00:00","article_modified_time":"2026-02-20T18:01:11+00:00","og_image":[{"width":721,"height":445,"url":"https:\/\/infopba247.com.ar\/wp-content\/uploads\/2026\/02\/WhatsApp-Image-2026-02-19-at-10.03.12-AM-721x445-1.jpeg","type":"image\/jpeg"}],"author":"Editor","twitter_card":"summary_large_image","twitter_misc":{"Escrito por":"Editor","Tiempo de lectura":"3 minutos"},"schema":{"@context":"https:\/\/schema.org","@graph":[{"@type":"Article","@id":"https:\/\/infopba247.com.ar\/index.php\/2026\/02\/20\/moreno-acatamiento-total-al-paro-convocado-por-la-cgt\/#article","isPartOf":{"@id":"https:\/\/infopba247.com.ar\/index.php\/2026\/02\/20\/moreno-acatamiento-total-al-paro-convocado-por-la-cgt\/"},"author":{"name":"Editor","@id":"https:\/\/infopba247.com.ar\/#\/schema\/person\/4975f1343a413e57bf839b3eed0099f2"},"headline":"Moreno: acatamiento total al paro convocado por la CGT","datePublished":"2026-02-20T18:01:10+00:00","dateModified":"2026-02-20T18:01:11+00:00","mainEntityOfPage":{"@id":"https:\/\/infopba247.com.ar\/index.php\/2026\/02\/20\/moreno-acatamiento-total-al-paro-convocado-por-la-cgt\/"},"wordCount":527,"commentCount":0,"publisher":{"@id":"https:\/\/infopba247.com.ar\/#organization"},"image":{"@id":"https:\/\/infopba247.com.ar\/index.php\/2026\/02\/20\/moreno-acatamiento-total-al-paro-convocado-por-la-cgt\/#primaryimage"},"thumbnailUrl":"https:\/\/infopba247.com.ar\/wp-content\/uploads\/2026\/02\/WhatsApp-Image-2026-02-19-at-10.03.12-AM-721x445-1.jpeg","articleSection":["1ra Secci\u00f3n","Destacadas","Pol\u00edtica"],"inLanguage":"es","potentialAction":[{"@type":"CommentAction","name":"Comment","target":["https:\/\/infopba247.com.ar\/index.php\/2026\/02\/20\/moreno-acatamiento-total-al-paro-convocado-por-la-cgt\/#respond"]}]},{"@type":"WebPage","@id":"https:\/\/infopba247.com.ar\/index.php\/2026\/02\/20\/moreno-acatamiento-total-al-paro-convocado-por-la-cgt\/","url":"https:\/\/infopba247.com.ar\/index.php\/2026\/02\/20\/moreno-acatamiento-total-al-paro-convocado-por-la-cgt\/","name":"Moreno: acatamiento total al paro convocado por la CGT - InfoPBA247","isPartOf":{"@id":"https:\/\/infopba247.com.ar\/#website"},"primaryImageOfPage":{"@id":"https:\/\/infopba247.com.ar\/index.php\/2026\/02\/20\/moreno-acatamiento-total-al-paro-convocado-por-la-cgt\/#primaryimage"},"image":{"@id":"https:\/\/infopba247.com.ar\/index.php\/2026\/02\/20\/moreno-acatamiento-total-al-paro-convocado-por-la-cgt\/#primaryimage"},"thumbnailUrl":"https:\/\/infopba247.com.ar\/wp-content\/uploads\/2026\/02\/WhatsApp-Image-2026-02-19-at-10.03.12-AM-721x445-1.jpeg","datePublished":"2026-02-20T18:01:10+00:00","dateModified":"2026-02-20T18:01:11+00:00","breadcrumb":{"@id":"https:\/\/infopba247.com.ar\/index.php\/2026\/02\/20\/moreno-acatamiento-total-al-paro-convocado-por-la-cgt\/#breadcrumb"},"inLanguage":"es","potentialAction":[{"@type":"ReadAction","target":["https:\/\/infopba247.com.ar\/index.php\/2026\/02\/20\/moreno-acatamiento-total-al-paro-convocado-por-la-cgt\/"]}]},{"@type":"ImageObject","inLanguage":"es","@id":"https:\/\/infopba247.com.ar\/index.php\/2026\/02\/20\/moreno-acatamiento-total-al-paro-convocado-por-la-cgt\/#primaryimage","url":"https:\/\/infopba247.com.ar\/wp-content\/uploads\/2026\/02\/WhatsApp-Image-2026-02-19-at-10.03.12-AM-721x445-1.jpeg","contentUrl":"https:\/\/infopba247.com.ar\/wp-content\/uploads\/2026\/02\/WhatsApp-Image-2026-02-19-at-10.03.12-AM-721x445-1.jpeg","width":721,"height":445},{"@type":"BreadcrumbList","@id":"https:\/\/infopba247.com.ar\/index.php\/2026\/02\/20\/moreno-acatamiento-total-al-paro-convocado-por-la-cgt\/#breadcrumb","itemListElement":[{"@type":"ListItem","position":1,"name":"Portada","item":"https:\/\/infopba247.com.ar\/"},{"@type":"ListItem","position":2,"name":"Moreno: acatamiento total al paro convocado por la CGT"}]},{"@type":"WebSite","@id":"https:\/\/infopba247.com.ar\/#website","url":"https:\/\/infopba247.com.ar\/","name":"InfoPBA247","description":"Toda la actualidad bonaerense","publisher":{"@id":"https:\/\/infopba247.com.ar\/#organization"},"potentialAction":[{"@type":"SearchAction","target":{"@type":"EntryPoint","urlTemplate":"https:\/\/infopba247.com.ar\/?s={search_term_string}"},"query-input":{"@type":"PropertyValueSpecification","valueRequired":true,"valueName":"search_term_string"}}],"inLanguage":"es"},{"@type":"Organization","@id":"https:\/\/infopba247.com.ar\/#organization","name":"InfoPBA247","url":"https:\/\/infopba247.com.ar\/","logo":{"@type":"ImageObject","inLanguage":"es","@id":"https:\/\/infopba247.com.ar\/#\/schema\/logo\/image\/","url":"https:\/\/infopba247.com.ar\/wp-content\/uploads\/2022\/03\/cropped-InfoPBA247-1.png","contentUrl":"https:\/\/infopba247.com.ar\/wp-content\/uploads\/2022\/03\/cropped-InfoPBA247-1.png","width":500,"height":122,"caption":"InfoPBA247"},"image":{"@id":"https:\/\/infopba247.com.ar\/#\/schema\/logo\/image\/"},"sameAs":["https:\/\/www.facebook.com\/InfoPBA"]},{"@type":"Person","@id":"https:\/\/infopba247.com.ar\/#\/schema\/person\/4975f1343a413e57bf839b3eed0099f2","name":"Editor","image":{"@type":"ImageObject","inLanguage":"es","@id":"https:\/\/secure.gravatar.com\/avatar\/d27fe9520667ca53441d36627a1d6b0fa4a813571ec4803687a7a3a7744685ac?s=96&d=mm&r=g","url":"https:\/\/secure.gravatar.com\/avatar\/d27fe9520667ca53441d36627a1d6b0fa4a813571ec4803687a7a3a7744685ac?s=96&d=mm&r=g","contentUrl":"https:\/\/secure.gravatar.com\/avatar\/d27fe9520667ca53441d36627a1d6b0fa4a813571ec4803687a7a3a7744685ac?s=96&d=mm&r=g","caption":"Editor"},"url":"https:\/\/infopba247.com.ar\/index.php\/author\/editor\/"}]}},"_links":{"self":[{"href":"https:\/\/infopba247.com.ar\/index.php\/wp-json\/wp\/v2\/posts\/9043","targetHints":{"allow":["GET"]}}],"collection":[{"href":"https:\/\/infopba247.com.ar\/index.php\/wp-json\/wp\/v2\/posts"}],"about":[{"href":"https:\/\/infopba247.com.ar\/index.php\/wp-json\/wp\/v2\/types\/post"}],"author":[{"embeddable":true,"href":"https:\/\/infopba247.com.ar\/index.php\/wp-json\/wp\/v2\/users\/3"}],"replies":[{"embeddable":true,"href":"https:\/\/infopba247.com.ar\/index.php\/wp-json\/wp\/v2\/comments?post=9043"}],"version-history":[{"count":1,"href":"https:\/\/infopba247.com.ar\/index.php\/wp-json\/wp\/v2\/posts\/9043\/revisions"}],"predecessor-version":[{"id":9044,"href":"https:\/\/infopba247.com.ar\/index.php\/wp-json\/wp\/v2\/posts\/9043\/revisions\/9044"}],"wp:featuredmedia":[{"embeddable":true,"href":"https:\/\/infopba247.com.ar\/index.php\/wp-json\/wp\/v2\/media\/9040"}],"wp:attachment":[{"href":"https:\/\/infopba247.com.ar\/index.php\/wp-json\/wp\/v2\/media?parent=9043"}],"wp:term":[{"taxonomy":"category","embeddable":true,"href":"https:\/\/infopba247.com.ar\/index.php\/wp-json\/wp\/v2\/categories?post=9043"},{"taxonomy":"post_tag","embeddable":true,"href":"https:\/\/infopba247.com.ar\/index.php\/wp-json\/wp\/v2\/tags?post=9043"}],"curies":[{"name":"wp","href":"https:\/\/api.w.org\/{rel}","templated":true}]}}