{"id":9036,"date":"2026-02-19T14:47:35","date_gmt":"2026-02-19T17:47:35","guid":{"rendered":"https:\/\/infopba247.com.ar\/?p=9036"},"modified":"2026-02-19T14:47:36","modified_gmt":"2026-02-19T17:47:36","slug":"el-paro-general-de-la-cgt-tambien-se-hace-sentir-en-monte-hermoso","status":"publish","type":"post","link":"https:\/\/infopba247.com.ar\/index.php\/2026\/02\/19\/el-paro-general-de-la-cgt-tambien-se-hace-sentir-en-monte-hermoso\/","title":{"rendered":"El paro general de la CGT tambi\u00e9n se hace sentir en Monte Hermoso"},"content":{"rendered":"\n<p>El paro general convocado por la Confederaci\u00f3n General del Trabajo (CGT) contra la reforma laboral promovida por el Gobierno de Javier Milei comenz\u00f3 en los primeros minutos de este jueves y su impacto se siente en Monte Hermoso y el resto del pa\u00eds, donde la actividad es m\u00ednima.<\/p>\n\n\n\n<p>Desde el Municipio informaron que debido a la adhesi\u00f3n de las y los trabajadores municipales al paro general, hoy jueves 19\/2 no habr\u00e1 atenci\u00f3n en ninguna de las dependencias (solo guardias esenciales), ni recolecci\u00f3n de residuos.<\/p>\n\n\n\n<p>Por su parte, el cosecretario general de la CGT, Jorge Sola, afirm\u00f3 que el nivel de acatamiento al paro general de la CGT&nbsp;<strong>\u201ces important\u00edsimo\u201d<\/strong>, y sostuvo que es un respaldo&nbsp;<strong>\u201ca las medidas que adoptaron las organizaciones sindicales\u201d<\/strong>&nbsp;en rechazo al proyecto de reforma laboral que impulsa el Gobierno.<\/p>\n\n\n\n<p>\u201cEl acatamiento es important\u00edsimo, ya desde ayer a las 10 de la noche los sectores fabriles con turnos nocturnos empezaron a dejar sus puestos de trabajo\u201d, afirm\u00f3 Sola, titular del Sindicato del Seguro en declaraciones al programa \u201cEsta ma\u00f1ana\u201d de radio Rivadavia.<\/p>\n\n\n\n<p>En este contexto, el alcance de la medida qued\u00f3 reflejado desde temprano por la paralizaci\u00f3n casi total del transporte p\u00fablico. La Uni\u00f3n Tranviarios Automotor (UTA), gremio confederado a la CGT, confirm\u00f3 su adhesi\u00f3n y suspendi\u00f3 la circulaci\u00f3n de micros urbanos e interurbanos no solo en la capital provincial sino en toda el \u00c1rea Metropolitana de Buenos Aires (AMBA).<\/p>\n\n\n\n<p>Se trata de la cuarta huelga general convocada por la central obrera en lo que va de la gesti\u00f3n Milei. Estas vez no incluye una movilizaci\u00f3n principal aunque varios sindicatos van a hacer protestas por su cuenta. Como sea, en la CGT creen que va a ser \u201ccontundente\u201d y con fuerte adhesi\u00f3n de sectores estrat\u00e9gicos de la econom\u00eda.<\/p>\n","protected":false},"excerpt":{"rendered":"<p>El paro general convocado por la Confederaci\u00f3n General del Trabajo (CGT) contra la reforma laboral promovida por el Gobierno de<\/p>\n","protected":false},"author":3,"featured_media":9026,"comment_status":"open","ping_status":"open","sticky":false,"template":"","format":"standard","meta":{"colormag_page_container_layout":"default_layout","colormag_page_sidebar_layout":"default_layout","footnotes":""},"categories":[10,1,14],"tags":[],"class_list":["post-9036","post","type-post","status-publish","format-standard","has-post-thumbnail","hentry","category-6ta-seccion","category-destacadas","category-politica"],"yoast_head":"<!-- This site is optimized with the Yoast SEO plugin v27.4 - https:\/\/yoast.com\/product\/yoast-seo-wordpress\/ -->\n<title>El paro general de la CGT tambi\u00e9n se hace sentir en Monte Hermoso - InfoPBA247<\/title>\n<meta name=\"robots\" content=\"index, follow, max-snippet:-1, max-image-preview:large, max-video-preview:-1\" \/>\n<link rel=\"canonical\" href=\"https:\/\/infopba247.com.ar\/index.php\/2026\/02\/19\/el-paro-general-de-la-cgt-tambien-se-hace-sentir-en-monte-hermoso\/\" \/>\n<meta property=\"og:locale\" content=\"es_ES\" \/>\n<meta property=\"og:type\" content=\"article\" \/>\n<meta property=\"og:title\" content=\"El paro general de la CGT tambi\u00e9n se hace sentir en Monte Hermoso - InfoPBA247\" \/>\n<meta property=\"og:description\" content=\"El paro general convocado por la Confederaci\u00f3n General del Trabajo (CGT) contra la reforma laboral promovida por el Gobierno de\" \/>\n<meta property=\"og:url\" content=\"https:\/\/infopba247.com.ar\/index.php\/2026\/02\/19\/el-paro-general-de-la-cgt-tambien-se-hace-sentir-en-monte-hermoso\/\" \/>\n<meta property=\"og:site_name\" content=\"InfoPBA247\" \/>\n<meta property=\"article:publisher\" content=\"https:\/\/www.facebook.com\/InfoPBA\" \/>\n<meta property=\"article:published_time\" content=\"2026-02-19T17:47:35+00:00\" \/>\n<meta property=\"article:modified_time\" content=\"2026-02-19T17:47:36+00:00\" \/>\n<meta property=\"og:image\" content=\"https:\/\/infopba247.com.ar\/wp-content\/uploads\/2026\/02\/WhatsApp-Image-2026-02-19-at-10.42.13-AM-1-800x445-1.jpeg\" \/>\n\t<meta property=\"og:image:width\" content=\"800\" \/>\n\t<meta property=\"og:image:height\" content=\"445\" \/>\n\t<meta property=\"og:image:type\" content=\"image\/jpeg\" \/>\n<meta name=\"author\" content=\"Editor\" \/>\n<meta name=\"twitter:card\" content=\"summary_large_image\" \/>\n<meta name=\"twitter:label1\" content=\"Escrito por\" \/>\n\t<meta name=\"twitter:data1\" content=\"Editor\" \/>\n\t<meta name=\"twitter:label2\" content=\"Tiempo de lectura\" \/>\n\t<meta name=\"twitter:data2\" content=\"2 minutos\" \/>\n<script type=\"application\/ld+json\" class=\"yoast-schema-graph\">{\"@context\":\"https:\\\/\\\/schema.org\",\"@graph\":[{\"@type\":\"Article\",\"@id\":\"https:\\\/\\\/infopba247.com.ar\\\/index.php\\\/2026\\\/02\\\/19\\\/el-paro-general-de-la-cgt-tambien-se-hace-sentir-en-monte-hermoso\\\/#article\",\"isPartOf\":{\"@id\":\"https:\\\/\\\/infopba247.com.ar\\\/index.php\\\/2026\\\/02\\\/19\\\/el-paro-general-de-la-cgt-tambien-se-hace-sentir-en-monte-hermoso\\\/\"},\"author\":{\"name\":\"Editor\",\"@id\":\"https:\\\/\\\/infopba247.com.ar\\\/#\\\/schema\\\/person\\\/4975f1343a413e57bf839b3eed0099f2\"},\"headline\":\"El paro general de la CGT tambi\u00e9n se hace sentir en Monte Hermoso\",\"datePublished\":\"2026-02-19T17:47:35+00:00\",\"dateModified\":\"2026-02-19T17:47:36+00:00\",\"mainEntityOfPage\":{\"@id\":\"https:\\\/\\\/infopba247.com.ar\\\/index.php\\\/2026\\\/02\\\/19\\\/el-paro-general-de-la-cgt-tambien-se-hace-sentir-en-monte-hermoso\\\/\"},\"wordCount\":326,\"commentCount\":0,\"publisher\":{\"@id\":\"https:\\\/\\\/infopba247.com.ar\\\/#organization\"},\"image\":{\"@id\":\"https:\\\/\\\/infopba247.com.ar\\\/index.php\\\/2026\\\/02\\\/19\\\/el-paro-general-de-la-cgt-tambien-se-hace-sentir-en-monte-hermoso\\\/#primaryimage\"},\"thumbnailUrl\":\"https:\\\/\\\/infopba247.com.ar\\\/wp-content\\\/uploads\\\/2026\\\/02\\\/WhatsApp-Image-2026-02-19-at-10.42.13-AM-1-800x445-1.jpeg\",\"articleSection\":[\"6ta Secci\u00f3n\",\"Destacadas\",\"Pol\u00edtica\"],\"inLanguage\":\"es\",\"potentialAction\":[{\"@type\":\"CommentAction\",\"name\":\"Comment\",\"target\":[\"https:\\\/\\\/infopba247.com.ar\\\/index.php\\\/2026\\\/02\\\/19\\\/el-paro-general-de-la-cgt-tambien-se-hace-sentir-en-monte-hermoso\\\/#respond\"]}]},{\"@type\":\"WebPage\",\"@id\":\"https:\\\/\\\/infopba247.com.ar\\\/index.php\\\/2026\\\/02\\\/19\\\/el-paro-general-de-la-cgt-tambien-se-hace-sentir-en-monte-hermoso\\\/\",\"url\":\"https:\\\/\\\/infopba247.com.ar\\\/index.php\\\/2026\\\/02\\\/19\\\/el-paro-general-de-la-cgt-tambien-se-hace-sentir-en-monte-hermoso\\\/\",\"name\":\"El paro general de la CGT tambi\u00e9n se hace sentir en Monte Hermoso - InfoPBA247\",\"isPartOf\":{\"@id\":\"https:\\\/\\\/infopba247.com.ar\\\/#website\"},\"primaryImageOfPage\":{\"@id\":\"https:\\\/\\\/infopba247.com.ar\\\/index.php\\\/2026\\\/02\\\/19\\\/el-paro-general-de-la-cgt-tambien-se-hace-sentir-en-monte-hermoso\\\/#primaryimage\"},\"image\":{\"@id\":\"https:\\\/\\\/infopba247.com.ar\\\/index.php\\\/2026\\\/02\\\/19\\\/el-paro-general-de-la-cgt-tambien-se-hace-sentir-en-monte-hermoso\\\/#primaryimage\"},\"thumbnailUrl\":\"https:\\\/\\\/infopba247.com.ar\\\/wp-content\\\/uploads\\\/2026\\\/02\\\/WhatsApp-Image-2026-02-19-at-10.42.13-AM-1-800x445-1.jpeg\",\"datePublished\":\"2026-02-19T17:47:35+00:00\",\"dateModified\":\"2026-02-19T17:47:36+00:00\",\"breadcrumb\":{\"@id\":\"https:\\\/\\\/infopba247.com.ar\\\/index.php\\\/2026\\\/02\\\/19\\\/el-paro-general-de-la-cgt-tambien-se-hace-sentir-en-monte-hermoso\\\/#breadcrumb\"},\"inLanguage\":\"es\",\"potentialAction\":[{\"@type\":\"ReadAction\",\"target\":[\"https:\\\/\\\/infopba247.com.ar\\\/index.php\\\/2026\\\/02\\\/19\\\/el-paro-general-de-la-cgt-tambien-se-hace-sentir-en-monte-hermoso\\\/\"]}]},{\"@type\":\"ImageObject\",\"inLanguage\":\"es\",\"@id\":\"https:\\\/\\\/infopba247.com.ar\\\/index.php\\\/2026\\\/02\\\/19\\\/el-paro-general-de-la-cgt-tambien-se-hace-sentir-en-monte-hermoso\\\/#primaryimage\",\"url\":\"https:\\\/\\\/infopba247.com.ar\\\/wp-content\\\/uploads\\\/2026\\\/02\\\/WhatsApp-Image-2026-02-19-at-10.42.13-AM-1-800x445-1.jpeg\",\"contentUrl\":\"https:\\\/\\\/infopba247.com.ar\\\/wp-content\\\/uploads\\\/2026\\\/02\\\/WhatsApp-Image-2026-02-19-at-10.42.13-AM-1-800x445-1.jpeg\",\"width\":800,\"height\":445},{\"@type\":\"BreadcrumbList\",\"@id\":\"https:\\\/\\\/infopba247.com.ar\\\/index.php\\\/2026\\\/02\\\/19\\\/el-paro-general-de-la-cgt-tambien-se-hace-sentir-en-monte-hermoso\\\/#breadcrumb\",\"itemListElement\":[{\"@type\":\"ListItem\",\"position\":1,\"name\":\"Portada\",\"item\":\"https:\\\/\\\/infopba247.com.ar\\\/\"},{\"@type\":\"ListItem\",\"position\":2,\"name\":\"El paro general de la CGT tambi\u00e9n se hace sentir en Monte Hermoso\"}]},{\"@type\":\"WebSite\",\"@id\":\"https:\\\/\\\/infopba247.com.ar\\\/#website\",\"url\":\"https:\\\/\\\/infopba247.com.ar\\\/\",\"name\":\"InfoPBA247\",\"description\":\"Toda la actualidad bonaerense\",\"publisher\":{\"@id\":\"https:\\\/\\\/infopba247.com.ar\\\/#organization\"},\"potentialAction\":[{\"@type\":\"SearchAction\",\"target\":{\"@type\":\"EntryPoint\",\"urlTemplate\":\"https:\\\/\\\/infopba247.com.ar\\\/?s={search_term_string}\"},\"query-input\":{\"@type\":\"PropertyValueSpecification\",\"valueRequired\":true,\"valueName\":\"search_term_string\"}}],\"inLanguage\":\"es\"},{\"@type\":\"Organization\",\"@id\":\"https:\\\/\\\/infopba247.com.ar\\\/#organization\",\"name\":\"InfoPBA247\",\"url\":\"https:\\\/\\\/infopba247.com.ar\\\/\",\"logo\":{\"@type\":\"ImageObject\",\"inLanguage\":\"es\",\"@id\":\"https:\\\/\\\/infopba247.com.ar\\\/#\\\/schema\\\/logo\\\/image\\\/\",\"url\":\"https:\\\/\\\/infopba247.com.ar\\\/wp-content\\\/uploads\\\/2022\\\/03\\\/cropped-InfoPBA247-1.png\",\"contentUrl\":\"https:\\\/\\\/infopba247.com.ar\\\/wp-content\\\/uploads\\\/2022\\\/03\\\/cropped-InfoPBA247-1.png\",\"width\":500,\"height\":122,\"caption\":\"InfoPBA247\"},\"image\":{\"@id\":\"https:\\\/\\\/infopba247.com.ar\\\/#\\\/schema\\\/logo\\\/image\\\/\"},\"sameAs\":[\"https:\\\/\\\/www.facebook.com\\\/InfoPBA\"]},{\"@type\":\"Person\",\"@id\":\"https:\\\/\\\/infopba247.com.ar\\\/#\\\/schema\\\/person\\\/4975f1343a413e57bf839b3eed0099f2\",\"name\":\"Editor\",\"image\":{\"@type\":\"ImageObject\",\"inLanguage\":\"es\",\"@id\":\"https:\\\/\\\/secure.gravatar.com\\\/avatar\\\/d27fe9520667ca53441d36627a1d6b0fa4a813571ec4803687a7a3a7744685ac?s=96&d=mm&r=g\",\"url\":\"https:\\\/\\\/secure.gravatar.com\\\/avatar\\\/d27fe9520667ca53441d36627a1d6b0fa4a813571ec4803687a7a3a7744685ac?s=96&d=mm&r=g\",\"contentUrl\":\"https:\\\/\\\/secure.gravatar.com\\\/avatar\\\/d27fe9520667ca53441d36627a1d6b0fa4a813571ec4803687a7a3a7744685ac?s=96&d=mm&r=g\",\"caption\":\"Editor\"},\"url\":\"https:\\\/\\\/infopba247.com.ar\\\/index.php\\\/author\\\/editor\\\/\"}]}<\/script>\n<!-- \/ Yoast SEO plugin. -->","yoast_head_json":{"title":"El paro general de la CGT tambi\u00e9n se hace sentir en Monte Hermoso - InfoPBA247","robots":{"index":"index","follow":"follow","max-snippet":"max-snippet:-1","max-image-preview":"max-image-preview:large","max-video-preview":"max-video-preview:-1"},"canonical":"https:\/\/infopba247.com.ar\/index.php\/2026\/02\/19\/el-paro-general-de-la-cgt-tambien-se-hace-sentir-en-monte-hermoso\/","og_locale":"es_ES","og_type":"article","og_title":"El paro general de la CGT tambi\u00e9n se hace sentir en Monte Hermoso - InfoPBA247","og_description":"El paro general convocado por la Confederaci\u00f3n General del Trabajo (CGT) contra la reforma laboral promovida por el Gobierno de","og_url":"https:\/\/infopba247.com.ar\/index.php\/2026\/02\/19\/el-paro-general-de-la-cgt-tambien-se-hace-sentir-en-monte-hermoso\/","og_site_name":"InfoPBA247","article_publisher":"https:\/\/www.facebook.com\/InfoPBA","article_published_time":"2026-02-19T17:47:35+00:00","article_modified_time":"2026-02-19T17:47:36+00:00","og_image":[{"width":800,"height":445,"url":"https:\/\/infopba247.com.ar\/wp-content\/uploads\/2026\/02\/WhatsApp-Image-2026-02-19-at-10.42.13-AM-1-800x445-1.jpeg","type":"image\/jpeg"}],"author":"Editor","twitter_card":"summary_large_image","twitter_misc":{"Escrito por":"Editor","Tiempo de lectura":"2 minutos"},"schema":{"@context":"https:\/\/schema.org","@graph":[{"@type":"Article","@id":"https:\/\/infopba247.com.ar\/index.php\/2026\/02\/19\/el-paro-general-de-la-cgt-tambien-se-hace-sentir-en-monte-hermoso\/#article","isPartOf":{"@id":"https:\/\/infopba247.com.ar\/index.php\/2026\/02\/19\/el-paro-general-de-la-cgt-tambien-se-hace-sentir-en-monte-hermoso\/"},"author":{"name":"Editor","@id":"https:\/\/infopba247.com.ar\/#\/schema\/person\/4975f1343a413e57bf839b3eed0099f2"},"headline":"El paro general de la CGT tambi\u00e9n se hace sentir en Monte Hermoso","datePublished":"2026-02-19T17:47:35+00:00","dateModified":"2026-02-19T17:47:36+00:00","mainEntityOfPage":{"@id":"https:\/\/infopba247.com.ar\/index.php\/2026\/02\/19\/el-paro-general-de-la-cgt-tambien-se-hace-sentir-en-monte-hermoso\/"},"wordCount":326,"commentCount":0,"publisher":{"@id":"https:\/\/infopba247.com.ar\/#organization"},"image":{"@id":"https:\/\/infopba247.com.ar\/index.php\/2026\/02\/19\/el-paro-general-de-la-cgt-tambien-se-hace-sentir-en-monte-hermoso\/#primaryimage"},"thumbnailUrl":"https:\/\/infopba247.com.ar\/wp-content\/uploads\/2026\/02\/WhatsApp-Image-2026-02-19-at-10.42.13-AM-1-800x445-1.jpeg","articleSection":["6ta Secci\u00f3n","Destacadas","Pol\u00edtica"],"inLanguage":"es","potentialAction":[{"@type":"CommentAction","name":"Comment","target":["https:\/\/infopba247.com.ar\/index.php\/2026\/02\/19\/el-paro-general-de-la-cgt-tambien-se-hace-sentir-en-monte-hermoso\/#respond"]}]},{"@type":"WebPage","@id":"https:\/\/infopba247.com.ar\/index.php\/2026\/02\/19\/el-paro-general-de-la-cgt-tambien-se-hace-sentir-en-monte-hermoso\/","url":"https:\/\/infopba247.com.ar\/index.php\/2026\/02\/19\/el-paro-general-de-la-cgt-tambien-se-hace-sentir-en-monte-hermoso\/","name":"El paro general de la CGT tambi\u00e9n se hace sentir en Monte Hermoso - InfoPBA247","isPartOf":{"@id":"https:\/\/infopba247.com.ar\/#website"},"primaryImageOfPage":{"@id":"https:\/\/infopba247.com.ar\/index.php\/2026\/02\/19\/el-paro-general-de-la-cgt-tambien-se-hace-sentir-en-monte-hermoso\/#primaryimage"},"image":{"@id":"https:\/\/infopba247.com.ar\/index.php\/2026\/02\/19\/el-paro-general-de-la-cgt-tambien-se-hace-sentir-en-monte-hermoso\/#primaryimage"},"thumbnailUrl":"https:\/\/infopba247.com.ar\/wp-content\/uploads\/2026\/02\/WhatsApp-Image-2026-02-19-at-10.42.13-AM-1-800x445-1.jpeg","datePublished":"2026-02-19T17:47:35+00:00","dateModified":"2026-02-19T17:47:36+00:00","breadcrumb":{"@id":"https:\/\/infopba247.com.ar\/index.php\/2026\/02\/19\/el-paro-general-de-la-cgt-tambien-se-hace-sentir-en-monte-hermoso\/#breadcrumb"},"inLanguage":"es","potentialAction":[{"@type":"ReadAction","target":["https:\/\/infopba247.com.ar\/index.php\/2026\/02\/19\/el-paro-general-de-la-cgt-tambien-se-hace-sentir-en-monte-hermoso\/"]}]},{"@type":"ImageObject","inLanguage":"es","@id":"https:\/\/infopba247.com.ar\/index.php\/2026\/02\/19\/el-paro-general-de-la-cgt-tambien-se-hace-sentir-en-monte-hermoso\/#primaryimage","url":"https:\/\/infopba247.com.ar\/wp-content\/uploads\/2026\/02\/WhatsApp-Image-2026-02-19-at-10.42.13-AM-1-800x445-1.jpeg","contentUrl":"https:\/\/infopba247.com.ar\/wp-content\/uploads\/2026\/02\/WhatsApp-Image-2026-02-19-at-10.42.13-AM-1-800x445-1.jpeg","width":800,"height":445},{"@type":"BreadcrumbList","@id":"https:\/\/infopba247.com.ar\/index.php\/2026\/02\/19\/el-paro-general-de-la-cgt-tambien-se-hace-sentir-en-monte-hermoso\/#breadcrumb","itemListElement":[{"@type":"ListItem","position":1,"name":"Portada","item":"https:\/\/infopba247.com.ar\/"},{"@type":"ListItem","position":2,"name":"El paro general de la CGT tambi\u00e9n se hace sentir en Monte Hermoso"}]},{"@type":"WebSite","@id":"https:\/\/infopba247.com.ar\/#website","url":"https:\/\/infopba247.com.ar\/","name":"InfoPBA247","description":"Toda la actualidad bonaerense","publisher":{"@id":"https:\/\/infopba247.com.ar\/#organization"},"potentialAction":[{"@type":"SearchAction","target":{"@type":"EntryPoint","urlTemplate":"https:\/\/infopba247.com.ar\/?s={search_term_string}"},"query-input":{"@type":"PropertyValueSpecification","valueRequired":true,"valueName":"search_term_string"}}],"inLanguage":"es"},{"@type":"Organization","@id":"https:\/\/infopba247.com.ar\/#organization","name":"InfoPBA247","url":"https:\/\/infopba247.com.ar\/","logo":{"@type":"ImageObject","inLanguage":"es","@id":"https:\/\/infopba247.com.ar\/#\/schema\/logo\/image\/","url":"https:\/\/infopba247.com.ar\/wp-content\/uploads\/2022\/03\/cropped-InfoPBA247-1.png","contentUrl":"https:\/\/infopba247.com.ar\/wp-content\/uploads\/2022\/03\/cropped-InfoPBA247-1.png","width":500,"height":122,"caption":"InfoPBA247"},"image":{"@id":"https:\/\/infopba247.com.ar\/#\/schema\/logo\/image\/"},"sameAs":["https:\/\/www.facebook.com\/InfoPBA"]},{"@type":"Person","@id":"https:\/\/infopba247.com.ar\/#\/schema\/person\/4975f1343a413e57bf839b3eed0099f2","name":"Editor","image":{"@type":"ImageObject","inLanguage":"es","@id":"https:\/\/secure.gravatar.com\/avatar\/d27fe9520667ca53441d36627a1d6b0fa4a813571ec4803687a7a3a7744685ac?s=96&d=mm&r=g","url":"https:\/\/secure.gravatar.com\/avatar\/d27fe9520667ca53441d36627a1d6b0fa4a813571ec4803687a7a3a7744685ac?s=96&d=mm&r=g","contentUrl":"https:\/\/secure.gravatar.com\/avatar\/d27fe9520667ca53441d36627a1d6b0fa4a813571ec4803687a7a3a7744685ac?s=96&d=mm&r=g","caption":"Editor"},"url":"https:\/\/infopba247.com.ar\/index.php\/author\/editor\/"}]}},"_links":{"self":[{"href":"https:\/\/infopba247.com.ar\/index.php\/wp-json\/wp\/v2\/posts\/9036","targetHints":{"allow":["GET"]}}],"collection":[{"href":"https:\/\/infopba247.com.ar\/index.php\/wp-json\/wp\/v2\/posts"}],"about":[{"href":"https:\/\/infopba247.com.ar\/index.php\/wp-json\/wp\/v2\/types\/post"}],"author":[{"embeddable":true,"href":"https:\/\/infopba247.com.ar\/index.php\/wp-json\/wp\/v2\/users\/3"}],"replies":[{"embeddable":true,"href":"https:\/\/infopba247.com.ar\/index.php\/wp-json\/wp\/v2\/comments?post=9036"}],"version-history":[{"count":1,"href":"https:\/\/infopba247.com.ar\/index.php\/wp-json\/wp\/v2\/posts\/9036\/revisions"}],"predecessor-version":[{"id":9037,"href":"https:\/\/infopba247.com.ar\/index.php\/wp-json\/wp\/v2\/posts\/9036\/revisions\/9037"}],"wp:featuredmedia":[{"embeddable":true,"href":"https:\/\/infopba247.com.ar\/index.php\/wp-json\/wp\/v2\/media\/9026"}],"wp:attachment":[{"href":"https:\/\/infopba247.com.ar\/index.php\/wp-json\/wp\/v2\/media?parent=9036"}],"wp:term":[{"taxonomy":"category","embeddable":true,"href":"https:\/\/infopba247.com.ar\/index.php\/wp-json\/wp\/v2\/categories?post=9036"},{"taxonomy":"post_tag","embeddable":true,"href":"https:\/\/infopba247.com.ar\/index.php\/wp-json\/wp\/v2\/tags?post=9036"}],"curies":[{"name":"wp","href":"https:\/\/api.w.org\/{rel}","templated":true}]}}