{"id":8995,"date":"2026-02-12T14:26:34","date_gmt":"2026-02-12T17:26:34","guid":{"rendered":"https:\/\/infopba247.com.ar\/?p=8995"},"modified":"2026-02-12T14:26:34","modified_gmt":"2026-02-12T17:26:34","slug":"arranz-confirmo-que-la-nueva-escuela-agraria-inicia-el-ciclo-lectivo-el-proximo-2-de-marzo","status":"publish","type":"post","link":"https:\/\/infopba247.com.ar\/index.php\/2026\/02\/12\/arranz-confirmo-que-la-nueva-escuela-agraria-inicia-el-ciclo-lectivo-el-proximo-2-de-marzo\/","title":{"rendered":"Arranz confirm\u00f3 que la nueva Escuela Agraria inicia el ciclo lectivo el pr\u00f3ximo 2 de marzo"},"content":{"rendered":"\n<p>El intendente Hern\u00e1n Arranz, junto a autoridades educativas provinciales, regionales y locales, anunci\u00f3 el comienzo de las clases en la flamante instituci\u00f3n que ofrece una especialidad in\u00e9dita en Pesca y Acuicultura y buscar\u00e1 consolidarse como un referente productivo y educativo para toda la zona.<\/p>\n\n\n\n<p>\u200bEn una jornada clave para la educaci\u00f3n local, se confirm\u00f3 que el pr\u00f3ximo 2 de marzo la nueva Escuela Agraria N\u00b0 1 de Monte Hermoso abrir\u00e1 sus puertas oficialmente.<\/p>\n\n\n\n<p>El anuncio se realiz\u00f3 tras una reuni\u00f3n de trabajo, que tuvo lugar ayer en el Centro de Convenciones y de la que participaron entre otros, el jefe Comunal; el inspector jefe Regional, Claudio Martini; y el director Provincial de Educaci\u00f3n T\u00e9cnico Profesional (ETP), Ricardo De Gisi, donde se ultimaron los detalles organizativos y curriculares.<\/p>\n\n\n\n<p><strong>\u200bUn hito para la regi\u00f3n<\/strong><\/p>\n\n\n\n<p><strong>\u200b\u00bbInaugurar una escuela hoy es casi un acto de rebeld\u00eda\u00bb&nbsp;<\/strong>subray\u00f3 el intendente Arranz, destacando la importancia de este paso en el contexto actual. El jefe comunal puso de relieve que este proyecto, que fue un sue\u00f1o de referentes como \u00abLalo\u00bb Flores, hoy se convierte en una realidad que brindar\u00e1 oportunidades concretas de formaci\u00f3n y arraigo para los j\u00f3venes montehermose\u00f1os.<\/p>\n\n\n\n<p>\u200bPor su parte, Claudio Martini coincidi\u00f3 en que la instituci\u00f3n funcionar\u00e1 como un&nbsp;<strong>\u00abfaro educativo\u00bb<\/strong>&nbsp;regional, mientras que Ricardo De Gisi detall\u00f3 el valor estrat\u00e9gico de la tecnicatura en Pesca y Acuicultura. Seg\u00fan el funcionario provincial, esta especialidad es la primera en su tipo en la provincia y surge de un trabajo conjunto con cient\u00edficos, cooperativas y el sector n\u00e1utico para potenciar el desarrollo del litoral mar\u00edtimo bonaerense.<\/p>\n\n\n\n<p><strong>\u200bIdentidad y desarrollo local<\/strong><\/p>\n\n\n\n<p>\u200bLa nueva escuela, que funcionar\u00e1 en principio en el edificio de la Delegaci\u00f3n Municipal Sauce Grande, no solo representa una expansi\u00f3n de la oferta acad\u00e9mica, sino una apuesta directa al crecimiento productivo de Monte Hermoso.<\/p>\n\n\n\n<p>Durante el encuentro, del que tambi\u00e9n particip\u00f3 la flamante directora de la instituci\u00f3n, Ana Marcela Garc\u00eda, se destac\u00f3 el compromiso del Estado Municipal y de la gesti\u00f3n de Axel Kicillof para garantizar que la educaci\u00f3n t\u00e9cnica est\u00e9 ligada a la identidad y las necesidades de cada comunidad.<\/p>\n\n\n\n<p>\u200bCon el inicio confirmado para el 2 de marzo, Monte Hermoso se prepara para escribir un nuevo cap\u00edtulo en su historia educativa, transformando el potencial de nuestro mar en conocimiento y trabajo para las futuras generaciones.<\/p>\n","protected":false},"excerpt":{"rendered":"<p>El intendente Hern\u00e1n Arranz, junto a autoridades educativas provinciales, regionales y locales, anunci\u00f3 el comienzo de las clases en la<\/p>\n","protected":false},"author":3,"featured_media":8986,"comment_status":"open","ping_status":"open","sticky":false,"template":"","format":"standard","meta":{"colormag_page_container_layout":"default_layout","colormag_page_sidebar_layout":"default_layout","footnotes":""},"categories":[10,1,14],"tags":[],"class_list":["post-8995","post","type-post","status-publish","format-standard","has-post-thumbnail","hentry","category-6ta-seccion","category-destacadas","category-politica"],"yoast_head":"<!-- This site is optimized with the Yoast SEO plugin v27.4 - https:\/\/yoast.com\/product\/yoast-seo-wordpress\/ -->\n<title>Arranz confirm\u00f3 que la nueva Escuela Agraria inicia el ciclo lectivo el pr\u00f3ximo 2 de marzo - InfoPBA247<\/title>\n<meta name=\"robots\" content=\"index, follow, max-snippet:-1, max-image-preview:large, max-video-preview:-1\" \/>\n<link rel=\"canonical\" href=\"https:\/\/infopba247.com.ar\/index.php\/2026\/02\/12\/arranz-confirmo-que-la-nueva-escuela-agraria-inicia-el-ciclo-lectivo-el-proximo-2-de-marzo\/\" \/>\n<meta property=\"og:locale\" content=\"es_ES\" \/>\n<meta property=\"og:type\" content=\"article\" \/>\n<meta property=\"og:title\" content=\"Arranz confirm\u00f3 que la nueva Escuela Agraria inicia el ciclo lectivo el pr\u00f3ximo 2 de marzo - InfoPBA247\" \/>\n<meta property=\"og:description\" content=\"El intendente Hern\u00e1n Arranz, junto a autoridades educativas provinciales, regionales y locales, anunci\u00f3 el comienzo de las clases en la\" \/>\n<meta property=\"og:url\" content=\"https:\/\/infopba247.com.ar\/index.php\/2026\/02\/12\/arranz-confirmo-que-la-nueva-escuela-agraria-inicia-el-ciclo-lectivo-el-proximo-2-de-marzo\/\" \/>\n<meta property=\"og:site_name\" content=\"InfoPBA247\" \/>\n<meta property=\"article:publisher\" content=\"https:\/\/www.facebook.com\/InfoPBA\" \/>\n<meta property=\"article:published_time\" content=\"2026-02-12T17:26:34+00:00\" \/>\n<meta property=\"og:image\" content=\"https:\/\/infopba247.com.ar\/wp-content\/uploads\/2026\/02\/WhatsApp-Image-2026-02-11-at-10-800x445-1.png\" \/>\n\t<meta property=\"og:image:width\" content=\"800\" \/>\n\t<meta property=\"og:image:height\" content=\"445\" \/>\n\t<meta property=\"og:image:type\" content=\"image\/png\" \/>\n<meta name=\"author\" content=\"Editor\" \/>\n<meta name=\"twitter:card\" content=\"summary_large_image\" \/>\n<meta name=\"twitter:label1\" content=\"Escrito por\" \/>\n\t<meta name=\"twitter:data1\" content=\"Editor\" \/>\n\t<meta name=\"twitter:label2\" content=\"Tiempo de lectura\" \/>\n\t<meta name=\"twitter:data2\" content=\"2 minutos\" \/>\n<script type=\"application\/ld+json\" class=\"yoast-schema-graph\">{\"@context\":\"https:\\\/\\\/schema.org\",\"@graph\":[{\"@type\":\"Article\",\"@id\":\"https:\\\/\\\/infopba247.com.ar\\\/index.php\\\/2026\\\/02\\\/12\\\/arranz-confirmo-que-la-nueva-escuela-agraria-inicia-el-ciclo-lectivo-el-proximo-2-de-marzo\\\/#article\",\"isPartOf\":{\"@id\":\"https:\\\/\\\/infopba247.com.ar\\\/index.php\\\/2026\\\/02\\\/12\\\/arranz-confirmo-que-la-nueva-escuela-agraria-inicia-el-ciclo-lectivo-el-proximo-2-de-marzo\\\/\"},\"author\":{\"name\":\"Editor\",\"@id\":\"https:\\\/\\\/infopba247.com.ar\\\/#\\\/schema\\\/person\\\/4975f1343a413e57bf839b3eed0099f2\"},\"headline\":\"Arranz confirm\u00f3 que la nueva Escuela Agraria inicia el ciclo lectivo el pr\u00f3ximo 2 de marzo\",\"datePublished\":\"2026-02-12T17:26:34+00:00\",\"mainEntityOfPage\":{\"@id\":\"https:\\\/\\\/infopba247.com.ar\\\/index.php\\\/2026\\\/02\\\/12\\\/arranz-confirmo-que-la-nueva-escuela-agraria-inicia-el-ciclo-lectivo-el-proximo-2-de-marzo\\\/\"},\"wordCount\":428,\"commentCount\":0,\"publisher\":{\"@id\":\"https:\\\/\\\/infopba247.com.ar\\\/#organization\"},\"image\":{\"@id\":\"https:\\\/\\\/infopba247.com.ar\\\/index.php\\\/2026\\\/02\\\/12\\\/arranz-confirmo-que-la-nueva-escuela-agraria-inicia-el-ciclo-lectivo-el-proximo-2-de-marzo\\\/#primaryimage\"},\"thumbnailUrl\":\"https:\\\/\\\/infopba247.com.ar\\\/wp-content\\\/uploads\\\/2026\\\/02\\\/WhatsApp-Image-2026-02-11-at-10-800x445-1.png\",\"articleSection\":[\"6ta Secci\u00f3n\",\"Destacadas\",\"Pol\u00edtica\"],\"inLanguage\":\"es\",\"potentialAction\":[{\"@type\":\"CommentAction\",\"name\":\"Comment\",\"target\":[\"https:\\\/\\\/infopba247.com.ar\\\/index.php\\\/2026\\\/02\\\/12\\\/arranz-confirmo-que-la-nueva-escuela-agraria-inicia-el-ciclo-lectivo-el-proximo-2-de-marzo\\\/#respond\"]}]},{\"@type\":\"WebPage\",\"@id\":\"https:\\\/\\\/infopba247.com.ar\\\/index.php\\\/2026\\\/02\\\/12\\\/arranz-confirmo-que-la-nueva-escuela-agraria-inicia-el-ciclo-lectivo-el-proximo-2-de-marzo\\\/\",\"url\":\"https:\\\/\\\/infopba247.com.ar\\\/index.php\\\/2026\\\/02\\\/12\\\/arranz-confirmo-que-la-nueva-escuela-agraria-inicia-el-ciclo-lectivo-el-proximo-2-de-marzo\\\/\",\"name\":\"Arranz confirm\u00f3 que la nueva Escuela Agraria inicia el ciclo lectivo el pr\u00f3ximo 2 de marzo - InfoPBA247\",\"isPartOf\":{\"@id\":\"https:\\\/\\\/infopba247.com.ar\\\/#website\"},\"primaryImageOfPage\":{\"@id\":\"https:\\\/\\\/infopba247.com.ar\\\/index.php\\\/2026\\\/02\\\/12\\\/arranz-confirmo-que-la-nueva-escuela-agraria-inicia-el-ciclo-lectivo-el-proximo-2-de-marzo\\\/#primaryimage\"},\"image\":{\"@id\":\"https:\\\/\\\/infopba247.com.ar\\\/index.php\\\/2026\\\/02\\\/12\\\/arranz-confirmo-que-la-nueva-escuela-agraria-inicia-el-ciclo-lectivo-el-proximo-2-de-marzo\\\/#primaryimage\"},\"thumbnailUrl\":\"https:\\\/\\\/infopba247.com.ar\\\/wp-content\\\/uploads\\\/2026\\\/02\\\/WhatsApp-Image-2026-02-11-at-10-800x445-1.png\",\"datePublished\":\"2026-02-12T17:26:34+00:00\",\"breadcrumb\":{\"@id\":\"https:\\\/\\\/infopba247.com.ar\\\/index.php\\\/2026\\\/02\\\/12\\\/arranz-confirmo-que-la-nueva-escuela-agraria-inicia-el-ciclo-lectivo-el-proximo-2-de-marzo\\\/#breadcrumb\"},\"inLanguage\":\"es\",\"potentialAction\":[{\"@type\":\"ReadAction\",\"target\":[\"https:\\\/\\\/infopba247.com.ar\\\/index.php\\\/2026\\\/02\\\/12\\\/arranz-confirmo-que-la-nueva-escuela-agraria-inicia-el-ciclo-lectivo-el-proximo-2-de-marzo\\\/\"]}]},{\"@type\":\"ImageObject\",\"inLanguage\":\"es\",\"@id\":\"https:\\\/\\\/infopba247.com.ar\\\/index.php\\\/2026\\\/02\\\/12\\\/arranz-confirmo-que-la-nueva-escuela-agraria-inicia-el-ciclo-lectivo-el-proximo-2-de-marzo\\\/#primaryimage\",\"url\":\"https:\\\/\\\/infopba247.com.ar\\\/wp-content\\\/uploads\\\/2026\\\/02\\\/WhatsApp-Image-2026-02-11-at-10-800x445-1.png\",\"contentUrl\":\"https:\\\/\\\/infopba247.com.ar\\\/wp-content\\\/uploads\\\/2026\\\/02\\\/WhatsApp-Image-2026-02-11-at-10-800x445-1.png\",\"width\":800,\"height\":445},{\"@type\":\"BreadcrumbList\",\"@id\":\"https:\\\/\\\/infopba247.com.ar\\\/index.php\\\/2026\\\/02\\\/12\\\/arranz-confirmo-que-la-nueva-escuela-agraria-inicia-el-ciclo-lectivo-el-proximo-2-de-marzo\\\/#breadcrumb\",\"itemListElement\":[{\"@type\":\"ListItem\",\"position\":1,\"name\":\"Portada\",\"item\":\"https:\\\/\\\/infopba247.com.ar\\\/\"},{\"@type\":\"ListItem\",\"position\":2,\"name\":\"Arranz confirm\u00f3 que la nueva Escuela Agraria inicia el ciclo lectivo el pr\u00f3ximo 2 de marzo\"}]},{\"@type\":\"WebSite\",\"@id\":\"https:\\\/\\\/infopba247.com.ar\\\/#website\",\"url\":\"https:\\\/\\\/infopba247.com.ar\\\/\",\"name\":\"InfoPBA247\",\"description\":\"Toda la actualidad bonaerense\",\"publisher\":{\"@id\":\"https:\\\/\\\/infopba247.com.ar\\\/#organization\"},\"potentialAction\":[{\"@type\":\"SearchAction\",\"target\":{\"@type\":\"EntryPoint\",\"urlTemplate\":\"https:\\\/\\\/infopba247.com.ar\\\/?s={search_term_string}\"},\"query-input\":{\"@type\":\"PropertyValueSpecification\",\"valueRequired\":true,\"valueName\":\"search_term_string\"}}],\"inLanguage\":\"es\"},{\"@type\":\"Organization\",\"@id\":\"https:\\\/\\\/infopba247.com.ar\\\/#organization\",\"name\":\"InfoPBA247\",\"url\":\"https:\\\/\\\/infopba247.com.ar\\\/\",\"logo\":{\"@type\":\"ImageObject\",\"inLanguage\":\"es\",\"@id\":\"https:\\\/\\\/infopba247.com.ar\\\/#\\\/schema\\\/logo\\\/image\\\/\",\"url\":\"https:\\\/\\\/infopba247.com.ar\\\/wp-content\\\/uploads\\\/2022\\\/03\\\/cropped-InfoPBA247-1.png\",\"contentUrl\":\"https:\\\/\\\/infopba247.com.ar\\\/wp-content\\\/uploads\\\/2022\\\/03\\\/cropped-InfoPBA247-1.png\",\"width\":500,\"height\":122,\"caption\":\"InfoPBA247\"},\"image\":{\"@id\":\"https:\\\/\\\/infopba247.com.ar\\\/#\\\/schema\\\/logo\\\/image\\\/\"},\"sameAs\":[\"https:\\\/\\\/www.facebook.com\\\/InfoPBA\"]},{\"@type\":\"Person\",\"@id\":\"https:\\\/\\\/infopba247.com.ar\\\/#\\\/schema\\\/person\\\/4975f1343a413e57bf839b3eed0099f2\",\"name\":\"Editor\",\"image\":{\"@type\":\"ImageObject\",\"inLanguage\":\"es\",\"@id\":\"https:\\\/\\\/secure.gravatar.com\\\/avatar\\\/d27fe9520667ca53441d36627a1d6b0fa4a813571ec4803687a7a3a7744685ac?s=96&d=mm&r=g\",\"url\":\"https:\\\/\\\/secure.gravatar.com\\\/avatar\\\/d27fe9520667ca53441d36627a1d6b0fa4a813571ec4803687a7a3a7744685ac?s=96&d=mm&r=g\",\"contentUrl\":\"https:\\\/\\\/secure.gravatar.com\\\/avatar\\\/d27fe9520667ca53441d36627a1d6b0fa4a813571ec4803687a7a3a7744685ac?s=96&d=mm&r=g\",\"caption\":\"Editor\"},\"url\":\"https:\\\/\\\/infopba247.com.ar\\\/index.php\\\/author\\\/editor\\\/\"}]}<\/script>\n<!-- \/ Yoast SEO plugin. -->","yoast_head_json":{"title":"Arranz confirm\u00f3 que la nueva Escuela Agraria inicia el ciclo lectivo el pr\u00f3ximo 2 de marzo - InfoPBA247","robots":{"index":"index","follow":"follow","max-snippet":"max-snippet:-1","max-image-preview":"max-image-preview:large","max-video-preview":"max-video-preview:-1"},"canonical":"https:\/\/infopba247.com.ar\/index.php\/2026\/02\/12\/arranz-confirmo-que-la-nueva-escuela-agraria-inicia-el-ciclo-lectivo-el-proximo-2-de-marzo\/","og_locale":"es_ES","og_type":"article","og_title":"Arranz confirm\u00f3 que la nueva Escuela Agraria inicia el ciclo lectivo el pr\u00f3ximo 2 de marzo - InfoPBA247","og_description":"El intendente Hern\u00e1n Arranz, junto a autoridades educativas provinciales, regionales y locales, anunci\u00f3 el comienzo de las clases en la","og_url":"https:\/\/infopba247.com.ar\/index.php\/2026\/02\/12\/arranz-confirmo-que-la-nueva-escuela-agraria-inicia-el-ciclo-lectivo-el-proximo-2-de-marzo\/","og_site_name":"InfoPBA247","article_publisher":"https:\/\/www.facebook.com\/InfoPBA","article_published_time":"2026-02-12T17:26:34+00:00","og_image":[{"width":800,"height":445,"url":"https:\/\/infopba247.com.ar\/wp-content\/uploads\/2026\/02\/WhatsApp-Image-2026-02-11-at-10-800x445-1.png","type":"image\/png"}],"author":"Editor","twitter_card":"summary_large_image","twitter_misc":{"Escrito por":"Editor","Tiempo de lectura":"2 minutos"},"schema":{"@context":"https:\/\/schema.org","@graph":[{"@type":"Article","@id":"https:\/\/infopba247.com.ar\/index.php\/2026\/02\/12\/arranz-confirmo-que-la-nueva-escuela-agraria-inicia-el-ciclo-lectivo-el-proximo-2-de-marzo\/#article","isPartOf":{"@id":"https:\/\/infopba247.com.ar\/index.php\/2026\/02\/12\/arranz-confirmo-que-la-nueva-escuela-agraria-inicia-el-ciclo-lectivo-el-proximo-2-de-marzo\/"},"author":{"name":"Editor","@id":"https:\/\/infopba247.com.ar\/#\/schema\/person\/4975f1343a413e57bf839b3eed0099f2"},"headline":"Arranz confirm\u00f3 que la nueva Escuela Agraria inicia el ciclo lectivo el pr\u00f3ximo 2 de marzo","datePublished":"2026-02-12T17:26:34+00:00","mainEntityOfPage":{"@id":"https:\/\/infopba247.com.ar\/index.php\/2026\/02\/12\/arranz-confirmo-que-la-nueva-escuela-agraria-inicia-el-ciclo-lectivo-el-proximo-2-de-marzo\/"},"wordCount":428,"commentCount":0,"publisher":{"@id":"https:\/\/infopba247.com.ar\/#organization"},"image":{"@id":"https:\/\/infopba247.com.ar\/index.php\/2026\/02\/12\/arranz-confirmo-que-la-nueva-escuela-agraria-inicia-el-ciclo-lectivo-el-proximo-2-de-marzo\/#primaryimage"},"thumbnailUrl":"https:\/\/infopba247.com.ar\/wp-content\/uploads\/2026\/02\/WhatsApp-Image-2026-02-11-at-10-800x445-1.png","articleSection":["6ta Secci\u00f3n","Destacadas","Pol\u00edtica"],"inLanguage":"es","potentialAction":[{"@type":"CommentAction","name":"Comment","target":["https:\/\/infopba247.com.ar\/index.php\/2026\/02\/12\/arranz-confirmo-que-la-nueva-escuela-agraria-inicia-el-ciclo-lectivo-el-proximo-2-de-marzo\/#respond"]}]},{"@type":"WebPage","@id":"https:\/\/infopba247.com.ar\/index.php\/2026\/02\/12\/arranz-confirmo-que-la-nueva-escuela-agraria-inicia-el-ciclo-lectivo-el-proximo-2-de-marzo\/","url":"https:\/\/infopba247.com.ar\/index.php\/2026\/02\/12\/arranz-confirmo-que-la-nueva-escuela-agraria-inicia-el-ciclo-lectivo-el-proximo-2-de-marzo\/","name":"Arranz confirm\u00f3 que la nueva Escuela Agraria inicia el ciclo lectivo el pr\u00f3ximo 2 de marzo - InfoPBA247","isPartOf":{"@id":"https:\/\/infopba247.com.ar\/#website"},"primaryImageOfPage":{"@id":"https:\/\/infopba247.com.ar\/index.php\/2026\/02\/12\/arranz-confirmo-que-la-nueva-escuela-agraria-inicia-el-ciclo-lectivo-el-proximo-2-de-marzo\/#primaryimage"},"image":{"@id":"https:\/\/infopba247.com.ar\/index.php\/2026\/02\/12\/arranz-confirmo-que-la-nueva-escuela-agraria-inicia-el-ciclo-lectivo-el-proximo-2-de-marzo\/#primaryimage"},"thumbnailUrl":"https:\/\/infopba247.com.ar\/wp-content\/uploads\/2026\/02\/WhatsApp-Image-2026-02-11-at-10-800x445-1.png","datePublished":"2026-02-12T17:26:34+00:00","breadcrumb":{"@id":"https:\/\/infopba247.com.ar\/index.php\/2026\/02\/12\/arranz-confirmo-que-la-nueva-escuela-agraria-inicia-el-ciclo-lectivo-el-proximo-2-de-marzo\/#breadcrumb"},"inLanguage":"es","potentialAction":[{"@type":"ReadAction","target":["https:\/\/infopba247.com.ar\/index.php\/2026\/02\/12\/arranz-confirmo-que-la-nueva-escuela-agraria-inicia-el-ciclo-lectivo-el-proximo-2-de-marzo\/"]}]},{"@type":"ImageObject","inLanguage":"es","@id":"https:\/\/infopba247.com.ar\/index.php\/2026\/02\/12\/arranz-confirmo-que-la-nueva-escuela-agraria-inicia-el-ciclo-lectivo-el-proximo-2-de-marzo\/#primaryimage","url":"https:\/\/infopba247.com.ar\/wp-content\/uploads\/2026\/02\/WhatsApp-Image-2026-02-11-at-10-800x445-1.png","contentUrl":"https:\/\/infopba247.com.ar\/wp-content\/uploads\/2026\/02\/WhatsApp-Image-2026-02-11-at-10-800x445-1.png","width":800,"height":445},{"@type":"BreadcrumbList","@id":"https:\/\/infopba247.com.ar\/index.php\/2026\/02\/12\/arranz-confirmo-que-la-nueva-escuela-agraria-inicia-el-ciclo-lectivo-el-proximo-2-de-marzo\/#breadcrumb","itemListElement":[{"@type":"ListItem","position":1,"name":"Portada","item":"https:\/\/infopba247.com.ar\/"},{"@type":"ListItem","position":2,"name":"Arranz confirm\u00f3 que la nueva Escuela Agraria inicia el ciclo lectivo el pr\u00f3ximo 2 de marzo"}]},{"@type":"WebSite","@id":"https:\/\/infopba247.com.ar\/#website","url":"https:\/\/infopba247.com.ar\/","name":"InfoPBA247","description":"Toda la actualidad bonaerense","publisher":{"@id":"https:\/\/infopba247.com.ar\/#organization"},"potentialAction":[{"@type":"SearchAction","target":{"@type":"EntryPoint","urlTemplate":"https:\/\/infopba247.com.ar\/?s={search_term_string}"},"query-input":{"@type":"PropertyValueSpecification","valueRequired":true,"valueName":"search_term_string"}}],"inLanguage":"es"},{"@type":"Organization","@id":"https:\/\/infopba247.com.ar\/#organization","name":"InfoPBA247","url":"https:\/\/infopba247.com.ar\/","logo":{"@type":"ImageObject","inLanguage":"es","@id":"https:\/\/infopba247.com.ar\/#\/schema\/logo\/image\/","url":"https:\/\/infopba247.com.ar\/wp-content\/uploads\/2022\/03\/cropped-InfoPBA247-1.png","contentUrl":"https:\/\/infopba247.com.ar\/wp-content\/uploads\/2022\/03\/cropped-InfoPBA247-1.png","width":500,"height":122,"caption":"InfoPBA247"},"image":{"@id":"https:\/\/infopba247.com.ar\/#\/schema\/logo\/image\/"},"sameAs":["https:\/\/www.facebook.com\/InfoPBA"]},{"@type":"Person","@id":"https:\/\/infopba247.com.ar\/#\/schema\/person\/4975f1343a413e57bf839b3eed0099f2","name":"Editor","image":{"@type":"ImageObject","inLanguage":"es","@id":"https:\/\/secure.gravatar.com\/avatar\/d27fe9520667ca53441d36627a1d6b0fa4a813571ec4803687a7a3a7744685ac?s=96&d=mm&r=g","url":"https:\/\/secure.gravatar.com\/avatar\/d27fe9520667ca53441d36627a1d6b0fa4a813571ec4803687a7a3a7744685ac?s=96&d=mm&r=g","contentUrl":"https:\/\/secure.gravatar.com\/avatar\/d27fe9520667ca53441d36627a1d6b0fa4a813571ec4803687a7a3a7744685ac?s=96&d=mm&r=g","caption":"Editor"},"url":"https:\/\/infopba247.com.ar\/index.php\/author\/editor\/"}]}},"_links":{"self":[{"href":"https:\/\/infopba247.com.ar\/index.php\/wp-json\/wp\/v2\/posts\/8995","targetHints":{"allow":["GET"]}}],"collection":[{"href":"https:\/\/infopba247.com.ar\/index.php\/wp-json\/wp\/v2\/posts"}],"about":[{"href":"https:\/\/infopba247.com.ar\/index.php\/wp-json\/wp\/v2\/types\/post"}],"author":[{"embeddable":true,"href":"https:\/\/infopba247.com.ar\/index.php\/wp-json\/wp\/v2\/users\/3"}],"replies":[{"embeddable":true,"href":"https:\/\/infopba247.com.ar\/index.php\/wp-json\/wp\/v2\/comments?post=8995"}],"version-history":[{"count":1,"href":"https:\/\/infopba247.com.ar\/index.php\/wp-json\/wp\/v2\/posts\/8995\/revisions"}],"predecessor-version":[{"id":8996,"href":"https:\/\/infopba247.com.ar\/index.php\/wp-json\/wp\/v2\/posts\/8995\/revisions\/8996"}],"wp:featuredmedia":[{"embeddable":true,"href":"https:\/\/infopba247.com.ar\/index.php\/wp-json\/wp\/v2\/media\/8986"}],"wp:attachment":[{"href":"https:\/\/infopba247.com.ar\/index.php\/wp-json\/wp\/v2\/media?parent=8995"}],"wp:term":[{"taxonomy":"category","embeddable":true,"href":"https:\/\/infopba247.com.ar\/index.php\/wp-json\/wp\/v2\/categories?post=8995"},{"taxonomy":"post_tag","embeddable":true,"href":"https:\/\/infopba247.com.ar\/index.php\/wp-json\/wp\/v2\/tags?post=8995"}],"curies":[{"name":"wp","href":"https:\/\/api.w.org\/{rel}","templated":true}]}}