{"id":8983,"date":"2026-02-11T13:54:58","date_gmt":"2026-02-11T16:54:58","guid":{"rendered":"https:\/\/infopba247.com.ar\/?p=8983"},"modified":"2026-02-11T13:54:59","modified_gmt":"2026-02-11T16:54:59","slug":"el-intendente-hernan-arranz-participo-de-la-mesa-productiva-regional-en-patagones","status":"publish","type":"post","link":"https:\/\/infopba247.com.ar\/index.php\/2026\/02\/11\/el-intendente-hernan-arranz-participo-de-la-mesa-productiva-regional-en-patagones\/","title":{"rendered":"El intendente Hern\u00e1n Arranz particip\u00f3 de la Mesa Productiva Regional en Patagones"},"content":{"rendered":"\n<p>Convocado por el gobernador Axel Kicillof, el intendente Hern\u00e1n Arranz, junto al secretario de Turismo, Franco Gentili, participaron en la ciudad de Carmen de Patagones de la reuni\u00f3n con integrantes de distintos sectores productivos del sudoeste bonaerense.<\/p>\n\n\n\n<p>Jefes comunales, el ministro de Producci\u00f3n, Ciencia e Innovaci\u00f3n Tecnol\u00f3gica, Augusto Costa; de Desarrollo Agrario, Javier Rodr\u00edguez, y m\u00e1s de 250 representantes del turismo, la industria, el comercio y otras ramas de la actividad productiva regional, estuvieron presentes en este encuentro que tuvo lugar en el Polideportivo Municipal donde se analiz\u00f3 el impacto de las decisiones nacionales.<\/p>\n\n\n\n<p>Kicillof indic\u00f3 que&nbsp;\u201catravesamos una situaci\u00f3n econ\u00f3mica muy compleja en la cual, despu\u00e9s de dos a\u00f1os, la actividad y los salarios siguen planchados. Si algo tenemos en claro es que el modelo de pa\u00eds del Gobierno nacional no es federal ni productivo y no le sirve al comercio ni al turismo\u201d.<\/p>\n\n\n\n<p>\u201cEn la Argentina, cerraron 20 mil empresas, se perdieron 270 mil puestos de trabajo y baj\u00f3 el consumo casi 30 puntos. Si siguen con las pol\u00edticas de tarifazos y de importaciones abiertas, solo tendremos una econom\u00eda de bienes primarios, sin mercado interno y sin trabajo nacional. Eso es lo que est\u00e1 en discusi\u00f3n en este momento\u201d,&nbsp;expres\u00f3 el gobernador y a\u00f1adi\u00f3:&nbsp;\u201cEn este contexto tan adverso, seguimos poniendo a disposici\u00f3n todos los instrumentos que tenemos a nuestro alcance para apuntalar al sector productivo y mejorar la vida de las y los bonaerenses\u201d.<\/p>\n\n\n\n<p>Costa, por su parte, manifest\u00f3 que&nbsp;\u00abestas mesas productivas se enmarcan en una pol\u00edtica de di\u00e1logo permanente que llevamos adelante junto al gobernador con los diferentes actores y referentes de los sectores productivos en cada rinc\u00f3n de la Provincia\u00bb.<\/p>\n\n\n\n<p>El intendente montehermose\u00f1o destac\u00f3 que&nbsp;\u201cestos encuentros nos permiten intercambiar las problem\u00e1ticas y necesidades de cada sector para trabajar de manera conjunta con el Estado provincial\u201d.&nbsp;<\/p>\n\n\n\n<p>\u201cNuestra prioridad es que la voz de Monte Hermoso est\u00e9 presente en cada mesa donde se discuta el futuro de la regi\u00f3n. En un escenario nacional complejo, es fundamental articular acciones para fortalecer la producci\u00f3n local y el empleo\u201d,<\/p>\n","protected":false},"excerpt":{"rendered":"<p>Convocado por el gobernador Axel Kicillof, el intendente Hern\u00e1n Arranz, junto al secretario de Turismo, Franco Gentili, participaron en la<\/p>\n","protected":false},"author":3,"featured_media":8974,"comment_status":"open","ping_status":"open","sticky":false,"template":"","format":"standard","meta":{"colormag_page_container_layout":"default_layout","colormag_page_sidebar_layout":"default_layout","footnotes":""},"categories":[10,1,14],"tags":[],"class_list":["post-8983","post","type-post","status-publish","format-standard","has-post-thumbnail","hentry","category-6ta-seccion","category-destacadas","category-politica"],"yoast_head":"<!-- This site is optimized with the Yoast SEO plugin v27.5 - https:\/\/yoast.com\/product\/yoast-seo-wordpress\/ -->\n<title>El intendente Hern\u00e1n Arranz particip\u00f3 de la Mesa Productiva Regional en Patagones - InfoPBA247<\/title>\n<meta name=\"robots\" content=\"index, follow, max-snippet:-1, max-image-preview:large, max-video-preview:-1\" \/>\n<link rel=\"canonical\" href=\"https:\/\/infopba247.com.ar\/index.php\/2026\/02\/11\/el-intendente-hernan-arranz-participo-de-la-mesa-productiva-regional-en-patagones\/\" \/>\n<meta property=\"og:locale\" content=\"es_ES\" \/>\n<meta property=\"og:type\" content=\"article\" \/>\n<meta property=\"og:title\" content=\"El intendente Hern\u00e1n Arranz particip\u00f3 de la Mesa Productiva Regional en Patagones - InfoPBA247\" \/>\n<meta property=\"og:description\" content=\"Convocado por el gobernador Axel Kicillof, el intendente Hern\u00e1n Arranz, junto al secretario de Turismo, Franco Gentili, participaron en la\" \/>\n<meta property=\"og:url\" content=\"https:\/\/infopba247.com.ar\/index.php\/2026\/02\/11\/el-intendente-hernan-arranz-participo-de-la-mesa-productiva-regional-en-patagones\/\" \/>\n<meta property=\"og:site_name\" content=\"InfoPBA247\" \/>\n<meta property=\"article:publisher\" content=\"https:\/\/www.facebook.com\/InfoPBA\" \/>\n<meta property=\"article:published_time\" content=\"2026-02-11T16:54:58+00:00\" \/>\n<meta property=\"article:modified_time\" content=\"2026-02-11T16:54:59+00:00\" \/>\n<meta property=\"og:image\" content=\"https:\/\/infopba247.com.ar\/wp-content\/uploads\/2026\/02\/628454134_10236417538492135_2664531459938839955_n-800x445-1.jpg\" \/>\n\t<meta property=\"og:image:width\" content=\"800\" \/>\n\t<meta property=\"og:image:height\" content=\"445\" \/>\n\t<meta property=\"og:image:type\" content=\"image\/jpeg\" \/>\n<meta name=\"author\" content=\"Editor\" \/>\n<meta name=\"twitter:card\" content=\"summary_large_image\" \/>\n<meta name=\"twitter:label1\" content=\"Escrito por\" \/>\n\t<meta name=\"twitter:data1\" content=\"Editor\" \/>\n\t<meta name=\"twitter:label2\" content=\"Tiempo de lectura\" \/>\n\t<meta name=\"twitter:data2\" content=\"2 minutos\" \/>\n<script type=\"application\/ld+json\" class=\"yoast-schema-graph\">{\"@context\":\"https:\\\/\\\/schema.org\",\"@graph\":[{\"@type\":\"Article\",\"@id\":\"https:\\\/\\\/infopba247.com.ar\\\/index.php\\\/2026\\\/02\\\/11\\\/el-intendente-hernan-arranz-participo-de-la-mesa-productiva-regional-en-patagones\\\/#article\",\"isPartOf\":{\"@id\":\"https:\\\/\\\/infopba247.com.ar\\\/index.php\\\/2026\\\/02\\\/11\\\/el-intendente-hernan-arranz-participo-de-la-mesa-productiva-regional-en-patagones\\\/\"},\"author\":{\"name\":\"Editor\",\"@id\":\"https:\\\/\\\/infopba247.com.ar\\\/#\\\/schema\\\/person\\\/4975f1343a413e57bf839b3eed0099f2\"},\"headline\":\"El intendente Hern\u00e1n Arranz particip\u00f3 de la Mesa Productiva Regional en Patagones\",\"datePublished\":\"2026-02-11T16:54:58+00:00\",\"dateModified\":\"2026-02-11T16:54:59+00:00\",\"mainEntityOfPage\":{\"@id\":\"https:\\\/\\\/infopba247.com.ar\\\/index.php\\\/2026\\\/02\\\/11\\\/el-intendente-hernan-arranz-participo-de-la-mesa-productiva-regional-en-patagones\\\/\"},\"wordCount\":380,\"commentCount\":0,\"publisher\":{\"@id\":\"https:\\\/\\\/infopba247.com.ar\\\/#organization\"},\"image\":{\"@id\":\"https:\\\/\\\/infopba247.com.ar\\\/index.php\\\/2026\\\/02\\\/11\\\/el-intendente-hernan-arranz-participo-de-la-mesa-productiva-regional-en-patagones\\\/#primaryimage\"},\"thumbnailUrl\":\"https:\\\/\\\/infopba247.com.ar\\\/wp-content\\\/uploads\\\/2026\\\/02\\\/628454134_10236417538492135_2664531459938839955_n-800x445-1.jpg\",\"articleSection\":[\"6ta Secci\u00f3n\",\"Destacadas\",\"Pol\u00edtica\"],\"inLanguage\":\"es\",\"potentialAction\":[{\"@type\":\"CommentAction\",\"name\":\"Comment\",\"target\":[\"https:\\\/\\\/infopba247.com.ar\\\/index.php\\\/2026\\\/02\\\/11\\\/el-intendente-hernan-arranz-participo-de-la-mesa-productiva-regional-en-patagones\\\/#respond\"]}]},{\"@type\":\"WebPage\",\"@id\":\"https:\\\/\\\/infopba247.com.ar\\\/index.php\\\/2026\\\/02\\\/11\\\/el-intendente-hernan-arranz-participo-de-la-mesa-productiva-regional-en-patagones\\\/\",\"url\":\"https:\\\/\\\/infopba247.com.ar\\\/index.php\\\/2026\\\/02\\\/11\\\/el-intendente-hernan-arranz-participo-de-la-mesa-productiva-regional-en-patagones\\\/\",\"name\":\"El intendente Hern\u00e1n Arranz particip\u00f3 de la Mesa Productiva Regional en Patagones - InfoPBA247\",\"isPartOf\":{\"@id\":\"https:\\\/\\\/infopba247.com.ar\\\/#website\"},\"primaryImageOfPage\":{\"@id\":\"https:\\\/\\\/infopba247.com.ar\\\/index.php\\\/2026\\\/02\\\/11\\\/el-intendente-hernan-arranz-participo-de-la-mesa-productiva-regional-en-patagones\\\/#primaryimage\"},\"image\":{\"@id\":\"https:\\\/\\\/infopba247.com.ar\\\/index.php\\\/2026\\\/02\\\/11\\\/el-intendente-hernan-arranz-participo-de-la-mesa-productiva-regional-en-patagones\\\/#primaryimage\"},\"thumbnailUrl\":\"https:\\\/\\\/infopba247.com.ar\\\/wp-content\\\/uploads\\\/2026\\\/02\\\/628454134_10236417538492135_2664531459938839955_n-800x445-1.jpg\",\"datePublished\":\"2026-02-11T16:54:58+00:00\",\"dateModified\":\"2026-02-11T16:54:59+00:00\",\"breadcrumb\":{\"@id\":\"https:\\\/\\\/infopba247.com.ar\\\/index.php\\\/2026\\\/02\\\/11\\\/el-intendente-hernan-arranz-participo-de-la-mesa-productiva-regional-en-patagones\\\/#breadcrumb\"},\"inLanguage\":\"es\",\"potentialAction\":[{\"@type\":\"ReadAction\",\"target\":[\"https:\\\/\\\/infopba247.com.ar\\\/index.php\\\/2026\\\/02\\\/11\\\/el-intendente-hernan-arranz-participo-de-la-mesa-productiva-regional-en-patagones\\\/\"]}]},{\"@type\":\"ImageObject\",\"inLanguage\":\"es\",\"@id\":\"https:\\\/\\\/infopba247.com.ar\\\/index.php\\\/2026\\\/02\\\/11\\\/el-intendente-hernan-arranz-participo-de-la-mesa-productiva-regional-en-patagones\\\/#primaryimage\",\"url\":\"https:\\\/\\\/infopba247.com.ar\\\/wp-content\\\/uploads\\\/2026\\\/02\\\/628454134_10236417538492135_2664531459938839955_n-800x445-1.jpg\",\"contentUrl\":\"https:\\\/\\\/infopba247.com.ar\\\/wp-content\\\/uploads\\\/2026\\\/02\\\/628454134_10236417538492135_2664531459938839955_n-800x445-1.jpg\",\"width\":800,\"height\":445},{\"@type\":\"BreadcrumbList\",\"@id\":\"https:\\\/\\\/infopba247.com.ar\\\/index.php\\\/2026\\\/02\\\/11\\\/el-intendente-hernan-arranz-participo-de-la-mesa-productiva-regional-en-patagones\\\/#breadcrumb\",\"itemListElement\":[{\"@type\":\"ListItem\",\"position\":1,\"name\":\"Portada\",\"item\":\"https:\\\/\\\/infopba247.com.ar\\\/\"},{\"@type\":\"ListItem\",\"position\":2,\"name\":\"El intendente Hern\u00e1n Arranz particip\u00f3 de la Mesa Productiva Regional en Patagones\"}]},{\"@type\":\"WebSite\",\"@id\":\"https:\\\/\\\/infopba247.com.ar\\\/#website\",\"url\":\"https:\\\/\\\/infopba247.com.ar\\\/\",\"name\":\"InfoPBA247\",\"description\":\"Toda la actualidad bonaerense\",\"publisher\":{\"@id\":\"https:\\\/\\\/infopba247.com.ar\\\/#organization\"},\"potentialAction\":[{\"@type\":\"SearchAction\",\"target\":{\"@type\":\"EntryPoint\",\"urlTemplate\":\"https:\\\/\\\/infopba247.com.ar\\\/?s={search_term_string}\"},\"query-input\":{\"@type\":\"PropertyValueSpecification\",\"valueRequired\":true,\"valueName\":\"search_term_string\"}}],\"inLanguage\":\"es\"},{\"@type\":\"Organization\",\"@id\":\"https:\\\/\\\/infopba247.com.ar\\\/#organization\",\"name\":\"InfoPBA247\",\"url\":\"https:\\\/\\\/infopba247.com.ar\\\/\",\"logo\":{\"@type\":\"ImageObject\",\"inLanguage\":\"es\",\"@id\":\"https:\\\/\\\/infopba247.com.ar\\\/#\\\/schema\\\/logo\\\/image\\\/\",\"url\":\"https:\\\/\\\/infopba247.com.ar\\\/wp-content\\\/uploads\\\/2022\\\/03\\\/cropped-InfoPBA247-1.png\",\"contentUrl\":\"https:\\\/\\\/infopba247.com.ar\\\/wp-content\\\/uploads\\\/2022\\\/03\\\/cropped-InfoPBA247-1.png\",\"width\":500,\"height\":122,\"caption\":\"InfoPBA247\"},\"image\":{\"@id\":\"https:\\\/\\\/infopba247.com.ar\\\/#\\\/schema\\\/logo\\\/image\\\/\"},\"sameAs\":[\"https:\\\/\\\/www.facebook.com\\\/InfoPBA\"]},{\"@type\":\"Person\",\"@id\":\"https:\\\/\\\/infopba247.com.ar\\\/#\\\/schema\\\/person\\\/4975f1343a413e57bf839b3eed0099f2\",\"name\":\"Editor\",\"image\":{\"@type\":\"ImageObject\",\"inLanguage\":\"es\",\"@id\":\"https:\\\/\\\/secure.gravatar.com\\\/avatar\\\/d27fe9520667ca53441d36627a1d6b0fa4a813571ec4803687a7a3a7744685ac?s=96&d=mm&r=g\",\"url\":\"https:\\\/\\\/secure.gravatar.com\\\/avatar\\\/d27fe9520667ca53441d36627a1d6b0fa4a813571ec4803687a7a3a7744685ac?s=96&d=mm&r=g\",\"contentUrl\":\"https:\\\/\\\/secure.gravatar.com\\\/avatar\\\/d27fe9520667ca53441d36627a1d6b0fa4a813571ec4803687a7a3a7744685ac?s=96&d=mm&r=g\",\"caption\":\"Editor\"},\"url\":\"https:\\\/\\\/infopba247.com.ar\\\/index.php\\\/author\\\/editor\\\/\"}]}<\/script>\n<!-- \/ Yoast SEO plugin. -->","yoast_head_json":{"title":"El intendente Hern\u00e1n Arranz particip\u00f3 de la Mesa Productiva Regional en Patagones - InfoPBA247","robots":{"index":"index","follow":"follow","max-snippet":"max-snippet:-1","max-image-preview":"max-image-preview:large","max-video-preview":"max-video-preview:-1"},"canonical":"https:\/\/infopba247.com.ar\/index.php\/2026\/02\/11\/el-intendente-hernan-arranz-participo-de-la-mesa-productiva-regional-en-patagones\/","og_locale":"es_ES","og_type":"article","og_title":"El intendente Hern\u00e1n Arranz particip\u00f3 de la Mesa Productiva Regional en Patagones - InfoPBA247","og_description":"Convocado por el gobernador Axel Kicillof, el intendente Hern\u00e1n Arranz, junto al secretario de Turismo, Franco Gentili, participaron en la","og_url":"https:\/\/infopba247.com.ar\/index.php\/2026\/02\/11\/el-intendente-hernan-arranz-participo-de-la-mesa-productiva-regional-en-patagones\/","og_site_name":"InfoPBA247","article_publisher":"https:\/\/www.facebook.com\/InfoPBA","article_published_time":"2026-02-11T16:54:58+00:00","article_modified_time":"2026-02-11T16:54:59+00:00","og_image":[{"width":800,"height":445,"url":"https:\/\/infopba247.com.ar\/wp-content\/uploads\/2026\/02\/628454134_10236417538492135_2664531459938839955_n-800x445-1.jpg","type":"image\/jpeg"}],"author":"Editor","twitter_card":"summary_large_image","twitter_misc":{"Escrito por":"Editor","Tiempo de lectura":"2 minutos"},"schema":{"@context":"https:\/\/schema.org","@graph":[{"@type":"Article","@id":"https:\/\/infopba247.com.ar\/index.php\/2026\/02\/11\/el-intendente-hernan-arranz-participo-de-la-mesa-productiva-regional-en-patagones\/#article","isPartOf":{"@id":"https:\/\/infopba247.com.ar\/index.php\/2026\/02\/11\/el-intendente-hernan-arranz-participo-de-la-mesa-productiva-regional-en-patagones\/"},"author":{"name":"Editor","@id":"https:\/\/infopba247.com.ar\/#\/schema\/person\/4975f1343a413e57bf839b3eed0099f2"},"headline":"El intendente Hern\u00e1n Arranz particip\u00f3 de la Mesa Productiva Regional en Patagones","datePublished":"2026-02-11T16:54:58+00:00","dateModified":"2026-02-11T16:54:59+00:00","mainEntityOfPage":{"@id":"https:\/\/infopba247.com.ar\/index.php\/2026\/02\/11\/el-intendente-hernan-arranz-participo-de-la-mesa-productiva-regional-en-patagones\/"},"wordCount":380,"commentCount":0,"publisher":{"@id":"https:\/\/infopba247.com.ar\/#organization"},"image":{"@id":"https:\/\/infopba247.com.ar\/index.php\/2026\/02\/11\/el-intendente-hernan-arranz-participo-de-la-mesa-productiva-regional-en-patagones\/#primaryimage"},"thumbnailUrl":"https:\/\/infopba247.com.ar\/wp-content\/uploads\/2026\/02\/628454134_10236417538492135_2664531459938839955_n-800x445-1.jpg","articleSection":["6ta Secci\u00f3n","Destacadas","Pol\u00edtica"],"inLanguage":"es","potentialAction":[{"@type":"CommentAction","name":"Comment","target":["https:\/\/infopba247.com.ar\/index.php\/2026\/02\/11\/el-intendente-hernan-arranz-participo-de-la-mesa-productiva-regional-en-patagones\/#respond"]}]},{"@type":"WebPage","@id":"https:\/\/infopba247.com.ar\/index.php\/2026\/02\/11\/el-intendente-hernan-arranz-participo-de-la-mesa-productiva-regional-en-patagones\/","url":"https:\/\/infopba247.com.ar\/index.php\/2026\/02\/11\/el-intendente-hernan-arranz-participo-de-la-mesa-productiva-regional-en-patagones\/","name":"El intendente Hern\u00e1n Arranz particip\u00f3 de la Mesa Productiva Regional en Patagones - InfoPBA247","isPartOf":{"@id":"https:\/\/infopba247.com.ar\/#website"},"primaryImageOfPage":{"@id":"https:\/\/infopba247.com.ar\/index.php\/2026\/02\/11\/el-intendente-hernan-arranz-participo-de-la-mesa-productiva-regional-en-patagones\/#primaryimage"},"image":{"@id":"https:\/\/infopba247.com.ar\/index.php\/2026\/02\/11\/el-intendente-hernan-arranz-participo-de-la-mesa-productiva-regional-en-patagones\/#primaryimage"},"thumbnailUrl":"https:\/\/infopba247.com.ar\/wp-content\/uploads\/2026\/02\/628454134_10236417538492135_2664531459938839955_n-800x445-1.jpg","datePublished":"2026-02-11T16:54:58+00:00","dateModified":"2026-02-11T16:54:59+00:00","breadcrumb":{"@id":"https:\/\/infopba247.com.ar\/index.php\/2026\/02\/11\/el-intendente-hernan-arranz-participo-de-la-mesa-productiva-regional-en-patagones\/#breadcrumb"},"inLanguage":"es","potentialAction":[{"@type":"ReadAction","target":["https:\/\/infopba247.com.ar\/index.php\/2026\/02\/11\/el-intendente-hernan-arranz-participo-de-la-mesa-productiva-regional-en-patagones\/"]}]},{"@type":"ImageObject","inLanguage":"es","@id":"https:\/\/infopba247.com.ar\/index.php\/2026\/02\/11\/el-intendente-hernan-arranz-participo-de-la-mesa-productiva-regional-en-patagones\/#primaryimage","url":"https:\/\/infopba247.com.ar\/wp-content\/uploads\/2026\/02\/628454134_10236417538492135_2664531459938839955_n-800x445-1.jpg","contentUrl":"https:\/\/infopba247.com.ar\/wp-content\/uploads\/2026\/02\/628454134_10236417538492135_2664531459938839955_n-800x445-1.jpg","width":800,"height":445},{"@type":"BreadcrumbList","@id":"https:\/\/infopba247.com.ar\/index.php\/2026\/02\/11\/el-intendente-hernan-arranz-participo-de-la-mesa-productiva-regional-en-patagones\/#breadcrumb","itemListElement":[{"@type":"ListItem","position":1,"name":"Portada","item":"https:\/\/infopba247.com.ar\/"},{"@type":"ListItem","position":2,"name":"El intendente Hern\u00e1n Arranz particip\u00f3 de la Mesa Productiva Regional en Patagones"}]},{"@type":"WebSite","@id":"https:\/\/infopba247.com.ar\/#website","url":"https:\/\/infopba247.com.ar\/","name":"InfoPBA247","description":"Toda la actualidad bonaerense","publisher":{"@id":"https:\/\/infopba247.com.ar\/#organization"},"potentialAction":[{"@type":"SearchAction","target":{"@type":"EntryPoint","urlTemplate":"https:\/\/infopba247.com.ar\/?s={search_term_string}"},"query-input":{"@type":"PropertyValueSpecification","valueRequired":true,"valueName":"search_term_string"}}],"inLanguage":"es"},{"@type":"Organization","@id":"https:\/\/infopba247.com.ar\/#organization","name":"InfoPBA247","url":"https:\/\/infopba247.com.ar\/","logo":{"@type":"ImageObject","inLanguage":"es","@id":"https:\/\/infopba247.com.ar\/#\/schema\/logo\/image\/","url":"https:\/\/infopba247.com.ar\/wp-content\/uploads\/2022\/03\/cropped-InfoPBA247-1.png","contentUrl":"https:\/\/infopba247.com.ar\/wp-content\/uploads\/2022\/03\/cropped-InfoPBA247-1.png","width":500,"height":122,"caption":"InfoPBA247"},"image":{"@id":"https:\/\/infopba247.com.ar\/#\/schema\/logo\/image\/"},"sameAs":["https:\/\/www.facebook.com\/InfoPBA"]},{"@type":"Person","@id":"https:\/\/infopba247.com.ar\/#\/schema\/person\/4975f1343a413e57bf839b3eed0099f2","name":"Editor","image":{"@type":"ImageObject","inLanguage":"es","@id":"https:\/\/secure.gravatar.com\/avatar\/d27fe9520667ca53441d36627a1d6b0fa4a813571ec4803687a7a3a7744685ac?s=96&d=mm&r=g","url":"https:\/\/secure.gravatar.com\/avatar\/d27fe9520667ca53441d36627a1d6b0fa4a813571ec4803687a7a3a7744685ac?s=96&d=mm&r=g","contentUrl":"https:\/\/secure.gravatar.com\/avatar\/d27fe9520667ca53441d36627a1d6b0fa4a813571ec4803687a7a3a7744685ac?s=96&d=mm&r=g","caption":"Editor"},"url":"https:\/\/infopba247.com.ar\/index.php\/author\/editor\/"}]}},"_links":{"self":[{"href":"https:\/\/infopba247.com.ar\/index.php\/wp-json\/wp\/v2\/posts\/8983","targetHints":{"allow":["GET"]}}],"collection":[{"href":"https:\/\/infopba247.com.ar\/index.php\/wp-json\/wp\/v2\/posts"}],"about":[{"href":"https:\/\/infopba247.com.ar\/index.php\/wp-json\/wp\/v2\/types\/post"}],"author":[{"embeddable":true,"href":"https:\/\/infopba247.com.ar\/index.php\/wp-json\/wp\/v2\/users\/3"}],"replies":[{"embeddable":true,"href":"https:\/\/infopba247.com.ar\/index.php\/wp-json\/wp\/v2\/comments?post=8983"}],"version-history":[{"count":1,"href":"https:\/\/infopba247.com.ar\/index.php\/wp-json\/wp\/v2\/posts\/8983\/revisions"}],"predecessor-version":[{"id":8984,"href":"https:\/\/infopba247.com.ar\/index.php\/wp-json\/wp\/v2\/posts\/8983\/revisions\/8984"}],"wp:featuredmedia":[{"embeddable":true,"href":"https:\/\/infopba247.com.ar\/index.php\/wp-json\/wp\/v2\/media\/8974"}],"wp:attachment":[{"href":"https:\/\/infopba247.com.ar\/index.php\/wp-json\/wp\/v2\/media?parent=8983"}],"wp:term":[{"taxonomy":"category","embeddable":true,"href":"https:\/\/infopba247.com.ar\/index.php\/wp-json\/wp\/v2\/categories?post=8983"},{"taxonomy":"post_tag","embeddable":true,"href":"https:\/\/infopba247.com.ar\/index.php\/wp-json\/wp\/v2\/tags?post=8983"}],"curies":[{"name":"wp","href":"https:\/\/api.w.org\/{rel}","templated":true}]}}