{"id":8947,"date":"2026-02-05T14:19:42","date_gmt":"2026-02-05T17:19:42","guid":{"rendered":"https:\/\/infopba247.com.ar\/?p=8947"},"modified":"2026-02-05T14:19:43","modified_gmt":"2026-02-05T17:19:43","slug":"mas-de-7-mil-chicos-y-chicas-disfrutan-de-las-colonias-de-verano-de-la-provincia","status":"publish","type":"post","link":"https:\/\/infopba247.com.ar\/index.php\/2026\/02\/05\/mas-de-7-mil-chicos-y-chicas-disfrutan-de-las-colonias-de-verano-de-la-provincia\/","title":{"rendered":"M\u00e1s de 7 mil chicos y chicas disfrutan de las colonias de verano de la Provincia"},"content":{"rendered":"\n<p>La cartera que conduce el ministro Andr\u00e9s Larroque lleva adelante la iniciativa en articulaci\u00f3n con la Uni\u00f3n de Clubes Parroquiales.<\/p>\n\n\n\n<p>El gobierno de la Provincia de Buenos Aires contin\u00faa brindando en esta temporada estival una nutrida agenda de actividades gratuitas para toda la familia, entre las que se incluyen, las opciones que impulsa el Ministerio de Desarrollo de la Comunidad a trav\u00e9s de sus distintos organismos. En este marco, durante enero y febrero, se llevan adelante las Colonias de Verano en Comunidad, una iniciativa destinada a ni\u00f1as y ni\u00f1os que fomenta pr\u00e1cticas vinculadas al deporte, la vida al aire libre y la recreaci\u00f3n.<\/p>\n\n\n\n<p>De este modo, m\u00e1s de 7 mil chicos y chicas participan de esta propuesta que impulsa la cartera que conduce el ministro Andr\u00e9s Larroque, a trav\u00e9s de la Direcci\u00f3n Provincial de Juventudes, junto la Subsecretar\u00eda de Deportes y en articulaci\u00f3n con clubes de barrio y espacios comunitarios de La Matanza, San Miguel, Quilmes y Moreno. Las jornadas est\u00e1n acompa\u00f1adas de stands educativos e informativos y talleres.<\/p>\n\n\n\n<p>Verano en Comunidad ofrece adem\u00e1s, por intermedio de las \u00e1reas de Juventudes y Deportes, actividades en los Paradores RECREO de Villa Gesell y Miramar, con actividades recreativas, culturales y deportivas gratuitas para toda la familia, que incluyen torneos, clases abiertas, juegos, m\u00fasica en vivo, espacios de difusi\u00f3n y servicios provinciales.<\/p>\n\n\n\n<p>Asimismo, el Ministerio lleva adelante las jornadas de Organizar Comunidad, una propuesta que acerca tr\u00e1mites, servicios y programas del Gobierno de la provincia de Buenos Aires a los barrios, en articulaci\u00f3n con los gobiernos locales. Los d\u00edas 5 y 6 de febrero se realizar\u00e1 en Ensenada junto al municipio, y en los pr\u00f3ximos d\u00edas llegar\u00e1 tambi\u00e9n a los distritos de La Plata, San Miguel, Presidente Per\u00f3n, Almirante Brown y Mor\u00f3n.<\/p>\n\n\n\n<p>La agenda se completa con los Mercados de Productores Familiares Itinerantes, impulsado en el marco del programa Comprar en Comunidad. Estas ferias se desarrollan en distintos puntos de la Provincia y ofrecen alimentos y productos esenciales a precios populares, fortaleciendo el v\u00ednculo directo entre productores y consumidores, y promoviendo el acceso a una alimentaci\u00f3n de calidad. Para conocer el cronograma completo, se puede ingresar al sitio web del Ministerio: www.gba.gob.ar\/desarrollo_de_la_comunidad.<\/p>\n","protected":false},"excerpt":{"rendered":"<p>La cartera que conduce el ministro Andr\u00e9s Larroque lleva adelante la iniciativa en articulaci\u00f3n con la Uni\u00f3n de Clubes Parroquiales.<\/p>\n","protected":false},"author":3,"featured_media":8952,"comment_status":"open","ping_status":"open","sticky":false,"template":"","format":"standard","meta":{"colormag_page_container_layout":"default_layout","colormag_page_sidebar_layout":"default_layout","footnotes":""},"categories":[1,14],"tags":[],"class_list":["post-8947","post","type-post","status-publish","format-standard","has-post-thumbnail","hentry","category-destacadas","category-politica"],"yoast_head":"<!-- This site is optimized with the Yoast SEO plugin v27.4 - https:\/\/yoast.com\/product\/yoast-seo-wordpress\/ -->\n<title>M\u00e1s de 7 mil chicos y chicas disfrutan de las colonias de verano de la Provincia - InfoPBA247<\/title>\n<meta name=\"robots\" content=\"index, follow, max-snippet:-1, max-image-preview:large, max-video-preview:-1\" \/>\n<link rel=\"canonical\" href=\"https:\/\/infopba247.com.ar\/index.php\/2026\/02\/05\/mas-de-7-mil-chicos-y-chicas-disfrutan-de-las-colonias-de-verano-de-la-provincia\/\" \/>\n<meta property=\"og:locale\" content=\"es_ES\" \/>\n<meta property=\"og:type\" content=\"article\" \/>\n<meta property=\"og:title\" content=\"M\u00e1s de 7 mil chicos y chicas disfrutan de las colonias de verano de la Provincia - InfoPBA247\" \/>\n<meta property=\"og:description\" content=\"La cartera que conduce el ministro Andr\u00e9s Larroque lleva adelante la iniciativa en articulaci\u00f3n con la Uni\u00f3n de Clubes Parroquiales.\" \/>\n<meta property=\"og:url\" content=\"https:\/\/infopba247.com.ar\/index.php\/2026\/02\/05\/mas-de-7-mil-chicos-y-chicas-disfrutan-de-las-colonias-de-verano-de-la-provincia\/\" \/>\n<meta property=\"og:site_name\" content=\"InfoPBA247\" \/>\n<meta property=\"article:publisher\" content=\"https:\/\/www.facebook.com\/InfoPBA\" \/>\n<meta property=\"article:published_time\" content=\"2026-02-05T17:19:42+00:00\" \/>\n<meta property=\"article:modified_time\" content=\"2026-02-05T17:19:43+00:00\" \/>\n<meta property=\"og:image\" content=\"https:\/\/infopba247.com.ar\/wp-content\/uploads\/2026\/02\/unnamed-2026-02-05T135326.297.jpg\" \/>\n\t<meta property=\"og:image:width\" content=\"1280\" \/>\n\t<meta property=\"og:image:height\" content=\"854\" \/>\n\t<meta property=\"og:image:type\" content=\"image\/jpeg\" \/>\n<meta name=\"author\" content=\"Editor\" \/>\n<meta name=\"twitter:card\" content=\"summary_large_image\" \/>\n<meta name=\"twitter:label1\" content=\"Escrito por\" \/>\n\t<meta name=\"twitter:data1\" content=\"Editor\" \/>\n\t<meta name=\"twitter:label2\" content=\"Tiempo de lectura\" \/>\n\t<meta name=\"twitter:data2\" content=\"2 minutos\" \/>\n<script type=\"application\/ld+json\" class=\"yoast-schema-graph\">{\"@context\":\"https:\\\/\\\/schema.org\",\"@graph\":[{\"@type\":\"Article\",\"@id\":\"https:\\\/\\\/infopba247.com.ar\\\/index.php\\\/2026\\\/02\\\/05\\\/mas-de-7-mil-chicos-y-chicas-disfrutan-de-las-colonias-de-verano-de-la-provincia\\\/#article\",\"isPartOf\":{\"@id\":\"https:\\\/\\\/infopba247.com.ar\\\/index.php\\\/2026\\\/02\\\/05\\\/mas-de-7-mil-chicos-y-chicas-disfrutan-de-las-colonias-de-verano-de-la-provincia\\\/\"},\"author\":{\"name\":\"Editor\",\"@id\":\"https:\\\/\\\/infopba247.com.ar\\\/#\\\/schema\\\/person\\\/4975f1343a413e57bf839b3eed0099f2\"},\"headline\":\"M\u00e1s de 7 mil chicos y chicas disfrutan de las colonias de verano de la Provincia\",\"datePublished\":\"2026-02-05T17:19:42+00:00\",\"dateModified\":\"2026-02-05T17:19:43+00:00\",\"mainEntityOfPage\":{\"@id\":\"https:\\\/\\\/infopba247.com.ar\\\/index.php\\\/2026\\\/02\\\/05\\\/mas-de-7-mil-chicos-y-chicas-disfrutan-de-las-colonias-de-verano-de-la-provincia\\\/\"},\"wordCount\":409,\"commentCount\":0,\"publisher\":{\"@id\":\"https:\\\/\\\/infopba247.com.ar\\\/#organization\"},\"image\":{\"@id\":\"https:\\\/\\\/infopba247.com.ar\\\/index.php\\\/2026\\\/02\\\/05\\\/mas-de-7-mil-chicos-y-chicas-disfrutan-de-las-colonias-de-verano-de-la-provincia\\\/#primaryimage\"},\"thumbnailUrl\":\"https:\\\/\\\/infopba247.com.ar\\\/wp-content\\\/uploads\\\/2026\\\/02\\\/unnamed-2026-02-05T135326.297.jpg\",\"articleSection\":[\"Destacadas\",\"Pol\u00edtica\"],\"inLanguage\":\"es\",\"potentialAction\":[{\"@type\":\"CommentAction\",\"name\":\"Comment\",\"target\":[\"https:\\\/\\\/infopba247.com.ar\\\/index.php\\\/2026\\\/02\\\/05\\\/mas-de-7-mil-chicos-y-chicas-disfrutan-de-las-colonias-de-verano-de-la-provincia\\\/#respond\"]}]},{\"@type\":\"WebPage\",\"@id\":\"https:\\\/\\\/infopba247.com.ar\\\/index.php\\\/2026\\\/02\\\/05\\\/mas-de-7-mil-chicos-y-chicas-disfrutan-de-las-colonias-de-verano-de-la-provincia\\\/\",\"url\":\"https:\\\/\\\/infopba247.com.ar\\\/index.php\\\/2026\\\/02\\\/05\\\/mas-de-7-mil-chicos-y-chicas-disfrutan-de-las-colonias-de-verano-de-la-provincia\\\/\",\"name\":\"M\u00e1s de 7 mil chicos y chicas disfrutan de las colonias de verano de la Provincia - InfoPBA247\",\"isPartOf\":{\"@id\":\"https:\\\/\\\/infopba247.com.ar\\\/#website\"},\"primaryImageOfPage\":{\"@id\":\"https:\\\/\\\/infopba247.com.ar\\\/index.php\\\/2026\\\/02\\\/05\\\/mas-de-7-mil-chicos-y-chicas-disfrutan-de-las-colonias-de-verano-de-la-provincia\\\/#primaryimage\"},\"image\":{\"@id\":\"https:\\\/\\\/infopba247.com.ar\\\/index.php\\\/2026\\\/02\\\/05\\\/mas-de-7-mil-chicos-y-chicas-disfrutan-de-las-colonias-de-verano-de-la-provincia\\\/#primaryimage\"},\"thumbnailUrl\":\"https:\\\/\\\/infopba247.com.ar\\\/wp-content\\\/uploads\\\/2026\\\/02\\\/unnamed-2026-02-05T135326.297.jpg\",\"datePublished\":\"2026-02-05T17:19:42+00:00\",\"dateModified\":\"2026-02-05T17:19:43+00:00\",\"breadcrumb\":{\"@id\":\"https:\\\/\\\/infopba247.com.ar\\\/index.php\\\/2026\\\/02\\\/05\\\/mas-de-7-mil-chicos-y-chicas-disfrutan-de-las-colonias-de-verano-de-la-provincia\\\/#breadcrumb\"},\"inLanguage\":\"es\",\"potentialAction\":[{\"@type\":\"ReadAction\",\"target\":[\"https:\\\/\\\/infopba247.com.ar\\\/index.php\\\/2026\\\/02\\\/05\\\/mas-de-7-mil-chicos-y-chicas-disfrutan-de-las-colonias-de-verano-de-la-provincia\\\/\"]}]},{\"@type\":\"ImageObject\",\"inLanguage\":\"es\",\"@id\":\"https:\\\/\\\/infopba247.com.ar\\\/index.php\\\/2026\\\/02\\\/05\\\/mas-de-7-mil-chicos-y-chicas-disfrutan-de-las-colonias-de-verano-de-la-provincia\\\/#primaryimage\",\"url\":\"https:\\\/\\\/infopba247.com.ar\\\/wp-content\\\/uploads\\\/2026\\\/02\\\/unnamed-2026-02-05T135326.297.jpg\",\"contentUrl\":\"https:\\\/\\\/infopba247.com.ar\\\/wp-content\\\/uploads\\\/2026\\\/02\\\/unnamed-2026-02-05T135326.297.jpg\",\"width\":1280,\"height\":854},{\"@type\":\"BreadcrumbList\",\"@id\":\"https:\\\/\\\/infopba247.com.ar\\\/index.php\\\/2026\\\/02\\\/05\\\/mas-de-7-mil-chicos-y-chicas-disfrutan-de-las-colonias-de-verano-de-la-provincia\\\/#breadcrumb\",\"itemListElement\":[{\"@type\":\"ListItem\",\"position\":1,\"name\":\"Portada\",\"item\":\"https:\\\/\\\/infopba247.com.ar\\\/\"},{\"@type\":\"ListItem\",\"position\":2,\"name\":\"M\u00e1s de 7 mil chicos y chicas disfrutan de las colonias de verano de la Provincia\"}]},{\"@type\":\"WebSite\",\"@id\":\"https:\\\/\\\/infopba247.com.ar\\\/#website\",\"url\":\"https:\\\/\\\/infopba247.com.ar\\\/\",\"name\":\"InfoPBA247\",\"description\":\"Toda la actualidad bonaerense\",\"publisher\":{\"@id\":\"https:\\\/\\\/infopba247.com.ar\\\/#organization\"},\"potentialAction\":[{\"@type\":\"SearchAction\",\"target\":{\"@type\":\"EntryPoint\",\"urlTemplate\":\"https:\\\/\\\/infopba247.com.ar\\\/?s={search_term_string}\"},\"query-input\":{\"@type\":\"PropertyValueSpecification\",\"valueRequired\":true,\"valueName\":\"search_term_string\"}}],\"inLanguage\":\"es\"},{\"@type\":\"Organization\",\"@id\":\"https:\\\/\\\/infopba247.com.ar\\\/#organization\",\"name\":\"InfoPBA247\",\"url\":\"https:\\\/\\\/infopba247.com.ar\\\/\",\"logo\":{\"@type\":\"ImageObject\",\"inLanguage\":\"es\",\"@id\":\"https:\\\/\\\/infopba247.com.ar\\\/#\\\/schema\\\/logo\\\/image\\\/\",\"url\":\"https:\\\/\\\/infopba247.com.ar\\\/wp-content\\\/uploads\\\/2022\\\/03\\\/cropped-InfoPBA247-1.png\",\"contentUrl\":\"https:\\\/\\\/infopba247.com.ar\\\/wp-content\\\/uploads\\\/2022\\\/03\\\/cropped-InfoPBA247-1.png\",\"width\":500,\"height\":122,\"caption\":\"InfoPBA247\"},\"image\":{\"@id\":\"https:\\\/\\\/infopba247.com.ar\\\/#\\\/schema\\\/logo\\\/image\\\/\"},\"sameAs\":[\"https:\\\/\\\/www.facebook.com\\\/InfoPBA\"]},{\"@type\":\"Person\",\"@id\":\"https:\\\/\\\/infopba247.com.ar\\\/#\\\/schema\\\/person\\\/4975f1343a413e57bf839b3eed0099f2\",\"name\":\"Editor\",\"image\":{\"@type\":\"ImageObject\",\"inLanguage\":\"es\",\"@id\":\"https:\\\/\\\/secure.gravatar.com\\\/avatar\\\/d27fe9520667ca53441d36627a1d6b0fa4a813571ec4803687a7a3a7744685ac?s=96&d=mm&r=g\",\"url\":\"https:\\\/\\\/secure.gravatar.com\\\/avatar\\\/d27fe9520667ca53441d36627a1d6b0fa4a813571ec4803687a7a3a7744685ac?s=96&d=mm&r=g\",\"contentUrl\":\"https:\\\/\\\/secure.gravatar.com\\\/avatar\\\/d27fe9520667ca53441d36627a1d6b0fa4a813571ec4803687a7a3a7744685ac?s=96&d=mm&r=g\",\"caption\":\"Editor\"},\"url\":\"https:\\\/\\\/infopba247.com.ar\\\/index.php\\\/author\\\/editor\\\/\"}]}<\/script>\n<!-- \/ Yoast SEO plugin. -->","yoast_head_json":{"title":"M\u00e1s de 7 mil chicos y chicas disfrutan de las colonias de verano de la Provincia - InfoPBA247","robots":{"index":"index","follow":"follow","max-snippet":"max-snippet:-1","max-image-preview":"max-image-preview:large","max-video-preview":"max-video-preview:-1"},"canonical":"https:\/\/infopba247.com.ar\/index.php\/2026\/02\/05\/mas-de-7-mil-chicos-y-chicas-disfrutan-de-las-colonias-de-verano-de-la-provincia\/","og_locale":"es_ES","og_type":"article","og_title":"M\u00e1s de 7 mil chicos y chicas disfrutan de las colonias de verano de la Provincia - InfoPBA247","og_description":"La cartera que conduce el ministro Andr\u00e9s Larroque lleva adelante la iniciativa en articulaci\u00f3n con la Uni\u00f3n de Clubes Parroquiales.","og_url":"https:\/\/infopba247.com.ar\/index.php\/2026\/02\/05\/mas-de-7-mil-chicos-y-chicas-disfrutan-de-las-colonias-de-verano-de-la-provincia\/","og_site_name":"InfoPBA247","article_publisher":"https:\/\/www.facebook.com\/InfoPBA","article_published_time":"2026-02-05T17:19:42+00:00","article_modified_time":"2026-02-05T17:19:43+00:00","og_image":[{"width":1280,"height":854,"url":"https:\/\/infopba247.com.ar\/wp-content\/uploads\/2026\/02\/unnamed-2026-02-05T135326.297.jpg","type":"image\/jpeg"}],"author":"Editor","twitter_card":"summary_large_image","twitter_misc":{"Escrito por":"Editor","Tiempo de lectura":"2 minutos"},"schema":{"@context":"https:\/\/schema.org","@graph":[{"@type":"Article","@id":"https:\/\/infopba247.com.ar\/index.php\/2026\/02\/05\/mas-de-7-mil-chicos-y-chicas-disfrutan-de-las-colonias-de-verano-de-la-provincia\/#article","isPartOf":{"@id":"https:\/\/infopba247.com.ar\/index.php\/2026\/02\/05\/mas-de-7-mil-chicos-y-chicas-disfrutan-de-las-colonias-de-verano-de-la-provincia\/"},"author":{"name":"Editor","@id":"https:\/\/infopba247.com.ar\/#\/schema\/person\/4975f1343a413e57bf839b3eed0099f2"},"headline":"M\u00e1s de 7 mil chicos y chicas disfrutan de las colonias de verano de la Provincia","datePublished":"2026-02-05T17:19:42+00:00","dateModified":"2026-02-05T17:19:43+00:00","mainEntityOfPage":{"@id":"https:\/\/infopba247.com.ar\/index.php\/2026\/02\/05\/mas-de-7-mil-chicos-y-chicas-disfrutan-de-las-colonias-de-verano-de-la-provincia\/"},"wordCount":409,"commentCount":0,"publisher":{"@id":"https:\/\/infopba247.com.ar\/#organization"},"image":{"@id":"https:\/\/infopba247.com.ar\/index.php\/2026\/02\/05\/mas-de-7-mil-chicos-y-chicas-disfrutan-de-las-colonias-de-verano-de-la-provincia\/#primaryimage"},"thumbnailUrl":"https:\/\/infopba247.com.ar\/wp-content\/uploads\/2026\/02\/unnamed-2026-02-05T135326.297.jpg","articleSection":["Destacadas","Pol\u00edtica"],"inLanguage":"es","potentialAction":[{"@type":"CommentAction","name":"Comment","target":["https:\/\/infopba247.com.ar\/index.php\/2026\/02\/05\/mas-de-7-mil-chicos-y-chicas-disfrutan-de-las-colonias-de-verano-de-la-provincia\/#respond"]}]},{"@type":"WebPage","@id":"https:\/\/infopba247.com.ar\/index.php\/2026\/02\/05\/mas-de-7-mil-chicos-y-chicas-disfrutan-de-las-colonias-de-verano-de-la-provincia\/","url":"https:\/\/infopba247.com.ar\/index.php\/2026\/02\/05\/mas-de-7-mil-chicos-y-chicas-disfrutan-de-las-colonias-de-verano-de-la-provincia\/","name":"M\u00e1s de 7 mil chicos y chicas disfrutan de las colonias de verano de la Provincia - InfoPBA247","isPartOf":{"@id":"https:\/\/infopba247.com.ar\/#website"},"primaryImageOfPage":{"@id":"https:\/\/infopba247.com.ar\/index.php\/2026\/02\/05\/mas-de-7-mil-chicos-y-chicas-disfrutan-de-las-colonias-de-verano-de-la-provincia\/#primaryimage"},"image":{"@id":"https:\/\/infopba247.com.ar\/index.php\/2026\/02\/05\/mas-de-7-mil-chicos-y-chicas-disfrutan-de-las-colonias-de-verano-de-la-provincia\/#primaryimage"},"thumbnailUrl":"https:\/\/infopba247.com.ar\/wp-content\/uploads\/2026\/02\/unnamed-2026-02-05T135326.297.jpg","datePublished":"2026-02-05T17:19:42+00:00","dateModified":"2026-02-05T17:19:43+00:00","breadcrumb":{"@id":"https:\/\/infopba247.com.ar\/index.php\/2026\/02\/05\/mas-de-7-mil-chicos-y-chicas-disfrutan-de-las-colonias-de-verano-de-la-provincia\/#breadcrumb"},"inLanguage":"es","potentialAction":[{"@type":"ReadAction","target":["https:\/\/infopba247.com.ar\/index.php\/2026\/02\/05\/mas-de-7-mil-chicos-y-chicas-disfrutan-de-las-colonias-de-verano-de-la-provincia\/"]}]},{"@type":"ImageObject","inLanguage":"es","@id":"https:\/\/infopba247.com.ar\/index.php\/2026\/02\/05\/mas-de-7-mil-chicos-y-chicas-disfrutan-de-las-colonias-de-verano-de-la-provincia\/#primaryimage","url":"https:\/\/infopba247.com.ar\/wp-content\/uploads\/2026\/02\/unnamed-2026-02-05T135326.297.jpg","contentUrl":"https:\/\/infopba247.com.ar\/wp-content\/uploads\/2026\/02\/unnamed-2026-02-05T135326.297.jpg","width":1280,"height":854},{"@type":"BreadcrumbList","@id":"https:\/\/infopba247.com.ar\/index.php\/2026\/02\/05\/mas-de-7-mil-chicos-y-chicas-disfrutan-de-las-colonias-de-verano-de-la-provincia\/#breadcrumb","itemListElement":[{"@type":"ListItem","position":1,"name":"Portada","item":"https:\/\/infopba247.com.ar\/"},{"@type":"ListItem","position":2,"name":"M\u00e1s de 7 mil chicos y chicas disfrutan de las colonias de verano de la Provincia"}]},{"@type":"WebSite","@id":"https:\/\/infopba247.com.ar\/#website","url":"https:\/\/infopba247.com.ar\/","name":"InfoPBA247","description":"Toda la actualidad bonaerense","publisher":{"@id":"https:\/\/infopba247.com.ar\/#organization"},"potentialAction":[{"@type":"SearchAction","target":{"@type":"EntryPoint","urlTemplate":"https:\/\/infopba247.com.ar\/?s={search_term_string}"},"query-input":{"@type":"PropertyValueSpecification","valueRequired":true,"valueName":"search_term_string"}}],"inLanguage":"es"},{"@type":"Organization","@id":"https:\/\/infopba247.com.ar\/#organization","name":"InfoPBA247","url":"https:\/\/infopba247.com.ar\/","logo":{"@type":"ImageObject","inLanguage":"es","@id":"https:\/\/infopba247.com.ar\/#\/schema\/logo\/image\/","url":"https:\/\/infopba247.com.ar\/wp-content\/uploads\/2022\/03\/cropped-InfoPBA247-1.png","contentUrl":"https:\/\/infopba247.com.ar\/wp-content\/uploads\/2022\/03\/cropped-InfoPBA247-1.png","width":500,"height":122,"caption":"InfoPBA247"},"image":{"@id":"https:\/\/infopba247.com.ar\/#\/schema\/logo\/image\/"},"sameAs":["https:\/\/www.facebook.com\/InfoPBA"]},{"@type":"Person","@id":"https:\/\/infopba247.com.ar\/#\/schema\/person\/4975f1343a413e57bf839b3eed0099f2","name":"Editor","image":{"@type":"ImageObject","inLanguage":"es","@id":"https:\/\/secure.gravatar.com\/avatar\/d27fe9520667ca53441d36627a1d6b0fa4a813571ec4803687a7a3a7744685ac?s=96&d=mm&r=g","url":"https:\/\/secure.gravatar.com\/avatar\/d27fe9520667ca53441d36627a1d6b0fa4a813571ec4803687a7a3a7744685ac?s=96&d=mm&r=g","contentUrl":"https:\/\/secure.gravatar.com\/avatar\/d27fe9520667ca53441d36627a1d6b0fa4a813571ec4803687a7a3a7744685ac?s=96&d=mm&r=g","caption":"Editor"},"url":"https:\/\/infopba247.com.ar\/index.php\/author\/editor\/"}]}},"_links":{"self":[{"href":"https:\/\/infopba247.com.ar\/index.php\/wp-json\/wp\/v2\/posts\/8947","targetHints":{"allow":["GET"]}}],"collection":[{"href":"https:\/\/infopba247.com.ar\/index.php\/wp-json\/wp\/v2\/posts"}],"about":[{"href":"https:\/\/infopba247.com.ar\/index.php\/wp-json\/wp\/v2\/types\/post"}],"author":[{"embeddable":true,"href":"https:\/\/infopba247.com.ar\/index.php\/wp-json\/wp\/v2\/users\/3"}],"replies":[{"embeddable":true,"href":"https:\/\/infopba247.com.ar\/index.php\/wp-json\/wp\/v2\/comments?post=8947"}],"version-history":[{"count":1,"href":"https:\/\/infopba247.com.ar\/index.php\/wp-json\/wp\/v2\/posts\/8947\/revisions"}],"predecessor-version":[{"id":8953,"href":"https:\/\/infopba247.com.ar\/index.php\/wp-json\/wp\/v2\/posts\/8947\/revisions\/8953"}],"wp:featuredmedia":[{"embeddable":true,"href":"https:\/\/infopba247.com.ar\/index.php\/wp-json\/wp\/v2\/media\/8952"}],"wp:attachment":[{"href":"https:\/\/infopba247.com.ar\/index.php\/wp-json\/wp\/v2\/media?parent=8947"}],"wp:term":[{"taxonomy":"category","embeddable":true,"href":"https:\/\/infopba247.com.ar\/index.php\/wp-json\/wp\/v2\/categories?post=8947"},{"taxonomy":"post_tag","embeddable":true,"href":"https:\/\/infopba247.com.ar\/index.php\/wp-json\/wp\/v2\/tags?post=8947"}],"curies":[{"name":"wp","href":"https:\/\/api.w.org\/{rel}","templated":true}]}}