{"id":8924,"date":"2026-02-03T14:30:25","date_gmt":"2026-02-03T17:30:25","guid":{"rendered":"https:\/\/infopba247.com.ar\/?p=8924"},"modified":"2026-02-03T14:30:27","modified_gmt":"2026-02-03T17:30:27","slug":"alak-y-correa-participaron-del-cierre-local-de-una-iniciativa-de-prevencion-contra-el-trabajo-infantil","status":"publish","type":"post","link":"https:\/\/infopba247.com.ar\/index.php\/2026\/02\/03\/alak-y-correa-participaron-del-cierre-local-de-una-iniciativa-de-prevencion-contra-el-trabajo-infantil\/","title":{"rendered":"Alak y Correa participaron del cierre local de una iniciativa de prevenci\u00f3n contra el trabajo infantil"},"content":{"rendered":"\n<p>El programa continuar\u00e1 por otros municipios, promoviendo espacios de recreaci\u00f3n y aprendizaje para chicos y chicas de distintos puntos del territorio bonaerense.<\/p>\n\n\n\n<p>El intendente de La Plata, Julio Alak, y el ministro de Trabajo bonaerense, Walter Correa, participaron del \u00faltimo d\u00eda del programa Vacaciones sin trabajo infantil en la Rep\u00fablica de los Ni\u00f1os.<\/p>\n\n\n\n<p>La pol\u00edtica p\u00fablica, impulsada por la cartera bonaerense a trav\u00e9s de la Comisi\u00f3n Provincial para la Prevenci\u00f3n y Erradicaci\u00f3n del Trabajo Infantil (COPRETI), propone actividades recreativas y educativas destinadas a ni\u00f1os, ni\u00f1as y adolescentes en situaci\u00f3n de vulnerabilidad.<\/p>\n\n\n\n<p>\u201cEstas iniciativas son fundamentales para que nuestros chicos y chicas puedan disfrutar de un receso con derechos, aprendizaje y recreaci\u00f3n. Desde el Estado vamos a seguir trabajando para prevenir el trabajo infantil y acompa\u00f1ar a las familias que m\u00e1s lo necesitan\u201d, sostuvo Alak.<\/p>\n\n\n\n<p>Por su parte, el ministro expres\u00f3: \u201cComo dijo el general Per\u00f3n hace ocho d\u00e9cadas: en la Nueva Argentina los \u00fanicos privilegiados son los ni\u00f1os\u201d. Y a\u00f1adi\u00f3 que \u201cel peronismo consagr\u00f3 los derechos de la ni\u00f1ez y la ancianidad en la Constituci\u00f3n de 1949, y pese a los intentos de desmantelarla impulsados por los odiadores del pueblo, ese legado sigue siendo un mandato hist\u00f3rico que nos impulsa a construir un futuro m\u00e1s justo\u201d.<\/p>\n\n\n\n<p>Cada contingente est\u00e1 integrado por chicos y chicas provenientes de los nodos COPRETI, donde se implementan pol\u00edticas de lucha contra el trabajo infantil y de protecci\u00f3n del trabajo adolescente. Las jornadas son coordinadas por profesores de educaci\u00f3n f\u00edsica y asistentes sociales.<\/p>\n\n\n\n<p>Adem\u00e1s, los grupos cuentan con el acompa\u00f1amiento de adultos referentes de cada comunidad y el Ministerio de Desarrollo Social colabora garantizando el transporte, mientras que el Ministerio de Salud dispone de una posta sanitaria para la atenci\u00f3n ante eventuales asistencias m\u00e9dicas.<\/p>\n\n\n\n<p>Durante enero, arribaron al predio de Gonnet contingentes provenientes de La Plata, Florencio Varela, Guernica, Almirante Brown, La Matanza, Lan\u00fas, Merlo, Lomas de Zamora, Moreno, Brandsen, Ensenada, Punta Indio, San Vicente, San Mart\u00edn, Esteban Echeverr\u00eda y Berazategui.<\/p>\n","protected":false},"excerpt":{"rendered":"<p>El programa continuar\u00e1 por otros municipios, promoviendo espacios de recreaci\u00f3n y aprendizaje para chicos y chicas de distintos puntos del<\/p>\n","protected":false},"author":3,"featured_media":8920,"comment_status":"open","ping_status":"open","sticky":false,"template":"","format":"standard","meta":{"colormag_page_container_layout":"default_layout","colormag_page_sidebar_layout":"default_layout","footnotes":""},"categories":[12,1,14],"tags":[],"class_list":["post-8924","post","type-post","status-publish","format-standard","has-post-thumbnail","hentry","category-8va-seccion","category-destacadas","category-politica"],"yoast_head":"<!-- This site is optimized with the Yoast SEO plugin v27.5 - https:\/\/yoast.com\/product\/yoast-seo-wordpress\/ -->\n<title>Alak y Correa participaron del cierre local de una iniciativa de prevenci\u00f3n contra el trabajo infantil - InfoPBA247<\/title>\n<meta name=\"robots\" content=\"index, follow, max-snippet:-1, max-image-preview:large, max-video-preview:-1\" \/>\n<link rel=\"canonical\" href=\"https:\/\/infopba247.com.ar\/index.php\/2026\/02\/03\/alak-y-correa-participaron-del-cierre-local-de-una-iniciativa-de-prevencion-contra-el-trabajo-infantil\/\" \/>\n<meta property=\"og:locale\" content=\"es_ES\" \/>\n<meta property=\"og:type\" content=\"article\" \/>\n<meta property=\"og:title\" content=\"Alak y Correa participaron del cierre local de una iniciativa de prevenci\u00f3n contra el trabajo infantil - InfoPBA247\" \/>\n<meta property=\"og:description\" content=\"El programa continuar\u00e1 por otros municipios, promoviendo espacios de recreaci\u00f3n y aprendizaje para chicos y chicas de distintos puntos del\" \/>\n<meta property=\"og:url\" content=\"https:\/\/infopba247.com.ar\/index.php\/2026\/02\/03\/alak-y-correa-participaron-del-cierre-local-de-una-iniciativa-de-prevencion-contra-el-trabajo-infantil\/\" \/>\n<meta property=\"og:site_name\" content=\"InfoPBA247\" \/>\n<meta property=\"article:publisher\" content=\"https:\/\/www.facebook.com\/InfoPBA\" \/>\n<meta property=\"article:published_time\" content=\"2026-02-03T17:30:25+00:00\" \/>\n<meta property=\"article:modified_time\" content=\"2026-02-03T17:30:27+00:00\" \/>\n<meta property=\"og:image\" content=\"https:\/\/infopba247.com.ar\/wp-content\/uploads\/2026\/02\/unnamed-2026-02-03T140325.477.jpg\" \/>\n\t<meta property=\"og:image:width\" content=\"903\" \/>\n\t<meta property=\"og:image:height\" content=\"603\" \/>\n\t<meta property=\"og:image:type\" content=\"image\/jpeg\" \/>\n<meta name=\"author\" content=\"Editor\" \/>\n<meta name=\"twitter:card\" content=\"summary_large_image\" \/>\n<meta name=\"twitter:label1\" content=\"Escrito por\" \/>\n\t<meta name=\"twitter:data1\" content=\"Editor\" \/>\n\t<meta name=\"twitter:label2\" content=\"Tiempo de lectura\" \/>\n\t<meta name=\"twitter:data2\" content=\"2 minutos\" \/>\n<script type=\"application\/ld+json\" class=\"yoast-schema-graph\">{\"@context\":\"https:\\\/\\\/schema.org\",\"@graph\":[{\"@type\":\"Article\",\"@id\":\"https:\\\/\\\/infopba247.com.ar\\\/index.php\\\/2026\\\/02\\\/03\\\/alak-y-correa-participaron-del-cierre-local-de-una-iniciativa-de-prevencion-contra-el-trabajo-infantil\\\/#article\",\"isPartOf\":{\"@id\":\"https:\\\/\\\/infopba247.com.ar\\\/index.php\\\/2026\\\/02\\\/03\\\/alak-y-correa-participaron-del-cierre-local-de-una-iniciativa-de-prevencion-contra-el-trabajo-infantil\\\/\"},\"author\":{\"name\":\"Editor\",\"@id\":\"https:\\\/\\\/infopba247.com.ar\\\/#\\\/schema\\\/person\\\/4975f1343a413e57bf839b3eed0099f2\"},\"headline\":\"Alak y Correa participaron del cierre local de una iniciativa de prevenci\u00f3n contra el trabajo infantil\",\"datePublished\":\"2026-02-03T17:30:25+00:00\",\"dateModified\":\"2026-02-03T17:30:27+00:00\",\"mainEntityOfPage\":{\"@id\":\"https:\\\/\\\/infopba247.com.ar\\\/index.php\\\/2026\\\/02\\\/03\\\/alak-y-correa-participaron-del-cierre-local-de-una-iniciativa-de-prevencion-contra-el-trabajo-infantil\\\/\"},\"wordCount\":376,\"commentCount\":0,\"publisher\":{\"@id\":\"https:\\\/\\\/infopba247.com.ar\\\/#organization\"},\"image\":{\"@id\":\"https:\\\/\\\/infopba247.com.ar\\\/index.php\\\/2026\\\/02\\\/03\\\/alak-y-correa-participaron-del-cierre-local-de-una-iniciativa-de-prevencion-contra-el-trabajo-infantil\\\/#primaryimage\"},\"thumbnailUrl\":\"https:\\\/\\\/infopba247.com.ar\\\/wp-content\\\/uploads\\\/2026\\\/02\\\/unnamed-2026-02-03T140325.477.jpg\",\"articleSection\":[\"8va Secci\u00f3n\",\"Destacadas\",\"Pol\u00edtica\"],\"inLanguage\":\"es\",\"potentialAction\":[{\"@type\":\"CommentAction\",\"name\":\"Comment\",\"target\":[\"https:\\\/\\\/infopba247.com.ar\\\/index.php\\\/2026\\\/02\\\/03\\\/alak-y-correa-participaron-del-cierre-local-de-una-iniciativa-de-prevencion-contra-el-trabajo-infantil\\\/#respond\"]}]},{\"@type\":\"WebPage\",\"@id\":\"https:\\\/\\\/infopba247.com.ar\\\/index.php\\\/2026\\\/02\\\/03\\\/alak-y-correa-participaron-del-cierre-local-de-una-iniciativa-de-prevencion-contra-el-trabajo-infantil\\\/\",\"url\":\"https:\\\/\\\/infopba247.com.ar\\\/index.php\\\/2026\\\/02\\\/03\\\/alak-y-correa-participaron-del-cierre-local-de-una-iniciativa-de-prevencion-contra-el-trabajo-infantil\\\/\",\"name\":\"Alak y Correa participaron del cierre local de una iniciativa de prevenci\u00f3n contra el trabajo infantil - InfoPBA247\",\"isPartOf\":{\"@id\":\"https:\\\/\\\/infopba247.com.ar\\\/#website\"},\"primaryImageOfPage\":{\"@id\":\"https:\\\/\\\/infopba247.com.ar\\\/index.php\\\/2026\\\/02\\\/03\\\/alak-y-correa-participaron-del-cierre-local-de-una-iniciativa-de-prevencion-contra-el-trabajo-infantil\\\/#primaryimage\"},\"image\":{\"@id\":\"https:\\\/\\\/infopba247.com.ar\\\/index.php\\\/2026\\\/02\\\/03\\\/alak-y-correa-participaron-del-cierre-local-de-una-iniciativa-de-prevencion-contra-el-trabajo-infantil\\\/#primaryimage\"},\"thumbnailUrl\":\"https:\\\/\\\/infopba247.com.ar\\\/wp-content\\\/uploads\\\/2026\\\/02\\\/unnamed-2026-02-03T140325.477.jpg\",\"datePublished\":\"2026-02-03T17:30:25+00:00\",\"dateModified\":\"2026-02-03T17:30:27+00:00\",\"breadcrumb\":{\"@id\":\"https:\\\/\\\/infopba247.com.ar\\\/index.php\\\/2026\\\/02\\\/03\\\/alak-y-correa-participaron-del-cierre-local-de-una-iniciativa-de-prevencion-contra-el-trabajo-infantil\\\/#breadcrumb\"},\"inLanguage\":\"es\",\"potentialAction\":[{\"@type\":\"ReadAction\",\"target\":[\"https:\\\/\\\/infopba247.com.ar\\\/index.php\\\/2026\\\/02\\\/03\\\/alak-y-correa-participaron-del-cierre-local-de-una-iniciativa-de-prevencion-contra-el-trabajo-infantil\\\/\"]}]},{\"@type\":\"ImageObject\",\"inLanguage\":\"es\",\"@id\":\"https:\\\/\\\/infopba247.com.ar\\\/index.php\\\/2026\\\/02\\\/03\\\/alak-y-correa-participaron-del-cierre-local-de-una-iniciativa-de-prevencion-contra-el-trabajo-infantil\\\/#primaryimage\",\"url\":\"https:\\\/\\\/infopba247.com.ar\\\/wp-content\\\/uploads\\\/2026\\\/02\\\/unnamed-2026-02-03T140325.477.jpg\",\"contentUrl\":\"https:\\\/\\\/infopba247.com.ar\\\/wp-content\\\/uploads\\\/2026\\\/02\\\/unnamed-2026-02-03T140325.477.jpg\",\"width\":903,\"height\":603},{\"@type\":\"BreadcrumbList\",\"@id\":\"https:\\\/\\\/infopba247.com.ar\\\/index.php\\\/2026\\\/02\\\/03\\\/alak-y-correa-participaron-del-cierre-local-de-una-iniciativa-de-prevencion-contra-el-trabajo-infantil\\\/#breadcrumb\",\"itemListElement\":[{\"@type\":\"ListItem\",\"position\":1,\"name\":\"Portada\",\"item\":\"https:\\\/\\\/infopba247.com.ar\\\/\"},{\"@type\":\"ListItem\",\"position\":2,\"name\":\"Alak y Correa participaron del cierre local de una iniciativa de prevenci\u00f3n contra el trabajo infantil\"}]},{\"@type\":\"WebSite\",\"@id\":\"https:\\\/\\\/infopba247.com.ar\\\/#website\",\"url\":\"https:\\\/\\\/infopba247.com.ar\\\/\",\"name\":\"InfoPBA247\",\"description\":\"Toda la actualidad bonaerense\",\"publisher\":{\"@id\":\"https:\\\/\\\/infopba247.com.ar\\\/#organization\"},\"potentialAction\":[{\"@type\":\"SearchAction\",\"target\":{\"@type\":\"EntryPoint\",\"urlTemplate\":\"https:\\\/\\\/infopba247.com.ar\\\/?s={search_term_string}\"},\"query-input\":{\"@type\":\"PropertyValueSpecification\",\"valueRequired\":true,\"valueName\":\"search_term_string\"}}],\"inLanguage\":\"es\"},{\"@type\":\"Organization\",\"@id\":\"https:\\\/\\\/infopba247.com.ar\\\/#organization\",\"name\":\"InfoPBA247\",\"url\":\"https:\\\/\\\/infopba247.com.ar\\\/\",\"logo\":{\"@type\":\"ImageObject\",\"inLanguage\":\"es\",\"@id\":\"https:\\\/\\\/infopba247.com.ar\\\/#\\\/schema\\\/logo\\\/image\\\/\",\"url\":\"https:\\\/\\\/infopba247.com.ar\\\/wp-content\\\/uploads\\\/2022\\\/03\\\/cropped-InfoPBA247-1.png\",\"contentUrl\":\"https:\\\/\\\/infopba247.com.ar\\\/wp-content\\\/uploads\\\/2022\\\/03\\\/cropped-InfoPBA247-1.png\",\"width\":500,\"height\":122,\"caption\":\"InfoPBA247\"},\"image\":{\"@id\":\"https:\\\/\\\/infopba247.com.ar\\\/#\\\/schema\\\/logo\\\/image\\\/\"},\"sameAs\":[\"https:\\\/\\\/www.facebook.com\\\/InfoPBA\"]},{\"@type\":\"Person\",\"@id\":\"https:\\\/\\\/infopba247.com.ar\\\/#\\\/schema\\\/person\\\/4975f1343a413e57bf839b3eed0099f2\",\"name\":\"Editor\",\"image\":{\"@type\":\"ImageObject\",\"inLanguage\":\"es\",\"@id\":\"https:\\\/\\\/secure.gravatar.com\\\/avatar\\\/d27fe9520667ca53441d36627a1d6b0fa4a813571ec4803687a7a3a7744685ac?s=96&d=mm&r=g\",\"url\":\"https:\\\/\\\/secure.gravatar.com\\\/avatar\\\/d27fe9520667ca53441d36627a1d6b0fa4a813571ec4803687a7a3a7744685ac?s=96&d=mm&r=g\",\"contentUrl\":\"https:\\\/\\\/secure.gravatar.com\\\/avatar\\\/d27fe9520667ca53441d36627a1d6b0fa4a813571ec4803687a7a3a7744685ac?s=96&d=mm&r=g\",\"caption\":\"Editor\"},\"url\":\"https:\\\/\\\/infopba247.com.ar\\\/index.php\\\/author\\\/editor\\\/\"}]}<\/script>\n<!-- \/ Yoast SEO plugin. -->","yoast_head_json":{"title":"Alak y Correa participaron del cierre local de una iniciativa de prevenci\u00f3n contra el trabajo infantil - InfoPBA247","robots":{"index":"index","follow":"follow","max-snippet":"max-snippet:-1","max-image-preview":"max-image-preview:large","max-video-preview":"max-video-preview:-1"},"canonical":"https:\/\/infopba247.com.ar\/index.php\/2026\/02\/03\/alak-y-correa-participaron-del-cierre-local-de-una-iniciativa-de-prevencion-contra-el-trabajo-infantil\/","og_locale":"es_ES","og_type":"article","og_title":"Alak y Correa participaron del cierre local de una iniciativa de prevenci\u00f3n contra el trabajo infantil - InfoPBA247","og_description":"El programa continuar\u00e1 por otros municipios, promoviendo espacios de recreaci\u00f3n y aprendizaje para chicos y chicas de distintos puntos del","og_url":"https:\/\/infopba247.com.ar\/index.php\/2026\/02\/03\/alak-y-correa-participaron-del-cierre-local-de-una-iniciativa-de-prevencion-contra-el-trabajo-infantil\/","og_site_name":"InfoPBA247","article_publisher":"https:\/\/www.facebook.com\/InfoPBA","article_published_time":"2026-02-03T17:30:25+00:00","article_modified_time":"2026-02-03T17:30:27+00:00","og_image":[{"width":903,"height":603,"url":"https:\/\/infopba247.com.ar\/wp-content\/uploads\/2026\/02\/unnamed-2026-02-03T140325.477.jpg","type":"image\/jpeg"}],"author":"Editor","twitter_card":"summary_large_image","twitter_misc":{"Escrito por":"Editor","Tiempo de lectura":"2 minutos"},"schema":{"@context":"https:\/\/schema.org","@graph":[{"@type":"Article","@id":"https:\/\/infopba247.com.ar\/index.php\/2026\/02\/03\/alak-y-correa-participaron-del-cierre-local-de-una-iniciativa-de-prevencion-contra-el-trabajo-infantil\/#article","isPartOf":{"@id":"https:\/\/infopba247.com.ar\/index.php\/2026\/02\/03\/alak-y-correa-participaron-del-cierre-local-de-una-iniciativa-de-prevencion-contra-el-trabajo-infantil\/"},"author":{"name":"Editor","@id":"https:\/\/infopba247.com.ar\/#\/schema\/person\/4975f1343a413e57bf839b3eed0099f2"},"headline":"Alak y Correa participaron del cierre local de una iniciativa de prevenci\u00f3n contra el trabajo infantil","datePublished":"2026-02-03T17:30:25+00:00","dateModified":"2026-02-03T17:30:27+00:00","mainEntityOfPage":{"@id":"https:\/\/infopba247.com.ar\/index.php\/2026\/02\/03\/alak-y-correa-participaron-del-cierre-local-de-una-iniciativa-de-prevencion-contra-el-trabajo-infantil\/"},"wordCount":376,"commentCount":0,"publisher":{"@id":"https:\/\/infopba247.com.ar\/#organization"},"image":{"@id":"https:\/\/infopba247.com.ar\/index.php\/2026\/02\/03\/alak-y-correa-participaron-del-cierre-local-de-una-iniciativa-de-prevencion-contra-el-trabajo-infantil\/#primaryimage"},"thumbnailUrl":"https:\/\/infopba247.com.ar\/wp-content\/uploads\/2026\/02\/unnamed-2026-02-03T140325.477.jpg","articleSection":["8va Secci\u00f3n","Destacadas","Pol\u00edtica"],"inLanguage":"es","potentialAction":[{"@type":"CommentAction","name":"Comment","target":["https:\/\/infopba247.com.ar\/index.php\/2026\/02\/03\/alak-y-correa-participaron-del-cierre-local-de-una-iniciativa-de-prevencion-contra-el-trabajo-infantil\/#respond"]}]},{"@type":"WebPage","@id":"https:\/\/infopba247.com.ar\/index.php\/2026\/02\/03\/alak-y-correa-participaron-del-cierre-local-de-una-iniciativa-de-prevencion-contra-el-trabajo-infantil\/","url":"https:\/\/infopba247.com.ar\/index.php\/2026\/02\/03\/alak-y-correa-participaron-del-cierre-local-de-una-iniciativa-de-prevencion-contra-el-trabajo-infantil\/","name":"Alak y Correa participaron del cierre local de una iniciativa de prevenci\u00f3n contra el trabajo infantil - InfoPBA247","isPartOf":{"@id":"https:\/\/infopba247.com.ar\/#website"},"primaryImageOfPage":{"@id":"https:\/\/infopba247.com.ar\/index.php\/2026\/02\/03\/alak-y-correa-participaron-del-cierre-local-de-una-iniciativa-de-prevencion-contra-el-trabajo-infantil\/#primaryimage"},"image":{"@id":"https:\/\/infopba247.com.ar\/index.php\/2026\/02\/03\/alak-y-correa-participaron-del-cierre-local-de-una-iniciativa-de-prevencion-contra-el-trabajo-infantil\/#primaryimage"},"thumbnailUrl":"https:\/\/infopba247.com.ar\/wp-content\/uploads\/2026\/02\/unnamed-2026-02-03T140325.477.jpg","datePublished":"2026-02-03T17:30:25+00:00","dateModified":"2026-02-03T17:30:27+00:00","breadcrumb":{"@id":"https:\/\/infopba247.com.ar\/index.php\/2026\/02\/03\/alak-y-correa-participaron-del-cierre-local-de-una-iniciativa-de-prevencion-contra-el-trabajo-infantil\/#breadcrumb"},"inLanguage":"es","potentialAction":[{"@type":"ReadAction","target":["https:\/\/infopba247.com.ar\/index.php\/2026\/02\/03\/alak-y-correa-participaron-del-cierre-local-de-una-iniciativa-de-prevencion-contra-el-trabajo-infantil\/"]}]},{"@type":"ImageObject","inLanguage":"es","@id":"https:\/\/infopba247.com.ar\/index.php\/2026\/02\/03\/alak-y-correa-participaron-del-cierre-local-de-una-iniciativa-de-prevencion-contra-el-trabajo-infantil\/#primaryimage","url":"https:\/\/infopba247.com.ar\/wp-content\/uploads\/2026\/02\/unnamed-2026-02-03T140325.477.jpg","contentUrl":"https:\/\/infopba247.com.ar\/wp-content\/uploads\/2026\/02\/unnamed-2026-02-03T140325.477.jpg","width":903,"height":603},{"@type":"BreadcrumbList","@id":"https:\/\/infopba247.com.ar\/index.php\/2026\/02\/03\/alak-y-correa-participaron-del-cierre-local-de-una-iniciativa-de-prevencion-contra-el-trabajo-infantil\/#breadcrumb","itemListElement":[{"@type":"ListItem","position":1,"name":"Portada","item":"https:\/\/infopba247.com.ar\/"},{"@type":"ListItem","position":2,"name":"Alak y Correa participaron del cierre local de una iniciativa de prevenci\u00f3n contra el trabajo infantil"}]},{"@type":"WebSite","@id":"https:\/\/infopba247.com.ar\/#website","url":"https:\/\/infopba247.com.ar\/","name":"InfoPBA247","description":"Toda la actualidad bonaerense","publisher":{"@id":"https:\/\/infopba247.com.ar\/#organization"},"potentialAction":[{"@type":"SearchAction","target":{"@type":"EntryPoint","urlTemplate":"https:\/\/infopba247.com.ar\/?s={search_term_string}"},"query-input":{"@type":"PropertyValueSpecification","valueRequired":true,"valueName":"search_term_string"}}],"inLanguage":"es"},{"@type":"Organization","@id":"https:\/\/infopba247.com.ar\/#organization","name":"InfoPBA247","url":"https:\/\/infopba247.com.ar\/","logo":{"@type":"ImageObject","inLanguage":"es","@id":"https:\/\/infopba247.com.ar\/#\/schema\/logo\/image\/","url":"https:\/\/infopba247.com.ar\/wp-content\/uploads\/2022\/03\/cropped-InfoPBA247-1.png","contentUrl":"https:\/\/infopba247.com.ar\/wp-content\/uploads\/2022\/03\/cropped-InfoPBA247-1.png","width":500,"height":122,"caption":"InfoPBA247"},"image":{"@id":"https:\/\/infopba247.com.ar\/#\/schema\/logo\/image\/"},"sameAs":["https:\/\/www.facebook.com\/InfoPBA"]},{"@type":"Person","@id":"https:\/\/infopba247.com.ar\/#\/schema\/person\/4975f1343a413e57bf839b3eed0099f2","name":"Editor","image":{"@type":"ImageObject","inLanguage":"es","@id":"https:\/\/secure.gravatar.com\/avatar\/d27fe9520667ca53441d36627a1d6b0fa4a813571ec4803687a7a3a7744685ac?s=96&d=mm&r=g","url":"https:\/\/secure.gravatar.com\/avatar\/d27fe9520667ca53441d36627a1d6b0fa4a813571ec4803687a7a3a7744685ac?s=96&d=mm&r=g","contentUrl":"https:\/\/secure.gravatar.com\/avatar\/d27fe9520667ca53441d36627a1d6b0fa4a813571ec4803687a7a3a7744685ac?s=96&d=mm&r=g","caption":"Editor"},"url":"https:\/\/infopba247.com.ar\/index.php\/author\/editor\/"}]}},"_links":{"self":[{"href":"https:\/\/infopba247.com.ar\/index.php\/wp-json\/wp\/v2\/posts\/8924","targetHints":{"allow":["GET"]}}],"collection":[{"href":"https:\/\/infopba247.com.ar\/index.php\/wp-json\/wp\/v2\/posts"}],"about":[{"href":"https:\/\/infopba247.com.ar\/index.php\/wp-json\/wp\/v2\/types\/post"}],"author":[{"embeddable":true,"href":"https:\/\/infopba247.com.ar\/index.php\/wp-json\/wp\/v2\/users\/3"}],"replies":[{"embeddable":true,"href":"https:\/\/infopba247.com.ar\/index.php\/wp-json\/wp\/v2\/comments?post=8924"}],"version-history":[{"count":1,"href":"https:\/\/infopba247.com.ar\/index.php\/wp-json\/wp\/v2\/posts\/8924\/revisions"}],"predecessor-version":[{"id":8925,"href":"https:\/\/infopba247.com.ar\/index.php\/wp-json\/wp\/v2\/posts\/8924\/revisions\/8925"}],"wp:featuredmedia":[{"embeddable":true,"href":"https:\/\/infopba247.com.ar\/index.php\/wp-json\/wp\/v2\/media\/8920"}],"wp:attachment":[{"href":"https:\/\/infopba247.com.ar\/index.php\/wp-json\/wp\/v2\/media?parent=8924"}],"wp:term":[{"taxonomy":"category","embeddable":true,"href":"https:\/\/infopba247.com.ar\/index.php\/wp-json\/wp\/v2\/categories?post=8924"},{"taxonomy":"post_tag","embeddable":true,"href":"https:\/\/infopba247.com.ar\/index.php\/wp-json\/wp\/v2\/tags?post=8924"}],"curies":[{"name":"wp","href":"https:\/\/api.w.org\/{rel}","templated":true}]}}