{"id":8922,"date":"2026-02-03T14:29:45","date_gmt":"2026-02-03T17:29:45","guid":{"rendered":"https:\/\/infopba247.com.ar\/?p=8922"},"modified":"2026-02-03T14:29:45","modified_gmt":"2026-02-03T17:29:45","slug":"dia-mundial-del-cancer-jornada-en-el-hospital-zonal-el-dique-de-ensenada","status":"publish","type":"post","link":"https:\/\/infopba247.com.ar\/index.php\/2026\/02\/03\/dia-mundial-del-cancer-jornada-en-el-hospital-zonal-el-dique-de-ensenada\/","title":{"rendered":"D\u00eda Mundial del C\u00e1ncer: Jornada en el Hospital Zonal \u201cEl Dique\u201d de Ensenada"},"content":{"rendered":"\n<p>Habr\u00e1 stands informativos, talleres y conversatorios para visibilizar las l\u00edneas provinciales de prevenci\u00f3n, promoci\u00f3n y cuidado integral de estos pacientes.<\/p>\n\n\n\n<p>En el marco del D\u00eda Mundial del C\u00e1ncer, el pr\u00f3ximo mi\u00e9rcoles 4 de febrero, el Ministerio de Salud de la Provincia de Buenos Aires realizar\u00e1 una jornada abierta en el Hospital Zonal \u201cEl Dique\u201d de Ensenada, destinada a los equipos de salud y a la comunidad en general para difundir las l\u00edneas de trabajo vinculadas al acceso oportuno al sistema de salud y el acompa\u00f1amiento a las personas y a sus entornos afectivos.<\/p>\n\n\n\n<p>Bajo el lema \u201cC\u00e1ncer: una Provincia que acompa\u00f1a cada historia\u201d, la actividad se desarrollar\u00e1 de 10 a 16 horas y contar\u00e1 con stands informativos, conversatorios, charlas y talleres, orientados a difundir informaci\u00f3n clara y accesible .<\/p>\n\n\n\n<p>El c\u00e1ncer es un grupo de enfermedades que afecta a millones de personas en todo el mundo, no solo a quienes lo padecen, sino tambi\u00e9n a sus familias, y personas de su entorno afectivo. En este contexto, se hace necesario un esfuerzo colectivo para sensibilizar, apoyar la investigaci\u00f3n y construir herramientas para mejorar la prevenci\u00f3n, el diagn\u00f3stico temprano y el tratamiento.<\/p>\n\n\n\n<p>El Instituto Provincial de C\u00e1ncer (IPC) organiza esta actividad a fin de visibilizar el trabajo territorial que desarrollan los distintos actores del sistema de salud, y las organizaciones sociales en su abordaje integral, con la participaci\u00f3n de hospitales, regiones sanitarias, diferentes \u00e1reas de salud y de otros ministerios de la provincia, junto a ONGs, universidades y sociedades cient\u00edficas relacionadas con la tem\u00e1tica y personas que transitaron la enfermedad.<\/p>\n\n\n\n<p>A trav\u00e9s del IPC, el Ministerio de Salud cuenta con una red de 108 delegaciones que brindan cobertura en todo el territorio provincial a m\u00e1s de 19.000 personas.<\/p>\n\n\n\n<p>Durante 2025, el IPC entreg\u00f3 m\u00e1s de 313.500 medicamentos oncol\u00f3gicos garantizando la cobertura del tratamiento a m\u00e1s de 10.900 personas y di\u00f3 cobertura a 2.700 personas que requirieron radioterapia. En el marco de los cuidados paliativos, se garantiz\u00f3 la provisi\u00f3n de medicaci\u00f3n para 5.500 pacientes.<\/p>\n\n\n\n<p>Como parte de la pol\u00edtica de acompa\u00f1amiento para garantizar el acceso oportuno al sistema de salud, entre junio y septiembre el \u00e1rea de Acompa\u00f1antes de Cuidados del IPC brind\u00f3 seguimiento a m\u00e1s 800 inicios de tratamiento oncol\u00f3gico registrados en ese per\u00edodo.<\/p>\n\n\n\n<p>La jornada<\/p>\n\n\n\n<p>Cada hospital compartir\u00e1 sus experiencias en el acompa\u00f1amiento de las personas desde los distintos servicios de salud. El IPC contar\u00e1 con un stand donde se podr\u00e1 acceder a informaci\u00f3n sobre las pol\u00edticas p\u00fablicas provinciales implementadas desde el 2020; los derechos de las personas con c\u00e1ncer, las formas de acompa\u00f1amiento, prevenci\u00f3n y detecci\u00f3n temprana, el acceso a tratamiento y los cuidados paliativos; entre otras.<\/p>\n\n\n\n<p>Asimismo participar\u00e1n ONGs que trabajan en el acompa\u00f1amiento de personas con c\u00e1ncer, visibilizando experiencias de pares, redes de apoyo y acciones comunitarias que fortalecen el cuidado colectivo y el sost\u00e9n a las personas atravesadas por la enfermedad.<\/p>\n\n\n\n<p>Por su parte, acompa\u00f1ar\u00e1n la jornada sociedades cient\u00edficas vinculadas al c\u00e1ncer y universidades nacionales que realizan tareas de investigaci\u00f3n y formaci\u00f3n de profesionales de la salud.<\/p>\n\n\n\n<p>Tambi\u00e9n se desarrollar\u00e1n encuentros y talleres con profesionales de la salud para abordar temas claves, con lenguaje accesible y participaci\u00f3n del p\u00fablico. Adem\u00e1s estar\u00e1n presentes personas que transitaron la enfermedad y comparten su experiencia desde el arte.<\/p>\n","protected":false},"excerpt":{"rendered":"<p>Habr\u00e1 stands informativos, talleres y conversatorios para visibilizar las l\u00edneas provinciales de prevenci\u00f3n, promoci\u00f3n y cuidado integral de estos pacientes.<\/p>\n","protected":false},"author":3,"featured_media":8919,"comment_status":"open","ping_status":"open","sticky":false,"template":"","format":"standard","meta":{"colormag_page_container_layout":"default_layout","colormag_page_sidebar_layout":"default_layout","footnotes":""},"categories":[7,1,14],"tags":[],"class_list":["post-8922","post","type-post","status-publish","format-standard","has-post-thumbnail","hentry","category-3ra-seccion","category-destacadas","category-politica"],"yoast_head":"<!-- This site is optimized with the Yoast SEO plugin v27.4 - https:\/\/yoast.com\/product\/yoast-seo-wordpress\/ -->\n<title>D\u00eda Mundial del C\u00e1ncer: Jornada en el Hospital Zonal \u201cEl Dique\u201d de Ensenada - InfoPBA247<\/title>\n<meta name=\"robots\" content=\"index, follow, max-snippet:-1, max-image-preview:large, max-video-preview:-1\" \/>\n<link rel=\"canonical\" href=\"https:\/\/infopba247.com.ar\/index.php\/2026\/02\/03\/dia-mundial-del-cancer-jornada-en-el-hospital-zonal-el-dique-de-ensenada\/\" \/>\n<meta property=\"og:locale\" content=\"es_ES\" \/>\n<meta property=\"og:type\" content=\"article\" \/>\n<meta property=\"og:title\" content=\"D\u00eda Mundial del C\u00e1ncer: Jornada en el Hospital Zonal \u201cEl Dique\u201d de Ensenada - InfoPBA247\" \/>\n<meta property=\"og:description\" content=\"Habr\u00e1 stands informativos, talleres y conversatorios para visibilizar las l\u00edneas provinciales de prevenci\u00f3n, promoci\u00f3n y cuidado integral de estos pacientes.\" \/>\n<meta property=\"og:url\" content=\"https:\/\/infopba247.com.ar\/index.php\/2026\/02\/03\/dia-mundial-del-cancer-jornada-en-el-hospital-zonal-el-dique-de-ensenada\/\" \/>\n<meta property=\"og:site_name\" content=\"InfoPBA247\" \/>\n<meta property=\"article:publisher\" content=\"https:\/\/www.facebook.com\/InfoPBA\" \/>\n<meta property=\"article:published_time\" content=\"2026-02-03T17:29:45+00:00\" \/>\n<meta property=\"og:image\" content=\"https:\/\/infopba247.com.ar\/wp-content\/uploads\/2026\/02\/cancer-de-mama2.jpeg\" \/>\n\t<meta property=\"og:image:width\" content=\"1280\" \/>\n\t<meta property=\"og:image:height\" content=\"853\" \/>\n\t<meta property=\"og:image:type\" content=\"image\/jpeg\" \/>\n<meta name=\"author\" content=\"Editor\" \/>\n<meta name=\"twitter:card\" content=\"summary_large_image\" \/>\n<meta name=\"twitter:label1\" content=\"Escrito por\" \/>\n\t<meta name=\"twitter:data1\" content=\"Editor\" \/>\n\t<meta name=\"twitter:label2\" content=\"Tiempo de lectura\" \/>\n\t<meta name=\"twitter:data2\" content=\"3 minutos\" \/>\n<script type=\"application\/ld+json\" class=\"yoast-schema-graph\">{\"@context\":\"https:\\\/\\\/schema.org\",\"@graph\":[{\"@type\":\"Article\",\"@id\":\"https:\\\/\\\/infopba247.com.ar\\\/index.php\\\/2026\\\/02\\\/03\\\/dia-mundial-del-cancer-jornada-en-el-hospital-zonal-el-dique-de-ensenada\\\/#article\",\"isPartOf\":{\"@id\":\"https:\\\/\\\/infopba247.com.ar\\\/index.php\\\/2026\\\/02\\\/03\\\/dia-mundial-del-cancer-jornada-en-el-hospital-zonal-el-dique-de-ensenada\\\/\"},\"author\":{\"name\":\"Editor\",\"@id\":\"https:\\\/\\\/infopba247.com.ar\\\/#\\\/schema\\\/person\\\/4975f1343a413e57bf839b3eed0099f2\"},\"headline\":\"D\u00eda Mundial del C\u00e1ncer: Jornada en el Hospital Zonal \u201cEl Dique\u201d de Ensenada\",\"datePublished\":\"2026-02-03T17:29:45+00:00\",\"mainEntityOfPage\":{\"@id\":\"https:\\\/\\\/infopba247.com.ar\\\/index.php\\\/2026\\\/02\\\/03\\\/dia-mundial-del-cancer-jornada-en-el-hospital-zonal-el-dique-de-ensenada\\\/\"},\"wordCount\":597,\"commentCount\":0,\"publisher\":{\"@id\":\"https:\\\/\\\/infopba247.com.ar\\\/#organization\"},\"image\":{\"@id\":\"https:\\\/\\\/infopba247.com.ar\\\/index.php\\\/2026\\\/02\\\/03\\\/dia-mundial-del-cancer-jornada-en-el-hospital-zonal-el-dique-de-ensenada\\\/#primaryimage\"},\"thumbnailUrl\":\"https:\\\/\\\/infopba247.com.ar\\\/wp-content\\\/uploads\\\/2026\\\/02\\\/cancer-de-mama2.jpeg\",\"articleSection\":[\"3ra Secci\u00f3n\",\"Destacadas\",\"Pol\u00edtica\"],\"inLanguage\":\"es\",\"potentialAction\":[{\"@type\":\"CommentAction\",\"name\":\"Comment\",\"target\":[\"https:\\\/\\\/infopba247.com.ar\\\/index.php\\\/2026\\\/02\\\/03\\\/dia-mundial-del-cancer-jornada-en-el-hospital-zonal-el-dique-de-ensenada\\\/#respond\"]}]},{\"@type\":\"WebPage\",\"@id\":\"https:\\\/\\\/infopba247.com.ar\\\/index.php\\\/2026\\\/02\\\/03\\\/dia-mundial-del-cancer-jornada-en-el-hospital-zonal-el-dique-de-ensenada\\\/\",\"url\":\"https:\\\/\\\/infopba247.com.ar\\\/index.php\\\/2026\\\/02\\\/03\\\/dia-mundial-del-cancer-jornada-en-el-hospital-zonal-el-dique-de-ensenada\\\/\",\"name\":\"D\u00eda Mundial del C\u00e1ncer: Jornada en el Hospital Zonal \u201cEl Dique\u201d de Ensenada - InfoPBA247\",\"isPartOf\":{\"@id\":\"https:\\\/\\\/infopba247.com.ar\\\/#website\"},\"primaryImageOfPage\":{\"@id\":\"https:\\\/\\\/infopba247.com.ar\\\/index.php\\\/2026\\\/02\\\/03\\\/dia-mundial-del-cancer-jornada-en-el-hospital-zonal-el-dique-de-ensenada\\\/#primaryimage\"},\"image\":{\"@id\":\"https:\\\/\\\/infopba247.com.ar\\\/index.php\\\/2026\\\/02\\\/03\\\/dia-mundial-del-cancer-jornada-en-el-hospital-zonal-el-dique-de-ensenada\\\/#primaryimage\"},\"thumbnailUrl\":\"https:\\\/\\\/infopba247.com.ar\\\/wp-content\\\/uploads\\\/2026\\\/02\\\/cancer-de-mama2.jpeg\",\"datePublished\":\"2026-02-03T17:29:45+00:00\",\"breadcrumb\":{\"@id\":\"https:\\\/\\\/infopba247.com.ar\\\/index.php\\\/2026\\\/02\\\/03\\\/dia-mundial-del-cancer-jornada-en-el-hospital-zonal-el-dique-de-ensenada\\\/#breadcrumb\"},\"inLanguage\":\"es\",\"potentialAction\":[{\"@type\":\"ReadAction\",\"target\":[\"https:\\\/\\\/infopba247.com.ar\\\/index.php\\\/2026\\\/02\\\/03\\\/dia-mundial-del-cancer-jornada-en-el-hospital-zonal-el-dique-de-ensenada\\\/\"]}]},{\"@type\":\"ImageObject\",\"inLanguage\":\"es\",\"@id\":\"https:\\\/\\\/infopba247.com.ar\\\/index.php\\\/2026\\\/02\\\/03\\\/dia-mundial-del-cancer-jornada-en-el-hospital-zonal-el-dique-de-ensenada\\\/#primaryimage\",\"url\":\"https:\\\/\\\/infopba247.com.ar\\\/wp-content\\\/uploads\\\/2026\\\/02\\\/cancer-de-mama2.jpeg\",\"contentUrl\":\"https:\\\/\\\/infopba247.com.ar\\\/wp-content\\\/uploads\\\/2026\\\/02\\\/cancer-de-mama2.jpeg\",\"width\":1280,\"height\":853},{\"@type\":\"BreadcrumbList\",\"@id\":\"https:\\\/\\\/infopba247.com.ar\\\/index.php\\\/2026\\\/02\\\/03\\\/dia-mundial-del-cancer-jornada-en-el-hospital-zonal-el-dique-de-ensenada\\\/#breadcrumb\",\"itemListElement\":[{\"@type\":\"ListItem\",\"position\":1,\"name\":\"Portada\",\"item\":\"https:\\\/\\\/infopba247.com.ar\\\/\"},{\"@type\":\"ListItem\",\"position\":2,\"name\":\"D\u00eda Mundial del C\u00e1ncer: Jornada en el Hospital Zonal \u201cEl Dique\u201d de Ensenada\"}]},{\"@type\":\"WebSite\",\"@id\":\"https:\\\/\\\/infopba247.com.ar\\\/#website\",\"url\":\"https:\\\/\\\/infopba247.com.ar\\\/\",\"name\":\"InfoPBA247\",\"description\":\"Toda la actualidad bonaerense\",\"publisher\":{\"@id\":\"https:\\\/\\\/infopba247.com.ar\\\/#organization\"},\"potentialAction\":[{\"@type\":\"SearchAction\",\"target\":{\"@type\":\"EntryPoint\",\"urlTemplate\":\"https:\\\/\\\/infopba247.com.ar\\\/?s={search_term_string}\"},\"query-input\":{\"@type\":\"PropertyValueSpecification\",\"valueRequired\":true,\"valueName\":\"search_term_string\"}}],\"inLanguage\":\"es\"},{\"@type\":\"Organization\",\"@id\":\"https:\\\/\\\/infopba247.com.ar\\\/#organization\",\"name\":\"InfoPBA247\",\"url\":\"https:\\\/\\\/infopba247.com.ar\\\/\",\"logo\":{\"@type\":\"ImageObject\",\"inLanguage\":\"es\",\"@id\":\"https:\\\/\\\/infopba247.com.ar\\\/#\\\/schema\\\/logo\\\/image\\\/\",\"url\":\"https:\\\/\\\/infopba247.com.ar\\\/wp-content\\\/uploads\\\/2022\\\/03\\\/cropped-InfoPBA247-1.png\",\"contentUrl\":\"https:\\\/\\\/infopba247.com.ar\\\/wp-content\\\/uploads\\\/2022\\\/03\\\/cropped-InfoPBA247-1.png\",\"width\":500,\"height\":122,\"caption\":\"InfoPBA247\"},\"image\":{\"@id\":\"https:\\\/\\\/infopba247.com.ar\\\/#\\\/schema\\\/logo\\\/image\\\/\"},\"sameAs\":[\"https:\\\/\\\/www.facebook.com\\\/InfoPBA\"]},{\"@type\":\"Person\",\"@id\":\"https:\\\/\\\/infopba247.com.ar\\\/#\\\/schema\\\/person\\\/4975f1343a413e57bf839b3eed0099f2\",\"name\":\"Editor\",\"image\":{\"@type\":\"ImageObject\",\"inLanguage\":\"es\",\"@id\":\"https:\\\/\\\/secure.gravatar.com\\\/avatar\\\/d27fe9520667ca53441d36627a1d6b0fa4a813571ec4803687a7a3a7744685ac?s=96&d=mm&r=g\",\"url\":\"https:\\\/\\\/secure.gravatar.com\\\/avatar\\\/d27fe9520667ca53441d36627a1d6b0fa4a813571ec4803687a7a3a7744685ac?s=96&d=mm&r=g\",\"contentUrl\":\"https:\\\/\\\/secure.gravatar.com\\\/avatar\\\/d27fe9520667ca53441d36627a1d6b0fa4a813571ec4803687a7a3a7744685ac?s=96&d=mm&r=g\",\"caption\":\"Editor\"},\"url\":\"https:\\\/\\\/infopba247.com.ar\\\/index.php\\\/author\\\/editor\\\/\"}]}<\/script>\n<!-- \/ Yoast SEO plugin. -->","yoast_head_json":{"title":"D\u00eda Mundial del C\u00e1ncer: Jornada en el Hospital Zonal \u201cEl Dique\u201d de Ensenada - InfoPBA247","robots":{"index":"index","follow":"follow","max-snippet":"max-snippet:-1","max-image-preview":"max-image-preview:large","max-video-preview":"max-video-preview:-1"},"canonical":"https:\/\/infopba247.com.ar\/index.php\/2026\/02\/03\/dia-mundial-del-cancer-jornada-en-el-hospital-zonal-el-dique-de-ensenada\/","og_locale":"es_ES","og_type":"article","og_title":"D\u00eda Mundial del C\u00e1ncer: Jornada en el Hospital Zonal \u201cEl Dique\u201d de Ensenada - InfoPBA247","og_description":"Habr\u00e1 stands informativos, talleres y conversatorios para visibilizar las l\u00edneas provinciales de prevenci\u00f3n, promoci\u00f3n y cuidado integral de estos pacientes.","og_url":"https:\/\/infopba247.com.ar\/index.php\/2026\/02\/03\/dia-mundial-del-cancer-jornada-en-el-hospital-zonal-el-dique-de-ensenada\/","og_site_name":"InfoPBA247","article_publisher":"https:\/\/www.facebook.com\/InfoPBA","article_published_time":"2026-02-03T17:29:45+00:00","og_image":[{"width":1280,"height":853,"url":"https:\/\/infopba247.com.ar\/wp-content\/uploads\/2026\/02\/cancer-de-mama2.jpeg","type":"image\/jpeg"}],"author":"Editor","twitter_card":"summary_large_image","twitter_misc":{"Escrito por":"Editor","Tiempo de lectura":"3 minutos"},"schema":{"@context":"https:\/\/schema.org","@graph":[{"@type":"Article","@id":"https:\/\/infopba247.com.ar\/index.php\/2026\/02\/03\/dia-mundial-del-cancer-jornada-en-el-hospital-zonal-el-dique-de-ensenada\/#article","isPartOf":{"@id":"https:\/\/infopba247.com.ar\/index.php\/2026\/02\/03\/dia-mundial-del-cancer-jornada-en-el-hospital-zonal-el-dique-de-ensenada\/"},"author":{"name":"Editor","@id":"https:\/\/infopba247.com.ar\/#\/schema\/person\/4975f1343a413e57bf839b3eed0099f2"},"headline":"D\u00eda Mundial del C\u00e1ncer: Jornada en el Hospital Zonal \u201cEl Dique\u201d de Ensenada","datePublished":"2026-02-03T17:29:45+00:00","mainEntityOfPage":{"@id":"https:\/\/infopba247.com.ar\/index.php\/2026\/02\/03\/dia-mundial-del-cancer-jornada-en-el-hospital-zonal-el-dique-de-ensenada\/"},"wordCount":597,"commentCount":0,"publisher":{"@id":"https:\/\/infopba247.com.ar\/#organization"},"image":{"@id":"https:\/\/infopba247.com.ar\/index.php\/2026\/02\/03\/dia-mundial-del-cancer-jornada-en-el-hospital-zonal-el-dique-de-ensenada\/#primaryimage"},"thumbnailUrl":"https:\/\/infopba247.com.ar\/wp-content\/uploads\/2026\/02\/cancer-de-mama2.jpeg","articleSection":["3ra Secci\u00f3n","Destacadas","Pol\u00edtica"],"inLanguage":"es","potentialAction":[{"@type":"CommentAction","name":"Comment","target":["https:\/\/infopba247.com.ar\/index.php\/2026\/02\/03\/dia-mundial-del-cancer-jornada-en-el-hospital-zonal-el-dique-de-ensenada\/#respond"]}]},{"@type":"WebPage","@id":"https:\/\/infopba247.com.ar\/index.php\/2026\/02\/03\/dia-mundial-del-cancer-jornada-en-el-hospital-zonal-el-dique-de-ensenada\/","url":"https:\/\/infopba247.com.ar\/index.php\/2026\/02\/03\/dia-mundial-del-cancer-jornada-en-el-hospital-zonal-el-dique-de-ensenada\/","name":"D\u00eda Mundial del C\u00e1ncer: Jornada en el Hospital Zonal \u201cEl Dique\u201d de Ensenada - InfoPBA247","isPartOf":{"@id":"https:\/\/infopba247.com.ar\/#website"},"primaryImageOfPage":{"@id":"https:\/\/infopba247.com.ar\/index.php\/2026\/02\/03\/dia-mundial-del-cancer-jornada-en-el-hospital-zonal-el-dique-de-ensenada\/#primaryimage"},"image":{"@id":"https:\/\/infopba247.com.ar\/index.php\/2026\/02\/03\/dia-mundial-del-cancer-jornada-en-el-hospital-zonal-el-dique-de-ensenada\/#primaryimage"},"thumbnailUrl":"https:\/\/infopba247.com.ar\/wp-content\/uploads\/2026\/02\/cancer-de-mama2.jpeg","datePublished":"2026-02-03T17:29:45+00:00","breadcrumb":{"@id":"https:\/\/infopba247.com.ar\/index.php\/2026\/02\/03\/dia-mundial-del-cancer-jornada-en-el-hospital-zonal-el-dique-de-ensenada\/#breadcrumb"},"inLanguage":"es","potentialAction":[{"@type":"ReadAction","target":["https:\/\/infopba247.com.ar\/index.php\/2026\/02\/03\/dia-mundial-del-cancer-jornada-en-el-hospital-zonal-el-dique-de-ensenada\/"]}]},{"@type":"ImageObject","inLanguage":"es","@id":"https:\/\/infopba247.com.ar\/index.php\/2026\/02\/03\/dia-mundial-del-cancer-jornada-en-el-hospital-zonal-el-dique-de-ensenada\/#primaryimage","url":"https:\/\/infopba247.com.ar\/wp-content\/uploads\/2026\/02\/cancer-de-mama2.jpeg","contentUrl":"https:\/\/infopba247.com.ar\/wp-content\/uploads\/2026\/02\/cancer-de-mama2.jpeg","width":1280,"height":853},{"@type":"BreadcrumbList","@id":"https:\/\/infopba247.com.ar\/index.php\/2026\/02\/03\/dia-mundial-del-cancer-jornada-en-el-hospital-zonal-el-dique-de-ensenada\/#breadcrumb","itemListElement":[{"@type":"ListItem","position":1,"name":"Portada","item":"https:\/\/infopba247.com.ar\/"},{"@type":"ListItem","position":2,"name":"D\u00eda Mundial del C\u00e1ncer: Jornada en el Hospital Zonal \u201cEl Dique\u201d de Ensenada"}]},{"@type":"WebSite","@id":"https:\/\/infopba247.com.ar\/#website","url":"https:\/\/infopba247.com.ar\/","name":"InfoPBA247","description":"Toda la actualidad bonaerense","publisher":{"@id":"https:\/\/infopba247.com.ar\/#organization"},"potentialAction":[{"@type":"SearchAction","target":{"@type":"EntryPoint","urlTemplate":"https:\/\/infopba247.com.ar\/?s={search_term_string}"},"query-input":{"@type":"PropertyValueSpecification","valueRequired":true,"valueName":"search_term_string"}}],"inLanguage":"es"},{"@type":"Organization","@id":"https:\/\/infopba247.com.ar\/#organization","name":"InfoPBA247","url":"https:\/\/infopba247.com.ar\/","logo":{"@type":"ImageObject","inLanguage":"es","@id":"https:\/\/infopba247.com.ar\/#\/schema\/logo\/image\/","url":"https:\/\/infopba247.com.ar\/wp-content\/uploads\/2022\/03\/cropped-InfoPBA247-1.png","contentUrl":"https:\/\/infopba247.com.ar\/wp-content\/uploads\/2022\/03\/cropped-InfoPBA247-1.png","width":500,"height":122,"caption":"InfoPBA247"},"image":{"@id":"https:\/\/infopba247.com.ar\/#\/schema\/logo\/image\/"},"sameAs":["https:\/\/www.facebook.com\/InfoPBA"]},{"@type":"Person","@id":"https:\/\/infopba247.com.ar\/#\/schema\/person\/4975f1343a413e57bf839b3eed0099f2","name":"Editor","image":{"@type":"ImageObject","inLanguage":"es","@id":"https:\/\/secure.gravatar.com\/avatar\/d27fe9520667ca53441d36627a1d6b0fa4a813571ec4803687a7a3a7744685ac?s=96&d=mm&r=g","url":"https:\/\/secure.gravatar.com\/avatar\/d27fe9520667ca53441d36627a1d6b0fa4a813571ec4803687a7a3a7744685ac?s=96&d=mm&r=g","contentUrl":"https:\/\/secure.gravatar.com\/avatar\/d27fe9520667ca53441d36627a1d6b0fa4a813571ec4803687a7a3a7744685ac?s=96&d=mm&r=g","caption":"Editor"},"url":"https:\/\/infopba247.com.ar\/index.php\/author\/editor\/"}]}},"_links":{"self":[{"href":"https:\/\/infopba247.com.ar\/index.php\/wp-json\/wp\/v2\/posts\/8922","targetHints":{"allow":["GET"]}}],"collection":[{"href":"https:\/\/infopba247.com.ar\/index.php\/wp-json\/wp\/v2\/posts"}],"about":[{"href":"https:\/\/infopba247.com.ar\/index.php\/wp-json\/wp\/v2\/types\/post"}],"author":[{"embeddable":true,"href":"https:\/\/infopba247.com.ar\/index.php\/wp-json\/wp\/v2\/users\/3"}],"replies":[{"embeddable":true,"href":"https:\/\/infopba247.com.ar\/index.php\/wp-json\/wp\/v2\/comments?post=8922"}],"version-history":[{"count":1,"href":"https:\/\/infopba247.com.ar\/index.php\/wp-json\/wp\/v2\/posts\/8922\/revisions"}],"predecessor-version":[{"id":8923,"href":"https:\/\/infopba247.com.ar\/index.php\/wp-json\/wp\/v2\/posts\/8922\/revisions\/8923"}],"wp:featuredmedia":[{"embeddable":true,"href":"https:\/\/infopba247.com.ar\/index.php\/wp-json\/wp\/v2\/media\/8919"}],"wp:attachment":[{"href":"https:\/\/infopba247.com.ar\/index.php\/wp-json\/wp\/v2\/media?parent=8922"}],"wp:term":[{"taxonomy":"category","embeddable":true,"href":"https:\/\/infopba247.com.ar\/index.php\/wp-json\/wp\/v2\/categories?post=8922"},{"taxonomy":"post_tag","embeddable":true,"href":"https:\/\/infopba247.com.ar\/index.php\/wp-json\/wp\/v2\/tags?post=8922"}],"curies":[{"name":"wp","href":"https:\/\/api.w.org\/{rel}","templated":true}]}}