{"id":8916,"date":"2026-02-03T14:29:03","date_gmt":"2026-02-03T17:29:03","guid":{"rendered":"https:\/\/infopba247.com.ar\/?p=8916"},"modified":"2026-02-03T14:29:04","modified_gmt":"2026-02-03T17:29:04","slug":"kicillof-y-vilar-inauguraron-un-complejo-ambiental-en-salto-tras-el-cierre-del-basural-a-cielo-abierto","status":"publish","type":"post","link":"https:\/\/infopba247.com.ar\/index.php\/2026\/02\/03\/kicillof-y-vilar-inauguraron-un-complejo-ambiental-en-salto-tras-el-cierre-del-basural-a-cielo-abierto\/","title":{"rendered":"Kicillof y Vilar inauguraron un Complejo Ambiental en Salto tras el cierre del basural a cielo abierto"},"content":{"rendered":"\n<p>El gobernador de la provincia de Buenos Aires, Axel Kicillof, junto a la ministra de Ambiente, Daniela Vilar, y el intendente interino de Salto, Camilo Alessandro, inauguraron un nuevo Complejo Ambiental en ese distrito, en un predio que anteriormente funcionaba como basural a cielo abierto y que fue completamente saneado.<\/p>\n\n\n\n<p>El nuevo espacio cuenta con una celda sanitaria para la disposici\u00f3n segura de residuos, una cortina forestal aislante, una planta de reciclado equipada y un cami\u00f3n destinado a la recolecci\u00f3n diferenciada, lo que permitir\u00e1 mejorar sustancialmente la gesti\u00f3n de los residuos s\u00f3lidos urbanos.<\/p>\n\n\n\n<p>Una deuda hist\u00f3rica que comienza a saldarse<\/p>\n\n\n\n<p>Desde la creaci\u00f3n del primer Ministerio de Ambiente bonaerense, la Provincia impuls\u00f3 una pol\u00edtica integral para revertir una deuda hist\u00f3rica en materia ambiental. El abordaje contempla la separaci\u00f3n de residuos en origen, la recolecci\u00f3n diferenciada, el reciclado y una disposici\u00f3n final adecuada.<\/p>\n\n\n\n<p>En ese marco, se realiz\u00f3 un relevamiento de los municipios que a\u00fan utilizaban basurales a cielo abierto y que contaban con predios aptos para la instalaci\u00f3n de celdas sanitarias y la construcci\u00f3n de Complejos Ambientales, como el inaugurado en Salto.<\/p>\n\n\n\n<p>Declaraciones de las autoridades<\/p>\n\n\n\n<p>Durante el acto, el gobernador Axel Kicillof destac\u00f3 la importancia de la obra para la comunidad:<\/p>\n\n\n\n<p>\u201cHaber erradicado el basural a cielo abierto es una decisi\u00f3n que cambia definitivamente la historia de Salto: mejora la salud y la vida cotidiana de sus habitantes, brindando adem\u00e1s condiciones dignas a los y las trabajadoras del sector\u201d.<\/p>\n\n\n\n<p>Por su parte, la ministra Daniela Vilar subray\u00f3 el impacto directo en la calidad de vida de los vecinos:<\/p>\n\n\n\n<p>\u201cHoy estamos saldando una deuda hist\u00f3rica con los vecinos y vecinas de esta comunidad, que ya no van a tener que respirar olor a basura. Esto es lo que vale la pena: mejorarle la vida a la gente\u201d.<\/p>\n\n\n\n<p>Adem\u00e1s, remarc\u00f3 que, aun en un contexto complejo, la Provincia contin\u00faa avanzando con pol\u00edticas p\u00fablicas concretas:<\/p>\n\n\n\n<p>\u201cSeguimos planificando, invirtiendo y creando pol\u00edticas para resolver los problemas de los bonaerenses\u201d.<\/p>\n\n\n\n<p>Inversi\u00f3n y fortalecimiento de los municipios<\/p>\n\n\n\n<p>Desde el Ministerio de Ambiente se inform\u00f3 que, en toda la provincia, se fortalecieron los sistemas municipales de gesti\u00f3n de residuos mediante la entrega de maquinaria y el equipamiento de m\u00e1s de 150 unidades productivas. Tambi\u00e9n se distribuyeron m\u00e1s de 100 camiones para la recolecci\u00f3n diferenciada y se impuls\u00f3 el programa de Promotoras Ambientales, con acciones de educaci\u00f3n ambiental, talleres y dispositivos territoriales para fomentar la separaci\u00f3n en origen.<\/p>\n\n\n\n<p>La inauguraci\u00f3n del Complejo Ambiental en Salto se inscribe as\u00ed en una pol\u00edtica provincial que busca avanzar hacia un modelo de gesti\u00f3n de residuos m\u00e1s justo, sustentable y con impacto directo en la salud y el ambiente de las comunidades.<\/p>\n","protected":false},"excerpt":{"rendered":"<p>El gobernador de la provincia de Buenos Aires, Axel Kicillof, junto a la ministra de Ambiente, Daniela Vilar, y el<\/p>\n","protected":false},"author":3,"featured_media":8918,"comment_status":"open","ping_status":"open","sticky":false,"template":"","format":"standard","meta":{"colormag_page_container_layout":"default_layout","colormag_page_sidebar_layout":"default_layout","footnotes":""},"categories":[6,1,14],"tags":[],"class_list":["post-8916","post","type-post","status-publish","format-standard","has-post-thumbnail","hentry","category-2da-seccion","category-destacadas","category-politica"],"yoast_head":"<!-- This site is optimized with the Yoast SEO plugin v27.4 - https:\/\/yoast.com\/product\/yoast-seo-wordpress\/ -->\n<title>Kicillof y Vilar inauguraron un Complejo Ambiental en Salto tras el cierre del basural a cielo abierto - InfoPBA247<\/title>\n<meta name=\"robots\" content=\"index, follow, max-snippet:-1, max-image-preview:large, max-video-preview:-1\" \/>\n<link rel=\"canonical\" href=\"https:\/\/infopba247.com.ar\/index.php\/2026\/02\/03\/kicillof-y-vilar-inauguraron-un-complejo-ambiental-en-salto-tras-el-cierre-del-basural-a-cielo-abierto\/\" \/>\n<meta property=\"og:locale\" content=\"es_ES\" \/>\n<meta property=\"og:type\" content=\"article\" \/>\n<meta property=\"og:title\" content=\"Kicillof y Vilar inauguraron un Complejo Ambiental en Salto tras el cierre del basural a cielo abierto - InfoPBA247\" \/>\n<meta property=\"og:description\" content=\"El gobernador de la provincia de Buenos Aires, Axel Kicillof, junto a la ministra de Ambiente, Daniela Vilar, y el\" \/>\n<meta property=\"og:url\" content=\"https:\/\/infopba247.com.ar\/index.php\/2026\/02\/03\/kicillof-y-vilar-inauguraron-un-complejo-ambiental-en-salto-tras-el-cierre-del-basural-a-cielo-abierto\/\" \/>\n<meta property=\"og:site_name\" content=\"InfoPBA247\" \/>\n<meta property=\"article:publisher\" content=\"https:\/\/www.facebook.com\/InfoPBA\" \/>\n<meta property=\"article:published_time\" content=\"2026-02-03T17:29:03+00:00\" \/>\n<meta property=\"article:modified_time\" content=\"2026-02-03T17:29:04+00:00\" \/>\n<meta property=\"og:image\" content=\"https:\/\/infopba247.com.ar\/wp-content\/uploads\/2026\/02\/unnamed-7.jpg\" \/>\n\t<meta property=\"og:image:width\" content=\"1280\" \/>\n\t<meta property=\"og:image:height\" content=\"854\" \/>\n\t<meta property=\"og:image:type\" content=\"image\/jpeg\" \/>\n<meta name=\"author\" content=\"Editor\" \/>\n<meta name=\"twitter:card\" content=\"summary_large_image\" \/>\n<meta name=\"twitter:label1\" content=\"Escrito por\" \/>\n\t<meta name=\"twitter:data1\" content=\"Editor\" \/>\n\t<meta name=\"twitter:label2\" content=\"Tiempo de lectura\" \/>\n\t<meta name=\"twitter:data2\" content=\"3 minutos\" \/>\n<script type=\"application\/ld+json\" class=\"yoast-schema-graph\">{\"@context\":\"https:\\\/\\\/schema.org\",\"@graph\":[{\"@type\":\"Article\",\"@id\":\"https:\\\/\\\/infopba247.com.ar\\\/index.php\\\/2026\\\/02\\\/03\\\/kicillof-y-vilar-inauguraron-un-complejo-ambiental-en-salto-tras-el-cierre-del-basural-a-cielo-abierto\\\/#article\",\"isPartOf\":{\"@id\":\"https:\\\/\\\/infopba247.com.ar\\\/index.php\\\/2026\\\/02\\\/03\\\/kicillof-y-vilar-inauguraron-un-complejo-ambiental-en-salto-tras-el-cierre-del-basural-a-cielo-abierto\\\/\"},\"author\":{\"name\":\"Editor\",\"@id\":\"https:\\\/\\\/infopba247.com.ar\\\/#\\\/schema\\\/person\\\/4975f1343a413e57bf839b3eed0099f2\"},\"headline\":\"Kicillof y Vilar inauguraron un Complejo Ambiental en Salto tras el cierre del basural a cielo abierto\",\"datePublished\":\"2026-02-03T17:29:03+00:00\",\"dateModified\":\"2026-02-03T17:29:04+00:00\",\"mainEntityOfPage\":{\"@id\":\"https:\\\/\\\/infopba247.com.ar\\\/index.php\\\/2026\\\/02\\\/03\\\/kicillof-y-vilar-inauguraron-un-complejo-ambiental-en-salto-tras-el-cierre-del-basural-a-cielo-abierto\\\/\"},\"wordCount\":491,\"commentCount\":0,\"publisher\":{\"@id\":\"https:\\\/\\\/infopba247.com.ar\\\/#organization\"},\"image\":{\"@id\":\"https:\\\/\\\/infopba247.com.ar\\\/index.php\\\/2026\\\/02\\\/03\\\/kicillof-y-vilar-inauguraron-un-complejo-ambiental-en-salto-tras-el-cierre-del-basural-a-cielo-abierto\\\/#primaryimage\"},\"thumbnailUrl\":\"https:\\\/\\\/infopba247.com.ar\\\/wp-content\\\/uploads\\\/2026\\\/02\\\/unnamed-7.jpg\",\"articleSection\":[\"2da Secci\u00f3n\",\"Destacadas\",\"Pol\u00edtica\"],\"inLanguage\":\"es\",\"potentialAction\":[{\"@type\":\"CommentAction\",\"name\":\"Comment\",\"target\":[\"https:\\\/\\\/infopba247.com.ar\\\/index.php\\\/2026\\\/02\\\/03\\\/kicillof-y-vilar-inauguraron-un-complejo-ambiental-en-salto-tras-el-cierre-del-basural-a-cielo-abierto\\\/#respond\"]}]},{\"@type\":\"WebPage\",\"@id\":\"https:\\\/\\\/infopba247.com.ar\\\/index.php\\\/2026\\\/02\\\/03\\\/kicillof-y-vilar-inauguraron-un-complejo-ambiental-en-salto-tras-el-cierre-del-basural-a-cielo-abierto\\\/\",\"url\":\"https:\\\/\\\/infopba247.com.ar\\\/index.php\\\/2026\\\/02\\\/03\\\/kicillof-y-vilar-inauguraron-un-complejo-ambiental-en-salto-tras-el-cierre-del-basural-a-cielo-abierto\\\/\",\"name\":\"Kicillof y Vilar inauguraron un Complejo Ambiental en Salto tras el cierre del basural a cielo abierto - InfoPBA247\",\"isPartOf\":{\"@id\":\"https:\\\/\\\/infopba247.com.ar\\\/#website\"},\"primaryImageOfPage\":{\"@id\":\"https:\\\/\\\/infopba247.com.ar\\\/index.php\\\/2026\\\/02\\\/03\\\/kicillof-y-vilar-inauguraron-un-complejo-ambiental-en-salto-tras-el-cierre-del-basural-a-cielo-abierto\\\/#primaryimage\"},\"image\":{\"@id\":\"https:\\\/\\\/infopba247.com.ar\\\/index.php\\\/2026\\\/02\\\/03\\\/kicillof-y-vilar-inauguraron-un-complejo-ambiental-en-salto-tras-el-cierre-del-basural-a-cielo-abierto\\\/#primaryimage\"},\"thumbnailUrl\":\"https:\\\/\\\/infopba247.com.ar\\\/wp-content\\\/uploads\\\/2026\\\/02\\\/unnamed-7.jpg\",\"datePublished\":\"2026-02-03T17:29:03+00:00\",\"dateModified\":\"2026-02-03T17:29:04+00:00\",\"breadcrumb\":{\"@id\":\"https:\\\/\\\/infopba247.com.ar\\\/index.php\\\/2026\\\/02\\\/03\\\/kicillof-y-vilar-inauguraron-un-complejo-ambiental-en-salto-tras-el-cierre-del-basural-a-cielo-abierto\\\/#breadcrumb\"},\"inLanguage\":\"es\",\"potentialAction\":[{\"@type\":\"ReadAction\",\"target\":[\"https:\\\/\\\/infopba247.com.ar\\\/index.php\\\/2026\\\/02\\\/03\\\/kicillof-y-vilar-inauguraron-un-complejo-ambiental-en-salto-tras-el-cierre-del-basural-a-cielo-abierto\\\/\"]}]},{\"@type\":\"ImageObject\",\"inLanguage\":\"es\",\"@id\":\"https:\\\/\\\/infopba247.com.ar\\\/index.php\\\/2026\\\/02\\\/03\\\/kicillof-y-vilar-inauguraron-un-complejo-ambiental-en-salto-tras-el-cierre-del-basural-a-cielo-abierto\\\/#primaryimage\",\"url\":\"https:\\\/\\\/infopba247.com.ar\\\/wp-content\\\/uploads\\\/2026\\\/02\\\/unnamed-7.jpg\",\"contentUrl\":\"https:\\\/\\\/infopba247.com.ar\\\/wp-content\\\/uploads\\\/2026\\\/02\\\/unnamed-7.jpg\",\"width\":1280,\"height\":854},{\"@type\":\"BreadcrumbList\",\"@id\":\"https:\\\/\\\/infopba247.com.ar\\\/index.php\\\/2026\\\/02\\\/03\\\/kicillof-y-vilar-inauguraron-un-complejo-ambiental-en-salto-tras-el-cierre-del-basural-a-cielo-abierto\\\/#breadcrumb\",\"itemListElement\":[{\"@type\":\"ListItem\",\"position\":1,\"name\":\"Portada\",\"item\":\"https:\\\/\\\/infopba247.com.ar\\\/\"},{\"@type\":\"ListItem\",\"position\":2,\"name\":\"Kicillof y Vilar inauguraron un Complejo Ambiental en Salto tras el cierre del basural a cielo abierto\"}]},{\"@type\":\"WebSite\",\"@id\":\"https:\\\/\\\/infopba247.com.ar\\\/#website\",\"url\":\"https:\\\/\\\/infopba247.com.ar\\\/\",\"name\":\"InfoPBA247\",\"description\":\"Toda la actualidad bonaerense\",\"publisher\":{\"@id\":\"https:\\\/\\\/infopba247.com.ar\\\/#organization\"},\"potentialAction\":[{\"@type\":\"SearchAction\",\"target\":{\"@type\":\"EntryPoint\",\"urlTemplate\":\"https:\\\/\\\/infopba247.com.ar\\\/?s={search_term_string}\"},\"query-input\":{\"@type\":\"PropertyValueSpecification\",\"valueRequired\":true,\"valueName\":\"search_term_string\"}}],\"inLanguage\":\"es\"},{\"@type\":\"Organization\",\"@id\":\"https:\\\/\\\/infopba247.com.ar\\\/#organization\",\"name\":\"InfoPBA247\",\"url\":\"https:\\\/\\\/infopba247.com.ar\\\/\",\"logo\":{\"@type\":\"ImageObject\",\"inLanguage\":\"es\",\"@id\":\"https:\\\/\\\/infopba247.com.ar\\\/#\\\/schema\\\/logo\\\/image\\\/\",\"url\":\"https:\\\/\\\/infopba247.com.ar\\\/wp-content\\\/uploads\\\/2022\\\/03\\\/cropped-InfoPBA247-1.png\",\"contentUrl\":\"https:\\\/\\\/infopba247.com.ar\\\/wp-content\\\/uploads\\\/2022\\\/03\\\/cropped-InfoPBA247-1.png\",\"width\":500,\"height\":122,\"caption\":\"InfoPBA247\"},\"image\":{\"@id\":\"https:\\\/\\\/infopba247.com.ar\\\/#\\\/schema\\\/logo\\\/image\\\/\"},\"sameAs\":[\"https:\\\/\\\/www.facebook.com\\\/InfoPBA\"]},{\"@type\":\"Person\",\"@id\":\"https:\\\/\\\/infopba247.com.ar\\\/#\\\/schema\\\/person\\\/4975f1343a413e57bf839b3eed0099f2\",\"name\":\"Editor\",\"image\":{\"@type\":\"ImageObject\",\"inLanguage\":\"es\",\"@id\":\"https:\\\/\\\/secure.gravatar.com\\\/avatar\\\/d27fe9520667ca53441d36627a1d6b0fa4a813571ec4803687a7a3a7744685ac?s=96&d=mm&r=g\",\"url\":\"https:\\\/\\\/secure.gravatar.com\\\/avatar\\\/d27fe9520667ca53441d36627a1d6b0fa4a813571ec4803687a7a3a7744685ac?s=96&d=mm&r=g\",\"contentUrl\":\"https:\\\/\\\/secure.gravatar.com\\\/avatar\\\/d27fe9520667ca53441d36627a1d6b0fa4a813571ec4803687a7a3a7744685ac?s=96&d=mm&r=g\",\"caption\":\"Editor\"},\"url\":\"https:\\\/\\\/infopba247.com.ar\\\/index.php\\\/author\\\/editor\\\/\"}]}<\/script>\n<!-- \/ Yoast SEO plugin. -->","yoast_head_json":{"title":"Kicillof y Vilar inauguraron un Complejo Ambiental en Salto tras el cierre del basural a cielo abierto - InfoPBA247","robots":{"index":"index","follow":"follow","max-snippet":"max-snippet:-1","max-image-preview":"max-image-preview:large","max-video-preview":"max-video-preview:-1"},"canonical":"https:\/\/infopba247.com.ar\/index.php\/2026\/02\/03\/kicillof-y-vilar-inauguraron-un-complejo-ambiental-en-salto-tras-el-cierre-del-basural-a-cielo-abierto\/","og_locale":"es_ES","og_type":"article","og_title":"Kicillof y Vilar inauguraron un Complejo Ambiental en Salto tras el cierre del basural a cielo abierto - InfoPBA247","og_description":"El gobernador de la provincia de Buenos Aires, Axel Kicillof, junto a la ministra de Ambiente, Daniela Vilar, y el","og_url":"https:\/\/infopba247.com.ar\/index.php\/2026\/02\/03\/kicillof-y-vilar-inauguraron-un-complejo-ambiental-en-salto-tras-el-cierre-del-basural-a-cielo-abierto\/","og_site_name":"InfoPBA247","article_publisher":"https:\/\/www.facebook.com\/InfoPBA","article_published_time":"2026-02-03T17:29:03+00:00","article_modified_time":"2026-02-03T17:29:04+00:00","og_image":[{"width":1280,"height":854,"url":"https:\/\/infopba247.com.ar\/wp-content\/uploads\/2026\/02\/unnamed-7.jpg","type":"image\/jpeg"}],"author":"Editor","twitter_card":"summary_large_image","twitter_misc":{"Escrito por":"Editor","Tiempo de lectura":"3 minutos"},"schema":{"@context":"https:\/\/schema.org","@graph":[{"@type":"Article","@id":"https:\/\/infopba247.com.ar\/index.php\/2026\/02\/03\/kicillof-y-vilar-inauguraron-un-complejo-ambiental-en-salto-tras-el-cierre-del-basural-a-cielo-abierto\/#article","isPartOf":{"@id":"https:\/\/infopba247.com.ar\/index.php\/2026\/02\/03\/kicillof-y-vilar-inauguraron-un-complejo-ambiental-en-salto-tras-el-cierre-del-basural-a-cielo-abierto\/"},"author":{"name":"Editor","@id":"https:\/\/infopba247.com.ar\/#\/schema\/person\/4975f1343a413e57bf839b3eed0099f2"},"headline":"Kicillof y Vilar inauguraron un Complejo Ambiental en Salto tras el cierre del basural a cielo abierto","datePublished":"2026-02-03T17:29:03+00:00","dateModified":"2026-02-03T17:29:04+00:00","mainEntityOfPage":{"@id":"https:\/\/infopba247.com.ar\/index.php\/2026\/02\/03\/kicillof-y-vilar-inauguraron-un-complejo-ambiental-en-salto-tras-el-cierre-del-basural-a-cielo-abierto\/"},"wordCount":491,"commentCount":0,"publisher":{"@id":"https:\/\/infopba247.com.ar\/#organization"},"image":{"@id":"https:\/\/infopba247.com.ar\/index.php\/2026\/02\/03\/kicillof-y-vilar-inauguraron-un-complejo-ambiental-en-salto-tras-el-cierre-del-basural-a-cielo-abierto\/#primaryimage"},"thumbnailUrl":"https:\/\/infopba247.com.ar\/wp-content\/uploads\/2026\/02\/unnamed-7.jpg","articleSection":["2da Secci\u00f3n","Destacadas","Pol\u00edtica"],"inLanguage":"es","potentialAction":[{"@type":"CommentAction","name":"Comment","target":["https:\/\/infopba247.com.ar\/index.php\/2026\/02\/03\/kicillof-y-vilar-inauguraron-un-complejo-ambiental-en-salto-tras-el-cierre-del-basural-a-cielo-abierto\/#respond"]}]},{"@type":"WebPage","@id":"https:\/\/infopba247.com.ar\/index.php\/2026\/02\/03\/kicillof-y-vilar-inauguraron-un-complejo-ambiental-en-salto-tras-el-cierre-del-basural-a-cielo-abierto\/","url":"https:\/\/infopba247.com.ar\/index.php\/2026\/02\/03\/kicillof-y-vilar-inauguraron-un-complejo-ambiental-en-salto-tras-el-cierre-del-basural-a-cielo-abierto\/","name":"Kicillof y Vilar inauguraron un Complejo Ambiental en Salto tras el cierre del basural a cielo abierto - InfoPBA247","isPartOf":{"@id":"https:\/\/infopba247.com.ar\/#website"},"primaryImageOfPage":{"@id":"https:\/\/infopba247.com.ar\/index.php\/2026\/02\/03\/kicillof-y-vilar-inauguraron-un-complejo-ambiental-en-salto-tras-el-cierre-del-basural-a-cielo-abierto\/#primaryimage"},"image":{"@id":"https:\/\/infopba247.com.ar\/index.php\/2026\/02\/03\/kicillof-y-vilar-inauguraron-un-complejo-ambiental-en-salto-tras-el-cierre-del-basural-a-cielo-abierto\/#primaryimage"},"thumbnailUrl":"https:\/\/infopba247.com.ar\/wp-content\/uploads\/2026\/02\/unnamed-7.jpg","datePublished":"2026-02-03T17:29:03+00:00","dateModified":"2026-02-03T17:29:04+00:00","breadcrumb":{"@id":"https:\/\/infopba247.com.ar\/index.php\/2026\/02\/03\/kicillof-y-vilar-inauguraron-un-complejo-ambiental-en-salto-tras-el-cierre-del-basural-a-cielo-abierto\/#breadcrumb"},"inLanguage":"es","potentialAction":[{"@type":"ReadAction","target":["https:\/\/infopba247.com.ar\/index.php\/2026\/02\/03\/kicillof-y-vilar-inauguraron-un-complejo-ambiental-en-salto-tras-el-cierre-del-basural-a-cielo-abierto\/"]}]},{"@type":"ImageObject","inLanguage":"es","@id":"https:\/\/infopba247.com.ar\/index.php\/2026\/02\/03\/kicillof-y-vilar-inauguraron-un-complejo-ambiental-en-salto-tras-el-cierre-del-basural-a-cielo-abierto\/#primaryimage","url":"https:\/\/infopba247.com.ar\/wp-content\/uploads\/2026\/02\/unnamed-7.jpg","contentUrl":"https:\/\/infopba247.com.ar\/wp-content\/uploads\/2026\/02\/unnamed-7.jpg","width":1280,"height":854},{"@type":"BreadcrumbList","@id":"https:\/\/infopba247.com.ar\/index.php\/2026\/02\/03\/kicillof-y-vilar-inauguraron-un-complejo-ambiental-en-salto-tras-el-cierre-del-basural-a-cielo-abierto\/#breadcrumb","itemListElement":[{"@type":"ListItem","position":1,"name":"Portada","item":"https:\/\/infopba247.com.ar\/"},{"@type":"ListItem","position":2,"name":"Kicillof y Vilar inauguraron un Complejo Ambiental en Salto tras el cierre del basural a cielo abierto"}]},{"@type":"WebSite","@id":"https:\/\/infopba247.com.ar\/#website","url":"https:\/\/infopba247.com.ar\/","name":"InfoPBA247","description":"Toda la actualidad bonaerense","publisher":{"@id":"https:\/\/infopba247.com.ar\/#organization"},"potentialAction":[{"@type":"SearchAction","target":{"@type":"EntryPoint","urlTemplate":"https:\/\/infopba247.com.ar\/?s={search_term_string}"},"query-input":{"@type":"PropertyValueSpecification","valueRequired":true,"valueName":"search_term_string"}}],"inLanguage":"es"},{"@type":"Organization","@id":"https:\/\/infopba247.com.ar\/#organization","name":"InfoPBA247","url":"https:\/\/infopba247.com.ar\/","logo":{"@type":"ImageObject","inLanguage":"es","@id":"https:\/\/infopba247.com.ar\/#\/schema\/logo\/image\/","url":"https:\/\/infopba247.com.ar\/wp-content\/uploads\/2022\/03\/cropped-InfoPBA247-1.png","contentUrl":"https:\/\/infopba247.com.ar\/wp-content\/uploads\/2022\/03\/cropped-InfoPBA247-1.png","width":500,"height":122,"caption":"InfoPBA247"},"image":{"@id":"https:\/\/infopba247.com.ar\/#\/schema\/logo\/image\/"},"sameAs":["https:\/\/www.facebook.com\/InfoPBA"]},{"@type":"Person","@id":"https:\/\/infopba247.com.ar\/#\/schema\/person\/4975f1343a413e57bf839b3eed0099f2","name":"Editor","image":{"@type":"ImageObject","inLanguage":"es","@id":"https:\/\/secure.gravatar.com\/avatar\/d27fe9520667ca53441d36627a1d6b0fa4a813571ec4803687a7a3a7744685ac?s=96&d=mm&r=g","url":"https:\/\/secure.gravatar.com\/avatar\/d27fe9520667ca53441d36627a1d6b0fa4a813571ec4803687a7a3a7744685ac?s=96&d=mm&r=g","contentUrl":"https:\/\/secure.gravatar.com\/avatar\/d27fe9520667ca53441d36627a1d6b0fa4a813571ec4803687a7a3a7744685ac?s=96&d=mm&r=g","caption":"Editor"},"url":"https:\/\/infopba247.com.ar\/index.php\/author\/editor\/"}]}},"_links":{"self":[{"href":"https:\/\/infopba247.com.ar\/index.php\/wp-json\/wp\/v2\/posts\/8916","targetHints":{"allow":["GET"]}}],"collection":[{"href":"https:\/\/infopba247.com.ar\/index.php\/wp-json\/wp\/v2\/posts"}],"about":[{"href":"https:\/\/infopba247.com.ar\/index.php\/wp-json\/wp\/v2\/types\/post"}],"author":[{"embeddable":true,"href":"https:\/\/infopba247.com.ar\/index.php\/wp-json\/wp\/v2\/users\/3"}],"replies":[{"embeddable":true,"href":"https:\/\/infopba247.com.ar\/index.php\/wp-json\/wp\/v2\/comments?post=8916"}],"version-history":[{"count":1,"href":"https:\/\/infopba247.com.ar\/index.php\/wp-json\/wp\/v2\/posts\/8916\/revisions"}],"predecessor-version":[{"id":8921,"href":"https:\/\/infopba247.com.ar\/index.php\/wp-json\/wp\/v2\/posts\/8916\/revisions\/8921"}],"wp:featuredmedia":[{"embeddable":true,"href":"https:\/\/infopba247.com.ar\/index.php\/wp-json\/wp\/v2\/media\/8918"}],"wp:attachment":[{"href":"https:\/\/infopba247.com.ar\/index.php\/wp-json\/wp\/v2\/media?parent=8916"}],"wp:term":[{"taxonomy":"category","embeddable":true,"href":"https:\/\/infopba247.com.ar\/index.php\/wp-json\/wp\/v2\/categories?post=8916"},{"taxonomy":"post_tag","embeddable":true,"href":"https:\/\/infopba247.com.ar\/index.php\/wp-json\/wp\/v2\/tags?post=8916"}],"curies":[{"name":"wp","href":"https:\/\/api.w.org\/{rel}","templated":true}]}}