{"id":890,"date":"2022-11-16T09:18:00","date_gmt":"2022-11-16T12:18:00","guid":{"rendered":"https:\/\/infopba247.com.ar\/?p=890"},"modified":"2022-11-23T09:19:19","modified_gmt":"2022-11-23T12:19:19","slug":"repaso-de-politicas-publicas-con-el-ministro-de-produccion-pba-de-cara-a-la-temporada-estival","status":"publish","type":"post","link":"https:\/\/infopba247.com.ar\/index.php\/2022\/11\/16\/repaso-de-politicas-publicas-con-el-ministro-de-produccion-pba-de-cara-a-la-temporada-estival\/","title":{"rendered":"Repaso de pol\u00edticas p\u00fablicas con el Ministro de Producci\u00f3n PBA de cara a la temporada estival"},"content":{"rendered":"\n<p>El diputado provincial Alejandro Dichiara y el intendente Marcos Fern\u00e1ndez se reunieron con el ministro de Producci\u00f3n, Ciencia e Innovaci\u00f3n Tecnol\u00f3gica bonaerense, Augusto Costa, para trabajar de cara al verano 2022-2023. Se pronostic\u00f3 una \u201ctemporada exponencial\u201d teniendo en cuenta las \u201creservas hasta el momento y la predisposici\u00f3n de la gente\u201d.<\/p>\n\n\n\n<p>El encuentro se realiz\u00f3 junto a los jefes comunales de Mar Chiquita, General Alvarado y Villa Gesell, y a la subsecretaria de Turismo, Soledad Mart\u00ednez.<\/p>\n\n\n\n<p>Entre otros temas, Fern\u00e1ndez expuso que se dialog\u00f3 sobre los viajes de egresados que la Provincia ofrece a las y los alumnos que est\u00e1n terminando sus estudios,&nbsp;<strong>\u201cun programa muy virtuoso\u201d<\/strong>&nbsp;a trav\u00e9s del cual nuestra ciudad habr\u00e1 recibido a fines de este mes unos 15 mil j\u00f3venes.<\/p>\n\n\n\n<p>\u201c<strong>Es una pol\u00edtica que nos vino muy bien a los municipios que todav\u00eda tenemos muy marcada la estacionalidad\u201d<\/strong>, detall\u00f3 y agreg\u00f3 que&nbsp;<strong>\u201ctener en la previa del verano contingentes con chicos es un beneficio para ellos porque pueden disfrutarlo, pero tambi\u00e9n es muy bueno para nosotros porque moviliza la econom\u00eda local\u201d.<\/strong><\/p>\n\n\n\n<p>Adem\u00e1s se hizo un balance sobre la importancia que revisten las fiestas provinciales; el Gobierno bonaerense acompa\u00f1\u00f3 este a\u00f1o 139 eventos populares en 61 municipios destinando unos 250 millones de pesos.<\/p>\n\n\n\n<p>Tambi\u00e9n se refirieron al Programa ReCreo que este verano volver\u00e1 a formar parte de la temporada en Monte Hermoso.<\/p>\n\n\n\n<p>El Ministro de Producci\u00f3n, Augusto Costa, afirm\u00f3 que&nbsp;<strong>\u00abdurante el verano, junto con el Gobernador vamos a hacer un seguimiento presencial en cada territorio para monitorear y apoyar el desarrollo de la temporada\u201d<\/strong>.<\/p>\n","protected":false},"excerpt":{"rendered":"<p>El diputado provincial Alejandro Dichiara y el intendente Marcos Fern\u00e1ndez se reunieron con el ministro de Producci\u00f3n, Ciencia e Innovaci\u00f3n<\/p>\n","protected":false},"author":3,"featured_media":891,"comment_status":"closed","ping_status":"closed","sticky":false,"template":"","format":"standard","meta":{"colormag_page_container_layout":"default_layout","colormag_page_sidebar_layout":"default_layout","footnotes":""},"categories":[10,1,14],"tags":[],"class_list":["post-890","post","type-post","status-publish","format-standard","has-post-thumbnail","hentry","category-6ta-seccion","category-destacadas","category-politica"],"yoast_head":"<!-- This site is optimized with the Yoast SEO plugin v27.4 - https:\/\/yoast.com\/product\/yoast-seo-wordpress\/ -->\n<title>Repaso de pol\u00edticas p\u00fablicas con el Ministro de Producci\u00f3n PBA de cara a la temporada estival - InfoPBA247<\/title>\n<meta name=\"robots\" content=\"index, follow, max-snippet:-1, max-image-preview:large, max-video-preview:-1\" \/>\n<link rel=\"canonical\" href=\"https:\/\/infopba247.com.ar\/index.php\/2022\/11\/16\/repaso-de-politicas-publicas-con-el-ministro-de-produccion-pba-de-cara-a-la-temporada-estival\/\" \/>\n<meta property=\"og:locale\" content=\"es_ES\" \/>\n<meta property=\"og:type\" content=\"article\" \/>\n<meta property=\"og:title\" content=\"Repaso de pol\u00edticas p\u00fablicas con el Ministro de Producci\u00f3n PBA de cara a la temporada estival - InfoPBA247\" \/>\n<meta property=\"og:description\" content=\"El diputado provincial Alejandro Dichiara y el intendente Marcos Fern\u00e1ndez se reunieron con el ministro de Producci\u00f3n, Ciencia e Innovaci\u00f3n\" \/>\n<meta property=\"og:url\" content=\"https:\/\/infopba247.com.ar\/index.php\/2022\/11\/16\/repaso-de-politicas-publicas-con-el-ministro-de-produccion-pba-de-cara-a-la-temporada-estival\/\" \/>\n<meta property=\"og:site_name\" content=\"InfoPBA247\" \/>\n<meta property=\"article:publisher\" content=\"https:\/\/www.facebook.com\/InfoPBA\" \/>\n<meta property=\"article:published_time\" content=\"2022-11-16T12:18:00+00:00\" \/>\n<meta property=\"article:modified_time\" content=\"2022-11-23T12:19:19+00:00\" \/>\n<meta property=\"og:image\" content=\"https:\/\/infopba247.com.ar\/wp-content\/uploads\/2022\/11\/WhatsApp-Image-2022-11-16-at-12.21.16-1-800x445-1.jpeg\" \/>\n\t<meta property=\"og:image:width\" content=\"800\" \/>\n\t<meta property=\"og:image:height\" content=\"445\" \/>\n\t<meta property=\"og:image:type\" content=\"image\/jpeg\" \/>\n<meta name=\"author\" content=\"Editor\" \/>\n<meta name=\"twitter:card\" content=\"summary_large_image\" \/>\n<meta name=\"twitter:label1\" content=\"Escrito por\" \/>\n\t<meta name=\"twitter:data1\" content=\"Editor\" \/>\n\t<meta name=\"twitter:label2\" content=\"Tiempo de lectura\" \/>\n\t<meta name=\"twitter:data2\" content=\"1 minuto\" \/>\n<script type=\"application\/ld+json\" class=\"yoast-schema-graph\">{\"@context\":\"https:\\\/\\\/schema.org\",\"@graph\":[{\"@type\":\"Article\",\"@id\":\"https:\\\/\\\/infopba247.com.ar\\\/index.php\\\/2022\\\/11\\\/16\\\/repaso-de-politicas-publicas-con-el-ministro-de-produccion-pba-de-cara-a-la-temporada-estival\\\/#article\",\"isPartOf\":{\"@id\":\"https:\\\/\\\/infopba247.com.ar\\\/index.php\\\/2022\\\/11\\\/16\\\/repaso-de-politicas-publicas-con-el-ministro-de-produccion-pba-de-cara-a-la-temporada-estival\\\/\"},\"author\":{\"name\":\"Editor\",\"@id\":\"https:\\\/\\\/infopba247.com.ar\\\/#\\\/schema\\\/person\\\/4975f1343a413e57bf839b3eed0099f2\"},\"headline\":\"Repaso de pol\u00edticas p\u00fablicas con el Ministro de Producci\u00f3n PBA de cara a la temporada estival\",\"datePublished\":\"2022-11-16T12:18:00+00:00\",\"dateModified\":\"2022-11-23T12:19:19+00:00\",\"mainEntityOfPage\":{\"@id\":\"https:\\\/\\\/infopba247.com.ar\\\/index.php\\\/2022\\\/11\\\/16\\\/repaso-de-politicas-publicas-con-el-ministro-de-produccion-pba-de-cara-a-la-temporada-estival\\\/\"},\"wordCount\":294,\"publisher\":{\"@id\":\"https:\\\/\\\/infopba247.com.ar\\\/#organization\"},\"image\":{\"@id\":\"https:\\\/\\\/infopba247.com.ar\\\/index.php\\\/2022\\\/11\\\/16\\\/repaso-de-politicas-publicas-con-el-ministro-de-produccion-pba-de-cara-a-la-temporada-estival\\\/#primaryimage\"},\"thumbnailUrl\":\"https:\\\/\\\/infopba247.com.ar\\\/wp-content\\\/uploads\\\/2022\\\/11\\\/WhatsApp-Image-2022-11-16-at-12.21.16-1-800x445-1.jpeg\",\"articleSection\":[\"6ta Secci\u00f3n\",\"Destacadas\",\"Pol\u00edtica\"],\"inLanguage\":\"es\"},{\"@type\":\"WebPage\",\"@id\":\"https:\\\/\\\/infopba247.com.ar\\\/index.php\\\/2022\\\/11\\\/16\\\/repaso-de-politicas-publicas-con-el-ministro-de-produccion-pba-de-cara-a-la-temporada-estival\\\/\",\"url\":\"https:\\\/\\\/infopba247.com.ar\\\/index.php\\\/2022\\\/11\\\/16\\\/repaso-de-politicas-publicas-con-el-ministro-de-produccion-pba-de-cara-a-la-temporada-estival\\\/\",\"name\":\"Repaso de pol\u00edticas p\u00fablicas con el Ministro de Producci\u00f3n PBA de cara a la temporada estival - InfoPBA247\",\"isPartOf\":{\"@id\":\"https:\\\/\\\/infopba247.com.ar\\\/#website\"},\"primaryImageOfPage\":{\"@id\":\"https:\\\/\\\/infopba247.com.ar\\\/index.php\\\/2022\\\/11\\\/16\\\/repaso-de-politicas-publicas-con-el-ministro-de-produccion-pba-de-cara-a-la-temporada-estival\\\/#primaryimage\"},\"image\":{\"@id\":\"https:\\\/\\\/infopba247.com.ar\\\/index.php\\\/2022\\\/11\\\/16\\\/repaso-de-politicas-publicas-con-el-ministro-de-produccion-pba-de-cara-a-la-temporada-estival\\\/#primaryimage\"},\"thumbnailUrl\":\"https:\\\/\\\/infopba247.com.ar\\\/wp-content\\\/uploads\\\/2022\\\/11\\\/WhatsApp-Image-2022-11-16-at-12.21.16-1-800x445-1.jpeg\",\"datePublished\":\"2022-11-16T12:18:00+00:00\",\"dateModified\":\"2022-11-23T12:19:19+00:00\",\"breadcrumb\":{\"@id\":\"https:\\\/\\\/infopba247.com.ar\\\/index.php\\\/2022\\\/11\\\/16\\\/repaso-de-politicas-publicas-con-el-ministro-de-produccion-pba-de-cara-a-la-temporada-estival\\\/#breadcrumb\"},\"inLanguage\":\"es\",\"potentialAction\":[{\"@type\":\"ReadAction\",\"target\":[\"https:\\\/\\\/infopba247.com.ar\\\/index.php\\\/2022\\\/11\\\/16\\\/repaso-de-politicas-publicas-con-el-ministro-de-produccion-pba-de-cara-a-la-temporada-estival\\\/\"]}]},{\"@type\":\"ImageObject\",\"inLanguage\":\"es\",\"@id\":\"https:\\\/\\\/infopba247.com.ar\\\/index.php\\\/2022\\\/11\\\/16\\\/repaso-de-politicas-publicas-con-el-ministro-de-produccion-pba-de-cara-a-la-temporada-estival\\\/#primaryimage\",\"url\":\"https:\\\/\\\/infopba247.com.ar\\\/wp-content\\\/uploads\\\/2022\\\/11\\\/WhatsApp-Image-2022-11-16-at-12.21.16-1-800x445-1.jpeg\",\"contentUrl\":\"https:\\\/\\\/infopba247.com.ar\\\/wp-content\\\/uploads\\\/2022\\\/11\\\/WhatsApp-Image-2022-11-16-at-12.21.16-1-800x445-1.jpeg\",\"width\":800,\"height\":445},{\"@type\":\"BreadcrumbList\",\"@id\":\"https:\\\/\\\/infopba247.com.ar\\\/index.php\\\/2022\\\/11\\\/16\\\/repaso-de-politicas-publicas-con-el-ministro-de-produccion-pba-de-cara-a-la-temporada-estival\\\/#breadcrumb\",\"itemListElement\":[{\"@type\":\"ListItem\",\"position\":1,\"name\":\"Portada\",\"item\":\"https:\\\/\\\/infopba247.com.ar\\\/\"},{\"@type\":\"ListItem\",\"position\":2,\"name\":\"Repaso de pol\u00edticas p\u00fablicas con el Ministro de Producci\u00f3n PBA de cara a la temporada estival\"}]},{\"@type\":\"WebSite\",\"@id\":\"https:\\\/\\\/infopba247.com.ar\\\/#website\",\"url\":\"https:\\\/\\\/infopba247.com.ar\\\/\",\"name\":\"InfoPBA247\",\"description\":\"Toda la actualidad bonaerense\",\"publisher\":{\"@id\":\"https:\\\/\\\/infopba247.com.ar\\\/#organization\"},\"potentialAction\":[{\"@type\":\"SearchAction\",\"target\":{\"@type\":\"EntryPoint\",\"urlTemplate\":\"https:\\\/\\\/infopba247.com.ar\\\/?s={search_term_string}\"},\"query-input\":{\"@type\":\"PropertyValueSpecification\",\"valueRequired\":true,\"valueName\":\"search_term_string\"}}],\"inLanguage\":\"es\"},{\"@type\":\"Organization\",\"@id\":\"https:\\\/\\\/infopba247.com.ar\\\/#organization\",\"name\":\"InfoPBA247\",\"url\":\"https:\\\/\\\/infopba247.com.ar\\\/\",\"logo\":{\"@type\":\"ImageObject\",\"inLanguage\":\"es\",\"@id\":\"https:\\\/\\\/infopba247.com.ar\\\/#\\\/schema\\\/logo\\\/image\\\/\",\"url\":\"https:\\\/\\\/infopba247.com.ar\\\/wp-content\\\/uploads\\\/2022\\\/03\\\/cropped-InfoPBA247-1.png\",\"contentUrl\":\"https:\\\/\\\/infopba247.com.ar\\\/wp-content\\\/uploads\\\/2022\\\/03\\\/cropped-InfoPBA247-1.png\",\"width\":500,\"height\":122,\"caption\":\"InfoPBA247\"},\"image\":{\"@id\":\"https:\\\/\\\/infopba247.com.ar\\\/#\\\/schema\\\/logo\\\/image\\\/\"},\"sameAs\":[\"https:\\\/\\\/www.facebook.com\\\/InfoPBA\"]},{\"@type\":\"Person\",\"@id\":\"https:\\\/\\\/infopba247.com.ar\\\/#\\\/schema\\\/person\\\/4975f1343a413e57bf839b3eed0099f2\",\"name\":\"Editor\",\"image\":{\"@type\":\"ImageObject\",\"inLanguage\":\"es\",\"@id\":\"https:\\\/\\\/secure.gravatar.com\\\/avatar\\\/d27fe9520667ca53441d36627a1d6b0fa4a813571ec4803687a7a3a7744685ac?s=96&d=mm&r=g\",\"url\":\"https:\\\/\\\/secure.gravatar.com\\\/avatar\\\/d27fe9520667ca53441d36627a1d6b0fa4a813571ec4803687a7a3a7744685ac?s=96&d=mm&r=g\",\"contentUrl\":\"https:\\\/\\\/secure.gravatar.com\\\/avatar\\\/d27fe9520667ca53441d36627a1d6b0fa4a813571ec4803687a7a3a7744685ac?s=96&d=mm&r=g\",\"caption\":\"Editor\"},\"url\":\"https:\\\/\\\/infopba247.com.ar\\\/index.php\\\/author\\\/editor\\\/\"}]}<\/script>\n<!-- \/ Yoast SEO plugin. -->","yoast_head_json":{"title":"Repaso de pol\u00edticas p\u00fablicas con el Ministro de Producci\u00f3n PBA de cara a la temporada estival - InfoPBA247","robots":{"index":"index","follow":"follow","max-snippet":"max-snippet:-1","max-image-preview":"max-image-preview:large","max-video-preview":"max-video-preview:-1"},"canonical":"https:\/\/infopba247.com.ar\/index.php\/2022\/11\/16\/repaso-de-politicas-publicas-con-el-ministro-de-produccion-pba-de-cara-a-la-temporada-estival\/","og_locale":"es_ES","og_type":"article","og_title":"Repaso de pol\u00edticas p\u00fablicas con el Ministro de Producci\u00f3n PBA de cara a la temporada estival - InfoPBA247","og_description":"El diputado provincial Alejandro Dichiara y el intendente Marcos Fern\u00e1ndez se reunieron con el ministro de Producci\u00f3n, Ciencia e Innovaci\u00f3n","og_url":"https:\/\/infopba247.com.ar\/index.php\/2022\/11\/16\/repaso-de-politicas-publicas-con-el-ministro-de-produccion-pba-de-cara-a-la-temporada-estival\/","og_site_name":"InfoPBA247","article_publisher":"https:\/\/www.facebook.com\/InfoPBA","article_published_time":"2022-11-16T12:18:00+00:00","article_modified_time":"2022-11-23T12:19:19+00:00","og_image":[{"width":800,"height":445,"url":"https:\/\/infopba247.com.ar\/wp-content\/uploads\/2022\/11\/WhatsApp-Image-2022-11-16-at-12.21.16-1-800x445-1.jpeg","type":"image\/jpeg"}],"author":"Editor","twitter_card":"summary_large_image","twitter_misc":{"Escrito por":"Editor","Tiempo de lectura":"1 minuto"},"schema":{"@context":"https:\/\/schema.org","@graph":[{"@type":"Article","@id":"https:\/\/infopba247.com.ar\/index.php\/2022\/11\/16\/repaso-de-politicas-publicas-con-el-ministro-de-produccion-pba-de-cara-a-la-temporada-estival\/#article","isPartOf":{"@id":"https:\/\/infopba247.com.ar\/index.php\/2022\/11\/16\/repaso-de-politicas-publicas-con-el-ministro-de-produccion-pba-de-cara-a-la-temporada-estival\/"},"author":{"name":"Editor","@id":"https:\/\/infopba247.com.ar\/#\/schema\/person\/4975f1343a413e57bf839b3eed0099f2"},"headline":"Repaso de pol\u00edticas p\u00fablicas con el Ministro de Producci\u00f3n PBA de cara a la temporada estival","datePublished":"2022-11-16T12:18:00+00:00","dateModified":"2022-11-23T12:19:19+00:00","mainEntityOfPage":{"@id":"https:\/\/infopba247.com.ar\/index.php\/2022\/11\/16\/repaso-de-politicas-publicas-con-el-ministro-de-produccion-pba-de-cara-a-la-temporada-estival\/"},"wordCount":294,"publisher":{"@id":"https:\/\/infopba247.com.ar\/#organization"},"image":{"@id":"https:\/\/infopba247.com.ar\/index.php\/2022\/11\/16\/repaso-de-politicas-publicas-con-el-ministro-de-produccion-pba-de-cara-a-la-temporada-estival\/#primaryimage"},"thumbnailUrl":"https:\/\/infopba247.com.ar\/wp-content\/uploads\/2022\/11\/WhatsApp-Image-2022-11-16-at-12.21.16-1-800x445-1.jpeg","articleSection":["6ta Secci\u00f3n","Destacadas","Pol\u00edtica"],"inLanguage":"es"},{"@type":"WebPage","@id":"https:\/\/infopba247.com.ar\/index.php\/2022\/11\/16\/repaso-de-politicas-publicas-con-el-ministro-de-produccion-pba-de-cara-a-la-temporada-estival\/","url":"https:\/\/infopba247.com.ar\/index.php\/2022\/11\/16\/repaso-de-politicas-publicas-con-el-ministro-de-produccion-pba-de-cara-a-la-temporada-estival\/","name":"Repaso de pol\u00edticas p\u00fablicas con el Ministro de Producci\u00f3n PBA de cara a la temporada estival - InfoPBA247","isPartOf":{"@id":"https:\/\/infopba247.com.ar\/#website"},"primaryImageOfPage":{"@id":"https:\/\/infopba247.com.ar\/index.php\/2022\/11\/16\/repaso-de-politicas-publicas-con-el-ministro-de-produccion-pba-de-cara-a-la-temporada-estival\/#primaryimage"},"image":{"@id":"https:\/\/infopba247.com.ar\/index.php\/2022\/11\/16\/repaso-de-politicas-publicas-con-el-ministro-de-produccion-pba-de-cara-a-la-temporada-estival\/#primaryimage"},"thumbnailUrl":"https:\/\/infopba247.com.ar\/wp-content\/uploads\/2022\/11\/WhatsApp-Image-2022-11-16-at-12.21.16-1-800x445-1.jpeg","datePublished":"2022-11-16T12:18:00+00:00","dateModified":"2022-11-23T12:19:19+00:00","breadcrumb":{"@id":"https:\/\/infopba247.com.ar\/index.php\/2022\/11\/16\/repaso-de-politicas-publicas-con-el-ministro-de-produccion-pba-de-cara-a-la-temporada-estival\/#breadcrumb"},"inLanguage":"es","potentialAction":[{"@type":"ReadAction","target":["https:\/\/infopba247.com.ar\/index.php\/2022\/11\/16\/repaso-de-politicas-publicas-con-el-ministro-de-produccion-pba-de-cara-a-la-temporada-estival\/"]}]},{"@type":"ImageObject","inLanguage":"es","@id":"https:\/\/infopba247.com.ar\/index.php\/2022\/11\/16\/repaso-de-politicas-publicas-con-el-ministro-de-produccion-pba-de-cara-a-la-temporada-estival\/#primaryimage","url":"https:\/\/infopba247.com.ar\/wp-content\/uploads\/2022\/11\/WhatsApp-Image-2022-11-16-at-12.21.16-1-800x445-1.jpeg","contentUrl":"https:\/\/infopba247.com.ar\/wp-content\/uploads\/2022\/11\/WhatsApp-Image-2022-11-16-at-12.21.16-1-800x445-1.jpeg","width":800,"height":445},{"@type":"BreadcrumbList","@id":"https:\/\/infopba247.com.ar\/index.php\/2022\/11\/16\/repaso-de-politicas-publicas-con-el-ministro-de-produccion-pba-de-cara-a-la-temporada-estival\/#breadcrumb","itemListElement":[{"@type":"ListItem","position":1,"name":"Portada","item":"https:\/\/infopba247.com.ar\/"},{"@type":"ListItem","position":2,"name":"Repaso de pol\u00edticas p\u00fablicas con el Ministro de Producci\u00f3n PBA de cara a la temporada estival"}]},{"@type":"WebSite","@id":"https:\/\/infopba247.com.ar\/#website","url":"https:\/\/infopba247.com.ar\/","name":"InfoPBA247","description":"Toda la actualidad bonaerense","publisher":{"@id":"https:\/\/infopba247.com.ar\/#organization"},"potentialAction":[{"@type":"SearchAction","target":{"@type":"EntryPoint","urlTemplate":"https:\/\/infopba247.com.ar\/?s={search_term_string}"},"query-input":{"@type":"PropertyValueSpecification","valueRequired":true,"valueName":"search_term_string"}}],"inLanguage":"es"},{"@type":"Organization","@id":"https:\/\/infopba247.com.ar\/#organization","name":"InfoPBA247","url":"https:\/\/infopba247.com.ar\/","logo":{"@type":"ImageObject","inLanguage":"es","@id":"https:\/\/infopba247.com.ar\/#\/schema\/logo\/image\/","url":"https:\/\/infopba247.com.ar\/wp-content\/uploads\/2022\/03\/cropped-InfoPBA247-1.png","contentUrl":"https:\/\/infopba247.com.ar\/wp-content\/uploads\/2022\/03\/cropped-InfoPBA247-1.png","width":500,"height":122,"caption":"InfoPBA247"},"image":{"@id":"https:\/\/infopba247.com.ar\/#\/schema\/logo\/image\/"},"sameAs":["https:\/\/www.facebook.com\/InfoPBA"]},{"@type":"Person","@id":"https:\/\/infopba247.com.ar\/#\/schema\/person\/4975f1343a413e57bf839b3eed0099f2","name":"Editor","image":{"@type":"ImageObject","inLanguage":"es","@id":"https:\/\/secure.gravatar.com\/avatar\/d27fe9520667ca53441d36627a1d6b0fa4a813571ec4803687a7a3a7744685ac?s=96&d=mm&r=g","url":"https:\/\/secure.gravatar.com\/avatar\/d27fe9520667ca53441d36627a1d6b0fa4a813571ec4803687a7a3a7744685ac?s=96&d=mm&r=g","contentUrl":"https:\/\/secure.gravatar.com\/avatar\/d27fe9520667ca53441d36627a1d6b0fa4a813571ec4803687a7a3a7744685ac?s=96&d=mm&r=g","caption":"Editor"},"url":"https:\/\/infopba247.com.ar\/index.php\/author\/editor\/"}]}},"_links":{"self":[{"href":"https:\/\/infopba247.com.ar\/index.php\/wp-json\/wp\/v2\/posts\/890","targetHints":{"allow":["GET"]}}],"collection":[{"href":"https:\/\/infopba247.com.ar\/index.php\/wp-json\/wp\/v2\/posts"}],"about":[{"href":"https:\/\/infopba247.com.ar\/index.php\/wp-json\/wp\/v2\/types\/post"}],"author":[{"embeddable":true,"href":"https:\/\/infopba247.com.ar\/index.php\/wp-json\/wp\/v2\/users\/3"}],"replies":[{"embeddable":true,"href":"https:\/\/infopba247.com.ar\/index.php\/wp-json\/wp\/v2\/comments?post=890"}],"version-history":[{"count":1,"href":"https:\/\/infopba247.com.ar\/index.php\/wp-json\/wp\/v2\/posts\/890\/revisions"}],"predecessor-version":[{"id":892,"href":"https:\/\/infopba247.com.ar\/index.php\/wp-json\/wp\/v2\/posts\/890\/revisions\/892"}],"wp:featuredmedia":[{"embeddable":true,"href":"https:\/\/infopba247.com.ar\/index.php\/wp-json\/wp\/v2\/media\/891"}],"wp:attachment":[{"href":"https:\/\/infopba247.com.ar\/index.php\/wp-json\/wp\/v2\/media?parent=890"}],"wp:term":[{"taxonomy":"category","embeddable":true,"href":"https:\/\/infopba247.com.ar\/index.php\/wp-json\/wp\/v2\/categories?post=890"},{"taxonomy":"post_tag","embeddable":true,"href":"https:\/\/infopba247.com.ar\/index.php\/wp-json\/wp\/v2\/tags?post=890"}],"curies":[{"name":"wp","href":"https:\/\/api.w.org\/{rel}","templated":true}]}}