{"id":8883,"date":"2026-01-29T14:27:23","date_gmt":"2026-01-29T17:27:23","guid":{"rendered":"https:\/\/infopba247.com.ar\/?p=8883"},"modified":"2026-01-29T14:27:27","modified_gmt":"2026-01-29T17:27:27","slug":"carlos-casares-palpita-la-maraton-nocturna-4k-y-8k-de-la-fiesta-nacional-del-girasol","status":"publish","type":"post","link":"https:\/\/infopba247.com.ar\/index.php\/2026\/01\/29\/carlos-casares-palpita-la-maraton-nocturna-4k-y-8k-de-la-fiesta-nacional-del-girasol\/","title":{"rendered":"Carlos Casares palpita la Marat\u00f3n Nocturna 4K y 8K de la Fiesta Nacional del Girasol"},"content":{"rendered":"\n<p>Carlos Casares se prepara para vivir una nueva edici\u00f3n de la Marat\u00f3n Nocturna, que se desarrollar\u00e1 el s\u00e1bado 31 de enero en el marco del programa Camino a la Fiesta Nacional del Girasol. La propuesta deportiva tendr\u00e1 modalidades de 4 y 8 kil\u00f3metros y promete llenar de energ\u00eda, deporte y emoci\u00f3n las calles de la ciudad.<\/p>\n\n\n\n<p>Largada y recorrido confirmado<\/p>\n\n\n\n<p>La largada est\u00e1 prevista para las 19:30 horas y el circuito tendr\u00e1 como eje principal la Avenida San Mart\u00edn, extendi\u00e9ndose desde la zona c\u00e9ntrica hacia distintos sectores de la ciudad. El recorrido ya fue confirmado y permitir\u00e1 a vecinos y vecinas conocer con anticipaci\u00f3n las calles por donde transitar\u00e1n los atletas durante la competencia nocturna.<\/p>\n\n\n\n<p>Cortes de tr\u00e1nsito y recomendaciones<\/p>\n\n\n\n<p>Con motivo del desarrollo de la marat\u00f3n, se inform\u00f3 que habr\u00e1 calles cortadas entre las 19 y las 22 horas en los sectores comprendidos dentro del recorrido. Desde la organizaci\u00f3n se solicita a la comunidad circular con precauci\u00f3n, respetar las indicaciones del personal dispuesto en la v\u00eda p\u00fablica y colaborar para que el evento se desarrolle con normalidad.<\/p>\n\n\n\n<p>Trabajo articulado y apoyo institucional<\/p>\n\n\n\n<p>La Marat\u00f3n Nocturna es organizada por la Comisi\u00f3n de Atletas Casarenses, junto a la Subsecretar\u00eda de Deportes y la Municipalidad de Carlos Casares, en una acci\u00f3n conjunta que busca promover el deporte, la actividad f\u00edsica y el uso del espacio p\u00fablico como punto de encuentro comunitario.<\/p>\n\n\n\n<p>El evento se consolida como una de las propuestas deportivas m\u00e1s convocantes del verano, invitando a corredores y vecinos a empezar a palpitar una verdadera fiesta del deporte en la ciudad.<\/p>\n\n\n\n<ul class=\"wp-block-list\">\n<li><a href=\"https:\/\/postpolitico.com.ar\/el-municipio-concreto-nuevos-operativos-de-remocion-de-autos-abandonados-en-san-carlos-y-los-hornos\/\"><\/a><\/li>\n<\/ul>\n","protected":false},"excerpt":{"rendered":"<p>Carlos Casares se prepara para vivir una nueva edici\u00f3n de la Marat\u00f3n Nocturna, que se desarrollar\u00e1 el s\u00e1bado 31 de<\/p>\n","protected":false},"author":3,"featured_media":8886,"comment_status":"open","ping_status":"open","sticky":false,"template":"","format":"standard","meta":{"colormag_page_container_layout":"default_layout","colormag_page_sidebar_layout":"default_layout","footnotes":""},"categories":[8,1,14],"tags":[],"class_list":["post-8883","post","type-post","status-publish","format-standard","has-post-thumbnail","hentry","category-4ta-seccion","category-destacadas","category-politica"],"yoast_head":"<!-- This site is optimized with the Yoast SEO plugin v27.4 - https:\/\/yoast.com\/product\/yoast-seo-wordpress\/ -->\n<title>Carlos Casares palpita la Marat\u00f3n Nocturna 4K y 8K de la Fiesta Nacional del Girasol - InfoPBA247<\/title>\n<meta name=\"robots\" content=\"index, follow, max-snippet:-1, max-image-preview:large, max-video-preview:-1\" \/>\n<link rel=\"canonical\" href=\"https:\/\/infopba247.com.ar\/index.php\/2026\/01\/29\/carlos-casares-palpita-la-maraton-nocturna-4k-y-8k-de-la-fiesta-nacional-del-girasol\/\" \/>\n<meta property=\"og:locale\" content=\"es_ES\" \/>\n<meta property=\"og:type\" content=\"article\" \/>\n<meta property=\"og:title\" content=\"Carlos Casares palpita la Marat\u00f3n Nocturna 4K y 8K de la Fiesta Nacional del Girasol - InfoPBA247\" \/>\n<meta property=\"og:description\" content=\"Carlos Casares se prepara para vivir una nueva edici\u00f3n de la Marat\u00f3n Nocturna, que se desarrollar\u00e1 el s\u00e1bado 31 de\" \/>\n<meta property=\"og:url\" content=\"https:\/\/infopba247.com.ar\/index.php\/2026\/01\/29\/carlos-casares-palpita-la-maraton-nocturna-4k-y-8k-de-la-fiesta-nacional-del-girasol\/\" \/>\n<meta property=\"og:site_name\" content=\"InfoPBA247\" \/>\n<meta property=\"article:publisher\" content=\"https:\/\/www.facebook.com\/InfoPBA\" \/>\n<meta property=\"article:published_time\" content=\"2026-01-29T17:27:23+00:00\" \/>\n<meta property=\"article:modified_time\" content=\"2026-01-29T17:27:27+00:00\" \/>\n<meta property=\"og:image\" content=\"https:\/\/infopba247.com.ar\/wp-content\/uploads\/2026\/01\/WhatsApp-Image-2026-01-28-at-12.52.04-PM.jpeg\" \/>\n\t<meta property=\"og:image:width\" content=\"2048\" \/>\n\t<meta property=\"og:image:height\" content=\"2560\" \/>\n\t<meta property=\"og:image:type\" content=\"image\/jpeg\" \/>\n<meta name=\"author\" content=\"Editor\" \/>\n<meta name=\"twitter:card\" content=\"summary_large_image\" \/>\n<meta name=\"twitter:label1\" content=\"Escrito por\" \/>\n\t<meta name=\"twitter:data1\" content=\"Editor\" \/>\n\t<meta name=\"twitter:label2\" content=\"Tiempo de lectura\" \/>\n\t<meta name=\"twitter:data2\" content=\"2 minutos\" \/>\n<script type=\"application\/ld+json\" class=\"yoast-schema-graph\">{\"@context\":\"https:\\\/\\\/schema.org\",\"@graph\":[{\"@type\":\"Article\",\"@id\":\"https:\\\/\\\/infopba247.com.ar\\\/index.php\\\/2026\\\/01\\\/29\\\/carlos-casares-palpita-la-maraton-nocturna-4k-y-8k-de-la-fiesta-nacional-del-girasol\\\/#article\",\"isPartOf\":{\"@id\":\"https:\\\/\\\/infopba247.com.ar\\\/index.php\\\/2026\\\/01\\\/29\\\/carlos-casares-palpita-la-maraton-nocturna-4k-y-8k-de-la-fiesta-nacional-del-girasol\\\/\"},\"author\":{\"name\":\"Editor\",\"@id\":\"https:\\\/\\\/infopba247.com.ar\\\/#\\\/schema\\\/person\\\/4975f1343a413e57bf839b3eed0099f2\"},\"headline\":\"Carlos Casares palpita la Marat\u00f3n Nocturna 4K y 8K de la Fiesta Nacional del Girasol\",\"datePublished\":\"2026-01-29T17:27:23+00:00\",\"dateModified\":\"2026-01-29T17:27:27+00:00\",\"mainEntityOfPage\":{\"@id\":\"https:\\\/\\\/infopba247.com.ar\\\/index.php\\\/2026\\\/01\\\/29\\\/carlos-casares-palpita-la-maraton-nocturna-4k-y-8k-de-la-fiesta-nacional-del-girasol\\\/\"},\"wordCount\":294,\"commentCount\":0,\"publisher\":{\"@id\":\"https:\\\/\\\/infopba247.com.ar\\\/#organization\"},\"image\":{\"@id\":\"https:\\\/\\\/infopba247.com.ar\\\/index.php\\\/2026\\\/01\\\/29\\\/carlos-casares-palpita-la-maraton-nocturna-4k-y-8k-de-la-fiesta-nacional-del-girasol\\\/#primaryimage\"},\"thumbnailUrl\":\"https:\\\/\\\/infopba247.com.ar\\\/wp-content\\\/uploads\\\/2026\\\/01\\\/WhatsApp-Image-2026-01-28-at-12.52.04-PM.jpeg\",\"articleSection\":[\"4ta Secci\u00f3n\",\"Destacadas\",\"Pol\u00edtica\"],\"inLanguage\":\"es\",\"potentialAction\":[{\"@type\":\"CommentAction\",\"name\":\"Comment\",\"target\":[\"https:\\\/\\\/infopba247.com.ar\\\/index.php\\\/2026\\\/01\\\/29\\\/carlos-casares-palpita-la-maraton-nocturna-4k-y-8k-de-la-fiesta-nacional-del-girasol\\\/#respond\"]}]},{\"@type\":\"WebPage\",\"@id\":\"https:\\\/\\\/infopba247.com.ar\\\/index.php\\\/2026\\\/01\\\/29\\\/carlos-casares-palpita-la-maraton-nocturna-4k-y-8k-de-la-fiesta-nacional-del-girasol\\\/\",\"url\":\"https:\\\/\\\/infopba247.com.ar\\\/index.php\\\/2026\\\/01\\\/29\\\/carlos-casares-palpita-la-maraton-nocturna-4k-y-8k-de-la-fiesta-nacional-del-girasol\\\/\",\"name\":\"Carlos Casares palpita la Marat\u00f3n Nocturna 4K y 8K de la Fiesta Nacional del Girasol - InfoPBA247\",\"isPartOf\":{\"@id\":\"https:\\\/\\\/infopba247.com.ar\\\/#website\"},\"primaryImageOfPage\":{\"@id\":\"https:\\\/\\\/infopba247.com.ar\\\/index.php\\\/2026\\\/01\\\/29\\\/carlos-casares-palpita-la-maraton-nocturna-4k-y-8k-de-la-fiesta-nacional-del-girasol\\\/#primaryimage\"},\"image\":{\"@id\":\"https:\\\/\\\/infopba247.com.ar\\\/index.php\\\/2026\\\/01\\\/29\\\/carlos-casares-palpita-la-maraton-nocturna-4k-y-8k-de-la-fiesta-nacional-del-girasol\\\/#primaryimage\"},\"thumbnailUrl\":\"https:\\\/\\\/infopba247.com.ar\\\/wp-content\\\/uploads\\\/2026\\\/01\\\/WhatsApp-Image-2026-01-28-at-12.52.04-PM.jpeg\",\"datePublished\":\"2026-01-29T17:27:23+00:00\",\"dateModified\":\"2026-01-29T17:27:27+00:00\",\"breadcrumb\":{\"@id\":\"https:\\\/\\\/infopba247.com.ar\\\/index.php\\\/2026\\\/01\\\/29\\\/carlos-casares-palpita-la-maraton-nocturna-4k-y-8k-de-la-fiesta-nacional-del-girasol\\\/#breadcrumb\"},\"inLanguage\":\"es\",\"potentialAction\":[{\"@type\":\"ReadAction\",\"target\":[\"https:\\\/\\\/infopba247.com.ar\\\/index.php\\\/2026\\\/01\\\/29\\\/carlos-casares-palpita-la-maraton-nocturna-4k-y-8k-de-la-fiesta-nacional-del-girasol\\\/\"]}]},{\"@type\":\"ImageObject\",\"inLanguage\":\"es\",\"@id\":\"https:\\\/\\\/infopba247.com.ar\\\/index.php\\\/2026\\\/01\\\/29\\\/carlos-casares-palpita-la-maraton-nocturna-4k-y-8k-de-la-fiesta-nacional-del-girasol\\\/#primaryimage\",\"url\":\"https:\\\/\\\/infopba247.com.ar\\\/wp-content\\\/uploads\\\/2026\\\/01\\\/WhatsApp-Image-2026-01-28-at-12.52.04-PM.jpeg\",\"contentUrl\":\"https:\\\/\\\/infopba247.com.ar\\\/wp-content\\\/uploads\\\/2026\\\/01\\\/WhatsApp-Image-2026-01-28-at-12.52.04-PM.jpeg\",\"width\":2048,\"height\":2560},{\"@type\":\"BreadcrumbList\",\"@id\":\"https:\\\/\\\/infopba247.com.ar\\\/index.php\\\/2026\\\/01\\\/29\\\/carlos-casares-palpita-la-maraton-nocturna-4k-y-8k-de-la-fiesta-nacional-del-girasol\\\/#breadcrumb\",\"itemListElement\":[{\"@type\":\"ListItem\",\"position\":1,\"name\":\"Portada\",\"item\":\"https:\\\/\\\/infopba247.com.ar\\\/\"},{\"@type\":\"ListItem\",\"position\":2,\"name\":\"Carlos Casares palpita la Marat\u00f3n Nocturna 4K y 8K de la Fiesta Nacional del Girasol\"}]},{\"@type\":\"WebSite\",\"@id\":\"https:\\\/\\\/infopba247.com.ar\\\/#website\",\"url\":\"https:\\\/\\\/infopba247.com.ar\\\/\",\"name\":\"InfoPBA247\",\"description\":\"Toda la actualidad bonaerense\",\"publisher\":{\"@id\":\"https:\\\/\\\/infopba247.com.ar\\\/#organization\"},\"potentialAction\":[{\"@type\":\"SearchAction\",\"target\":{\"@type\":\"EntryPoint\",\"urlTemplate\":\"https:\\\/\\\/infopba247.com.ar\\\/?s={search_term_string}\"},\"query-input\":{\"@type\":\"PropertyValueSpecification\",\"valueRequired\":true,\"valueName\":\"search_term_string\"}}],\"inLanguage\":\"es\"},{\"@type\":\"Organization\",\"@id\":\"https:\\\/\\\/infopba247.com.ar\\\/#organization\",\"name\":\"InfoPBA247\",\"url\":\"https:\\\/\\\/infopba247.com.ar\\\/\",\"logo\":{\"@type\":\"ImageObject\",\"inLanguage\":\"es\",\"@id\":\"https:\\\/\\\/infopba247.com.ar\\\/#\\\/schema\\\/logo\\\/image\\\/\",\"url\":\"https:\\\/\\\/infopba247.com.ar\\\/wp-content\\\/uploads\\\/2022\\\/03\\\/cropped-InfoPBA247-1.png\",\"contentUrl\":\"https:\\\/\\\/infopba247.com.ar\\\/wp-content\\\/uploads\\\/2022\\\/03\\\/cropped-InfoPBA247-1.png\",\"width\":500,\"height\":122,\"caption\":\"InfoPBA247\"},\"image\":{\"@id\":\"https:\\\/\\\/infopba247.com.ar\\\/#\\\/schema\\\/logo\\\/image\\\/\"},\"sameAs\":[\"https:\\\/\\\/www.facebook.com\\\/InfoPBA\"]},{\"@type\":\"Person\",\"@id\":\"https:\\\/\\\/infopba247.com.ar\\\/#\\\/schema\\\/person\\\/4975f1343a413e57bf839b3eed0099f2\",\"name\":\"Editor\",\"image\":{\"@type\":\"ImageObject\",\"inLanguage\":\"es\",\"@id\":\"https:\\\/\\\/secure.gravatar.com\\\/avatar\\\/d27fe9520667ca53441d36627a1d6b0fa4a813571ec4803687a7a3a7744685ac?s=96&d=mm&r=g\",\"url\":\"https:\\\/\\\/secure.gravatar.com\\\/avatar\\\/d27fe9520667ca53441d36627a1d6b0fa4a813571ec4803687a7a3a7744685ac?s=96&d=mm&r=g\",\"contentUrl\":\"https:\\\/\\\/secure.gravatar.com\\\/avatar\\\/d27fe9520667ca53441d36627a1d6b0fa4a813571ec4803687a7a3a7744685ac?s=96&d=mm&r=g\",\"caption\":\"Editor\"},\"url\":\"https:\\\/\\\/infopba247.com.ar\\\/index.php\\\/author\\\/editor\\\/\"}]}<\/script>\n<!-- \/ Yoast SEO plugin. -->","yoast_head_json":{"title":"Carlos Casares palpita la Marat\u00f3n Nocturna 4K y 8K de la Fiesta Nacional del Girasol - InfoPBA247","robots":{"index":"index","follow":"follow","max-snippet":"max-snippet:-1","max-image-preview":"max-image-preview:large","max-video-preview":"max-video-preview:-1"},"canonical":"https:\/\/infopba247.com.ar\/index.php\/2026\/01\/29\/carlos-casares-palpita-la-maraton-nocturna-4k-y-8k-de-la-fiesta-nacional-del-girasol\/","og_locale":"es_ES","og_type":"article","og_title":"Carlos Casares palpita la Marat\u00f3n Nocturna 4K y 8K de la Fiesta Nacional del Girasol - InfoPBA247","og_description":"Carlos Casares se prepara para vivir una nueva edici\u00f3n de la Marat\u00f3n Nocturna, que se desarrollar\u00e1 el s\u00e1bado 31 de","og_url":"https:\/\/infopba247.com.ar\/index.php\/2026\/01\/29\/carlos-casares-palpita-la-maraton-nocturna-4k-y-8k-de-la-fiesta-nacional-del-girasol\/","og_site_name":"InfoPBA247","article_publisher":"https:\/\/www.facebook.com\/InfoPBA","article_published_time":"2026-01-29T17:27:23+00:00","article_modified_time":"2026-01-29T17:27:27+00:00","og_image":[{"width":2048,"height":2560,"url":"https:\/\/infopba247.com.ar\/wp-content\/uploads\/2026\/01\/WhatsApp-Image-2026-01-28-at-12.52.04-PM.jpeg","type":"image\/jpeg"}],"author":"Editor","twitter_card":"summary_large_image","twitter_misc":{"Escrito por":"Editor","Tiempo de lectura":"2 minutos"},"schema":{"@context":"https:\/\/schema.org","@graph":[{"@type":"Article","@id":"https:\/\/infopba247.com.ar\/index.php\/2026\/01\/29\/carlos-casares-palpita-la-maraton-nocturna-4k-y-8k-de-la-fiesta-nacional-del-girasol\/#article","isPartOf":{"@id":"https:\/\/infopba247.com.ar\/index.php\/2026\/01\/29\/carlos-casares-palpita-la-maraton-nocturna-4k-y-8k-de-la-fiesta-nacional-del-girasol\/"},"author":{"name":"Editor","@id":"https:\/\/infopba247.com.ar\/#\/schema\/person\/4975f1343a413e57bf839b3eed0099f2"},"headline":"Carlos Casares palpita la Marat\u00f3n Nocturna 4K y 8K de la Fiesta Nacional del Girasol","datePublished":"2026-01-29T17:27:23+00:00","dateModified":"2026-01-29T17:27:27+00:00","mainEntityOfPage":{"@id":"https:\/\/infopba247.com.ar\/index.php\/2026\/01\/29\/carlos-casares-palpita-la-maraton-nocturna-4k-y-8k-de-la-fiesta-nacional-del-girasol\/"},"wordCount":294,"commentCount":0,"publisher":{"@id":"https:\/\/infopba247.com.ar\/#organization"},"image":{"@id":"https:\/\/infopba247.com.ar\/index.php\/2026\/01\/29\/carlos-casares-palpita-la-maraton-nocturna-4k-y-8k-de-la-fiesta-nacional-del-girasol\/#primaryimage"},"thumbnailUrl":"https:\/\/infopba247.com.ar\/wp-content\/uploads\/2026\/01\/WhatsApp-Image-2026-01-28-at-12.52.04-PM.jpeg","articleSection":["4ta Secci\u00f3n","Destacadas","Pol\u00edtica"],"inLanguage":"es","potentialAction":[{"@type":"CommentAction","name":"Comment","target":["https:\/\/infopba247.com.ar\/index.php\/2026\/01\/29\/carlos-casares-palpita-la-maraton-nocturna-4k-y-8k-de-la-fiesta-nacional-del-girasol\/#respond"]}]},{"@type":"WebPage","@id":"https:\/\/infopba247.com.ar\/index.php\/2026\/01\/29\/carlos-casares-palpita-la-maraton-nocturna-4k-y-8k-de-la-fiesta-nacional-del-girasol\/","url":"https:\/\/infopba247.com.ar\/index.php\/2026\/01\/29\/carlos-casares-palpita-la-maraton-nocturna-4k-y-8k-de-la-fiesta-nacional-del-girasol\/","name":"Carlos Casares palpita la Marat\u00f3n Nocturna 4K y 8K de la Fiesta Nacional del Girasol - InfoPBA247","isPartOf":{"@id":"https:\/\/infopba247.com.ar\/#website"},"primaryImageOfPage":{"@id":"https:\/\/infopba247.com.ar\/index.php\/2026\/01\/29\/carlos-casares-palpita-la-maraton-nocturna-4k-y-8k-de-la-fiesta-nacional-del-girasol\/#primaryimage"},"image":{"@id":"https:\/\/infopba247.com.ar\/index.php\/2026\/01\/29\/carlos-casares-palpita-la-maraton-nocturna-4k-y-8k-de-la-fiesta-nacional-del-girasol\/#primaryimage"},"thumbnailUrl":"https:\/\/infopba247.com.ar\/wp-content\/uploads\/2026\/01\/WhatsApp-Image-2026-01-28-at-12.52.04-PM.jpeg","datePublished":"2026-01-29T17:27:23+00:00","dateModified":"2026-01-29T17:27:27+00:00","breadcrumb":{"@id":"https:\/\/infopba247.com.ar\/index.php\/2026\/01\/29\/carlos-casares-palpita-la-maraton-nocturna-4k-y-8k-de-la-fiesta-nacional-del-girasol\/#breadcrumb"},"inLanguage":"es","potentialAction":[{"@type":"ReadAction","target":["https:\/\/infopba247.com.ar\/index.php\/2026\/01\/29\/carlos-casares-palpita-la-maraton-nocturna-4k-y-8k-de-la-fiesta-nacional-del-girasol\/"]}]},{"@type":"ImageObject","inLanguage":"es","@id":"https:\/\/infopba247.com.ar\/index.php\/2026\/01\/29\/carlos-casares-palpita-la-maraton-nocturna-4k-y-8k-de-la-fiesta-nacional-del-girasol\/#primaryimage","url":"https:\/\/infopba247.com.ar\/wp-content\/uploads\/2026\/01\/WhatsApp-Image-2026-01-28-at-12.52.04-PM.jpeg","contentUrl":"https:\/\/infopba247.com.ar\/wp-content\/uploads\/2026\/01\/WhatsApp-Image-2026-01-28-at-12.52.04-PM.jpeg","width":2048,"height":2560},{"@type":"BreadcrumbList","@id":"https:\/\/infopba247.com.ar\/index.php\/2026\/01\/29\/carlos-casares-palpita-la-maraton-nocturna-4k-y-8k-de-la-fiesta-nacional-del-girasol\/#breadcrumb","itemListElement":[{"@type":"ListItem","position":1,"name":"Portada","item":"https:\/\/infopba247.com.ar\/"},{"@type":"ListItem","position":2,"name":"Carlos Casares palpita la Marat\u00f3n Nocturna 4K y 8K de la Fiesta Nacional del Girasol"}]},{"@type":"WebSite","@id":"https:\/\/infopba247.com.ar\/#website","url":"https:\/\/infopba247.com.ar\/","name":"InfoPBA247","description":"Toda la actualidad bonaerense","publisher":{"@id":"https:\/\/infopba247.com.ar\/#organization"},"potentialAction":[{"@type":"SearchAction","target":{"@type":"EntryPoint","urlTemplate":"https:\/\/infopba247.com.ar\/?s={search_term_string}"},"query-input":{"@type":"PropertyValueSpecification","valueRequired":true,"valueName":"search_term_string"}}],"inLanguage":"es"},{"@type":"Organization","@id":"https:\/\/infopba247.com.ar\/#organization","name":"InfoPBA247","url":"https:\/\/infopba247.com.ar\/","logo":{"@type":"ImageObject","inLanguage":"es","@id":"https:\/\/infopba247.com.ar\/#\/schema\/logo\/image\/","url":"https:\/\/infopba247.com.ar\/wp-content\/uploads\/2022\/03\/cropped-InfoPBA247-1.png","contentUrl":"https:\/\/infopba247.com.ar\/wp-content\/uploads\/2022\/03\/cropped-InfoPBA247-1.png","width":500,"height":122,"caption":"InfoPBA247"},"image":{"@id":"https:\/\/infopba247.com.ar\/#\/schema\/logo\/image\/"},"sameAs":["https:\/\/www.facebook.com\/InfoPBA"]},{"@type":"Person","@id":"https:\/\/infopba247.com.ar\/#\/schema\/person\/4975f1343a413e57bf839b3eed0099f2","name":"Editor","image":{"@type":"ImageObject","inLanguage":"es","@id":"https:\/\/secure.gravatar.com\/avatar\/d27fe9520667ca53441d36627a1d6b0fa4a813571ec4803687a7a3a7744685ac?s=96&d=mm&r=g","url":"https:\/\/secure.gravatar.com\/avatar\/d27fe9520667ca53441d36627a1d6b0fa4a813571ec4803687a7a3a7744685ac?s=96&d=mm&r=g","contentUrl":"https:\/\/secure.gravatar.com\/avatar\/d27fe9520667ca53441d36627a1d6b0fa4a813571ec4803687a7a3a7744685ac?s=96&d=mm&r=g","caption":"Editor"},"url":"https:\/\/infopba247.com.ar\/index.php\/author\/editor\/"}]}},"_links":{"self":[{"href":"https:\/\/infopba247.com.ar\/index.php\/wp-json\/wp\/v2\/posts\/8883","targetHints":{"allow":["GET"]}}],"collection":[{"href":"https:\/\/infopba247.com.ar\/index.php\/wp-json\/wp\/v2\/posts"}],"about":[{"href":"https:\/\/infopba247.com.ar\/index.php\/wp-json\/wp\/v2\/types\/post"}],"author":[{"embeddable":true,"href":"https:\/\/infopba247.com.ar\/index.php\/wp-json\/wp\/v2\/users\/3"}],"replies":[{"embeddable":true,"href":"https:\/\/infopba247.com.ar\/index.php\/wp-json\/wp\/v2\/comments?post=8883"}],"version-history":[{"count":1,"href":"https:\/\/infopba247.com.ar\/index.php\/wp-json\/wp\/v2\/posts\/8883\/revisions"}],"predecessor-version":[{"id":8888,"href":"https:\/\/infopba247.com.ar\/index.php\/wp-json\/wp\/v2\/posts\/8883\/revisions\/8888"}],"wp:featuredmedia":[{"embeddable":true,"href":"https:\/\/infopba247.com.ar\/index.php\/wp-json\/wp\/v2\/media\/8886"}],"wp:attachment":[{"href":"https:\/\/infopba247.com.ar\/index.php\/wp-json\/wp\/v2\/media?parent=8883"}],"wp:term":[{"taxonomy":"category","embeddable":true,"href":"https:\/\/infopba247.com.ar\/index.php\/wp-json\/wp\/v2\/categories?post=8883"},{"taxonomy":"post_tag","embeddable":true,"href":"https:\/\/infopba247.com.ar\/index.php\/wp-json\/wp\/v2\/tags?post=8883"}],"curies":[{"name":"wp","href":"https:\/\/api.w.org\/{rel}","templated":true}]}}