{"id":8845,"date":"2026-01-23T11:05:27","date_gmt":"2026-01-23T14:05:27","guid":{"rendered":"https:\/\/infopba247.com.ar\/?p=8845"},"modified":"2026-01-23T11:05:30","modified_gmt":"2026-01-23T14:05:30","slug":"anuncian-cortes-de-transito-por-el-rodaje-de-la-nueva-miniserie-para-netflix-en-la-ciudad","status":"publish","type":"post","link":"https:\/\/infopba247.com.ar\/index.php\/2026\/01\/23\/anuncian-cortes-de-transito-por-el-rodaje-de-la-nueva-miniserie-para-netflix-en-la-ciudad\/","title":{"rendered":"Anuncian cortes de tr\u00e1nsito por el rodaje de la nueva miniserie para Netflix en la ciudad"},"content":{"rendered":"\n<p>Con motivo del rodaje en la ciudad de la nueva miniserie El futuro es nuestro, producida por K&amp;S Films para Netflix, la Municipalidad de La Plata anunci\u00f3 cortes en diferentes arterias del casco urbano.<\/p>\n\n\n\n<p>Seg\u00fan se inform\u00f3, la primera etapa de los trabajos f\u00edlmicos que se realizar\u00e1n en las inmediaciones del Centro Municipal de las Artes Pasaje Dardo Rocha requerir\u00e1 modificaciones en la circulaci\u00f3n desde el viernes 23 hasta el domingo 25 de enero, y la segunda, del 30 de enero al 2 de febrero.<\/p>\n\n\n\n<p>En ese sentido, el viernes 23 desde las 22:00 y el s\u00e1bado 24 y el domingo 25 durante toda la jornada permanecer\u00e1n cerradas al tr\u00e1nsito las esquinas de 6 y 51, 5 y 50, diagonal 80 y 5, 49 y 7, 51 y 5 y 48 y 5.<\/p>\n\n\n\n<p>Por otro lado, a lo largo de todo el viernes 30 se cerrar\u00e1 el tr\u00e1nsito vehicular en 6 y 50, 7 y 49 y 5 y 48, y los d\u00edas s\u00e1bado 31 de enero y domingo 1\u00b0 y lunes 2 de febrero en 5 y 50, 5 y 51, diagonal 80 y 49, 7 y 49, 5 y 48, 7 y 47 y 6 y 51.<\/p>\n\n\n\n<p>Asimismo, se aclar\u00f3 que durante los d\u00edas de filmaci\u00f3n no estar\u00e1 permitido el estacionamiento en las calles afectadas por los cortes. Adem\u00e1s, se solicit\u00f3 circular con precauci\u00f3n y evitar la zona en la medida de lo posible.<\/p>\n\n\n\n<p>Finalmente, es importante se\u00f1alar que las escenas de acci\u00f3n de la miniserie demandar\u00e1n el uso de veh\u00edculos militares, por lo que durante las mencionadas jornadas se los ver\u00e1 circulando solo con fines ficcionales.<\/p>\n\n\n\n<p>LA PLATA, SET DE EL FUTURO ES NUESTRO<\/p>\n\n\n\n<p>La trama de la miniserie se desarrolla en un mundo dist\u00f3pico donde una coalici\u00f3n de pa\u00edses sudamericanos intenta contrarrestar el hambre y la violencia. La aparici\u00f3n de un l\u00edder religioso pondr\u00e1 en crisis la ya inestable situaci\u00f3n y quedar\u00e1 en manos de un exdetective la posibilidad de salvar lo que queda del mundo.<\/p>\n\n\n\n<p>Para llevar esta historia a la pantalla, el rodaje contar\u00e1 con una producci\u00f3n que involucrar\u00e1 a m\u00e1s de 200 t\u00e9cnicos y a casi 500 extras convocados a trav\u00e9s del sindicato SUTEP (Sindicato \u00danico de Trabajadores del Espect\u00e1culo P\u00fablico y Afines de la Rep\u00fablica Argentina).<\/p>\n\n\n\n<p>La productora a cargo de la serie es K&amp;S Films, que ha consolidado su prestigio internacional con pel\u00edculas como Relatos Salvajes, El Clan y La Odisea de los Giles, y series como El Reino, Divisi\u00f3n Palermo y El Eternauta, entre otras.<\/p>\n","protected":false},"excerpt":{"rendered":"<p>Con motivo del rodaje en la ciudad de la nueva miniserie El futuro es nuestro, producida por K&amp;S Films para<\/p>\n","protected":false},"author":3,"featured_media":8843,"comment_status":"open","ping_status":"open","sticky":false,"template":"","format":"standard","meta":{"colormag_page_container_layout":"default_layout","colormag_page_sidebar_layout":"default_layout","footnotes":""},"categories":[12,1,14],"tags":[],"class_list":["post-8845","post","type-post","status-publish","format-standard","has-post-thumbnail","hentry","category-8va-seccion","category-destacadas","category-politica"],"yoast_head":"<!-- This site is optimized with the Yoast SEO plugin v27.5 - https:\/\/yoast.com\/product\/yoast-seo-wordpress\/ -->\n<title>Anuncian cortes de tr\u00e1nsito por el rodaje de la nueva miniserie para Netflix en la ciudad - InfoPBA247<\/title>\n<meta name=\"robots\" content=\"index, follow, max-snippet:-1, max-image-preview:large, max-video-preview:-1\" \/>\n<link rel=\"canonical\" href=\"https:\/\/infopba247.com.ar\/index.php\/2026\/01\/23\/anuncian-cortes-de-transito-por-el-rodaje-de-la-nueva-miniserie-para-netflix-en-la-ciudad\/\" \/>\n<meta property=\"og:locale\" content=\"es_ES\" \/>\n<meta property=\"og:type\" content=\"article\" \/>\n<meta property=\"og:title\" content=\"Anuncian cortes de tr\u00e1nsito por el rodaje de la nueva miniserie para Netflix en la ciudad - InfoPBA247\" \/>\n<meta property=\"og:description\" content=\"Con motivo del rodaje en la ciudad de la nueva miniserie El futuro es nuestro, producida por K&amp;S Films para\" \/>\n<meta property=\"og:url\" content=\"https:\/\/infopba247.com.ar\/index.php\/2026\/01\/23\/anuncian-cortes-de-transito-por-el-rodaje-de-la-nueva-miniserie-para-netflix-en-la-ciudad\/\" \/>\n<meta property=\"og:site_name\" content=\"InfoPBA247\" \/>\n<meta property=\"article:publisher\" content=\"https:\/\/www.facebook.com\/InfoPBA\" \/>\n<meta property=\"article:published_time\" content=\"2026-01-23T14:05:27+00:00\" \/>\n<meta property=\"article:modified_time\" content=\"2026-01-23T14:05:30+00:00\" \/>\n<meta property=\"og:image\" content=\"https:\/\/infopba247.com.ar\/wp-content\/uploads\/2026\/01\/unnamed-2026-01-23T103624.697.jpg\" \/>\n\t<meta property=\"og:image:width\" content=\"1280\" \/>\n\t<meta property=\"og:image:height\" content=\"853\" \/>\n\t<meta property=\"og:image:type\" content=\"image\/jpeg\" \/>\n<meta name=\"author\" content=\"Editor\" \/>\n<meta name=\"twitter:card\" content=\"summary_large_image\" \/>\n<meta name=\"twitter:label1\" content=\"Escrito por\" \/>\n\t<meta name=\"twitter:data1\" content=\"Editor\" \/>\n\t<meta name=\"twitter:label2\" content=\"Tiempo de lectura\" \/>\n\t<meta name=\"twitter:data2\" content=\"3 minutos\" \/>\n<script type=\"application\/ld+json\" class=\"yoast-schema-graph\">{\"@context\":\"https:\\\/\\\/schema.org\",\"@graph\":[{\"@type\":\"Article\",\"@id\":\"https:\\\/\\\/infopba247.com.ar\\\/index.php\\\/2026\\\/01\\\/23\\\/anuncian-cortes-de-transito-por-el-rodaje-de-la-nueva-miniserie-para-netflix-en-la-ciudad\\\/#article\",\"isPartOf\":{\"@id\":\"https:\\\/\\\/infopba247.com.ar\\\/index.php\\\/2026\\\/01\\\/23\\\/anuncian-cortes-de-transito-por-el-rodaje-de-la-nueva-miniserie-para-netflix-en-la-ciudad\\\/\"},\"author\":{\"name\":\"Editor\",\"@id\":\"https:\\\/\\\/infopba247.com.ar\\\/#\\\/schema\\\/person\\\/4975f1343a413e57bf839b3eed0099f2\"},\"headline\":\"Anuncian cortes de tr\u00e1nsito por el rodaje de la nueva miniserie para Netflix en la ciudad\",\"datePublished\":\"2026-01-23T14:05:27+00:00\",\"dateModified\":\"2026-01-23T14:05:30+00:00\",\"mainEntityOfPage\":{\"@id\":\"https:\\\/\\\/infopba247.com.ar\\\/index.php\\\/2026\\\/01\\\/23\\\/anuncian-cortes-de-transito-por-el-rodaje-de-la-nueva-miniserie-para-netflix-en-la-ciudad\\\/\"},\"wordCount\":423,\"commentCount\":0,\"publisher\":{\"@id\":\"https:\\\/\\\/infopba247.com.ar\\\/#organization\"},\"image\":{\"@id\":\"https:\\\/\\\/infopba247.com.ar\\\/index.php\\\/2026\\\/01\\\/23\\\/anuncian-cortes-de-transito-por-el-rodaje-de-la-nueva-miniserie-para-netflix-en-la-ciudad\\\/#primaryimage\"},\"thumbnailUrl\":\"https:\\\/\\\/infopba247.com.ar\\\/wp-content\\\/uploads\\\/2026\\\/01\\\/unnamed-2026-01-23T103624.697.jpg\",\"articleSection\":[\"8va Secci\u00f3n\",\"Destacadas\",\"Pol\u00edtica\"],\"inLanguage\":\"es\",\"potentialAction\":[{\"@type\":\"CommentAction\",\"name\":\"Comment\",\"target\":[\"https:\\\/\\\/infopba247.com.ar\\\/index.php\\\/2026\\\/01\\\/23\\\/anuncian-cortes-de-transito-por-el-rodaje-de-la-nueva-miniserie-para-netflix-en-la-ciudad\\\/#respond\"]}]},{\"@type\":\"WebPage\",\"@id\":\"https:\\\/\\\/infopba247.com.ar\\\/index.php\\\/2026\\\/01\\\/23\\\/anuncian-cortes-de-transito-por-el-rodaje-de-la-nueva-miniserie-para-netflix-en-la-ciudad\\\/\",\"url\":\"https:\\\/\\\/infopba247.com.ar\\\/index.php\\\/2026\\\/01\\\/23\\\/anuncian-cortes-de-transito-por-el-rodaje-de-la-nueva-miniserie-para-netflix-en-la-ciudad\\\/\",\"name\":\"Anuncian cortes de tr\u00e1nsito por el rodaje de la nueva miniserie para Netflix en la ciudad - InfoPBA247\",\"isPartOf\":{\"@id\":\"https:\\\/\\\/infopba247.com.ar\\\/#website\"},\"primaryImageOfPage\":{\"@id\":\"https:\\\/\\\/infopba247.com.ar\\\/index.php\\\/2026\\\/01\\\/23\\\/anuncian-cortes-de-transito-por-el-rodaje-de-la-nueva-miniserie-para-netflix-en-la-ciudad\\\/#primaryimage\"},\"image\":{\"@id\":\"https:\\\/\\\/infopba247.com.ar\\\/index.php\\\/2026\\\/01\\\/23\\\/anuncian-cortes-de-transito-por-el-rodaje-de-la-nueva-miniserie-para-netflix-en-la-ciudad\\\/#primaryimage\"},\"thumbnailUrl\":\"https:\\\/\\\/infopba247.com.ar\\\/wp-content\\\/uploads\\\/2026\\\/01\\\/unnamed-2026-01-23T103624.697.jpg\",\"datePublished\":\"2026-01-23T14:05:27+00:00\",\"dateModified\":\"2026-01-23T14:05:30+00:00\",\"breadcrumb\":{\"@id\":\"https:\\\/\\\/infopba247.com.ar\\\/index.php\\\/2026\\\/01\\\/23\\\/anuncian-cortes-de-transito-por-el-rodaje-de-la-nueva-miniserie-para-netflix-en-la-ciudad\\\/#breadcrumb\"},\"inLanguage\":\"es\",\"potentialAction\":[{\"@type\":\"ReadAction\",\"target\":[\"https:\\\/\\\/infopba247.com.ar\\\/index.php\\\/2026\\\/01\\\/23\\\/anuncian-cortes-de-transito-por-el-rodaje-de-la-nueva-miniserie-para-netflix-en-la-ciudad\\\/\"]}]},{\"@type\":\"ImageObject\",\"inLanguage\":\"es\",\"@id\":\"https:\\\/\\\/infopba247.com.ar\\\/index.php\\\/2026\\\/01\\\/23\\\/anuncian-cortes-de-transito-por-el-rodaje-de-la-nueva-miniserie-para-netflix-en-la-ciudad\\\/#primaryimage\",\"url\":\"https:\\\/\\\/infopba247.com.ar\\\/wp-content\\\/uploads\\\/2026\\\/01\\\/unnamed-2026-01-23T103624.697.jpg\",\"contentUrl\":\"https:\\\/\\\/infopba247.com.ar\\\/wp-content\\\/uploads\\\/2026\\\/01\\\/unnamed-2026-01-23T103624.697.jpg\",\"width\":1280,\"height\":853},{\"@type\":\"BreadcrumbList\",\"@id\":\"https:\\\/\\\/infopba247.com.ar\\\/index.php\\\/2026\\\/01\\\/23\\\/anuncian-cortes-de-transito-por-el-rodaje-de-la-nueva-miniserie-para-netflix-en-la-ciudad\\\/#breadcrumb\",\"itemListElement\":[{\"@type\":\"ListItem\",\"position\":1,\"name\":\"Portada\",\"item\":\"https:\\\/\\\/infopba247.com.ar\\\/\"},{\"@type\":\"ListItem\",\"position\":2,\"name\":\"Anuncian cortes de tr\u00e1nsito por el rodaje de la nueva miniserie para Netflix en la ciudad\"}]},{\"@type\":\"WebSite\",\"@id\":\"https:\\\/\\\/infopba247.com.ar\\\/#website\",\"url\":\"https:\\\/\\\/infopba247.com.ar\\\/\",\"name\":\"InfoPBA247\",\"description\":\"Toda la actualidad bonaerense\",\"publisher\":{\"@id\":\"https:\\\/\\\/infopba247.com.ar\\\/#organization\"},\"potentialAction\":[{\"@type\":\"SearchAction\",\"target\":{\"@type\":\"EntryPoint\",\"urlTemplate\":\"https:\\\/\\\/infopba247.com.ar\\\/?s={search_term_string}\"},\"query-input\":{\"@type\":\"PropertyValueSpecification\",\"valueRequired\":true,\"valueName\":\"search_term_string\"}}],\"inLanguage\":\"es\"},{\"@type\":\"Organization\",\"@id\":\"https:\\\/\\\/infopba247.com.ar\\\/#organization\",\"name\":\"InfoPBA247\",\"url\":\"https:\\\/\\\/infopba247.com.ar\\\/\",\"logo\":{\"@type\":\"ImageObject\",\"inLanguage\":\"es\",\"@id\":\"https:\\\/\\\/infopba247.com.ar\\\/#\\\/schema\\\/logo\\\/image\\\/\",\"url\":\"https:\\\/\\\/infopba247.com.ar\\\/wp-content\\\/uploads\\\/2022\\\/03\\\/cropped-InfoPBA247-1.png\",\"contentUrl\":\"https:\\\/\\\/infopba247.com.ar\\\/wp-content\\\/uploads\\\/2022\\\/03\\\/cropped-InfoPBA247-1.png\",\"width\":500,\"height\":122,\"caption\":\"InfoPBA247\"},\"image\":{\"@id\":\"https:\\\/\\\/infopba247.com.ar\\\/#\\\/schema\\\/logo\\\/image\\\/\"},\"sameAs\":[\"https:\\\/\\\/www.facebook.com\\\/InfoPBA\"]},{\"@type\":\"Person\",\"@id\":\"https:\\\/\\\/infopba247.com.ar\\\/#\\\/schema\\\/person\\\/4975f1343a413e57bf839b3eed0099f2\",\"name\":\"Editor\",\"image\":{\"@type\":\"ImageObject\",\"inLanguage\":\"es\",\"@id\":\"https:\\\/\\\/secure.gravatar.com\\\/avatar\\\/d27fe9520667ca53441d36627a1d6b0fa4a813571ec4803687a7a3a7744685ac?s=96&d=mm&r=g\",\"url\":\"https:\\\/\\\/secure.gravatar.com\\\/avatar\\\/d27fe9520667ca53441d36627a1d6b0fa4a813571ec4803687a7a3a7744685ac?s=96&d=mm&r=g\",\"contentUrl\":\"https:\\\/\\\/secure.gravatar.com\\\/avatar\\\/d27fe9520667ca53441d36627a1d6b0fa4a813571ec4803687a7a3a7744685ac?s=96&d=mm&r=g\",\"caption\":\"Editor\"},\"url\":\"https:\\\/\\\/infopba247.com.ar\\\/index.php\\\/author\\\/editor\\\/\"}]}<\/script>\n<!-- \/ Yoast SEO plugin. -->","yoast_head_json":{"title":"Anuncian cortes de tr\u00e1nsito por el rodaje de la nueva miniserie para Netflix en la ciudad - InfoPBA247","robots":{"index":"index","follow":"follow","max-snippet":"max-snippet:-1","max-image-preview":"max-image-preview:large","max-video-preview":"max-video-preview:-1"},"canonical":"https:\/\/infopba247.com.ar\/index.php\/2026\/01\/23\/anuncian-cortes-de-transito-por-el-rodaje-de-la-nueva-miniserie-para-netflix-en-la-ciudad\/","og_locale":"es_ES","og_type":"article","og_title":"Anuncian cortes de tr\u00e1nsito por el rodaje de la nueva miniserie para Netflix en la ciudad - InfoPBA247","og_description":"Con motivo del rodaje en la ciudad de la nueva miniserie El futuro es nuestro, producida por K&amp;S Films para","og_url":"https:\/\/infopba247.com.ar\/index.php\/2026\/01\/23\/anuncian-cortes-de-transito-por-el-rodaje-de-la-nueva-miniserie-para-netflix-en-la-ciudad\/","og_site_name":"InfoPBA247","article_publisher":"https:\/\/www.facebook.com\/InfoPBA","article_published_time":"2026-01-23T14:05:27+00:00","article_modified_time":"2026-01-23T14:05:30+00:00","og_image":[{"width":1280,"height":853,"url":"https:\/\/infopba247.com.ar\/wp-content\/uploads\/2026\/01\/unnamed-2026-01-23T103624.697.jpg","type":"image\/jpeg"}],"author":"Editor","twitter_card":"summary_large_image","twitter_misc":{"Escrito por":"Editor","Tiempo de lectura":"3 minutos"},"schema":{"@context":"https:\/\/schema.org","@graph":[{"@type":"Article","@id":"https:\/\/infopba247.com.ar\/index.php\/2026\/01\/23\/anuncian-cortes-de-transito-por-el-rodaje-de-la-nueva-miniserie-para-netflix-en-la-ciudad\/#article","isPartOf":{"@id":"https:\/\/infopba247.com.ar\/index.php\/2026\/01\/23\/anuncian-cortes-de-transito-por-el-rodaje-de-la-nueva-miniserie-para-netflix-en-la-ciudad\/"},"author":{"name":"Editor","@id":"https:\/\/infopba247.com.ar\/#\/schema\/person\/4975f1343a413e57bf839b3eed0099f2"},"headline":"Anuncian cortes de tr\u00e1nsito por el rodaje de la nueva miniserie para Netflix en la ciudad","datePublished":"2026-01-23T14:05:27+00:00","dateModified":"2026-01-23T14:05:30+00:00","mainEntityOfPage":{"@id":"https:\/\/infopba247.com.ar\/index.php\/2026\/01\/23\/anuncian-cortes-de-transito-por-el-rodaje-de-la-nueva-miniserie-para-netflix-en-la-ciudad\/"},"wordCount":423,"commentCount":0,"publisher":{"@id":"https:\/\/infopba247.com.ar\/#organization"},"image":{"@id":"https:\/\/infopba247.com.ar\/index.php\/2026\/01\/23\/anuncian-cortes-de-transito-por-el-rodaje-de-la-nueva-miniserie-para-netflix-en-la-ciudad\/#primaryimage"},"thumbnailUrl":"https:\/\/infopba247.com.ar\/wp-content\/uploads\/2026\/01\/unnamed-2026-01-23T103624.697.jpg","articleSection":["8va Secci\u00f3n","Destacadas","Pol\u00edtica"],"inLanguage":"es","potentialAction":[{"@type":"CommentAction","name":"Comment","target":["https:\/\/infopba247.com.ar\/index.php\/2026\/01\/23\/anuncian-cortes-de-transito-por-el-rodaje-de-la-nueva-miniserie-para-netflix-en-la-ciudad\/#respond"]}]},{"@type":"WebPage","@id":"https:\/\/infopba247.com.ar\/index.php\/2026\/01\/23\/anuncian-cortes-de-transito-por-el-rodaje-de-la-nueva-miniserie-para-netflix-en-la-ciudad\/","url":"https:\/\/infopba247.com.ar\/index.php\/2026\/01\/23\/anuncian-cortes-de-transito-por-el-rodaje-de-la-nueva-miniserie-para-netflix-en-la-ciudad\/","name":"Anuncian cortes de tr\u00e1nsito por el rodaje de la nueva miniserie para Netflix en la ciudad - InfoPBA247","isPartOf":{"@id":"https:\/\/infopba247.com.ar\/#website"},"primaryImageOfPage":{"@id":"https:\/\/infopba247.com.ar\/index.php\/2026\/01\/23\/anuncian-cortes-de-transito-por-el-rodaje-de-la-nueva-miniserie-para-netflix-en-la-ciudad\/#primaryimage"},"image":{"@id":"https:\/\/infopba247.com.ar\/index.php\/2026\/01\/23\/anuncian-cortes-de-transito-por-el-rodaje-de-la-nueva-miniserie-para-netflix-en-la-ciudad\/#primaryimage"},"thumbnailUrl":"https:\/\/infopba247.com.ar\/wp-content\/uploads\/2026\/01\/unnamed-2026-01-23T103624.697.jpg","datePublished":"2026-01-23T14:05:27+00:00","dateModified":"2026-01-23T14:05:30+00:00","breadcrumb":{"@id":"https:\/\/infopba247.com.ar\/index.php\/2026\/01\/23\/anuncian-cortes-de-transito-por-el-rodaje-de-la-nueva-miniserie-para-netflix-en-la-ciudad\/#breadcrumb"},"inLanguage":"es","potentialAction":[{"@type":"ReadAction","target":["https:\/\/infopba247.com.ar\/index.php\/2026\/01\/23\/anuncian-cortes-de-transito-por-el-rodaje-de-la-nueva-miniserie-para-netflix-en-la-ciudad\/"]}]},{"@type":"ImageObject","inLanguage":"es","@id":"https:\/\/infopba247.com.ar\/index.php\/2026\/01\/23\/anuncian-cortes-de-transito-por-el-rodaje-de-la-nueva-miniserie-para-netflix-en-la-ciudad\/#primaryimage","url":"https:\/\/infopba247.com.ar\/wp-content\/uploads\/2026\/01\/unnamed-2026-01-23T103624.697.jpg","contentUrl":"https:\/\/infopba247.com.ar\/wp-content\/uploads\/2026\/01\/unnamed-2026-01-23T103624.697.jpg","width":1280,"height":853},{"@type":"BreadcrumbList","@id":"https:\/\/infopba247.com.ar\/index.php\/2026\/01\/23\/anuncian-cortes-de-transito-por-el-rodaje-de-la-nueva-miniserie-para-netflix-en-la-ciudad\/#breadcrumb","itemListElement":[{"@type":"ListItem","position":1,"name":"Portada","item":"https:\/\/infopba247.com.ar\/"},{"@type":"ListItem","position":2,"name":"Anuncian cortes de tr\u00e1nsito por el rodaje de la nueva miniserie para Netflix en la ciudad"}]},{"@type":"WebSite","@id":"https:\/\/infopba247.com.ar\/#website","url":"https:\/\/infopba247.com.ar\/","name":"InfoPBA247","description":"Toda la actualidad bonaerense","publisher":{"@id":"https:\/\/infopba247.com.ar\/#organization"},"potentialAction":[{"@type":"SearchAction","target":{"@type":"EntryPoint","urlTemplate":"https:\/\/infopba247.com.ar\/?s={search_term_string}"},"query-input":{"@type":"PropertyValueSpecification","valueRequired":true,"valueName":"search_term_string"}}],"inLanguage":"es"},{"@type":"Organization","@id":"https:\/\/infopba247.com.ar\/#organization","name":"InfoPBA247","url":"https:\/\/infopba247.com.ar\/","logo":{"@type":"ImageObject","inLanguage":"es","@id":"https:\/\/infopba247.com.ar\/#\/schema\/logo\/image\/","url":"https:\/\/infopba247.com.ar\/wp-content\/uploads\/2022\/03\/cropped-InfoPBA247-1.png","contentUrl":"https:\/\/infopba247.com.ar\/wp-content\/uploads\/2022\/03\/cropped-InfoPBA247-1.png","width":500,"height":122,"caption":"InfoPBA247"},"image":{"@id":"https:\/\/infopba247.com.ar\/#\/schema\/logo\/image\/"},"sameAs":["https:\/\/www.facebook.com\/InfoPBA"]},{"@type":"Person","@id":"https:\/\/infopba247.com.ar\/#\/schema\/person\/4975f1343a413e57bf839b3eed0099f2","name":"Editor","image":{"@type":"ImageObject","inLanguage":"es","@id":"https:\/\/secure.gravatar.com\/avatar\/d27fe9520667ca53441d36627a1d6b0fa4a813571ec4803687a7a3a7744685ac?s=96&d=mm&r=g","url":"https:\/\/secure.gravatar.com\/avatar\/d27fe9520667ca53441d36627a1d6b0fa4a813571ec4803687a7a3a7744685ac?s=96&d=mm&r=g","contentUrl":"https:\/\/secure.gravatar.com\/avatar\/d27fe9520667ca53441d36627a1d6b0fa4a813571ec4803687a7a3a7744685ac?s=96&d=mm&r=g","caption":"Editor"},"url":"https:\/\/infopba247.com.ar\/index.php\/author\/editor\/"}]}},"_links":{"self":[{"href":"https:\/\/infopba247.com.ar\/index.php\/wp-json\/wp\/v2\/posts\/8845","targetHints":{"allow":["GET"]}}],"collection":[{"href":"https:\/\/infopba247.com.ar\/index.php\/wp-json\/wp\/v2\/posts"}],"about":[{"href":"https:\/\/infopba247.com.ar\/index.php\/wp-json\/wp\/v2\/types\/post"}],"author":[{"embeddable":true,"href":"https:\/\/infopba247.com.ar\/index.php\/wp-json\/wp\/v2\/users\/3"}],"replies":[{"embeddable":true,"href":"https:\/\/infopba247.com.ar\/index.php\/wp-json\/wp\/v2\/comments?post=8845"}],"version-history":[{"count":1,"href":"https:\/\/infopba247.com.ar\/index.php\/wp-json\/wp\/v2\/posts\/8845\/revisions"}],"predecessor-version":[{"id":8846,"href":"https:\/\/infopba247.com.ar\/index.php\/wp-json\/wp\/v2\/posts\/8845\/revisions\/8846"}],"wp:featuredmedia":[{"embeddable":true,"href":"https:\/\/infopba247.com.ar\/index.php\/wp-json\/wp\/v2\/media\/8843"}],"wp:attachment":[{"href":"https:\/\/infopba247.com.ar\/index.php\/wp-json\/wp\/v2\/media?parent=8845"}],"wp:term":[{"taxonomy":"category","embeddable":true,"href":"https:\/\/infopba247.com.ar\/index.php\/wp-json\/wp\/v2\/categories?post=8845"},{"taxonomy":"post_tag","embeddable":true,"href":"https:\/\/infopba247.com.ar\/index.php\/wp-json\/wp\/v2\/tags?post=8845"}],"curies":[{"name":"wp","href":"https:\/\/api.w.org\/{rel}","templated":true}]}}