{"id":8834,"date":"2026-01-22T14:02:59","date_gmt":"2026-01-22T17:02:59","guid":{"rendered":"https:\/\/infopba247.com.ar\/?p=8834"},"modified":"2026-01-22T14:02:59","modified_gmt":"2026-01-22T17:02:59","slug":"todos-coinciden-con-que-les-esta-yendo-mal","status":"publish","type":"post","link":"https:\/\/infopba247.com.ar\/index.php\/2026\/01\/22\/todos-coinciden-con-que-les-esta-yendo-mal\/","title":{"rendered":"\u201cTodos coinciden con que les est\u00e1 yendo mal\u201d"},"content":{"rendered":"\n<p>El gobernador Axel Kicillof encabez\u00f3 en Chascom\u00fas una reuni\u00f3n productiva con representantes de la industria, el turismo, el comercio, la cultura y el sector agrario, en un encuentro destinado a analizar la situaci\u00f3n econ\u00f3mica y el impacto de las pol\u00edticas nacionales en la provincia de Buenos Aires. La actividad cont\u00f3 con la participaci\u00f3n de la vicegobernadora Ver\u00f3nica Magario, ministros provinciales e intendentes de la regi\u00f3n.<\/p>\n\n\n\n<p>El encuentro reuni\u00f3 a m\u00e1s de 250 representantes de distintos sectores productivos, quienes coincidieron en se\u00f1alar el deterioro de la actividad econ\u00f3mica, la ca\u00edda del consumo y las dificultades que atraviesa la temporada de verano.<\/p>\n\n\n\n<p>En ese marco, el Gobernador sostuvo que \u201cestamos viviendo una crisis de tal magnitud que en esta reuni\u00f3n hemos escuchado a peque\u00f1os, medianos y grandes productores de distintos puntos geogr\u00e1ficos de la Provincia y todos coinciden con que les est\u00e1 yendo mal\u201d, y agreg\u00f3 que \u201cno es casualidad, es culpa de un modelo impuesto por el Gobierno nacional hace m\u00e1s de dos a\u00f1os para atacar a los trabajadores, los comerciantes y los empresarios pymes\u201d.<\/p>\n\n\n\n<p>Crisis econ\u00f3mica y ca\u00edda del consumo<\/p>\n\n\n\n<p>Durante su intervenci\u00f3n, Kicillof advirti\u00f3 que \u201cla Argentina est\u00e1 viviendo una fuerte crisis econ\u00f3mica e industrial producto de una pol\u00edtica econ\u00f3mica destinada a destruir el mercado interno\u201d, y explic\u00f3 que \u201cal bajar los salarios y las jubilaciones, cae el consumo, la producci\u00f3n y el turismo\u201d. En ese sentido, remarc\u00f3 que esta situaci\u00f3n se refleja en una temporada de verano que, adem\u00e1s de descanso, constituye \u201cla principal fuente de ingresos de millones de familias bonaerenses\u201d.<\/p>\n\n\n\n<p>Por su parte, la vicegobernadora Ver\u00f3nica Magario afirm\u00f3 que \u201cdesde que asumi\u00f3 Javier Milei, todas las actividades econ\u00f3micas est\u00e1n deprimidas y se acab\u00f3 el ciclo virtuoso de la producci\u00f3n, el trabajo, los salarios dignos y el consumo\u201d, y llam\u00f3 a \u201crecuperar las pol\u00edticas que permiten que nuestro pa\u00eds crezca y que haya m\u00e1s derechos\u201d.<\/p>\n\n\n\n<p>El ministro de Producci\u00f3n, Augusto Costa, se\u00f1al\u00f3 que \u201clo que genera el turismo en materia de ingreso y de trabajo se ve muy restringido por responsabilidad de un Gobierno nacional que, con su pol\u00edtica econ\u00f3mica, les quita poder adquisitivo a los potenciales veraneantes\u201d, y destac\u00f3 que en la provincia \u201cel mandato es poner al turismo y a la actividad econ\u00f3mica en el centro de la agenda durante todo el a\u00f1o\u201d.<\/p>\n\n\n\n<p>En la misma l\u00ednea, el ministro de Desarrollo Agrario, Javier Rodr\u00edguez, sostuvo que \u201cproducto de la crisis econ\u00f3mica que viven muchas familias, estamos viendo una ca\u00edda generalizada de la demanda en todos los sectores, que llega incluso a alimentos como la carne vacuna, la leche o las frutas\u201d, y subray\u00f3 la continuidad de estos encuentros para \u201cmejorar las pol\u00edticas p\u00fablicas destinadas a cada sector\u201d.<\/p>\n\n\n\n<p>El intendente Javier Gast\u00f3n detall\u00f3 el impacto local al indicar que \u201cesta temporada estamos teniendo una ocupaci\u00f3n del 62%, lo que representa una ca\u00edda respecto de lo que est\u00e1bamos acostumbrados\u201d, y que adem\u00e1s \u201cdisminuy\u00f3 un 40% el gasto que las y los turistas hacen en los comercios de Chascom\u00fas\u201d, afectando los ingresos de las familias del distrito.<\/p>\n\n\n\n<p>Recorrida por Puerto Aventura y Escuelas Abiertas en Verano<\/p>\n\n\n\n<p>Durante la jornada, Kicillof y la directora general de Cultura y Educaci\u00f3n, Flavia Terigi, recorrieron el parque acu\u00e1tico Puerto Aventura, donde ni\u00f1as y ni\u00f1os de distintas escuelas locales participan de actividades recreativas del programa Escuelas Abiertas en Verano, una iniciativa que combina inclusi\u00f3n, educaci\u00f3n y recreaci\u00f3n durante el receso estival.<\/p>\n\n\n\n<p>Al cierre del encuentro, el Gobernador remarc\u00f3 que \u201cvamos a seguir escuchando, acompa\u00f1ando y brindando respuestas a todos los sectores de la econom\u00eda\u201d, y afirm\u00f3 que si bien la Provincia no puede reemplazar al Gobierno nacional, continuar\u00e1 \u201cacercando todas las herramientas que est\u00e9n a nuestro alcance para minimizar el impacto de las pol\u00edticas antiindustriales y para proteger el trabajo\u201d.<\/p>\n","protected":false},"excerpt":{"rendered":"<p>El gobernador Axel Kicillof encabez\u00f3 en Chascom\u00fas una reuni\u00f3n productiva con representantes de la industria, el turismo, el comercio, la<\/p>\n","protected":false},"author":3,"featured_media":8829,"comment_status":"open","ping_status":"open","sticky":false,"template":"","format":"standard","meta":{"colormag_page_container_layout":"default_layout","colormag_page_sidebar_layout":"default_layout","footnotes":""},"categories":[1,14],"tags":[],"class_list":["post-8834","post","type-post","status-publish","format-standard","has-post-thumbnail","hentry","category-destacadas","category-politica"],"yoast_head":"<!-- This site is optimized with the Yoast SEO plugin v27.4 - https:\/\/yoast.com\/product\/yoast-seo-wordpress\/ -->\n<title>\u201cTodos coinciden con que les est\u00e1 yendo mal\u201d - InfoPBA247<\/title>\n<meta name=\"robots\" content=\"index, follow, max-snippet:-1, max-image-preview:large, max-video-preview:-1\" \/>\n<link rel=\"canonical\" href=\"https:\/\/infopba247.com.ar\/index.php\/2026\/01\/22\/todos-coinciden-con-que-les-esta-yendo-mal\/\" \/>\n<meta property=\"og:locale\" content=\"es_ES\" \/>\n<meta property=\"og:type\" content=\"article\" \/>\n<meta property=\"og:title\" content=\"\u201cTodos coinciden con que les est\u00e1 yendo mal\u201d - InfoPBA247\" \/>\n<meta property=\"og:description\" content=\"El gobernador Axel Kicillof encabez\u00f3 en Chascom\u00fas una reuni\u00f3n productiva con representantes de la industria, el turismo, el comercio, la\" \/>\n<meta property=\"og:url\" content=\"https:\/\/infopba247.com.ar\/index.php\/2026\/01\/22\/todos-coinciden-con-que-les-esta-yendo-mal\/\" \/>\n<meta property=\"og:site_name\" content=\"InfoPBA247\" \/>\n<meta property=\"article:publisher\" content=\"https:\/\/www.facebook.com\/InfoPBA\" \/>\n<meta property=\"article:published_time\" content=\"2026-01-22T17:02:59+00:00\" \/>\n<meta property=\"og:image\" content=\"https:\/\/infopba247.com.ar\/wp-content\/uploads\/2026\/01\/G_H-83kWwAAeO0G.jpg\" \/>\n\t<meta property=\"og:image:width\" content=\"1280\" \/>\n\t<meta property=\"og:image:height\" content=\"854\" \/>\n\t<meta property=\"og:image:type\" content=\"image\/jpeg\" \/>\n<meta name=\"author\" content=\"Editor\" \/>\n<meta name=\"twitter:card\" content=\"summary_large_image\" \/>\n<meta name=\"twitter:label1\" content=\"Escrito por\" \/>\n\t<meta name=\"twitter:data1\" content=\"Editor\" \/>\n\t<meta name=\"twitter:label2\" content=\"Tiempo de lectura\" \/>\n\t<meta name=\"twitter:data2\" content=\"4 minutos\" \/>\n<script type=\"application\/ld+json\" class=\"yoast-schema-graph\">{\"@context\":\"https:\\\/\\\/schema.org\",\"@graph\":[{\"@type\":\"Article\",\"@id\":\"https:\\\/\\\/infopba247.com.ar\\\/index.php\\\/2026\\\/01\\\/22\\\/todos-coinciden-con-que-les-esta-yendo-mal\\\/#article\",\"isPartOf\":{\"@id\":\"https:\\\/\\\/infopba247.com.ar\\\/index.php\\\/2026\\\/01\\\/22\\\/todos-coinciden-con-que-les-esta-yendo-mal\\\/\"},\"author\":{\"name\":\"Editor\",\"@id\":\"https:\\\/\\\/infopba247.com.ar\\\/#\\\/schema\\\/person\\\/4975f1343a413e57bf839b3eed0099f2\"},\"headline\":\"\u201cTodos coinciden con que les est\u00e1 yendo mal\u201d\",\"datePublished\":\"2026-01-22T17:02:59+00:00\",\"mainEntityOfPage\":{\"@id\":\"https:\\\/\\\/infopba247.com.ar\\\/index.php\\\/2026\\\/01\\\/22\\\/todos-coinciden-con-que-les-esta-yendo-mal\\\/\"},\"wordCount\":684,\"commentCount\":0,\"publisher\":{\"@id\":\"https:\\\/\\\/infopba247.com.ar\\\/#organization\"},\"image\":{\"@id\":\"https:\\\/\\\/infopba247.com.ar\\\/index.php\\\/2026\\\/01\\\/22\\\/todos-coinciden-con-que-les-esta-yendo-mal\\\/#primaryimage\"},\"thumbnailUrl\":\"https:\\\/\\\/infopba247.com.ar\\\/wp-content\\\/uploads\\\/2026\\\/01\\\/G_H-83kWwAAeO0G.jpg\",\"articleSection\":[\"Destacadas\",\"Pol\u00edtica\"],\"inLanguage\":\"es\",\"potentialAction\":[{\"@type\":\"CommentAction\",\"name\":\"Comment\",\"target\":[\"https:\\\/\\\/infopba247.com.ar\\\/index.php\\\/2026\\\/01\\\/22\\\/todos-coinciden-con-que-les-esta-yendo-mal\\\/#respond\"]}]},{\"@type\":\"WebPage\",\"@id\":\"https:\\\/\\\/infopba247.com.ar\\\/index.php\\\/2026\\\/01\\\/22\\\/todos-coinciden-con-que-les-esta-yendo-mal\\\/\",\"url\":\"https:\\\/\\\/infopba247.com.ar\\\/index.php\\\/2026\\\/01\\\/22\\\/todos-coinciden-con-que-les-esta-yendo-mal\\\/\",\"name\":\"\u201cTodos coinciden con que les est\u00e1 yendo mal\u201d - InfoPBA247\",\"isPartOf\":{\"@id\":\"https:\\\/\\\/infopba247.com.ar\\\/#website\"},\"primaryImageOfPage\":{\"@id\":\"https:\\\/\\\/infopba247.com.ar\\\/index.php\\\/2026\\\/01\\\/22\\\/todos-coinciden-con-que-les-esta-yendo-mal\\\/#primaryimage\"},\"image\":{\"@id\":\"https:\\\/\\\/infopba247.com.ar\\\/index.php\\\/2026\\\/01\\\/22\\\/todos-coinciden-con-que-les-esta-yendo-mal\\\/#primaryimage\"},\"thumbnailUrl\":\"https:\\\/\\\/infopba247.com.ar\\\/wp-content\\\/uploads\\\/2026\\\/01\\\/G_H-83kWwAAeO0G.jpg\",\"datePublished\":\"2026-01-22T17:02:59+00:00\",\"breadcrumb\":{\"@id\":\"https:\\\/\\\/infopba247.com.ar\\\/index.php\\\/2026\\\/01\\\/22\\\/todos-coinciden-con-que-les-esta-yendo-mal\\\/#breadcrumb\"},\"inLanguage\":\"es\",\"potentialAction\":[{\"@type\":\"ReadAction\",\"target\":[\"https:\\\/\\\/infopba247.com.ar\\\/index.php\\\/2026\\\/01\\\/22\\\/todos-coinciden-con-que-les-esta-yendo-mal\\\/\"]}]},{\"@type\":\"ImageObject\",\"inLanguage\":\"es\",\"@id\":\"https:\\\/\\\/infopba247.com.ar\\\/index.php\\\/2026\\\/01\\\/22\\\/todos-coinciden-con-que-les-esta-yendo-mal\\\/#primaryimage\",\"url\":\"https:\\\/\\\/infopba247.com.ar\\\/wp-content\\\/uploads\\\/2026\\\/01\\\/G_H-83kWwAAeO0G.jpg\",\"contentUrl\":\"https:\\\/\\\/infopba247.com.ar\\\/wp-content\\\/uploads\\\/2026\\\/01\\\/G_H-83kWwAAeO0G.jpg\",\"width\":1280,\"height\":854},{\"@type\":\"BreadcrumbList\",\"@id\":\"https:\\\/\\\/infopba247.com.ar\\\/index.php\\\/2026\\\/01\\\/22\\\/todos-coinciden-con-que-les-esta-yendo-mal\\\/#breadcrumb\",\"itemListElement\":[{\"@type\":\"ListItem\",\"position\":1,\"name\":\"Portada\",\"item\":\"https:\\\/\\\/infopba247.com.ar\\\/\"},{\"@type\":\"ListItem\",\"position\":2,\"name\":\"\u201cTodos coinciden con que les est\u00e1 yendo mal\u201d\"}]},{\"@type\":\"WebSite\",\"@id\":\"https:\\\/\\\/infopba247.com.ar\\\/#website\",\"url\":\"https:\\\/\\\/infopba247.com.ar\\\/\",\"name\":\"InfoPBA247\",\"description\":\"Toda la actualidad bonaerense\",\"publisher\":{\"@id\":\"https:\\\/\\\/infopba247.com.ar\\\/#organization\"},\"potentialAction\":[{\"@type\":\"SearchAction\",\"target\":{\"@type\":\"EntryPoint\",\"urlTemplate\":\"https:\\\/\\\/infopba247.com.ar\\\/?s={search_term_string}\"},\"query-input\":{\"@type\":\"PropertyValueSpecification\",\"valueRequired\":true,\"valueName\":\"search_term_string\"}}],\"inLanguage\":\"es\"},{\"@type\":\"Organization\",\"@id\":\"https:\\\/\\\/infopba247.com.ar\\\/#organization\",\"name\":\"InfoPBA247\",\"url\":\"https:\\\/\\\/infopba247.com.ar\\\/\",\"logo\":{\"@type\":\"ImageObject\",\"inLanguage\":\"es\",\"@id\":\"https:\\\/\\\/infopba247.com.ar\\\/#\\\/schema\\\/logo\\\/image\\\/\",\"url\":\"https:\\\/\\\/infopba247.com.ar\\\/wp-content\\\/uploads\\\/2022\\\/03\\\/cropped-InfoPBA247-1.png\",\"contentUrl\":\"https:\\\/\\\/infopba247.com.ar\\\/wp-content\\\/uploads\\\/2022\\\/03\\\/cropped-InfoPBA247-1.png\",\"width\":500,\"height\":122,\"caption\":\"InfoPBA247\"},\"image\":{\"@id\":\"https:\\\/\\\/infopba247.com.ar\\\/#\\\/schema\\\/logo\\\/image\\\/\"},\"sameAs\":[\"https:\\\/\\\/www.facebook.com\\\/InfoPBA\"]},{\"@type\":\"Person\",\"@id\":\"https:\\\/\\\/infopba247.com.ar\\\/#\\\/schema\\\/person\\\/4975f1343a413e57bf839b3eed0099f2\",\"name\":\"Editor\",\"image\":{\"@type\":\"ImageObject\",\"inLanguage\":\"es\",\"@id\":\"https:\\\/\\\/secure.gravatar.com\\\/avatar\\\/d27fe9520667ca53441d36627a1d6b0fa4a813571ec4803687a7a3a7744685ac?s=96&d=mm&r=g\",\"url\":\"https:\\\/\\\/secure.gravatar.com\\\/avatar\\\/d27fe9520667ca53441d36627a1d6b0fa4a813571ec4803687a7a3a7744685ac?s=96&d=mm&r=g\",\"contentUrl\":\"https:\\\/\\\/secure.gravatar.com\\\/avatar\\\/d27fe9520667ca53441d36627a1d6b0fa4a813571ec4803687a7a3a7744685ac?s=96&d=mm&r=g\",\"caption\":\"Editor\"},\"url\":\"https:\\\/\\\/infopba247.com.ar\\\/index.php\\\/author\\\/editor\\\/\"}]}<\/script>\n<!-- \/ Yoast SEO plugin. -->","yoast_head_json":{"title":"\u201cTodos coinciden con que les est\u00e1 yendo mal\u201d - InfoPBA247","robots":{"index":"index","follow":"follow","max-snippet":"max-snippet:-1","max-image-preview":"max-image-preview:large","max-video-preview":"max-video-preview:-1"},"canonical":"https:\/\/infopba247.com.ar\/index.php\/2026\/01\/22\/todos-coinciden-con-que-les-esta-yendo-mal\/","og_locale":"es_ES","og_type":"article","og_title":"\u201cTodos coinciden con que les est\u00e1 yendo mal\u201d - InfoPBA247","og_description":"El gobernador Axel Kicillof encabez\u00f3 en Chascom\u00fas una reuni\u00f3n productiva con representantes de la industria, el turismo, el comercio, la","og_url":"https:\/\/infopba247.com.ar\/index.php\/2026\/01\/22\/todos-coinciden-con-que-les-esta-yendo-mal\/","og_site_name":"InfoPBA247","article_publisher":"https:\/\/www.facebook.com\/InfoPBA","article_published_time":"2026-01-22T17:02:59+00:00","og_image":[{"width":1280,"height":854,"url":"https:\/\/infopba247.com.ar\/wp-content\/uploads\/2026\/01\/G_H-83kWwAAeO0G.jpg","type":"image\/jpeg"}],"author":"Editor","twitter_card":"summary_large_image","twitter_misc":{"Escrito por":"Editor","Tiempo de lectura":"4 minutos"},"schema":{"@context":"https:\/\/schema.org","@graph":[{"@type":"Article","@id":"https:\/\/infopba247.com.ar\/index.php\/2026\/01\/22\/todos-coinciden-con-que-les-esta-yendo-mal\/#article","isPartOf":{"@id":"https:\/\/infopba247.com.ar\/index.php\/2026\/01\/22\/todos-coinciden-con-que-les-esta-yendo-mal\/"},"author":{"name":"Editor","@id":"https:\/\/infopba247.com.ar\/#\/schema\/person\/4975f1343a413e57bf839b3eed0099f2"},"headline":"\u201cTodos coinciden con que les est\u00e1 yendo mal\u201d","datePublished":"2026-01-22T17:02:59+00:00","mainEntityOfPage":{"@id":"https:\/\/infopba247.com.ar\/index.php\/2026\/01\/22\/todos-coinciden-con-que-les-esta-yendo-mal\/"},"wordCount":684,"commentCount":0,"publisher":{"@id":"https:\/\/infopba247.com.ar\/#organization"},"image":{"@id":"https:\/\/infopba247.com.ar\/index.php\/2026\/01\/22\/todos-coinciden-con-que-les-esta-yendo-mal\/#primaryimage"},"thumbnailUrl":"https:\/\/infopba247.com.ar\/wp-content\/uploads\/2026\/01\/G_H-83kWwAAeO0G.jpg","articleSection":["Destacadas","Pol\u00edtica"],"inLanguage":"es","potentialAction":[{"@type":"CommentAction","name":"Comment","target":["https:\/\/infopba247.com.ar\/index.php\/2026\/01\/22\/todos-coinciden-con-que-les-esta-yendo-mal\/#respond"]}]},{"@type":"WebPage","@id":"https:\/\/infopba247.com.ar\/index.php\/2026\/01\/22\/todos-coinciden-con-que-les-esta-yendo-mal\/","url":"https:\/\/infopba247.com.ar\/index.php\/2026\/01\/22\/todos-coinciden-con-que-les-esta-yendo-mal\/","name":"\u201cTodos coinciden con que les est\u00e1 yendo mal\u201d - InfoPBA247","isPartOf":{"@id":"https:\/\/infopba247.com.ar\/#website"},"primaryImageOfPage":{"@id":"https:\/\/infopba247.com.ar\/index.php\/2026\/01\/22\/todos-coinciden-con-que-les-esta-yendo-mal\/#primaryimage"},"image":{"@id":"https:\/\/infopba247.com.ar\/index.php\/2026\/01\/22\/todos-coinciden-con-que-les-esta-yendo-mal\/#primaryimage"},"thumbnailUrl":"https:\/\/infopba247.com.ar\/wp-content\/uploads\/2026\/01\/G_H-83kWwAAeO0G.jpg","datePublished":"2026-01-22T17:02:59+00:00","breadcrumb":{"@id":"https:\/\/infopba247.com.ar\/index.php\/2026\/01\/22\/todos-coinciden-con-que-les-esta-yendo-mal\/#breadcrumb"},"inLanguage":"es","potentialAction":[{"@type":"ReadAction","target":["https:\/\/infopba247.com.ar\/index.php\/2026\/01\/22\/todos-coinciden-con-que-les-esta-yendo-mal\/"]}]},{"@type":"ImageObject","inLanguage":"es","@id":"https:\/\/infopba247.com.ar\/index.php\/2026\/01\/22\/todos-coinciden-con-que-les-esta-yendo-mal\/#primaryimage","url":"https:\/\/infopba247.com.ar\/wp-content\/uploads\/2026\/01\/G_H-83kWwAAeO0G.jpg","contentUrl":"https:\/\/infopba247.com.ar\/wp-content\/uploads\/2026\/01\/G_H-83kWwAAeO0G.jpg","width":1280,"height":854},{"@type":"BreadcrumbList","@id":"https:\/\/infopba247.com.ar\/index.php\/2026\/01\/22\/todos-coinciden-con-que-les-esta-yendo-mal\/#breadcrumb","itemListElement":[{"@type":"ListItem","position":1,"name":"Portada","item":"https:\/\/infopba247.com.ar\/"},{"@type":"ListItem","position":2,"name":"\u201cTodos coinciden con que les est\u00e1 yendo mal\u201d"}]},{"@type":"WebSite","@id":"https:\/\/infopba247.com.ar\/#website","url":"https:\/\/infopba247.com.ar\/","name":"InfoPBA247","description":"Toda la actualidad bonaerense","publisher":{"@id":"https:\/\/infopba247.com.ar\/#organization"},"potentialAction":[{"@type":"SearchAction","target":{"@type":"EntryPoint","urlTemplate":"https:\/\/infopba247.com.ar\/?s={search_term_string}"},"query-input":{"@type":"PropertyValueSpecification","valueRequired":true,"valueName":"search_term_string"}}],"inLanguage":"es"},{"@type":"Organization","@id":"https:\/\/infopba247.com.ar\/#organization","name":"InfoPBA247","url":"https:\/\/infopba247.com.ar\/","logo":{"@type":"ImageObject","inLanguage":"es","@id":"https:\/\/infopba247.com.ar\/#\/schema\/logo\/image\/","url":"https:\/\/infopba247.com.ar\/wp-content\/uploads\/2022\/03\/cropped-InfoPBA247-1.png","contentUrl":"https:\/\/infopba247.com.ar\/wp-content\/uploads\/2022\/03\/cropped-InfoPBA247-1.png","width":500,"height":122,"caption":"InfoPBA247"},"image":{"@id":"https:\/\/infopba247.com.ar\/#\/schema\/logo\/image\/"},"sameAs":["https:\/\/www.facebook.com\/InfoPBA"]},{"@type":"Person","@id":"https:\/\/infopba247.com.ar\/#\/schema\/person\/4975f1343a413e57bf839b3eed0099f2","name":"Editor","image":{"@type":"ImageObject","inLanguage":"es","@id":"https:\/\/secure.gravatar.com\/avatar\/d27fe9520667ca53441d36627a1d6b0fa4a813571ec4803687a7a3a7744685ac?s=96&d=mm&r=g","url":"https:\/\/secure.gravatar.com\/avatar\/d27fe9520667ca53441d36627a1d6b0fa4a813571ec4803687a7a3a7744685ac?s=96&d=mm&r=g","contentUrl":"https:\/\/secure.gravatar.com\/avatar\/d27fe9520667ca53441d36627a1d6b0fa4a813571ec4803687a7a3a7744685ac?s=96&d=mm&r=g","caption":"Editor"},"url":"https:\/\/infopba247.com.ar\/index.php\/author\/editor\/"}]}},"_links":{"self":[{"href":"https:\/\/infopba247.com.ar\/index.php\/wp-json\/wp\/v2\/posts\/8834","targetHints":{"allow":["GET"]}}],"collection":[{"href":"https:\/\/infopba247.com.ar\/index.php\/wp-json\/wp\/v2\/posts"}],"about":[{"href":"https:\/\/infopba247.com.ar\/index.php\/wp-json\/wp\/v2\/types\/post"}],"author":[{"embeddable":true,"href":"https:\/\/infopba247.com.ar\/index.php\/wp-json\/wp\/v2\/users\/3"}],"replies":[{"embeddable":true,"href":"https:\/\/infopba247.com.ar\/index.php\/wp-json\/wp\/v2\/comments?post=8834"}],"version-history":[{"count":1,"href":"https:\/\/infopba247.com.ar\/index.php\/wp-json\/wp\/v2\/posts\/8834\/revisions"}],"predecessor-version":[{"id":8835,"href":"https:\/\/infopba247.com.ar\/index.php\/wp-json\/wp\/v2\/posts\/8834\/revisions\/8835"}],"wp:featuredmedia":[{"embeddable":true,"href":"https:\/\/infopba247.com.ar\/index.php\/wp-json\/wp\/v2\/media\/8829"}],"wp:attachment":[{"href":"https:\/\/infopba247.com.ar\/index.php\/wp-json\/wp\/v2\/media?parent=8834"}],"wp:term":[{"taxonomy":"category","embeddable":true,"href":"https:\/\/infopba247.com.ar\/index.php\/wp-json\/wp\/v2\/categories?post=8834"},{"taxonomy":"post_tag","embeddable":true,"href":"https:\/\/infopba247.com.ar\/index.php\/wp-json\/wp\/v2\/tags?post=8834"}],"curies":[{"name":"wp","href":"https:\/\/api.w.org\/{rel}","templated":true}]}}