{"id":881,"date":"2022-11-16T09:11:00","date_gmt":"2022-11-16T12:11:00","guid":{"rendered":"https:\/\/infopba247.com.ar\/?p=881"},"modified":"2022-11-23T09:12:48","modified_gmt":"2022-11-23T12:12:48","slug":"se-licitaron-las-primeras-viviendas-para-guernica-como-sera-el-gigantesco-barrio-surgido-de-la-historica-toma","status":"publish","type":"post","link":"https:\/\/infopba247.com.ar\/index.php\/2022\/11\/16\/se-licitaron-las-primeras-viviendas-para-guernica-como-sera-el-gigantesco-barrio-surgido-de-la-historica-toma\/","title":{"rendered":"Se licitaron las primeras viviendas para Guernica: c\u00f3mo ser\u00e1 el gigantesco barrio surgido de la hist\u00f3rica toma"},"content":{"rendered":"\n<p>El Ministro de Desarrollo de la Comunidad, Andr\u00e9s Larroque, y su par de H\u00e1bitat y Desarrollo Urbano, Agust\u00edn Simone, encabezaron el acto de apertura de sobres de la licitaci\u00f3n p\u00fablica para la construcci\u00f3n de 693 viviendas. Este gran barrio surgi\u00f3 como respuesta del Estado provincial a partir de la mega toma de Guernica ocurrida en 2020.<\/p>\n\n\n\n<p>El proyecto urban\u00edstico en el predio de 57 hect\u00e1reas ubicado en Presidente Per\u00f3n prev\u00e9 la construcci\u00f3n de 853 viviendas, tres salones de usos m\u00faltiples y tres playones deportivos pensados para la integraci\u00f3n de la comunidad.<\/p>\n\n\n\n<p>Al respecto, el ministro Andr\u00e9s Larroque sostuvo: \u201cLo que nos toc\u00f3 desde aquel momento hasta hoy fue resolver las necesidades m\u00e1s acuciantes, en el caso de nuestro Ministerio hacer una inversi\u00f3n para ir a lo urgente y despu\u00e9s otra respuesta que tiene que ver con resolver la problem\u00e1tica de esta comunidad en t\u00e9rminos estructurales\u201d.<\/p>\n\n\n\n<p>Larroque sostuvo que este proyecto se trata de la \u201ccreaci\u00f3n de un barrio, una vivienda es mucho m\u00e1s que una construcci\u00f3n, es la posibilidad de generar un hogar y de albergar los sue\u00f1os de las familias\u201d.<\/p>\n\n\n\n<p>\u201cHoy estamos demostrando que para nosotros este es un problema central, todos los d\u00edas estamos con alg\u00fan tipo de gesti\u00f3n vinculada al h\u00e1bitat y fundamentalmente en relaci\u00f3n a Guernica\u201d, indic\u00f3 el Ministro.<\/p>\n\n\n\n<p>C\u00f3mo ser\u00e1 el barrio de 853 viviendas en Guernica<br>Esta segunda etapa de la licitaci\u00f3n se suma a la realizada en mayo de este a\u00f1o, que contempla la construcci\u00f3n de las primeras 160 viviendas cuyas obras comenzar\u00e1n en las pr\u00f3ximas semanas.<\/p>\n\n\n\n<p>Por su parte, Agust\u00edn Simone se\u00f1al\u00f3 que \u201ces dar un gran paso despu\u00e9s de mucho trabajo\u201d, a la vez que destac\u00f3 la importancia del trabajo en conjunto: \u201cEs la primera vez que encaramos un trabajo de este tama\u00f1o y magnitud, con tres ministerios que han trabajado en este proyecto para que sea una realidad\u201d.<\/p>\n\n\n\n<p>En ese sentido, Simone, dijo: \u201cLicitamos 160 casas que est\u00e1n por empezar en pocos d\u00edas, as\u00ed que vamos a estar en obra\u201d. Tambi\u00e9n subray\u00f3 la importancia de este proyecto: \u201cEstas 853 no son solo casas, tuvimos en cuenta en el proyecto los servicios, las calles pavimentadas, se est\u00e1 trabajando para que las familias tengan acceso a educaci\u00f3n, servicios de salud y espacios verdes\u201d.<\/p>\n\n\n\n<p>Adem\u00e1s, estuvieron presentes el jefe de Asesores del Gobernador de la Provincia, Carlos Bianco; el Asesor General de Gobierno de la Provincia, Santiago L\u00f3pez Teruel; la Directora Ejecutiva del OPISU, Romina Barrios; el subsecretario de H\u00e1bitat de la Comunidad, Rub\u00e9n Pascolini; la directora provincial de Econom\u00eda Social, Florencia Villar; el subsecretario de Legal y T\u00e9cnica, Fernando Maresca; y el diputado nacional Juan Marino, vecinos y vecinas de Presidente Per\u00f3n.<\/p>\n\n\n\n<p>Los detalles del proyecto de urbanizaci\u00f3n<br>El plan de ejecuci\u00f3n del nuevo barrio contar\u00e1 con 51.270 m2 de espacios verdes y equipamiento comunitario, 134.176 m2 de parque para actividades recreativas, un colegio con los tres niveles educativos: inicial, primario y secundario; un centro de desarrollo infantil; equipamiento de salud y de seguridad.<\/p>\n\n\n\n<p>Estas acciones forman parte de la respuesta del Estado provincial ante la problem\u00e1tica estructural. En tanto, desde el 2020 hasta la actualidad se ha brindado asistencia a las familias, junto a un abordaje integral que articula pol\u00edticas de suelo, de vivienda, de infraestructura y de integraci\u00f3n sociourbana. Cada medida y acci\u00f3n impulsada cont\u00f3 con la participaci\u00f3n del Estado nacional, provincial y local junto a organizaciones sociales, la comunidad y los vecinos y vecinas.<\/p>\n\n\n\n<p>Para el proceso de desarrollo de urbanizaci\u00f3n del barrio, la subsecretar\u00eda de H\u00e1bitat del Ministerio de Desarrollo de la Comunidad llev\u00f3 adelante la apertura de calles; la confecci\u00f3n de los planos de altimetr\u00eda, de mensura y subdivisi\u00f3n de lotes; y la escrituraci\u00f3n del predio de 57 hect\u00e1reas a favor del municipio de Presidente Per\u00f3n.<\/p>\n\n\n\n<p>El avance de dicha escrituraci\u00f3n fue posible por el acuerdo alcanzado entre el Estado Provincial y los desarrolladores del emprendimiento Bellaco S.A que, en el marco de la ley N\u00b0 14.449 (\u201cAcceso Justo al H\u00e1bitat\u201d) por la valorizaci\u00f3n inmobiliaria, cedieron las hect\u00e1reas mencionadas.<\/p>\n\n\n\n<p>Tambi\u00e9n se realizaron tareas como el desmalezamiento; la limpieza y cegado de pozos; cercado; tendido el\u00e9ctrico, instalaci\u00f3n de luminarias, bases para torre tanque, perforaciones de agua y suministro para tanques existentes; mientras que se trabaja en el mejoramiento y la forestaci\u00f3n de las calles adyacentes.<\/p>\n\n\n\n<p>En tanto, en marzo de 2022 el ministerio de Desarrollo construy\u00f3 un Centro de Formaci\u00f3n Laboral (CFL) que actualmente cuenta m\u00e1s de 100 estudiantes y se busca que quienes finalicen los cursos puedan crear cooperativas de trabajo.<\/p>\n","protected":false},"excerpt":{"rendered":"<p>El Ministro de Desarrollo de la Comunidad, Andr\u00e9s Larroque, y su par de H\u00e1bitat y Desarrollo Urbano, Agust\u00edn Simone, encabezaron<\/p>\n","protected":false},"author":3,"featured_media":882,"comment_status":"closed","ping_status":"closed","sticky":false,"template":"","format":"standard","meta":{"colormag_page_container_layout":"default_layout","colormag_page_sidebar_layout":"default_layout","footnotes":""},"categories":[7,1,14],"tags":[],"class_list":["post-881","post","type-post","status-publish","format-standard","has-post-thumbnail","hentry","category-3ra-seccion","category-destacadas","category-politica"],"yoast_head":"<!-- This site is optimized with the Yoast SEO plugin v27.5 - https:\/\/yoast.com\/product\/yoast-seo-wordpress\/ -->\n<title>Se licitaron las primeras viviendas para Guernica: c\u00f3mo ser\u00e1 el gigantesco barrio surgido de la hist\u00f3rica toma - InfoPBA247<\/title>\n<meta name=\"robots\" content=\"index, follow, max-snippet:-1, max-image-preview:large, max-video-preview:-1\" \/>\n<link rel=\"canonical\" href=\"https:\/\/infopba247.com.ar\/index.php\/2022\/11\/16\/se-licitaron-las-primeras-viviendas-para-guernica-como-sera-el-gigantesco-barrio-surgido-de-la-historica-toma\/\" \/>\n<meta property=\"og:locale\" content=\"es_ES\" \/>\n<meta property=\"og:type\" content=\"article\" \/>\n<meta property=\"og:title\" content=\"Se licitaron las primeras viviendas para Guernica: c\u00f3mo ser\u00e1 el gigantesco barrio surgido de la hist\u00f3rica toma - InfoPBA247\" \/>\n<meta property=\"og:description\" content=\"El Ministro de Desarrollo de la Comunidad, Andr\u00e9s Larroque, y su par de H\u00e1bitat y Desarrollo Urbano, Agust\u00edn Simone, encabezaron\" \/>\n<meta property=\"og:url\" content=\"https:\/\/infopba247.com.ar\/index.php\/2022\/11\/16\/se-licitaron-las-primeras-viviendas-para-guernica-como-sera-el-gigantesco-barrio-surgido-de-la-historica-toma\/\" \/>\n<meta property=\"og:site_name\" content=\"InfoPBA247\" \/>\n<meta property=\"article:publisher\" content=\"https:\/\/www.facebook.com\/InfoPBA\" \/>\n<meta property=\"article:published_time\" content=\"2022-11-16T12:11:00+00:00\" \/>\n<meta property=\"article:modified_time\" content=\"2022-11-23T12:12:48+00:00\" \/>\n<meta property=\"og:image\" content=\"https:\/\/infopba247.com.ar\/wp-content\/uploads\/2022\/11\/guernica-2.jpg\" \/>\n\t<meta property=\"og:image:width\" content=\"1000\" \/>\n\t<meta property=\"og:image:height\" content=\"713\" \/>\n\t<meta property=\"og:image:type\" content=\"image\/jpeg\" \/>\n<meta name=\"author\" content=\"Editor\" \/>\n<meta name=\"twitter:card\" content=\"summary_large_image\" \/>\n<meta name=\"twitter:label1\" content=\"Escrito por\" \/>\n\t<meta name=\"twitter:data1\" content=\"Editor\" \/>\n\t<meta name=\"twitter:label2\" content=\"Tiempo de lectura\" \/>\n\t<meta name=\"twitter:data2\" content=\"4 minutos\" \/>\n<script type=\"application\/ld+json\" class=\"yoast-schema-graph\">{\"@context\":\"https:\\\/\\\/schema.org\",\"@graph\":[{\"@type\":\"Article\",\"@id\":\"https:\\\/\\\/infopba247.com.ar\\\/index.php\\\/2022\\\/11\\\/16\\\/se-licitaron-las-primeras-viviendas-para-guernica-como-sera-el-gigantesco-barrio-surgido-de-la-historica-toma\\\/#article\",\"isPartOf\":{\"@id\":\"https:\\\/\\\/infopba247.com.ar\\\/index.php\\\/2022\\\/11\\\/16\\\/se-licitaron-las-primeras-viviendas-para-guernica-como-sera-el-gigantesco-barrio-surgido-de-la-historica-toma\\\/\"},\"author\":{\"name\":\"Editor\",\"@id\":\"https:\\\/\\\/infopba247.com.ar\\\/#\\\/schema\\\/person\\\/4975f1343a413e57bf839b3eed0099f2\"},\"headline\":\"Se licitaron las primeras viviendas para Guernica: c\u00f3mo ser\u00e1 el gigantesco barrio surgido de la hist\u00f3rica toma\",\"datePublished\":\"2022-11-16T12:11:00+00:00\",\"dateModified\":\"2022-11-23T12:12:48+00:00\",\"mainEntityOfPage\":{\"@id\":\"https:\\\/\\\/infopba247.com.ar\\\/index.php\\\/2022\\\/11\\\/16\\\/se-licitaron-las-primeras-viviendas-para-guernica-como-sera-el-gigantesco-barrio-surgido-de-la-historica-toma\\\/\"},\"wordCount\":821,\"publisher\":{\"@id\":\"https:\\\/\\\/infopba247.com.ar\\\/#organization\"},\"image\":{\"@id\":\"https:\\\/\\\/infopba247.com.ar\\\/index.php\\\/2022\\\/11\\\/16\\\/se-licitaron-las-primeras-viviendas-para-guernica-como-sera-el-gigantesco-barrio-surgido-de-la-historica-toma\\\/#primaryimage\"},\"thumbnailUrl\":\"https:\\\/\\\/infopba247.com.ar\\\/wp-content\\\/uploads\\\/2022\\\/11\\\/guernica-2.jpg\",\"articleSection\":[\"3ra Secci\u00f3n\",\"Destacadas\",\"Pol\u00edtica\"],\"inLanguage\":\"es\"},{\"@type\":\"WebPage\",\"@id\":\"https:\\\/\\\/infopba247.com.ar\\\/index.php\\\/2022\\\/11\\\/16\\\/se-licitaron-las-primeras-viviendas-para-guernica-como-sera-el-gigantesco-barrio-surgido-de-la-historica-toma\\\/\",\"url\":\"https:\\\/\\\/infopba247.com.ar\\\/index.php\\\/2022\\\/11\\\/16\\\/se-licitaron-las-primeras-viviendas-para-guernica-como-sera-el-gigantesco-barrio-surgido-de-la-historica-toma\\\/\",\"name\":\"Se licitaron las primeras viviendas para Guernica: c\u00f3mo ser\u00e1 el gigantesco barrio surgido de la hist\u00f3rica toma - InfoPBA247\",\"isPartOf\":{\"@id\":\"https:\\\/\\\/infopba247.com.ar\\\/#website\"},\"primaryImageOfPage\":{\"@id\":\"https:\\\/\\\/infopba247.com.ar\\\/index.php\\\/2022\\\/11\\\/16\\\/se-licitaron-las-primeras-viviendas-para-guernica-como-sera-el-gigantesco-barrio-surgido-de-la-historica-toma\\\/#primaryimage\"},\"image\":{\"@id\":\"https:\\\/\\\/infopba247.com.ar\\\/index.php\\\/2022\\\/11\\\/16\\\/se-licitaron-las-primeras-viviendas-para-guernica-como-sera-el-gigantesco-barrio-surgido-de-la-historica-toma\\\/#primaryimage\"},\"thumbnailUrl\":\"https:\\\/\\\/infopba247.com.ar\\\/wp-content\\\/uploads\\\/2022\\\/11\\\/guernica-2.jpg\",\"datePublished\":\"2022-11-16T12:11:00+00:00\",\"dateModified\":\"2022-11-23T12:12:48+00:00\",\"breadcrumb\":{\"@id\":\"https:\\\/\\\/infopba247.com.ar\\\/index.php\\\/2022\\\/11\\\/16\\\/se-licitaron-las-primeras-viviendas-para-guernica-como-sera-el-gigantesco-barrio-surgido-de-la-historica-toma\\\/#breadcrumb\"},\"inLanguage\":\"es\",\"potentialAction\":[{\"@type\":\"ReadAction\",\"target\":[\"https:\\\/\\\/infopba247.com.ar\\\/index.php\\\/2022\\\/11\\\/16\\\/se-licitaron-las-primeras-viviendas-para-guernica-como-sera-el-gigantesco-barrio-surgido-de-la-historica-toma\\\/\"]}]},{\"@type\":\"ImageObject\",\"inLanguage\":\"es\",\"@id\":\"https:\\\/\\\/infopba247.com.ar\\\/index.php\\\/2022\\\/11\\\/16\\\/se-licitaron-las-primeras-viviendas-para-guernica-como-sera-el-gigantesco-barrio-surgido-de-la-historica-toma\\\/#primaryimage\",\"url\":\"https:\\\/\\\/infopba247.com.ar\\\/wp-content\\\/uploads\\\/2022\\\/11\\\/guernica-2.jpg\",\"contentUrl\":\"https:\\\/\\\/infopba247.com.ar\\\/wp-content\\\/uploads\\\/2022\\\/11\\\/guernica-2.jpg\",\"width\":1000,\"height\":713},{\"@type\":\"BreadcrumbList\",\"@id\":\"https:\\\/\\\/infopba247.com.ar\\\/index.php\\\/2022\\\/11\\\/16\\\/se-licitaron-las-primeras-viviendas-para-guernica-como-sera-el-gigantesco-barrio-surgido-de-la-historica-toma\\\/#breadcrumb\",\"itemListElement\":[{\"@type\":\"ListItem\",\"position\":1,\"name\":\"Portada\",\"item\":\"https:\\\/\\\/infopba247.com.ar\\\/\"},{\"@type\":\"ListItem\",\"position\":2,\"name\":\"Se licitaron las primeras viviendas para Guernica: c\u00f3mo ser\u00e1 el gigantesco barrio surgido de la hist\u00f3rica toma\"}]},{\"@type\":\"WebSite\",\"@id\":\"https:\\\/\\\/infopba247.com.ar\\\/#website\",\"url\":\"https:\\\/\\\/infopba247.com.ar\\\/\",\"name\":\"InfoPBA247\",\"description\":\"Toda la actualidad bonaerense\",\"publisher\":{\"@id\":\"https:\\\/\\\/infopba247.com.ar\\\/#organization\"},\"potentialAction\":[{\"@type\":\"SearchAction\",\"target\":{\"@type\":\"EntryPoint\",\"urlTemplate\":\"https:\\\/\\\/infopba247.com.ar\\\/?s={search_term_string}\"},\"query-input\":{\"@type\":\"PropertyValueSpecification\",\"valueRequired\":true,\"valueName\":\"search_term_string\"}}],\"inLanguage\":\"es\"},{\"@type\":\"Organization\",\"@id\":\"https:\\\/\\\/infopba247.com.ar\\\/#organization\",\"name\":\"InfoPBA247\",\"url\":\"https:\\\/\\\/infopba247.com.ar\\\/\",\"logo\":{\"@type\":\"ImageObject\",\"inLanguage\":\"es\",\"@id\":\"https:\\\/\\\/infopba247.com.ar\\\/#\\\/schema\\\/logo\\\/image\\\/\",\"url\":\"https:\\\/\\\/infopba247.com.ar\\\/wp-content\\\/uploads\\\/2022\\\/03\\\/cropped-InfoPBA247-1.png\",\"contentUrl\":\"https:\\\/\\\/infopba247.com.ar\\\/wp-content\\\/uploads\\\/2022\\\/03\\\/cropped-InfoPBA247-1.png\",\"width\":500,\"height\":122,\"caption\":\"InfoPBA247\"},\"image\":{\"@id\":\"https:\\\/\\\/infopba247.com.ar\\\/#\\\/schema\\\/logo\\\/image\\\/\"},\"sameAs\":[\"https:\\\/\\\/www.facebook.com\\\/InfoPBA\"]},{\"@type\":\"Person\",\"@id\":\"https:\\\/\\\/infopba247.com.ar\\\/#\\\/schema\\\/person\\\/4975f1343a413e57bf839b3eed0099f2\",\"name\":\"Editor\",\"image\":{\"@type\":\"ImageObject\",\"inLanguage\":\"es\",\"@id\":\"https:\\\/\\\/secure.gravatar.com\\\/avatar\\\/d27fe9520667ca53441d36627a1d6b0fa4a813571ec4803687a7a3a7744685ac?s=96&d=mm&r=g\",\"url\":\"https:\\\/\\\/secure.gravatar.com\\\/avatar\\\/d27fe9520667ca53441d36627a1d6b0fa4a813571ec4803687a7a3a7744685ac?s=96&d=mm&r=g\",\"contentUrl\":\"https:\\\/\\\/secure.gravatar.com\\\/avatar\\\/d27fe9520667ca53441d36627a1d6b0fa4a813571ec4803687a7a3a7744685ac?s=96&d=mm&r=g\",\"caption\":\"Editor\"},\"url\":\"https:\\\/\\\/infopba247.com.ar\\\/index.php\\\/author\\\/editor\\\/\"}]}<\/script>\n<!-- \/ Yoast SEO plugin. -->","yoast_head_json":{"title":"Se licitaron las primeras viviendas para Guernica: c\u00f3mo ser\u00e1 el gigantesco barrio surgido de la hist\u00f3rica toma - InfoPBA247","robots":{"index":"index","follow":"follow","max-snippet":"max-snippet:-1","max-image-preview":"max-image-preview:large","max-video-preview":"max-video-preview:-1"},"canonical":"https:\/\/infopba247.com.ar\/index.php\/2022\/11\/16\/se-licitaron-las-primeras-viviendas-para-guernica-como-sera-el-gigantesco-barrio-surgido-de-la-historica-toma\/","og_locale":"es_ES","og_type":"article","og_title":"Se licitaron las primeras viviendas para Guernica: c\u00f3mo ser\u00e1 el gigantesco barrio surgido de la hist\u00f3rica toma - InfoPBA247","og_description":"El Ministro de Desarrollo de la Comunidad, Andr\u00e9s Larroque, y su par de H\u00e1bitat y Desarrollo Urbano, Agust\u00edn Simone, encabezaron","og_url":"https:\/\/infopba247.com.ar\/index.php\/2022\/11\/16\/se-licitaron-las-primeras-viviendas-para-guernica-como-sera-el-gigantesco-barrio-surgido-de-la-historica-toma\/","og_site_name":"InfoPBA247","article_publisher":"https:\/\/www.facebook.com\/InfoPBA","article_published_time":"2022-11-16T12:11:00+00:00","article_modified_time":"2022-11-23T12:12:48+00:00","og_image":[{"width":1000,"height":713,"url":"https:\/\/infopba247.com.ar\/wp-content\/uploads\/2022\/11\/guernica-2.jpg","type":"image\/jpeg"}],"author":"Editor","twitter_card":"summary_large_image","twitter_misc":{"Escrito por":"Editor","Tiempo de lectura":"4 minutos"},"schema":{"@context":"https:\/\/schema.org","@graph":[{"@type":"Article","@id":"https:\/\/infopba247.com.ar\/index.php\/2022\/11\/16\/se-licitaron-las-primeras-viviendas-para-guernica-como-sera-el-gigantesco-barrio-surgido-de-la-historica-toma\/#article","isPartOf":{"@id":"https:\/\/infopba247.com.ar\/index.php\/2022\/11\/16\/se-licitaron-las-primeras-viviendas-para-guernica-como-sera-el-gigantesco-barrio-surgido-de-la-historica-toma\/"},"author":{"name":"Editor","@id":"https:\/\/infopba247.com.ar\/#\/schema\/person\/4975f1343a413e57bf839b3eed0099f2"},"headline":"Se licitaron las primeras viviendas para Guernica: c\u00f3mo ser\u00e1 el gigantesco barrio surgido de la hist\u00f3rica toma","datePublished":"2022-11-16T12:11:00+00:00","dateModified":"2022-11-23T12:12:48+00:00","mainEntityOfPage":{"@id":"https:\/\/infopba247.com.ar\/index.php\/2022\/11\/16\/se-licitaron-las-primeras-viviendas-para-guernica-como-sera-el-gigantesco-barrio-surgido-de-la-historica-toma\/"},"wordCount":821,"publisher":{"@id":"https:\/\/infopba247.com.ar\/#organization"},"image":{"@id":"https:\/\/infopba247.com.ar\/index.php\/2022\/11\/16\/se-licitaron-las-primeras-viviendas-para-guernica-como-sera-el-gigantesco-barrio-surgido-de-la-historica-toma\/#primaryimage"},"thumbnailUrl":"https:\/\/infopba247.com.ar\/wp-content\/uploads\/2022\/11\/guernica-2.jpg","articleSection":["3ra Secci\u00f3n","Destacadas","Pol\u00edtica"],"inLanguage":"es"},{"@type":"WebPage","@id":"https:\/\/infopba247.com.ar\/index.php\/2022\/11\/16\/se-licitaron-las-primeras-viviendas-para-guernica-como-sera-el-gigantesco-barrio-surgido-de-la-historica-toma\/","url":"https:\/\/infopba247.com.ar\/index.php\/2022\/11\/16\/se-licitaron-las-primeras-viviendas-para-guernica-como-sera-el-gigantesco-barrio-surgido-de-la-historica-toma\/","name":"Se licitaron las primeras viviendas para Guernica: c\u00f3mo ser\u00e1 el gigantesco barrio surgido de la hist\u00f3rica toma - InfoPBA247","isPartOf":{"@id":"https:\/\/infopba247.com.ar\/#website"},"primaryImageOfPage":{"@id":"https:\/\/infopba247.com.ar\/index.php\/2022\/11\/16\/se-licitaron-las-primeras-viviendas-para-guernica-como-sera-el-gigantesco-barrio-surgido-de-la-historica-toma\/#primaryimage"},"image":{"@id":"https:\/\/infopba247.com.ar\/index.php\/2022\/11\/16\/se-licitaron-las-primeras-viviendas-para-guernica-como-sera-el-gigantesco-barrio-surgido-de-la-historica-toma\/#primaryimage"},"thumbnailUrl":"https:\/\/infopba247.com.ar\/wp-content\/uploads\/2022\/11\/guernica-2.jpg","datePublished":"2022-11-16T12:11:00+00:00","dateModified":"2022-11-23T12:12:48+00:00","breadcrumb":{"@id":"https:\/\/infopba247.com.ar\/index.php\/2022\/11\/16\/se-licitaron-las-primeras-viviendas-para-guernica-como-sera-el-gigantesco-barrio-surgido-de-la-historica-toma\/#breadcrumb"},"inLanguage":"es","potentialAction":[{"@type":"ReadAction","target":["https:\/\/infopba247.com.ar\/index.php\/2022\/11\/16\/se-licitaron-las-primeras-viviendas-para-guernica-como-sera-el-gigantesco-barrio-surgido-de-la-historica-toma\/"]}]},{"@type":"ImageObject","inLanguage":"es","@id":"https:\/\/infopba247.com.ar\/index.php\/2022\/11\/16\/se-licitaron-las-primeras-viviendas-para-guernica-como-sera-el-gigantesco-barrio-surgido-de-la-historica-toma\/#primaryimage","url":"https:\/\/infopba247.com.ar\/wp-content\/uploads\/2022\/11\/guernica-2.jpg","contentUrl":"https:\/\/infopba247.com.ar\/wp-content\/uploads\/2022\/11\/guernica-2.jpg","width":1000,"height":713},{"@type":"BreadcrumbList","@id":"https:\/\/infopba247.com.ar\/index.php\/2022\/11\/16\/se-licitaron-las-primeras-viviendas-para-guernica-como-sera-el-gigantesco-barrio-surgido-de-la-historica-toma\/#breadcrumb","itemListElement":[{"@type":"ListItem","position":1,"name":"Portada","item":"https:\/\/infopba247.com.ar\/"},{"@type":"ListItem","position":2,"name":"Se licitaron las primeras viviendas para Guernica: c\u00f3mo ser\u00e1 el gigantesco barrio surgido de la hist\u00f3rica toma"}]},{"@type":"WebSite","@id":"https:\/\/infopba247.com.ar\/#website","url":"https:\/\/infopba247.com.ar\/","name":"InfoPBA247","description":"Toda la actualidad bonaerense","publisher":{"@id":"https:\/\/infopba247.com.ar\/#organization"},"potentialAction":[{"@type":"SearchAction","target":{"@type":"EntryPoint","urlTemplate":"https:\/\/infopba247.com.ar\/?s={search_term_string}"},"query-input":{"@type":"PropertyValueSpecification","valueRequired":true,"valueName":"search_term_string"}}],"inLanguage":"es"},{"@type":"Organization","@id":"https:\/\/infopba247.com.ar\/#organization","name":"InfoPBA247","url":"https:\/\/infopba247.com.ar\/","logo":{"@type":"ImageObject","inLanguage":"es","@id":"https:\/\/infopba247.com.ar\/#\/schema\/logo\/image\/","url":"https:\/\/infopba247.com.ar\/wp-content\/uploads\/2022\/03\/cropped-InfoPBA247-1.png","contentUrl":"https:\/\/infopba247.com.ar\/wp-content\/uploads\/2022\/03\/cropped-InfoPBA247-1.png","width":500,"height":122,"caption":"InfoPBA247"},"image":{"@id":"https:\/\/infopba247.com.ar\/#\/schema\/logo\/image\/"},"sameAs":["https:\/\/www.facebook.com\/InfoPBA"]},{"@type":"Person","@id":"https:\/\/infopba247.com.ar\/#\/schema\/person\/4975f1343a413e57bf839b3eed0099f2","name":"Editor","image":{"@type":"ImageObject","inLanguage":"es","@id":"https:\/\/secure.gravatar.com\/avatar\/d27fe9520667ca53441d36627a1d6b0fa4a813571ec4803687a7a3a7744685ac?s=96&d=mm&r=g","url":"https:\/\/secure.gravatar.com\/avatar\/d27fe9520667ca53441d36627a1d6b0fa4a813571ec4803687a7a3a7744685ac?s=96&d=mm&r=g","contentUrl":"https:\/\/secure.gravatar.com\/avatar\/d27fe9520667ca53441d36627a1d6b0fa4a813571ec4803687a7a3a7744685ac?s=96&d=mm&r=g","caption":"Editor"},"url":"https:\/\/infopba247.com.ar\/index.php\/author\/editor\/"}]}},"_links":{"self":[{"href":"https:\/\/infopba247.com.ar\/index.php\/wp-json\/wp\/v2\/posts\/881","targetHints":{"allow":["GET"]}}],"collection":[{"href":"https:\/\/infopba247.com.ar\/index.php\/wp-json\/wp\/v2\/posts"}],"about":[{"href":"https:\/\/infopba247.com.ar\/index.php\/wp-json\/wp\/v2\/types\/post"}],"author":[{"embeddable":true,"href":"https:\/\/infopba247.com.ar\/index.php\/wp-json\/wp\/v2\/users\/3"}],"replies":[{"embeddable":true,"href":"https:\/\/infopba247.com.ar\/index.php\/wp-json\/wp\/v2\/comments?post=881"}],"version-history":[{"count":1,"href":"https:\/\/infopba247.com.ar\/index.php\/wp-json\/wp\/v2\/posts\/881\/revisions"}],"predecessor-version":[{"id":883,"href":"https:\/\/infopba247.com.ar\/index.php\/wp-json\/wp\/v2\/posts\/881\/revisions\/883"}],"wp:featuredmedia":[{"embeddable":true,"href":"https:\/\/infopba247.com.ar\/index.php\/wp-json\/wp\/v2\/media\/882"}],"wp:attachment":[{"href":"https:\/\/infopba247.com.ar\/index.php\/wp-json\/wp\/v2\/media?parent=881"}],"wp:term":[{"taxonomy":"category","embeddable":true,"href":"https:\/\/infopba247.com.ar\/index.php\/wp-json\/wp\/v2\/categories?post=881"},{"taxonomy":"post_tag","embeddable":true,"href":"https:\/\/infopba247.com.ar\/index.php\/wp-json\/wp\/v2\/tags?post=881"}],"curies":[{"name":"wp","href":"https:\/\/api.w.org\/{rel}","templated":true}]}}