{"id":8752,"date":"2026-01-14T11:26:14","date_gmt":"2026-01-14T14:26:14","guid":{"rendered":"https:\/\/infopba247.com.ar\/?p=8752"},"modified":"2026-01-22T13:42:01","modified_gmt":"2026-01-22T16:42:01","slug":"inscripcion-a-los-cursos-2026-del-centro-de-formacion-laboral-n404","status":"publish","type":"post","link":"https:\/\/infopba247.com.ar\/index.php\/2026\/01\/14\/inscripcion-a-los-cursos-2026-del-centro-de-formacion-laboral-n404\/","title":{"rendered":"Inscripci\u00f3n a los cursos 2026 del Centro de Formaci\u00f3n Laboral N\u00b0404"},"content":{"rendered":"\n<p>El Centro de Formaci\u00f3n Laboral N\u00b0404, dependiente de la Secretar\u00eda de Gobierno de la Municipalidad de Berisso, informa que el 1 de febrero comienza la inscripci\u00f3n online a los cursos gratuitos con certificaci\u00f3n oficial que se dictar\u00e1n durante el 2026 en la sede del Centro de Formaci\u00f3n Laboral (CFL), ubicado en Calle La Portada N\u00b04120 (Acceso 4 al Puerto).<\/p>\n\n\n\n<p>Quienes est\u00e9n interesados en alguna propuesta de las que ofrece el CFL, pueden anotarse a trav\u00e9s de la p\u00e1gina web www.cfl404.ar.<\/p>\n\n\n\n<p>En cuanto a las opciones de formaci\u00f3n, las opciones son las siguientes:<\/p>\n\n\n\n<p>-PROGRAMACI\u00d3N WEB Y ADMINISTRACI\u00d3N DE BASE DE DATOS (con agentes IA). Cursada: lunes, mi\u00e9rcoles y viernes de 17:00hs a 20:45hs. Inicia: 16-03-2026, finaliza: 04-12-2026. Requisito: Programador o t\u00edtulo secundario con orientaci\u00f3n en inform\u00e1tica.<\/p>\n\n\n\n<p>-ARMADOR Y MONTADOR DE PANELES Y CIELORRASOS DE PLACAS DE ROCA DE YESO. Cursada: Lunes y Viernes de 14:00hs a 17:30hs. Inicia: 06-04-2026, finaliza: 20-11-2026. Requisito: Primario Completo, ser mayor de 16 a\u00f1os.<\/p>\n\n\n\n<p>-CA\u00d1ISTA MONTADOR\/A. Cursada: martes y jueves de 17:30hs a 20:45hs. Inicia: 17-03-2026, finaliza: 15-12-2026. Requisito: Primario Completo, ser mayor de 16 a\u00f1os.<\/p>\n\n\n\n<p>-DESARROLLADOR DE APPS MOVILES. Cursada: Mi\u00e9rcoles y Viernes de 14:00hs a 17:00hs. Inicia: 01-04-2026, -finaliza: 20-11-2026. Requisito: Programador o t\u00edtulo secundario con orientaci\u00f3n en inform\u00e1tica.<\/p>\n\n\n\n<p>-DISE\u00d1O GR\u00c1FICO ORIENTADO EN CARTELER\u00cdA. Cursada: Mi\u00e9rcoles y Viernes de 17:30hs a 20:45hs. Requisito: Ser mayor de 16 a\u00f1os y conocimientos b\u00e1sicos de PC.<\/p>\n\n\n\n<p>Comisi\u00f3n A: Inicia: 04-03-2026 \u2013 finaliza: 26-06-2026.<br>Comisi\u00f3n B: Inicia: 01-07-2026 \u2013 finaliza: 23-10-2026.<\/p>\n\n\n\n<p>-HABILIDADES PARA EMPRENDER. Cursada: martes y jueves de 18:00hs a 20:45hs. Inicia: 17-03-2026, finaliza: 16-04-2026. Requisito: Secundario completo.<\/p>\n\n\n\n<p>-HERRERIA. Cursada: lunes, mi\u00e9rcoles y viernes de 17:30hs a 20:45hs. Inicia: 16-03-2026, finaliza: 07-12-2026. Requisito: Primario Completo, ser mayor de 16 a\u00f1os.<\/p>\n\n\n\n<p>-LIMPIEZA INSTITUCIONAL. Cursada: Martes y Jueves de 14:00hs a 17:30hs. Requisito: Primario Completo, ser mayor de 16 a\u00f1os.<br>Comisi\u00f3n A: Inicia: 02-04-2026 \u2013 Finaliza: 18-06-2026.<br>Comisi\u00f3n B: Inicia: 23-06-2026 \u2013 Finaliza: 24-09-2026.<br>Comisi\u00f3n C: Inicia: 29-09-2026 \u2013 Finaliza: 15-12-2026.<\/p>\n\n\n\n<p>-MEC\u00c1NICA DE CICLOMOTORES. Cursada: Lunes y Mi\u00e9rcoles de 09:00hs a 12:00hs. Inicia: 02-04-2026, finaliza: 03-12-2026. Requisito: Primario Completo, ser mayor de 16 a\u00f1os.<\/p>\n\n\n\n<p>-MODELADO E IMPRESION 3D. Cursada: martes y jueves de 09:00hs a 12:30hs. Requisito: Secundario completo.<br>Comisi\u00f3n A: Inicia: 03-03-2026 \u2013 Finaliza: 02-07-2026.<br>Comisi\u00f3n B: Inicia: 07-07-2026 \u2013 Finaliza: 05-11-2026.<\/p>\n\n\n\n<p>-OPERADOR DE HERRAMIENTAS DE MARKETING Y VENTA DIGITAL. Cursada: martes y jueves de 18:00hs a 20:45hs. Requisito: Ser mayor de 16 a\u00f1os.<br>Comisi\u00f3n A: Inicia: 21-04-2026 \u2013 Finaliza: 06-08-2026.<br>Comisi\u00f3n B: Inicia: 11-08-2026 \u2013 Finaliza: 26-11-2026.<\/p>\n\n\n\n<p>-OPERADOR\/A ADMINISTRATIVO\/A DE LOG\u00cdSTICA PORTUARIA. Cursada: Mi\u00e9rcoles y Viernes de 09:00hs a 12:30hs. Requisito: Primario Completo, ser mayor de 16 a\u00f1os.<br>Comisi\u00f3n A: Inicia: 02-04-2026 \u2013 Finaliza: 18-06-2026.<br>Comisi\u00f3n B: Inicia: 23-06-2026 \u2013 Finaliza: 24-09-2026.<br>Comisi\u00f3n C: Inicia: 29-09-2026 \u2013 Finaliza: 15-12-2026.<\/p>\n\n\n\n<p>-PROTOTIPADO DE VIDEOJUEGOS. Cursada: Martes y jueves 14:00 a 17:30hs. Requisito: Programador o t\u00edtulo secundario con orientaci\u00f3n en inform\u00e1tica.<br>Comisi\u00f3n A: Inicia: 03-03-2026 \u2013 Finaliza: 23-07-2026.<br>Comisi\u00f3n B: Inicia: 28-07-2026 \u2013 Finaliza: 10-12-2026.<\/p>\n\n\n\n<p>-REPARACI\u00d3N Y MANTENIMIENTO DE COMPUTADORAS. Cursada: martes y jueves de 09:00hs a 12:30hs. Requisito: Secundario completo.<br>Comisi\u00f3n A: Inicia: 07-04-2026 \u2013 Finaliza: 30-07-2026.<br>Comisi\u00f3n B: Inicia: 04-08-2026 \u2013 Finaliza: 26-11-2026.<\/p>\n\n\n\n<p>-SOLDADURA. Cursada: Lunes, mi\u00e9rcoles y viernes de 17:30hs a 20:45hs. Inicia: 16-03-2026, finaliza: 14-12-2026. Requisito: Primario Completo, ser mayor de 16 a\u00f1os.<\/p>\n\n\n\n<p>Para mayor informaci\u00f3n sobre el contenido de las propuestas, los interesados y las interesadas pueden consultar en la p\u00e1gina web del Centro de Formaci\u00f3n Laboral N\u00b0404 y en las redes @cfl404berisso.<\/p>\n","protected":false},"excerpt":{"rendered":"<p>El Centro de Formaci\u00f3n Laboral N\u00b0404, dependiente de la Secretar\u00eda de Gobierno de la Municipalidad de Berisso, informa que el<\/p>\n","protected":false},"author":3,"featured_media":8749,"comment_status":"open","ping_status":"open","sticky":false,"template":"","format":"standard","meta":{"colormag_page_container_layout":"default_layout","colormag_page_sidebar_layout":"default_layout","footnotes":""},"categories":[7,1,14],"tags":[],"class_list":["post-8752","post","type-post","status-publish","format-standard","has-post-thumbnail","hentry","category-3ra-seccion","category-destacadas","category-politica"],"yoast_head":"<!-- This site is optimized with the Yoast SEO plugin v27.4 - https:\/\/yoast.com\/product\/yoast-seo-wordpress\/ -->\n<title>Inscripci\u00f3n a los cursos 2026 del Centro de Formaci\u00f3n Laboral N\u00b0404 - InfoPBA247<\/title>\n<meta name=\"robots\" content=\"index, follow, max-snippet:-1, max-image-preview:large, max-video-preview:-1\" \/>\n<link rel=\"canonical\" href=\"https:\/\/infopba247.com.ar\/index.php\/2026\/01\/14\/inscripcion-a-los-cursos-2026-del-centro-de-formacion-laboral-n404\/\" \/>\n<meta property=\"og:locale\" content=\"es_ES\" \/>\n<meta property=\"og:type\" content=\"article\" \/>\n<meta property=\"og:title\" content=\"Inscripci\u00f3n a los cursos 2026 del Centro de Formaci\u00f3n Laboral N\u00b0404 - InfoPBA247\" \/>\n<meta property=\"og:description\" content=\"El Centro de Formaci\u00f3n Laboral N\u00b0404, dependiente de la Secretar\u00eda de Gobierno de la Municipalidad de Berisso, informa que el\" \/>\n<meta property=\"og:url\" content=\"https:\/\/infopba247.com.ar\/index.php\/2026\/01\/14\/inscripcion-a-los-cursos-2026-del-centro-de-formacion-laboral-n404\/\" \/>\n<meta property=\"og:site_name\" content=\"InfoPBA247\" \/>\n<meta property=\"article:publisher\" content=\"https:\/\/www.facebook.com\/InfoPBA\" \/>\n<meta property=\"article:published_time\" content=\"2026-01-14T14:26:14+00:00\" \/>\n<meta property=\"article:modified_time\" content=\"2026-01-22T16:42:01+00:00\" \/>\n<meta property=\"og:image\" content=\"https:\/\/infopba247.com.ar\/wp-content\/uploads\/2026\/01\/1_curso.jpg\" \/>\n\t<meta property=\"og:image:width\" content=\"800\" \/>\n\t<meta property=\"og:image:height\" content=\"600\" \/>\n\t<meta property=\"og:image:type\" content=\"image\/jpeg\" \/>\n<meta name=\"author\" content=\"Editor\" \/>\n<meta name=\"twitter:card\" content=\"summary_large_image\" \/>\n<meta name=\"twitter:label1\" content=\"Escrito por\" \/>\n\t<meta name=\"twitter:data1\" content=\"Editor\" \/>\n\t<meta name=\"twitter:label2\" content=\"Tiempo de lectura\" \/>\n\t<meta name=\"twitter:data2\" content=\"3 minutos\" \/>\n<script type=\"application\/ld+json\" class=\"yoast-schema-graph\">{\"@context\":\"https:\\\/\\\/schema.org\",\"@graph\":[{\"@type\":\"Article\",\"@id\":\"https:\\\/\\\/infopba247.com.ar\\\/index.php\\\/2026\\\/01\\\/14\\\/inscripcion-a-los-cursos-2026-del-centro-de-formacion-laboral-n404\\\/#article\",\"isPartOf\":{\"@id\":\"https:\\\/\\\/infopba247.com.ar\\\/index.php\\\/2026\\\/01\\\/14\\\/inscripcion-a-los-cursos-2026-del-centro-de-formacion-laboral-n404\\\/\"},\"author\":{\"name\":\"Editor\",\"@id\":\"https:\\\/\\\/infopba247.com.ar\\\/#\\\/schema\\\/person\\\/4975f1343a413e57bf839b3eed0099f2\"},\"headline\":\"Inscripci\u00f3n a los cursos 2026 del Centro de Formaci\u00f3n Laboral N\u00b0404\",\"datePublished\":\"2026-01-14T14:26:14+00:00\",\"dateModified\":\"2026-01-22T16:42:01+00:00\",\"mainEntityOfPage\":{\"@id\":\"https:\\\/\\\/infopba247.com.ar\\\/index.php\\\/2026\\\/01\\\/14\\\/inscripcion-a-los-cursos-2026-del-centro-de-formacion-laboral-n404\\\/\"},\"wordCount\":669,\"commentCount\":0,\"publisher\":{\"@id\":\"https:\\\/\\\/infopba247.com.ar\\\/#organization\"},\"image\":{\"@id\":\"https:\\\/\\\/infopba247.com.ar\\\/index.php\\\/2026\\\/01\\\/14\\\/inscripcion-a-los-cursos-2026-del-centro-de-formacion-laboral-n404\\\/#primaryimage\"},\"thumbnailUrl\":\"https:\\\/\\\/infopba247.com.ar\\\/wp-content\\\/uploads\\\/2026\\\/01\\\/1_curso.jpg\",\"articleSection\":[\"3ra Secci\u00f3n\",\"Destacadas\",\"Pol\u00edtica\"],\"inLanguage\":\"es\",\"potentialAction\":[{\"@type\":\"CommentAction\",\"name\":\"Comment\",\"target\":[\"https:\\\/\\\/infopba247.com.ar\\\/index.php\\\/2026\\\/01\\\/14\\\/inscripcion-a-los-cursos-2026-del-centro-de-formacion-laboral-n404\\\/#respond\"]}]},{\"@type\":\"WebPage\",\"@id\":\"https:\\\/\\\/infopba247.com.ar\\\/index.php\\\/2026\\\/01\\\/14\\\/inscripcion-a-los-cursos-2026-del-centro-de-formacion-laboral-n404\\\/\",\"url\":\"https:\\\/\\\/infopba247.com.ar\\\/index.php\\\/2026\\\/01\\\/14\\\/inscripcion-a-los-cursos-2026-del-centro-de-formacion-laboral-n404\\\/\",\"name\":\"Inscripci\u00f3n a los cursos 2026 del Centro de Formaci\u00f3n Laboral N\u00b0404 - InfoPBA247\",\"isPartOf\":{\"@id\":\"https:\\\/\\\/infopba247.com.ar\\\/#website\"},\"primaryImageOfPage\":{\"@id\":\"https:\\\/\\\/infopba247.com.ar\\\/index.php\\\/2026\\\/01\\\/14\\\/inscripcion-a-los-cursos-2026-del-centro-de-formacion-laboral-n404\\\/#primaryimage\"},\"image\":{\"@id\":\"https:\\\/\\\/infopba247.com.ar\\\/index.php\\\/2026\\\/01\\\/14\\\/inscripcion-a-los-cursos-2026-del-centro-de-formacion-laboral-n404\\\/#primaryimage\"},\"thumbnailUrl\":\"https:\\\/\\\/infopba247.com.ar\\\/wp-content\\\/uploads\\\/2026\\\/01\\\/1_curso.jpg\",\"datePublished\":\"2026-01-14T14:26:14+00:00\",\"dateModified\":\"2026-01-22T16:42:01+00:00\",\"breadcrumb\":{\"@id\":\"https:\\\/\\\/infopba247.com.ar\\\/index.php\\\/2026\\\/01\\\/14\\\/inscripcion-a-los-cursos-2026-del-centro-de-formacion-laboral-n404\\\/#breadcrumb\"},\"inLanguage\":\"es\",\"potentialAction\":[{\"@type\":\"ReadAction\",\"target\":[\"https:\\\/\\\/infopba247.com.ar\\\/index.php\\\/2026\\\/01\\\/14\\\/inscripcion-a-los-cursos-2026-del-centro-de-formacion-laboral-n404\\\/\"]}]},{\"@type\":\"ImageObject\",\"inLanguage\":\"es\",\"@id\":\"https:\\\/\\\/infopba247.com.ar\\\/index.php\\\/2026\\\/01\\\/14\\\/inscripcion-a-los-cursos-2026-del-centro-de-formacion-laboral-n404\\\/#primaryimage\",\"url\":\"https:\\\/\\\/infopba247.com.ar\\\/wp-content\\\/uploads\\\/2026\\\/01\\\/1_curso.jpg\",\"contentUrl\":\"https:\\\/\\\/infopba247.com.ar\\\/wp-content\\\/uploads\\\/2026\\\/01\\\/1_curso.jpg\",\"width\":800,\"height\":600},{\"@type\":\"BreadcrumbList\",\"@id\":\"https:\\\/\\\/infopba247.com.ar\\\/index.php\\\/2026\\\/01\\\/14\\\/inscripcion-a-los-cursos-2026-del-centro-de-formacion-laboral-n404\\\/#breadcrumb\",\"itemListElement\":[{\"@type\":\"ListItem\",\"position\":1,\"name\":\"Portada\",\"item\":\"https:\\\/\\\/infopba247.com.ar\\\/\"},{\"@type\":\"ListItem\",\"position\":2,\"name\":\"Inscripci\u00f3n a los cursos 2026 del Centro de Formaci\u00f3n Laboral N\u00b0404\"}]},{\"@type\":\"WebSite\",\"@id\":\"https:\\\/\\\/infopba247.com.ar\\\/#website\",\"url\":\"https:\\\/\\\/infopba247.com.ar\\\/\",\"name\":\"InfoPBA247\",\"description\":\"Toda la actualidad bonaerense\",\"publisher\":{\"@id\":\"https:\\\/\\\/infopba247.com.ar\\\/#organization\"},\"potentialAction\":[{\"@type\":\"SearchAction\",\"target\":{\"@type\":\"EntryPoint\",\"urlTemplate\":\"https:\\\/\\\/infopba247.com.ar\\\/?s={search_term_string}\"},\"query-input\":{\"@type\":\"PropertyValueSpecification\",\"valueRequired\":true,\"valueName\":\"search_term_string\"}}],\"inLanguage\":\"es\"},{\"@type\":\"Organization\",\"@id\":\"https:\\\/\\\/infopba247.com.ar\\\/#organization\",\"name\":\"InfoPBA247\",\"url\":\"https:\\\/\\\/infopba247.com.ar\\\/\",\"logo\":{\"@type\":\"ImageObject\",\"inLanguage\":\"es\",\"@id\":\"https:\\\/\\\/infopba247.com.ar\\\/#\\\/schema\\\/logo\\\/image\\\/\",\"url\":\"https:\\\/\\\/infopba247.com.ar\\\/wp-content\\\/uploads\\\/2022\\\/03\\\/cropped-InfoPBA247-1.png\",\"contentUrl\":\"https:\\\/\\\/infopba247.com.ar\\\/wp-content\\\/uploads\\\/2022\\\/03\\\/cropped-InfoPBA247-1.png\",\"width\":500,\"height\":122,\"caption\":\"InfoPBA247\"},\"image\":{\"@id\":\"https:\\\/\\\/infopba247.com.ar\\\/#\\\/schema\\\/logo\\\/image\\\/\"},\"sameAs\":[\"https:\\\/\\\/www.facebook.com\\\/InfoPBA\"]},{\"@type\":\"Person\",\"@id\":\"https:\\\/\\\/infopba247.com.ar\\\/#\\\/schema\\\/person\\\/4975f1343a413e57bf839b3eed0099f2\",\"name\":\"Editor\",\"image\":{\"@type\":\"ImageObject\",\"inLanguage\":\"es\",\"@id\":\"https:\\\/\\\/secure.gravatar.com\\\/avatar\\\/d27fe9520667ca53441d36627a1d6b0fa4a813571ec4803687a7a3a7744685ac?s=96&d=mm&r=g\",\"url\":\"https:\\\/\\\/secure.gravatar.com\\\/avatar\\\/d27fe9520667ca53441d36627a1d6b0fa4a813571ec4803687a7a3a7744685ac?s=96&d=mm&r=g\",\"contentUrl\":\"https:\\\/\\\/secure.gravatar.com\\\/avatar\\\/d27fe9520667ca53441d36627a1d6b0fa4a813571ec4803687a7a3a7744685ac?s=96&d=mm&r=g\",\"caption\":\"Editor\"},\"url\":\"https:\\\/\\\/infopba247.com.ar\\\/index.php\\\/author\\\/editor\\\/\"}]}<\/script>\n<!-- \/ Yoast SEO plugin. -->","yoast_head_json":{"title":"Inscripci\u00f3n a los cursos 2026 del Centro de Formaci\u00f3n Laboral N\u00b0404 - InfoPBA247","robots":{"index":"index","follow":"follow","max-snippet":"max-snippet:-1","max-image-preview":"max-image-preview:large","max-video-preview":"max-video-preview:-1"},"canonical":"https:\/\/infopba247.com.ar\/index.php\/2026\/01\/14\/inscripcion-a-los-cursos-2026-del-centro-de-formacion-laboral-n404\/","og_locale":"es_ES","og_type":"article","og_title":"Inscripci\u00f3n a los cursos 2026 del Centro de Formaci\u00f3n Laboral N\u00b0404 - InfoPBA247","og_description":"El Centro de Formaci\u00f3n Laboral N\u00b0404, dependiente de la Secretar\u00eda de Gobierno de la Municipalidad de Berisso, informa que el","og_url":"https:\/\/infopba247.com.ar\/index.php\/2026\/01\/14\/inscripcion-a-los-cursos-2026-del-centro-de-formacion-laboral-n404\/","og_site_name":"InfoPBA247","article_publisher":"https:\/\/www.facebook.com\/InfoPBA","article_published_time":"2026-01-14T14:26:14+00:00","article_modified_time":"2026-01-22T16:42:01+00:00","og_image":[{"width":800,"height":600,"url":"https:\/\/infopba247.com.ar\/wp-content\/uploads\/2026\/01\/1_curso.jpg","type":"image\/jpeg"}],"author":"Editor","twitter_card":"summary_large_image","twitter_misc":{"Escrito por":"Editor","Tiempo de lectura":"3 minutos"},"schema":{"@context":"https:\/\/schema.org","@graph":[{"@type":"Article","@id":"https:\/\/infopba247.com.ar\/index.php\/2026\/01\/14\/inscripcion-a-los-cursos-2026-del-centro-de-formacion-laboral-n404\/#article","isPartOf":{"@id":"https:\/\/infopba247.com.ar\/index.php\/2026\/01\/14\/inscripcion-a-los-cursos-2026-del-centro-de-formacion-laboral-n404\/"},"author":{"name":"Editor","@id":"https:\/\/infopba247.com.ar\/#\/schema\/person\/4975f1343a413e57bf839b3eed0099f2"},"headline":"Inscripci\u00f3n a los cursos 2026 del Centro de Formaci\u00f3n Laboral N\u00b0404","datePublished":"2026-01-14T14:26:14+00:00","dateModified":"2026-01-22T16:42:01+00:00","mainEntityOfPage":{"@id":"https:\/\/infopba247.com.ar\/index.php\/2026\/01\/14\/inscripcion-a-los-cursos-2026-del-centro-de-formacion-laboral-n404\/"},"wordCount":669,"commentCount":0,"publisher":{"@id":"https:\/\/infopba247.com.ar\/#organization"},"image":{"@id":"https:\/\/infopba247.com.ar\/index.php\/2026\/01\/14\/inscripcion-a-los-cursos-2026-del-centro-de-formacion-laboral-n404\/#primaryimage"},"thumbnailUrl":"https:\/\/infopba247.com.ar\/wp-content\/uploads\/2026\/01\/1_curso.jpg","articleSection":["3ra Secci\u00f3n","Destacadas","Pol\u00edtica"],"inLanguage":"es","potentialAction":[{"@type":"CommentAction","name":"Comment","target":["https:\/\/infopba247.com.ar\/index.php\/2026\/01\/14\/inscripcion-a-los-cursos-2026-del-centro-de-formacion-laboral-n404\/#respond"]}]},{"@type":"WebPage","@id":"https:\/\/infopba247.com.ar\/index.php\/2026\/01\/14\/inscripcion-a-los-cursos-2026-del-centro-de-formacion-laboral-n404\/","url":"https:\/\/infopba247.com.ar\/index.php\/2026\/01\/14\/inscripcion-a-los-cursos-2026-del-centro-de-formacion-laboral-n404\/","name":"Inscripci\u00f3n a los cursos 2026 del Centro de Formaci\u00f3n Laboral N\u00b0404 - InfoPBA247","isPartOf":{"@id":"https:\/\/infopba247.com.ar\/#website"},"primaryImageOfPage":{"@id":"https:\/\/infopba247.com.ar\/index.php\/2026\/01\/14\/inscripcion-a-los-cursos-2026-del-centro-de-formacion-laboral-n404\/#primaryimage"},"image":{"@id":"https:\/\/infopba247.com.ar\/index.php\/2026\/01\/14\/inscripcion-a-los-cursos-2026-del-centro-de-formacion-laboral-n404\/#primaryimage"},"thumbnailUrl":"https:\/\/infopba247.com.ar\/wp-content\/uploads\/2026\/01\/1_curso.jpg","datePublished":"2026-01-14T14:26:14+00:00","dateModified":"2026-01-22T16:42:01+00:00","breadcrumb":{"@id":"https:\/\/infopba247.com.ar\/index.php\/2026\/01\/14\/inscripcion-a-los-cursos-2026-del-centro-de-formacion-laboral-n404\/#breadcrumb"},"inLanguage":"es","potentialAction":[{"@type":"ReadAction","target":["https:\/\/infopba247.com.ar\/index.php\/2026\/01\/14\/inscripcion-a-los-cursos-2026-del-centro-de-formacion-laboral-n404\/"]}]},{"@type":"ImageObject","inLanguage":"es","@id":"https:\/\/infopba247.com.ar\/index.php\/2026\/01\/14\/inscripcion-a-los-cursos-2026-del-centro-de-formacion-laboral-n404\/#primaryimage","url":"https:\/\/infopba247.com.ar\/wp-content\/uploads\/2026\/01\/1_curso.jpg","contentUrl":"https:\/\/infopba247.com.ar\/wp-content\/uploads\/2026\/01\/1_curso.jpg","width":800,"height":600},{"@type":"BreadcrumbList","@id":"https:\/\/infopba247.com.ar\/index.php\/2026\/01\/14\/inscripcion-a-los-cursos-2026-del-centro-de-formacion-laboral-n404\/#breadcrumb","itemListElement":[{"@type":"ListItem","position":1,"name":"Portada","item":"https:\/\/infopba247.com.ar\/"},{"@type":"ListItem","position":2,"name":"Inscripci\u00f3n a los cursos 2026 del Centro de Formaci\u00f3n Laboral N\u00b0404"}]},{"@type":"WebSite","@id":"https:\/\/infopba247.com.ar\/#website","url":"https:\/\/infopba247.com.ar\/","name":"InfoPBA247","description":"Toda la actualidad bonaerense","publisher":{"@id":"https:\/\/infopba247.com.ar\/#organization"},"potentialAction":[{"@type":"SearchAction","target":{"@type":"EntryPoint","urlTemplate":"https:\/\/infopba247.com.ar\/?s={search_term_string}"},"query-input":{"@type":"PropertyValueSpecification","valueRequired":true,"valueName":"search_term_string"}}],"inLanguage":"es"},{"@type":"Organization","@id":"https:\/\/infopba247.com.ar\/#organization","name":"InfoPBA247","url":"https:\/\/infopba247.com.ar\/","logo":{"@type":"ImageObject","inLanguage":"es","@id":"https:\/\/infopba247.com.ar\/#\/schema\/logo\/image\/","url":"https:\/\/infopba247.com.ar\/wp-content\/uploads\/2022\/03\/cropped-InfoPBA247-1.png","contentUrl":"https:\/\/infopba247.com.ar\/wp-content\/uploads\/2022\/03\/cropped-InfoPBA247-1.png","width":500,"height":122,"caption":"InfoPBA247"},"image":{"@id":"https:\/\/infopba247.com.ar\/#\/schema\/logo\/image\/"},"sameAs":["https:\/\/www.facebook.com\/InfoPBA"]},{"@type":"Person","@id":"https:\/\/infopba247.com.ar\/#\/schema\/person\/4975f1343a413e57bf839b3eed0099f2","name":"Editor","image":{"@type":"ImageObject","inLanguage":"es","@id":"https:\/\/secure.gravatar.com\/avatar\/d27fe9520667ca53441d36627a1d6b0fa4a813571ec4803687a7a3a7744685ac?s=96&d=mm&r=g","url":"https:\/\/secure.gravatar.com\/avatar\/d27fe9520667ca53441d36627a1d6b0fa4a813571ec4803687a7a3a7744685ac?s=96&d=mm&r=g","contentUrl":"https:\/\/secure.gravatar.com\/avatar\/d27fe9520667ca53441d36627a1d6b0fa4a813571ec4803687a7a3a7744685ac?s=96&d=mm&r=g","caption":"Editor"},"url":"https:\/\/infopba247.com.ar\/index.php\/author\/editor\/"}]}},"_links":{"self":[{"href":"https:\/\/infopba247.com.ar\/index.php\/wp-json\/wp\/v2\/posts\/8752","targetHints":{"allow":["GET"]}}],"collection":[{"href":"https:\/\/infopba247.com.ar\/index.php\/wp-json\/wp\/v2\/posts"}],"about":[{"href":"https:\/\/infopba247.com.ar\/index.php\/wp-json\/wp\/v2\/types\/post"}],"author":[{"embeddable":true,"href":"https:\/\/infopba247.com.ar\/index.php\/wp-json\/wp\/v2\/users\/3"}],"replies":[{"embeddable":true,"href":"https:\/\/infopba247.com.ar\/index.php\/wp-json\/wp\/v2\/comments?post=8752"}],"version-history":[{"count":1,"href":"https:\/\/infopba247.com.ar\/index.php\/wp-json\/wp\/v2\/posts\/8752\/revisions"}],"predecessor-version":[{"id":8753,"href":"https:\/\/infopba247.com.ar\/index.php\/wp-json\/wp\/v2\/posts\/8752\/revisions\/8753"}],"wp:featuredmedia":[{"embeddable":true,"href":"https:\/\/infopba247.com.ar\/index.php\/wp-json\/wp\/v2\/media\/8749"}],"wp:attachment":[{"href":"https:\/\/infopba247.com.ar\/index.php\/wp-json\/wp\/v2\/media?parent=8752"}],"wp:term":[{"taxonomy":"category","embeddable":true,"href":"https:\/\/infopba247.com.ar\/index.php\/wp-json\/wp\/v2\/categories?post=8752"},{"taxonomy":"post_tag","embeddable":true,"href":"https:\/\/infopba247.com.ar\/index.php\/wp-json\/wp\/v2\/tags?post=8752"}],"curies":[{"name":"wp","href":"https:\/\/api.w.org\/{rel}","templated":true}]}}