{"id":875,"date":"2022-11-16T09:08:00","date_gmt":"2022-11-16T12:08:00","guid":{"rendered":"https:\/\/infopba247.com.ar\/?p=875"},"modified":"2022-11-23T09:09:01","modified_gmt":"2022-11-23T12:09:01","slug":"fin-de-semana-xl-llega-la-fiesta-de-las-colectividades-a-monte-hermoso","status":"publish","type":"post","link":"https:\/\/infopba247.com.ar\/index.php\/2022\/11\/16\/fin-de-semana-xl-llega-la-fiesta-de-las-colectividades-a-monte-hermoso\/","title":{"rendered":"Fin de semana XL: llega la \u00abFiesta de las Colectividades\u00bb a Monte Hermoso"},"content":{"rendered":"\n<p>Monte Hermoso vuelve a reunir a las culturas del mundo en la XIV Fiesta de las Colectividades, uno de los eventos m\u00e1s esperados y convocantes del a\u00f1o que, en esta edici\u00f3n, tendr\u00e1 su escenario principal y feria gastron\u00f3mica en la Plaza Parque General San Mart\u00edn.<\/p>\n\n\n\n<p>El evento comenzar\u00e1 el viernes 18\/11 a las 21 hs. con el acto inaugural en el Audit\u00f3rium del Centro de Convenciones del que participar\u00e1n autoridades. Tambi\u00e9n tendr\u00e1 lugar el concierto \u201cM\u00fasica sin fronteras\u201d del Cuarteto de Cuerdas \u201cCarpe Diem\u201d.<\/p>\n\n\n\n<p>El d\u00eda s\u00e1bado 19\/11, las actividades comenzar\u00e1n a las 11 hs. con la apertura del Patio Gastron\u00f3mico en la Plaza Parque. A las 20 hs, ser\u00e1 la inauguraci\u00f3n del escenario principal de la Plaza Parque con espect\u00e1culos de danzas de las distintas colectividades.<\/p>\n\n\n\n<p>Como cierre, el domingo 20\/11, la apertura del Patio Gastron\u00f3mico en Plaza Parque tambi\u00e9n ser\u00e1 a las 11 y a las 19.30 hs. se podr\u00e1 disfrutar del desfile de las delegaciones participantes por las calles c\u00e9ntricas de nuestra ciudad, finalizando en el escenario central y con la apertura del Patio de Gastron\u00f3mico.<\/p>\n\n\n\n<p>A las 20 hs, se realizar\u00e1 la segunda y \u00faltima jornada de danzas t\u00edpicas en escenario central.<\/p>\n\n\n\n<p>Participan en esta XVI edici\u00f3n Alemania, Argentina, Armenia, Asturias, Cuba, Espa\u00f1a, Grecia, Irlanda, Italia, Pa\u00eds Vasco, Polonia y Ucrania.<\/p>\n\n\n\n<p>Stands en el Patio Gastron\u00f3mico: Alemania, Argentina, Colombia, Cuba, Dinamarca, Espa\u00f1a, Grecia, Italia, M\u00e9xico, Per\u00fa y Venezuela.<\/p>\n","protected":false},"excerpt":{"rendered":"<p>Monte Hermoso vuelve a reunir a las culturas del mundo en la XIV Fiesta de las Colectividades, uno de los<\/p>\n","protected":false},"author":3,"featured_media":876,"comment_status":"closed","ping_status":"closed","sticky":false,"template":"","format":"standard","meta":{"colormag_page_container_layout":"default_layout","colormag_page_sidebar_layout":"default_layout","footnotes":""},"categories":[15],"tags":[],"class_list":["post-875","post","type-post","status-publish","format-standard","has-post-thumbnail","hentry","category-turismo-y-cultura"],"yoast_head":"<!-- This site is optimized with the Yoast SEO plugin v27.4 - https:\/\/yoast.com\/product\/yoast-seo-wordpress\/ -->\n<title>Fin de semana XL: llega la \u00abFiesta de las Colectividades\u00bb a Monte Hermoso - InfoPBA247<\/title>\n<meta name=\"robots\" content=\"index, follow, max-snippet:-1, max-image-preview:large, max-video-preview:-1\" \/>\n<link rel=\"canonical\" href=\"https:\/\/infopba247.com.ar\/index.php\/2022\/11\/16\/fin-de-semana-xl-llega-la-fiesta-de-las-colectividades-a-monte-hermoso\/\" \/>\n<meta property=\"og:locale\" content=\"es_ES\" \/>\n<meta property=\"og:type\" content=\"article\" \/>\n<meta property=\"og:title\" content=\"Fin de semana XL: llega la \u00abFiesta de las Colectividades\u00bb a Monte Hermoso - InfoPBA247\" \/>\n<meta property=\"og:description\" content=\"Monte Hermoso vuelve a reunir a las culturas del mundo en la XIV Fiesta de las Colectividades, uno de los\" \/>\n<meta property=\"og:url\" content=\"https:\/\/infopba247.com.ar\/index.php\/2022\/11\/16\/fin-de-semana-xl-llega-la-fiesta-de-las-colectividades-a-monte-hermoso\/\" \/>\n<meta property=\"og:site_name\" content=\"InfoPBA247\" \/>\n<meta property=\"article:publisher\" content=\"https:\/\/www.facebook.com\/InfoPBA\" \/>\n<meta property=\"article:published_time\" content=\"2022-11-16T12:08:00+00:00\" \/>\n<meta property=\"article:modified_time\" content=\"2022-11-23T12:09:01+00:00\" \/>\n<meta property=\"og:image\" content=\"https:\/\/infopba247.com.ar\/wp-content\/uploads\/2022\/11\/WhatsApp-Image-2022-11-01-at-11.24.10-1-1-800x445-1.jpeg\" \/>\n\t<meta property=\"og:image:width\" content=\"800\" \/>\n\t<meta property=\"og:image:height\" content=\"445\" \/>\n\t<meta property=\"og:image:type\" content=\"image\/jpeg\" \/>\n<meta name=\"author\" content=\"Editor\" \/>\n<meta name=\"twitter:card\" content=\"summary_large_image\" \/>\n<meta name=\"twitter:label1\" content=\"Escrito por\" \/>\n\t<meta name=\"twitter:data1\" content=\"Editor\" \/>\n\t<meta name=\"twitter:label2\" content=\"Tiempo de lectura\" \/>\n\t<meta name=\"twitter:data2\" content=\"1 minuto\" \/>\n<script type=\"application\/ld+json\" class=\"yoast-schema-graph\">{\"@context\":\"https:\\\/\\\/schema.org\",\"@graph\":[{\"@type\":\"Article\",\"@id\":\"https:\\\/\\\/infopba247.com.ar\\\/index.php\\\/2022\\\/11\\\/16\\\/fin-de-semana-xl-llega-la-fiesta-de-las-colectividades-a-monte-hermoso\\\/#article\",\"isPartOf\":{\"@id\":\"https:\\\/\\\/infopba247.com.ar\\\/index.php\\\/2022\\\/11\\\/16\\\/fin-de-semana-xl-llega-la-fiesta-de-las-colectividades-a-monte-hermoso\\\/\"},\"author\":{\"name\":\"Editor\",\"@id\":\"https:\\\/\\\/infopba247.com.ar\\\/#\\\/schema\\\/person\\\/4975f1343a413e57bf839b3eed0099f2\"},\"headline\":\"Fin de semana XL: llega la \u00abFiesta de las Colectividades\u00bb a Monte Hermoso\",\"datePublished\":\"2022-11-16T12:08:00+00:00\",\"dateModified\":\"2022-11-23T12:09:01+00:00\",\"mainEntityOfPage\":{\"@id\":\"https:\\\/\\\/infopba247.com.ar\\\/index.php\\\/2022\\\/11\\\/16\\\/fin-de-semana-xl-llega-la-fiesta-de-las-colectividades-a-monte-hermoso\\\/\"},\"wordCount\":262,\"publisher\":{\"@id\":\"https:\\\/\\\/infopba247.com.ar\\\/#organization\"},\"image\":{\"@id\":\"https:\\\/\\\/infopba247.com.ar\\\/index.php\\\/2022\\\/11\\\/16\\\/fin-de-semana-xl-llega-la-fiesta-de-las-colectividades-a-monte-hermoso\\\/#primaryimage\"},\"thumbnailUrl\":\"https:\\\/\\\/infopba247.com.ar\\\/wp-content\\\/uploads\\\/2022\\\/11\\\/WhatsApp-Image-2022-11-01-at-11.24.10-1-1-800x445-1.jpeg\",\"articleSection\":[\"Turismo y Cultura\"],\"inLanguage\":\"es\"},{\"@type\":\"WebPage\",\"@id\":\"https:\\\/\\\/infopba247.com.ar\\\/index.php\\\/2022\\\/11\\\/16\\\/fin-de-semana-xl-llega-la-fiesta-de-las-colectividades-a-monte-hermoso\\\/\",\"url\":\"https:\\\/\\\/infopba247.com.ar\\\/index.php\\\/2022\\\/11\\\/16\\\/fin-de-semana-xl-llega-la-fiesta-de-las-colectividades-a-monte-hermoso\\\/\",\"name\":\"Fin de semana XL: llega la \u00abFiesta de las Colectividades\u00bb a Monte Hermoso - InfoPBA247\",\"isPartOf\":{\"@id\":\"https:\\\/\\\/infopba247.com.ar\\\/#website\"},\"primaryImageOfPage\":{\"@id\":\"https:\\\/\\\/infopba247.com.ar\\\/index.php\\\/2022\\\/11\\\/16\\\/fin-de-semana-xl-llega-la-fiesta-de-las-colectividades-a-monte-hermoso\\\/#primaryimage\"},\"image\":{\"@id\":\"https:\\\/\\\/infopba247.com.ar\\\/index.php\\\/2022\\\/11\\\/16\\\/fin-de-semana-xl-llega-la-fiesta-de-las-colectividades-a-monte-hermoso\\\/#primaryimage\"},\"thumbnailUrl\":\"https:\\\/\\\/infopba247.com.ar\\\/wp-content\\\/uploads\\\/2022\\\/11\\\/WhatsApp-Image-2022-11-01-at-11.24.10-1-1-800x445-1.jpeg\",\"datePublished\":\"2022-11-16T12:08:00+00:00\",\"dateModified\":\"2022-11-23T12:09:01+00:00\",\"breadcrumb\":{\"@id\":\"https:\\\/\\\/infopba247.com.ar\\\/index.php\\\/2022\\\/11\\\/16\\\/fin-de-semana-xl-llega-la-fiesta-de-las-colectividades-a-monte-hermoso\\\/#breadcrumb\"},\"inLanguage\":\"es\",\"potentialAction\":[{\"@type\":\"ReadAction\",\"target\":[\"https:\\\/\\\/infopba247.com.ar\\\/index.php\\\/2022\\\/11\\\/16\\\/fin-de-semana-xl-llega-la-fiesta-de-las-colectividades-a-monte-hermoso\\\/\"]}]},{\"@type\":\"ImageObject\",\"inLanguage\":\"es\",\"@id\":\"https:\\\/\\\/infopba247.com.ar\\\/index.php\\\/2022\\\/11\\\/16\\\/fin-de-semana-xl-llega-la-fiesta-de-las-colectividades-a-monte-hermoso\\\/#primaryimage\",\"url\":\"https:\\\/\\\/infopba247.com.ar\\\/wp-content\\\/uploads\\\/2022\\\/11\\\/WhatsApp-Image-2022-11-01-at-11.24.10-1-1-800x445-1.jpeg\",\"contentUrl\":\"https:\\\/\\\/infopba247.com.ar\\\/wp-content\\\/uploads\\\/2022\\\/11\\\/WhatsApp-Image-2022-11-01-at-11.24.10-1-1-800x445-1.jpeg\",\"width\":800,\"height\":445},{\"@type\":\"BreadcrumbList\",\"@id\":\"https:\\\/\\\/infopba247.com.ar\\\/index.php\\\/2022\\\/11\\\/16\\\/fin-de-semana-xl-llega-la-fiesta-de-las-colectividades-a-monte-hermoso\\\/#breadcrumb\",\"itemListElement\":[{\"@type\":\"ListItem\",\"position\":1,\"name\":\"Portada\",\"item\":\"https:\\\/\\\/infopba247.com.ar\\\/\"},{\"@type\":\"ListItem\",\"position\":2,\"name\":\"Fin de semana XL: llega la \u00abFiesta de las Colectividades\u00bb a Monte Hermoso\"}]},{\"@type\":\"WebSite\",\"@id\":\"https:\\\/\\\/infopba247.com.ar\\\/#website\",\"url\":\"https:\\\/\\\/infopba247.com.ar\\\/\",\"name\":\"InfoPBA247\",\"description\":\"Toda la actualidad bonaerense\",\"publisher\":{\"@id\":\"https:\\\/\\\/infopba247.com.ar\\\/#organization\"},\"potentialAction\":[{\"@type\":\"SearchAction\",\"target\":{\"@type\":\"EntryPoint\",\"urlTemplate\":\"https:\\\/\\\/infopba247.com.ar\\\/?s={search_term_string}\"},\"query-input\":{\"@type\":\"PropertyValueSpecification\",\"valueRequired\":true,\"valueName\":\"search_term_string\"}}],\"inLanguage\":\"es\"},{\"@type\":\"Organization\",\"@id\":\"https:\\\/\\\/infopba247.com.ar\\\/#organization\",\"name\":\"InfoPBA247\",\"url\":\"https:\\\/\\\/infopba247.com.ar\\\/\",\"logo\":{\"@type\":\"ImageObject\",\"inLanguage\":\"es\",\"@id\":\"https:\\\/\\\/infopba247.com.ar\\\/#\\\/schema\\\/logo\\\/image\\\/\",\"url\":\"https:\\\/\\\/infopba247.com.ar\\\/wp-content\\\/uploads\\\/2022\\\/03\\\/cropped-InfoPBA247-1.png\",\"contentUrl\":\"https:\\\/\\\/infopba247.com.ar\\\/wp-content\\\/uploads\\\/2022\\\/03\\\/cropped-InfoPBA247-1.png\",\"width\":500,\"height\":122,\"caption\":\"InfoPBA247\"},\"image\":{\"@id\":\"https:\\\/\\\/infopba247.com.ar\\\/#\\\/schema\\\/logo\\\/image\\\/\"},\"sameAs\":[\"https:\\\/\\\/www.facebook.com\\\/InfoPBA\"]},{\"@type\":\"Person\",\"@id\":\"https:\\\/\\\/infopba247.com.ar\\\/#\\\/schema\\\/person\\\/4975f1343a413e57bf839b3eed0099f2\",\"name\":\"Editor\",\"image\":{\"@type\":\"ImageObject\",\"inLanguage\":\"es\",\"@id\":\"https:\\\/\\\/secure.gravatar.com\\\/avatar\\\/d27fe9520667ca53441d36627a1d6b0fa4a813571ec4803687a7a3a7744685ac?s=96&d=mm&r=g\",\"url\":\"https:\\\/\\\/secure.gravatar.com\\\/avatar\\\/d27fe9520667ca53441d36627a1d6b0fa4a813571ec4803687a7a3a7744685ac?s=96&d=mm&r=g\",\"contentUrl\":\"https:\\\/\\\/secure.gravatar.com\\\/avatar\\\/d27fe9520667ca53441d36627a1d6b0fa4a813571ec4803687a7a3a7744685ac?s=96&d=mm&r=g\",\"caption\":\"Editor\"},\"url\":\"https:\\\/\\\/infopba247.com.ar\\\/index.php\\\/author\\\/editor\\\/\"}]}<\/script>\n<!-- \/ Yoast SEO plugin. -->","yoast_head_json":{"title":"Fin de semana XL: llega la \u00abFiesta de las Colectividades\u00bb a Monte Hermoso - InfoPBA247","robots":{"index":"index","follow":"follow","max-snippet":"max-snippet:-1","max-image-preview":"max-image-preview:large","max-video-preview":"max-video-preview:-1"},"canonical":"https:\/\/infopba247.com.ar\/index.php\/2022\/11\/16\/fin-de-semana-xl-llega-la-fiesta-de-las-colectividades-a-monte-hermoso\/","og_locale":"es_ES","og_type":"article","og_title":"Fin de semana XL: llega la \u00abFiesta de las Colectividades\u00bb a Monte Hermoso - InfoPBA247","og_description":"Monte Hermoso vuelve a reunir a las culturas del mundo en la XIV Fiesta de las Colectividades, uno de los","og_url":"https:\/\/infopba247.com.ar\/index.php\/2022\/11\/16\/fin-de-semana-xl-llega-la-fiesta-de-las-colectividades-a-monte-hermoso\/","og_site_name":"InfoPBA247","article_publisher":"https:\/\/www.facebook.com\/InfoPBA","article_published_time":"2022-11-16T12:08:00+00:00","article_modified_time":"2022-11-23T12:09:01+00:00","og_image":[{"width":800,"height":445,"url":"https:\/\/infopba247.com.ar\/wp-content\/uploads\/2022\/11\/WhatsApp-Image-2022-11-01-at-11.24.10-1-1-800x445-1.jpeg","type":"image\/jpeg"}],"author":"Editor","twitter_card":"summary_large_image","twitter_misc":{"Escrito por":"Editor","Tiempo de lectura":"1 minuto"},"schema":{"@context":"https:\/\/schema.org","@graph":[{"@type":"Article","@id":"https:\/\/infopba247.com.ar\/index.php\/2022\/11\/16\/fin-de-semana-xl-llega-la-fiesta-de-las-colectividades-a-monte-hermoso\/#article","isPartOf":{"@id":"https:\/\/infopba247.com.ar\/index.php\/2022\/11\/16\/fin-de-semana-xl-llega-la-fiesta-de-las-colectividades-a-monte-hermoso\/"},"author":{"name":"Editor","@id":"https:\/\/infopba247.com.ar\/#\/schema\/person\/4975f1343a413e57bf839b3eed0099f2"},"headline":"Fin de semana XL: llega la \u00abFiesta de las Colectividades\u00bb a Monte Hermoso","datePublished":"2022-11-16T12:08:00+00:00","dateModified":"2022-11-23T12:09:01+00:00","mainEntityOfPage":{"@id":"https:\/\/infopba247.com.ar\/index.php\/2022\/11\/16\/fin-de-semana-xl-llega-la-fiesta-de-las-colectividades-a-monte-hermoso\/"},"wordCount":262,"publisher":{"@id":"https:\/\/infopba247.com.ar\/#organization"},"image":{"@id":"https:\/\/infopba247.com.ar\/index.php\/2022\/11\/16\/fin-de-semana-xl-llega-la-fiesta-de-las-colectividades-a-monte-hermoso\/#primaryimage"},"thumbnailUrl":"https:\/\/infopba247.com.ar\/wp-content\/uploads\/2022\/11\/WhatsApp-Image-2022-11-01-at-11.24.10-1-1-800x445-1.jpeg","articleSection":["Turismo y Cultura"],"inLanguage":"es"},{"@type":"WebPage","@id":"https:\/\/infopba247.com.ar\/index.php\/2022\/11\/16\/fin-de-semana-xl-llega-la-fiesta-de-las-colectividades-a-monte-hermoso\/","url":"https:\/\/infopba247.com.ar\/index.php\/2022\/11\/16\/fin-de-semana-xl-llega-la-fiesta-de-las-colectividades-a-monte-hermoso\/","name":"Fin de semana XL: llega la \u00abFiesta de las Colectividades\u00bb a Monte Hermoso - InfoPBA247","isPartOf":{"@id":"https:\/\/infopba247.com.ar\/#website"},"primaryImageOfPage":{"@id":"https:\/\/infopba247.com.ar\/index.php\/2022\/11\/16\/fin-de-semana-xl-llega-la-fiesta-de-las-colectividades-a-monte-hermoso\/#primaryimage"},"image":{"@id":"https:\/\/infopba247.com.ar\/index.php\/2022\/11\/16\/fin-de-semana-xl-llega-la-fiesta-de-las-colectividades-a-monte-hermoso\/#primaryimage"},"thumbnailUrl":"https:\/\/infopba247.com.ar\/wp-content\/uploads\/2022\/11\/WhatsApp-Image-2022-11-01-at-11.24.10-1-1-800x445-1.jpeg","datePublished":"2022-11-16T12:08:00+00:00","dateModified":"2022-11-23T12:09:01+00:00","breadcrumb":{"@id":"https:\/\/infopba247.com.ar\/index.php\/2022\/11\/16\/fin-de-semana-xl-llega-la-fiesta-de-las-colectividades-a-monte-hermoso\/#breadcrumb"},"inLanguage":"es","potentialAction":[{"@type":"ReadAction","target":["https:\/\/infopba247.com.ar\/index.php\/2022\/11\/16\/fin-de-semana-xl-llega-la-fiesta-de-las-colectividades-a-monte-hermoso\/"]}]},{"@type":"ImageObject","inLanguage":"es","@id":"https:\/\/infopba247.com.ar\/index.php\/2022\/11\/16\/fin-de-semana-xl-llega-la-fiesta-de-las-colectividades-a-monte-hermoso\/#primaryimage","url":"https:\/\/infopba247.com.ar\/wp-content\/uploads\/2022\/11\/WhatsApp-Image-2022-11-01-at-11.24.10-1-1-800x445-1.jpeg","contentUrl":"https:\/\/infopba247.com.ar\/wp-content\/uploads\/2022\/11\/WhatsApp-Image-2022-11-01-at-11.24.10-1-1-800x445-1.jpeg","width":800,"height":445},{"@type":"BreadcrumbList","@id":"https:\/\/infopba247.com.ar\/index.php\/2022\/11\/16\/fin-de-semana-xl-llega-la-fiesta-de-las-colectividades-a-monte-hermoso\/#breadcrumb","itemListElement":[{"@type":"ListItem","position":1,"name":"Portada","item":"https:\/\/infopba247.com.ar\/"},{"@type":"ListItem","position":2,"name":"Fin de semana XL: llega la \u00abFiesta de las Colectividades\u00bb a Monte Hermoso"}]},{"@type":"WebSite","@id":"https:\/\/infopba247.com.ar\/#website","url":"https:\/\/infopba247.com.ar\/","name":"InfoPBA247","description":"Toda la actualidad bonaerense","publisher":{"@id":"https:\/\/infopba247.com.ar\/#organization"},"potentialAction":[{"@type":"SearchAction","target":{"@type":"EntryPoint","urlTemplate":"https:\/\/infopba247.com.ar\/?s={search_term_string}"},"query-input":{"@type":"PropertyValueSpecification","valueRequired":true,"valueName":"search_term_string"}}],"inLanguage":"es"},{"@type":"Organization","@id":"https:\/\/infopba247.com.ar\/#organization","name":"InfoPBA247","url":"https:\/\/infopba247.com.ar\/","logo":{"@type":"ImageObject","inLanguage":"es","@id":"https:\/\/infopba247.com.ar\/#\/schema\/logo\/image\/","url":"https:\/\/infopba247.com.ar\/wp-content\/uploads\/2022\/03\/cropped-InfoPBA247-1.png","contentUrl":"https:\/\/infopba247.com.ar\/wp-content\/uploads\/2022\/03\/cropped-InfoPBA247-1.png","width":500,"height":122,"caption":"InfoPBA247"},"image":{"@id":"https:\/\/infopba247.com.ar\/#\/schema\/logo\/image\/"},"sameAs":["https:\/\/www.facebook.com\/InfoPBA"]},{"@type":"Person","@id":"https:\/\/infopba247.com.ar\/#\/schema\/person\/4975f1343a413e57bf839b3eed0099f2","name":"Editor","image":{"@type":"ImageObject","inLanguage":"es","@id":"https:\/\/secure.gravatar.com\/avatar\/d27fe9520667ca53441d36627a1d6b0fa4a813571ec4803687a7a3a7744685ac?s=96&d=mm&r=g","url":"https:\/\/secure.gravatar.com\/avatar\/d27fe9520667ca53441d36627a1d6b0fa4a813571ec4803687a7a3a7744685ac?s=96&d=mm&r=g","contentUrl":"https:\/\/secure.gravatar.com\/avatar\/d27fe9520667ca53441d36627a1d6b0fa4a813571ec4803687a7a3a7744685ac?s=96&d=mm&r=g","caption":"Editor"},"url":"https:\/\/infopba247.com.ar\/index.php\/author\/editor\/"}]}},"_links":{"self":[{"href":"https:\/\/infopba247.com.ar\/index.php\/wp-json\/wp\/v2\/posts\/875","targetHints":{"allow":["GET"]}}],"collection":[{"href":"https:\/\/infopba247.com.ar\/index.php\/wp-json\/wp\/v2\/posts"}],"about":[{"href":"https:\/\/infopba247.com.ar\/index.php\/wp-json\/wp\/v2\/types\/post"}],"author":[{"embeddable":true,"href":"https:\/\/infopba247.com.ar\/index.php\/wp-json\/wp\/v2\/users\/3"}],"replies":[{"embeddable":true,"href":"https:\/\/infopba247.com.ar\/index.php\/wp-json\/wp\/v2\/comments?post=875"}],"version-history":[{"count":1,"href":"https:\/\/infopba247.com.ar\/index.php\/wp-json\/wp\/v2\/posts\/875\/revisions"}],"predecessor-version":[{"id":877,"href":"https:\/\/infopba247.com.ar\/index.php\/wp-json\/wp\/v2\/posts\/875\/revisions\/877"}],"wp:featuredmedia":[{"embeddable":true,"href":"https:\/\/infopba247.com.ar\/index.php\/wp-json\/wp\/v2\/media\/876"}],"wp:attachment":[{"href":"https:\/\/infopba247.com.ar\/index.php\/wp-json\/wp\/v2\/media?parent=875"}],"wp:term":[{"taxonomy":"category","embeddable":true,"href":"https:\/\/infopba247.com.ar\/index.php\/wp-json\/wp\/v2\/categories?post=875"},{"taxonomy":"post_tag","embeddable":true,"href":"https:\/\/infopba247.com.ar\/index.php\/wp-json\/wp\/v2\/tags?post=875"}],"curies":[{"name":"wp","href":"https:\/\/api.w.org\/{rel}","templated":true}]}}