{"id":8734,"date":"2026-01-12T14:07:55","date_gmt":"2026-01-12T17:07:55","guid":{"rendered":"https:\/\/infopba247.com.ar\/?p=8734"},"modified":"2026-01-22T13:42:35","modified_gmt":"2026-01-22T16:42:35","slug":"verano-en-comunidad-amplia-agenda-de-actividades-gratuitas-para-las-familias-bonaerenses","status":"publish","type":"post","link":"https:\/\/infopba247.com.ar\/index.php\/2026\/01\/12\/verano-en-comunidad-amplia-agenda-de-actividades-gratuitas-para-las-familias-bonaerenses\/","title":{"rendered":"Verano en Comunidad: Amplia agenda de actividades gratuitas para las familias bonaerenses"},"content":{"rendered":"\n<p>Durante enero y febrero, el Gobierno bonaerense lleva adelante una nueva edici\u00f3n de Verano en Comunidad, una propuesta impulsada por el Ministerio de Desarrollo de la Comunidad que ofrece actividades recreativas y deportivas gratuitas en puntos tur\u00edsticos y distintas ciudades de la Provincia.<\/p>\n\n\n\n<p>En este marco, desde el lunes 13 de enero se desarrollar\u00e1n las Colonias de Verano, una iniciativa destinada a ni\u00f1as y ni\u00f1os que promueve pr\u00e1cticas vinculadas al deporte, la vida al aire libre y la creatividad. La propuesta se lleva adelante en articulaci\u00f3n con clubes de barrio y espacios comunitarios en los distritos de La Matanza, San Miguel, Quilmes y Moreno.<\/p>\n\n\n\n<p>Al respecto, el ministro de Desarrollo de la Comunidad, Andr\u00e9s Larroque, se\u00f1al\u00f3: \u201cPor decisi\u00f3n del gobernador Axel Kicillof seguimos sosteniendo pol\u00edticas p\u00fablicas que construyen comunidad, garantizan derechos y generan espacios de encuentro para las familias bonaerenses, incluso en un contexto complejo\u201d.<\/p>\n\n\n\n<p>En paralelo, la Provincia mediante la Subsecretar\u00eda de Deportes acompa\u00f1a la 50\u00aa edici\u00f3n de la Regata Internacional del R\u00edo Negro, que se desarrolla desde el 8 al 18 de enero, una de las competencias de canotaje m\u00e1s extensas del mundo. La traves\u00eda comenz\u00f3 en Plottier, en la provincia de Neuqu\u00e9n, y recorrer\u00e1 m\u00e1s de 400 kil\u00f3metros del r\u00edo Negro a lo largo de nueve etapas, con dos jornadas de descanso, para finalizar en Viedma, capital de R\u00edo Negro, e integrar tambi\u00e9n a Carmen de Patagones, fortaleciendo el v\u00ednculo con el sur bonaerense.<\/p>\n\n\n\n<p>Adem\u00e1s, las \u00e1reas de Juventudes y Deportes estar\u00e1n presentes en los Paradores RECREO de Villa Gesell y Miramar, con actividades recreativas, culturales y deportivas gratuitas para toda la familia, que incluyen torneos, clases abiertas, juegos, m\u00fasica en vivo y espacios de difusi\u00f3n de programas y servicios provinciales, adem\u00e1s del uso libre de canchas y sectores recreativos.<\/p>\n\n\n\n<p>Asimismo, durante se llevar\u00e1n adelante las jornadas de Organizar Comunidad en los distritos de La Plata, San Miguel, Presidente Per\u00f3n, Almirante Brown y Mor\u00f3n, con una programaci\u00f3n que incluye actividades culturales, recreativas y deportivas pensadas para toda la familia, junto a la participaci\u00f3n de distintos organismos provinciales.<\/p>\n\n\n\n<p>La agenda de Verano en Comunidad se completa con los Mercados de Productores Familiares Itinerantes, impulsados por el Ministerio en el marco del programa Comprar en Comunidad. Estas ferias se desarrollan en distintos puntos de la provincia y ofrecen alimentos y productos esenciales a precios populares, fortaleciendo el v\u00ednculo directo entre productores y consumidores, y promoviendo el acceso a una alimentaci\u00f3n de calidad.<\/p>\n\n\n\n<p>Para conocer el cronograma completo de actividades, las sedes y todas las propuestas del programa Verano en Comunidad, se puede ingresar al sitio web del Ministerio de Desarrollo de la Comunidad: www.gba.gob.ar\/desarrollo_de_la_comunidad<\/p>\n","protected":false},"excerpt":{"rendered":"<p>Durante enero y febrero, el Gobierno bonaerense lleva adelante una nueva edici\u00f3n de Verano en Comunidad, una propuesta impulsada por<\/p>\n","protected":false},"author":3,"featured_media":8737,"comment_status":"open","ping_status":"open","sticky":false,"template":"","format":"standard","meta":{"colormag_page_container_layout":"default_layout","colormag_page_sidebar_layout":"default_layout","footnotes":""},"categories":[1,14],"tags":[],"class_list":["post-8734","post","type-post","status-publish","format-standard","has-post-thumbnail","hentry","category-destacadas","category-politica"],"yoast_head":"<!-- This site is optimized with the Yoast SEO plugin v27.5 - https:\/\/yoast.com\/product\/yoast-seo-wordpress\/ -->\n<title>Verano en Comunidad: Amplia agenda de actividades gratuitas para las familias bonaerenses - InfoPBA247<\/title>\n<meta name=\"robots\" content=\"index, follow, max-snippet:-1, max-image-preview:large, max-video-preview:-1\" \/>\n<link rel=\"canonical\" href=\"https:\/\/infopba247.com.ar\/index.php\/2026\/01\/12\/verano-en-comunidad-amplia-agenda-de-actividades-gratuitas-para-las-familias-bonaerenses\/\" \/>\n<meta property=\"og:locale\" content=\"es_ES\" \/>\n<meta property=\"og:type\" content=\"article\" \/>\n<meta property=\"og:title\" content=\"Verano en Comunidad: Amplia agenda de actividades gratuitas para las familias bonaerenses - InfoPBA247\" \/>\n<meta property=\"og:description\" content=\"Durante enero y febrero, el Gobierno bonaerense lleva adelante una nueva edici\u00f3n de Verano en Comunidad, una propuesta impulsada por\" \/>\n<meta property=\"og:url\" content=\"https:\/\/infopba247.com.ar\/index.php\/2026\/01\/12\/verano-en-comunidad-amplia-agenda-de-actividades-gratuitas-para-las-familias-bonaerenses\/\" \/>\n<meta property=\"og:site_name\" content=\"InfoPBA247\" \/>\n<meta property=\"article:publisher\" content=\"https:\/\/www.facebook.com\/InfoPBA\" \/>\n<meta property=\"article:published_time\" content=\"2026-01-12T17:07:55+00:00\" \/>\n<meta property=\"article:modified_time\" content=\"2026-01-22T16:42:35+00:00\" \/>\n<meta property=\"og:image\" content=\"https:\/\/infopba247.com.ar\/wp-content\/uploads\/2026\/01\/unnamed-2026-01-12T140409.011.jpg\" \/>\n\t<meta property=\"og:image:width\" content=\"700\" \/>\n\t<meta property=\"og:image:height\" content=\"467\" \/>\n\t<meta property=\"og:image:type\" content=\"image\/jpeg\" \/>\n<meta name=\"author\" content=\"Editor\" \/>\n<meta name=\"twitter:card\" content=\"summary_large_image\" \/>\n<meta name=\"twitter:label1\" content=\"Escrito por\" \/>\n\t<meta name=\"twitter:data1\" content=\"Editor\" \/>\n\t<meta name=\"twitter:label2\" content=\"Tiempo de lectura\" \/>\n\t<meta name=\"twitter:data2\" content=\"3 minutos\" \/>\n<script type=\"application\/ld+json\" class=\"yoast-schema-graph\">{\"@context\":\"https:\\\/\\\/schema.org\",\"@graph\":[{\"@type\":\"Article\",\"@id\":\"https:\\\/\\\/infopba247.com.ar\\\/index.php\\\/2026\\\/01\\\/12\\\/verano-en-comunidad-amplia-agenda-de-actividades-gratuitas-para-las-familias-bonaerenses\\\/#article\",\"isPartOf\":{\"@id\":\"https:\\\/\\\/infopba247.com.ar\\\/index.php\\\/2026\\\/01\\\/12\\\/verano-en-comunidad-amplia-agenda-de-actividades-gratuitas-para-las-familias-bonaerenses\\\/\"},\"author\":{\"name\":\"Editor\",\"@id\":\"https:\\\/\\\/infopba247.com.ar\\\/#\\\/schema\\\/person\\\/4975f1343a413e57bf839b3eed0099f2\"},\"headline\":\"Verano en Comunidad: Amplia agenda de actividades gratuitas para las familias bonaerenses\",\"datePublished\":\"2026-01-12T17:07:55+00:00\",\"dateModified\":\"2026-01-22T16:42:35+00:00\",\"mainEntityOfPage\":{\"@id\":\"https:\\\/\\\/infopba247.com.ar\\\/index.php\\\/2026\\\/01\\\/12\\\/verano-en-comunidad-amplia-agenda-de-actividades-gratuitas-para-las-familias-bonaerenses\\\/\"},\"wordCount\":486,\"commentCount\":0,\"publisher\":{\"@id\":\"https:\\\/\\\/infopba247.com.ar\\\/#organization\"},\"image\":{\"@id\":\"https:\\\/\\\/infopba247.com.ar\\\/index.php\\\/2026\\\/01\\\/12\\\/verano-en-comunidad-amplia-agenda-de-actividades-gratuitas-para-las-familias-bonaerenses\\\/#primaryimage\"},\"thumbnailUrl\":\"https:\\\/\\\/infopba247.com.ar\\\/wp-content\\\/uploads\\\/2026\\\/01\\\/unnamed-2026-01-12T140409.011.jpg\",\"articleSection\":[\"Destacadas\",\"Pol\u00edtica\"],\"inLanguage\":\"es\",\"potentialAction\":[{\"@type\":\"CommentAction\",\"name\":\"Comment\",\"target\":[\"https:\\\/\\\/infopba247.com.ar\\\/index.php\\\/2026\\\/01\\\/12\\\/verano-en-comunidad-amplia-agenda-de-actividades-gratuitas-para-las-familias-bonaerenses\\\/#respond\"]}]},{\"@type\":\"WebPage\",\"@id\":\"https:\\\/\\\/infopba247.com.ar\\\/index.php\\\/2026\\\/01\\\/12\\\/verano-en-comunidad-amplia-agenda-de-actividades-gratuitas-para-las-familias-bonaerenses\\\/\",\"url\":\"https:\\\/\\\/infopba247.com.ar\\\/index.php\\\/2026\\\/01\\\/12\\\/verano-en-comunidad-amplia-agenda-de-actividades-gratuitas-para-las-familias-bonaerenses\\\/\",\"name\":\"Verano en Comunidad: Amplia agenda de actividades gratuitas para las familias bonaerenses - InfoPBA247\",\"isPartOf\":{\"@id\":\"https:\\\/\\\/infopba247.com.ar\\\/#website\"},\"primaryImageOfPage\":{\"@id\":\"https:\\\/\\\/infopba247.com.ar\\\/index.php\\\/2026\\\/01\\\/12\\\/verano-en-comunidad-amplia-agenda-de-actividades-gratuitas-para-las-familias-bonaerenses\\\/#primaryimage\"},\"image\":{\"@id\":\"https:\\\/\\\/infopba247.com.ar\\\/index.php\\\/2026\\\/01\\\/12\\\/verano-en-comunidad-amplia-agenda-de-actividades-gratuitas-para-las-familias-bonaerenses\\\/#primaryimage\"},\"thumbnailUrl\":\"https:\\\/\\\/infopba247.com.ar\\\/wp-content\\\/uploads\\\/2026\\\/01\\\/unnamed-2026-01-12T140409.011.jpg\",\"datePublished\":\"2026-01-12T17:07:55+00:00\",\"dateModified\":\"2026-01-22T16:42:35+00:00\",\"breadcrumb\":{\"@id\":\"https:\\\/\\\/infopba247.com.ar\\\/index.php\\\/2026\\\/01\\\/12\\\/verano-en-comunidad-amplia-agenda-de-actividades-gratuitas-para-las-familias-bonaerenses\\\/#breadcrumb\"},\"inLanguage\":\"es\",\"potentialAction\":[{\"@type\":\"ReadAction\",\"target\":[\"https:\\\/\\\/infopba247.com.ar\\\/index.php\\\/2026\\\/01\\\/12\\\/verano-en-comunidad-amplia-agenda-de-actividades-gratuitas-para-las-familias-bonaerenses\\\/\"]}]},{\"@type\":\"ImageObject\",\"inLanguage\":\"es\",\"@id\":\"https:\\\/\\\/infopba247.com.ar\\\/index.php\\\/2026\\\/01\\\/12\\\/verano-en-comunidad-amplia-agenda-de-actividades-gratuitas-para-las-familias-bonaerenses\\\/#primaryimage\",\"url\":\"https:\\\/\\\/infopba247.com.ar\\\/wp-content\\\/uploads\\\/2026\\\/01\\\/unnamed-2026-01-12T140409.011.jpg\",\"contentUrl\":\"https:\\\/\\\/infopba247.com.ar\\\/wp-content\\\/uploads\\\/2026\\\/01\\\/unnamed-2026-01-12T140409.011.jpg\",\"width\":700,\"height\":467},{\"@type\":\"BreadcrumbList\",\"@id\":\"https:\\\/\\\/infopba247.com.ar\\\/index.php\\\/2026\\\/01\\\/12\\\/verano-en-comunidad-amplia-agenda-de-actividades-gratuitas-para-las-familias-bonaerenses\\\/#breadcrumb\",\"itemListElement\":[{\"@type\":\"ListItem\",\"position\":1,\"name\":\"Portada\",\"item\":\"https:\\\/\\\/infopba247.com.ar\\\/\"},{\"@type\":\"ListItem\",\"position\":2,\"name\":\"Verano en Comunidad: Amplia agenda de actividades gratuitas para las familias bonaerenses\"}]},{\"@type\":\"WebSite\",\"@id\":\"https:\\\/\\\/infopba247.com.ar\\\/#website\",\"url\":\"https:\\\/\\\/infopba247.com.ar\\\/\",\"name\":\"InfoPBA247\",\"description\":\"Toda la actualidad bonaerense\",\"publisher\":{\"@id\":\"https:\\\/\\\/infopba247.com.ar\\\/#organization\"},\"potentialAction\":[{\"@type\":\"SearchAction\",\"target\":{\"@type\":\"EntryPoint\",\"urlTemplate\":\"https:\\\/\\\/infopba247.com.ar\\\/?s={search_term_string}\"},\"query-input\":{\"@type\":\"PropertyValueSpecification\",\"valueRequired\":true,\"valueName\":\"search_term_string\"}}],\"inLanguage\":\"es\"},{\"@type\":\"Organization\",\"@id\":\"https:\\\/\\\/infopba247.com.ar\\\/#organization\",\"name\":\"InfoPBA247\",\"url\":\"https:\\\/\\\/infopba247.com.ar\\\/\",\"logo\":{\"@type\":\"ImageObject\",\"inLanguage\":\"es\",\"@id\":\"https:\\\/\\\/infopba247.com.ar\\\/#\\\/schema\\\/logo\\\/image\\\/\",\"url\":\"https:\\\/\\\/infopba247.com.ar\\\/wp-content\\\/uploads\\\/2022\\\/03\\\/cropped-InfoPBA247-1.png\",\"contentUrl\":\"https:\\\/\\\/infopba247.com.ar\\\/wp-content\\\/uploads\\\/2022\\\/03\\\/cropped-InfoPBA247-1.png\",\"width\":500,\"height\":122,\"caption\":\"InfoPBA247\"},\"image\":{\"@id\":\"https:\\\/\\\/infopba247.com.ar\\\/#\\\/schema\\\/logo\\\/image\\\/\"},\"sameAs\":[\"https:\\\/\\\/www.facebook.com\\\/InfoPBA\"]},{\"@type\":\"Person\",\"@id\":\"https:\\\/\\\/infopba247.com.ar\\\/#\\\/schema\\\/person\\\/4975f1343a413e57bf839b3eed0099f2\",\"name\":\"Editor\",\"image\":{\"@type\":\"ImageObject\",\"inLanguage\":\"es\",\"@id\":\"https:\\\/\\\/secure.gravatar.com\\\/avatar\\\/d27fe9520667ca53441d36627a1d6b0fa4a813571ec4803687a7a3a7744685ac?s=96&d=mm&r=g\",\"url\":\"https:\\\/\\\/secure.gravatar.com\\\/avatar\\\/d27fe9520667ca53441d36627a1d6b0fa4a813571ec4803687a7a3a7744685ac?s=96&d=mm&r=g\",\"contentUrl\":\"https:\\\/\\\/secure.gravatar.com\\\/avatar\\\/d27fe9520667ca53441d36627a1d6b0fa4a813571ec4803687a7a3a7744685ac?s=96&d=mm&r=g\",\"caption\":\"Editor\"},\"url\":\"https:\\\/\\\/infopba247.com.ar\\\/index.php\\\/author\\\/editor\\\/\"}]}<\/script>\n<!-- \/ Yoast SEO plugin. -->","yoast_head_json":{"title":"Verano en Comunidad: Amplia agenda de actividades gratuitas para las familias bonaerenses - InfoPBA247","robots":{"index":"index","follow":"follow","max-snippet":"max-snippet:-1","max-image-preview":"max-image-preview:large","max-video-preview":"max-video-preview:-1"},"canonical":"https:\/\/infopba247.com.ar\/index.php\/2026\/01\/12\/verano-en-comunidad-amplia-agenda-de-actividades-gratuitas-para-las-familias-bonaerenses\/","og_locale":"es_ES","og_type":"article","og_title":"Verano en Comunidad: Amplia agenda de actividades gratuitas para las familias bonaerenses - InfoPBA247","og_description":"Durante enero y febrero, el Gobierno bonaerense lleva adelante una nueva edici\u00f3n de Verano en Comunidad, una propuesta impulsada por","og_url":"https:\/\/infopba247.com.ar\/index.php\/2026\/01\/12\/verano-en-comunidad-amplia-agenda-de-actividades-gratuitas-para-las-familias-bonaerenses\/","og_site_name":"InfoPBA247","article_publisher":"https:\/\/www.facebook.com\/InfoPBA","article_published_time":"2026-01-12T17:07:55+00:00","article_modified_time":"2026-01-22T16:42:35+00:00","og_image":[{"width":700,"height":467,"url":"https:\/\/infopba247.com.ar\/wp-content\/uploads\/2026\/01\/unnamed-2026-01-12T140409.011.jpg","type":"image\/jpeg"}],"author":"Editor","twitter_card":"summary_large_image","twitter_misc":{"Escrito por":"Editor","Tiempo de lectura":"3 minutos"},"schema":{"@context":"https:\/\/schema.org","@graph":[{"@type":"Article","@id":"https:\/\/infopba247.com.ar\/index.php\/2026\/01\/12\/verano-en-comunidad-amplia-agenda-de-actividades-gratuitas-para-las-familias-bonaerenses\/#article","isPartOf":{"@id":"https:\/\/infopba247.com.ar\/index.php\/2026\/01\/12\/verano-en-comunidad-amplia-agenda-de-actividades-gratuitas-para-las-familias-bonaerenses\/"},"author":{"name":"Editor","@id":"https:\/\/infopba247.com.ar\/#\/schema\/person\/4975f1343a413e57bf839b3eed0099f2"},"headline":"Verano en Comunidad: Amplia agenda de actividades gratuitas para las familias bonaerenses","datePublished":"2026-01-12T17:07:55+00:00","dateModified":"2026-01-22T16:42:35+00:00","mainEntityOfPage":{"@id":"https:\/\/infopba247.com.ar\/index.php\/2026\/01\/12\/verano-en-comunidad-amplia-agenda-de-actividades-gratuitas-para-las-familias-bonaerenses\/"},"wordCount":486,"commentCount":0,"publisher":{"@id":"https:\/\/infopba247.com.ar\/#organization"},"image":{"@id":"https:\/\/infopba247.com.ar\/index.php\/2026\/01\/12\/verano-en-comunidad-amplia-agenda-de-actividades-gratuitas-para-las-familias-bonaerenses\/#primaryimage"},"thumbnailUrl":"https:\/\/infopba247.com.ar\/wp-content\/uploads\/2026\/01\/unnamed-2026-01-12T140409.011.jpg","articleSection":["Destacadas","Pol\u00edtica"],"inLanguage":"es","potentialAction":[{"@type":"CommentAction","name":"Comment","target":["https:\/\/infopba247.com.ar\/index.php\/2026\/01\/12\/verano-en-comunidad-amplia-agenda-de-actividades-gratuitas-para-las-familias-bonaerenses\/#respond"]}]},{"@type":"WebPage","@id":"https:\/\/infopba247.com.ar\/index.php\/2026\/01\/12\/verano-en-comunidad-amplia-agenda-de-actividades-gratuitas-para-las-familias-bonaerenses\/","url":"https:\/\/infopba247.com.ar\/index.php\/2026\/01\/12\/verano-en-comunidad-amplia-agenda-de-actividades-gratuitas-para-las-familias-bonaerenses\/","name":"Verano en Comunidad: Amplia agenda de actividades gratuitas para las familias bonaerenses - InfoPBA247","isPartOf":{"@id":"https:\/\/infopba247.com.ar\/#website"},"primaryImageOfPage":{"@id":"https:\/\/infopba247.com.ar\/index.php\/2026\/01\/12\/verano-en-comunidad-amplia-agenda-de-actividades-gratuitas-para-las-familias-bonaerenses\/#primaryimage"},"image":{"@id":"https:\/\/infopba247.com.ar\/index.php\/2026\/01\/12\/verano-en-comunidad-amplia-agenda-de-actividades-gratuitas-para-las-familias-bonaerenses\/#primaryimage"},"thumbnailUrl":"https:\/\/infopba247.com.ar\/wp-content\/uploads\/2026\/01\/unnamed-2026-01-12T140409.011.jpg","datePublished":"2026-01-12T17:07:55+00:00","dateModified":"2026-01-22T16:42:35+00:00","breadcrumb":{"@id":"https:\/\/infopba247.com.ar\/index.php\/2026\/01\/12\/verano-en-comunidad-amplia-agenda-de-actividades-gratuitas-para-las-familias-bonaerenses\/#breadcrumb"},"inLanguage":"es","potentialAction":[{"@type":"ReadAction","target":["https:\/\/infopba247.com.ar\/index.php\/2026\/01\/12\/verano-en-comunidad-amplia-agenda-de-actividades-gratuitas-para-las-familias-bonaerenses\/"]}]},{"@type":"ImageObject","inLanguage":"es","@id":"https:\/\/infopba247.com.ar\/index.php\/2026\/01\/12\/verano-en-comunidad-amplia-agenda-de-actividades-gratuitas-para-las-familias-bonaerenses\/#primaryimage","url":"https:\/\/infopba247.com.ar\/wp-content\/uploads\/2026\/01\/unnamed-2026-01-12T140409.011.jpg","contentUrl":"https:\/\/infopba247.com.ar\/wp-content\/uploads\/2026\/01\/unnamed-2026-01-12T140409.011.jpg","width":700,"height":467},{"@type":"BreadcrumbList","@id":"https:\/\/infopba247.com.ar\/index.php\/2026\/01\/12\/verano-en-comunidad-amplia-agenda-de-actividades-gratuitas-para-las-familias-bonaerenses\/#breadcrumb","itemListElement":[{"@type":"ListItem","position":1,"name":"Portada","item":"https:\/\/infopba247.com.ar\/"},{"@type":"ListItem","position":2,"name":"Verano en Comunidad: Amplia agenda de actividades gratuitas para las familias bonaerenses"}]},{"@type":"WebSite","@id":"https:\/\/infopba247.com.ar\/#website","url":"https:\/\/infopba247.com.ar\/","name":"InfoPBA247","description":"Toda la actualidad bonaerense","publisher":{"@id":"https:\/\/infopba247.com.ar\/#organization"},"potentialAction":[{"@type":"SearchAction","target":{"@type":"EntryPoint","urlTemplate":"https:\/\/infopba247.com.ar\/?s={search_term_string}"},"query-input":{"@type":"PropertyValueSpecification","valueRequired":true,"valueName":"search_term_string"}}],"inLanguage":"es"},{"@type":"Organization","@id":"https:\/\/infopba247.com.ar\/#organization","name":"InfoPBA247","url":"https:\/\/infopba247.com.ar\/","logo":{"@type":"ImageObject","inLanguage":"es","@id":"https:\/\/infopba247.com.ar\/#\/schema\/logo\/image\/","url":"https:\/\/infopba247.com.ar\/wp-content\/uploads\/2022\/03\/cropped-InfoPBA247-1.png","contentUrl":"https:\/\/infopba247.com.ar\/wp-content\/uploads\/2022\/03\/cropped-InfoPBA247-1.png","width":500,"height":122,"caption":"InfoPBA247"},"image":{"@id":"https:\/\/infopba247.com.ar\/#\/schema\/logo\/image\/"},"sameAs":["https:\/\/www.facebook.com\/InfoPBA"]},{"@type":"Person","@id":"https:\/\/infopba247.com.ar\/#\/schema\/person\/4975f1343a413e57bf839b3eed0099f2","name":"Editor","image":{"@type":"ImageObject","inLanguage":"es","@id":"https:\/\/secure.gravatar.com\/avatar\/d27fe9520667ca53441d36627a1d6b0fa4a813571ec4803687a7a3a7744685ac?s=96&d=mm&r=g","url":"https:\/\/secure.gravatar.com\/avatar\/d27fe9520667ca53441d36627a1d6b0fa4a813571ec4803687a7a3a7744685ac?s=96&d=mm&r=g","contentUrl":"https:\/\/secure.gravatar.com\/avatar\/d27fe9520667ca53441d36627a1d6b0fa4a813571ec4803687a7a3a7744685ac?s=96&d=mm&r=g","caption":"Editor"},"url":"https:\/\/infopba247.com.ar\/index.php\/author\/editor\/"}]}},"_links":{"self":[{"href":"https:\/\/infopba247.com.ar\/index.php\/wp-json\/wp\/v2\/posts\/8734","targetHints":{"allow":["GET"]}}],"collection":[{"href":"https:\/\/infopba247.com.ar\/index.php\/wp-json\/wp\/v2\/posts"}],"about":[{"href":"https:\/\/infopba247.com.ar\/index.php\/wp-json\/wp\/v2\/types\/post"}],"author":[{"embeddable":true,"href":"https:\/\/infopba247.com.ar\/index.php\/wp-json\/wp\/v2\/users\/3"}],"replies":[{"embeddable":true,"href":"https:\/\/infopba247.com.ar\/index.php\/wp-json\/wp\/v2\/comments?post=8734"}],"version-history":[{"count":1,"href":"https:\/\/infopba247.com.ar\/index.php\/wp-json\/wp\/v2\/posts\/8734\/revisions"}],"predecessor-version":[{"id":8739,"href":"https:\/\/infopba247.com.ar\/index.php\/wp-json\/wp\/v2\/posts\/8734\/revisions\/8739"}],"wp:featuredmedia":[{"embeddable":true,"href":"https:\/\/infopba247.com.ar\/index.php\/wp-json\/wp\/v2\/media\/8737"}],"wp:attachment":[{"href":"https:\/\/infopba247.com.ar\/index.php\/wp-json\/wp\/v2\/media?parent=8734"}],"wp:term":[{"taxonomy":"category","embeddable":true,"href":"https:\/\/infopba247.com.ar\/index.php\/wp-json\/wp\/v2\/categories?post=8734"},{"taxonomy":"post_tag","embeddable":true,"href":"https:\/\/infopba247.com.ar\/index.php\/wp-json\/wp\/v2\/tags?post=8734"}],"curies":[{"name":"wp","href":"https:\/\/api.w.org\/{rel}","templated":true}]}}