{"id":8732,"date":"2026-01-09T11:22:05","date_gmt":"2026-01-09T14:22:05","guid":{"rendered":"https:\/\/infopba247.com.ar\/?p=8732"},"modified":"2026-01-22T13:42:41","modified_gmt":"2026-01-22T16:42:41","slug":"monte-hermoso-sumo-mas-efectivos-moviles-y-equipamiento-para-el-verano","status":"publish","type":"post","link":"https:\/\/infopba247.com.ar\/index.php\/2026\/01\/09\/monte-hermoso-sumo-mas-efectivos-moviles-y-equipamiento-para-el-verano\/","title":{"rendered":"Monte Hermoso sum\u00f3 m\u00e1s efectivos, m\u00f3viles y equipamiento para el verano"},"content":{"rendered":"\n<p>En Costanera y Peatonal Dorrego, autoridades locales y de la regi\u00f3n dieron la bienvenida a las y los integrantes de distintas fuerzas de seguridad que este verano se suman a las tareas de prevenci\u00f3n.<\/p>\n\n\n\n<p>Un total de cien efectivos, entre Polic\u00eda, Infanter\u00eda, Polic\u00eda Rural y Comunicaciones dependientes de Provincia y personal de Seguridad Vial de Naci\u00f3n permanecer\u00e1n hasta el mes de marzo en la ciudad para llevar adelante una temporada segura, trabajando en conjunto con la Secretar\u00eda de Seguridad Ciudadana de la que dependen Guardia Urbana, Centro de monitoreo, Protecci\u00f3n Civil y Guardavidas.<\/p>\n\n\n\n<p>Participaron del recibimiento, los secretarios de Seguridad Ciudadana, Fernando Vera y el de Gobierno, Ramiro Busca junto al subsecretario de Fiscalizaci\u00f3n y Control Policial del Ministerio de Seguridad PBA, Federico Montero; el Superintendente de Seguridad Interior Sur, Gonzalo Bezos y el jefe de la Polic\u00eda Comunal de Monte Hermoso, Claudio Cardozo.<\/p>\n\n\n\n<p>\u201cQuiero destacar la presencia del Estado Provincial para poder garantizar que cada ciudadano pueda estar tranquilo esta temporada disfrutando de su derecho al ocio y valorando sus vacaciones en Monte Hermoso que efectivamente siempre se destaca por su tranquilidad y seguridad\u201d,&nbsp;manifest\u00f3 Busca.<\/p>\n\n\n\n<p>Mientras que Vera por su parte destac\u00f3 que&nbsp;\u201crecibimos recursos log\u00edsticos y humanos con 50 efectivos egresados de la Escuela de Polic\u00eda Vucetich, adem\u00e1s de los 20 de Infanter\u00eda y n\u00famero similar de Comunicaciones, con cobertura las 24 horas\u201d.<\/p>\n","protected":false},"excerpt":{"rendered":"<p>En Costanera y Peatonal Dorrego, autoridades locales y de la regi\u00f3n dieron la bienvenida a las y los integrantes de<\/p>\n","protected":false},"author":3,"featured_media":8724,"comment_status":"open","ping_status":"open","sticky":false,"template":"","format":"standard","meta":{"colormag_page_container_layout":"default_layout","colormag_page_sidebar_layout":"default_layout","footnotes":""},"categories":[10,1,14],"tags":[],"class_list":["post-8732","post","type-post","status-publish","format-standard","has-post-thumbnail","hentry","category-6ta-seccion","category-destacadas","category-politica"],"yoast_head":"<!-- This site is optimized with the Yoast SEO plugin v27.5 - https:\/\/yoast.com\/product\/yoast-seo-wordpress\/ -->\n<title>Monte Hermoso sum\u00f3 m\u00e1s efectivos, m\u00f3viles y equipamiento para el verano - InfoPBA247<\/title>\n<meta name=\"robots\" content=\"index, follow, max-snippet:-1, max-image-preview:large, max-video-preview:-1\" \/>\n<link rel=\"canonical\" href=\"https:\/\/infopba247.com.ar\/index.php\/2026\/01\/09\/monte-hermoso-sumo-mas-efectivos-moviles-y-equipamiento-para-el-verano\/\" \/>\n<meta property=\"og:locale\" content=\"es_ES\" \/>\n<meta property=\"og:type\" content=\"article\" \/>\n<meta property=\"og:title\" content=\"Monte Hermoso sum\u00f3 m\u00e1s efectivos, m\u00f3viles y equipamiento para el verano - InfoPBA247\" \/>\n<meta property=\"og:description\" content=\"En Costanera y Peatonal Dorrego, autoridades locales y de la regi\u00f3n dieron la bienvenida a las y los integrantes de\" \/>\n<meta property=\"og:url\" content=\"https:\/\/infopba247.com.ar\/index.php\/2026\/01\/09\/monte-hermoso-sumo-mas-efectivos-moviles-y-equipamiento-para-el-verano\/\" \/>\n<meta property=\"og:site_name\" content=\"InfoPBA247\" \/>\n<meta property=\"article:publisher\" content=\"https:\/\/www.facebook.com\/InfoPBA\" \/>\n<meta property=\"article:published_time\" content=\"2026-01-09T14:22:05+00:00\" \/>\n<meta property=\"article:modified_time\" content=\"2026-01-22T16:42:41+00:00\" \/>\n<meta property=\"og:image\" content=\"https:\/\/infopba247.com.ar\/wp-content\/uploads\/2026\/01\/611865051_1380229527478062_5177354543017951114_n-800x445-1.jpg\" \/>\n\t<meta property=\"og:image:width\" content=\"800\" \/>\n\t<meta property=\"og:image:height\" content=\"445\" \/>\n\t<meta property=\"og:image:type\" content=\"image\/jpeg\" \/>\n<meta name=\"author\" content=\"Editor\" \/>\n<meta name=\"twitter:card\" content=\"summary_large_image\" \/>\n<meta name=\"twitter:label1\" content=\"Escrito por\" \/>\n\t<meta name=\"twitter:data1\" content=\"Editor\" \/>\n\t<meta name=\"twitter:label2\" content=\"Tiempo de lectura\" \/>\n\t<meta name=\"twitter:data2\" content=\"2 minutos\" \/>\n<script type=\"application\/ld+json\" class=\"yoast-schema-graph\">{\"@context\":\"https:\\\/\\\/schema.org\",\"@graph\":[{\"@type\":\"Article\",\"@id\":\"https:\\\/\\\/infopba247.com.ar\\\/index.php\\\/2026\\\/01\\\/09\\\/monte-hermoso-sumo-mas-efectivos-moviles-y-equipamiento-para-el-verano\\\/#article\",\"isPartOf\":{\"@id\":\"https:\\\/\\\/infopba247.com.ar\\\/index.php\\\/2026\\\/01\\\/09\\\/monte-hermoso-sumo-mas-efectivos-moviles-y-equipamiento-para-el-verano\\\/\"},\"author\":{\"name\":\"Editor\",\"@id\":\"https:\\\/\\\/infopba247.com.ar\\\/#\\\/schema\\\/person\\\/4975f1343a413e57bf839b3eed0099f2\"},\"headline\":\"Monte Hermoso sum\u00f3 m\u00e1s efectivos, m\u00f3viles y equipamiento para el verano\",\"datePublished\":\"2026-01-09T14:22:05+00:00\",\"dateModified\":\"2026-01-22T16:42:41+00:00\",\"mainEntityOfPage\":{\"@id\":\"https:\\\/\\\/infopba247.com.ar\\\/index.php\\\/2026\\\/01\\\/09\\\/monte-hermoso-sumo-mas-efectivos-moviles-y-equipamiento-para-el-verano\\\/\"},\"wordCount\":254,\"commentCount\":0,\"publisher\":{\"@id\":\"https:\\\/\\\/infopba247.com.ar\\\/#organization\"},\"image\":{\"@id\":\"https:\\\/\\\/infopba247.com.ar\\\/index.php\\\/2026\\\/01\\\/09\\\/monte-hermoso-sumo-mas-efectivos-moviles-y-equipamiento-para-el-verano\\\/#primaryimage\"},\"thumbnailUrl\":\"https:\\\/\\\/infopba247.com.ar\\\/wp-content\\\/uploads\\\/2026\\\/01\\\/611865051_1380229527478062_5177354543017951114_n-800x445-1.jpg\",\"articleSection\":[\"6ta Secci\u00f3n\",\"Destacadas\",\"Pol\u00edtica\"],\"inLanguage\":\"es\",\"potentialAction\":[{\"@type\":\"CommentAction\",\"name\":\"Comment\",\"target\":[\"https:\\\/\\\/infopba247.com.ar\\\/index.php\\\/2026\\\/01\\\/09\\\/monte-hermoso-sumo-mas-efectivos-moviles-y-equipamiento-para-el-verano\\\/#respond\"]}]},{\"@type\":\"WebPage\",\"@id\":\"https:\\\/\\\/infopba247.com.ar\\\/index.php\\\/2026\\\/01\\\/09\\\/monte-hermoso-sumo-mas-efectivos-moviles-y-equipamiento-para-el-verano\\\/\",\"url\":\"https:\\\/\\\/infopba247.com.ar\\\/index.php\\\/2026\\\/01\\\/09\\\/monte-hermoso-sumo-mas-efectivos-moviles-y-equipamiento-para-el-verano\\\/\",\"name\":\"Monte Hermoso sum\u00f3 m\u00e1s efectivos, m\u00f3viles y equipamiento para el verano - InfoPBA247\",\"isPartOf\":{\"@id\":\"https:\\\/\\\/infopba247.com.ar\\\/#website\"},\"primaryImageOfPage\":{\"@id\":\"https:\\\/\\\/infopba247.com.ar\\\/index.php\\\/2026\\\/01\\\/09\\\/monte-hermoso-sumo-mas-efectivos-moviles-y-equipamiento-para-el-verano\\\/#primaryimage\"},\"image\":{\"@id\":\"https:\\\/\\\/infopba247.com.ar\\\/index.php\\\/2026\\\/01\\\/09\\\/monte-hermoso-sumo-mas-efectivos-moviles-y-equipamiento-para-el-verano\\\/#primaryimage\"},\"thumbnailUrl\":\"https:\\\/\\\/infopba247.com.ar\\\/wp-content\\\/uploads\\\/2026\\\/01\\\/611865051_1380229527478062_5177354543017951114_n-800x445-1.jpg\",\"datePublished\":\"2026-01-09T14:22:05+00:00\",\"dateModified\":\"2026-01-22T16:42:41+00:00\",\"breadcrumb\":{\"@id\":\"https:\\\/\\\/infopba247.com.ar\\\/index.php\\\/2026\\\/01\\\/09\\\/monte-hermoso-sumo-mas-efectivos-moviles-y-equipamiento-para-el-verano\\\/#breadcrumb\"},\"inLanguage\":\"es\",\"potentialAction\":[{\"@type\":\"ReadAction\",\"target\":[\"https:\\\/\\\/infopba247.com.ar\\\/index.php\\\/2026\\\/01\\\/09\\\/monte-hermoso-sumo-mas-efectivos-moviles-y-equipamiento-para-el-verano\\\/\"]}]},{\"@type\":\"ImageObject\",\"inLanguage\":\"es\",\"@id\":\"https:\\\/\\\/infopba247.com.ar\\\/index.php\\\/2026\\\/01\\\/09\\\/monte-hermoso-sumo-mas-efectivos-moviles-y-equipamiento-para-el-verano\\\/#primaryimage\",\"url\":\"https:\\\/\\\/infopba247.com.ar\\\/wp-content\\\/uploads\\\/2026\\\/01\\\/611865051_1380229527478062_5177354543017951114_n-800x445-1.jpg\",\"contentUrl\":\"https:\\\/\\\/infopba247.com.ar\\\/wp-content\\\/uploads\\\/2026\\\/01\\\/611865051_1380229527478062_5177354543017951114_n-800x445-1.jpg\",\"width\":800,\"height\":445},{\"@type\":\"BreadcrumbList\",\"@id\":\"https:\\\/\\\/infopba247.com.ar\\\/index.php\\\/2026\\\/01\\\/09\\\/monte-hermoso-sumo-mas-efectivos-moviles-y-equipamiento-para-el-verano\\\/#breadcrumb\",\"itemListElement\":[{\"@type\":\"ListItem\",\"position\":1,\"name\":\"Portada\",\"item\":\"https:\\\/\\\/infopba247.com.ar\\\/\"},{\"@type\":\"ListItem\",\"position\":2,\"name\":\"Monte Hermoso sum\u00f3 m\u00e1s efectivos, m\u00f3viles y equipamiento para el verano\"}]},{\"@type\":\"WebSite\",\"@id\":\"https:\\\/\\\/infopba247.com.ar\\\/#website\",\"url\":\"https:\\\/\\\/infopba247.com.ar\\\/\",\"name\":\"InfoPBA247\",\"description\":\"Toda la actualidad bonaerense\",\"publisher\":{\"@id\":\"https:\\\/\\\/infopba247.com.ar\\\/#organization\"},\"potentialAction\":[{\"@type\":\"SearchAction\",\"target\":{\"@type\":\"EntryPoint\",\"urlTemplate\":\"https:\\\/\\\/infopba247.com.ar\\\/?s={search_term_string}\"},\"query-input\":{\"@type\":\"PropertyValueSpecification\",\"valueRequired\":true,\"valueName\":\"search_term_string\"}}],\"inLanguage\":\"es\"},{\"@type\":\"Organization\",\"@id\":\"https:\\\/\\\/infopba247.com.ar\\\/#organization\",\"name\":\"InfoPBA247\",\"url\":\"https:\\\/\\\/infopba247.com.ar\\\/\",\"logo\":{\"@type\":\"ImageObject\",\"inLanguage\":\"es\",\"@id\":\"https:\\\/\\\/infopba247.com.ar\\\/#\\\/schema\\\/logo\\\/image\\\/\",\"url\":\"https:\\\/\\\/infopba247.com.ar\\\/wp-content\\\/uploads\\\/2022\\\/03\\\/cropped-InfoPBA247-1.png\",\"contentUrl\":\"https:\\\/\\\/infopba247.com.ar\\\/wp-content\\\/uploads\\\/2022\\\/03\\\/cropped-InfoPBA247-1.png\",\"width\":500,\"height\":122,\"caption\":\"InfoPBA247\"},\"image\":{\"@id\":\"https:\\\/\\\/infopba247.com.ar\\\/#\\\/schema\\\/logo\\\/image\\\/\"},\"sameAs\":[\"https:\\\/\\\/www.facebook.com\\\/InfoPBA\"]},{\"@type\":\"Person\",\"@id\":\"https:\\\/\\\/infopba247.com.ar\\\/#\\\/schema\\\/person\\\/4975f1343a413e57bf839b3eed0099f2\",\"name\":\"Editor\",\"image\":{\"@type\":\"ImageObject\",\"inLanguage\":\"es\",\"@id\":\"https:\\\/\\\/secure.gravatar.com\\\/avatar\\\/d27fe9520667ca53441d36627a1d6b0fa4a813571ec4803687a7a3a7744685ac?s=96&d=mm&r=g\",\"url\":\"https:\\\/\\\/secure.gravatar.com\\\/avatar\\\/d27fe9520667ca53441d36627a1d6b0fa4a813571ec4803687a7a3a7744685ac?s=96&d=mm&r=g\",\"contentUrl\":\"https:\\\/\\\/secure.gravatar.com\\\/avatar\\\/d27fe9520667ca53441d36627a1d6b0fa4a813571ec4803687a7a3a7744685ac?s=96&d=mm&r=g\",\"caption\":\"Editor\"},\"url\":\"https:\\\/\\\/infopba247.com.ar\\\/index.php\\\/author\\\/editor\\\/\"}]}<\/script>\n<!-- \/ Yoast SEO plugin. -->","yoast_head_json":{"title":"Monte Hermoso sum\u00f3 m\u00e1s efectivos, m\u00f3viles y equipamiento para el verano - InfoPBA247","robots":{"index":"index","follow":"follow","max-snippet":"max-snippet:-1","max-image-preview":"max-image-preview:large","max-video-preview":"max-video-preview:-1"},"canonical":"https:\/\/infopba247.com.ar\/index.php\/2026\/01\/09\/monte-hermoso-sumo-mas-efectivos-moviles-y-equipamiento-para-el-verano\/","og_locale":"es_ES","og_type":"article","og_title":"Monte Hermoso sum\u00f3 m\u00e1s efectivos, m\u00f3viles y equipamiento para el verano - InfoPBA247","og_description":"En Costanera y Peatonal Dorrego, autoridades locales y de la regi\u00f3n dieron la bienvenida a las y los integrantes de","og_url":"https:\/\/infopba247.com.ar\/index.php\/2026\/01\/09\/monte-hermoso-sumo-mas-efectivos-moviles-y-equipamiento-para-el-verano\/","og_site_name":"InfoPBA247","article_publisher":"https:\/\/www.facebook.com\/InfoPBA","article_published_time":"2026-01-09T14:22:05+00:00","article_modified_time":"2026-01-22T16:42:41+00:00","og_image":[{"width":800,"height":445,"url":"https:\/\/infopba247.com.ar\/wp-content\/uploads\/2026\/01\/611865051_1380229527478062_5177354543017951114_n-800x445-1.jpg","type":"image\/jpeg"}],"author":"Editor","twitter_card":"summary_large_image","twitter_misc":{"Escrito por":"Editor","Tiempo de lectura":"2 minutos"},"schema":{"@context":"https:\/\/schema.org","@graph":[{"@type":"Article","@id":"https:\/\/infopba247.com.ar\/index.php\/2026\/01\/09\/monte-hermoso-sumo-mas-efectivos-moviles-y-equipamiento-para-el-verano\/#article","isPartOf":{"@id":"https:\/\/infopba247.com.ar\/index.php\/2026\/01\/09\/monte-hermoso-sumo-mas-efectivos-moviles-y-equipamiento-para-el-verano\/"},"author":{"name":"Editor","@id":"https:\/\/infopba247.com.ar\/#\/schema\/person\/4975f1343a413e57bf839b3eed0099f2"},"headline":"Monte Hermoso sum\u00f3 m\u00e1s efectivos, m\u00f3viles y equipamiento para el verano","datePublished":"2026-01-09T14:22:05+00:00","dateModified":"2026-01-22T16:42:41+00:00","mainEntityOfPage":{"@id":"https:\/\/infopba247.com.ar\/index.php\/2026\/01\/09\/monte-hermoso-sumo-mas-efectivos-moviles-y-equipamiento-para-el-verano\/"},"wordCount":254,"commentCount":0,"publisher":{"@id":"https:\/\/infopba247.com.ar\/#organization"},"image":{"@id":"https:\/\/infopba247.com.ar\/index.php\/2026\/01\/09\/monte-hermoso-sumo-mas-efectivos-moviles-y-equipamiento-para-el-verano\/#primaryimage"},"thumbnailUrl":"https:\/\/infopba247.com.ar\/wp-content\/uploads\/2026\/01\/611865051_1380229527478062_5177354543017951114_n-800x445-1.jpg","articleSection":["6ta Secci\u00f3n","Destacadas","Pol\u00edtica"],"inLanguage":"es","potentialAction":[{"@type":"CommentAction","name":"Comment","target":["https:\/\/infopba247.com.ar\/index.php\/2026\/01\/09\/monte-hermoso-sumo-mas-efectivos-moviles-y-equipamiento-para-el-verano\/#respond"]}]},{"@type":"WebPage","@id":"https:\/\/infopba247.com.ar\/index.php\/2026\/01\/09\/monte-hermoso-sumo-mas-efectivos-moviles-y-equipamiento-para-el-verano\/","url":"https:\/\/infopba247.com.ar\/index.php\/2026\/01\/09\/monte-hermoso-sumo-mas-efectivos-moviles-y-equipamiento-para-el-verano\/","name":"Monte Hermoso sum\u00f3 m\u00e1s efectivos, m\u00f3viles y equipamiento para el verano - InfoPBA247","isPartOf":{"@id":"https:\/\/infopba247.com.ar\/#website"},"primaryImageOfPage":{"@id":"https:\/\/infopba247.com.ar\/index.php\/2026\/01\/09\/monte-hermoso-sumo-mas-efectivos-moviles-y-equipamiento-para-el-verano\/#primaryimage"},"image":{"@id":"https:\/\/infopba247.com.ar\/index.php\/2026\/01\/09\/monte-hermoso-sumo-mas-efectivos-moviles-y-equipamiento-para-el-verano\/#primaryimage"},"thumbnailUrl":"https:\/\/infopba247.com.ar\/wp-content\/uploads\/2026\/01\/611865051_1380229527478062_5177354543017951114_n-800x445-1.jpg","datePublished":"2026-01-09T14:22:05+00:00","dateModified":"2026-01-22T16:42:41+00:00","breadcrumb":{"@id":"https:\/\/infopba247.com.ar\/index.php\/2026\/01\/09\/monte-hermoso-sumo-mas-efectivos-moviles-y-equipamiento-para-el-verano\/#breadcrumb"},"inLanguage":"es","potentialAction":[{"@type":"ReadAction","target":["https:\/\/infopba247.com.ar\/index.php\/2026\/01\/09\/monte-hermoso-sumo-mas-efectivos-moviles-y-equipamiento-para-el-verano\/"]}]},{"@type":"ImageObject","inLanguage":"es","@id":"https:\/\/infopba247.com.ar\/index.php\/2026\/01\/09\/monte-hermoso-sumo-mas-efectivos-moviles-y-equipamiento-para-el-verano\/#primaryimage","url":"https:\/\/infopba247.com.ar\/wp-content\/uploads\/2026\/01\/611865051_1380229527478062_5177354543017951114_n-800x445-1.jpg","contentUrl":"https:\/\/infopba247.com.ar\/wp-content\/uploads\/2026\/01\/611865051_1380229527478062_5177354543017951114_n-800x445-1.jpg","width":800,"height":445},{"@type":"BreadcrumbList","@id":"https:\/\/infopba247.com.ar\/index.php\/2026\/01\/09\/monte-hermoso-sumo-mas-efectivos-moviles-y-equipamiento-para-el-verano\/#breadcrumb","itemListElement":[{"@type":"ListItem","position":1,"name":"Portada","item":"https:\/\/infopba247.com.ar\/"},{"@type":"ListItem","position":2,"name":"Monte Hermoso sum\u00f3 m\u00e1s efectivos, m\u00f3viles y equipamiento para el verano"}]},{"@type":"WebSite","@id":"https:\/\/infopba247.com.ar\/#website","url":"https:\/\/infopba247.com.ar\/","name":"InfoPBA247","description":"Toda la actualidad bonaerense","publisher":{"@id":"https:\/\/infopba247.com.ar\/#organization"},"potentialAction":[{"@type":"SearchAction","target":{"@type":"EntryPoint","urlTemplate":"https:\/\/infopba247.com.ar\/?s={search_term_string}"},"query-input":{"@type":"PropertyValueSpecification","valueRequired":true,"valueName":"search_term_string"}}],"inLanguage":"es"},{"@type":"Organization","@id":"https:\/\/infopba247.com.ar\/#organization","name":"InfoPBA247","url":"https:\/\/infopba247.com.ar\/","logo":{"@type":"ImageObject","inLanguage":"es","@id":"https:\/\/infopba247.com.ar\/#\/schema\/logo\/image\/","url":"https:\/\/infopba247.com.ar\/wp-content\/uploads\/2022\/03\/cropped-InfoPBA247-1.png","contentUrl":"https:\/\/infopba247.com.ar\/wp-content\/uploads\/2022\/03\/cropped-InfoPBA247-1.png","width":500,"height":122,"caption":"InfoPBA247"},"image":{"@id":"https:\/\/infopba247.com.ar\/#\/schema\/logo\/image\/"},"sameAs":["https:\/\/www.facebook.com\/InfoPBA"]},{"@type":"Person","@id":"https:\/\/infopba247.com.ar\/#\/schema\/person\/4975f1343a413e57bf839b3eed0099f2","name":"Editor","image":{"@type":"ImageObject","inLanguage":"es","@id":"https:\/\/secure.gravatar.com\/avatar\/d27fe9520667ca53441d36627a1d6b0fa4a813571ec4803687a7a3a7744685ac?s=96&d=mm&r=g","url":"https:\/\/secure.gravatar.com\/avatar\/d27fe9520667ca53441d36627a1d6b0fa4a813571ec4803687a7a3a7744685ac?s=96&d=mm&r=g","contentUrl":"https:\/\/secure.gravatar.com\/avatar\/d27fe9520667ca53441d36627a1d6b0fa4a813571ec4803687a7a3a7744685ac?s=96&d=mm&r=g","caption":"Editor"},"url":"https:\/\/infopba247.com.ar\/index.php\/author\/editor\/"}]}},"_links":{"self":[{"href":"https:\/\/infopba247.com.ar\/index.php\/wp-json\/wp\/v2\/posts\/8732","targetHints":{"allow":["GET"]}}],"collection":[{"href":"https:\/\/infopba247.com.ar\/index.php\/wp-json\/wp\/v2\/posts"}],"about":[{"href":"https:\/\/infopba247.com.ar\/index.php\/wp-json\/wp\/v2\/types\/post"}],"author":[{"embeddable":true,"href":"https:\/\/infopba247.com.ar\/index.php\/wp-json\/wp\/v2\/users\/3"}],"replies":[{"embeddable":true,"href":"https:\/\/infopba247.com.ar\/index.php\/wp-json\/wp\/v2\/comments?post=8732"}],"version-history":[{"count":1,"href":"https:\/\/infopba247.com.ar\/index.php\/wp-json\/wp\/v2\/posts\/8732\/revisions"}],"predecessor-version":[{"id":8733,"href":"https:\/\/infopba247.com.ar\/index.php\/wp-json\/wp\/v2\/posts\/8732\/revisions\/8733"}],"wp:featuredmedia":[{"embeddable":true,"href":"https:\/\/infopba247.com.ar\/index.php\/wp-json\/wp\/v2\/media\/8724"}],"wp:attachment":[{"href":"https:\/\/infopba247.com.ar\/index.php\/wp-json\/wp\/v2\/media?parent=8732"}],"wp:term":[{"taxonomy":"category","embeddable":true,"href":"https:\/\/infopba247.com.ar\/index.php\/wp-json\/wp\/v2\/categories?post=8732"},{"taxonomy":"post_tag","embeddable":true,"href":"https:\/\/infopba247.com.ar\/index.php\/wp-json\/wp\/v2\/tags?post=8732"}],"curies":[{"name":"wp","href":"https:\/\/api.w.org\/{rel}","templated":true}]}}