{"id":8720,"date":"2026-01-08T12:06:09","date_gmt":"2026-01-08T15:06:09","guid":{"rendered":"https:\/\/infopba247.com.ar\/?p=8720"},"modified":"2026-01-22T13:43:01","modified_gmt":"2026-01-22T16:43:01","slug":"abrio-la-inscripcion-a-los-cursos-cortos-de-verano-de-formacion-profesional","status":"publish","type":"post","link":"https:\/\/infopba247.com.ar\/index.php\/2026\/01\/08\/abrio-la-inscripcion-a-los-cursos-cortos-de-verano-de-formacion-profesional\/","title":{"rendered":"Abri\u00f3 la inscripci\u00f3n a los cursos cortos de verano de Formaci\u00f3n Profesional"},"content":{"rendered":"\n<p>Se extender\u00e1 hasta el 9 de enero, con cupos limitados, y destinados a mayores de 16 a\u00f1os en los rubros de industrias culturales y creativas, mundo del trabajo, inform\u00e1tica, producci\u00f3n agroalimentaria y construcci\u00f3n<\/p>\n\n\n\n<p>El Municipio de Moreno abri\u00f3 la inscripci\u00f3n a los Cursos cortos de verano de Formaci\u00f3n Profesional, una iniciativa orientada a fortalecer habilidades, incorporar conocimientos pr\u00e1cticos y acompa\u00f1ar los procesos de formaci\u00f3n e inserci\u00f3n laboral. La convocatoria estar\u00e1 disponible hasta el 9 de enero, desde las 8 horas, hasta agotar los cupos.<\/p>\n\n\n\n<p>Los cursos est\u00e1n dirigidos a personas mayores de 16 a\u00f1os que residan en el distrito. La inscripci\u00f3n se realiza de manera online a trav\u00e9s del siguiente enlace: capacitacionesimdel.moreno.gob.ar<\/p>\n\n\n\n<p>Las clases se dictar\u00e1n en las sedes municipales de la Escuela de Formaci\u00f3n T\u00e9cnico Laboral, ubicada en Merlo 2091, Moreno Centro, y el Centro Municipal de Formaci\u00f3n Profesional \u201cLa Agraria\u201d, en M\u00e9xico 646, Moreno Norte.<\/p>\n\n\n\n<p>La propuesta incluye capacitaciones vinculadas a distintos oficios y \u00e1reas de formaci\u00f3n profesional, en los rubros de industrias culturales y creativas, mundo del trabajo, inform\u00e1tica, producci\u00f3n agroalimentaria y construcci\u00f3n, pensadas para brindar herramientas concretas y saberes aplicables que permitan potenciar el desarrollo personal, laboral y productivo de las y los participantes.<\/p>\n\n\n\n<p>A continuaci\u00f3n se detallan las sedes, los rubros, los cursos, los d\u00edas de encuentro y la fecha de inicio:<\/p>\n\n\n\n<p>En la Escuela de Formaci\u00f3n T\u00e9cnico Laboral \u2013 Merlo 2091, Moreno Centro<\/p>\n\n\n\n<p>Industrias Culturales y Creativas<\/p>\n\n\n\n<ul class=\"wp-block-list\">\n<li>Fotoproducto para emprendedores: dos encuentros, los mi\u00e9rcoles de 9 a 12 horas. Inicio: 21 de enero.<\/li>\n<\/ul>\n\n\n\n<p>Mundo del Trabajo<br>-Entrevista laboral y armado de CV: un encuentro, los lunes de 13 a 16 horas. Inicio: 12 de enero<br>-Herramientas de gesti\u00f3n para emprendedores: dos encuentros, los viernes de 9 a 12 horas. Inicio 16 de enero<\/p>\n\n\n\n<p>Inform\u00e1tica (TIC)<\/p>\n\n\n\n<ul class=\"wp-block-list\">\n<li>Uso b\u00e1sico de CANVA: dos encuentros, los mi\u00e9rcoles de 13 a 16 horas. Inicio: 14 de enero<\/li>\n\n\n\n<li>Reels para emprendedores: dos encuentros, los jueves de 13 a 16 horas. Inicio: 15 de enero<\/li>\n<\/ul>\n\n\n\n<p>Producci\u00f3n Agroalimentaria<\/p>\n\n\n\n<ul class=\"wp-block-list\">\n<li>Cocina de verano: dos encuentros, los lunes de 9 a 12 horas. Inicio: 12 de enero<\/li>\n\n\n\n<li>Recetas saludables de temporada, los martes de 9 a 12 horas. Inicio: 13 de enero<\/li>\n<\/ul>\n\n\n\n<p>Construcci\u00f3n<\/p>\n\n\n\n<ul class=\"wp-block-list\">\n<li>Limpieza y mantenimiento de aires acondicionados. Conocimientos b\u00e1sicos para la comunidad: dos encuentros, los viernes de 13 a 16 horas. Inicio: 15 de enero.<\/li>\n<\/ul>\n\n\n\n<p>En el Centro Municipal de Formaci\u00f3n Profesional \u201cLa Agraria\u201d \u2013 M\u00e9xico 646, Moreno Norte<\/p>\n\n\n\n<p>Industrias Culturales y Creativas<\/p>\n\n\n\n<ul class=\"wp-block-list\">\n<li>Fotoproducto para emprendedores: dos encuentros, los martes de 9 a 12 horas. Inicio: 20 de enero.<\/li>\n<\/ul>\n\n\n\n<p>Mundo del Trabajo<\/p>\n\n\n\n<ul class=\"wp-block-list\">\n<li>Entrevista laboral y armado de CV: de un encuentro, los jueves de 13 a 16 horas. Inicio: 15 de enero<\/li>\n\n\n\n<li>Herramientas de gesti\u00f3n para emprendedores: dos encuentros, los martes de 9 a 12 horas, Inicio: 13 de enero<\/li>\n<\/ul>\n\n\n\n<p>Inform\u00e1tica (TIC)<\/p>\n\n\n\n<ul class=\"wp-block-list\">\n<li>Uso b\u00e1sico de CANVA: dos encuentros, los martes de 13 a 16 horas. Inicio: 13 de enero<\/li>\n\n\n\n<li>Reels para emprendedores: los viernes de 13 a 16 horas. Inicio: el 16 de enero<\/li>\n<\/ul>\n\n\n\n<p>Producci\u00f3n Agroalimentaria<\/p>\n\n\n\n<ul class=\"wp-block-list\">\n<li>Cocina de verano: con dos encuentros, los martes de 9 a 12 horas. Inicio: 13 de enero<\/li>\n\n\n\n<li>Recetas saludables de temporada, los lunes de 9 a 12 horas. Inicio: 12 de enero<\/li>\n<\/ul>\n\n\n\n<p>Construcci\u00f3n<\/p>\n\n\n\n<ul class=\"wp-block-list\">\n<li>Limpieza y mantenimiento de aires acondicionados. Conocimientos b\u00e1sicos para la comunidad: con dos encuentros, los mi\u00e9rcoles de 13 a 16 horas. Inicio: 14 de enero<\/li>\n<\/ul>\n\n\n\n<p>De esta manera, el Gobierno local contin\u00faa impulsando pol\u00edticas p\u00fablicas de formaci\u00f3n y capacitaci\u00f3n accesibles, que promueven la inclusi\u00f3n, el desarrollo de habilidades y nuevas oportunidades de crecimiento para las vecinas y vecinos de Moreno.<\/p>\n","protected":false},"excerpt":{"rendered":"<p>Se extender\u00e1 hasta el 9 de enero, con cupos limitados, y destinados a mayores de 16 a\u00f1os en los rubros<\/p>\n","protected":false},"author":3,"featured_media":8711,"comment_status":"open","ping_status":"open","sticky":false,"template":"","format":"standard","meta":{"colormag_page_container_layout":"default_layout","colormag_page_sidebar_layout":"default_layout","footnotes":""},"categories":[5,1,14],"tags":[],"class_list":["post-8720","post","type-post","status-publish","format-standard","has-post-thumbnail","hentry","category-1ra-seccion","category-destacadas","category-politica"],"yoast_head":"<!-- This site is optimized with the Yoast SEO plugin v27.5 - https:\/\/yoast.com\/product\/yoast-seo-wordpress\/ -->\n<title>Abri\u00f3 la inscripci\u00f3n a los cursos cortos de verano de Formaci\u00f3n Profesional - InfoPBA247<\/title>\n<meta name=\"robots\" content=\"index, follow, max-snippet:-1, max-image-preview:large, max-video-preview:-1\" \/>\n<link rel=\"canonical\" href=\"https:\/\/infopba247.com.ar\/index.php\/2026\/01\/08\/abrio-la-inscripcion-a-los-cursos-cortos-de-verano-de-formacion-profesional\/\" \/>\n<meta property=\"og:locale\" content=\"es_ES\" \/>\n<meta property=\"og:type\" content=\"article\" \/>\n<meta property=\"og:title\" content=\"Abri\u00f3 la inscripci\u00f3n a los cursos cortos de verano de Formaci\u00f3n Profesional - InfoPBA247\" \/>\n<meta property=\"og:description\" content=\"Se extender\u00e1 hasta el 9 de enero, con cupos limitados, y destinados a mayores de 16 a\u00f1os en los rubros\" \/>\n<meta property=\"og:url\" content=\"https:\/\/infopba247.com.ar\/index.php\/2026\/01\/08\/abrio-la-inscripcion-a-los-cursos-cortos-de-verano-de-formacion-profesional\/\" \/>\n<meta property=\"og:site_name\" content=\"InfoPBA247\" \/>\n<meta property=\"article:publisher\" content=\"https:\/\/www.facebook.com\/InfoPBA\" \/>\n<meta property=\"article:published_time\" content=\"2026-01-08T15:06:09+00:00\" \/>\n<meta property=\"article:modified_time\" content=\"2026-01-22T16:43:01+00:00\" \/>\n<meta property=\"og:image\" content=\"https:\/\/infopba247.com.ar\/wp-content\/uploads\/2026\/01\/FORMACION_-scaled.jpg\" \/>\n\t<meta property=\"og:image:width\" content=\"2560\" \/>\n\t<meta property=\"og:image:height\" content=\"1440\" \/>\n\t<meta property=\"og:image:type\" content=\"image\/jpeg\" \/>\n<meta name=\"author\" content=\"Editor\" \/>\n<meta name=\"twitter:card\" content=\"summary_large_image\" \/>\n<meta name=\"twitter:label1\" content=\"Escrito por\" \/>\n\t<meta name=\"twitter:data1\" content=\"Editor\" \/>\n\t<meta name=\"twitter:label2\" content=\"Tiempo de lectura\" \/>\n\t<meta name=\"twitter:data2\" content=\"3 minutos\" \/>\n<script type=\"application\/ld+json\" class=\"yoast-schema-graph\">{\"@context\":\"https:\\\/\\\/schema.org\",\"@graph\":[{\"@type\":\"Article\",\"@id\":\"https:\\\/\\\/infopba247.com.ar\\\/index.php\\\/2026\\\/01\\\/08\\\/abrio-la-inscripcion-a-los-cursos-cortos-de-verano-de-formacion-profesional\\\/#article\",\"isPartOf\":{\"@id\":\"https:\\\/\\\/infopba247.com.ar\\\/index.php\\\/2026\\\/01\\\/08\\\/abrio-la-inscripcion-a-los-cursos-cortos-de-verano-de-formacion-profesional\\\/\"},\"author\":{\"name\":\"Editor\",\"@id\":\"https:\\\/\\\/infopba247.com.ar\\\/#\\\/schema\\\/person\\\/4975f1343a413e57bf839b3eed0099f2\"},\"headline\":\"Abri\u00f3 la inscripci\u00f3n a los cursos cortos de verano de Formaci\u00f3n Profesional\",\"datePublished\":\"2026-01-08T15:06:09+00:00\",\"dateModified\":\"2026-01-22T16:43:01+00:00\",\"mainEntityOfPage\":{\"@id\":\"https:\\\/\\\/infopba247.com.ar\\\/index.php\\\/2026\\\/01\\\/08\\\/abrio-la-inscripcion-a-los-cursos-cortos-de-verano-de-formacion-profesional\\\/\"},\"wordCount\":592,\"commentCount\":0,\"publisher\":{\"@id\":\"https:\\\/\\\/infopba247.com.ar\\\/#organization\"},\"image\":{\"@id\":\"https:\\\/\\\/infopba247.com.ar\\\/index.php\\\/2026\\\/01\\\/08\\\/abrio-la-inscripcion-a-los-cursos-cortos-de-verano-de-formacion-profesional\\\/#primaryimage\"},\"thumbnailUrl\":\"https:\\\/\\\/infopba247.com.ar\\\/wp-content\\\/uploads\\\/2026\\\/01\\\/FORMACION_-scaled.jpg\",\"articleSection\":[\"1ra Secci\u00f3n\",\"Destacadas\",\"Pol\u00edtica\"],\"inLanguage\":\"es\",\"potentialAction\":[{\"@type\":\"CommentAction\",\"name\":\"Comment\",\"target\":[\"https:\\\/\\\/infopba247.com.ar\\\/index.php\\\/2026\\\/01\\\/08\\\/abrio-la-inscripcion-a-los-cursos-cortos-de-verano-de-formacion-profesional\\\/#respond\"]}]},{\"@type\":\"WebPage\",\"@id\":\"https:\\\/\\\/infopba247.com.ar\\\/index.php\\\/2026\\\/01\\\/08\\\/abrio-la-inscripcion-a-los-cursos-cortos-de-verano-de-formacion-profesional\\\/\",\"url\":\"https:\\\/\\\/infopba247.com.ar\\\/index.php\\\/2026\\\/01\\\/08\\\/abrio-la-inscripcion-a-los-cursos-cortos-de-verano-de-formacion-profesional\\\/\",\"name\":\"Abri\u00f3 la inscripci\u00f3n a los cursos cortos de verano de Formaci\u00f3n Profesional - InfoPBA247\",\"isPartOf\":{\"@id\":\"https:\\\/\\\/infopba247.com.ar\\\/#website\"},\"primaryImageOfPage\":{\"@id\":\"https:\\\/\\\/infopba247.com.ar\\\/index.php\\\/2026\\\/01\\\/08\\\/abrio-la-inscripcion-a-los-cursos-cortos-de-verano-de-formacion-profesional\\\/#primaryimage\"},\"image\":{\"@id\":\"https:\\\/\\\/infopba247.com.ar\\\/index.php\\\/2026\\\/01\\\/08\\\/abrio-la-inscripcion-a-los-cursos-cortos-de-verano-de-formacion-profesional\\\/#primaryimage\"},\"thumbnailUrl\":\"https:\\\/\\\/infopba247.com.ar\\\/wp-content\\\/uploads\\\/2026\\\/01\\\/FORMACION_-scaled.jpg\",\"datePublished\":\"2026-01-08T15:06:09+00:00\",\"dateModified\":\"2026-01-22T16:43:01+00:00\",\"breadcrumb\":{\"@id\":\"https:\\\/\\\/infopba247.com.ar\\\/index.php\\\/2026\\\/01\\\/08\\\/abrio-la-inscripcion-a-los-cursos-cortos-de-verano-de-formacion-profesional\\\/#breadcrumb\"},\"inLanguage\":\"es\",\"potentialAction\":[{\"@type\":\"ReadAction\",\"target\":[\"https:\\\/\\\/infopba247.com.ar\\\/index.php\\\/2026\\\/01\\\/08\\\/abrio-la-inscripcion-a-los-cursos-cortos-de-verano-de-formacion-profesional\\\/\"]}]},{\"@type\":\"ImageObject\",\"inLanguage\":\"es\",\"@id\":\"https:\\\/\\\/infopba247.com.ar\\\/index.php\\\/2026\\\/01\\\/08\\\/abrio-la-inscripcion-a-los-cursos-cortos-de-verano-de-formacion-profesional\\\/#primaryimage\",\"url\":\"https:\\\/\\\/infopba247.com.ar\\\/wp-content\\\/uploads\\\/2026\\\/01\\\/FORMACION_-scaled.jpg\",\"contentUrl\":\"https:\\\/\\\/infopba247.com.ar\\\/wp-content\\\/uploads\\\/2026\\\/01\\\/FORMACION_-scaled.jpg\",\"width\":2560,\"height\":1440},{\"@type\":\"BreadcrumbList\",\"@id\":\"https:\\\/\\\/infopba247.com.ar\\\/index.php\\\/2026\\\/01\\\/08\\\/abrio-la-inscripcion-a-los-cursos-cortos-de-verano-de-formacion-profesional\\\/#breadcrumb\",\"itemListElement\":[{\"@type\":\"ListItem\",\"position\":1,\"name\":\"Portada\",\"item\":\"https:\\\/\\\/infopba247.com.ar\\\/\"},{\"@type\":\"ListItem\",\"position\":2,\"name\":\"Abri\u00f3 la inscripci\u00f3n a los cursos cortos de verano de Formaci\u00f3n Profesional\"}]},{\"@type\":\"WebSite\",\"@id\":\"https:\\\/\\\/infopba247.com.ar\\\/#website\",\"url\":\"https:\\\/\\\/infopba247.com.ar\\\/\",\"name\":\"InfoPBA247\",\"description\":\"Toda la actualidad bonaerense\",\"publisher\":{\"@id\":\"https:\\\/\\\/infopba247.com.ar\\\/#organization\"},\"potentialAction\":[{\"@type\":\"SearchAction\",\"target\":{\"@type\":\"EntryPoint\",\"urlTemplate\":\"https:\\\/\\\/infopba247.com.ar\\\/?s={search_term_string}\"},\"query-input\":{\"@type\":\"PropertyValueSpecification\",\"valueRequired\":true,\"valueName\":\"search_term_string\"}}],\"inLanguage\":\"es\"},{\"@type\":\"Organization\",\"@id\":\"https:\\\/\\\/infopba247.com.ar\\\/#organization\",\"name\":\"InfoPBA247\",\"url\":\"https:\\\/\\\/infopba247.com.ar\\\/\",\"logo\":{\"@type\":\"ImageObject\",\"inLanguage\":\"es\",\"@id\":\"https:\\\/\\\/infopba247.com.ar\\\/#\\\/schema\\\/logo\\\/image\\\/\",\"url\":\"https:\\\/\\\/infopba247.com.ar\\\/wp-content\\\/uploads\\\/2022\\\/03\\\/cropped-InfoPBA247-1.png\",\"contentUrl\":\"https:\\\/\\\/infopba247.com.ar\\\/wp-content\\\/uploads\\\/2022\\\/03\\\/cropped-InfoPBA247-1.png\",\"width\":500,\"height\":122,\"caption\":\"InfoPBA247\"},\"image\":{\"@id\":\"https:\\\/\\\/infopba247.com.ar\\\/#\\\/schema\\\/logo\\\/image\\\/\"},\"sameAs\":[\"https:\\\/\\\/www.facebook.com\\\/InfoPBA\"]},{\"@type\":\"Person\",\"@id\":\"https:\\\/\\\/infopba247.com.ar\\\/#\\\/schema\\\/person\\\/4975f1343a413e57bf839b3eed0099f2\",\"name\":\"Editor\",\"image\":{\"@type\":\"ImageObject\",\"inLanguage\":\"es\",\"@id\":\"https:\\\/\\\/secure.gravatar.com\\\/avatar\\\/d27fe9520667ca53441d36627a1d6b0fa4a813571ec4803687a7a3a7744685ac?s=96&d=mm&r=g\",\"url\":\"https:\\\/\\\/secure.gravatar.com\\\/avatar\\\/d27fe9520667ca53441d36627a1d6b0fa4a813571ec4803687a7a3a7744685ac?s=96&d=mm&r=g\",\"contentUrl\":\"https:\\\/\\\/secure.gravatar.com\\\/avatar\\\/d27fe9520667ca53441d36627a1d6b0fa4a813571ec4803687a7a3a7744685ac?s=96&d=mm&r=g\",\"caption\":\"Editor\"},\"url\":\"https:\\\/\\\/infopba247.com.ar\\\/index.php\\\/author\\\/editor\\\/\"}]}<\/script>\n<!-- \/ Yoast SEO plugin. -->","yoast_head_json":{"title":"Abri\u00f3 la inscripci\u00f3n a los cursos cortos de verano de Formaci\u00f3n Profesional - InfoPBA247","robots":{"index":"index","follow":"follow","max-snippet":"max-snippet:-1","max-image-preview":"max-image-preview:large","max-video-preview":"max-video-preview:-1"},"canonical":"https:\/\/infopba247.com.ar\/index.php\/2026\/01\/08\/abrio-la-inscripcion-a-los-cursos-cortos-de-verano-de-formacion-profesional\/","og_locale":"es_ES","og_type":"article","og_title":"Abri\u00f3 la inscripci\u00f3n a los cursos cortos de verano de Formaci\u00f3n Profesional - InfoPBA247","og_description":"Se extender\u00e1 hasta el 9 de enero, con cupos limitados, y destinados a mayores de 16 a\u00f1os en los rubros","og_url":"https:\/\/infopba247.com.ar\/index.php\/2026\/01\/08\/abrio-la-inscripcion-a-los-cursos-cortos-de-verano-de-formacion-profesional\/","og_site_name":"InfoPBA247","article_publisher":"https:\/\/www.facebook.com\/InfoPBA","article_published_time":"2026-01-08T15:06:09+00:00","article_modified_time":"2026-01-22T16:43:01+00:00","og_image":[{"width":2560,"height":1440,"url":"https:\/\/infopba247.com.ar\/wp-content\/uploads\/2026\/01\/FORMACION_-scaled.jpg","type":"image\/jpeg"}],"author":"Editor","twitter_card":"summary_large_image","twitter_misc":{"Escrito por":"Editor","Tiempo de lectura":"3 minutos"},"schema":{"@context":"https:\/\/schema.org","@graph":[{"@type":"Article","@id":"https:\/\/infopba247.com.ar\/index.php\/2026\/01\/08\/abrio-la-inscripcion-a-los-cursos-cortos-de-verano-de-formacion-profesional\/#article","isPartOf":{"@id":"https:\/\/infopba247.com.ar\/index.php\/2026\/01\/08\/abrio-la-inscripcion-a-los-cursos-cortos-de-verano-de-formacion-profesional\/"},"author":{"name":"Editor","@id":"https:\/\/infopba247.com.ar\/#\/schema\/person\/4975f1343a413e57bf839b3eed0099f2"},"headline":"Abri\u00f3 la inscripci\u00f3n a los cursos cortos de verano de Formaci\u00f3n Profesional","datePublished":"2026-01-08T15:06:09+00:00","dateModified":"2026-01-22T16:43:01+00:00","mainEntityOfPage":{"@id":"https:\/\/infopba247.com.ar\/index.php\/2026\/01\/08\/abrio-la-inscripcion-a-los-cursos-cortos-de-verano-de-formacion-profesional\/"},"wordCount":592,"commentCount":0,"publisher":{"@id":"https:\/\/infopba247.com.ar\/#organization"},"image":{"@id":"https:\/\/infopba247.com.ar\/index.php\/2026\/01\/08\/abrio-la-inscripcion-a-los-cursos-cortos-de-verano-de-formacion-profesional\/#primaryimage"},"thumbnailUrl":"https:\/\/infopba247.com.ar\/wp-content\/uploads\/2026\/01\/FORMACION_-scaled.jpg","articleSection":["1ra Secci\u00f3n","Destacadas","Pol\u00edtica"],"inLanguage":"es","potentialAction":[{"@type":"CommentAction","name":"Comment","target":["https:\/\/infopba247.com.ar\/index.php\/2026\/01\/08\/abrio-la-inscripcion-a-los-cursos-cortos-de-verano-de-formacion-profesional\/#respond"]}]},{"@type":"WebPage","@id":"https:\/\/infopba247.com.ar\/index.php\/2026\/01\/08\/abrio-la-inscripcion-a-los-cursos-cortos-de-verano-de-formacion-profesional\/","url":"https:\/\/infopba247.com.ar\/index.php\/2026\/01\/08\/abrio-la-inscripcion-a-los-cursos-cortos-de-verano-de-formacion-profesional\/","name":"Abri\u00f3 la inscripci\u00f3n a los cursos cortos de verano de Formaci\u00f3n Profesional - InfoPBA247","isPartOf":{"@id":"https:\/\/infopba247.com.ar\/#website"},"primaryImageOfPage":{"@id":"https:\/\/infopba247.com.ar\/index.php\/2026\/01\/08\/abrio-la-inscripcion-a-los-cursos-cortos-de-verano-de-formacion-profesional\/#primaryimage"},"image":{"@id":"https:\/\/infopba247.com.ar\/index.php\/2026\/01\/08\/abrio-la-inscripcion-a-los-cursos-cortos-de-verano-de-formacion-profesional\/#primaryimage"},"thumbnailUrl":"https:\/\/infopba247.com.ar\/wp-content\/uploads\/2026\/01\/FORMACION_-scaled.jpg","datePublished":"2026-01-08T15:06:09+00:00","dateModified":"2026-01-22T16:43:01+00:00","breadcrumb":{"@id":"https:\/\/infopba247.com.ar\/index.php\/2026\/01\/08\/abrio-la-inscripcion-a-los-cursos-cortos-de-verano-de-formacion-profesional\/#breadcrumb"},"inLanguage":"es","potentialAction":[{"@type":"ReadAction","target":["https:\/\/infopba247.com.ar\/index.php\/2026\/01\/08\/abrio-la-inscripcion-a-los-cursos-cortos-de-verano-de-formacion-profesional\/"]}]},{"@type":"ImageObject","inLanguage":"es","@id":"https:\/\/infopba247.com.ar\/index.php\/2026\/01\/08\/abrio-la-inscripcion-a-los-cursos-cortos-de-verano-de-formacion-profesional\/#primaryimage","url":"https:\/\/infopba247.com.ar\/wp-content\/uploads\/2026\/01\/FORMACION_-scaled.jpg","contentUrl":"https:\/\/infopba247.com.ar\/wp-content\/uploads\/2026\/01\/FORMACION_-scaled.jpg","width":2560,"height":1440},{"@type":"BreadcrumbList","@id":"https:\/\/infopba247.com.ar\/index.php\/2026\/01\/08\/abrio-la-inscripcion-a-los-cursos-cortos-de-verano-de-formacion-profesional\/#breadcrumb","itemListElement":[{"@type":"ListItem","position":1,"name":"Portada","item":"https:\/\/infopba247.com.ar\/"},{"@type":"ListItem","position":2,"name":"Abri\u00f3 la inscripci\u00f3n a los cursos cortos de verano de Formaci\u00f3n Profesional"}]},{"@type":"WebSite","@id":"https:\/\/infopba247.com.ar\/#website","url":"https:\/\/infopba247.com.ar\/","name":"InfoPBA247","description":"Toda la actualidad bonaerense","publisher":{"@id":"https:\/\/infopba247.com.ar\/#organization"},"potentialAction":[{"@type":"SearchAction","target":{"@type":"EntryPoint","urlTemplate":"https:\/\/infopba247.com.ar\/?s={search_term_string}"},"query-input":{"@type":"PropertyValueSpecification","valueRequired":true,"valueName":"search_term_string"}}],"inLanguage":"es"},{"@type":"Organization","@id":"https:\/\/infopba247.com.ar\/#organization","name":"InfoPBA247","url":"https:\/\/infopba247.com.ar\/","logo":{"@type":"ImageObject","inLanguage":"es","@id":"https:\/\/infopba247.com.ar\/#\/schema\/logo\/image\/","url":"https:\/\/infopba247.com.ar\/wp-content\/uploads\/2022\/03\/cropped-InfoPBA247-1.png","contentUrl":"https:\/\/infopba247.com.ar\/wp-content\/uploads\/2022\/03\/cropped-InfoPBA247-1.png","width":500,"height":122,"caption":"InfoPBA247"},"image":{"@id":"https:\/\/infopba247.com.ar\/#\/schema\/logo\/image\/"},"sameAs":["https:\/\/www.facebook.com\/InfoPBA"]},{"@type":"Person","@id":"https:\/\/infopba247.com.ar\/#\/schema\/person\/4975f1343a413e57bf839b3eed0099f2","name":"Editor","image":{"@type":"ImageObject","inLanguage":"es","@id":"https:\/\/secure.gravatar.com\/avatar\/d27fe9520667ca53441d36627a1d6b0fa4a813571ec4803687a7a3a7744685ac?s=96&d=mm&r=g","url":"https:\/\/secure.gravatar.com\/avatar\/d27fe9520667ca53441d36627a1d6b0fa4a813571ec4803687a7a3a7744685ac?s=96&d=mm&r=g","contentUrl":"https:\/\/secure.gravatar.com\/avatar\/d27fe9520667ca53441d36627a1d6b0fa4a813571ec4803687a7a3a7744685ac?s=96&d=mm&r=g","caption":"Editor"},"url":"https:\/\/infopba247.com.ar\/index.php\/author\/editor\/"}]}},"_links":{"self":[{"href":"https:\/\/infopba247.com.ar\/index.php\/wp-json\/wp\/v2\/posts\/8720","targetHints":{"allow":["GET"]}}],"collection":[{"href":"https:\/\/infopba247.com.ar\/index.php\/wp-json\/wp\/v2\/posts"}],"about":[{"href":"https:\/\/infopba247.com.ar\/index.php\/wp-json\/wp\/v2\/types\/post"}],"author":[{"embeddable":true,"href":"https:\/\/infopba247.com.ar\/index.php\/wp-json\/wp\/v2\/users\/3"}],"replies":[{"embeddable":true,"href":"https:\/\/infopba247.com.ar\/index.php\/wp-json\/wp\/v2\/comments?post=8720"}],"version-history":[{"count":1,"href":"https:\/\/infopba247.com.ar\/index.php\/wp-json\/wp\/v2\/posts\/8720\/revisions"}],"predecessor-version":[{"id":8721,"href":"https:\/\/infopba247.com.ar\/index.php\/wp-json\/wp\/v2\/posts\/8720\/revisions\/8721"}],"wp:featuredmedia":[{"embeddable":true,"href":"https:\/\/infopba247.com.ar\/index.php\/wp-json\/wp\/v2\/media\/8711"}],"wp:attachment":[{"href":"https:\/\/infopba247.com.ar\/index.php\/wp-json\/wp\/v2\/media?parent=8720"}],"wp:term":[{"taxonomy":"category","embeddable":true,"href":"https:\/\/infopba247.com.ar\/index.php\/wp-json\/wp\/v2\/categories?post=8720"},{"taxonomy":"post_tag","embeddable":true,"href":"https:\/\/infopba247.com.ar\/index.php\/wp-json\/wp\/v2\/tags?post=8720"}],"curies":[{"name":"wp","href":"https:\/\/api.w.org\/{rel}","templated":true}]}}