{"id":869,"date":"2022-11-17T10:49:22","date_gmt":"2022-11-17T13:49:22","guid":{"rendered":"https:\/\/infopba247.com.ar\/?p=869"},"modified":"2022-11-17T10:49:23","modified_gmt":"2022-11-17T13:49:23","slug":"cronicas-bradley-el-proyecto-que-revive-al-primer-fotografo-de-la-ciudad","status":"publish","type":"post","link":"https:\/\/infopba247.com.ar\/index.php\/2022\/11\/17\/cronicas-bradley-el-proyecto-que-revive-al-primer-fotografo-de-la-ciudad\/","title":{"rendered":"Cr\u00f3nicas Bradley: el proyecto que revive al primer fot\u00f3grafo de la ciudad"},"content":{"rendered":"\n<p>@TomasBradleyPH, el proyecto de redes sociales que invita a conocer la obra del fot\u00f3grafo que realiz\u00f3 el primer \u00e1lbum de fotos de la ciudad de La Plata.<\/p>\n\n\n\n<p>En el marco del 140 aniversario de la Ciudad de La Plata, dos j\u00f3venes platenses desarrollaron un proyecto para recrear en redes sociales los inicios de nuestra ciudad a trav\u00e9s de los ojos de Tomas Bradley, fot\u00f3grafo a quien se le encarg\u00f3 dicha tarea.<\/p>\n\n\n\n<p>Para el a\u00f1o 1882, el Gobernador de la provincia de Buenos Aires, Dardo Rocha, convoc\u00f3 a un viejo conocido de la Guerra del Paraguay, Tom\u00e1s Bradley Sutton, el fot\u00f3grafo que se encargar\u00eda de tomar la fotograf\u00eda el 19 de noviembre cuando se colocara la piedra fundacional de la nueva Ciudad Capital en la plaza principal.<\/p>\n\n\n\n<p>Fue as\u00ed que Bradley no solo tom\u00f3 aquella fotograf\u00eda tan emblem\u00e1tica, que luego se convertir\u00eda en cuadro, sino que tambi\u00e9n fotografi\u00f3 los primeros 4 a\u00f1os de crecimiento urbano de la ciudad, algo que no hab\u00eda ocurrido con ninguna otra ciudad del mundo. El resultado de su trabajo se compil\u00f3 y public\u00f3 en el \u00e1lbum \u201cVistas de La Plata\u201d.<\/p>\n\n\n\n<p>Desde el 1 de noviembre, Ramiro Salvioli (periodista) y Juan Aguirre (abogado y guionista) se encargan de postear en Facebook, Instagram y Twitter las aventuras ficcionadas en la cuenta @tomasbradleyph como si estuviesen sucediendo en tiempo real. \u201cLo interesante de la propuesta, adem\u00e1s de la cuesti\u00f3n innovadora sobre lo pedag\u00f3gico y educativo, es la recuperaci\u00f3n de la identidad visual de nuestra ciudad, Tom\u00e1s Bradley es desconocido por mucha gente\u201d, dice Ramiro.<\/p>\n\n\n\n<p>\u201cNos gust\u00f3 la idea de imaginar y recrear esos d\u00edas, ponernos en los zapatos de Bradley y analizar el contexto hist\u00f3rico y pol\u00edtico desde su perspectiva \u00fanica. Entrar en contacto con las cartas y comunicaciones de la \u00e9poca y con los ejemplares originales de su \u00e1lbum, nos hizo sentir que ten\u00edamos una parte de la historia en nuestras manos\u201d, dice Juan.<\/p>\n","protected":false},"excerpt":{"rendered":"<p>@TomasBradleyPH, el proyecto de redes sociales que invita a conocer la obra del fot\u00f3grafo que realiz\u00f3 el primer \u00e1lbum de<\/p>\n","protected":false},"author":3,"featured_media":870,"comment_status":"closed","ping_status":"closed","sticky":false,"template":"","format":"standard","meta":{"colormag_page_container_layout":"default_layout","colormag_page_sidebar_layout":"default_layout","footnotes":""},"categories":[15],"tags":[],"class_list":["post-869","post","type-post","status-publish","format-standard","has-post-thumbnail","hentry","category-turismo-y-cultura"],"yoast_head":"<!-- This site is optimized with the Yoast SEO plugin v27.4 - https:\/\/yoast.com\/product\/yoast-seo-wordpress\/ -->\n<title>Cr\u00f3nicas Bradley: el proyecto que revive al primer fot\u00f3grafo de la ciudad - InfoPBA247<\/title>\n<meta name=\"robots\" content=\"index, follow, max-snippet:-1, max-image-preview:large, max-video-preview:-1\" \/>\n<link rel=\"canonical\" href=\"https:\/\/infopba247.com.ar\/index.php\/2022\/11\/17\/cronicas-bradley-el-proyecto-que-revive-al-primer-fotografo-de-la-ciudad\/\" \/>\n<meta property=\"og:locale\" content=\"es_ES\" \/>\n<meta property=\"og:type\" content=\"article\" \/>\n<meta property=\"og:title\" content=\"Cr\u00f3nicas Bradley: el proyecto que revive al primer fot\u00f3grafo de la ciudad - InfoPBA247\" \/>\n<meta property=\"og:description\" content=\"@TomasBradleyPH, el proyecto de redes sociales que invita a conocer la obra del fot\u00f3grafo que realiz\u00f3 el primer \u00e1lbum de\" \/>\n<meta property=\"og:url\" content=\"https:\/\/infopba247.com.ar\/index.php\/2022\/11\/17\/cronicas-bradley-el-proyecto-que-revive-al-primer-fotografo-de-la-ciudad\/\" \/>\n<meta property=\"og:site_name\" content=\"InfoPBA247\" \/>\n<meta property=\"article:publisher\" content=\"https:\/\/www.facebook.com\/InfoPBA\" \/>\n<meta property=\"article:published_time\" content=\"2022-11-17T13:49:22+00:00\" \/>\n<meta property=\"article:modified_time\" content=\"2022-11-17T13:49:23+00:00\" \/>\n<meta property=\"og:image\" content=\"https:\/\/infopba247.com.ar\/wp-content\/uploads\/2022\/11\/proyecto.jpg\" \/>\n\t<meta property=\"og:image:width\" content=\"1317\" \/>\n\t<meta property=\"og:image:height\" content=\"1191\" \/>\n\t<meta property=\"og:image:type\" content=\"image\/jpeg\" \/>\n<meta name=\"author\" content=\"Editor\" \/>\n<meta name=\"twitter:card\" content=\"summary_large_image\" \/>\n<meta name=\"twitter:label1\" content=\"Escrito por\" \/>\n\t<meta name=\"twitter:data1\" content=\"Editor\" \/>\n\t<meta name=\"twitter:label2\" content=\"Tiempo de lectura\" \/>\n\t<meta name=\"twitter:data2\" content=\"2 minutos\" \/>\n<script type=\"application\/ld+json\" class=\"yoast-schema-graph\">{\"@context\":\"https:\\\/\\\/schema.org\",\"@graph\":[{\"@type\":\"Article\",\"@id\":\"https:\\\/\\\/infopba247.com.ar\\\/index.php\\\/2022\\\/11\\\/17\\\/cronicas-bradley-el-proyecto-que-revive-al-primer-fotografo-de-la-ciudad\\\/#article\",\"isPartOf\":{\"@id\":\"https:\\\/\\\/infopba247.com.ar\\\/index.php\\\/2022\\\/11\\\/17\\\/cronicas-bradley-el-proyecto-que-revive-al-primer-fotografo-de-la-ciudad\\\/\"},\"author\":{\"name\":\"Editor\",\"@id\":\"https:\\\/\\\/infopba247.com.ar\\\/#\\\/schema\\\/person\\\/4975f1343a413e57bf839b3eed0099f2\"},\"headline\":\"Cr\u00f3nicas Bradley: el proyecto que revive al primer fot\u00f3grafo de la ciudad\",\"datePublished\":\"2022-11-17T13:49:22+00:00\",\"dateModified\":\"2022-11-17T13:49:23+00:00\",\"mainEntityOfPage\":{\"@id\":\"https:\\\/\\\/infopba247.com.ar\\\/index.php\\\/2022\\\/11\\\/17\\\/cronicas-bradley-el-proyecto-que-revive-al-primer-fotografo-de-la-ciudad\\\/\"},\"wordCount\":349,\"publisher\":{\"@id\":\"https:\\\/\\\/infopba247.com.ar\\\/#organization\"},\"image\":{\"@id\":\"https:\\\/\\\/infopba247.com.ar\\\/index.php\\\/2022\\\/11\\\/17\\\/cronicas-bradley-el-proyecto-que-revive-al-primer-fotografo-de-la-ciudad\\\/#primaryimage\"},\"thumbnailUrl\":\"https:\\\/\\\/infopba247.com.ar\\\/wp-content\\\/uploads\\\/2022\\\/11\\\/proyecto.jpg\",\"articleSection\":[\"Turismo y Cultura\"],\"inLanguage\":\"es\"},{\"@type\":\"WebPage\",\"@id\":\"https:\\\/\\\/infopba247.com.ar\\\/index.php\\\/2022\\\/11\\\/17\\\/cronicas-bradley-el-proyecto-que-revive-al-primer-fotografo-de-la-ciudad\\\/\",\"url\":\"https:\\\/\\\/infopba247.com.ar\\\/index.php\\\/2022\\\/11\\\/17\\\/cronicas-bradley-el-proyecto-que-revive-al-primer-fotografo-de-la-ciudad\\\/\",\"name\":\"Cr\u00f3nicas Bradley: el proyecto que revive al primer fot\u00f3grafo de la ciudad - InfoPBA247\",\"isPartOf\":{\"@id\":\"https:\\\/\\\/infopba247.com.ar\\\/#website\"},\"primaryImageOfPage\":{\"@id\":\"https:\\\/\\\/infopba247.com.ar\\\/index.php\\\/2022\\\/11\\\/17\\\/cronicas-bradley-el-proyecto-que-revive-al-primer-fotografo-de-la-ciudad\\\/#primaryimage\"},\"image\":{\"@id\":\"https:\\\/\\\/infopba247.com.ar\\\/index.php\\\/2022\\\/11\\\/17\\\/cronicas-bradley-el-proyecto-que-revive-al-primer-fotografo-de-la-ciudad\\\/#primaryimage\"},\"thumbnailUrl\":\"https:\\\/\\\/infopba247.com.ar\\\/wp-content\\\/uploads\\\/2022\\\/11\\\/proyecto.jpg\",\"datePublished\":\"2022-11-17T13:49:22+00:00\",\"dateModified\":\"2022-11-17T13:49:23+00:00\",\"breadcrumb\":{\"@id\":\"https:\\\/\\\/infopba247.com.ar\\\/index.php\\\/2022\\\/11\\\/17\\\/cronicas-bradley-el-proyecto-que-revive-al-primer-fotografo-de-la-ciudad\\\/#breadcrumb\"},\"inLanguage\":\"es\",\"potentialAction\":[{\"@type\":\"ReadAction\",\"target\":[\"https:\\\/\\\/infopba247.com.ar\\\/index.php\\\/2022\\\/11\\\/17\\\/cronicas-bradley-el-proyecto-que-revive-al-primer-fotografo-de-la-ciudad\\\/\"]}]},{\"@type\":\"ImageObject\",\"inLanguage\":\"es\",\"@id\":\"https:\\\/\\\/infopba247.com.ar\\\/index.php\\\/2022\\\/11\\\/17\\\/cronicas-bradley-el-proyecto-que-revive-al-primer-fotografo-de-la-ciudad\\\/#primaryimage\",\"url\":\"https:\\\/\\\/infopba247.com.ar\\\/wp-content\\\/uploads\\\/2022\\\/11\\\/proyecto.jpg\",\"contentUrl\":\"https:\\\/\\\/infopba247.com.ar\\\/wp-content\\\/uploads\\\/2022\\\/11\\\/proyecto.jpg\",\"width\":1317,\"height\":1191},{\"@type\":\"BreadcrumbList\",\"@id\":\"https:\\\/\\\/infopba247.com.ar\\\/index.php\\\/2022\\\/11\\\/17\\\/cronicas-bradley-el-proyecto-que-revive-al-primer-fotografo-de-la-ciudad\\\/#breadcrumb\",\"itemListElement\":[{\"@type\":\"ListItem\",\"position\":1,\"name\":\"Portada\",\"item\":\"https:\\\/\\\/infopba247.com.ar\\\/\"},{\"@type\":\"ListItem\",\"position\":2,\"name\":\"Cr\u00f3nicas Bradley: el proyecto que revive al primer fot\u00f3grafo de la ciudad\"}]},{\"@type\":\"WebSite\",\"@id\":\"https:\\\/\\\/infopba247.com.ar\\\/#website\",\"url\":\"https:\\\/\\\/infopba247.com.ar\\\/\",\"name\":\"InfoPBA247\",\"description\":\"Toda la actualidad bonaerense\",\"publisher\":{\"@id\":\"https:\\\/\\\/infopba247.com.ar\\\/#organization\"},\"potentialAction\":[{\"@type\":\"SearchAction\",\"target\":{\"@type\":\"EntryPoint\",\"urlTemplate\":\"https:\\\/\\\/infopba247.com.ar\\\/?s={search_term_string}\"},\"query-input\":{\"@type\":\"PropertyValueSpecification\",\"valueRequired\":true,\"valueName\":\"search_term_string\"}}],\"inLanguage\":\"es\"},{\"@type\":\"Organization\",\"@id\":\"https:\\\/\\\/infopba247.com.ar\\\/#organization\",\"name\":\"InfoPBA247\",\"url\":\"https:\\\/\\\/infopba247.com.ar\\\/\",\"logo\":{\"@type\":\"ImageObject\",\"inLanguage\":\"es\",\"@id\":\"https:\\\/\\\/infopba247.com.ar\\\/#\\\/schema\\\/logo\\\/image\\\/\",\"url\":\"https:\\\/\\\/infopba247.com.ar\\\/wp-content\\\/uploads\\\/2022\\\/03\\\/cropped-InfoPBA247-1.png\",\"contentUrl\":\"https:\\\/\\\/infopba247.com.ar\\\/wp-content\\\/uploads\\\/2022\\\/03\\\/cropped-InfoPBA247-1.png\",\"width\":500,\"height\":122,\"caption\":\"InfoPBA247\"},\"image\":{\"@id\":\"https:\\\/\\\/infopba247.com.ar\\\/#\\\/schema\\\/logo\\\/image\\\/\"},\"sameAs\":[\"https:\\\/\\\/www.facebook.com\\\/InfoPBA\"]},{\"@type\":\"Person\",\"@id\":\"https:\\\/\\\/infopba247.com.ar\\\/#\\\/schema\\\/person\\\/4975f1343a413e57bf839b3eed0099f2\",\"name\":\"Editor\",\"image\":{\"@type\":\"ImageObject\",\"inLanguage\":\"es\",\"@id\":\"https:\\\/\\\/secure.gravatar.com\\\/avatar\\\/d27fe9520667ca53441d36627a1d6b0fa4a813571ec4803687a7a3a7744685ac?s=96&d=mm&r=g\",\"url\":\"https:\\\/\\\/secure.gravatar.com\\\/avatar\\\/d27fe9520667ca53441d36627a1d6b0fa4a813571ec4803687a7a3a7744685ac?s=96&d=mm&r=g\",\"contentUrl\":\"https:\\\/\\\/secure.gravatar.com\\\/avatar\\\/d27fe9520667ca53441d36627a1d6b0fa4a813571ec4803687a7a3a7744685ac?s=96&d=mm&r=g\",\"caption\":\"Editor\"},\"url\":\"https:\\\/\\\/infopba247.com.ar\\\/index.php\\\/author\\\/editor\\\/\"}]}<\/script>\n<!-- \/ Yoast SEO plugin. -->","yoast_head_json":{"title":"Cr\u00f3nicas Bradley: el proyecto que revive al primer fot\u00f3grafo de la ciudad - InfoPBA247","robots":{"index":"index","follow":"follow","max-snippet":"max-snippet:-1","max-image-preview":"max-image-preview:large","max-video-preview":"max-video-preview:-1"},"canonical":"https:\/\/infopba247.com.ar\/index.php\/2022\/11\/17\/cronicas-bradley-el-proyecto-que-revive-al-primer-fotografo-de-la-ciudad\/","og_locale":"es_ES","og_type":"article","og_title":"Cr\u00f3nicas Bradley: el proyecto que revive al primer fot\u00f3grafo de la ciudad - InfoPBA247","og_description":"@TomasBradleyPH, el proyecto de redes sociales que invita a conocer la obra del fot\u00f3grafo que realiz\u00f3 el primer \u00e1lbum de","og_url":"https:\/\/infopba247.com.ar\/index.php\/2022\/11\/17\/cronicas-bradley-el-proyecto-que-revive-al-primer-fotografo-de-la-ciudad\/","og_site_name":"InfoPBA247","article_publisher":"https:\/\/www.facebook.com\/InfoPBA","article_published_time":"2022-11-17T13:49:22+00:00","article_modified_time":"2022-11-17T13:49:23+00:00","og_image":[{"width":1317,"height":1191,"url":"https:\/\/infopba247.com.ar\/wp-content\/uploads\/2022\/11\/proyecto.jpg","type":"image\/jpeg"}],"author":"Editor","twitter_card":"summary_large_image","twitter_misc":{"Escrito por":"Editor","Tiempo de lectura":"2 minutos"},"schema":{"@context":"https:\/\/schema.org","@graph":[{"@type":"Article","@id":"https:\/\/infopba247.com.ar\/index.php\/2022\/11\/17\/cronicas-bradley-el-proyecto-que-revive-al-primer-fotografo-de-la-ciudad\/#article","isPartOf":{"@id":"https:\/\/infopba247.com.ar\/index.php\/2022\/11\/17\/cronicas-bradley-el-proyecto-que-revive-al-primer-fotografo-de-la-ciudad\/"},"author":{"name":"Editor","@id":"https:\/\/infopba247.com.ar\/#\/schema\/person\/4975f1343a413e57bf839b3eed0099f2"},"headline":"Cr\u00f3nicas Bradley: el proyecto que revive al primer fot\u00f3grafo de la ciudad","datePublished":"2022-11-17T13:49:22+00:00","dateModified":"2022-11-17T13:49:23+00:00","mainEntityOfPage":{"@id":"https:\/\/infopba247.com.ar\/index.php\/2022\/11\/17\/cronicas-bradley-el-proyecto-que-revive-al-primer-fotografo-de-la-ciudad\/"},"wordCount":349,"publisher":{"@id":"https:\/\/infopba247.com.ar\/#organization"},"image":{"@id":"https:\/\/infopba247.com.ar\/index.php\/2022\/11\/17\/cronicas-bradley-el-proyecto-que-revive-al-primer-fotografo-de-la-ciudad\/#primaryimage"},"thumbnailUrl":"https:\/\/infopba247.com.ar\/wp-content\/uploads\/2022\/11\/proyecto.jpg","articleSection":["Turismo y Cultura"],"inLanguage":"es"},{"@type":"WebPage","@id":"https:\/\/infopba247.com.ar\/index.php\/2022\/11\/17\/cronicas-bradley-el-proyecto-que-revive-al-primer-fotografo-de-la-ciudad\/","url":"https:\/\/infopba247.com.ar\/index.php\/2022\/11\/17\/cronicas-bradley-el-proyecto-que-revive-al-primer-fotografo-de-la-ciudad\/","name":"Cr\u00f3nicas Bradley: el proyecto que revive al primer fot\u00f3grafo de la ciudad - InfoPBA247","isPartOf":{"@id":"https:\/\/infopba247.com.ar\/#website"},"primaryImageOfPage":{"@id":"https:\/\/infopba247.com.ar\/index.php\/2022\/11\/17\/cronicas-bradley-el-proyecto-que-revive-al-primer-fotografo-de-la-ciudad\/#primaryimage"},"image":{"@id":"https:\/\/infopba247.com.ar\/index.php\/2022\/11\/17\/cronicas-bradley-el-proyecto-que-revive-al-primer-fotografo-de-la-ciudad\/#primaryimage"},"thumbnailUrl":"https:\/\/infopba247.com.ar\/wp-content\/uploads\/2022\/11\/proyecto.jpg","datePublished":"2022-11-17T13:49:22+00:00","dateModified":"2022-11-17T13:49:23+00:00","breadcrumb":{"@id":"https:\/\/infopba247.com.ar\/index.php\/2022\/11\/17\/cronicas-bradley-el-proyecto-que-revive-al-primer-fotografo-de-la-ciudad\/#breadcrumb"},"inLanguage":"es","potentialAction":[{"@type":"ReadAction","target":["https:\/\/infopba247.com.ar\/index.php\/2022\/11\/17\/cronicas-bradley-el-proyecto-que-revive-al-primer-fotografo-de-la-ciudad\/"]}]},{"@type":"ImageObject","inLanguage":"es","@id":"https:\/\/infopba247.com.ar\/index.php\/2022\/11\/17\/cronicas-bradley-el-proyecto-que-revive-al-primer-fotografo-de-la-ciudad\/#primaryimage","url":"https:\/\/infopba247.com.ar\/wp-content\/uploads\/2022\/11\/proyecto.jpg","contentUrl":"https:\/\/infopba247.com.ar\/wp-content\/uploads\/2022\/11\/proyecto.jpg","width":1317,"height":1191},{"@type":"BreadcrumbList","@id":"https:\/\/infopba247.com.ar\/index.php\/2022\/11\/17\/cronicas-bradley-el-proyecto-que-revive-al-primer-fotografo-de-la-ciudad\/#breadcrumb","itemListElement":[{"@type":"ListItem","position":1,"name":"Portada","item":"https:\/\/infopba247.com.ar\/"},{"@type":"ListItem","position":2,"name":"Cr\u00f3nicas Bradley: el proyecto que revive al primer fot\u00f3grafo de la ciudad"}]},{"@type":"WebSite","@id":"https:\/\/infopba247.com.ar\/#website","url":"https:\/\/infopba247.com.ar\/","name":"InfoPBA247","description":"Toda la actualidad bonaerense","publisher":{"@id":"https:\/\/infopba247.com.ar\/#organization"},"potentialAction":[{"@type":"SearchAction","target":{"@type":"EntryPoint","urlTemplate":"https:\/\/infopba247.com.ar\/?s={search_term_string}"},"query-input":{"@type":"PropertyValueSpecification","valueRequired":true,"valueName":"search_term_string"}}],"inLanguage":"es"},{"@type":"Organization","@id":"https:\/\/infopba247.com.ar\/#organization","name":"InfoPBA247","url":"https:\/\/infopba247.com.ar\/","logo":{"@type":"ImageObject","inLanguage":"es","@id":"https:\/\/infopba247.com.ar\/#\/schema\/logo\/image\/","url":"https:\/\/infopba247.com.ar\/wp-content\/uploads\/2022\/03\/cropped-InfoPBA247-1.png","contentUrl":"https:\/\/infopba247.com.ar\/wp-content\/uploads\/2022\/03\/cropped-InfoPBA247-1.png","width":500,"height":122,"caption":"InfoPBA247"},"image":{"@id":"https:\/\/infopba247.com.ar\/#\/schema\/logo\/image\/"},"sameAs":["https:\/\/www.facebook.com\/InfoPBA"]},{"@type":"Person","@id":"https:\/\/infopba247.com.ar\/#\/schema\/person\/4975f1343a413e57bf839b3eed0099f2","name":"Editor","image":{"@type":"ImageObject","inLanguage":"es","@id":"https:\/\/secure.gravatar.com\/avatar\/d27fe9520667ca53441d36627a1d6b0fa4a813571ec4803687a7a3a7744685ac?s=96&d=mm&r=g","url":"https:\/\/secure.gravatar.com\/avatar\/d27fe9520667ca53441d36627a1d6b0fa4a813571ec4803687a7a3a7744685ac?s=96&d=mm&r=g","contentUrl":"https:\/\/secure.gravatar.com\/avatar\/d27fe9520667ca53441d36627a1d6b0fa4a813571ec4803687a7a3a7744685ac?s=96&d=mm&r=g","caption":"Editor"},"url":"https:\/\/infopba247.com.ar\/index.php\/author\/editor\/"}]}},"_links":{"self":[{"href":"https:\/\/infopba247.com.ar\/index.php\/wp-json\/wp\/v2\/posts\/869","targetHints":{"allow":["GET"]}}],"collection":[{"href":"https:\/\/infopba247.com.ar\/index.php\/wp-json\/wp\/v2\/posts"}],"about":[{"href":"https:\/\/infopba247.com.ar\/index.php\/wp-json\/wp\/v2\/types\/post"}],"author":[{"embeddable":true,"href":"https:\/\/infopba247.com.ar\/index.php\/wp-json\/wp\/v2\/users\/3"}],"replies":[{"embeddable":true,"href":"https:\/\/infopba247.com.ar\/index.php\/wp-json\/wp\/v2\/comments?post=869"}],"version-history":[{"count":1,"href":"https:\/\/infopba247.com.ar\/index.php\/wp-json\/wp\/v2\/posts\/869\/revisions"}],"predecessor-version":[{"id":871,"href":"https:\/\/infopba247.com.ar\/index.php\/wp-json\/wp\/v2\/posts\/869\/revisions\/871"}],"wp:featuredmedia":[{"embeddable":true,"href":"https:\/\/infopba247.com.ar\/index.php\/wp-json\/wp\/v2\/media\/870"}],"wp:attachment":[{"href":"https:\/\/infopba247.com.ar\/index.php\/wp-json\/wp\/v2\/media?parent=869"}],"wp:term":[{"taxonomy":"category","embeddable":true,"href":"https:\/\/infopba247.com.ar\/index.php\/wp-json\/wp\/v2\/categories?post=869"},{"taxonomy":"post_tag","embeddable":true,"href":"https:\/\/infopba247.com.ar\/index.php\/wp-json\/wp\/v2\/tags?post=869"}],"curies":[{"name":"wp","href":"https:\/\/api.w.org\/{rel}","templated":true}]}}