{"id":8683,"date":"2026-01-02T14:28:14","date_gmt":"2026-01-02T17:28:14","guid":{"rendered":"https:\/\/infopba247.com.ar\/?p=8683"},"modified":"2026-01-05T14:29:15","modified_gmt":"2026-01-05T17:29:15","slug":"la-provincia-creo-un-regimen-de-compensaciones-para-sostener-el-transporte-del-amba","status":"publish","type":"post","link":"https:\/\/infopba247.com.ar\/index.php\/2026\/01\/02\/la-provincia-creo-un-regimen-de-compensaciones-para-sostener-el-transporte-del-amba\/","title":{"rendered":"La Provincia cre\u00f3 un r\u00e9gimen de compensaciones para sostener el transporte del AMBA"},"content":{"rendered":"\n<p>En medio del recorte de subsidios nacionales y del reordenamiento del esquema de financiamiento del transporte, el Gobierno de la Provincia de Buenos Aires oficializ\u00f3 la creaci\u00f3n de un r\u00e9gimen de compensaciones econ\u00f3micas destinado al transporte p\u00fablico de pasajeros del AMBA.<\/p>\n\n\n\n<p>La medida fue publicada en el Bolet\u00edn Oficial bonaerense y apunta a garantizar la continuidad del servicio y amortiguar el impacto del ajuste sobre usuarios y empresas.<\/p>\n\n\n\n<p>La resoluci\u00f3n establece un marco espec\u00edfico para otorgar compensaciones a los prestadores alcanzados, con el objetivo de \u201casegurar condiciones de regularidad, continuidad y accesibilidad del sistema de transporte\u201d, en un contexto de fuerte tensi\u00f3n financiera para el sector.<\/p>\n\n\n\n<p>En su art\u00edculo primero, la norma dispone la creaci\u00f3n formal del r\u00e9gimen de compensaciones, dejando en claro que se trata de una herramienta excepcional orientada a sostener el funcionamiento del transporte p\u00fablico automotor de pasajeros en el \u00c1rea Metropolitana de Buenos Aires bajo jurisdicci\u00f3n provincial.<\/p>\n\n\n\n<p>Seg\u00fan el texto oficial, el r\u00e9gimen tiene como finalidad \u201ccontribuir al sostenimiento econ\u00f3mico-financiero del sistema\u201d, una formulaci\u00f3n que deja entrever el impacto que tuvo la reducci\u00f3n de transferencias nacionales en la estructura de costos del transporte.<\/p>\n\n\n\n<p>La resoluci\u00f3n tambi\u00e9n faculta al Ministerio de Transporte bonaerense a definir los criterios operativos del esquema, incluyendo: los sujetos alcanzados, las condiciones para acceder a las compensaciones y los mecanismos de control y seguimiento.<\/p>\n\n\n\n<p>En principio, el nuevo esquema abarca a los municipios del AMBA: Almirante Brown, Avellaneda, Berazategui, Berisso, Brandsen, Campana, Ca\u00f1uelas, Ensenada, Escobar, Esteban Echeverr\u00eda, Exaltaci\u00f3n de la Cruz, Ezeiza, Florencio Varela, General Las Heras, General Rodr\u00edguez, General San Mart\u00edn, Hurlingham, Ituzaing\u00f3, Jos\u00e9 C. Paz, La Matanza, Lan\u00fas, La Plata, Lomas de Zamora, Lobos, Luj\u00e1n, Marcos Paz, Malvinas Argentinas, Mercedes, Moreno, Merlo, Mor\u00f3n, Pilar, Presidente Per\u00f3n, Quilmes, San Fernando, San Isidro, San Miguel, San Vicente, Tigre, Tres de Febrero, Vicente L\u00f3pez, Z\u00e1rate, aunque podr\u00eda ampliarse en el futuro.<\/p>\n\n\n\n<p>El articulado establece que podr\u00e1n acceder al r\u00e9gimen los prestadores del servicio que operen dentro del \u00e1mbito definido y que cumplan con las condiciones que fije la autoridad de aplicaci\u00f3n. En ese sentido, la norma remarca que las compensaciones estar\u00e1n sujetas al cumplimiento efectivo de los servicios, un punto clave para evitar desv\u00edos o pagos sin contraprestaci\u00f3n.<\/p>\n\n\n\n<p>Adem\u00e1s, se aclara que el otorgamiento de las compensaciones no implica la creaci\u00f3n de derechos adquiridos ni compromisos permanentes, sino que se trata de un esquema sujeto a disponibilidad presupuestaria y a evaluaciones peri\u00f3dicas por parte del Ejecutivo provincial.<\/p>\n","protected":false},"excerpt":{"rendered":"<p>En medio del recorte de subsidios nacionales y del reordenamiento del esquema de financiamiento del transporte, el Gobierno de la<\/p>\n","protected":false},"author":3,"featured_media":8684,"comment_status":"open","ping_status":"open","sticky":false,"template":"","format":"standard","meta":{"colormag_page_container_layout":"default_layout","colormag_page_sidebar_layout":"default_layout","footnotes":""},"categories":[16],"tags":[],"class_list":["post-8683","post","type-post","status-publish","format-standard","has-post-thumbnail","hentry","category-interes-general"],"yoast_head":"<!-- This site is optimized with the Yoast SEO plugin v27.4 - https:\/\/yoast.com\/product\/yoast-seo-wordpress\/ -->\n<title>La Provincia cre\u00f3 un r\u00e9gimen de compensaciones para sostener el transporte del AMBA - InfoPBA247<\/title>\n<meta name=\"robots\" content=\"index, follow, max-snippet:-1, max-image-preview:large, max-video-preview:-1\" \/>\n<link rel=\"canonical\" href=\"https:\/\/infopba247.com.ar\/index.php\/2026\/01\/02\/la-provincia-creo-un-regimen-de-compensaciones-para-sostener-el-transporte-del-amba\/\" \/>\n<meta property=\"og:locale\" content=\"es_ES\" \/>\n<meta property=\"og:type\" content=\"article\" \/>\n<meta property=\"og:title\" content=\"La Provincia cre\u00f3 un r\u00e9gimen de compensaciones para sostener el transporte del AMBA - InfoPBA247\" \/>\n<meta property=\"og:description\" content=\"En medio del recorte de subsidios nacionales y del reordenamiento del esquema de financiamiento del transporte, el Gobierno de la\" \/>\n<meta property=\"og:url\" content=\"https:\/\/infopba247.com.ar\/index.php\/2026\/01\/02\/la-provincia-creo-un-regimen-de-compensaciones-para-sostener-el-transporte-del-amba\/\" \/>\n<meta property=\"og:site_name\" content=\"InfoPBA247\" \/>\n<meta property=\"article:publisher\" content=\"https:\/\/www.facebook.com\/InfoPBA\" \/>\n<meta property=\"article:published_time\" content=\"2026-01-02T17:28:14+00:00\" \/>\n<meta property=\"article:modified_time\" content=\"2026-01-05T17:29:15+00:00\" \/>\n<meta property=\"og:image\" content=\"https:\/\/infopba247.com.ar\/wp-content\/uploads\/2026\/01\/paro-colectivos-gremio-pasajerosjpg-16-800x445-1.jpg\" \/>\n\t<meta property=\"og:image:width\" content=\"800\" \/>\n\t<meta property=\"og:image:height\" content=\"445\" \/>\n\t<meta property=\"og:image:type\" content=\"image\/jpeg\" \/>\n<meta name=\"author\" content=\"Editor\" \/>\n<meta name=\"twitter:card\" content=\"summary_large_image\" \/>\n<meta name=\"twitter:label1\" content=\"Escrito por\" \/>\n\t<meta name=\"twitter:data1\" content=\"Editor\" \/>\n\t<meta name=\"twitter:label2\" content=\"Tiempo de lectura\" \/>\n\t<meta name=\"twitter:data2\" content=\"3 minutos\" \/>\n<script type=\"application\/ld+json\" class=\"yoast-schema-graph\">{\"@context\":\"https:\\\/\\\/schema.org\",\"@graph\":[{\"@type\":\"Article\",\"@id\":\"https:\\\/\\\/infopba247.com.ar\\\/index.php\\\/2026\\\/01\\\/02\\\/la-provincia-creo-un-regimen-de-compensaciones-para-sostener-el-transporte-del-amba\\\/#article\",\"isPartOf\":{\"@id\":\"https:\\\/\\\/infopba247.com.ar\\\/index.php\\\/2026\\\/01\\\/02\\\/la-provincia-creo-un-regimen-de-compensaciones-para-sostener-el-transporte-del-amba\\\/\"},\"author\":{\"name\":\"Editor\",\"@id\":\"https:\\\/\\\/infopba247.com.ar\\\/#\\\/schema\\\/person\\\/4975f1343a413e57bf839b3eed0099f2\"},\"headline\":\"La Provincia cre\u00f3 un r\u00e9gimen de compensaciones para sostener el transporte del AMBA\",\"datePublished\":\"2026-01-02T17:28:14+00:00\",\"dateModified\":\"2026-01-05T17:29:15+00:00\",\"mainEntityOfPage\":{\"@id\":\"https:\\\/\\\/infopba247.com.ar\\\/index.php\\\/2026\\\/01\\\/02\\\/la-provincia-creo-un-regimen-de-compensaciones-para-sostener-el-transporte-del-amba\\\/\"},\"wordCount\":458,\"commentCount\":0,\"publisher\":{\"@id\":\"https:\\\/\\\/infopba247.com.ar\\\/#organization\"},\"image\":{\"@id\":\"https:\\\/\\\/infopba247.com.ar\\\/index.php\\\/2026\\\/01\\\/02\\\/la-provincia-creo-un-regimen-de-compensaciones-para-sostener-el-transporte-del-amba\\\/#primaryimage\"},\"thumbnailUrl\":\"https:\\\/\\\/infopba247.com.ar\\\/wp-content\\\/uploads\\\/2026\\\/01\\\/paro-colectivos-gremio-pasajerosjpg-16-800x445-1.jpg\",\"articleSection\":[\"Inter\u00e9s General\"],\"inLanguage\":\"es\",\"potentialAction\":[{\"@type\":\"CommentAction\",\"name\":\"Comment\",\"target\":[\"https:\\\/\\\/infopba247.com.ar\\\/index.php\\\/2026\\\/01\\\/02\\\/la-provincia-creo-un-regimen-de-compensaciones-para-sostener-el-transporte-del-amba\\\/#respond\"]}]},{\"@type\":\"WebPage\",\"@id\":\"https:\\\/\\\/infopba247.com.ar\\\/index.php\\\/2026\\\/01\\\/02\\\/la-provincia-creo-un-regimen-de-compensaciones-para-sostener-el-transporte-del-amba\\\/\",\"url\":\"https:\\\/\\\/infopba247.com.ar\\\/index.php\\\/2026\\\/01\\\/02\\\/la-provincia-creo-un-regimen-de-compensaciones-para-sostener-el-transporte-del-amba\\\/\",\"name\":\"La Provincia cre\u00f3 un r\u00e9gimen de compensaciones para sostener el transporte del AMBA - InfoPBA247\",\"isPartOf\":{\"@id\":\"https:\\\/\\\/infopba247.com.ar\\\/#website\"},\"primaryImageOfPage\":{\"@id\":\"https:\\\/\\\/infopba247.com.ar\\\/index.php\\\/2026\\\/01\\\/02\\\/la-provincia-creo-un-regimen-de-compensaciones-para-sostener-el-transporte-del-amba\\\/#primaryimage\"},\"image\":{\"@id\":\"https:\\\/\\\/infopba247.com.ar\\\/index.php\\\/2026\\\/01\\\/02\\\/la-provincia-creo-un-regimen-de-compensaciones-para-sostener-el-transporte-del-amba\\\/#primaryimage\"},\"thumbnailUrl\":\"https:\\\/\\\/infopba247.com.ar\\\/wp-content\\\/uploads\\\/2026\\\/01\\\/paro-colectivos-gremio-pasajerosjpg-16-800x445-1.jpg\",\"datePublished\":\"2026-01-02T17:28:14+00:00\",\"dateModified\":\"2026-01-05T17:29:15+00:00\",\"breadcrumb\":{\"@id\":\"https:\\\/\\\/infopba247.com.ar\\\/index.php\\\/2026\\\/01\\\/02\\\/la-provincia-creo-un-regimen-de-compensaciones-para-sostener-el-transporte-del-amba\\\/#breadcrumb\"},\"inLanguage\":\"es\",\"potentialAction\":[{\"@type\":\"ReadAction\",\"target\":[\"https:\\\/\\\/infopba247.com.ar\\\/index.php\\\/2026\\\/01\\\/02\\\/la-provincia-creo-un-regimen-de-compensaciones-para-sostener-el-transporte-del-amba\\\/\"]}]},{\"@type\":\"ImageObject\",\"inLanguage\":\"es\",\"@id\":\"https:\\\/\\\/infopba247.com.ar\\\/index.php\\\/2026\\\/01\\\/02\\\/la-provincia-creo-un-regimen-de-compensaciones-para-sostener-el-transporte-del-amba\\\/#primaryimage\",\"url\":\"https:\\\/\\\/infopba247.com.ar\\\/wp-content\\\/uploads\\\/2026\\\/01\\\/paro-colectivos-gremio-pasajerosjpg-16-800x445-1.jpg\",\"contentUrl\":\"https:\\\/\\\/infopba247.com.ar\\\/wp-content\\\/uploads\\\/2026\\\/01\\\/paro-colectivos-gremio-pasajerosjpg-16-800x445-1.jpg\",\"width\":800,\"height\":445},{\"@type\":\"BreadcrumbList\",\"@id\":\"https:\\\/\\\/infopba247.com.ar\\\/index.php\\\/2026\\\/01\\\/02\\\/la-provincia-creo-un-regimen-de-compensaciones-para-sostener-el-transporte-del-amba\\\/#breadcrumb\",\"itemListElement\":[{\"@type\":\"ListItem\",\"position\":1,\"name\":\"Portada\",\"item\":\"https:\\\/\\\/infopba247.com.ar\\\/\"},{\"@type\":\"ListItem\",\"position\":2,\"name\":\"La Provincia cre\u00f3 un r\u00e9gimen de compensaciones para sostener el transporte del AMBA\"}]},{\"@type\":\"WebSite\",\"@id\":\"https:\\\/\\\/infopba247.com.ar\\\/#website\",\"url\":\"https:\\\/\\\/infopba247.com.ar\\\/\",\"name\":\"InfoPBA247\",\"description\":\"Toda la actualidad bonaerense\",\"publisher\":{\"@id\":\"https:\\\/\\\/infopba247.com.ar\\\/#organization\"},\"potentialAction\":[{\"@type\":\"SearchAction\",\"target\":{\"@type\":\"EntryPoint\",\"urlTemplate\":\"https:\\\/\\\/infopba247.com.ar\\\/?s={search_term_string}\"},\"query-input\":{\"@type\":\"PropertyValueSpecification\",\"valueRequired\":true,\"valueName\":\"search_term_string\"}}],\"inLanguage\":\"es\"},{\"@type\":\"Organization\",\"@id\":\"https:\\\/\\\/infopba247.com.ar\\\/#organization\",\"name\":\"InfoPBA247\",\"url\":\"https:\\\/\\\/infopba247.com.ar\\\/\",\"logo\":{\"@type\":\"ImageObject\",\"inLanguage\":\"es\",\"@id\":\"https:\\\/\\\/infopba247.com.ar\\\/#\\\/schema\\\/logo\\\/image\\\/\",\"url\":\"https:\\\/\\\/infopba247.com.ar\\\/wp-content\\\/uploads\\\/2022\\\/03\\\/cropped-InfoPBA247-1.png\",\"contentUrl\":\"https:\\\/\\\/infopba247.com.ar\\\/wp-content\\\/uploads\\\/2022\\\/03\\\/cropped-InfoPBA247-1.png\",\"width\":500,\"height\":122,\"caption\":\"InfoPBA247\"},\"image\":{\"@id\":\"https:\\\/\\\/infopba247.com.ar\\\/#\\\/schema\\\/logo\\\/image\\\/\"},\"sameAs\":[\"https:\\\/\\\/www.facebook.com\\\/InfoPBA\"]},{\"@type\":\"Person\",\"@id\":\"https:\\\/\\\/infopba247.com.ar\\\/#\\\/schema\\\/person\\\/4975f1343a413e57bf839b3eed0099f2\",\"name\":\"Editor\",\"image\":{\"@type\":\"ImageObject\",\"inLanguage\":\"es\",\"@id\":\"https:\\\/\\\/secure.gravatar.com\\\/avatar\\\/d27fe9520667ca53441d36627a1d6b0fa4a813571ec4803687a7a3a7744685ac?s=96&d=mm&r=g\",\"url\":\"https:\\\/\\\/secure.gravatar.com\\\/avatar\\\/d27fe9520667ca53441d36627a1d6b0fa4a813571ec4803687a7a3a7744685ac?s=96&d=mm&r=g\",\"contentUrl\":\"https:\\\/\\\/secure.gravatar.com\\\/avatar\\\/d27fe9520667ca53441d36627a1d6b0fa4a813571ec4803687a7a3a7744685ac?s=96&d=mm&r=g\",\"caption\":\"Editor\"},\"url\":\"https:\\\/\\\/infopba247.com.ar\\\/index.php\\\/author\\\/editor\\\/\"}]}<\/script>\n<!-- \/ Yoast SEO plugin. -->","yoast_head_json":{"title":"La Provincia cre\u00f3 un r\u00e9gimen de compensaciones para sostener el transporte del AMBA - InfoPBA247","robots":{"index":"index","follow":"follow","max-snippet":"max-snippet:-1","max-image-preview":"max-image-preview:large","max-video-preview":"max-video-preview:-1"},"canonical":"https:\/\/infopba247.com.ar\/index.php\/2026\/01\/02\/la-provincia-creo-un-regimen-de-compensaciones-para-sostener-el-transporte-del-amba\/","og_locale":"es_ES","og_type":"article","og_title":"La Provincia cre\u00f3 un r\u00e9gimen de compensaciones para sostener el transporte del AMBA - InfoPBA247","og_description":"En medio del recorte de subsidios nacionales y del reordenamiento del esquema de financiamiento del transporte, el Gobierno de la","og_url":"https:\/\/infopba247.com.ar\/index.php\/2026\/01\/02\/la-provincia-creo-un-regimen-de-compensaciones-para-sostener-el-transporte-del-amba\/","og_site_name":"InfoPBA247","article_publisher":"https:\/\/www.facebook.com\/InfoPBA","article_published_time":"2026-01-02T17:28:14+00:00","article_modified_time":"2026-01-05T17:29:15+00:00","og_image":[{"width":800,"height":445,"url":"https:\/\/infopba247.com.ar\/wp-content\/uploads\/2026\/01\/paro-colectivos-gremio-pasajerosjpg-16-800x445-1.jpg","type":"image\/jpeg"}],"author":"Editor","twitter_card":"summary_large_image","twitter_misc":{"Escrito por":"Editor","Tiempo de lectura":"3 minutos"},"schema":{"@context":"https:\/\/schema.org","@graph":[{"@type":"Article","@id":"https:\/\/infopba247.com.ar\/index.php\/2026\/01\/02\/la-provincia-creo-un-regimen-de-compensaciones-para-sostener-el-transporte-del-amba\/#article","isPartOf":{"@id":"https:\/\/infopba247.com.ar\/index.php\/2026\/01\/02\/la-provincia-creo-un-regimen-de-compensaciones-para-sostener-el-transporte-del-amba\/"},"author":{"name":"Editor","@id":"https:\/\/infopba247.com.ar\/#\/schema\/person\/4975f1343a413e57bf839b3eed0099f2"},"headline":"La Provincia cre\u00f3 un r\u00e9gimen de compensaciones para sostener el transporte del AMBA","datePublished":"2026-01-02T17:28:14+00:00","dateModified":"2026-01-05T17:29:15+00:00","mainEntityOfPage":{"@id":"https:\/\/infopba247.com.ar\/index.php\/2026\/01\/02\/la-provincia-creo-un-regimen-de-compensaciones-para-sostener-el-transporte-del-amba\/"},"wordCount":458,"commentCount":0,"publisher":{"@id":"https:\/\/infopba247.com.ar\/#organization"},"image":{"@id":"https:\/\/infopba247.com.ar\/index.php\/2026\/01\/02\/la-provincia-creo-un-regimen-de-compensaciones-para-sostener-el-transporte-del-amba\/#primaryimage"},"thumbnailUrl":"https:\/\/infopba247.com.ar\/wp-content\/uploads\/2026\/01\/paro-colectivos-gremio-pasajerosjpg-16-800x445-1.jpg","articleSection":["Inter\u00e9s General"],"inLanguage":"es","potentialAction":[{"@type":"CommentAction","name":"Comment","target":["https:\/\/infopba247.com.ar\/index.php\/2026\/01\/02\/la-provincia-creo-un-regimen-de-compensaciones-para-sostener-el-transporte-del-amba\/#respond"]}]},{"@type":"WebPage","@id":"https:\/\/infopba247.com.ar\/index.php\/2026\/01\/02\/la-provincia-creo-un-regimen-de-compensaciones-para-sostener-el-transporte-del-amba\/","url":"https:\/\/infopba247.com.ar\/index.php\/2026\/01\/02\/la-provincia-creo-un-regimen-de-compensaciones-para-sostener-el-transporte-del-amba\/","name":"La Provincia cre\u00f3 un r\u00e9gimen de compensaciones para sostener el transporte del AMBA - InfoPBA247","isPartOf":{"@id":"https:\/\/infopba247.com.ar\/#website"},"primaryImageOfPage":{"@id":"https:\/\/infopba247.com.ar\/index.php\/2026\/01\/02\/la-provincia-creo-un-regimen-de-compensaciones-para-sostener-el-transporte-del-amba\/#primaryimage"},"image":{"@id":"https:\/\/infopba247.com.ar\/index.php\/2026\/01\/02\/la-provincia-creo-un-regimen-de-compensaciones-para-sostener-el-transporte-del-amba\/#primaryimage"},"thumbnailUrl":"https:\/\/infopba247.com.ar\/wp-content\/uploads\/2026\/01\/paro-colectivos-gremio-pasajerosjpg-16-800x445-1.jpg","datePublished":"2026-01-02T17:28:14+00:00","dateModified":"2026-01-05T17:29:15+00:00","breadcrumb":{"@id":"https:\/\/infopba247.com.ar\/index.php\/2026\/01\/02\/la-provincia-creo-un-regimen-de-compensaciones-para-sostener-el-transporte-del-amba\/#breadcrumb"},"inLanguage":"es","potentialAction":[{"@type":"ReadAction","target":["https:\/\/infopba247.com.ar\/index.php\/2026\/01\/02\/la-provincia-creo-un-regimen-de-compensaciones-para-sostener-el-transporte-del-amba\/"]}]},{"@type":"ImageObject","inLanguage":"es","@id":"https:\/\/infopba247.com.ar\/index.php\/2026\/01\/02\/la-provincia-creo-un-regimen-de-compensaciones-para-sostener-el-transporte-del-amba\/#primaryimage","url":"https:\/\/infopba247.com.ar\/wp-content\/uploads\/2026\/01\/paro-colectivos-gremio-pasajerosjpg-16-800x445-1.jpg","contentUrl":"https:\/\/infopba247.com.ar\/wp-content\/uploads\/2026\/01\/paro-colectivos-gremio-pasajerosjpg-16-800x445-1.jpg","width":800,"height":445},{"@type":"BreadcrumbList","@id":"https:\/\/infopba247.com.ar\/index.php\/2026\/01\/02\/la-provincia-creo-un-regimen-de-compensaciones-para-sostener-el-transporte-del-amba\/#breadcrumb","itemListElement":[{"@type":"ListItem","position":1,"name":"Portada","item":"https:\/\/infopba247.com.ar\/"},{"@type":"ListItem","position":2,"name":"La Provincia cre\u00f3 un r\u00e9gimen de compensaciones para sostener el transporte del AMBA"}]},{"@type":"WebSite","@id":"https:\/\/infopba247.com.ar\/#website","url":"https:\/\/infopba247.com.ar\/","name":"InfoPBA247","description":"Toda la actualidad bonaerense","publisher":{"@id":"https:\/\/infopba247.com.ar\/#organization"},"potentialAction":[{"@type":"SearchAction","target":{"@type":"EntryPoint","urlTemplate":"https:\/\/infopba247.com.ar\/?s={search_term_string}"},"query-input":{"@type":"PropertyValueSpecification","valueRequired":true,"valueName":"search_term_string"}}],"inLanguage":"es"},{"@type":"Organization","@id":"https:\/\/infopba247.com.ar\/#organization","name":"InfoPBA247","url":"https:\/\/infopba247.com.ar\/","logo":{"@type":"ImageObject","inLanguage":"es","@id":"https:\/\/infopba247.com.ar\/#\/schema\/logo\/image\/","url":"https:\/\/infopba247.com.ar\/wp-content\/uploads\/2022\/03\/cropped-InfoPBA247-1.png","contentUrl":"https:\/\/infopba247.com.ar\/wp-content\/uploads\/2022\/03\/cropped-InfoPBA247-1.png","width":500,"height":122,"caption":"InfoPBA247"},"image":{"@id":"https:\/\/infopba247.com.ar\/#\/schema\/logo\/image\/"},"sameAs":["https:\/\/www.facebook.com\/InfoPBA"]},{"@type":"Person","@id":"https:\/\/infopba247.com.ar\/#\/schema\/person\/4975f1343a413e57bf839b3eed0099f2","name":"Editor","image":{"@type":"ImageObject","inLanguage":"es","@id":"https:\/\/secure.gravatar.com\/avatar\/d27fe9520667ca53441d36627a1d6b0fa4a813571ec4803687a7a3a7744685ac?s=96&d=mm&r=g","url":"https:\/\/secure.gravatar.com\/avatar\/d27fe9520667ca53441d36627a1d6b0fa4a813571ec4803687a7a3a7744685ac?s=96&d=mm&r=g","contentUrl":"https:\/\/secure.gravatar.com\/avatar\/d27fe9520667ca53441d36627a1d6b0fa4a813571ec4803687a7a3a7744685ac?s=96&d=mm&r=g","caption":"Editor"},"url":"https:\/\/infopba247.com.ar\/index.php\/author\/editor\/"}]}},"_links":{"self":[{"href":"https:\/\/infopba247.com.ar\/index.php\/wp-json\/wp\/v2\/posts\/8683","targetHints":{"allow":["GET"]}}],"collection":[{"href":"https:\/\/infopba247.com.ar\/index.php\/wp-json\/wp\/v2\/posts"}],"about":[{"href":"https:\/\/infopba247.com.ar\/index.php\/wp-json\/wp\/v2\/types\/post"}],"author":[{"embeddable":true,"href":"https:\/\/infopba247.com.ar\/index.php\/wp-json\/wp\/v2\/users\/3"}],"replies":[{"embeddable":true,"href":"https:\/\/infopba247.com.ar\/index.php\/wp-json\/wp\/v2\/comments?post=8683"}],"version-history":[{"count":1,"href":"https:\/\/infopba247.com.ar\/index.php\/wp-json\/wp\/v2\/posts\/8683\/revisions"}],"predecessor-version":[{"id":8685,"href":"https:\/\/infopba247.com.ar\/index.php\/wp-json\/wp\/v2\/posts\/8683\/revisions\/8685"}],"wp:featuredmedia":[{"embeddable":true,"href":"https:\/\/infopba247.com.ar\/index.php\/wp-json\/wp\/v2\/media\/8684"}],"wp:attachment":[{"href":"https:\/\/infopba247.com.ar\/index.php\/wp-json\/wp\/v2\/media?parent=8683"}],"wp:term":[{"taxonomy":"category","embeddable":true,"href":"https:\/\/infopba247.com.ar\/index.php\/wp-json\/wp\/v2\/categories?post=8683"},{"taxonomy":"post_tag","embeddable":true,"href":"https:\/\/infopba247.com.ar\/index.php\/wp-json\/wp\/v2\/tags?post=8683"}],"curies":[{"name":"wp","href":"https:\/\/api.w.org\/{rel}","templated":true}]}}