{"id":8658,"date":"2025-12-26T08:56:00","date_gmt":"2025-12-26T11:56:00","guid":{"rendered":"https:\/\/infopba247.com.ar\/?p=8658"},"modified":"2025-12-26T14:52:57","modified_gmt":"2025-12-26T17:52:57","slug":"se-inauguro-la-plazoleta-18-de-agosto-en-el-barrio-santa-elena","status":"publish","type":"post","link":"https:\/\/infopba247.com.ar\/index.php\/2025\/12\/26\/se-inauguro-la-plazoleta-18-de-agosto-en-el-barrio-santa-elena\/","title":{"rendered":"Se inaugur\u00f3 la Plazoleta 18 de Agosto en el barrio Santa Elena"},"content":{"rendered":"\n<p>Fue construido a trav\u00e9s de inversi\u00f3n municipal y cuenta con luminarias LED, veredas, mobiliario urbano, m\u00e1stil y parquizaci\u00f3n<\/p>\n\n\n\n<p>El Municipio de Moreno, conducido por la intendenta Mariel Fern\u00e1ndez, inaugur\u00f3 la Plazoleta 18 de Agosto en el barrio Santa Elena, una obra realizada con inversi\u00f3n municipal que pone en valor el espacio p\u00fablico y promueve el encuentro comunitario.<\/p>\n\n\n\n<p>La nueva plazoleta est\u00e1 ubicada sobre la calle Mendoza, a la vera del arroyo Los Perros, y cuenta con luminarias LED, veredas, mobiliario urbano, m\u00e1stil y trabajos de parquizaci\u00f3n. Adem\u00e1s, se incorpor\u00f3 un sector destinado a la pr\u00e1ctica recreativa de v\u00f3ley, ampliando las posibilidades de uso para vecinas y vecinos de todas las edades.<\/p>\n\n\n\n<p>En el marco de la intervenci\u00f3n integral, tambi\u00e9n se realizaron tareas de perfilado del suelo, limpieza del arroyo y construcci\u00f3n de bocas de tormenta, lo que permite optimizar la circulaci\u00f3n del agua, mejorar el drenaje y fortalecer el sistema pluvial del barrio mediante su conexi\u00f3n con el arroyo.<\/p>\n\n\n\n<p>Asimismo, se avanz\u00f3 con nuevos trabajos de asfaltado hasta el Centro Comunitario Municipal Santa Elena, mejorando la conectividad, el tr\u00e1nsito y el acceso a los servicios.<\/p>\n\n\n\n<p>Participaron de la jornada de puesta en valor, el presidente del Concejo Deliberante, Emmanuel Fern\u00e1ndez; la secretaria de Obras y Servicios P\u00fablicos, Mar\u00eda Gim\u00e9nez; la diputada provincial, Noelia Saavedra; vecinas y vecinos.<\/p>\n\n\n\n<p>Con estas obras, el Gobierno local contin\u00faa reafirmando su compromiso con el fortalecimiento del acceso a espacios p\u00fablicos de calidad fundamentales para el desarrollo comunitario y la construcci\u00f3n de ciudadan\u00eda.<\/p>\n","protected":false},"excerpt":{"rendered":"<p>Fue construido a trav\u00e9s de inversi\u00f3n municipal y cuenta con luminarias LED, veredas, mobiliario urbano, m\u00e1stil y parquizaci\u00f3n El Municipio<\/p>\n","protected":false},"author":3,"featured_media":8656,"comment_status":"open","ping_status":"open","sticky":false,"template":"","format":"standard","meta":{"colormag_page_container_layout":"default_layout","colormag_page_sidebar_layout":"default_layout","footnotes":""},"categories":[5,1,14],"tags":[],"class_list":["post-8658","post","type-post","status-publish","format-standard","has-post-thumbnail","hentry","category-1ra-seccion","category-destacadas","category-politica"],"yoast_head":"<!-- This site is optimized with the Yoast SEO plugin v27.5 - https:\/\/yoast.com\/product\/yoast-seo-wordpress\/ -->\n<title>Se inaugur\u00f3 la Plazoleta 18 de Agosto en el barrio Santa Elena - InfoPBA247<\/title>\n<meta name=\"robots\" content=\"index, follow, max-snippet:-1, max-image-preview:large, max-video-preview:-1\" \/>\n<link rel=\"canonical\" href=\"https:\/\/infopba247.com.ar\/index.php\/2025\/12\/26\/se-inauguro-la-plazoleta-18-de-agosto-en-el-barrio-santa-elena\/\" \/>\n<meta property=\"og:locale\" content=\"es_ES\" \/>\n<meta property=\"og:type\" content=\"article\" \/>\n<meta property=\"og:title\" content=\"Se inaugur\u00f3 la Plazoleta 18 de Agosto en el barrio Santa Elena - InfoPBA247\" \/>\n<meta property=\"og:description\" content=\"Fue construido a trav\u00e9s de inversi\u00f3n municipal y cuenta con luminarias LED, veredas, mobiliario urbano, m\u00e1stil y parquizaci\u00f3n El Municipio\" \/>\n<meta property=\"og:url\" content=\"https:\/\/infopba247.com.ar\/index.php\/2025\/12\/26\/se-inauguro-la-plazoleta-18-de-agosto-en-el-barrio-santa-elena\/\" \/>\n<meta property=\"og:site_name\" content=\"InfoPBA247\" \/>\n<meta property=\"article:publisher\" content=\"https:\/\/www.facebook.com\/InfoPBA\" \/>\n<meta property=\"article:published_time\" content=\"2025-12-26T11:56:00+00:00\" \/>\n<meta property=\"article:modified_time\" content=\"2025-12-26T17:52:57+00:00\" \/>\n<meta property=\"og:image\" content=\"https:\/\/infopba247.com.ar\/wp-content\/uploads\/2025\/12\/4-4-scaled.jpg\" \/>\n\t<meta property=\"og:image:width\" content=\"2560\" \/>\n\t<meta property=\"og:image:height\" content=\"1440\" \/>\n\t<meta property=\"og:image:type\" content=\"image\/jpeg\" \/>\n<meta name=\"author\" content=\"Editor\" \/>\n<meta name=\"twitter:card\" content=\"summary_large_image\" \/>\n<meta name=\"twitter:label1\" content=\"Escrito por\" \/>\n\t<meta name=\"twitter:data1\" content=\"Editor\" \/>\n\t<meta name=\"twitter:label2\" content=\"Tiempo de lectura\" \/>\n\t<meta name=\"twitter:data2\" content=\"2 minutos\" \/>\n<script type=\"application\/ld+json\" class=\"yoast-schema-graph\">{\"@context\":\"https:\\\/\\\/schema.org\",\"@graph\":[{\"@type\":\"Article\",\"@id\":\"https:\\\/\\\/infopba247.com.ar\\\/index.php\\\/2025\\\/12\\\/26\\\/se-inauguro-la-plazoleta-18-de-agosto-en-el-barrio-santa-elena\\\/#article\",\"isPartOf\":{\"@id\":\"https:\\\/\\\/infopba247.com.ar\\\/index.php\\\/2025\\\/12\\\/26\\\/se-inauguro-la-plazoleta-18-de-agosto-en-el-barrio-santa-elena\\\/\"},\"author\":{\"name\":\"Editor\",\"@id\":\"https:\\\/\\\/infopba247.com.ar\\\/#\\\/schema\\\/person\\\/4975f1343a413e57bf839b3eed0099f2\"},\"headline\":\"Se inaugur\u00f3 la Plazoleta 18 de Agosto en el barrio Santa Elena\",\"datePublished\":\"2025-12-26T11:56:00+00:00\",\"dateModified\":\"2025-12-26T17:52:57+00:00\",\"mainEntityOfPage\":{\"@id\":\"https:\\\/\\\/infopba247.com.ar\\\/index.php\\\/2025\\\/12\\\/26\\\/se-inauguro-la-plazoleta-18-de-agosto-en-el-barrio-santa-elena\\\/\"},\"wordCount\":283,\"commentCount\":0,\"publisher\":{\"@id\":\"https:\\\/\\\/infopba247.com.ar\\\/#organization\"},\"image\":{\"@id\":\"https:\\\/\\\/infopba247.com.ar\\\/index.php\\\/2025\\\/12\\\/26\\\/se-inauguro-la-plazoleta-18-de-agosto-en-el-barrio-santa-elena\\\/#primaryimage\"},\"thumbnailUrl\":\"https:\\\/\\\/infopba247.com.ar\\\/wp-content\\\/uploads\\\/2025\\\/12\\\/4-4-scaled.jpg\",\"articleSection\":[\"1ra Secci\u00f3n\",\"Destacadas\",\"Pol\u00edtica\"],\"inLanguage\":\"es\",\"potentialAction\":[{\"@type\":\"CommentAction\",\"name\":\"Comment\",\"target\":[\"https:\\\/\\\/infopba247.com.ar\\\/index.php\\\/2025\\\/12\\\/26\\\/se-inauguro-la-plazoleta-18-de-agosto-en-el-barrio-santa-elena\\\/#respond\"]}]},{\"@type\":\"WebPage\",\"@id\":\"https:\\\/\\\/infopba247.com.ar\\\/index.php\\\/2025\\\/12\\\/26\\\/se-inauguro-la-plazoleta-18-de-agosto-en-el-barrio-santa-elena\\\/\",\"url\":\"https:\\\/\\\/infopba247.com.ar\\\/index.php\\\/2025\\\/12\\\/26\\\/se-inauguro-la-plazoleta-18-de-agosto-en-el-barrio-santa-elena\\\/\",\"name\":\"Se inaugur\u00f3 la Plazoleta 18 de Agosto en el barrio Santa Elena - InfoPBA247\",\"isPartOf\":{\"@id\":\"https:\\\/\\\/infopba247.com.ar\\\/#website\"},\"primaryImageOfPage\":{\"@id\":\"https:\\\/\\\/infopba247.com.ar\\\/index.php\\\/2025\\\/12\\\/26\\\/se-inauguro-la-plazoleta-18-de-agosto-en-el-barrio-santa-elena\\\/#primaryimage\"},\"image\":{\"@id\":\"https:\\\/\\\/infopba247.com.ar\\\/index.php\\\/2025\\\/12\\\/26\\\/se-inauguro-la-plazoleta-18-de-agosto-en-el-barrio-santa-elena\\\/#primaryimage\"},\"thumbnailUrl\":\"https:\\\/\\\/infopba247.com.ar\\\/wp-content\\\/uploads\\\/2025\\\/12\\\/4-4-scaled.jpg\",\"datePublished\":\"2025-12-26T11:56:00+00:00\",\"dateModified\":\"2025-12-26T17:52:57+00:00\",\"breadcrumb\":{\"@id\":\"https:\\\/\\\/infopba247.com.ar\\\/index.php\\\/2025\\\/12\\\/26\\\/se-inauguro-la-plazoleta-18-de-agosto-en-el-barrio-santa-elena\\\/#breadcrumb\"},\"inLanguage\":\"es\",\"potentialAction\":[{\"@type\":\"ReadAction\",\"target\":[\"https:\\\/\\\/infopba247.com.ar\\\/index.php\\\/2025\\\/12\\\/26\\\/se-inauguro-la-plazoleta-18-de-agosto-en-el-barrio-santa-elena\\\/\"]}]},{\"@type\":\"ImageObject\",\"inLanguage\":\"es\",\"@id\":\"https:\\\/\\\/infopba247.com.ar\\\/index.php\\\/2025\\\/12\\\/26\\\/se-inauguro-la-plazoleta-18-de-agosto-en-el-barrio-santa-elena\\\/#primaryimage\",\"url\":\"https:\\\/\\\/infopba247.com.ar\\\/wp-content\\\/uploads\\\/2025\\\/12\\\/4-4-scaled.jpg\",\"contentUrl\":\"https:\\\/\\\/infopba247.com.ar\\\/wp-content\\\/uploads\\\/2025\\\/12\\\/4-4-scaled.jpg\",\"width\":2560,\"height\":1440},{\"@type\":\"BreadcrumbList\",\"@id\":\"https:\\\/\\\/infopba247.com.ar\\\/index.php\\\/2025\\\/12\\\/26\\\/se-inauguro-la-plazoleta-18-de-agosto-en-el-barrio-santa-elena\\\/#breadcrumb\",\"itemListElement\":[{\"@type\":\"ListItem\",\"position\":1,\"name\":\"Portada\",\"item\":\"https:\\\/\\\/infopba247.com.ar\\\/\"},{\"@type\":\"ListItem\",\"position\":2,\"name\":\"Se inaugur\u00f3 la Plazoleta 18 de Agosto en el barrio Santa Elena\"}]},{\"@type\":\"WebSite\",\"@id\":\"https:\\\/\\\/infopba247.com.ar\\\/#website\",\"url\":\"https:\\\/\\\/infopba247.com.ar\\\/\",\"name\":\"InfoPBA247\",\"description\":\"Toda la actualidad bonaerense\",\"publisher\":{\"@id\":\"https:\\\/\\\/infopba247.com.ar\\\/#organization\"},\"potentialAction\":[{\"@type\":\"SearchAction\",\"target\":{\"@type\":\"EntryPoint\",\"urlTemplate\":\"https:\\\/\\\/infopba247.com.ar\\\/?s={search_term_string}\"},\"query-input\":{\"@type\":\"PropertyValueSpecification\",\"valueRequired\":true,\"valueName\":\"search_term_string\"}}],\"inLanguage\":\"es\"},{\"@type\":\"Organization\",\"@id\":\"https:\\\/\\\/infopba247.com.ar\\\/#organization\",\"name\":\"InfoPBA247\",\"url\":\"https:\\\/\\\/infopba247.com.ar\\\/\",\"logo\":{\"@type\":\"ImageObject\",\"inLanguage\":\"es\",\"@id\":\"https:\\\/\\\/infopba247.com.ar\\\/#\\\/schema\\\/logo\\\/image\\\/\",\"url\":\"https:\\\/\\\/infopba247.com.ar\\\/wp-content\\\/uploads\\\/2022\\\/03\\\/cropped-InfoPBA247-1.png\",\"contentUrl\":\"https:\\\/\\\/infopba247.com.ar\\\/wp-content\\\/uploads\\\/2022\\\/03\\\/cropped-InfoPBA247-1.png\",\"width\":500,\"height\":122,\"caption\":\"InfoPBA247\"},\"image\":{\"@id\":\"https:\\\/\\\/infopba247.com.ar\\\/#\\\/schema\\\/logo\\\/image\\\/\"},\"sameAs\":[\"https:\\\/\\\/www.facebook.com\\\/InfoPBA\"]},{\"@type\":\"Person\",\"@id\":\"https:\\\/\\\/infopba247.com.ar\\\/#\\\/schema\\\/person\\\/4975f1343a413e57bf839b3eed0099f2\",\"name\":\"Editor\",\"image\":{\"@type\":\"ImageObject\",\"inLanguage\":\"es\",\"@id\":\"https:\\\/\\\/secure.gravatar.com\\\/avatar\\\/d27fe9520667ca53441d36627a1d6b0fa4a813571ec4803687a7a3a7744685ac?s=96&d=mm&r=g\",\"url\":\"https:\\\/\\\/secure.gravatar.com\\\/avatar\\\/d27fe9520667ca53441d36627a1d6b0fa4a813571ec4803687a7a3a7744685ac?s=96&d=mm&r=g\",\"contentUrl\":\"https:\\\/\\\/secure.gravatar.com\\\/avatar\\\/d27fe9520667ca53441d36627a1d6b0fa4a813571ec4803687a7a3a7744685ac?s=96&d=mm&r=g\",\"caption\":\"Editor\"},\"url\":\"https:\\\/\\\/infopba247.com.ar\\\/index.php\\\/author\\\/editor\\\/\"}]}<\/script>\n<!-- \/ Yoast SEO plugin. -->","yoast_head_json":{"title":"Se inaugur\u00f3 la Plazoleta 18 de Agosto en el barrio Santa Elena - InfoPBA247","robots":{"index":"index","follow":"follow","max-snippet":"max-snippet:-1","max-image-preview":"max-image-preview:large","max-video-preview":"max-video-preview:-1"},"canonical":"https:\/\/infopba247.com.ar\/index.php\/2025\/12\/26\/se-inauguro-la-plazoleta-18-de-agosto-en-el-barrio-santa-elena\/","og_locale":"es_ES","og_type":"article","og_title":"Se inaugur\u00f3 la Plazoleta 18 de Agosto en el barrio Santa Elena - InfoPBA247","og_description":"Fue construido a trav\u00e9s de inversi\u00f3n municipal y cuenta con luminarias LED, veredas, mobiliario urbano, m\u00e1stil y parquizaci\u00f3n El Municipio","og_url":"https:\/\/infopba247.com.ar\/index.php\/2025\/12\/26\/se-inauguro-la-plazoleta-18-de-agosto-en-el-barrio-santa-elena\/","og_site_name":"InfoPBA247","article_publisher":"https:\/\/www.facebook.com\/InfoPBA","article_published_time":"2025-12-26T11:56:00+00:00","article_modified_time":"2025-12-26T17:52:57+00:00","og_image":[{"width":2560,"height":1440,"url":"https:\/\/infopba247.com.ar\/wp-content\/uploads\/2025\/12\/4-4-scaled.jpg","type":"image\/jpeg"}],"author":"Editor","twitter_card":"summary_large_image","twitter_misc":{"Escrito por":"Editor","Tiempo de lectura":"2 minutos"},"schema":{"@context":"https:\/\/schema.org","@graph":[{"@type":"Article","@id":"https:\/\/infopba247.com.ar\/index.php\/2025\/12\/26\/se-inauguro-la-plazoleta-18-de-agosto-en-el-barrio-santa-elena\/#article","isPartOf":{"@id":"https:\/\/infopba247.com.ar\/index.php\/2025\/12\/26\/se-inauguro-la-plazoleta-18-de-agosto-en-el-barrio-santa-elena\/"},"author":{"name":"Editor","@id":"https:\/\/infopba247.com.ar\/#\/schema\/person\/4975f1343a413e57bf839b3eed0099f2"},"headline":"Se inaugur\u00f3 la Plazoleta 18 de Agosto en el barrio Santa Elena","datePublished":"2025-12-26T11:56:00+00:00","dateModified":"2025-12-26T17:52:57+00:00","mainEntityOfPage":{"@id":"https:\/\/infopba247.com.ar\/index.php\/2025\/12\/26\/se-inauguro-la-plazoleta-18-de-agosto-en-el-barrio-santa-elena\/"},"wordCount":283,"commentCount":0,"publisher":{"@id":"https:\/\/infopba247.com.ar\/#organization"},"image":{"@id":"https:\/\/infopba247.com.ar\/index.php\/2025\/12\/26\/se-inauguro-la-plazoleta-18-de-agosto-en-el-barrio-santa-elena\/#primaryimage"},"thumbnailUrl":"https:\/\/infopba247.com.ar\/wp-content\/uploads\/2025\/12\/4-4-scaled.jpg","articleSection":["1ra Secci\u00f3n","Destacadas","Pol\u00edtica"],"inLanguage":"es","potentialAction":[{"@type":"CommentAction","name":"Comment","target":["https:\/\/infopba247.com.ar\/index.php\/2025\/12\/26\/se-inauguro-la-plazoleta-18-de-agosto-en-el-barrio-santa-elena\/#respond"]}]},{"@type":"WebPage","@id":"https:\/\/infopba247.com.ar\/index.php\/2025\/12\/26\/se-inauguro-la-plazoleta-18-de-agosto-en-el-barrio-santa-elena\/","url":"https:\/\/infopba247.com.ar\/index.php\/2025\/12\/26\/se-inauguro-la-plazoleta-18-de-agosto-en-el-barrio-santa-elena\/","name":"Se inaugur\u00f3 la Plazoleta 18 de Agosto en el barrio Santa Elena - InfoPBA247","isPartOf":{"@id":"https:\/\/infopba247.com.ar\/#website"},"primaryImageOfPage":{"@id":"https:\/\/infopba247.com.ar\/index.php\/2025\/12\/26\/se-inauguro-la-plazoleta-18-de-agosto-en-el-barrio-santa-elena\/#primaryimage"},"image":{"@id":"https:\/\/infopba247.com.ar\/index.php\/2025\/12\/26\/se-inauguro-la-plazoleta-18-de-agosto-en-el-barrio-santa-elena\/#primaryimage"},"thumbnailUrl":"https:\/\/infopba247.com.ar\/wp-content\/uploads\/2025\/12\/4-4-scaled.jpg","datePublished":"2025-12-26T11:56:00+00:00","dateModified":"2025-12-26T17:52:57+00:00","breadcrumb":{"@id":"https:\/\/infopba247.com.ar\/index.php\/2025\/12\/26\/se-inauguro-la-plazoleta-18-de-agosto-en-el-barrio-santa-elena\/#breadcrumb"},"inLanguage":"es","potentialAction":[{"@type":"ReadAction","target":["https:\/\/infopba247.com.ar\/index.php\/2025\/12\/26\/se-inauguro-la-plazoleta-18-de-agosto-en-el-barrio-santa-elena\/"]}]},{"@type":"ImageObject","inLanguage":"es","@id":"https:\/\/infopba247.com.ar\/index.php\/2025\/12\/26\/se-inauguro-la-plazoleta-18-de-agosto-en-el-barrio-santa-elena\/#primaryimage","url":"https:\/\/infopba247.com.ar\/wp-content\/uploads\/2025\/12\/4-4-scaled.jpg","contentUrl":"https:\/\/infopba247.com.ar\/wp-content\/uploads\/2025\/12\/4-4-scaled.jpg","width":2560,"height":1440},{"@type":"BreadcrumbList","@id":"https:\/\/infopba247.com.ar\/index.php\/2025\/12\/26\/se-inauguro-la-plazoleta-18-de-agosto-en-el-barrio-santa-elena\/#breadcrumb","itemListElement":[{"@type":"ListItem","position":1,"name":"Portada","item":"https:\/\/infopba247.com.ar\/"},{"@type":"ListItem","position":2,"name":"Se inaugur\u00f3 la Plazoleta 18 de Agosto en el barrio Santa Elena"}]},{"@type":"WebSite","@id":"https:\/\/infopba247.com.ar\/#website","url":"https:\/\/infopba247.com.ar\/","name":"InfoPBA247","description":"Toda la actualidad bonaerense","publisher":{"@id":"https:\/\/infopba247.com.ar\/#organization"},"potentialAction":[{"@type":"SearchAction","target":{"@type":"EntryPoint","urlTemplate":"https:\/\/infopba247.com.ar\/?s={search_term_string}"},"query-input":{"@type":"PropertyValueSpecification","valueRequired":true,"valueName":"search_term_string"}}],"inLanguage":"es"},{"@type":"Organization","@id":"https:\/\/infopba247.com.ar\/#organization","name":"InfoPBA247","url":"https:\/\/infopba247.com.ar\/","logo":{"@type":"ImageObject","inLanguage":"es","@id":"https:\/\/infopba247.com.ar\/#\/schema\/logo\/image\/","url":"https:\/\/infopba247.com.ar\/wp-content\/uploads\/2022\/03\/cropped-InfoPBA247-1.png","contentUrl":"https:\/\/infopba247.com.ar\/wp-content\/uploads\/2022\/03\/cropped-InfoPBA247-1.png","width":500,"height":122,"caption":"InfoPBA247"},"image":{"@id":"https:\/\/infopba247.com.ar\/#\/schema\/logo\/image\/"},"sameAs":["https:\/\/www.facebook.com\/InfoPBA"]},{"@type":"Person","@id":"https:\/\/infopba247.com.ar\/#\/schema\/person\/4975f1343a413e57bf839b3eed0099f2","name":"Editor","image":{"@type":"ImageObject","inLanguage":"es","@id":"https:\/\/secure.gravatar.com\/avatar\/d27fe9520667ca53441d36627a1d6b0fa4a813571ec4803687a7a3a7744685ac?s=96&d=mm&r=g","url":"https:\/\/secure.gravatar.com\/avatar\/d27fe9520667ca53441d36627a1d6b0fa4a813571ec4803687a7a3a7744685ac?s=96&d=mm&r=g","contentUrl":"https:\/\/secure.gravatar.com\/avatar\/d27fe9520667ca53441d36627a1d6b0fa4a813571ec4803687a7a3a7744685ac?s=96&d=mm&r=g","caption":"Editor"},"url":"https:\/\/infopba247.com.ar\/index.php\/author\/editor\/"}]}},"_links":{"self":[{"href":"https:\/\/infopba247.com.ar\/index.php\/wp-json\/wp\/v2\/posts\/8658","targetHints":{"allow":["GET"]}}],"collection":[{"href":"https:\/\/infopba247.com.ar\/index.php\/wp-json\/wp\/v2\/posts"}],"about":[{"href":"https:\/\/infopba247.com.ar\/index.php\/wp-json\/wp\/v2\/types\/post"}],"author":[{"embeddable":true,"href":"https:\/\/infopba247.com.ar\/index.php\/wp-json\/wp\/v2\/users\/3"}],"replies":[{"embeddable":true,"href":"https:\/\/infopba247.com.ar\/index.php\/wp-json\/wp\/v2\/comments?post=8658"}],"version-history":[{"count":1,"href":"https:\/\/infopba247.com.ar\/index.php\/wp-json\/wp\/v2\/posts\/8658\/revisions"}],"predecessor-version":[{"id":8659,"href":"https:\/\/infopba247.com.ar\/index.php\/wp-json\/wp\/v2\/posts\/8658\/revisions\/8659"}],"wp:featuredmedia":[{"embeddable":true,"href":"https:\/\/infopba247.com.ar\/index.php\/wp-json\/wp\/v2\/media\/8656"}],"wp:attachment":[{"href":"https:\/\/infopba247.com.ar\/index.php\/wp-json\/wp\/v2\/media?parent=8658"}],"wp:term":[{"taxonomy":"category","embeddable":true,"href":"https:\/\/infopba247.com.ar\/index.php\/wp-json\/wp\/v2\/categories?post=8658"},{"taxonomy":"post_tag","embeddable":true,"href":"https:\/\/infopba247.com.ar\/index.php\/wp-json\/wp\/v2\/tags?post=8658"}],"curies":[{"name":"wp","href":"https:\/\/api.w.org\/{rel}","templated":true}]}}