{"id":8600,"date":"2025-12-17T15:07:40","date_gmt":"2025-12-17T18:07:40","guid":{"rendered":"https:\/\/infopba247.com.ar\/?p=8600"},"modified":"2025-12-17T15:07:40","modified_gmt":"2025-12-17T18:07:40","slug":"mariel-fernandez-se-reunio-con-comerciantes-locales-que-se-sumaron-al-programa-compre-barato","status":"publish","type":"post","link":"https:\/\/infopba247.com.ar\/index.php\/2025\/12\/17\/mariel-fernandez-se-reunio-con-comerciantes-locales-que-se-sumaron-al-programa-compre-barato\/","title":{"rendered":"Mariel Fern\u00e1ndez se reuni\u00f3 con comerciantes locales que se sumaron al Programa \u201cCompre Barato\u201d"},"content":{"rendered":"\n<p>La intendenta de Moreno, Mariel Fern\u00e1ndez, mantuvo una reuni\u00f3n con 20 comerciantes locales que participan del Programa Compre Barato, una iniciativa que, principalmente en el marco de las fiestas de Navidad y A\u00f1o Nuevo, busca garantizar que los alimentos lleguen a las mesas de las familias morenenses a precios accesibles y sin intermediarios. La propuesta estar\u00e1 vigente hasta el 30 de diciembre inclusive en distintas localidades del distrito.<\/p>\n\n\n\n<p>Durante el encuentro, la jefa comunal se\u00f1al\u00f3: \u201cEs una pol\u00edtica que implementamos desde el 2022 para que las familias de Moreno puedan conseguir buenos precios en alimentos y pasar las fiestas dignamente. Acordamos precios justos en carnes, verduras, frutas, l\u00e1cteos y productos de primera necesidad. Una iniciativa que es buena para todas y todos: para el municipio, los comerciantes y la comunidad\u201d, y remarc\u00f3: \u201cEn esta situaci\u00f3n econ\u00f3mica complicada, cuidamos m\u00e1s a nuestra poblaci\u00f3n. Agradecemos a la C\u00e1mara de Comercio de Supermercados Chinos, a los comercios, frigor\u00edficos e industrias por su colaboraci\u00f3n\u201d.<\/p>\n\n\n\n<p>Las y los vecinos pueden acceder a carne vacuna, pollo, cerdo, verduras y l\u00e1cteos en los siguientes puntos de venta:&nbsp;<\/p>\n\n\n\n<p>\u2013 Mercado Municipal Cuartel V, Derqui 6238, entre La M\u00fasica y El Teatro, Cuartel V. De lunes a s\u00e1bados, de 9 a 18 horas.<\/p>\n\n\n\n<p>\u2013 Mercado Modelo Trujui, Av. del Libertador 3910. De lunes a s\u00e1bados de 9 a 16 horas.<\/p>\n\n\n\n<p>\u2013 Plaza San Mart\u00edn, ubicada en Av. Mitre y Av. del Libertador. De lunes a s\u00e1bados, de 8 a 17 horas.<\/p>\n\n\n\n<p>A partir de ahora, podr\u00e1n comprar alimentos de primera necesidad en los siguientes comercios adheridos, distribuidos por localidad:<\/p>\n\n\n\n<p>Moreno Norte<\/p>\n\n\n\n<p>*Ecuador 5772<\/p>\n\n\n\n<p>*Lisandro La Torre 477<\/p>\n\n\n\n<p>Paso del Rey<\/p>\n\n\n\n<p>*Almirante Brown 947<\/p>\n\n\n\n<p>*Dean Funes 4755<\/p>\n\n\n\n<p>*San Mart\u00edn del Carril 148<\/p>\n\n\n\n<p>*Gnecco 796<\/p>\n\n\n\n<p>Moreno Sur<\/p>\n\n\n\n<p>*San Carlos 3088<\/p>\n\n\n\n<p>*Padre Fahy 2102<\/p>\n\n\n\n<p>*Padre Fahy 2553<\/p>\n\n\n\n<p>Cuartel V<\/p>\n\n\n\n<p>*Ruta Provincial 24 \u2013 Km 9482<\/p>\n\n\n\n<p>*Somellera 10626<\/p>\n\n\n\n<p>*Av. Derqui 6376<\/p>\n\n\n\n<p>&nbsp;*Av. Derqui 7168<\/p>\n\n\n\n<p>*Av. Derqui 6802<\/p>\n\n\n\n<p>Moreno Centro<\/p>\n\n\n\n<p>*G\u00fcemes 1451<\/p>\n\n\n\n<p>*Hip\u00f3lito Yrigoyen 1380<\/p>\n\n\n\n<p>Francisco \u00c1lvarez<\/p>\n\n\n\n<p>*Asunci\u00f3n 1460<\/p>\n\n\n\n<p>La Reja<\/p>\n\n\n\n<p>*Rub\u00e9n Dar\u00edo 155<\/p>\n\n\n\n<p>*Padre Fahy 1441<\/p>\n\n\n\n<p>Trujui<\/p>\n\n\n\n<p>*Amundsen 7726<\/p>\n\n\n\n<p>Los productos acordados a precios accesibles son: arroz x 500 grs. $500; aceite de 1 l. $2.200; az\u00facar x kg. $800; fideos x 500 grs. $700; sal x 500 grs. $450; yerba x 500 grs. $1.200; harina 000 x1 kg. $650; mayonesa x 500 grs. $800; gaseosas 2,25 Lts. $1.300; mantecol x 84 grs. $1.200; turr\u00f3n de man\u00ed x 80 grs. $1.300; garrapi\u00f1adas x 80 grs. $800; confites x 80 grs. $800; man\u00ed con chocolate x 80 grs. $1.100; sidra 720 Ml. $2.000; pan dulce x 400 grs. $1.590; bud\u00edn x 200 grs. $900; durazno en alm\u00edbar x 820 grs. $1.500; anan\u00e1 fizz 720 Ml. $2.500 y pionono x 150 grs. $1.400.<\/p>\n\n\n\n<p>Adem\u00e1s, participa la Red de Precios Justos, con los siguientes productos y precios: leche La Seren\u00edsima x 2 $2.900, leche Cremigal $1.200, yogur Cremigal 1 L.$1.400, yogur con cereal Cremigal $800, Crem\u00f3n desayuno La Seren\u00edsima x2 $4.900, Finlandia x2 $6.300, manteca La Seren\u00edsima 200 grs. $3.000; queso cremoso Punta del Agua $6.750 el kilo, dulce de leche Colonial La Seren\u00edsima 400 grs. $2.400; ravioles El Sol $2.800 el kilo; tapa para pascualina Valle Norte\u00f1o $950; tapa para empanadas Valle Norte\u00f1o $650; tapa para empanadas Signo de Oro x 18 unidades $ 1100 y tubo rotisero x 60 unidades Signo de Oro $5200.&nbsp;<\/p>\n\n\n\n<p>Los puntos de venta corresponden a Moreno Centro, en los comercios ubicados en:<\/p>\n\n\n\n<p>* Zeballos 88<\/p>\n\n\n\n<p>* Av. Victorica 167<\/p>\n\n\n\n<p>La propuesta es impulsada a trav\u00e9s del Instituto Municipal de Desarrollo Econ\u00f3mico Local (IMDEL) y tiene como objetivo atender las necesidades de los sectores m\u00e1s vulnerables frente al impacto de la inflaci\u00f3n y las pol\u00edticas de ajuste del Gobierno Nacional.<\/p>\n\n\n\n<p>Para conocer m\u00e1s informaci\u00f3n y seguir las novedades, se pueden consultar las redes sociales:<\/p>\n\n\n\n<p>@moreno_municipio | @imdel_moreno<\/p>\n","protected":false},"excerpt":{"rendered":"<p>La intendenta de Moreno, Mariel Fern\u00e1ndez, mantuvo una reuni\u00f3n con 20 comerciantes locales que participan del Programa Compre Barato, una<\/p>\n","protected":false},"author":3,"featured_media":8594,"comment_status":"open","ping_status":"open","sticky":false,"template":"","format":"standard","meta":{"colormag_page_container_layout":"default_layout","colormag_page_sidebar_layout":"default_layout","footnotes":""},"categories":[5,1,14],"tags":[],"class_list":["post-8600","post","type-post","status-publish","format-standard","has-post-thumbnail","hentry","category-1ra-seccion","category-destacadas","category-politica"],"yoast_head":"<!-- This site is optimized with the Yoast SEO plugin v27.5 - https:\/\/yoast.com\/product\/yoast-seo-wordpress\/ -->\n<title>Mariel Fern\u00e1ndez se reuni\u00f3 con comerciantes locales que se sumaron al Programa \u201cCompre Barato\u201d - InfoPBA247<\/title>\n<meta name=\"robots\" content=\"index, follow, max-snippet:-1, max-image-preview:large, max-video-preview:-1\" \/>\n<link rel=\"canonical\" href=\"https:\/\/infopba247.com.ar\/index.php\/2025\/12\/17\/mariel-fernandez-se-reunio-con-comerciantes-locales-que-se-sumaron-al-programa-compre-barato\/\" \/>\n<meta property=\"og:locale\" content=\"es_ES\" \/>\n<meta property=\"og:type\" content=\"article\" \/>\n<meta property=\"og:title\" content=\"Mariel Fern\u00e1ndez se reuni\u00f3 con comerciantes locales que se sumaron al Programa \u201cCompre Barato\u201d - InfoPBA247\" \/>\n<meta property=\"og:description\" content=\"La intendenta de Moreno, Mariel Fern\u00e1ndez, mantuvo una reuni\u00f3n con 20 comerciantes locales que participan del Programa Compre Barato, una\" \/>\n<meta property=\"og:url\" content=\"https:\/\/infopba247.com.ar\/index.php\/2025\/12\/17\/mariel-fernandez-se-reunio-con-comerciantes-locales-que-se-sumaron-al-programa-compre-barato\/\" \/>\n<meta property=\"og:site_name\" content=\"InfoPBA247\" \/>\n<meta property=\"article:publisher\" content=\"https:\/\/www.facebook.com\/InfoPBA\" \/>\n<meta property=\"article:published_time\" content=\"2025-12-17T18:07:40+00:00\" \/>\n<meta property=\"og:image\" content=\"https:\/\/infopba247.com.ar\/wp-content\/uploads\/2025\/12\/Encuentro-con-la-camaras-chinas-y-comerciantes-por-el-Compre-barato1-scaled.jpg\" \/>\n\t<meta property=\"og:image:width\" content=\"2560\" \/>\n\t<meta property=\"og:image:height\" content=\"1440\" \/>\n\t<meta property=\"og:image:type\" content=\"image\/jpeg\" \/>\n<meta name=\"author\" content=\"Editor\" \/>\n<meta name=\"twitter:card\" content=\"summary_large_image\" \/>\n<meta name=\"twitter:label1\" content=\"Escrito por\" \/>\n\t<meta name=\"twitter:data1\" content=\"Editor\" \/>\n\t<meta name=\"twitter:label2\" content=\"Tiempo de lectura\" \/>\n\t<meta name=\"twitter:data2\" content=\"4 minutos\" \/>\n<script type=\"application\/ld+json\" class=\"yoast-schema-graph\">{\"@context\":\"https:\\\/\\\/schema.org\",\"@graph\":[{\"@type\":\"Article\",\"@id\":\"https:\\\/\\\/infopba247.com.ar\\\/index.php\\\/2025\\\/12\\\/17\\\/mariel-fernandez-se-reunio-con-comerciantes-locales-que-se-sumaron-al-programa-compre-barato\\\/#article\",\"isPartOf\":{\"@id\":\"https:\\\/\\\/infopba247.com.ar\\\/index.php\\\/2025\\\/12\\\/17\\\/mariel-fernandez-se-reunio-con-comerciantes-locales-que-se-sumaron-al-programa-compre-barato\\\/\"},\"author\":{\"name\":\"Editor\",\"@id\":\"https:\\\/\\\/infopba247.com.ar\\\/#\\\/schema\\\/person\\\/4975f1343a413e57bf839b3eed0099f2\"},\"headline\":\"Mariel Fern\u00e1ndez se reuni\u00f3 con comerciantes locales que se sumaron al Programa \u201cCompre Barato\u201d\",\"datePublished\":\"2025-12-17T18:07:40+00:00\",\"mainEntityOfPage\":{\"@id\":\"https:\\\/\\\/infopba247.com.ar\\\/index.php\\\/2025\\\/12\\\/17\\\/mariel-fernandez-se-reunio-con-comerciantes-locales-que-se-sumaron-al-programa-compre-barato\\\/\"},\"wordCount\":593,\"commentCount\":0,\"publisher\":{\"@id\":\"https:\\\/\\\/infopba247.com.ar\\\/#organization\"},\"image\":{\"@id\":\"https:\\\/\\\/infopba247.com.ar\\\/index.php\\\/2025\\\/12\\\/17\\\/mariel-fernandez-se-reunio-con-comerciantes-locales-que-se-sumaron-al-programa-compre-barato\\\/#primaryimage\"},\"thumbnailUrl\":\"https:\\\/\\\/infopba247.com.ar\\\/wp-content\\\/uploads\\\/2025\\\/12\\\/Encuentro-con-la-camaras-chinas-y-comerciantes-por-el-Compre-barato1-scaled.jpg\",\"articleSection\":[\"1ra Secci\u00f3n\",\"Destacadas\",\"Pol\u00edtica\"],\"inLanguage\":\"es\",\"potentialAction\":[{\"@type\":\"CommentAction\",\"name\":\"Comment\",\"target\":[\"https:\\\/\\\/infopba247.com.ar\\\/index.php\\\/2025\\\/12\\\/17\\\/mariel-fernandez-se-reunio-con-comerciantes-locales-que-se-sumaron-al-programa-compre-barato\\\/#respond\"]}]},{\"@type\":\"WebPage\",\"@id\":\"https:\\\/\\\/infopba247.com.ar\\\/index.php\\\/2025\\\/12\\\/17\\\/mariel-fernandez-se-reunio-con-comerciantes-locales-que-se-sumaron-al-programa-compre-barato\\\/\",\"url\":\"https:\\\/\\\/infopba247.com.ar\\\/index.php\\\/2025\\\/12\\\/17\\\/mariel-fernandez-se-reunio-con-comerciantes-locales-que-se-sumaron-al-programa-compre-barato\\\/\",\"name\":\"Mariel Fern\u00e1ndez se reuni\u00f3 con comerciantes locales que se sumaron al Programa \u201cCompre Barato\u201d - InfoPBA247\",\"isPartOf\":{\"@id\":\"https:\\\/\\\/infopba247.com.ar\\\/#website\"},\"primaryImageOfPage\":{\"@id\":\"https:\\\/\\\/infopba247.com.ar\\\/index.php\\\/2025\\\/12\\\/17\\\/mariel-fernandez-se-reunio-con-comerciantes-locales-que-se-sumaron-al-programa-compre-barato\\\/#primaryimage\"},\"image\":{\"@id\":\"https:\\\/\\\/infopba247.com.ar\\\/index.php\\\/2025\\\/12\\\/17\\\/mariel-fernandez-se-reunio-con-comerciantes-locales-que-se-sumaron-al-programa-compre-barato\\\/#primaryimage\"},\"thumbnailUrl\":\"https:\\\/\\\/infopba247.com.ar\\\/wp-content\\\/uploads\\\/2025\\\/12\\\/Encuentro-con-la-camaras-chinas-y-comerciantes-por-el-Compre-barato1-scaled.jpg\",\"datePublished\":\"2025-12-17T18:07:40+00:00\",\"breadcrumb\":{\"@id\":\"https:\\\/\\\/infopba247.com.ar\\\/index.php\\\/2025\\\/12\\\/17\\\/mariel-fernandez-se-reunio-con-comerciantes-locales-que-se-sumaron-al-programa-compre-barato\\\/#breadcrumb\"},\"inLanguage\":\"es\",\"potentialAction\":[{\"@type\":\"ReadAction\",\"target\":[\"https:\\\/\\\/infopba247.com.ar\\\/index.php\\\/2025\\\/12\\\/17\\\/mariel-fernandez-se-reunio-con-comerciantes-locales-que-se-sumaron-al-programa-compre-barato\\\/\"]}]},{\"@type\":\"ImageObject\",\"inLanguage\":\"es\",\"@id\":\"https:\\\/\\\/infopba247.com.ar\\\/index.php\\\/2025\\\/12\\\/17\\\/mariel-fernandez-se-reunio-con-comerciantes-locales-que-se-sumaron-al-programa-compre-barato\\\/#primaryimage\",\"url\":\"https:\\\/\\\/infopba247.com.ar\\\/wp-content\\\/uploads\\\/2025\\\/12\\\/Encuentro-con-la-camaras-chinas-y-comerciantes-por-el-Compre-barato1-scaled.jpg\",\"contentUrl\":\"https:\\\/\\\/infopba247.com.ar\\\/wp-content\\\/uploads\\\/2025\\\/12\\\/Encuentro-con-la-camaras-chinas-y-comerciantes-por-el-Compre-barato1-scaled.jpg\",\"width\":2560,\"height\":1440},{\"@type\":\"BreadcrumbList\",\"@id\":\"https:\\\/\\\/infopba247.com.ar\\\/index.php\\\/2025\\\/12\\\/17\\\/mariel-fernandez-se-reunio-con-comerciantes-locales-que-se-sumaron-al-programa-compre-barato\\\/#breadcrumb\",\"itemListElement\":[{\"@type\":\"ListItem\",\"position\":1,\"name\":\"Portada\",\"item\":\"https:\\\/\\\/infopba247.com.ar\\\/\"},{\"@type\":\"ListItem\",\"position\":2,\"name\":\"Mariel Fern\u00e1ndez se reuni\u00f3 con comerciantes locales que se sumaron al Programa \u201cCompre Barato\u201d\"}]},{\"@type\":\"WebSite\",\"@id\":\"https:\\\/\\\/infopba247.com.ar\\\/#website\",\"url\":\"https:\\\/\\\/infopba247.com.ar\\\/\",\"name\":\"InfoPBA247\",\"description\":\"Toda la actualidad bonaerense\",\"publisher\":{\"@id\":\"https:\\\/\\\/infopba247.com.ar\\\/#organization\"},\"potentialAction\":[{\"@type\":\"SearchAction\",\"target\":{\"@type\":\"EntryPoint\",\"urlTemplate\":\"https:\\\/\\\/infopba247.com.ar\\\/?s={search_term_string}\"},\"query-input\":{\"@type\":\"PropertyValueSpecification\",\"valueRequired\":true,\"valueName\":\"search_term_string\"}}],\"inLanguage\":\"es\"},{\"@type\":\"Organization\",\"@id\":\"https:\\\/\\\/infopba247.com.ar\\\/#organization\",\"name\":\"InfoPBA247\",\"url\":\"https:\\\/\\\/infopba247.com.ar\\\/\",\"logo\":{\"@type\":\"ImageObject\",\"inLanguage\":\"es\",\"@id\":\"https:\\\/\\\/infopba247.com.ar\\\/#\\\/schema\\\/logo\\\/image\\\/\",\"url\":\"https:\\\/\\\/infopba247.com.ar\\\/wp-content\\\/uploads\\\/2022\\\/03\\\/cropped-InfoPBA247-1.png\",\"contentUrl\":\"https:\\\/\\\/infopba247.com.ar\\\/wp-content\\\/uploads\\\/2022\\\/03\\\/cropped-InfoPBA247-1.png\",\"width\":500,\"height\":122,\"caption\":\"InfoPBA247\"},\"image\":{\"@id\":\"https:\\\/\\\/infopba247.com.ar\\\/#\\\/schema\\\/logo\\\/image\\\/\"},\"sameAs\":[\"https:\\\/\\\/www.facebook.com\\\/InfoPBA\"]},{\"@type\":\"Person\",\"@id\":\"https:\\\/\\\/infopba247.com.ar\\\/#\\\/schema\\\/person\\\/4975f1343a413e57bf839b3eed0099f2\",\"name\":\"Editor\",\"image\":{\"@type\":\"ImageObject\",\"inLanguage\":\"es\",\"@id\":\"https:\\\/\\\/secure.gravatar.com\\\/avatar\\\/d27fe9520667ca53441d36627a1d6b0fa4a813571ec4803687a7a3a7744685ac?s=96&d=mm&r=g\",\"url\":\"https:\\\/\\\/secure.gravatar.com\\\/avatar\\\/d27fe9520667ca53441d36627a1d6b0fa4a813571ec4803687a7a3a7744685ac?s=96&d=mm&r=g\",\"contentUrl\":\"https:\\\/\\\/secure.gravatar.com\\\/avatar\\\/d27fe9520667ca53441d36627a1d6b0fa4a813571ec4803687a7a3a7744685ac?s=96&d=mm&r=g\",\"caption\":\"Editor\"},\"url\":\"https:\\\/\\\/infopba247.com.ar\\\/index.php\\\/author\\\/editor\\\/\"}]}<\/script>\n<!-- \/ Yoast SEO plugin. -->","yoast_head_json":{"title":"Mariel Fern\u00e1ndez se reuni\u00f3 con comerciantes locales que se sumaron al Programa \u201cCompre Barato\u201d - InfoPBA247","robots":{"index":"index","follow":"follow","max-snippet":"max-snippet:-1","max-image-preview":"max-image-preview:large","max-video-preview":"max-video-preview:-1"},"canonical":"https:\/\/infopba247.com.ar\/index.php\/2025\/12\/17\/mariel-fernandez-se-reunio-con-comerciantes-locales-que-se-sumaron-al-programa-compre-barato\/","og_locale":"es_ES","og_type":"article","og_title":"Mariel Fern\u00e1ndez se reuni\u00f3 con comerciantes locales que se sumaron al Programa \u201cCompre Barato\u201d - InfoPBA247","og_description":"La intendenta de Moreno, Mariel Fern\u00e1ndez, mantuvo una reuni\u00f3n con 20 comerciantes locales que participan del Programa Compre Barato, una","og_url":"https:\/\/infopba247.com.ar\/index.php\/2025\/12\/17\/mariel-fernandez-se-reunio-con-comerciantes-locales-que-se-sumaron-al-programa-compre-barato\/","og_site_name":"InfoPBA247","article_publisher":"https:\/\/www.facebook.com\/InfoPBA","article_published_time":"2025-12-17T18:07:40+00:00","og_image":[{"width":2560,"height":1440,"url":"https:\/\/infopba247.com.ar\/wp-content\/uploads\/2025\/12\/Encuentro-con-la-camaras-chinas-y-comerciantes-por-el-Compre-barato1-scaled.jpg","type":"image\/jpeg"}],"author":"Editor","twitter_card":"summary_large_image","twitter_misc":{"Escrito por":"Editor","Tiempo de lectura":"4 minutos"},"schema":{"@context":"https:\/\/schema.org","@graph":[{"@type":"Article","@id":"https:\/\/infopba247.com.ar\/index.php\/2025\/12\/17\/mariel-fernandez-se-reunio-con-comerciantes-locales-que-se-sumaron-al-programa-compre-barato\/#article","isPartOf":{"@id":"https:\/\/infopba247.com.ar\/index.php\/2025\/12\/17\/mariel-fernandez-se-reunio-con-comerciantes-locales-que-se-sumaron-al-programa-compre-barato\/"},"author":{"name":"Editor","@id":"https:\/\/infopba247.com.ar\/#\/schema\/person\/4975f1343a413e57bf839b3eed0099f2"},"headline":"Mariel Fern\u00e1ndez se reuni\u00f3 con comerciantes locales que se sumaron al Programa \u201cCompre Barato\u201d","datePublished":"2025-12-17T18:07:40+00:00","mainEntityOfPage":{"@id":"https:\/\/infopba247.com.ar\/index.php\/2025\/12\/17\/mariel-fernandez-se-reunio-con-comerciantes-locales-que-se-sumaron-al-programa-compre-barato\/"},"wordCount":593,"commentCount":0,"publisher":{"@id":"https:\/\/infopba247.com.ar\/#organization"},"image":{"@id":"https:\/\/infopba247.com.ar\/index.php\/2025\/12\/17\/mariel-fernandez-se-reunio-con-comerciantes-locales-que-se-sumaron-al-programa-compre-barato\/#primaryimage"},"thumbnailUrl":"https:\/\/infopba247.com.ar\/wp-content\/uploads\/2025\/12\/Encuentro-con-la-camaras-chinas-y-comerciantes-por-el-Compre-barato1-scaled.jpg","articleSection":["1ra Secci\u00f3n","Destacadas","Pol\u00edtica"],"inLanguage":"es","potentialAction":[{"@type":"CommentAction","name":"Comment","target":["https:\/\/infopba247.com.ar\/index.php\/2025\/12\/17\/mariel-fernandez-se-reunio-con-comerciantes-locales-que-se-sumaron-al-programa-compre-barato\/#respond"]}]},{"@type":"WebPage","@id":"https:\/\/infopba247.com.ar\/index.php\/2025\/12\/17\/mariel-fernandez-se-reunio-con-comerciantes-locales-que-se-sumaron-al-programa-compre-barato\/","url":"https:\/\/infopba247.com.ar\/index.php\/2025\/12\/17\/mariel-fernandez-se-reunio-con-comerciantes-locales-que-se-sumaron-al-programa-compre-barato\/","name":"Mariel Fern\u00e1ndez se reuni\u00f3 con comerciantes locales que se sumaron al Programa \u201cCompre Barato\u201d - InfoPBA247","isPartOf":{"@id":"https:\/\/infopba247.com.ar\/#website"},"primaryImageOfPage":{"@id":"https:\/\/infopba247.com.ar\/index.php\/2025\/12\/17\/mariel-fernandez-se-reunio-con-comerciantes-locales-que-se-sumaron-al-programa-compre-barato\/#primaryimage"},"image":{"@id":"https:\/\/infopba247.com.ar\/index.php\/2025\/12\/17\/mariel-fernandez-se-reunio-con-comerciantes-locales-que-se-sumaron-al-programa-compre-barato\/#primaryimage"},"thumbnailUrl":"https:\/\/infopba247.com.ar\/wp-content\/uploads\/2025\/12\/Encuentro-con-la-camaras-chinas-y-comerciantes-por-el-Compre-barato1-scaled.jpg","datePublished":"2025-12-17T18:07:40+00:00","breadcrumb":{"@id":"https:\/\/infopba247.com.ar\/index.php\/2025\/12\/17\/mariel-fernandez-se-reunio-con-comerciantes-locales-que-se-sumaron-al-programa-compre-barato\/#breadcrumb"},"inLanguage":"es","potentialAction":[{"@type":"ReadAction","target":["https:\/\/infopba247.com.ar\/index.php\/2025\/12\/17\/mariel-fernandez-se-reunio-con-comerciantes-locales-que-se-sumaron-al-programa-compre-barato\/"]}]},{"@type":"ImageObject","inLanguage":"es","@id":"https:\/\/infopba247.com.ar\/index.php\/2025\/12\/17\/mariel-fernandez-se-reunio-con-comerciantes-locales-que-se-sumaron-al-programa-compre-barato\/#primaryimage","url":"https:\/\/infopba247.com.ar\/wp-content\/uploads\/2025\/12\/Encuentro-con-la-camaras-chinas-y-comerciantes-por-el-Compre-barato1-scaled.jpg","contentUrl":"https:\/\/infopba247.com.ar\/wp-content\/uploads\/2025\/12\/Encuentro-con-la-camaras-chinas-y-comerciantes-por-el-Compre-barato1-scaled.jpg","width":2560,"height":1440},{"@type":"BreadcrumbList","@id":"https:\/\/infopba247.com.ar\/index.php\/2025\/12\/17\/mariel-fernandez-se-reunio-con-comerciantes-locales-que-se-sumaron-al-programa-compre-barato\/#breadcrumb","itemListElement":[{"@type":"ListItem","position":1,"name":"Portada","item":"https:\/\/infopba247.com.ar\/"},{"@type":"ListItem","position":2,"name":"Mariel Fern\u00e1ndez se reuni\u00f3 con comerciantes locales que se sumaron al Programa \u201cCompre Barato\u201d"}]},{"@type":"WebSite","@id":"https:\/\/infopba247.com.ar\/#website","url":"https:\/\/infopba247.com.ar\/","name":"InfoPBA247","description":"Toda la actualidad bonaerense","publisher":{"@id":"https:\/\/infopba247.com.ar\/#organization"},"potentialAction":[{"@type":"SearchAction","target":{"@type":"EntryPoint","urlTemplate":"https:\/\/infopba247.com.ar\/?s={search_term_string}"},"query-input":{"@type":"PropertyValueSpecification","valueRequired":true,"valueName":"search_term_string"}}],"inLanguage":"es"},{"@type":"Organization","@id":"https:\/\/infopba247.com.ar\/#organization","name":"InfoPBA247","url":"https:\/\/infopba247.com.ar\/","logo":{"@type":"ImageObject","inLanguage":"es","@id":"https:\/\/infopba247.com.ar\/#\/schema\/logo\/image\/","url":"https:\/\/infopba247.com.ar\/wp-content\/uploads\/2022\/03\/cropped-InfoPBA247-1.png","contentUrl":"https:\/\/infopba247.com.ar\/wp-content\/uploads\/2022\/03\/cropped-InfoPBA247-1.png","width":500,"height":122,"caption":"InfoPBA247"},"image":{"@id":"https:\/\/infopba247.com.ar\/#\/schema\/logo\/image\/"},"sameAs":["https:\/\/www.facebook.com\/InfoPBA"]},{"@type":"Person","@id":"https:\/\/infopba247.com.ar\/#\/schema\/person\/4975f1343a413e57bf839b3eed0099f2","name":"Editor","image":{"@type":"ImageObject","inLanguage":"es","@id":"https:\/\/secure.gravatar.com\/avatar\/d27fe9520667ca53441d36627a1d6b0fa4a813571ec4803687a7a3a7744685ac?s=96&d=mm&r=g","url":"https:\/\/secure.gravatar.com\/avatar\/d27fe9520667ca53441d36627a1d6b0fa4a813571ec4803687a7a3a7744685ac?s=96&d=mm&r=g","contentUrl":"https:\/\/secure.gravatar.com\/avatar\/d27fe9520667ca53441d36627a1d6b0fa4a813571ec4803687a7a3a7744685ac?s=96&d=mm&r=g","caption":"Editor"},"url":"https:\/\/infopba247.com.ar\/index.php\/author\/editor\/"}]}},"_links":{"self":[{"href":"https:\/\/infopba247.com.ar\/index.php\/wp-json\/wp\/v2\/posts\/8600","targetHints":{"allow":["GET"]}}],"collection":[{"href":"https:\/\/infopba247.com.ar\/index.php\/wp-json\/wp\/v2\/posts"}],"about":[{"href":"https:\/\/infopba247.com.ar\/index.php\/wp-json\/wp\/v2\/types\/post"}],"author":[{"embeddable":true,"href":"https:\/\/infopba247.com.ar\/index.php\/wp-json\/wp\/v2\/users\/3"}],"replies":[{"embeddable":true,"href":"https:\/\/infopba247.com.ar\/index.php\/wp-json\/wp\/v2\/comments?post=8600"}],"version-history":[{"count":1,"href":"https:\/\/infopba247.com.ar\/index.php\/wp-json\/wp\/v2\/posts\/8600\/revisions"}],"predecessor-version":[{"id":8601,"href":"https:\/\/infopba247.com.ar\/index.php\/wp-json\/wp\/v2\/posts\/8600\/revisions\/8601"}],"wp:featuredmedia":[{"embeddable":true,"href":"https:\/\/infopba247.com.ar\/index.php\/wp-json\/wp\/v2\/media\/8594"}],"wp:attachment":[{"href":"https:\/\/infopba247.com.ar\/index.php\/wp-json\/wp\/v2\/media?parent=8600"}],"wp:term":[{"taxonomy":"category","embeddable":true,"href":"https:\/\/infopba247.com.ar\/index.php\/wp-json\/wp\/v2\/categories?post=8600"},{"taxonomy":"post_tag","embeddable":true,"href":"https:\/\/infopba247.com.ar\/index.php\/wp-json\/wp\/v2\/tags?post=8600"}],"curies":[{"name":"wp","href":"https:\/\/api.w.org\/{rel}","templated":true}]}}