{"id":860,"date":"2022-11-02T08:44:00","date_gmt":"2022-11-02T11:44:00","guid":{"rendered":"https:\/\/infopba247.com.ar\/?p=860"},"modified":"2022-11-14T08:45:17","modified_gmt":"2022-11-14T11:45:17","slug":"desde-olavarria-ezequiel-galli-juega-fuerte-en-la-interna-del-pro-por-la-sucesion-de-larreta-en-caba","status":"publish","type":"post","link":"https:\/\/infopba247.com.ar\/index.php\/2022\/11\/02\/desde-olavarria-ezequiel-galli-juega-fuerte-en-la-interna-del-pro-por-la-sucesion-de-larreta-en-caba\/","title":{"rendered":"Desde Olavarr\u00eda, Ezequiel Galli juega fuerte en la interna del PRO por la sucesi\u00f3n de Larreta en CABA"},"content":{"rendered":"\n<p>El intendente de Olavarr\u00eda, Ezequiel Galli, sorprendi\u00f3 al publicar un tuit expresando su apoyo expl\u00edcito a Jorge Macri como candidato a jefe de Gobierno porte\u00f1o, en medio de la explosiva interna del PRO.<\/p>\n\n\n\n<p>Mientras contin\u00faan las repercusiones por el exabrupto de Patricia Bullrich contra Felipe Miguel, jefe de Gabinete porte\u00f1o y hombre de confianza de Horacio Rodr\u00edguez Larreta, algunos dirigente del PRO salieron a posicionarse en esta interna que arde al rojo vivo.<\/p>\n\n\n\n<p>Seg\u00fan trascendi\u00f3, Jorge Macri habr\u00eda sellado un acuerdo electoral con Patricia Bullrich que lo posicionar\u00eda como su candidato a jefe de Gobierno porte\u00f1o en las PASO. Esto provoc\u00f3 la ruptura de su relaci\u00f3n con Rodr\u00edguez Larreta a pesar de qu\u00e9, paradojicamente, integra su gabinete como Ministro de Gobierno.<\/p>\n\n\n\n<p>Del otro lado, aparecen como sponsoreados por Larreta el radical Mart\u00edn Lousteau, la ministra de Educaci\u00f3n porte\u00f1a, Soledad Acu\u00f1a, y el ministro de Salud, Fern\u00e1n Quir\u00f3s. En esa interna se meti\u00f3 de lleno el intendente de Olavarr\u00eda, Ezequiel Galli.<\/p>\n\n\n\n<p>\u201cCoincido plenamente tano, Jorge Macri no solo tiene chapa, sino que ademas expresa los valores del PRO Argentina para continuar con la transformaci\u00f3n en la Ciudad\u201d, expres\u00f3 Galli, comentando un tuit previo de su par de Lan\u00fas, N\u00e9stor Grindetti.<\/p>\n\n\n\n<p>\u201cCreo que el PRO no puede perder la Ciudad, Jorge Macri tiene toda la chapa para ser un muy buen Jefe de Gobierno. Voy a trabajar para que Pro Argentina siga gobernando CABA\u201d, hab\u00eda asegurado Grindetti.<\/p>\n\n\n\n<p>A pesar de que semanas atr\u00e1s hab\u00eda recibido la visita de Diego Santilli, el candidato a gobernador bonaerense que impulsa Larreta, con este tuit, Ezequiel Galli reafirma su alineamiento con los \u201cHalcones\u201d.<\/p>\n\n\n\n<p>Estas expresiones se producen en el marco del supuesto acuerdo entre Larreta y una parte del radicalismo para habilitar a Mart\u00edn Lousteau como su candidato para sucederlo en CABA. Con el impulso de Mauricio Macri, los \u201cHalcones\u201d salieron a fustigar esta posibilidad a la que ven como la \u201centrega\u201d de la cuna y principal territorio del PRO a sus socios de Juntos por el Cambio.<\/p>\n\n\n\n<p>Mientras tanto, la disputa interna entre Patricia Bullrich y Horacio Rodr\u00edguez Larreta, los dos presidenciables del PRO junto a Mauricio Macri, contin\u00faa elevando su tono a niveles escandalosos.<\/p>\n\n\n\n<p>\u201cNo me cruc\u00e9s m\u00e1s por la tele porque la pr\u00f3xima te rompo la cara, conmigo no se jode, te lo aviso\u201d, amenaz\u00f3 Bullrich al jefe de Gabinete de la Ciudad de Buenos Aires, Felipe Miguel. La agresi\u00f3n que tuvo lugar durante la presentaci\u00f3n del nuevo libro de Mauricio Macri fue filmada y el video se volvi\u00f3 viral.<\/p>\n","protected":false},"excerpt":{"rendered":"<p>El intendente de Olavarr\u00eda, Ezequiel Galli, sorprendi\u00f3 al publicar un tuit expresando su apoyo expl\u00edcito a Jorge Macri como candidato<\/p>\n","protected":false},"author":3,"featured_media":861,"comment_status":"closed","ping_status":"closed","sticky":false,"template":"","format":"standard","meta":{"colormag_page_container_layout":"default_layout","colormag_page_sidebar_layout":"default_layout","footnotes":""},"categories":[9,1,14],"tags":[],"class_list":["post-860","post","type-post","status-publish","format-standard","has-post-thumbnail","hentry","category-5ta-seccion","category-destacadas","category-politica"],"yoast_head":"<!-- This site is optimized with the Yoast SEO plugin v27.4 - https:\/\/yoast.com\/product\/yoast-seo-wordpress\/ -->\n<title>Desde Olavarr\u00eda, Ezequiel Galli juega fuerte en la interna del PRO por la sucesi\u00f3n de Larreta en CABA - InfoPBA247<\/title>\n<meta name=\"robots\" content=\"index, follow, max-snippet:-1, max-image-preview:large, max-video-preview:-1\" \/>\n<link rel=\"canonical\" href=\"https:\/\/infopba247.com.ar\/index.php\/2022\/11\/02\/desde-olavarria-ezequiel-galli-juega-fuerte-en-la-interna-del-pro-por-la-sucesion-de-larreta-en-caba\/\" \/>\n<meta property=\"og:locale\" content=\"es_ES\" \/>\n<meta property=\"og:type\" content=\"article\" \/>\n<meta property=\"og:title\" content=\"Desde Olavarr\u00eda, Ezequiel Galli juega fuerte en la interna del PRO por la sucesi\u00f3n de Larreta en CABA - InfoPBA247\" \/>\n<meta property=\"og:description\" content=\"El intendente de Olavarr\u00eda, Ezequiel Galli, sorprendi\u00f3 al publicar un tuit expresando su apoyo expl\u00edcito a Jorge Macri como candidato\" \/>\n<meta property=\"og:url\" content=\"https:\/\/infopba247.com.ar\/index.php\/2022\/11\/02\/desde-olavarria-ezequiel-galli-juega-fuerte-en-la-interna-del-pro-por-la-sucesion-de-larreta-en-caba\/\" \/>\n<meta property=\"og:site_name\" content=\"InfoPBA247\" \/>\n<meta property=\"article:publisher\" content=\"https:\/\/www.facebook.com\/InfoPBA\" \/>\n<meta property=\"article:published_time\" content=\"2022-11-02T11:44:00+00:00\" \/>\n<meta property=\"article:modified_time\" content=\"2022-11-14T11:45:17+00:00\" \/>\n<meta property=\"og:image\" content=\"https:\/\/infopba247.com.ar\/wp-content\/uploads\/2022\/11\/galli-y-macri.jpg\" \/>\n\t<meta property=\"og:image:width\" content=\"1200\" \/>\n\t<meta property=\"og:image:height\" content=\"800\" \/>\n\t<meta property=\"og:image:type\" content=\"image\/jpeg\" \/>\n<meta name=\"author\" content=\"Editor\" \/>\n<meta name=\"twitter:card\" content=\"summary_large_image\" \/>\n<meta name=\"twitter:label1\" content=\"Escrito por\" \/>\n\t<meta name=\"twitter:data1\" content=\"Editor\" \/>\n\t<meta name=\"twitter:label2\" content=\"Tiempo de lectura\" \/>\n\t<meta name=\"twitter:data2\" content=\"2 minutos\" \/>\n<script type=\"application\/ld+json\" class=\"yoast-schema-graph\">{\"@context\":\"https:\\\/\\\/schema.org\",\"@graph\":[{\"@type\":\"Article\",\"@id\":\"https:\\\/\\\/infopba247.com.ar\\\/index.php\\\/2022\\\/11\\\/02\\\/desde-olavarria-ezequiel-galli-juega-fuerte-en-la-interna-del-pro-por-la-sucesion-de-larreta-en-caba\\\/#article\",\"isPartOf\":{\"@id\":\"https:\\\/\\\/infopba247.com.ar\\\/index.php\\\/2022\\\/11\\\/02\\\/desde-olavarria-ezequiel-galli-juega-fuerte-en-la-interna-del-pro-por-la-sucesion-de-larreta-en-caba\\\/\"},\"author\":{\"name\":\"Editor\",\"@id\":\"https:\\\/\\\/infopba247.com.ar\\\/#\\\/schema\\\/person\\\/4975f1343a413e57bf839b3eed0099f2\"},\"headline\":\"Desde Olavarr\u00eda, Ezequiel Galli juega fuerte en la interna del PRO por la sucesi\u00f3n de Larreta en CABA\",\"datePublished\":\"2022-11-02T11:44:00+00:00\",\"dateModified\":\"2022-11-14T11:45:17+00:00\",\"mainEntityOfPage\":{\"@id\":\"https:\\\/\\\/infopba247.com.ar\\\/index.php\\\/2022\\\/11\\\/02\\\/desde-olavarria-ezequiel-galli-juega-fuerte-en-la-interna-del-pro-por-la-sucesion-de-larreta-en-caba\\\/\"},\"wordCount\":470,\"publisher\":{\"@id\":\"https:\\\/\\\/infopba247.com.ar\\\/#organization\"},\"image\":{\"@id\":\"https:\\\/\\\/infopba247.com.ar\\\/index.php\\\/2022\\\/11\\\/02\\\/desde-olavarria-ezequiel-galli-juega-fuerte-en-la-interna-del-pro-por-la-sucesion-de-larreta-en-caba\\\/#primaryimage\"},\"thumbnailUrl\":\"https:\\\/\\\/infopba247.com.ar\\\/wp-content\\\/uploads\\\/2022\\\/11\\\/galli-y-macri.jpg\",\"articleSection\":[\"5ta Secci\u00f3n\",\"Destacadas\",\"Pol\u00edtica\"],\"inLanguage\":\"es\"},{\"@type\":\"WebPage\",\"@id\":\"https:\\\/\\\/infopba247.com.ar\\\/index.php\\\/2022\\\/11\\\/02\\\/desde-olavarria-ezequiel-galli-juega-fuerte-en-la-interna-del-pro-por-la-sucesion-de-larreta-en-caba\\\/\",\"url\":\"https:\\\/\\\/infopba247.com.ar\\\/index.php\\\/2022\\\/11\\\/02\\\/desde-olavarria-ezequiel-galli-juega-fuerte-en-la-interna-del-pro-por-la-sucesion-de-larreta-en-caba\\\/\",\"name\":\"Desde Olavarr\u00eda, Ezequiel Galli juega fuerte en la interna del PRO por la sucesi\u00f3n de Larreta en CABA - InfoPBA247\",\"isPartOf\":{\"@id\":\"https:\\\/\\\/infopba247.com.ar\\\/#website\"},\"primaryImageOfPage\":{\"@id\":\"https:\\\/\\\/infopba247.com.ar\\\/index.php\\\/2022\\\/11\\\/02\\\/desde-olavarria-ezequiel-galli-juega-fuerte-en-la-interna-del-pro-por-la-sucesion-de-larreta-en-caba\\\/#primaryimage\"},\"image\":{\"@id\":\"https:\\\/\\\/infopba247.com.ar\\\/index.php\\\/2022\\\/11\\\/02\\\/desde-olavarria-ezequiel-galli-juega-fuerte-en-la-interna-del-pro-por-la-sucesion-de-larreta-en-caba\\\/#primaryimage\"},\"thumbnailUrl\":\"https:\\\/\\\/infopba247.com.ar\\\/wp-content\\\/uploads\\\/2022\\\/11\\\/galli-y-macri.jpg\",\"datePublished\":\"2022-11-02T11:44:00+00:00\",\"dateModified\":\"2022-11-14T11:45:17+00:00\",\"breadcrumb\":{\"@id\":\"https:\\\/\\\/infopba247.com.ar\\\/index.php\\\/2022\\\/11\\\/02\\\/desde-olavarria-ezequiel-galli-juega-fuerte-en-la-interna-del-pro-por-la-sucesion-de-larreta-en-caba\\\/#breadcrumb\"},\"inLanguage\":\"es\",\"potentialAction\":[{\"@type\":\"ReadAction\",\"target\":[\"https:\\\/\\\/infopba247.com.ar\\\/index.php\\\/2022\\\/11\\\/02\\\/desde-olavarria-ezequiel-galli-juega-fuerte-en-la-interna-del-pro-por-la-sucesion-de-larreta-en-caba\\\/\"]}]},{\"@type\":\"ImageObject\",\"inLanguage\":\"es\",\"@id\":\"https:\\\/\\\/infopba247.com.ar\\\/index.php\\\/2022\\\/11\\\/02\\\/desde-olavarria-ezequiel-galli-juega-fuerte-en-la-interna-del-pro-por-la-sucesion-de-larreta-en-caba\\\/#primaryimage\",\"url\":\"https:\\\/\\\/infopba247.com.ar\\\/wp-content\\\/uploads\\\/2022\\\/11\\\/galli-y-macri.jpg\",\"contentUrl\":\"https:\\\/\\\/infopba247.com.ar\\\/wp-content\\\/uploads\\\/2022\\\/11\\\/galli-y-macri.jpg\",\"width\":1200,\"height\":800},{\"@type\":\"BreadcrumbList\",\"@id\":\"https:\\\/\\\/infopba247.com.ar\\\/index.php\\\/2022\\\/11\\\/02\\\/desde-olavarria-ezequiel-galli-juega-fuerte-en-la-interna-del-pro-por-la-sucesion-de-larreta-en-caba\\\/#breadcrumb\",\"itemListElement\":[{\"@type\":\"ListItem\",\"position\":1,\"name\":\"Portada\",\"item\":\"https:\\\/\\\/infopba247.com.ar\\\/\"},{\"@type\":\"ListItem\",\"position\":2,\"name\":\"Desde Olavarr\u00eda, Ezequiel Galli juega fuerte en la interna del PRO por la sucesi\u00f3n de Larreta en CABA\"}]},{\"@type\":\"WebSite\",\"@id\":\"https:\\\/\\\/infopba247.com.ar\\\/#website\",\"url\":\"https:\\\/\\\/infopba247.com.ar\\\/\",\"name\":\"InfoPBA247\",\"description\":\"Toda la actualidad bonaerense\",\"publisher\":{\"@id\":\"https:\\\/\\\/infopba247.com.ar\\\/#organization\"},\"potentialAction\":[{\"@type\":\"SearchAction\",\"target\":{\"@type\":\"EntryPoint\",\"urlTemplate\":\"https:\\\/\\\/infopba247.com.ar\\\/?s={search_term_string}\"},\"query-input\":{\"@type\":\"PropertyValueSpecification\",\"valueRequired\":true,\"valueName\":\"search_term_string\"}}],\"inLanguage\":\"es\"},{\"@type\":\"Organization\",\"@id\":\"https:\\\/\\\/infopba247.com.ar\\\/#organization\",\"name\":\"InfoPBA247\",\"url\":\"https:\\\/\\\/infopba247.com.ar\\\/\",\"logo\":{\"@type\":\"ImageObject\",\"inLanguage\":\"es\",\"@id\":\"https:\\\/\\\/infopba247.com.ar\\\/#\\\/schema\\\/logo\\\/image\\\/\",\"url\":\"https:\\\/\\\/infopba247.com.ar\\\/wp-content\\\/uploads\\\/2022\\\/03\\\/cropped-InfoPBA247-1.png\",\"contentUrl\":\"https:\\\/\\\/infopba247.com.ar\\\/wp-content\\\/uploads\\\/2022\\\/03\\\/cropped-InfoPBA247-1.png\",\"width\":500,\"height\":122,\"caption\":\"InfoPBA247\"},\"image\":{\"@id\":\"https:\\\/\\\/infopba247.com.ar\\\/#\\\/schema\\\/logo\\\/image\\\/\"},\"sameAs\":[\"https:\\\/\\\/www.facebook.com\\\/InfoPBA\"]},{\"@type\":\"Person\",\"@id\":\"https:\\\/\\\/infopba247.com.ar\\\/#\\\/schema\\\/person\\\/4975f1343a413e57bf839b3eed0099f2\",\"name\":\"Editor\",\"image\":{\"@type\":\"ImageObject\",\"inLanguage\":\"es\",\"@id\":\"https:\\\/\\\/secure.gravatar.com\\\/avatar\\\/d27fe9520667ca53441d36627a1d6b0fa4a813571ec4803687a7a3a7744685ac?s=96&d=mm&r=g\",\"url\":\"https:\\\/\\\/secure.gravatar.com\\\/avatar\\\/d27fe9520667ca53441d36627a1d6b0fa4a813571ec4803687a7a3a7744685ac?s=96&d=mm&r=g\",\"contentUrl\":\"https:\\\/\\\/secure.gravatar.com\\\/avatar\\\/d27fe9520667ca53441d36627a1d6b0fa4a813571ec4803687a7a3a7744685ac?s=96&d=mm&r=g\",\"caption\":\"Editor\"},\"url\":\"https:\\\/\\\/infopba247.com.ar\\\/index.php\\\/author\\\/editor\\\/\"}]}<\/script>\n<!-- \/ Yoast SEO plugin. -->","yoast_head_json":{"title":"Desde Olavarr\u00eda, Ezequiel Galli juega fuerte en la interna del PRO por la sucesi\u00f3n de Larreta en CABA - InfoPBA247","robots":{"index":"index","follow":"follow","max-snippet":"max-snippet:-1","max-image-preview":"max-image-preview:large","max-video-preview":"max-video-preview:-1"},"canonical":"https:\/\/infopba247.com.ar\/index.php\/2022\/11\/02\/desde-olavarria-ezequiel-galli-juega-fuerte-en-la-interna-del-pro-por-la-sucesion-de-larreta-en-caba\/","og_locale":"es_ES","og_type":"article","og_title":"Desde Olavarr\u00eda, Ezequiel Galli juega fuerte en la interna del PRO por la sucesi\u00f3n de Larreta en CABA - InfoPBA247","og_description":"El intendente de Olavarr\u00eda, Ezequiel Galli, sorprendi\u00f3 al publicar un tuit expresando su apoyo expl\u00edcito a Jorge Macri como candidato","og_url":"https:\/\/infopba247.com.ar\/index.php\/2022\/11\/02\/desde-olavarria-ezequiel-galli-juega-fuerte-en-la-interna-del-pro-por-la-sucesion-de-larreta-en-caba\/","og_site_name":"InfoPBA247","article_publisher":"https:\/\/www.facebook.com\/InfoPBA","article_published_time":"2022-11-02T11:44:00+00:00","article_modified_time":"2022-11-14T11:45:17+00:00","og_image":[{"width":1200,"height":800,"url":"https:\/\/infopba247.com.ar\/wp-content\/uploads\/2022\/11\/galli-y-macri.jpg","type":"image\/jpeg"}],"author":"Editor","twitter_card":"summary_large_image","twitter_misc":{"Escrito por":"Editor","Tiempo de lectura":"2 minutos"},"schema":{"@context":"https:\/\/schema.org","@graph":[{"@type":"Article","@id":"https:\/\/infopba247.com.ar\/index.php\/2022\/11\/02\/desde-olavarria-ezequiel-galli-juega-fuerte-en-la-interna-del-pro-por-la-sucesion-de-larreta-en-caba\/#article","isPartOf":{"@id":"https:\/\/infopba247.com.ar\/index.php\/2022\/11\/02\/desde-olavarria-ezequiel-galli-juega-fuerte-en-la-interna-del-pro-por-la-sucesion-de-larreta-en-caba\/"},"author":{"name":"Editor","@id":"https:\/\/infopba247.com.ar\/#\/schema\/person\/4975f1343a413e57bf839b3eed0099f2"},"headline":"Desde Olavarr\u00eda, Ezequiel Galli juega fuerte en la interna del PRO por la sucesi\u00f3n de Larreta en CABA","datePublished":"2022-11-02T11:44:00+00:00","dateModified":"2022-11-14T11:45:17+00:00","mainEntityOfPage":{"@id":"https:\/\/infopba247.com.ar\/index.php\/2022\/11\/02\/desde-olavarria-ezequiel-galli-juega-fuerte-en-la-interna-del-pro-por-la-sucesion-de-larreta-en-caba\/"},"wordCount":470,"publisher":{"@id":"https:\/\/infopba247.com.ar\/#organization"},"image":{"@id":"https:\/\/infopba247.com.ar\/index.php\/2022\/11\/02\/desde-olavarria-ezequiel-galli-juega-fuerte-en-la-interna-del-pro-por-la-sucesion-de-larreta-en-caba\/#primaryimage"},"thumbnailUrl":"https:\/\/infopba247.com.ar\/wp-content\/uploads\/2022\/11\/galli-y-macri.jpg","articleSection":["5ta Secci\u00f3n","Destacadas","Pol\u00edtica"],"inLanguage":"es"},{"@type":"WebPage","@id":"https:\/\/infopba247.com.ar\/index.php\/2022\/11\/02\/desde-olavarria-ezequiel-galli-juega-fuerte-en-la-interna-del-pro-por-la-sucesion-de-larreta-en-caba\/","url":"https:\/\/infopba247.com.ar\/index.php\/2022\/11\/02\/desde-olavarria-ezequiel-galli-juega-fuerte-en-la-interna-del-pro-por-la-sucesion-de-larreta-en-caba\/","name":"Desde Olavarr\u00eda, Ezequiel Galli juega fuerte en la interna del PRO por la sucesi\u00f3n de Larreta en CABA - InfoPBA247","isPartOf":{"@id":"https:\/\/infopba247.com.ar\/#website"},"primaryImageOfPage":{"@id":"https:\/\/infopba247.com.ar\/index.php\/2022\/11\/02\/desde-olavarria-ezequiel-galli-juega-fuerte-en-la-interna-del-pro-por-la-sucesion-de-larreta-en-caba\/#primaryimage"},"image":{"@id":"https:\/\/infopba247.com.ar\/index.php\/2022\/11\/02\/desde-olavarria-ezequiel-galli-juega-fuerte-en-la-interna-del-pro-por-la-sucesion-de-larreta-en-caba\/#primaryimage"},"thumbnailUrl":"https:\/\/infopba247.com.ar\/wp-content\/uploads\/2022\/11\/galli-y-macri.jpg","datePublished":"2022-11-02T11:44:00+00:00","dateModified":"2022-11-14T11:45:17+00:00","breadcrumb":{"@id":"https:\/\/infopba247.com.ar\/index.php\/2022\/11\/02\/desde-olavarria-ezequiel-galli-juega-fuerte-en-la-interna-del-pro-por-la-sucesion-de-larreta-en-caba\/#breadcrumb"},"inLanguage":"es","potentialAction":[{"@type":"ReadAction","target":["https:\/\/infopba247.com.ar\/index.php\/2022\/11\/02\/desde-olavarria-ezequiel-galli-juega-fuerte-en-la-interna-del-pro-por-la-sucesion-de-larreta-en-caba\/"]}]},{"@type":"ImageObject","inLanguage":"es","@id":"https:\/\/infopba247.com.ar\/index.php\/2022\/11\/02\/desde-olavarria-ezequiel-galli-juega-fuerte-en-la-interna-del-pro-por-la-sucesion-de-larreta-en-caba\/#primaryimage","url":"https:\/\/infopba247.com.ar\/wp-content\/uploads\/2022\/11\/galli-y-macri.jpg","contentUrl":"https:\/\/infopba247.com.ar\/wp-content\/uploads\/2022\/11\/galli-y-macri.jpg","width":1200,"height":800},{"@type":"BreadcrumbList","@id":"https:\/\/infopba247.com.ar\/index.php\/2022\/11\/02\/desde-olavarria-ezequiel-galli-juega-fuerte-en-la-interna-del-pro-por-la-sucesion-de-larreta-en-caba\/#breadcrumb","itemListElement":[{"@type":"ListItem","position":1,"name":"Portada","item":"https:\/\/infopba247.com.ar\/"},{"@type":"ListItem","position":2,"name":"Desde Olavarr\u00eda, Ezequiel Galli juega fuerte en la interna del PRO por la sucesi\u00f3n de Larreta en CABA"}]},{"@type":"WebSite","@id":"https:\/\/infopba247.com.ar\/#website","url":"https:\/\/infopba247.com.ar\/","name":"InfoPBA247","description":"Toda la actualidad bonaerense","publisher":{"@id":"https:\/\/infopba247.com.ar\/#organization"},"potentialAction":[{"@type":"SearchAction","target":{"@type":"EntryPoint","urlTemplate":"https:\/\/infopba247.com.ar\/?s={search_term_string}"},"query-input":{"@type":"PropertyValueSpecification","valueRequired":true,"valueName":"search_term_string"}}],"inLanguage":"es"},{"@type":"Organization","@id":"https:\/\/infopba247.com.ar\/#organization","name":"InfoPBA247","url":"https:\/\/infopba247.com.ar\/","logo":{"@type":"ImageObject","inLanguage":"es","@id":"https:\/\/infopba247.com.ar\/#\/schema\/logo\/image\/","url":"https:\/\/infopba247.com.ar\/wp-content\/uploads\/2022\/03\/cropped-InfoPBA247-1.png","contentUrl":"https:\/\/infopba247.com.ar\/wp-content\/uploads\/2022\/03\/cropped-InfoPBA247-1.png","width":500,"height":122,"caption":"InfoPBA247"},"image":{"@id":"https:\/\/infopba247.com.ar\/#\/schema\/logo\/image\/"},"sameAs":["https:\/\/www.facebook.com\/InfoPBA"]},{"@type":"Person","@id":"https:\/\/infopba247.com.ar\/#\/schema\/person\/4975f1343a413e57bf839b3eed0099f2","name":"Editor","image":{"@type":"ImageObject","inLanguage":"es","@id":"https:\/\/secure.gravatar.com\/avatar\/d27fe9520667ca53441d36627a1d6b0fa4a813571ec4803687a7a3a7744685ac?s=96&d=mm&r=g","url":"https:\/\/secure.gravatar.com\/avatar\/d27fe9520667ca53441d36627a1d6b0fa4a813571ec4803687a7a3a7744685ac?s=96&d=mm&r=g","contentUrl":"https:\/\/secure.gravatar.com\/avatar\/d27fe9520667ca53441d36627a1d6b0fa4a813571ec4803687a7a3a7744685ac?s=96&d=mm&r=g","caption":"Editor"},"url":"https:\/\/infopba247.com.ar\/index.php\/author\/editor\/"}]}},"_links":{"self":[{"href":"https:\/\/infopba247.com.ar\/index.php\/wp-json\/wp\/v2\/posts\/860","targetHints":{"allow":["GET"]}}],"collection":[{"href":"https:\/\/infopba247.com.ar\/index.php\/wp-json\/wp\/v2\/posts"}],"about":[{"href":"https:\/\/infopba247.com.ar\/index.php\/wp-json\/wp\/v2\/types\/post"}],"author":[{"embeddable":true,"href":"https:\/\/infopba247.com.ar\/index.php\/wp-json\/wp\/v2\/users\/3"}],"replies":[{"embeddable":true,"href":"https:\/\/infopba247.com.ar\/index.php\/wp-json\/wp\/v2\/comments?post=860"}],"version-history":[{"count":1,"href":"https:\/\/infopba247.com.ar\/index.php\/wp-json\/wp\/v2\/posts\/860\/revisions"}],"predecessor-version":[{"id":862,"href":"https:\/\/infopba247.com.ar\/index.php\/wp-json\/wp\/v2\/posts\/860\/revisions\/862"}],"wp:featuredmedia":[{"embeddable":true,"href":"https:\/\/infopba247.com.ar\/index.php\/wp-json\/wp\/v2\/media\/861"}],"wp:attachment":[{"href":"https:\/\/infopba247.com.ar\/index.php\/wp-json\/wp\/v2\/media?parent=860"}],"wp:term":[{"taxonomy":"category","embeddable":true,"href":"https:\/\/infopba247.com.ar\/index.php\/wp-json\/wp\/v2\/categories?post=860"},{"taxonomy":"post_tag","embeddable":true,"href":"https:\/\/infopba247.com.ar\/index.php\/wp-json\/wp\/v2\/tags?post=860"}],"curies":[{"name":"wp","href":"https:\/\/api.w.org\/{rel}","templated":true}]}}