{"id":8589,"date":"2025-12-16T14:44:18","date_gmt":"2025-12-16T17:44:18","guid":{"rendered":"https:\/\/infopba247.com.ar\/?p=8589"},"modified":"2025-12-16T14:44:19","modified_gmt":"2025-12-16T17:44:19","slug":"el-colegio-de-la-abogacia-de-la-plata-despidio-el-2025-con-acto-de-cierre-y-balance-de-gestion","status":"publish","type":"post","link":"https:\/\/infopba247.com.ar\/index.php\/2025\/12\/16\/el-colegio-de-la-abogacia-de-la-plata-despidio-el-2025-con-acto-de-cierre-y-balance-de-gestion\/","title":{"rendered":"El Colegio de la Abogac\u00eda de La Plata despidi\u00f3 el 2025 con acto de cierre y balance de gesti\u00f3n"},"content":{"rendered":"\n<p>El encuentro reuni\u00f3 a autoridades y matr\u00edcula para reconocer trayectorias, repasar los logros del a\u00f1o y presentar los principales ejes de trabajo de 2026.<\/p>\n\n\n\n<p>El Colegio de la Abogac\u00eda de La Plata (CALP) realiz\u00f3 este lunes el acto de cierre de 2025 en el Sal\u00f3n Auditorio de su sede local con el objetivo de presentar el trabajo realizado, reconocer trayectorias y compartir los principales logros de la gesti\u00f3n. La actividad, que reuni\u00f3 a autoridades y colegiados, marc\u00f3 el cierre de un a\u00f1o de crecimiento.<\/p>\n\n\n\n<p>Durante el encuentro, desde el colegio agradecieron la presencia de cada colega y destacaron que el acto simboliz\u00f3 la conclusi\u00f3n de un per\u00edodo de trabajo en equipo, fortalecimiento de la abogac\u00eda y consolidaci\u00f3n del rol institucional. En ese marco, se renov\u00f3 el compromiso con una instituci\u00f3n moderna, abierta, participativa y cercana.<\/p>\n\n\n\n<p>La ceremonia comenz\u00f3 con la interpretaci\u00f3n del Himno Nacional Argentino a cargo del Coro Polif\u00f3nico de la Fundaci\u00f3n Catedral de La Plata, dirigido por el maestro Andr\u00e9s Bugallo. Posteriormente, se compartieron palabras enviadas por el intendente local Julio Alak, y tom\u00f3 la palabra la presidenta del CALP, Marina Mongiardino.<\/p>\n\n\n\n<p>\u201cHoy estamos cerrando un a\u00f1o, valorando el camino recorrido, renovando la convicci\u00f3n de que la abogac\u00eda se fortalece cuando se trabaja con di\u00e1logo y responsabilidad\u201d, destac\u00f3 la letrada, y agreg\u00f3: \u201cTodo es resultado del esfuerzo compartido y el compromiso sostenido\u201d.<\/p>\n\n\n\n<p>Luego, la presidenta del CALP y la consejera de la entidad, Josefina Sannen Mazzucco, entregaron un presente a la presidenta de la Suprema Corte de Justicia de la Provincia de Buenos Aires, Hilda Kogan, quien tambi\u00e9n dirigi\u00f3 unas palabras ante los presentes.<\/p>\n\n\n\n<p>Tras ello, se proyect\u00f3 un video institucional con un repaso de las actividades desarrolladas a lo largo del 2025.<\/p>\n\n\n\n<p>Durante el acto tambi\u00e9n se entregaron reconocimientos a colegas que cumplieron 50 a\u00f1os en el ejercicio de la profesi\u00f3n, en homenaje a su trayectoria y aporte a la abogac\u00eda, y se realiz\u00f3 la entrega de placas a familiares de matriculados y matriculadas fallecidos durante el a\u00f1o, en un momento de respeto y memoria.<\/p>\n\n\n\n<p>Asimismo, se distingui\u00f3 a ponentes destacados del 2025 por su participaci\u00f3n acad\u00e9mica y formativa, a la actual presidenta y expresidentes del Tribunal de Disciplina por su compromiso con la \u00e9tica profesional, y a autoridades de asociaciones del interior por su labor de integraci\u00f3n y representaci\u00f3n territorial.<\/p>\n\n\n\n<p>El acto incluy\u00f3, adem\u00e1s, la entrega de certificados por nuevas designaciones, una distinci\u00f3n al Jurado de Evaluaci\u00f3n del Tribunal Arbitral y la entrega de diplomas y copas a los deportistas que representaron al colegio en las jornadas deportivas de la provincia de Buenos Aires.<\/p>\n\n\n\n<p>BALANCE DEL A\u00d1O<\/p>\n\n\n\n<p>Durante el 2025, el CALP reafirm\u00f3 su perfil de colegio abierto, plural y participativo, consolidando una gesti\u00f3n basada en la transparencia, la defensa de las incumbencias y la ampliaci\u00f3n de servicios para la matr\u00edcula y sus familias.<\/p>\n\n\n\n<p>En este per\u00edodo, se desarrollaron 1.540 actividades junto a m\u00e1s de 740 nuevas autoridades y el colegio alcanz\u00f3 un promedio de 35 actividades semanales con la participaci\u00f3n de 14.639 abogados y abogadas, lo que constituy\u00f3 un r\u00e9cord hist\u00f3rico.<\/p>\n\n\n\n<p>Adem\u00e1s, se dictaron cinco diplomaturas de las que participaron m\u00e1s de 1.000 profesionales, se crearon observatorios y cl\u00ednicas jur\u00eddicas y se ampliaron las incumbencias de institutos, \u00e1reas y comisiones, fortaleciendo espacios de formaci\u00f3n, intercambio y participaci\u00f3n.<\/p>\n\n\n\n<p>PROYECCI\u00d3N 2026<\/p>\n\n\n\n<p>De cara al 2026, el CALP conform\u00f3 un nuevo equipo de gesti\u00f3n del \u00e1rea acad\u00e9mica con el objetivo de fortalecer la formaci\u00f3n continua y brindar herramientas actualizadas para el ejercicio profesional.<\/p>\n\n\n\n<p>Entre las iniciativas previstas se incluyen ocho nuevas diplomaturas, el relanzamiento de la revista jur\u00eddica del colegio, un ciclo anual de entrevistas a trav\u00e9s de YouTube y la implementaci\u00f3n de un plan anual de capacitaciones con ejes tem\u00e1ticos prioritarios.<\/p>\n\n\n\n<p>Adem\u00e1s, se realizar\u00e1 el primer Congreso de la Abogac\u00eda, en conjunto con la Secretar\u00eda de Extensi\u00f3n de la Facultad de Ciencias Jur\u00eddicas y Sociales de la UNLP, que se desarrollar\u00e1 durante dos semanas, con participaci\u00f3n provincial y nacional.<\/p>\n","protected":false},"excerpt":{"rendered":"<p>El encuentro reuni\u00f3 a autoridades y matr\u00edcula para reconocer trayectorias, repasar los logros del a\u00f1o y presentar los principales ejes<\/p>\n","protected":false},"author":3,"featured_media":8590,"comment_status":"open","ping_status":"open","sticky":false,"template":"","format":"standard","meta":{"colormag_page_container_layout":"default_layout","colormag_page_sidebar_layout":"default_layout","footnotes":""},"categories":[12,1,14],"tags":[],"class_list":["post-8589","post","type-post","status-publish","format-standard","has-post-thumbnail","hentry","category-8va-seccion","category-destacadas","category-politica"],"yoast_head":"<!-- This site is optimized with the Yoast SEO plugin v27.4 - https:\/\/yoast.com\/product\/yoast-seo-wordpress\/ -->\n<title>El Colegio de la Abogac\u00eda de La Plata despidi\u00f3 el 2025 con acto de cierre y balance de gesti\u00f3n - InfoPBA247<\/title>\n<meta name=\"robots\" content=\"index, follow, max-snippet:-1, max-image-preview:large, max-video-preview:-1\" \/>\n<link rel=\"canonical\" href=\"https:\/\/infopba247.com.ar\/index.php\/2025\/12\/16\/el-colegio-de-la-abogacia-de-la-plata-despidio-el-2025-con-acto-de-cierre-y-balance-de-gestion\/\" \/>\n<meta property=\"og:locale\" content=\"es_ES\" \/>\n<meta property=\"og:type\" content=\"article\" \/>\n<meta property=\"og:title\" content=\"El Colegio de la Abogac\u00eda de La Plata despidi\u00f3 el 2025 con acto de cierre y balance de gesti\u00f3n - InfoPBA247\" \/>\n<meta property=\"og:description\" content=\"El encuentro reuni\u00f3 a autoridades y matr\u00edcula para reconocer trayectorias, repasar los logros del a\u00f1o y presentar los principales ejes\" \/>\n<meta property=\"og:url\" content=\"https:\/\/infopba247.com.ar\/index.php\/2025\/12\/16\/el-colegio-de-la-abogacia-de-la-plata-despidio-el-2025-con-acto-de-cierre-y-balance-de-gestion\/\" \/>\n<meta property=\"og:site_name\" content=\"InfoPBA247\" \/>\n<meta property=\"article:publisher\" content=\"https:\/\/www.facebook.com\/InfoPBA\" \/>\n<meta property=\"article:published_time\" content=\"2025-12-16T17:44:18+00:00\" \/>\n<meta property=\"article:modified_time\" content=\"2025-12-16T17:44:19+00:00\" \/>\n<meta property=\"og:image\" content=\"https:\/\/infopba247.com.ar\/wp-content\/uploads\/2025\/12\/WhatsApp-Image-2025-12-16-at-09.11.46.jpeg\" \/>\n\t<meta property=\"og:image:width\" content=\"1280\" \/>\n\t<meta property=\"og:image:height\" content=\"852\" \/>\n\t<meta property=\"og:image:type\" content=\"image\/jpeg\" \/>\n<meta name=\"author\" content=\"Editor\" \/>\n<meta name=\"twitter:card\" content=\"summary_large_image\" \/>\n<meta name=\"twitter:label1\" content=\"Escrito por\" \/>\n\t<meta name=\"twitter:data1\" content=\"Editor\" \/>\n\t<meta name=\"twitter:label2\" content=\"Tiempo de lectura\" \/>\n\t<meta name=\"twitter:data2\" content=\"4 minutos\" \/>\n<script type=\"application\/ld+json\" class=\"yoast-schema-graph\">{\"@context\":\"https:\\\/\\\/schema.org\",\"@graph\":[{\"@type\":\"Article\",\"@id\":\"https:\\\/\\\/infopba247.com.ar\\\/index.php\\\/2025\\\/12\\\/16\\\/el-colegio-de-la-abogacia-de-la-plata-despidio-el-2025-con-acto-de-cierre-y-balance-de-gestion\\\/#article\",\"isPartOf\":{\"@id\":\"https:\\\/\\\/infopba247.com.ar\\\/index.php\\\/2025\\\/12\\\/16\\\/el-colegio-de-la-abogacia-de-la-plata-despidio-el-2025-con-acto-de-cierre-y-balance-de-gestion\\\/\"},\"author\":{\"name\":\"Editor\",\"@id\":\"https:\\\/\\\/infopba247.com.ar\\\/#\\\/schema\\\/person\\\/4975f1343a413e57bf839b3eed0099f2\"},\"headline\":\"El Colegio de la Abogac\u00eda de La Plata despidi\u00f3 el 2025 con acto de cierre y balance de gesti\u00f3n\",\"datePublished\":\"2025-12-16T17:44:18+00:00\",\"dateModified\":\"2025-12-16T17:44:19+00:00\",\"mainEntityOfPage\":{\"@id\":\"https:\\\/\\\/infopba247.com.ar\\\/index.php\\\/2025\\\/12\\\/16\\\/el-colegio-de-la-abogacia-de-la-plata-despidio-el-2025-con-acto-de-cierre-y-balance-de-gestion\\\/\"},\"wordCount\":720,\"commentCount\":0,\"publisher\":{\"@id\":\"https:\\\/\\\/infopba247.com.ar\\\/#organization\"},\"image\":{\"@id\":\"https:\\\/\\\/infopba247.com.ar\\\/index.php\\\/2025\\\/12\\\/16\\\/el-colegio-de-la-abogacia-de-la-plata-despidio-el-2025-con-acto-de-cierre-y-balance-de-gestion\\\/#primaryimage\"},\"thumbnailUrl\":\"https:\\\/\\\/infopba247.com.ar\\\/wp-content\\\/uploads\\\/2025\\\/12\\\/WhatsApp-Image-2025-12-16-at-09.11.46.jpeg\",\"articleSection\":[\"8va Secci\u00f3n\",\"Destacadas\",\"Pol\u00edtica\"],\"inLanguage\":\"es\",\"potentialAction\":[{\"@type\":\"CommentAction\",\"name\":\"Comment\",\"target\":[\"https:\\\/\\\/infopba247.com.ar\\\/index.php\\\/2025\\\/12\\\/16\\\/el-colegio-de-la-abogacia-de-la-plata-despidio-el-2025-con-acto-de-cierre-y-balance-de-gestion\\\/#respond\"]}]},{\"@type\":\"WebPage\",\"@id\":\"https:\\\/\\\/infopba247.com.ar\\\/index.php\\\/2025\\\/12\\\/16\\\/el-colegio-de-la-abogacia-de-la-plata-despidio-el-2025-con-acto-de-cierre-y-balance-de-gestion\\\/\",\"url\":\"https:\\\/\\\/infopba247.com.ar\\\/index.php\\\/2025\\\/12\\\/16\\\/el-colegio-de-la-abogacia-de-la-plata-despidio-el-2025-con-acto-de-cierre-y-balance-de-gestion\\\/\",\"name\":\"El Colegio de la Abogac\u00eda de La Plata despidi\u00f3 el 2025 con acto de cierre y balance de gesti\u00f3n - InfoPBA247\",\"isPartOf\":{\"@id\":\"https:\\\/\\\/infopba247.com.ar\\\/#website\"},\"primaryImageOfPage\":{\"@id\":\"https:\\\/\\\/infopba247.com.ar\\\/index.php\\\/2025\\\/12\\\/16\\\/el-colegio-de-la-abogacia-de-la-plata-despidio-el-2025-con-acto-de-cierre-y-balance-de-gestion\\\/#primaryimage\"},\"image\":{\"@id\":\"https:\\\/\\\/infopba247.com.ar\\\/index.php\\\/2025\\\/12\\\/16\\\/el-colegio-de-la-abogacia-de-la-plata-despidio-el-2025-con-acto-de-cierre-y-balance-de-gestion\\\/#primaryimage\"},\"thumbnailUrl\":\"https:\\\/\\\/infopba247.com.ar\\\/wp-content\\\/uploads\\\/2025\\\/12\\\/WhatsApp-Image-2025-12-16-at-09.11.46.jpeg\",\"datePublished\":\"2025-12-16T17:44:18+00:00\",\"dateModified\":\"2025-12-16T17:44:19+00:00\",\"breadcrumb\":{\"@id\":\"https:\\\/\\\/infopba247.com.ar\\\/index.php\\\/2025\\\/12\\\/16\\\/el-colegio-de-la-abogacia-de-la-plata-despidio-el-2025-con-acto-de-cierre-y-balance-de-gestion\\\/#breadcrumb\"},\"inLanguage\":\"es\",\"potentialAction\":[{\"@type\":\"ReadAction\",\"target\":[\"https:\\\/\\\/infopba247.com.ar\\\/index.php\\\/2025\\\/12\\\/16\\\/el-colegio-de-la-abogacia-de-la-plata-despidio-el-2025-con-acto-de-cierre-y-balance-de-gestion\\\/\"]}]},{\"@type\":\"ImageObject\",\"inLanguage\":\"es\",\"@id\":\"https:\\\/\\\/infopba247.com.ar\\\/index.php\\\/2025\\\/12\\\/16\\\/el-colegio-de-la-abogacia-de-la-plata-despidio-el-2025-con-acto-de-cierre-y-balance-de-gestion\\\/#primaryimage\",\"url\":\"https:\\\/\\\/infopba247.com.ar\\\/wp-content\\\/uploads\\\/2025\\\/12\\\/WhatsApp-Image-2025-12-16-at-09.11.46.jpeg\",\"contentUrl\":\"https:\\\/\\\/infopba247.com.ar\\\/wp-content\\\/uploads\\\/2025\\\/12\\\/WhatsApp-Image-2025-12-16-at-09.11.46.jpeg\",\"width\":1280,\"height\":852},{\"@type\":\"BreadcrumbList\",\"@id\":\"https:\\\/\\\/infopba247.com.ar\\\/index.php\\\/2025\\\/12\\\/16\\\/el-colegio-de-la-abogacia-de-la-plata-despidio-el-2025-con-acto-de-cierre-y-balance-de-gestion\\\/#breadcrumb\",\"itemListElement\":[{\"@type\":\"ListItem\",\"position\":1,\"name\":\"Portada\",\"item\":\"https:\\\/\\\/infopba247.com.ar\\\/\"},{\"@type\":\"ListItem\",\"position\":2,\"name\":\"El Colegio de la Abogac\u00eda de La Plata despidi\u00f3 el 2025 con acto de cierre y balance de gesti\u00f3n\"}]},{\"@type\":\"WebSite\",\"@id\":\"https:\\\/\\\/infopba247.com.ar\\\/#website\",\"url\":\"https:\\\/\\\/infopba247.com.ar\\\/\",\"name\":\"InfoPBA247\",\"description\":\"Toda la actualidad bonaerense\",\"publisher\":{\"@id\":\"https:\\\/\\\/infopba247.com.ar\\\/#organization\"},\"potentialAction\":[{\"@type\":\"SearchAction\",\"target\":{\"@type\":\"EntryPoint\",\"urlTemplate\":\"https:\\\/\\\/infopba247.com.ar\\\/?s={search_term_string}\"},\"query-input\":{\"@type\":\"PropertyValueSpecification\",\"valueRequired\":true,\"valueName\":\"search_term_string\"}}],\"inLanguage\":\"es\"},{\"@type\":\"Organization\",\"@id\":\"https:\\\/\\\/infopba247.com.ar\\\/#organization\",\"name\":\"InfoPBA247\",\"url\":\"https:\\\/\\\/infopba247.com.ar\\\/\",\"logo\":{\"@type\":\"ImageObject\",\"inLanguage\":\"es\",\"@id\":\"https:\\\/\\\/infopba247.com.ar\\\/#\\\/schema\\\/logo\\\/image\\\/\",\"url\":\"https:\\\/\\\/infopba247.com.ar\\\/wp-content\\\/uploads\\\/2022\\\/03\\\/cropped-InfoPBA247-1.png\",\"contentUrl\":\"https:\\\/\\\/infopba247.com.ar\\\/wp-content\\\/uploads\\\/2022\\\/03\\\/cropped-InfoPBA247-1.png\",\"width\":500,\"height\":122,\"caption\":\"InfoPBA247\"},\"image\":{\"@id\":\"https:\\\/\\\/infopba247.com.ar\\\/#\\\/schema\\\/logo\\\/image\\\/\"},\"sameAs\":[\"https:\\\/\\\/www.facebook.com\\\/InfoPBA\"]},{\"@type\":\"Person\",\"@id\":\"https:\\\/\\\/infopba247.com.ar\\\/#\\\/schema\\\/person\\\/4975f1343a413e57bf839b3eed0099f2\",\"name\":\"Editor\",\"image\":{\"@type\":\"ImageObject\",\"inLanguage\":\"es\",\"@id\":\"https:\\\/\\\/secure.gravatar.com\\\/avatar\\\/d27fe9520667ca53441d36627a1d6b0fa4a813571ec4803687a7a3a7744685ac?s=96&d=mm&r=g\",\"url\":\"https:\\\/\\\/secure.gravatar.com\\\/avatar\\\/d27fe9520667ca53441d36627a1d6b0fa4a813571ec4803687a7a3a7744685ac?s=96&d=mm&r=g\",\"contentUrl\":\"https:\\\/\\\/secure.gravatar.com\\\/avatar\\\/d27fe9520667ca53441d36627a1d6b0fa4a813571ec4803687a7a3a7744685ac?s=96&d=mm&r=g\",\"caption\":\"Editor\"},\"url\":\"https:\\\/\\\/infopba247.com.ar\\\/index.php\\\/author\\\/editor\\\/\"}]}<\/script>\n<!-- \/ Yoast SEO plugin. -->","yoast_head_json":{"title":"El Colegio de la Abogac\u00eda de La Plata despidi\u00f3 el 2025 con acto de cierre y balance de gesti\u00f3n - InfoPBA247","robots":{"index":"index","follow":"follow","max-snippet":"max-snippet:-1","max-image-preview":"max-image-preview:large","max-video-preview":"max-video-preview:-1"},"canonical":"https:\/\/infopba247.com.ar\/index.php\/2025\/12\/16\/el-colegio-de-la-abogacia-de-la-plata-despidio-el-2025-con-acto-de-cierre-y-balance-de-gestion\/","og_locale":"es_ES","og_type":"article","og_title":"El Colegio de la Abogac\u00eda de La Plata despidi\u00f3 el 2025 con acto de cierre y balance de gesti\u00f3n - InfoPBA247","og_description":"El encuentro reuni\u00f3 a autoridades y matr\u00edcula para reconocer trayectorias, repasar los logros del a\u00f1o y presentar los principales ejes","og_url":"https:\/\/infopba247.com.ar\/index.php\/2025\/12\/16\/el-colegio-de-la-abogacia-de-la-plata-despidio-el-2025-con-acto-de-cierre-y-balance-de-gestion\/","og_site_name":"InfoPBA247","article_publisher":"https:\/\/www.facebook.com\/InfoPBA","article_published_time":"2025-12-16T17:44:18+00:00","article_modified_time":"2025-12-16T17:44:19+00:00","og_image":[{"width":1280,"height":852,"url":"https:\/\/infopba247.com.ar\/wp-content\/uploads\/2025\/12\/WhatsApp-Image-2025-12-16-at-09.11.46.jpeg","type":"image\/jpeg"}],"author":"Editor","twitter_card":"summary_large_image","twitter_misc":{"Escrito por":"Editor","Tiempo de lectura":"4 minutos"},"schema":{"@context":"https:\/\/schema.org","@graph":[{"@type":"Article","@id":"https:\/\/infopba247.com.ar\/index.php\/2025\/12\/16\/el-colegio-de-la-abogacia-de-la-plata-despidio-el-2025-con-acto-de-cierre-y-balance-de-gestion\/#article","isPartOf":{"@id":"https:\/\/infopba247.com.ar\/index.php\/2025\/12\/16\/el-colegio-de-la-abogacia-de-la-plata-despidio-el-2025-con-acto-de-cierre-y-balance-de-gestion\/"},"author":{"name":"Editor","@id":"https:\/\/infopba247.com.ar\/#\/schema\/person\/4975f1343a413e57bf839b3eed0099f2"},"headline":"El Colegio de la Abogac\u00eda de La Plata despidi\u00f3 el 2025 con acto de cierre y balance de gesti\u00f3n","datePublished":"2025-12-16T17:44:18+00:00","dateModified":"2025-12-16T17:44:19+00:00","mainEntityOfPage":{"@id":"https:\/\/infopba247.com.ar\/index.php\/2025\/12\/16\/el-colegio-de-la-abogacia-de-la-plata-despidio-el-2025-con-acto-de-cierre-y-balance-de-gestion\/"},"wordCount":720,"commentCount":0,"publisher":{"@id":"https:\/\/infopba247.com.ar\/#organization"},"image":{"@id":"https:\/\/infopba247.com.ar\/index.php\/2025\/12\/16\/el-colegio-de-la-abogacia-de-la-plata-despidio-el-2025-con-acto-de-cierre-y-balance-de-gestion\/#primaryimage"},"thumbnailUrl":"https:\/\/infopba247.com.ar\/wp-content\/uploads\/2025\/12\/WhatsApp-Image-2025-12-16-at-09.11.46.jpeg","articleSection":["8va Secci\u00f3n","Destacadas","Pol\u00edtica"],"inLanguage":"es","potentialAction":[{"@type":"CommentAction","name":"Comment","target":["https:\/\/infopba247.com.ar\/index.php\/2025\/12\/16\/el-colegio-de-la-abogacia-de-la-plata-despidio-el-2025-con-acto-de-cierre-y-balance-de-gestion\/#respond"]}]},{"@type":"WebPage","@id":"https:\/\/infopba247.com.ar\/index.php\/2025\/12\/16\/el-colegio-de-la-abogacia-de-la-plata-despidio-el-2025-con-acto-de-cierre-y-balance-de-gestion\/","url":"https:\/\/infopba247.com.ar\/index.php\/2025\/12\/16\/el-colegio-de-la-abogacia-de-la-plata-despidio-el-2025-con-acto-de-cierre-y-balance-de-gestion\/","name":"El Colegio de la Abogac\u00eda de La Plata despidi\u00f3 el 2025 con acto de cierre y balance de gesti\u00f3n - InfoPBA247","isPartOf":{"@id":"https:\/\/infopba247.com.ar\/#website"},"primaryImageOfPage":{"@id":"https:\/\/infopba247.com.ar\/index.php\/2025\/12\/16\/el-colegio-de-la-abogacia-de-la-plata-despidio-el-2025-con-acto-de-cierre-y-balance-de-gestion\/#primaryimage"},"image":{"@id":"https:\/\/infopba247.com.ar\/index.php\/2025\/12\/16\/el-colegio-de-la-abogacia-de-la-plata-despidio-el-2025-con-acto-de-cierre-y-balance-de-gestion\/#primaryimage"},"thumbnailUrl":"https:\/\/infopba247.com.ar\/wp-content\/uploads\/2025\/12\/WhatsApp-Image-2025-12-16-at-09.11.46.jpeg","datePublished":"2025-12-16T17:44:18+00:00","dateModified":"2025-12-16T17:44:19+00:00","breadcrumb":{"@id":"https:\/\/infopba247.com.ar\/index.php\/2025\/12\/16\/el-colegio-de-la-abogacia-de-la-plata-despidio-el-2025-con-acto-de-cierre-y-balance-de-gestion\/#breadcrumb"},"inLanguage":"es","potentialAction":[{"@type":"ReadAction","target":["https:\/\/infopba247.com.ar\/index.php\/2025\/12\/16\/el-colegio-de-la-abogacia-de-la-plata-despidio-el-2025-con-acto-de-cierre-y-balance-de-gestion\/"]}]},{"@type":"ImageObject","inLanguage":"es","@id":"https:\/\/infopba247.com.ar\/index.php\/2025\/12\/16\/el-colegio-de-la-abogacia-de-la-plata-despidio-el-2025-con-acto-de-cierre-y-balance-de-gestion\/#primaryimage","url":"https:\/\/infopba247.com.ar\/wp-content\/uploads\/2025\/12\/WhatsApp-Image-2025-12-16-at-09.11.46.jpeg","contentUrl":"https:\/\/infopba247.com.ar\/wp-content\/uploads\/2025\/12\/WhatsApp-Image-2025-12-16-at-09.11.46.jpeg","width":1280,"height":852},{"@type":"BreadcrumbList","@id":"https:\/\/infopba247.com.ar\/index.php\/2025\/12\/16\/el-colegio-de-la-abogacia-de-la-plata-despidio-el-2025-con-acto-de-cierre-y-balance-de-gestion\/#breadcrumb","itemListElement":[{"@type":"ListItem","position":1,"name":"Portada","item":"https:\/\/infopba247.com.ar\/"},{"@type":"ListItem","position":2,"name":"El Colegio de la Abogac\u00eda de La Plata despidi\u00f3 el 2025 con acto de cierre y balance de gesti\u00f3n"}]},{"@type":"WebSite","@id":"https:\/\/infopba247.com.ar\/#website","url":"https:\/\/infopba247.com.ar\/","name":"InfoPBA247","description":"Toda la actualidad bonaerense","publisher":{"@id":"https:\/\/infopba247.com.ar\/#organization"},"potentialAction":[{"@type":"SearchAction","target":{"@type":"EntryPoint","urlTemplate":"https:\/\/infopba247.com.ar\/?s={search_term_string}"},"query-input":{"@type":"PropertyValueSpecification","valueRequired":true,"valueName":"search_term_string"}}],"inLanguage":"es"},{"@type":"Organization","@id":"https:\/\/infopba247.com.ar\/#organization","name":"InfoPBA247","url":"https:\/\/infopba247.com.ar\/","logo":{"@type":"ImageObject","inLanguage":"es","@id":"https:\/\/infopba247.com.ar\/#\/schema\/logo\/image\/","url":"https:\/\/infopba247.com.ar\/wp-content\/uploads\/2022\/03\/cropped-InfoPBA247-1.png","contentUrl":"https:\/\/infopba247.com.ar\/wp-content\/uploads\/2022\/03\/cropped-InfoPBA247-1.png","width":500,"height":122,"caption":"InfoPBA247"},"image":{"@id":"https:\/\/infopba247.com.ar\/#\/schema\/logo\/image\/"},"sameAs":["https:\/\/www.facebook.com\/InfoPBA"]},{"@type":"Person","@id":"https:\/\/infopba247.com.ar\/#\/schema\/person\/4975f1343a413e57bf839b3eed0099f2","name":"Editor","image":{"@type":"ImageObject","inLanguage":"es","@id":"https:\/\/secure.gravatar.com\/avatar\/d27fe9520667ca53441d36627a1d6b0fa4a813571ec4803687a7a3a7744685ac?s=96&d=mm&r=g","url":"https:\/\/secure.gravatar.com\/avatar\/d27fe9520667ca53441d36627a1d6b0fa4a813571ec4803687a7a3a7744685ac?s=96&d=mm&r=g","contentUrl":"https:\/\/secure.gravatar.com\/avatar\/d27fe9520667ca53441d36627a1d6b0fa4a813571ec4803687a7a3a7744685ac?s=96&d=mm&r=g","caption":"Editor"},"url":"https:\/\/infopba247.com.ar\/index.php\/author\/editor\/"}]}},"_links":{"self":[{"href":"https:\/\/infopba247.com.ar\/index.php\/wp-json\/wp\/v2\/posts\/8589","targetHints":{"allow":["GET"]}}],"collection":[{"href":"https:\/\/infopba247.com.ar\/index.php\/wp-json\/wp\/v2\/posts"}],"about":[{"href":"https:\/\/infopba247.com.ar\/index.php\/wp-json\/wp\/v2\/types\/post"}],"author":[{"embeddable":true,"href":"https:\/\/infopba247.com.ar\/index.php\/wp-json\/wp\/v2\/users\/3"}],"replies":[{"embeddable":true,"href":"https:\/\/infopba247.com.ar\/index.php\/wp-json\/wp\/v2\/comments?post=8589"}],"version-history":[{"count":1,"href":"https:\/\/infopba247.com.ar\/index.php\/wp-json\/wp\/v2\/posts\/8589\/revisions"}],"predecessor-version":[{"id":8591,"href":"https:\/\/infopba247.com.ar\/index.php\/wp-json\/wp\/v2\/posts\/8589\/revisions\/8591"}],"wp:featuredmedia":[{"embeddable":true,"href":"https:\/\/infopba247.com.ar\/index.php\/wp-json\/wp\/v2\/media\/8590"}],"wp:attachment":[{"href":"https:\/\/infopba247.com.ar\/index.php\/wp-json\/wp\/v2\/media?parent=8589"}],"wp:term":[{"taxonomy":"category","embeddable":true,"href":"https:\/\/infopba247.com.ar\/index.php\/wp-json\/wp\/v2\/categories?post=8589"},{"taxonomy":"post_tag","embeddable":true,"href":"https:\/\/infopba247.com.ar\/index.php\/wp-json\/wp\/v2\/tags?post=8589"}],"curies":[{"name":"wp","href":"https:\/\/api.w.org\/{rel}","templated":true}]}}