{"id":8587,"date":"2025-12-15T15:11:40","date_gmt":"2025-12-15T18:11:40","guid":{"rendered":"https:\/\/infopba247.com.ar\/?p=8587"},"modified":"2025-12-15T15:11:40","modified_gmt":"2025-12-15T18:11:40","slug":"monte-hermoso-una-jornada-historica-para-el-crecimiento-y-bienestar-local","status":"publish","type":"post","link":"https:\/\/infopba247.com.ar\/index.php\/2025\/12\/15\/monte-hermoso-una-jornada-historica-para-el-crecimiento-y-bienestar-local\/","title":{"rendered":"Monte Hermoso: una jornada hist\u00f3rica para el crecimiento y bienestar local"},"content":{"rendered":"\n<p>Este viernes 12 de diciembre, Monte Hermoso vivi\u00f3 una jornada hist\u00f3rica que marcar\u00e1 un antes y un despu\u00e9s en el desarrollo de la ciudad. Con la presencia del gobernador Axel Kicillof y el intendente Hern\u00e1n Arranz, se inauguraron importantes obras que refuerzan la infraestructura educativa, sanitaria y habitacional de la comunidad local.<\/p>\n\n\n\n<p>En primer lugar, se celebr\u00f3 la apertura del&nbsp;primer Centro Universitario de Monte Hermoso, un avance fundamental que acerca la educaci\u00f3n superior a los j\u00f3venes de la regi\u00f3n, evitando que tengan que trasladarse a otras localidades. Este centro brindar\u00e1 nuevas oportunidades de formaci\u00f3n acad\u00e9mica y profesional, consolidando a Monte Hermoso como un punto clave de desarrollo educativo en la regi\u00f3n.<\/p>\n\n\n\n<p>En el \u00e1mbito de la&nbsp;salud, se inaugur\u00f3 la&nbsp;Planta de Ox\u00edgeno Medicinal, una obra que permitir\u00e1 abastecer de ox\u00edgeno a todo el sistema sanitario local de manera aut\u00f3noma, optimizando los recursos del Hospital Modular y dem\u00e1s centros de salud. Con esta planta, se garantiza un servicio m\u00e1s eficiente, en especial en situaciones de emergencia.<\/p>\n\n\n\n<p>La jornada tambi\u00e9n incluy\u00f3 la entrega de una ambulancia de alta complejidad y un ec\u00f3grafo para el Centro de Im\u00e1genes del Hospital Modular, lo que refuerza la capacidad de atenci\u00f3n de urgencias y mejora la calidad de los diagn\u00f3sticos m\u00e9dicos en la ciudad.<\/p>\n\n\n\n<p>El acto cerr\u00f3 con un emotivo momento: la entrega de las llaves de sus nuevas casas a 28 familias, quienes finalmente pudieron acceder a la vivienda propia, un sue\u00f1o hecho realidad gracias a las pol\u00edticas habitacionales impulsadas por el Municipio.<\/p>\n\n\n\n<p>Estos logros reflejan el compromiso del Estado municipal y provincial con el crecimiento, la salud y el bienestar de la comunidad de Monte Hermoso, consolidando un futuro m\u00e1s prometedor para todos los habitantes de la ciudad.<\/p>\n","protected":false},"excerpt":{"rendered":"<p>Este viernes 12 de diciembre, Monte Hermoso vivi\u00f3 una jornada hist\u00f3rica que marcar\u00e1 un antes y un despu\u00e9s en el<\/p>\n","protected":false},"author":3,"featured_media":8577,"comment_status":"open","ping_status":"open","sticky":false,"template":"","format":"standard","meta":{"colormag_page_container_layout":"default_layout","colormag_page_sidebar_layout":"default_layout","footnotes":""},"categories":[10,1,14],"tags":[],"class_list":["post-8587","post","type-post","status-publish","format-standard","has-post-thumbnail","hentry","category-6ta-seccion","category-destacadas","category-politica"],"yoast_head":"<!-- This site is optimized with the Yoast SEO plugin v27.4 - https:\/\/yoast.com\/product\/yoast-seo-wordpress\/ -->\n<title>Monte Hermoso: una jornada hist\u00f3rica para el crecimiento y bienestar local - InfoPBA247<\/title>\n<meta name=\"robots\" content=\"index, follow, max-snippet:-1, max-image-preview:large, max-video-preview:-1\" \/>\n<link rel=\"canonical\" href=\"https:\/\/infopba247.com.ar\/index.php\/2025\/12\/15\/monte-hermoso-una-jornada-historica-para-el-crecimiento-y-bienestar-local\/\" \/>\n<meta property=\"og:locale\" content=\"es_ES\" \/>\n<meta property=\"og:type\" content=\"article\" \/>\n<meta property=\"og:title\" content=\"Monte Hermoso: una jornada hist\u00f3rica para el crecimiento y bienestar local - InfoPBA247\" \/>\n<meta property=\"og:description\" content=\"Este viernes 12 de diciembre, Monte Hermoso vivi\u00f3 una jornada hist\u00f3rica que marcar\u00e1 un antes y un despu\u00e9s en el\" \/>\n<meta property=\"og:url\" content=\"https:\/\/infopba247.com.ar\/index.php\/2025\/12\/15\/monte-hermoso-una-jornada-historica-para-el-crecimiento-y-bienestar-local\/\" \/>\n<meta property=\"og:site_name\" content=\"InfoPBA247\" \/>\n<meta property=\"article:publisher\" content=\"https:\/\/www.facebook.com\/InfoPBA\" \/>\n<meta property=\"article:published_time\" content=\"2025-12-15T18:11:40+00:00\" \/>\n<meta property=\"og:image\" content=\"https:\/\/infopba247.com.ar\/wp-content\/uploads\/2025\/12\/600309859_1359548476212834_4900995310315759179_n-800x445-1.jpg\" \/>\n\t<meta property=\"og:image:width\" content=\"800\" \/>\n\t<meta property=\"og:image:height\" content=\"445\" \/>\n\t<meta property=\"og:image:type\" content=\"image\/jpeg\" \/>\n<meta name=\"author\" content=\"Editor\" \/>\n<meta name=\"twitter:card\" content=\"summary_large_image\" \/>\n<meta name=\"twitter:label1\" content=\"Escrito por\" \/>\n\t<meta name=\"twitter:data1\" content=\"Editor\" \/>\n\t<meta name=\"twitter:label2\" content=\"Tiempo de lectura\" \/>\n\t<meta name=\"twitter:data2\" content=\"2 minutos\" \/>\n<script type=\"application\/ld+json\" class=\"yoast-schema-graph\">{\"@context\":\"https:\\\/\\\/schema.org\",\"@graph\":[{\"@type\":\"Article\",\"@id\":\"https:\\\/\\\/infopba247.com.ar\\\/index.php\\\/2025\\\/12\\\/15\\\/monte-hermoso-una-jornada-historica-para-el-crecimiento-y-bienestar-local\\\/#article\",\"isPartOf\":{\"@id\":\"https:\\\/\\\/infopba247.com.ar\\\/index.php\\\/2025\\\/12\\\/15\\\/monte-hermoso-una-jornada-historica-para-el-crecimiento-y-bienestar-local\\\/\"},\"author\":{\"name\":\"Editor\",\"@id\":\"https:\\\/\\\/infopba247.com.ar\\\/#\\\/schema\\\/person\\\/4975f1343a413e57bf839b3eed0099f2\"},\"headline\":\"Monte Hermoso: una jornada hist\u00f3rica para el crecimiento y bienestar local\",\"datePublished\":\"2025-12-15T18:11:40+00:00\",\"mainEntityOfPage\":{\"@id\":\"https:\\\/\\\/infopba247.com.ar\\\/index.php\\\/2025\\\/12\\\/15\\\/monte-hermoso-una-jornada-historica-para-el-crecimiento-y-bienestar-local\\\/\"},\"wordCount\":322,\"commentCount\":0,\"publisher\":{\"@id\":\"https:\\\/\\\/infopba247.com.ar\\\/#organization\"},\"image\":{\"@id\":\"https:\\\/\\\/infopba247.com.ar\\\/index.php\\\/2025\\\/12\\\/15\\\/monte-hermoso-una-jornada-historica-para-el-crecimiento-y-bienestar-local\\\/#primaryimage\"},\"thumbnailUrl\":\"https:\\\/\\\/infopba247.com.ar\\\/wp-content\\\/uploads\\\/2025\\\/12\\\/600309859_1359548476212834_4900995310315759179_n-800x445-1.jpg\",\"articleSection\":[\"6ta Secci\u00f3n\",\"Destacadas\",\"Pol\u00edtica\"],\"inLanguage\":\"es\",\"potentialAction\":[{\"@type\":\"CommentAction\",\"name\":\"Comment\",\"target\":[\"https:\\\/\\\/infopba247.com.ar\\\/index.php\\\/2025\\\/12\\\/15\\\/monte-hermoso-una-jornada-historica-para-el-crecimiento-y-bienestar-local\\\/#respond\"]}]},{\"@type\":\"WebPage\",\"@id\":\"https:\\\/\\\/infopba247.com.ar\\\/index.php\\\/2025\\\/12\\\/15\\\/monte-hermoso-una-jornada-historica-para-el-crecimiento-y-bienestar-local\\\/\",\"url\":\"https:\\\/\\\/infopba247.com.ar\\\/index.php\\\/2025\\\/12\\\/15\\\/monte-hermoso-una-jornada-historica-para-el-crecimiento-y-bienestar-local\\\/\",\"name\":\"Monte Hermoso: una jornada hist\u00f3rica para el crecimiento y bienestar local - InfoPBA247\",\"isPartOf\":{\"@id\":\"https:\\\/\\\/infopba247.com.ar\\\/#website\"},\"primaryImageOfPage\":{\"@id\":\"https:\\\/\\\/infopba247.com.ar\\\/index.php\\\/2025\\\/12\\\/15\\\/monte-hermoso-una-jornada-historica-para-el-crecimiento-y-bienestar-local\\\/#primaryimage\"},\"image\":{\"@id\":\"https:\\\/\\\/infopba247.com.ar\\\/index.php\\\/2025\\\/12\\\/15\\\/monte-hermoso-una-jornada-historica-para-el-crecimiento-y-bienestar-local\\\/#primaryimage\"},\"thumbnailUrl\":\"https:\\\/\\\/infopba247.com.ar\\\/wp-content\\\/uploads\\\/2025\\\/12\\\/600309859_1359548476212834_4900995310315759179_n-800x445-1.jpg\",\"datePublished\":\"2025-12-15T18:11:40+00:00\",\"breadcrumb\":{\"@id\":\"https:\\\/\\\/infopba247.com.ar\\\/index.php\\\/2025\\\/12\\\/15\\\/monte-hermoso-una-jornada-historica-para-el-crecimiento-y-bienestar-local\\\/#breadcrumb\"},\"inLanguage\":\"es\",\"potentialAction\":[{\"@type\":\"ReadAction\",\"target\":[\"https:\\\/\\\/infopba247.com.ar\\\/index.php\\\/2025\\\/12\\\/15\\\/monte-hermoso-una-jornada-historica-para-el-crecimiento-y-bienestar-local\\\/\"]}]},{\"@type\":\"ImageObject\",\"inLanguage\":\"es\",\"@id\":\"https:\\\/\\\/infopba247.com.ar\\\/index.php\\\/2025\\\/12\\\/15\\\/monte-hermoso-una-jornada-historica-para-el-crecimiento-y-bienestar-local\\\/#primaryimage\",\"url\":\"https:\\\/\\\/infopba247.com.ar\\\/wp-content\\\/uploads\\\/2025\\\/12\\\/600309859_1359548476212834_4900995310315759179_n-800x445-1.jpg\",\"contentUrl\":\"https:\\\/\\\/infopba247.com.ar\\\/wp-content\\\/uploads\\\/2025\\\/12\\\/600309859_1359548476212834_4900995310315759179_n-800x445-1.jpg\",\"width\":800,\"height\":445},{\"@type\":\"BreadcrumbList\",\"@id\":\"https:\\\/\\\/infopba247.com.ar\\\/index.php\\\/2025\\\/12\\\/15\\\/monte-hermoso-una-jornada-historica-para-el-crecimiento-y-bienestar-local\\\/#breadcrumb\",\"itemListElement\":[{\"@type\":\"ListItem\",\"position\":1,\"name\":\"Portada\",\"item\":\"https:\\\/\\\/infopba247.com.ar\\\/\"},{\"@type\":\"ListItem\",\"position\":2,\"name\":\"Monte Hermoso: una jornada hist\u00f3rica para el crecimiento y bienestar local\"}]},{\"@type\":\"WebSite\",\"@id\":\"https:\\\/\\\/infopba247.com.ar\\\/#website\",\"url\":\"https:\\\/\\\/infopba247.com.ar\\\/\",\"name\":\"InfoPBA247\",\"description\":\"Toda la actualidad bonaerense\",\"publisher\":{\"@id\":\"https:\\\/\\\/infopba247.com.ar\\\/#organization\"},\"potentialAction\":[{\"@type\":\"SearchAction\",\"target\":{\"@type\":\"EntryPoint\",\"urlTemplate\":\"https:\\\/\\\/infopba247.com.ar\\\/?s={search_term_string}\"},\"query-input\":{\"@type\":\"PropertyValueSpecification\",\"valueRequired\":true,\"valueName\":\"search_term_string\"}}],\"inLanguage\":\"es\"},{\"@type\":\"Organization\",\"@id\":\"https:\\\/\\\/infopba247.com.ar\\\/#organization\",\"name\":\"InfoPBA247\",\"url\":\"https:\\\/\\\/infopba247.com.ar\\\/\",\"logo\":{\"@type\":\"ImageObject\",\"inLanguage\":\"es\",\"@id\":\"https:\\\/\\\/infopba247.com.ar\\\/#\\\/schema\\\/logo\\\/image\\\/\",\"url\":\"https:\\\/\\\/infopba247.com.ar\\\/wp-content\\\/uploads\\\/2022\\\/03\\\/cropped-InfoPBA247-1.png\",\"contentUrl\":\"https:\\\/\\\/infopba247.com.ar\\\/wp-content\\\/uploads\\\/2022\\\/03\\\/cropped-InfoPBA247-1.png\",\"width\":500,\"height\":122,\"caption\":\"InfoPBA247\"},\"image\":{\"@id\":\"https:\\\/\\\/infopba247.com.ar\\\/#\\\/schema\\\/logo\\\/image\\\/\"},\"sameAs\":[\"https:\\\/\\\/www.facebook.com\\\/InfoPBA\"]},{\"@type\":\"Person\",\"@id\":\"https:\\\/\\\/infopba247.com.ar\\\/#\\\/schema\\\/person\\\/4975f1343a413e57bf839b3eed0099f2\",\"name\":\"Editor\",\"image\":{\"@type\":\"ImageObject\",\"inLanguage\":\"es\",\"@id\":\"https:\\\/\\\/secure.gravatar.com\\\/avatar\\\/d27fe9520667ca53441d36627a1d6b0fa4a813571ec4803687a7a3a7744685ac?s=96&d=mm&r=g\",\"url\":\"https:\\\/\\\/secure.gravatar.com\\\/avatar\\\/d27fe9520667ca53441d36627a1d6b0fa4a813571ec4803687a7a3a7744685ac?s=96&d=mm&r=g\",\"contentUrl\":\"https:\\\/\\\/secure.gravatar.com\\\/avatar\\\/d27fe9520667ca53441d36627a1d6b0fa4a813571ec4803687a7a3a7744685ac?s=96&d=mm&r=g\",\"caption\":\"Editor\"},\"url\":\"https:\\\/\\\/infopba247.com.ar\\\/index.php\\\/author\\\/editor\\\/\"}]}<\/script>\n<!-- \/ Yoast SEO plugin. -->","yoast_head_json":{"title":"Monte Hermoso: una jornada hist\u00f3rica para el crecimiento y bienestar local - InfoPBA247","robots":{"index":"index","follow":"follow","max-snippet":"max-snippet:-1","max-image-preview":"max-image-preview:large","max-video-preview":"max-video-preview:-1"},"canonical":"https:\/\/infopba247.com.ar\/index.php\/2025\/12\/15\/monte-hermoso-una-jornada-historica-para-el-crecimiento-y-bienestar-local\/","og_locale":"es_ES","og_type":"article","og_title":"Monte Hermoso: una jornada hist\u00f3rica para el crecimiento y bienestar local - InfoPBA247","og_description":"Este viernes 12 de diciembre, Monte Hermoso vivi\u00f3 una jornada hist\u00f3rica que marcar\u00e1 un antes y un despu\u00e9s en el","og_url":"https:\/\/infopba247.com.ar\/index.php\/2025\/12\/15\/monte-hermoso-una-jornada-historica-para-el-crecimiento-y-bienestar-local\/","og_site_name":"InfoPBA247","article_publisher":"https:\/\/www.facebook.com\/InfoPBA","article_published_time":"2025-12-15T18:11:40+00:00","og_image":[{"width":800,"height":445,"url":"https:\/\/infopba247.com.ar\/wp-content\/uploads\/2025\/12\/600309859_1359548476212834_4900995310315759179_n-800x445-1.jpg","type":"image\/jpeg"}],"author":"Editor","twitter_card":"summary_large_image","twitter_misc":{"Escrito por":"Editor","Tiempo de lectura":"2 minutos"},"schema":{"@context":"https:\/\/schema.org","@graph":[{"@type":"Article","@id":"https:\/\/infopba247.com.ar\/index.php\/2025\/12\/15\/monte-hermoso-una-jornada-historica-para-el-crecimiento-y-bienestar-local\/#article","isPartOf":{"@id":"https:\/\/infopba247.com.ar\/index.php\/2025\/12\/15\/monte-hermoso-una-jornada-historica-para-el-crecimiento-y-bienestar-local\/"},"author":{"name":"Editor","@id":"https:\/\/infopba247.com.ar\/#\/schema\/person\/4975f1343a413e57bf839b3eed0099f2"},"headline":"Monte Hermoso: una jornada hist\u00f3rica para el crecimiento y bienestar local","datePublished":"2025-12-15T18:11:40+00:00","mainEntityOfPage":{"@id":"https:\/\/infopba247.com.ar\/index.php\/2025\/12\/15\/monte-hermoso-una-jornada-historica-para-el-crecimiento-y-bienestar-local\/"},"wordCount":322,"commentCount":0,"publisher":{"@id":"https:\/\/infopba247.com.ar\/#organization"},"image":{"@id":"https:\/\/infopba247.com.ar\/index.php\/2025\/12\/15\/monte-hermoso-una-jornada-historica-para-el-crecimiento-y-bienestar-local\/#primaryimage"},"thumbnailUrl":"https:\/\/infopba247.com.ar\/wp-content\/uploads\/2025\/12\/600309859_1359548476212834_4900995310315759179_n-800x445-1.jpg","articleSection":["6ta Secci\u00f3n","Destacadas","Pol\u00edtica"],"inLanguage":"es","potentialAction":[{"@type":"CommentAction","name":"Comment","target":["https:\/\/infopba247.com.ar\/index.php\/2025\/12\/15\/monte-hermoso-una-jornada-historica-para-el-crecimiento-y-bienestar-local\/#respond"]}]},{"@type":"WebPage","@id":"https:\/\/infopba247.com.ar\/index.php\/2025\/12\/15\/monte-hermoso-una-jornada-historica-para-el-crecimiento-y-bienestar-local\/","url":"https:\/\/infopba247.com.ar\/index.php\/2025\/12\/15\/monte-hermoso-una-jornada-historica-para-el-crecimiento-y-bienestar-local\/","name":"Monte Hermoso: una jornada hist\u00f3rica para el crecimiento y bienestar local - InfoPBA247","isPartOf":{"@id":"https:\/\/infopba247.com.ar\/#website"},"primaryImageOfPage":{"@id":"https:\/\/infopba247.com.ar\/index.php\/2025\/12\/15\/monte-hermoso-una-jornada-historica-para-el-crecimiento-y-bienestar-local\/#primaryimage"},"image":{"@id":"https:\/\/infopba247.com.ar\/index.php\/2025\/12\/15\/monte-hermoso-una-jornada-historica-para-el-crecimiento-y-bienestar-local\/#primaryimage"},"thumbnailUrl":"https:\/\/infopba247.com.ar\/wp-content\/uploads\/2025\/12\/600309859_1359548476212834_4900995310315759179_n-800x445-1.jpg","datePublished":"2025-12-15T18:11:40+00:00","breadcrumb":{"@id":"https:\/\/infopba247.com.ar\/index.php\/2025\/12\/15\/monte-hermoso-una-jornada-historica-para-el-crecimiento-y-bienestar-local\/#breadcrumb"},"inLanguage":"es","potentialAction":[{"@type":"ReadAction","target":["https:\/\/infopba247.com.ar\/index.php\/2025\/12\/15\/monte-hermoso-una-jornada-historica-para-el-crecimiento-y-bienestar-local\/"]}]},{"@type":"ImageObject","inLanguage":"es","@id":"https:\/\/infopba247.com.ar\/index.php\/2025\/12\/15\/monte-hermoso-una-jornada-historica-para-el-crecimiento-y-bienestar-local\/#primaryimage","url":"https:\/\/infopba247.com.ar\/wp-content\/uploads\/2025\/12\/600309859_1359548476212834_4900995310315759179_n-800x445-1.jpg","contentUrl":"https:\/\/infopba247.com.ar\/wp-content\/uploads\/2025\/12\/600309859_1359548476212834_4900995310315759179_n-800x445-1.jpg","width":800,"height":445},{"@type":"BreadcrumbList","@id":"https:\/\/infopba247.com.ar\/index.php\/2025\/12\/15\/monte-hermoso-una-jornada-historica-para-el-crecimiento-y-bienestar-local\/#breadcrumb","itemListElement":[{"@type":"ListItem","position":1,"name":"Portada","item":"https:\/\/infopba247.com.ar\/"},{"@type":"ListItem","position":2,"name":"Monte Hermoso: una jornada hist\u00f3rica para el crecimiento y bienestar local"}]},{"@type":"WebSite","@id":"https:\/\/infopba247.com.ar\/#website","url":"https:\/\/infopba247.com.ar\/","name":"InfoPBA247","description":"Toda la actualidad bonaerense","publisher":{"@id":"https:\/\/infopba247.com.ar\/#organization"},"potentialAction":[{"@type":"SearchAction","target":{"@type":"EntryPoint","urlTemplate":"https:\/\/infopba247.com.ar\/?s={search_term_string}"},"query-input":{"@type":"PropertyValueSpecification","valueRequired":true,"valueName":"search_term_string"}}],"inLanguage":"es"},{"@type":"Organization","@id":"https:\/\/infopba247.com.ar\/#organization","name":"InfoPBA247","url":"https:\/\/infopba247.com.ar\/","logo":{"@type":"ImageObject","inLanguage":"es","@id":"https:\/\/infopba247.com.ar\/#\/schema\/logo\/image\/","url":"https:\/\/infopba247.com.ar\/wp-content\/uploads\/2022\/03\/cropped-InfoPBA247-1.png","contentUrl":"https:\/\/infopba247.com.ar\/wp-content\/uploads\/2022\/03\/cropped-InfoPBA247-1.png","width":500,"height":122,"caption":"InfoPBA247"},"image":{"@id":"https:\/\/infopba247.com.ar\/#\/schema\/logo\/image\/"},"sameAs":["https:\/\/www.facebook.com\/InfoPBA"]},{"@type":"Person","@id":"https:\/\/infopba247.com.ar\/#\/schema\/person\/4975f1343a413e57bf839b3eed0099f2","name":"Editor","image":{"@type":"ImageObject","inLanguage":"es","@id":"https:\/\/secure.gravatar.com\/avatar\/d27fe9520667ca53441d36627a1d6b0fa4a813571ec4803687a7a3a7744685ac?s=96&d=mm&r=g","url":"https:\/\/secure.gravatar.com\/avatar\/d27fe9520667ca53441d36627a1d6b0fa4a813571ec4803687a7a3a7744685ac?s=96&d=mm&r=g","contentUrl":"https:\/\/secure.gravatar.com\/avatar\/d27fe9520667ca53441d36627a1d6b0fa4a813571ec4803687a7a3a7744685ac?s=96&d=mm&r=g","caption":"Editor"},"url":"https:\/\/infopba247.com.ar\/index.php\/author\/editor\/"}]}},"_links":{"self":[{"href":"https:\/\/infopba247.com.ar\/index.php\/wp-json\/wp\/v2\/posts\/8587","targetHints":{"allow":["GET"]}}],"collection":[{"href":"https:\/\/infopba247.com.ar\/index.php\/wp-json\/wp\/v2\/posts"}],"about":[{"href":"https:\/\/infopba247.com.ar\/index.php\/wp-json\/wp\/v2\/types\/post"}],"author":[{"embeddable":true,"href":"https:\/\/infopba247.com.ar\/index.php\/wp-json\/wp\/v2\/users\/3"}],"replies":[{"embeddable":true,"href":"https:\/\/infopba247.com.ar\/index.php\/wp-json\/wp\/v2\/comments?post=8587"}],"version-history":[{"count":1,"href":"https:\/\/infopba247.com.ar\/index.php\/wp-json\/wp\/v2\/posts\/8587\/revisions"}],"predecessor-version":[{"id":8588,"href":"https:\/\/infopba247.com.ar\/index.php\/wp-json\/wp\/v2\/posts\/8587\/revisions\/8588"}],"wp:featuredmedia":[{"embeddable":true,"href":"https:\/\/infopba247.com.ar\/index.php\/wp-json\/wp\/v2\/media\/8577"}],"wp:attachment":[{"href":"https:\/\/infopba247.com.ar\/index.php\/wp-json\/wp\/v2\/media?parent=8587"}],"wp:term":[{"taxonomy":"category","embeddable":true,"href":"https:\/\/infopba247.com.ar\/index.php\/wp-json\/wp\/v2\/categories?post=8587"},{"taxonomy":"post_tag","embeddable":true,"href":"https:\/\/infopba247.com.ar\/index.php\/wp-json\/wp\/v2\/tags?post=8587"}],"curies":[{"name":"wp","href":"https:\/\/api.w.org\/{rel}","templated":true}]}}