{"id":8585,"date":"2025-12-15T15:11:04","date_gmt":"2025-12-15T18:11:04","guid":{"rendered":"https:\/\/infopba247.com.ar\/?p=8585"},"modified":"2025-12-15T15:11:05","modified_gmt":"2025-12-15T18:11:05","slug":"mariel-fernandez-inauguro-un-microestadio-y-una-pileta-con-olas-en-el-diego-armando-maradona-de-cuartel-v","status":"publish","type":"post","link":"https:\/\/infopba247.com.ar\/index.php\/2025\/12\/15\/mariel-fernandez-inauguro-un-microestadio-y-una-pileta-con-olas-en-el-diego-armando-maradona-de-cuartel-v\/","title":{"rendered":"Mariel Fern\u00e1ndez inaugur\u00f3 un microestadio y una pileta con olas en el \u201cDiego Armando Maradona\u201d de Cuartel V"},"content":{"rendered":"\n<p>La intendenta Mariel Fern\u00e1ndez, encabez\u00f3 la inauguraci\u00f3n de un microestadio y una pileta con olas en el Polideportivo \u201cDiego Armando Maradona\u201d (DAM), ubicado sobre la Ruta Provincial N\u00b0 24, kil\u00f3metro 56,5 en Cuartel V, una obra que consolida al predio como uno de los complejos deportivos y recreativos p\u00fablicos m\u00e1s importantes de la regi\u00f3n.<\/p>\n\n\n\n<p>Previamente, se llev\u00f3 adelante una bicicleteada para poner en marcha una bicisenda construida, con un tramo que comprende m\u00e1s de 2 kil\u00f3metros, desde Colectora Gutenberg hasta la entrada al Polideportivo DAM.<\/p>\n\n\n\n<p>Durante la jornada, la jefa comunal, expres\u00f3: \u201cCumplimos con un derecho de que todos los habitantes de Moreno puedan acceder a la pr\u00e1ctica deportiva. Este es un Polideportivo no solamente para todo Moreno, va a ser de uso regional por la calidad\u201d, y agreg\u00f3 \u201cCuando est\u00e1bamos con los centros culturales y con el trabajo en el barrio, ve\u00edamos la gran necesidad de las y los j\u00f3venes de contar con un espacio deportivo, porque si no, \u00bfqu\u00e9 le ofrec\u00edamos a los j\u00f3venes en nuestra comunidad? en la marginalidad es muy dif\u00edcil construir la identidad, porque a veces se terminan identificando con las cosas malas que ofrece la marginalidad\u00bb.<\/p>\n\n\n\n<p>Asimismo, la intendenta remarc\u00f3: \u201cEsto es un sue\u00f1o que de alguna manera construimos entre todos y que lo estamos cumpliendo ahora desde el Gobierno municipal y tengo muchas ganas de que todos lo disfruten y que incentive a toda la comunidad a que lo use\u201d, y a\u00f1adi\u00f3 \u201cHace muchos a\u00f1os cuando nuestro trabajo era acompa\u00f1ar a los j\u00f3venes de nuestra comunidad, hicimos \u2018Un grito a 23 kil\u00f3metros\u2019 porque estaban muriendo muchos j\u00f3venes en enfrentamientos por el narcomenudeo y ped\u00edamos a gritos que alguien nos escuchara. Esto es parte de ese grito, pero hoy es un grito de alegr\u00eda, un grito de felicidad, y un grito de no los merecemos\u201d.<\/p>\n\n\n\n<p>En cuanto al microestadio, se trata de un espacio cubierto de 2.300 m\u00b2 especialmente dise\u00f1ado para el desarrollo de actividades deportivas y competitivas de alto nivel. Cuenta con una tribuna con capacidad para 500 personas sentadas y un tablero electr\u00f3nico, que acompa\u00f1an la realizaci\u00f3n de m\u00faltiples disciplinas. El \u00e1rea deportiva incluye un play\u00f3n multiprop\u00f3sito de 20 x 40 metros, con piso de est\u00e1ndar internacional, apto para la pr\u00e1ctica de handball, b\u00e1squet, futsal y una cancha principal de v\u00f3ley, adem\u00e1s de tres canchas de v\u00f3ley destinadas al entrenamiento.<\/p>\n\n\n\n<p>El complejo se completa con un \u00e1rea de apoyo equipada con Sal\u00f3n de Usos M\u00faltiples, sala de reuniones, vestuarios y sanitarios para hombres y mujeres, dos salas de control y sala de m\u00e1quinas, junto a un sector exterior semi cubierto de aproximadamente 380 m\u00b2, lo que permite albergar torneos federativos y competencias de alcance municipal, provincial, nacional e internacional.<\/p>\n\n\n\n<p>Asimismo, se inaugur\u00f3 una pileta con olas destinada al esparcimiento de la comunidad y a la vez al entrenamiento de deportistas de alto rendimiento.<\/p>\n\n\n\n<p>Estas obras se suman y fortalecen el Polideportivo DAM, inaugurado en 2024 y construido a trav\u00e9s del Fondo de Financiamiento Educativo, el cual respondi\u00f3 a una hist\u00f3rica demanda de la comunidad de la zona. De esta manera, el Gobierno local ampl\u00eda derechos y garantiza el acceso al deporte, la recreaci\u00f3n y el encuentro de las y los morenenses.<\/p>\n\n\n\n<p>Estuvieron tambi\u00e9n presentes, Cynthia Mu\u00f1oz, secretaria de Cultura, Educaci\u00f3n y Deportes; Mar\u00eda Gim\u00e9nez, secretaria de Obras y Servicios P\u00fablicos; Emmanuel Fern\u00e1ndez, presidente del Concejo Deliberante; Noelia Saavedra, diputada provincial, vecinas, vecinos, ni\u00f1as, ni\u00f1os, deportistas y autoridades municipales.<\/p>\n\n\n\n<p>Las personas interesadas en sumarse a las actividades, pueden inscribirse de lunes a domingos de 8 a 19 horas, en las instalaciones del predio, contactarse v\u00eda redes sociales en: @polideportivodam \u00f3 enviar un WhatsApp al: 1135043590.<\/p>\n","protected":false},"excerpt":{"rendered":"<p>La intendenta Mariel Fern\u00e1ndez, encabez\u00f3 la inauguraci\u00f3n de un microestadio y una pileta con olas en el Polideportivo \u201cDiego Armando<\/p>\n","protected":false},"author":3,"featured_media":8578,"comment_status":"open","ping_status":"open","sticky":false,"template":"","format":"standard","meta":{"colormag_page_container_layout":"default_layout","colormag_page_sidebar_layout":"default_layout","footnotes":""},"categories":[5,1,14],"tags":[],"class_list":["post-8585","post","type-post","status-publish","format-standard","has-post-thumbnail","hentry","category-1ra-seccion","category-destacadas","category-politica"],"yoast_head":"<!-- This site is optimized with the Yoast SEO plugin v27.4 - https:\/\/yoast.com\/product\/yoast-seo-wordpress\/ -->\n<title>Mariel Fern\u00e1ndez inaugur\u00f3 un microestadio y una pileta con olas en el \u201cDiego Armando Maradona\u201d de Cuartel V - InfoPBA247<\/title>\n<meta name=\"robots\" content=\"index, follow, max-snippet:-1, max-image-preview:large, max-video-preview:-1\" \/>\n<link rel=\"canonical\" href=\"https:\/\/infopba247.com.ar\/index.php\/2025\/12\/15\/mariel-fernandez-inauguro-un-microestadio-y-una-pileta-con-olas-en-el-diego-armando-maradona-de-cuartel-v\/\" \/>\n<meta property=\"og:locale\" content=\"es_ES\" \/>\n<meta property=\"og:type\" content=\"article\" \/>\n<meta property=\"og:title\" content=\"Mariel Fern\u00e1ndez inaugur\u00f3 un microestadio y una pileta con olas en el \u201cDiego Armando Maradona\u201d de Cuartel V - InfoPBA247\" \/>\n<meta property=\"og:description\" content=\"La intendenta Mariel Fern\u00e1ndez, encabez\u00f3 la inauguraci\u00f3n de un microestadio y una pileta con olas en el Polideportivo \u201cDiego Armando\" \/>\n<meta property=\"og:url\" content=\"https:\/\/infopba247.com.ar\/index.php\/2025\/12\/15\/mariel-fernandez-inauguro-un-microestadio-y-una-pileta-con-olas-en-el-diego-armando-maradona-de-cuartel-v\/\" \/>\n<meta property=\"og:site_name\" content=\"InfoPBA247\" \/>\n<meta property=\"article:publisher\" content=\"https:\/\/www.facebook.com\/InfoPBA\" \/>\n<meta property=\"article:published_time\" content=\"2025-12-15T18:11:04+00:00\" \/>\n<meta property=\"article:modified_time\" content=\"2025-12-15T18:11:05+00:00\" \/>\n<meta property=\"og:image\" content=\"https:\/\/infopba247.com.ar\/wp-content\/uploads\/2025\/12\/web-6.jpg\" \/>\n\t<meta property=\"og:image:width\" content=\"1920\" \/>\n\t<meta property=\"og:image:height\" content=\"1080\" \/>\n\t<meta property=\"og:image:type\" content=\"image\/jpeg\" \/>\n<meta name=\"author\" content=\"Editor\" \/>\n<meta name=\"twitter:card\" content=\"summary_large_image\" \/>\n<meta name=\"twitter:label1\" content=\"Escrito por\" \/>\n\t<meta name=\"twitter:data1\" content=\"Editor\" \/>\n\t<meta name=\"twitter:label2\" content=\"Tiempo de lectura\" \/>\n\t<meta name=\"twitter:data2\" content=\"3 minutos\" \/>\n<script type=\"application\/ld+json\" class=\"yoast-schema-graph\">{\"@context\":\"https:\\\/\\\/schema.org\",\"@graph\":[{\"@type\":\"Article\",\"@id\":\"https:\\\/\\\/infopba247.com.ar\\\/index.php\\\/2025\\\/12\\\/15\\\/mariel-fernandez-inauguro-un-microestadio-y-una-pileta-con-olas-en-el-diego-armando-maradona-de-cuartel-v\\\/#article\",\"isPartOf\":{\"@id\":\"https:\\\/\\\/infopba247.com.ar\\\/index.php\\\/2025\\\/12\\\/15\\\/mariel-fernandez-inauguro-un-microestadio-y-una-pileta-con-olas-en-el-diego-armando-maradona-de-cuartel-v\\\/\"},\"author\":{\"name\":\"Editor\",\"@id\":\"https:\\\/\\\/infopba247.com.ar\\\/#\\\/schema\\\/person\\\/4975f1343a413e57bf839b3eed0099f2\"},\"headline\":\"Mariel Fern\u00e1ndez inaugur\u00f3 un microestadio y una pileta con olas en el \u201cDiego Armando Maradona\u201d de Cuartel V\",\"datePublished\":\"2025-12-15T18:11:04+00:00\",\"dateModified\":\"2025-12-15T18:11:05+00:00\",\"mainEntityOfPage\":{\"@id\":\"https:\\\/\\\/infopba247.com.ar\\\/index.php\\\/2025\\\/12\\\/15\\\/mariel-fernandez-inauguro-un-microestadio-y-una-pileta-con-olas-en-el-diego-armando-maradona-de-cuartel-v\\\/\"},\"wordCount\":661,\"commentCount\":0,\"publisher\":{\"@id\":\"https:\\\/\\\/infopba247.com.ar\\\/#organization\"},\"image\":{\"@id\":\"https:\\\/\\\/infopba247.com.ar\\\/index.php\\\/2025\\\/12\\\/15\\\/mariel-fernandez-inauguro-un-microestadio-y-una-pileta-con-olas-en-el-diego-armando-maradona-de-cuartel-v\\\/#primaryimage\"},\"thumbnailUrl\":\"https:\\\/\\\/infopba247.com.ar\\\/wp-content\\\/uploads\\\/2025\\\/12\\\/web-6.jpg\",\"articleSection\":[\"1ra Secci\u00f3n\",\"Destacadas\",\"Pol\u00edtica\"],\"inLanguage\":\"es\",\"potentialAction\":[{\"@type\":\"CommentAction\",\"name\":\"Comment\",\"target\":[\"https:\\\/\\\/infopba247.com.ar\\\/index.php\\\/2025\\\/12\\\/15\\\/mariel-fernandez-inauguro-un-microestadio-y-una-pileta-con-olas-en-el-diego-armando-maradona-de-cuartel-v\\\/#respond\"]}]},{\"@type\":\"WebPage\",\"@id\":\"https:\\\/\\\/infopba247.com.ar\\\/index.php\\\/2025\\\/12\\\/15\\\/mariel-fernandez-inauguro-un-microestadio-y-una-pileta-con-olas-en-el-diego-armando-maradona-de-cuartel-v\\\/\",\"url\":\"https:\\\/\\\/infopba247.com.ar\\\/index.php\\\/2025\\\/12\\\/15\\\/mariel-fernandez-inauguro-un-microestadio-y-una-pileta-con-olas-en-el-diego-armando-maradona-de-cuartel-v\\\/\",\"name\":\"Mariel Fern\u00e1ndez inaugur\u00f3 un microestadio y una pileta con olas en el \u201cDiego Armando Maradona\u201d de Cuartel V - InfoPBA247\",\"isPartOf\":{\"@id\":\"https:\\\/\\\/infopba247.com.ar\\\/#website\"},\"primaryImageOfPage\":{\"@id\":\"https:\\\/\\\/infopba247.com.ar\\\/index.php\\\/2025\\\/12\\\/15\\\/mariel-fernandez-inauguro-un-microestadio-y-una-pileta-con-olas-en-el-diego-armando-maradona-de-cuartel-v\\\/#primaryimage\"},\"image\":{\"@id\":\"https:\\\/\\\/infopba247.com.ar\\\/index.php\\\/2025\\\/12\\\/15\\\/mariel-fernandez-inauguro-un-microestadio-y-una-pileta-con-olas-en-el-diego-armando-maradona-de-cuartel-v\\\/#primaryimage\"},\"thumbnailUrl\":\"https:\\\/\\\/infopba247.com.ar\\\/wp-content\\\/uploads\\\/2025\\\/12\\\/web-6.jpg\",\"datePublished\":\"2025-12-15T18:11:04+00:00\",\"dateModified\":\"2025-12-15T18:11:05+00:00\",\"breadcrumb\":{\"@id\":\"https:\\\/\\\/infopba247.com.ar\\\/index.php\\\/2025\\\/12\\\/15\\\/mariel-fernandez-inauguro-un-microestadio-y-una-pileta-con-olas-en-el-diego-armando-maradona-de-cuartel-v\\\/#breadcrumb\"},\"inLanguage\":\"es\",\"potentialAction\":[{\"@type\":\"ReadAction\",\"target\":[\"https:\\\/\\\/infopba247.com.ar\\\/index.php\\\/2025\\\/12\\\/15\\\/mariel-fernandez-inauguro-un-microestadio-y-una-pileta-con-olas-en-el-diego-armando-maradona-de-cuartel-v\\\/\"]}]},{\"@type\":\"ImageObject\",\"inLanguage\":\"es\",\"@id\":\"https:\\\/\\\/infopba247.com.ar\\\/index.php\\\/2025\\\/12\\\/15\\\/mariel-fernandez-inauguro-un-microestadio-y-una-pileta-con-olas-en-el-diego-armando-maradona-de-cuartel-v\\\/#primaryimage\",\"url\":\"https:\\\/\\\/infopba247.com.ar\\\/wp-content\\\/uploads\\\/2025\\\/12\\\/web-6.jpg\",\"contentUrl\":\"https:\\\/\\\/infopba247.com.ar\\\/wp-content\\\/uploads\\\/2025\\\/12\\\/web-6.jpg\",\"width\":1920,\"height\":1080},{\"@type\":\"BreadcrumbList\",\"@id\":\"https:\\\/\\\/infopba247.com.ar\\\/index.php\\\/2025\\\/12\\\/15\\\/mariel-fernandez-inauguro-un-microestadio-y-una-pileta-con-olas-en-el-diego-armando-maradona-de-cuartel-v\\\/#breadcrumb\",\"itemListElement\":[{\"@type\":\"ListItem\",\"position\":1,\"name\":\"Portada\",\"item\":\"https:\\\/\\\/infopba247.com.ar\\\/\"},{\"@type\":\"ListItem\",\"position\":2,\"name\":\"Mariel Fern\u00e1ndez inaugur\u00f3 un microestadio y una pileta con olas en el \u201cDiego Armando Maradona\u201d de Cuartel V\"}]},{\"@type\":\"WebSite\",\"@id\":\"https:\\\/\\\/infopba247.com.ar\\\/#website\",\"url\":\"https:\\\/\\\/infopba247.com.ar\\\/\",\"name\":\"InfoPBA247\",\"description\":\"Toda la actualidad bonaerense\",\"publisher\":{\"@id\":\"https:\\\/\\\/infopba247.com.ar\\\/#organization\"},\"potentialAction\":[{\"@type\":\"SearchAction\",\"target\":{\"@type\":\"EntryPoint\",\"urlTemplate\":\"https:\\\/\\\/infopba247.com.ar\\\/?s={search_term_string}\"},\"query-input\":{\"@type\":\"PropertyValueSpecification\",\"valueRequired\":true,\"valueName\":\"search_term_string\"}}],\"inLanguage\":\"es\"},{\"@type\":\"Organization\",\"@id\":\"https:\\\/\\\/infopba247.com.ar\\\/#organization\",\"name\":\"InfoPBA247\",\"url\":\"https:\\\/\\\/infopba247.com.ar\\\/\",\"logo\":{\"@type\":\"ImageObject\",\"inLanguage\":\"es\",\"@id\":\"https:\\\/\\\/infopba247.com.ar\\\/#\\\/schema\\\/logo\\\/image\\\/\",\"url\":\"https:\\\/\\\/infopba247.com.ar\\\/wp-content\\\/uploads\\\/2022\\\/03\\\/cropped-InfoPBA247-1.png\",\"contentUrl\":\"https:\\\/\\\/infopba247.com.ar\\\/wp-content\\\/uploads\\\/2022\\\/03\\\/cropped-InfoPBA247-1.png\",\"width\":500,\"height\":122,\"caption\":\"InfoPBA247\"},\"image\":{\"@id\":\"https:\\\/\\\/infopba247.com.ar\\\/#\\\/schema\\\/logo\\\/image\\\/\"},\"sameAs\":[\"https:\\\/\\\/www.facebook.com\\\/InfoPBA\"]},{\"@type\":\"Person\",\"@id\":\"https:\\\/\\\/infopba247.com.ar\\\/#\\\/schema\\\/person\\\/4975f1343a413e57bf839b3eed0099f2\",\"name\":\"Editor\",\"image\":{\"@type\":\"ImageObject\",\"inLanguage\":\"es\",\"@id\":\"https:\\\/\\\/secure.gravatar.com\\\/avatar\\\/d27fe9520667ca53441d36627a1d6b0fa4a813571ec4803687a7a3a7744685ac?s=96&d=mm&r=g\",\"url\":\"https:\\\/\\\/secure.gravatar.com\\\/avatar\\\/d27fe9520667ca53441d36627a1d6b0fa4a813571ec4803687a7a3a7744685ac?s=96&d=mm&r=g\",\"contentUrl\":\"https:\\\/\\\/secure.gravatar.com\\\/avatar\\\/d27fe9520667ca53441d36627a1d6b0fa4a813571ec4803687a7a3a7744685ac?s=96&d=mm&r=g\",\"caption\":\"Editor\"},\"url\":\"https:\\\/\\\/infopba247.com.ar\\\/index.php\\\/author\\\/editor\\\/\"}]}<\/script>\n<!-- \/ Yoast SEO plugin. -->","yoast_head_json":{"title":"Mariel Fern\u00e1ndez inaugur\u00f3 un microestadio y una pileta con olas en el \u201cDiego Armando Maradona\u201d de Cuartel V - InfoPBA247","robots":{"index":"index","follow":"follow","max-snippet":"max-snippet:-1","max-image-preview":"max-image-preview:large","max-video-preview":"max-video-preview:-1"},"canonical":"https:\/\/infopba247.com.ar\/index.php\/2025\/12\/15\/mariel-fernandez-inauguro-un-microestadio-y-una-pileta-con-olas-en-el-diego-armando-maradona-de-cuartel-v\/","og_locale":"es_ES","og_type":"article","og_title":"Mariel Fern\u00e1ndez inaugur\u00f3 un microestadio y una pileta con olas en el \u201cDiego Armando Maradona\u201d de Cuartel V - InfoPBA247","og_description":"La intendenta Mariel Fern\u00e1ndez, encabez\u00f3 la inauguraci\u00f3n de un microestadio y una pileta con olas en el Polideportivo \u201cDiego Armando","og_url":"https:\/\/infopba247.com.ar\/index.php\/2025\/12\/15\/mariel-fernandez-inauguro-un-microestadio-y-una-pileta-con-olas-en-el-diego-armando-maradona-de-cuartel-v\/","og_site_name":"InfoPBA247","article_publisher":"https:\/\/www.facebook.com\/InfoPBA","article_published_time":"2025-12-15T18:11:04+00:00","article_modified_time":"2025-12-15T18:11:05+00:00","og_image":[{"width":1920,"height":1080,"url":"https:\/\/infopba247.com.ar\/wp-content\/uploads\/2025\/12\/web-6.jpg","type":"image\/jpeg"}],"author":"Editor","twitter_card":"summary_large_image","twitter_misc":{"Escrito por":"Editor","Tiempo de lectura":"3 minutos"},"schema":{"@context":"https:\/\/schema.org","@graph":[{"@type":"Article","@id":"https:\/\/infopba247.com.ar\/index.php\/2025\/12\/15\/mariel-fernandez-inauguro-un-microestadio-y-una-pileta-con-olas-en-el-diego-armando-maradona-de-cuartel-v\/#article","isPartOf":{"@id":"https:\/\/infopba247.com.ar\/index.php\/2025\/12\/15\/mariel-fernandez-inauguro-un-microestadio-y-una-pileta-con-olas-en-el-diego-armando-maradona-de-cuartel-v\/"},"author":{"name":"Editor","@id":"https:\/\/infopba247.com.ar\/#\/schema\/person\/4975f1343a413e57bf839b3eed0099f2"},"headline":"Mariel Fern\u00e1ndez inaugur\u00f3 un microestadio y una pileta con olas en el \u201cDiego Armando Maradona\u201d de Cuartel V","datePublished":"2025-12-15T18:11:04+00:00","dateModified":"2025-12-15T18:11:05+00:00","mainEntityOfPage":{"@id":"https:\/\/infopba247.com.ar\/index.php\/2025\/12\/15\/mariel-fernandez-inauguro-un-microestadio-y-una-pileta-con-olas-en-el-diego-armando-maradona-de-cuartel-v\/"},"wordCount":661,"commentCount":0,"publisher":{"@id":"https:\/\/infopba247.com.ar\/#organization"},"image":{"@id":"https:\/\/infopba247.com.ar\/index.php\/2025\/12\/15\/mariel-fernandez-inauguro-un-microestadio-y-una-pileta-con-olas-en-el-diego-armando-maradona-de-cuartel-v\/#primaryimage"},"thumbnailUrl":"https:\/\/infopba247.com.ar\/wp-content\/uploads\/2025\/12\/web-6.jpg","articleSection":["1ra Secci\u00f3n","Destacadas","Pol\u00edtica"],"inLanguage":"es","potentialAction":[{"@type":"CommentAction","name":"Comment","target":["https:\/\/infopba247.com.ar\/index.php\/2025\/12\/15\/mariel-fernandez-inauguro-un-microestadio-y-una-pileta-con-olas-en-el-diego-armando-maradona-de-cuartel-v\/#respond"]}]},{"@type":"WebPage","@id":"https:\/\/infopba247.com.ar\/index.php\/2025\/12\/15\/mariel-fernandez-inauguro-un-microestadio-y-una-pileta-con-olas-en-el-diego-armando-maradona-de-cuartel-v\/","url":"https:\/\/infopba247.com.ar\/index.php\/2025\/12\/15\/mariel-fernandez-inauguro-un-microestadio-y-una-pileta-con-olas-en-el-diego-armando-maradona-de-cuartel-v\/","name":"Mariel Fern\u00e1ndez inaugur\u00f3 un microestadio y una pileta con olas en el \u201cDiego Armando Maradona\u201d de Cuartel V - InfoPBA247","isPartOf":{"@id":"https:\/\/infopba247.com.ar\/#website"},"primaryImageOfPage":{"@id":"https:\/\/infopba247.com.ar\/index.php\/2025\/12\/15\/mariel-fernandez-inauguro-un-microestadio-y-una-pileta-con-olas-en-el-diego-armando-maradona-de-cuartel-v\/#primaryimage"},"image":{"@id":"https:\/\/infopba247.com.ar\/index.php\/2025\/12\/15\/mariel-fernandez-inauguro-un-microestadio-y-una-pileta-con-olas-en-el-diego-armando-maradona-de-cuartel-v\/#primaryimage"},"thumbnailUrl":"https:\/\/infopba247.com.ar\/wp-content\/uploads\/2025\/12\/web-6.jpg","datePublished":"2025-12-15T18:11:04+00:00","dateModified":"2025-12-15T18:11:05+00:00","breadcrumb":{"@id":"https:\/\/infopba247.com.ar\/index.php\/2025\/12\/15\/mariel-fernandez-inauguro-un-microestadio-y-una-pileta-con-olas-en-el-diego-armando-maradona-de-cuartel-v\/#breadcrumb"},"inLanguage":"es","potentialAction":[{"@type":"ReadAction","target":["https:\/\/infopba247.com.ar\/index.php\/2025\/12\/15\/mariel-fernandez-inauguro-un-microestadio-y-una-pileta-con-olas-en-el-diego-armando-maradona-de-cuartel-v\/"]}]},{"@type":"ImageObject","inLanguage":"es","@id":"https:\/\/infopba247.com.ar\/index.php\/2025\/12\/15\/mariel-fernandez-inauguro-un-microestadio-y-una-pileta-con-olas-en-el-diego-armando-maradona-de-cuartel-v\/#primaryimage","url":"https:\/\/infopba247.com.ar\/wp-content\/uploads\/2025\/12\/web-6.jpg","contentUrl":"https:\/\/infopba247.com.ar\/wp-content\/uploads\/2025\/12\/web-6.jpg","width":1920,"height":1080},{"@type":"BreadcrumbList","@id":"https:\/\/infopba247.com.ar\/index.php\/2025\/12\/15\/mariel-fernandez-inauguro-un-microestadio-y-una-pileta-con-olas-en-el-diego-armando-maradona-de-cuartel-v\/#breadcrumb","itemListElement":[{"@type":"ListItem","position":1,"name":"Portada","item":"https:\/\/infopba247.com.ar\/"},{"@type":"ListItem","position":2,"name":"Mariel Fern\u00e1ndez inaugur\u00f3 un microestadio y una pileta con olas en el \u201cDiego Armando Maradona\u201d de Cuartel V"}]},{"@type":"WebSite","@id":"https:\/\/infopba247.com.ar\/#website","url":"https:\/\/infopba247.com.ar\/","name":"InfoPBA247","description":"Toda la actualidad bonaerense","publisher":{"@id":"https:\/\/infopba247.com.ar\/#organization"},"potentialAction":[{"@type":"SearchAction","target":{"@type":"EntryPoint","urlTemplate":"https:\/\/infopba247.com.ar\/?s={search_term_string}"},"query-input":{"@type":"PropertyValueSpecification","valueRequired":true,"valueName":"search_term_string"}}],"inLanguage":"es"},{"@type":"Organization","@id":"https:\/\/infopba247.com.ar\/#organization","name":"InfoPBA247","url":"https:\/\/infopba247.com.ar\/","logo":{"@type":"ImageObject","inLanguage":"es","@id":"https:\/\/infopba247.com.ar\/#\/schema\/logo\/image\/","url":"https:\/\/infopba247.com.ar\/wp-content\/uploads\/2022\/03\/cropped-InfoPBA247-1.png","contentUrl":"https:\/\/infopba247.com.ar\/wp-content\/uploads\/2022\/03\/cropped-InfoPBA247-1.png","width":500,"height":122,"caption":"InfoPBA247"},"image":{"@id":"https:\/\/infopba247.com.ar\/#\/schema\/logo\/image\/"},"sameAs":["https:\/\/www.facebook.com\/InfoPBA"]},{"@type":"Person","@id":"https:\/\/infopba247.com.ar\/#\/schema\/person\/4975f1343a413e57bf839b3eed0099f2","name":"Editor","image":{"@type":"ImageObject","inLanguage":"es","@id":"https:\/\/secure.gravatar.com\/avatar\/d27fe9520667ca53441d36627a1d6b0fa4a813571ec4803687a7a3a7744685ac?s=96&d=mm&r=g","url":"https:\/\/secure.gravatar.com\/avatar\/d27fe9520667ca53441d36627a1d6b0fa4a813571ec4803687a7a3a7744685ac?s=96&d=mm&r=g","contentUrl":"https:\/\/secure.gravatar.com\/avatar\/d27fe9520667ca53441d36627a1d6b0fa4a813571ec4803687a7a3a7744685ac?s=96&d=mm&r=g","caption":"Editor"},"url":"https:\/\/infopba247.com.ar\/index.php\/author\/editor\/"}]}},"_links":{"self":[{"href":"https:\/\/infopba247.com.ar\/index.php\/wp-json\/wp\/v2\/posts\/8585","targetHints":{"allow":["GET"]}}],"collection":[{"href":"https:\/\/infopba247.com.ar\/index.php\/wp-json\/wp\/v2\/posts"}],"about":[{"href":"https:\/\/infopba247.com.ar\/index.php\/wp-json\/wp\/v2\/types\/post"}],"author":[{"embeddable":true,"href":"https:\/\/infopba247.com.ar\/index.php\/wp-json\/wp\/v2\/users\/3"}],"replies":[{"embeddable":true,"href":"https:\/\/infopba247.com.ar\/index.php\/wp-json\/wp\/v2\/comments?post=8585"}],"version-history":[{"count":1,"href":"https:\/\/infopba247.com.ar\/index.php\/wp-json\/wp\/v2\/posts\/8585\/revisions"}],"predecessor-version":[{"id":8586,"href":"https:\/\/infopba247.com.ar\/index.php\/wp-json\/wp\/v2\/posts\/8585\/revisions\/8586"}],"wp:featuredmedia":[{"embeddable":true,"href":"https:\/\/infopba247.com.ar\/index.php\/wp-json\/wp\/v2\/media\/8578"}],"wp:attachment":[{"href":"https:\/\/infopba247.com.ar\/index.php\/wp-json\/wp\/v2\/media?parent=8585"}],"wp:term":[{"taxonomy":"category","embeddable":true,"href":"https:\/\/infopba247.com.ar\/index.php\/wp-json\/wp\/v2\/categories?post=8585"},{"taxonomy":"post_tag","embeddable":true,"href":"https:\/\/infopba247.com.ar\/index.php\/wp-json\/wp\/v2\/tags?post=8585"}],"curies":[{"name":"wp","href":"https:\/\/api.w.org\/{rel}","templated":true}]}}