{"id":8573,"date":"2025-12-15T15:08:03","date_gmt":"2025-12-15T18:08:03","guid":{"rendered":"https:\/\/infopba247.com.ar\/?p=8573"},"modified":"2025-12-15T15:08:04","modified_gmt":"2025-12-15T18:08:04","slug":"el-desempleo-en-la-provincia-de-buenos-aires-alcanzo-el-94-y-marco-el-nivel-mas-alto-desde-2022","status":"publish","type":"post","link":"https:\/\/infopba247.com.ar\/index.php\/2025\/12\/15\/el-desempleo-en-la-provincia-de-buenos-aires-alcanzo-el-94-y-marco-el-nivel-mas-alto-desde-2022\/","title":{"rendered":"El desempleo en la provincia de Buenos Aires alcanz\u00f3 el 9,4% y marc\u00f3 el nivel m\u00e1s alto desde 2022"},"content":{"rendered":"\n<p>Durante el segundo trimestre de 2025, la provincia de Buenos Aires registr\u00f3 un fuerte deterioro de los indicadores laborales, con una suba del desempleo que alcanz\u00f3 el 9,4%, el valor m\u00e1s alto para ese per\u00edodo desde el a\u00f1o 2022. El escenario se vio acompa\u00f1ado por una ca\u00edda del empleo, un retroceso en la tasa de actividad y un crecimiento de la informalidad, con impacto diferenciado en j\u00f3venes y mujeres.<\/p>\n\n\n\n<p>Los datos surgieron del informe trimestral \u201cBrechas laborales y de ingresos\u201d, elaborado por la Unidad de G\u00e9nero y Econom\u00eda (UGE) del Ministerio de Econom\u00eda bonaerense, que advirti\u00f3 sobre un retroceso generalizado del mercado de trabajo provincial.<\/p>\n\n\n\n<p>Ca\u00edda del empleo y aumento de la desocupaci\u00f3n<\/p>\n\n\n\n<p>Seg\u00fan el relevamiento, la tasa de actividad cay\u00f3 1,3 puntos y el nivel de empleo se redujo 1,5 puntos durante el per\u00edodo analizado. En ese contexto, la desocupaci\u00f3n trep\u00f3 al 9,4%, consolid\u00e1ndose como la m\u00e1s elevada para un segundo trimestre en los \u00faltimos tres a\u00f1os.<\/p>\n\n\n\n<p>La directora de la UGE, Laura Lombard\u00eda, se\u00f1al\u00f3 que la matriz productiva bonaerense y la dependencia del mercado interno vuelven a la provincia particularmente vulnerable frente a las pol\u00edticas de ajuste impulsadas por el gobierno nacional. En ese sentido, explic\u00f3 que las medidas recesivas profundizaron la p\u00e9rdida de puestos de trabajo, especialmente en el empleo registrado, afectando a sectores centrales de la econom\u00eda provincial.<\/p>\n\n\n\n<p>J\u00f3venes y mujeres, los m\u00e1s afectados por la crisis laboral<\/p>\n\n\n\n<p>El informe mostr\u00f3 que, si bien la crisis impact\u00f3 en varones y mujeres, el efecto fue m\u00e1s profundo en la poblaci\u00f3n joven. Entre los varones j\u00f3venes, las ca\u00eddas en la actividad y el empleo fueron de 2,1 puntos, lo que deriv\u00f3 en un aumento de la desocupaci\u00f3n.<\/p>\n\n\n\n<p>En el caso de las mujeres j\u00f3venes, las ca\u00eddas fueron menores, pero se observ\u00f3 una retirada incipiente del mercado laboral y un incremento de la subocupaci\u00f3n, lo que reflej\u00f3 mayores dificultades para acceder a empleos estables y de calidad.<\/p>\n\n\n\n<p>Aumento de la informalidad y persistencia de la brecha salarial<\/p>\n\n\n\n<p>Otro de los datos centrales fue el crecimiento de la informalidad laboral, que alcanz\u00f3 al 44,5% de los trabajadores bonaerenses durante el segundo trimestre. La situaci\u00f3n afect\u00f3 con mayor intensidad a las mujeres, que registraron un 38,9% de informalidad, frente al 37% observado en los varones.<\/p>\n\n\n\n<p>El informe tambi\u00e9n evidenci\u00f3 la persistencia de la brecha salarial de g\u00e9nero, que se ubic\u00f3 en un 29,5% a favor de los varones. Adem\u00e1s, las mujeres continuaron sobrerrepresentadas en los segmentos de menores ingresos, con casi siete de cada diez personas de ese grupo siendo mujeres.<\/p>\n\n\n\n<p>A esto se sum\u00f3 el impacto de la carga de los cuidados, que sigui\u00f3 recayendo mayoritariamente sobre las mujeres, limitando su inserci\u00f3n laboral y el acceso a empleos formales y mejor remunerados.<\/p>\n\n\n\n<p>Desigualdades estructurales y brecha de g\u00e9nero<\/p>\n\n\n\n<p>El an\u00e1lisis concluy\u00f3 que las desigualdades estructurales profundizaron la brecha de g\u00e9nero tanto en el acceso al empleo como en los ingresos, con consecuencias especialmente graves para las mujeres adultas y j\u00f3venes, en un contexto de debilitamiento del mercado laboral y retracci\u00f3n econ\u00f3mica.<\/p>\n","protected":false},"excerpt":{"rendered":"<p>Durante el segundo trimestre de 2025, la provincia de Buenos Aires registr\u00f3 un fuerte deterioro de los indicadores laborales, con<\/p>\n","protected":false},"author":3,"featured_media":8574,"comment_status":"open","ping_status":"open","sticky":false,"template":"","format":"standard","meta":{"colormag_page_container_layout":"default_layout","colormag_page_sidebar_layout":"default_layout","footnotes":""},"categories":[16],"tags":[],"class_list":["post-8573","post","type-post","status-publish","format-standard","has-post-thumbnail","hentry","category-interes-general"],"yoast_head":"<!-- This site is optimized with the Yoast SEO plugin v27.4 - https:\/\/yoast.com\/product\/yoast-seo-wordpress\/ -->\n<title>El desempleo en la provincia de Buenos Aires alcanz\u00f3 el 9,4% y marc\u00f3 el nivel m\u00e1s alto desde 2022 - InfoPBA247<\/title>\n<meta name=\"robots\" content=\"index, follow, max-snippet:-1, max-image-preview:large, max-video-preview:-1\" \/>\n<link rel=\"canonical\" href=\"https:\/\/infopba247.com.ar\/index.php\/2025\/12\/15\/el-desempleo-en-la-provincia-de-buenos-aires-alcanzo-el-94-y-marco-el-nivel-mas-alto-desde-2022\/\" \/>\n<meta property=\"og:locale\" content=\"es_ES\" \/>\n<meta property=\"og:type\" content=\"article\" \/>\n<meta property=\"og:title\" content=\"El desempleo en la provincia de Buenos Aires alcanz\u00f3 el 9,4% y marc\u00f3 el nivel m\u00e1s alto desde 2022 - InfoPBA247\" \/>\n<meta property=\"og:description\" content=\"Durante el segundo trimestre de 2025, la provincia de Buenos Aires registr\u00f3 un fuerte deterioro de los indicadores laborales, con\" \/>\n<meta property=\"og:url\" content=\"https:\/\/infopba247.com.ar\/index.php\/2025\/12\/15\/el-desempleo-en-la-provincia-de-buenos-aires-alcanzo-el-94-y-marco-el-nivel-mas-alto-desde-2022\/\" \/>\n<meta property=\"og:site_name\" content=\"InfoPBA247\" \/>\n<meta property=\"article:publisher\" content=\"https:\/\/www.facebook.com\/InfoPBA\" \/>\n<meta property=\"article:published_time\" content=\"2025-12-15T18:08:03+00:00\" \/>\n<meta property=\"article:modified_time\" content=\"2025-12-15T18:08:04+00:00\" \/>\n<meta property=\"og:image\" content=\"https:\/\/infopba247.com.ar\/wp-content\/uploads\/2025\/12\/desempleo.jpg\" \/>\n\t<meta property=\"og:image:width\" content=\"1024\" \/>\n\t<meta property=\"og:image:height\" content=\"683\" \/>\n\t<meta property=\"og:image:type\" content=\"image\/jpeg\" \/>\n<meta name=\"author\" content=\"Editor\" \/>\n<meta name=\"twitter:card\" content=\"summary_large_image\" \/>\n<meta name=\"twitter:label1\" content=\"Escrito por\" \/>\n\t<meta name=\"twitter:data1\" content=\"Editor\" \/>\n\t<meta name=\"twitter:label2\" content=\"Tiempo de lectura\" \/>\n\t<meta name=\"twitter:data2\" content=\"3 minutos\" \/>\n<script type=\"application\/ld+json\" class=\"yoast-schema-graph\">{\"@context\":\"https:\\\/\\\/schema.org\",\"@graph\":[{\"@type\":\"Article\",\"@id\":\"https:\\\/\\\/infopba247.com.ar\\\/index.php\\\/2025\\\/12\\\/15\\\/el-desempleo-en-la-provincia-de-buenos-aires-alcanzo-el-94-y-marco-el-nivel-mas-alto-desde-2022\\\/#article\",\"isPartOf\":{\"@id\":\"https:\\\/\\\/infopba247.com.ar\\\/index.php\\\/2025\\\/12\\\/15\\\/el-desempleo-en-la-provincia-de-buenos-aires-alcanzo-el-94-y-marco-el-nivel-mas-alto-desde-2022\\\/\"},\"author\":{\"name\":\"Editor\",\"@id\":\"https:\\\/\\\/infopba247.com.ar\\\/#\\\/schema\\\/person\\\/4975f1343a413e57bf839b3eed0099f2\"},\"headline\":\"El desempleo en la provincia de Buenos Aires alcanz\u00f3 el 9,4% y marc\u00f3 el nivel m\u00e1s alto desde 2022\",\"datePublished\":\"2025-12-15T18:08:03+00:00\",\"dateModified\":\"2025-12-15T18:08:04+00:00\",\"mainEntityOfPage\":{\"@id\":\"https:\\\/\\\/infopba247.com.ar\\\/index.php\\\/2025\\\/12\\\/15\\\/el-desempleo-en-la-provincia-de-buenos-aires-alcanzo-el-94-y-marco-el-nivel-mas-alto-desde-2022\\\/\"},\"wordCount\":551,\"commentCount\":0,\"publisher\":{\"@id\":\"https:\\\/\\\/infopba247.com.ar\\\/#organization\"},\"image\":{\"@id\":\"https:\\\/\\\/infopba247.com.ar\\\/index.php\\\/2025\\\/12\\\/15\\\/el-desempleo-en-la-provincia-de-buenos-aires-alcanzo-el-94-y-marco-el-nivel-mas-alto-desde-2022\\\/#primaryimage\"},\"thumbnailUrl\":\"https:\\\/\\\/infopba247.com.ar\\\/wp-content\\\/uploads\\\/2025\\\/12\\\/desempleo.jpg\",\"articleSection\":[\"Inter\u00e9s General\"],\"inLanguage\":\"es\",\"potentialAction\":[{\"@type\":\"CommentAction\",\"name\":\"Comment\",\"target\":[\"https:\\\/\\\/infopba247.com.ar\\\/index.php\\\/2025\\\/12\\\/15\\\/el-desempleo-en-la-provincia-de-buenos-aires-alcanzo-el-94-y-marco-el-nivel-mas-alto-desde-2022\\\/#respond\"]}]},{\"@type\":\"WebPage\",\"@id\":\"https:\\\/\\\/infopba247.com.ar\\\/index.php\\\/2025\\\/12\\\/15\\\/el-desempleo-en-la-provincia-de-buenos-aires-alcanzo-el-94-y-marco-el-nivel-mas-alto-desde-2022\\\/\",\"url\":\"https:\\\/\\\/infopba247.com.ar\\\/index.php\\\/2025\\\/12\\\/15\\\/el-desempleo-en-la-provincia-de-buenos-aires-alcanzo-el-94-y-marco-el-nivel-mas-alto-desde-2022\\\/\",\"name\":\"El desempleo en la provincia de Buenos Aires alcanz\u00f3 el 9,4% y marc\u00f3 el nivel m\u00e1s alto desde 2022 - InfoPBA247\",\"isPartOf\":{\"@id\":\"https:\\\/\\\/infopba247.com.ar\\\/#website\"},\"primaryImageOfPage\":{\"@id\":\"https:\\\/\\\/infopba247.com.ar\\\/index.php\\\/2025\\\/12\\\/15\\\/el-desempleo-en-la-provincia-de-buenos-aires-alcanzo-el-94-y-marco-el-nivel-mas-alto-desde-2022\\\/#primaryimage\"},\"image\":{\"@id\":\"https:\\\/\\\/infopba247.com.ar\\\/index.php\\\/2025\\\/12\\\/15\\\/el-desempleo-en-la-provincia-de-buenos-aires-alcanzo-el-94-y-marco-el-nivel-mas-alto-desde-2022\\\/#primaryimage\"},\"thumbnailUrl\":\"https:\\\/\\\/infopba247.com.ar\\\/wp-content\\\/uploads\\\/2025\\\/12\\\/desempleo.jpg\",\"datePublished\":\"2025-12-15T18:08:03+00:00\",\"dateModified\":\"2025-12-15T18:08:04+00:00\",\"breadcrumb\":{\"@id\":\"https:\\\/\\\/infopba247.com.ar\\\/index.php\\\/2025\\\/12\\\/15\\\/el-desempleo-en-la-provincia-de-buenos-aires-alcanzo-el-94-y-marco-el-nivel-mas-alto-desde-2022\\\/#breadcrumb\"},\"inLanguage\":\"es\",\"potentialAction\":[{\"@type\":\"ReadAction\",\"target\":[\"https:\\\/\\\/infopba247.com.ar\\\/index.php\\\/2025\\\/12\\\/15\\\/el-desempleo-en-la-provincia-de-buenos-aires-alcanzo-el-94-y-marco-el-nivel-mas-alto-desde-2022\\\/\"]}]},{\"@type\":\"ImageObject\",\"inLanguage\":\"es\",\"@id\":\"https:\\\/\\\/infopba247.com.ar\\\/index.php\\\/2025\\\/12\\\/15\\\/el-desempleo-en-la-provincia-de-buenos-aires-alcanzo-el-94-y-marco-el-nivel-mas-alto-desde-2022\\\/#primaryimage\",\"url\":\"https:\\\/\\\/infopba247.com.ar\\\/wp-content\\\/uploads\\\/2025\\\/12\\\/desempleo.jpg\",\"contentUrl\":\"https:\\\/\\\/infopba247.com.ar\\\/wp-content\\\/uploads\\\/2025\\\/12\\\/desempleo.jpg\",\"width\":1024,\"height\":683},{\"@type\":\"BreadcrumbList\",\"@id\":\"https:\\\/\\\/infopba247.com.ar\\\/index.php\\\/2025\\\/12\\\/15\\\/el-desempleo-en-la-provincia-de-buenos-aires-alcanzo-el-94-y-marco-el-nivel-mas-alto-desde-2022\\\/#breadcrumb\",\"itemListElement\":[{\"@type\":\"ListItem\",\"position\":1,\"name\":\"Portada\",\"item\":\"https:\\\/\\\/infopba247.com.ar\\\/\"},{\"@type\":\"ListItem\",\"position\":2,\"name\":\"El desempleo en la provincia de Buenos Aires alcanz\u00f3 el 9,4% y marc\u00f3 el nivel m\u00e1s alto desde 2022\"}]},{\"@type\":\"WebSite\",\"@id\":\"https:\\\/\\\/infopba247.com.ar\\\/#website\",\"url\":\"https:\\\/\\\/infopba247.com.ar\\\/\",\"name\":\"InfoPBA247\",\"description\":\"Toda la actualidad bonaerense\",\"publisher\":{\"@id\":\"https:\\\/\\\/infopba247.com.ar\\\/#organization\"},\"potentialAction\":[{\"@type\":\"SearchAction\",\"target\":{\"@type\":\"EntryPoint\",\"urlTemplate\":\"https:\\\/\\\/infopba247.com.ar\\\/?s={search_term_string}\"},\"query-input\":{\"@type\":\"PropertyValueSpecification\",\"valueRequired\":true,\"valueName\":\"search_term_string\"}}],\"inLanguage\":\"es\"},{\"@type\":\"Organization\",\"@id\":\"https:\\\/\\\/infopba247.com.ar\\\/#organization\",\"name\":\"InfoPBA247\",\"url\":\"https:\\\/\\\/infopba247.com.ar\\\/\",\"logo\":{\"@type\":\"ImageObject\",\"inLanguage\":\"es\",\"@id\":\"https:\\\/\\\/infopba247.com.ar\\\/#\\\/schema\\\/logo\\\/image\\\/\",\"url\":\"https:\\\/\\\/infopba247.com.ar\\\/wp-content\\\/uploads\\\/2022\\\/03\\\/cropped-InfoPBA247-1.png\",\"contentUrl\":\"https:\\\/\\\/infopba247.com.ar\\\/wp-content\\\/uploads\\\/2022\\\/03\\\/cropped-InfoPBA247-1.png\",\"width\":500,\"height\":122,\"caption\":\"InfoPBA247\"},\"image\":{\"@id\":\"https:\\\/\\\/infopba247.com.ar\\\/#\\\/schema\\\/logo\\\/image\\\/\"},\"sameAs\":[\"https:\\\/\\\/www.facebook.com\\\/InfoPBA\"]},{\"@type\":\"Person\",\"@id\":\"https:\\\/\\\/infopba247.com.ar\\\/#\\\/schema\\\/person\\\/4975f1343a413e57bf839b3eed0099f2\",\"name\":\"Editor\",\"image\":{\"@type\":\"ImageObject\",\"inLanguage\":\"es\",\"@id\":\"https:\\\/\\\/secure.gravatar.com\\\/avatar\\\/d27fe9520667ca53441d36627a1d6b0fa4a813571ec4803687a7a3a7744685ac?s=96&d=mm&r=g\",\"url\":\"https:\\\/\\\/secure.gravatar.com\\\/avatar\\\/d27fe9520667ca53441d36627a1d6b0fa4a813571ec4803687a7a3a7744685ac?s=96&d=mm&r=g\",\"contentUrl\":\"https:\\\/\\\/secure.gravatar.com\\\/avatar\\\/d27fe9520667ca53441d36627a1d6b0fa4a813571ec4803687a7a3a7744685ac?s=96&d=mm&r=g\",\"caption\":\"Editor\"},\"url\":\"https:\\\/\\\/infopba247.com.ar\\\/index.php\\\/author\\\/editor\\\/\"}]}<\/script>\n<!-- \/ Yoast SEO plugin. -->","yoast_head_json":{"title":"El desempleo en la provincia de Buenos Aires alcanz\u00f3 el 9,4% y marc\u00f3 el nivel m\u00e1s alto desde 2022 - InfoPBA247","robots":{"index":"index","follow":"follow","max-snippet":"max-snippet:-1","max-image-preview":"max-image-preview:large","max-video-preview":"max-video-preview:-1"},"canonical":"https:\/\/infopba247.com.ar\/index.php\/2025\/12\/15\/el-desempleo-en-la-provincia-de-buenos-aires-alcanzo-el-94-y-marco-el-nivel-mas-alto-desde-2022\/","og_locale":"es_ES","og_type":"article","og_title":"El desempleo en la provincia de Buenos Aires alcanz\u00f3 el 9,4% y marc\u00f3 el nivel m\u00e1s alto desde 2022 - InfoPBA247","og_description":"Durante el segundo trimestre de 2025, la provincia de Buenos Aires registr\u00f3 un fuerte deterioro de los indicadores laborales, con","og_url":"https:\/\/infopba247.com.ar\/index.php\/2025\/12\/15\/el-desempleo-en-la-provincia-de-buenos-aires-alcanzo-el-94-y-marco-el-nivel-mas-alto-desde-2022\/","og_site_name":"InfoPBA247","article_publisher":"https:\/\/www.facebook.com\/InfoPBA","article_published_time":"2025-12-15T18:08:03+00:00","article_modified_time":"2025-12-15T18:08:04+00:00","og_image":[{"width":1024,"height":683,"url":"https:\/\/infopba247.com.ar\/wp-content\/uploads\/2025\/12\/desempleo.jpg","type":"image\/jpeg"}],"author":"Editor","twitter_card":"summary_large_image","twitter_misc":{"Escrito por":"Editor","Tiempo de lectura":"3 minutos"},"schema":{"@context":"https:\/\/schema.org","@graph":[{"@type":"Article","@id":"https:\/\/infopba247.com.ar\/index.php\/2025\/12\/15\/el-desempleo-en-la-provincia-de-buenos-aires-alcanzo-el-94-y-marco-el-nivel-mas-alto-desde-2022\/#article","isPartOf":{"@id":"https:\/\/infopba247.com.ar\/index.php\/2025\/12\/15\/el-desempleo-en-la-provincia-de-buenos-aires-alcanzo-el-94-y-marco-el-nivel-mas-alto-desde-2022\/"},"author":{"name":"Editor","@id":"https:\/\/infopba247.com.ar\/#\/schema\/person\/4975f1343a413e57bf839b3eed0099f2"},"headline":"El desempleo en la provincia de Buenos Aires alcanz\u00f3 el 9,4% y marc\u00f3 el nivel m\u00e1s alto desde 2022","datePublished":"2025-12-15T18:08:03+00:00","dateModified":"2025-12-15T18:08:04+00:00","mainEntityOfPage":{"@id":"https:\/\/infopba247.com.ar\/index.php\/2025\/12\/15\/el-desempleo-en-la-provincia-de-buenos-aires-alcanzo-el-94-y-marco-el-nivel-mas-alto-desde-2022\/"},"wordCount":551,"commentCount":0,"publisher":{"@id":"https:\/\/infopba247.com.ar\/#organization"},"image":{"@id":"https:\/\/infopba247.com.ar\/index.php\/2025\/12\/15\/el-desempleo-en-la-provincia-de-buenos-aires-alcanzo-el-94-y-marco-el-nivel-mas-alto-desde-2022\/#primaryimage"},"thumbnailUrl":"https:\/\/infopba247.com.ar\/wp-content\/uploads\/2025\/12\/desempleo.jpg","articleSection":["Inter\u00e9s General"],"inLanguage":"es","potentialAction":[{"@type":"CommentAction","name":"Comment","target":["https:\/\/infopba247.com.ar\/index.php\/2025\/12\/15\/el-desempleo-en-la-provincia-de-buenos-aires-alcanzo-el-94-y-marco-el-nivel-mas-alto-desde-2022\/#respond"]}]},{"@type":"WebPage","@id":"https:\/\/infopba247.com.ar\/index.php\/2025\/12\/15\/el-desempleo-en-la-provincia-de-buenos-aires-alcanzo-el-94-y-marco-el-nivel-mas-alto-desde-2022\/","url":"https:\/\/infopba247.com.ar\/index.php\/2025\/12\/15\/el-desempleo-en-la-provincia-de-buenos-aires-alcanzo-el-94-y-marco-el-nivel-mas-alto-desde-2022\/","name":"El desempleo en la provincia de Buenos Aires alcanz\u00f3 el 9,4% y marc\u00f3 el nivel m\u00e1s alto desde 2022 - InfoPBA247","isPartOf":{"@id":"https:\/\/infopba247.com.ar\/#website"},"primaryImageOfPage":{"@id":"https:\/\/infopba247.com.ar\/index.php\/2025\/12\/15\/el-desempleo-en-la-provincia-de-buenos-aires-alcanzo-el-94-y-marco-el-nivel-mas-alto-desde-2022\/#primaryimage"},"image":{"@id":"https:\/\/infopba247.com.ar\/index.php\/2025\/12\/15\/el-desempleo-en-la-provincia-de-buenos-aires-alcanzo-el-94-y-marco-el-nivel-mas-alto-desde-2022\/#primaryimage"},"thumbnailUrl":"https:\/\/infopba247.com.ar\/wp-content\/uploads\/2025\/12\/desempleo.jpg","datePublished":"2025-12-15T18:08:03+00:00","dateModified":"2025-12-15T18:08:04+00:00","breadcrumb":{"@id":"https:\/\/infopba247.com.ar\/index.php\/2025\/12\/15\/el-desempleo-en-la-provincia-de-buenos-aires-alcanzo-el-94-y-marco-el-nivel-mas-alto-desde-2022\/#breadcrumb"},"inLanguage":"es","potentialAction":[{"@type":"ReadAction","target":["https:\/\/infopba247.com.ar\/index.php\/2025\/12\/15\/el-desempleo-en-la-provincia-de-buenos-aires-alcanzo-el-94-y-marco-el-nivel-mas-alto-desde-2022\/"]}]},{"@type":"ImageObject","inLanguage":"es","@id":"https:\/\/infopba247.com.ar\/index.php\/2025\/12\/15\/el-desempleo-en-la-provincia-de-buenos-aires-alcanzo-el-94-y-marco-el-nivel-mas-alto-desde-2022\/#primaryimage","url":"https:\/\/infopba247.com.ar\/wp-content\/uploads\/2025\/12\/desempleo.jpg","contentUrl":"https:\/\/infopba247.com.ar\/wp-content\/uploads\/2025\/12\/desempleo.jpg","width":1024,"height":683},{"@type":"BreadcrumbList","@id":"https:\/\/infopba247.com.ar\/index.php\/2025\/12\/15\/el-desempleo-en-la-provincia-de-buenos-aires-alcanzo-el-94-y-marco-el-nivel-mas-alto-desde-2022\/#breadcrumb","itemListElement":[{"@type":"ListItem","position":1,"name":"Portada","item":"https:\/\/infopba247.com.ar\/"},{"@type":"ListItem","position":2,"name":"El desempleo en la provincia de Buenos Aires alcanz\u00f3 el 9,4% y marc\u00f3 el nivel m\u00e1s alto desde 2022"}]},{"@type":"WebSite","@id":"https:\/\/infopba247.com.ar\/#website","url":"https:\/\/infopba247.com.ar\/","name":"InfoPBA247","description":"Toda la actualidad bonaerense","publisher":{"@id":"https:\/\/infopba247.com.ar\/#organization"},"potentialAction":[{"@type":"SearchAction","target":{"@type":"EntryPoint","urlTemplate":"https:\/\/infopba247.com.ar\/?s={search_term_string}"},"query-input":{"@type":"PropertyValueSpecification","valueRequired":true,"valueName":"search_term_string"}}],"inLanguage":"es"},{"@type":"Organization","@id":"https:\/\/infopba247.com.ar\/#organization","name":"InfoPBA247","url":"https:\/\/infopba247.com.ar\/","logo":{"@type":"ImageObject","inLanguage":"es","@id":"https:\/\/infopba247.com.ar\/#\/schema\/logo\/image\/","url":"https:\/\/infopba247.com.ar\/wp-content\/uploads\/2022\/03\/cropped-InfoPBA247-1.png","contentUrl":"https:\/\/infopba247.com.ar\/wp-content\/uploads\/2022\/03\/cropped-InfoPBA247-1.png","width":500,"height":122,"caption":"InfoPBA247"},"image":{"@id":"https:\/\/infopba247.com.ar\/#\/schema\/logo\/image\/"},"sameAs":["https:\/\/www.facebook.com\/InfoPBA"]},{"@type":"Person","@id":"https:\/\/infopba247.com.ar\/#\/schema\/person\/4975f1343a413e57bf839b3eed0099f2","name":"Editor","image":{"@type":"ImageObject","inLanguage":"es","@id":"https:\/\/secure.gravatar.com\/avatar\/d27fe9520667ca53441d36627a1d6b0fa4a813571ec4803687a7a3a7744685ac?s=96&d=mm&r=g","url":"https:\/\/secure.gravatar.com\/avatar\/d27fe9520667ca53441d36627a1d6b0fa4a813571ec4803687a7a3a7744685ac?s=96&d=mm&r=g","contentUrl":"https:\/\/secure.gravatar.com\/avatar\/d27fe9520667ca53441d36627a1d6b0fa4a813571ec4803687a7a3a7744685ac?s=96&d=mm&r=g","caption":"Editor"},"url":"https:\/\/infopba247.com.ar\/index.php\/author\/editor\/"}]}},"_links":{"self":[{"href":"https:\/\/infopba247.com.ar\/index.php\/wp-json\/wp\/v2\/posts\/8573","targetHints":{"allow":["GET"]}}],"collection":[{"href":"https:\/\/infopba247.com.ar\/index.php\/wp-json\/wp\/v2\/posts"}],"about":[{"href":"https:\/\/infopba247.com.ar\/index.php\/wp-json\/wp\/v2\/types\/post"}],"author":[{"embeddable":true,"href":"https:\/\/infopba247.com.ar\/index.php\/wp-json\/wp\/v2\/users\/3"}],"replies":[{"embeddable":true,"href":"https:\/\/infopba247.com.ar\/index.php\/wp-json\/wp\/v2\/comments?post=8573"}],"version-history":[{"count":1,"href":"https:\/\/infopba247.com.ar\/index.php\/wp-json\/wp\/v2\/posts\/8573\/revisions"}],"predecessor-version":[{"id":8575,"href":"https:\/\/infopba247.com.ar\/index.php\/wp-json\/wp\/v2\/posts\/8573\/revisions\/8575"}],"wp:featuredmedia":[{"embeddable":true,"href":"https:\/\/infopba247.com.ar\/index.php\/wp-json\/wp\/v2\/media\/8574"}],"wp:attachment":[{"href":"https:\/\/infopba247.com.ar\/index.php\/wp-json\/wp\/v2\/media?parent=8573"}],"wp:term":[{"taxonomy":"category","embeddable":true,"href":"https:\/\/infopba247.com.ar\/index.php\/wp-json\/wp\/v2\/categories?post=8573"},{"taxonomy":"post_tag","embeddable":true,"href":"https:\/\/infopba247.com.ar\/index.php\/wp-json\/wp\/v2\/tags?post=8573"}],"curies":[{"name":"wp","href":"https:\/\/api.w.org\/{rel}","templated":true}]}}