{"id":8554,"date":"2025-12-11T15:39:19","date_gmt":"2025-12-11T18:39:19","guid":{"rendered":"https:\/\/infopba247.com.ar\/?p=8554"},"modified":"2025-12-11T15:39:21","modified_gmt":"2025-12-11T18:39:21","slug":"mariel-fernandez-inauguro-la-plaza-6-de-enero-en-cuartel-v","status":"publish","type":"post","link":"https:\/\/infopba247.com.ar\/index.php\/2025\/12\/11\/mariel-fernandez-inauguro-la-plaza-6-de-enero-en-cuartel-v\/","title":{"rendered":"Mariel Fern\u00e1ndez inaugur\u00f3 la Plaza 6 de Enero en Cuartel V"},"content":{"rendered":"\n<p>La intendenta Mariel Fern\u00e1ndez, junto a vecinas y vecinos inaugur\u00f3 la Plaza 6 de Enero, ubicada en Livia Koppman, entre Vieytes y El Teatro, en la localidad de Cuartel V. El espacio fue completamente renovado, iluminado y equipado para el encuentro y disfrute de las infancias y las familias.<\/p>\n\n\n\n<p>Durante el acto, la jefa comunal remarc\u00f3: \u201cS\u00e9 muy bien lo que dignifica a un barrio tener una plaza y siempre me reciben los ni\u00f1os y ni\u00f1as de la comunidad\u201d, y agreg\u00f3 \u201cTengo mucha bronca por las carencias a las que est\u00e1 sometido el pueblo argentino. Es muy injusto, los abrazo con amor y con dolor. Los ni\u00f1os y ni\u00f1as de la comunidad no los conocen, son la variable de ajuste de la econom\u00eda de los que m\u00e1s tienen. Est\u00e1 va a ser otra Navidad con privaciones. Que la llegada del ni\u00f1o Dios los guarde, mientras tanto en Moreno el amor fluye como una energ\u00eda poderosa, nosotros nos tenemos. Ac\u00e1 nadie se suelta la mano\u201d.<\/p>\n\n\n\n<p>La creaci\u00f3n de la plaza fue un pedido impulsado por vecinas y vecinos del barrio 6 de Enero, luego de una toma que se produjo en el lugar y de la que surgi\u00f3 la idea de destinarlo a un uso comunitario que fortaleciera el encuentro y la identidad barrial.<\/p>\n\n\n\n<p>La obra, que consolida un entorno accesible y moderno, incluy\u00f3 la construcci\u00f3n de veredas, la instalaci\u00f3n de juegos infantiles, mobiliario urbano, m\u00e1stil, luminarias LED, c\u00e1maras de seguridad y conexi\u00f3n de Wi Fi gratuito. Esta intervenci\u00f3n forma parte del programa de recuperaci\u00f3n y puesta en valor de los espacios p\u00fablicos que impulsa el Municipio, con m\u00e1s de 70 obras en plazas realizadas desde el 2020.<\/p>\n\n\n\n<p>Acompa\u00f1aron la inauguraci\u00f3n, la secretaria de Obras y Servicios P\u00fablicos, Mar\u00eda Gim\u00e9nez; el presidente del Concejo Deliberante, Emmanuel Fern\u00e1ndez y autoridades locales.<\/p>\n\n\n\n<p>Con esta obra, el Gobierno local promueve la integraci\u00f3n barrial y garantiza entornos seguros, cuidados y accesibles.<\/p>\n","protected":false},"excerpt":{"rendered":"<p>La intendenta Mariel Fern\u00e1ndez, junto a vecinas y vecinos inaugur\u00f3 la Plaza 6 de Enero, ubicada en Livia Koppman, entre<\/p>\n","protected":false},"author":3,"featured_media":8548,"comment_status":"open","ping_status":"open","sticky":false,"template":"","format":"standard","meta":{"colormag_page_container_layout":"default_layout","colormag_page_sidebar_layout":"default_layout","footnotes":""},"categories":[5,1,14],"tags":[],"class_list":["post-8554","post","type-post","status-publish","format-standard","has-post-thumbnail","hentry","category-1ra-seccion","category-destacadas","category-politica"],"yoast_head":"<!-- This site is optimized with the Yoast SEO plugin v27.4 - https:\/\/yoast.com\/product\/yoast-seo-wordpress\/ -->\n<title>Mariel Fern\u00e1ndez inaugur\u00f3 la Plaza 6 de Enero en Cuartel V - InfoPBA247<\/title>\n<meta name=\"robots\" content=\"index, follow, max-snippet:-1, max-image-preview:large, max-video-preview:-1\" \/>\n<link rel=\"canonical\" href=\"https:\/\/infopba247.com.ar\/index.php\/2025\/12\/11\/mariel-fernandez-inauguro-la-plaza-6-de-enero-en-cuartel-v\/\" \/>\n<meta property=\"og:locale\" content=\"es_ES\" \/>\n<meta property=\"og:type\" content=\"article\" \/>\n<meta property=\"og:title\" content=\"Mariel Fern\u00e1ndez inaugur\u00f3 la Plaza 6 de Enero en Cuartel V - InfoPBA247\" \/>\n<meta property=\"og:description\" content=\"La intendenta Mariel Fern\u00e1ndez, junto a vecinas y vecinos inaugur\u00f3 la Plaza 6 de Enero, ubicada en Livia Koppman, entre\" \/>\n<meta property=\"og:url\" content=\"https:\/\/infopba247.com.ar\/index.php\/2025\/12\/11\/mariel-fernandez-inauguro-la-plaza-6-de-enero-en-cuartel-v\/\" \/>\n<meta property=\"og:site_name\" content=\"InfoPBA247\" \/>\n<meta property=\"article:publisher\" content=\"https:\/\/www.facebook.com\/InfoPBA\" \/>\n<meta property=\"article:published_time\" content=\"2025-12-11T18:39:19+00:00\" \/>\n<meta property=\"article:modified_time\" content=\"2025-12-11T18:39:21+00:00\" \/>\n<meta property=\"og:image\" content=\"https:\/\/infopba247.com.ar\/wp-content\/uploads\/2025\/12\/PLAZA-8-scaled.jpg\" \/>\n\t<meta property=\"og:image:width\" content=\"2560\" \/>\n\t<meta property=\"og:image:height\" content=\"1708\" \/>\n\t<meta property=\"og:image:type\" content=\"image\/jpeg\" \/>\n<meta name=\"author\" content=\"Editor\" \/>\n<meta name=\"twitter:card\" content=\"summary_large_image\" \/>\n<meta name=\"twitter:label1\" content=\"Escrito por\" \/>\n\t<meta name=\"twitter:data1\" content=\"Editor\" \/>\n\t<meta name=\"twitter:label2\" content=\"Tiempo de lectura\" \/>\n\t<meta name=\"twitter:data2\" content=\"2 minutos\" \/>\n<script type=\"application\/ld+json\" class=\"yoast-schema-graph\">{\"@context\":\"https:\\\/\\\/schema.org\",\"@graph\":[{\"@type\":\"Article\",\"@id\":\"https:\\\/\\\/infopba247.com.ar\\\/index.php\\\/2025\\\/12\\\/11\\\/mariel-fernandez-inauguro-la-plaza-6-de-enero-en-cuartel-v\\\/#article\",\"isPartOf\":{\"@id\":\"https:\\\/\\\/infopba247.com.ar\\\/index.php\\\/2025\\\/12\\\/11\\\/mariel-fernandez-inauguro-la-plaza-6-de-enero-en-cuartel-v\\\/\"},\"author\":{\"name\":\"Editor\",\"@id\":\"https:\\\/\\\/infopba247.com.ar\\\/#\\\/schema\\\/person\\\/4975f1343a413e57bf839b3eed0099f2\"},\"headline\":\"Mariel Fern\u00e1ndez inaugur\u00f3 la Plaza 6 de Enero en Cuartel V\",\"datePublished\":\"2025-12-11T18:39:19+00:00\",\"dateModified\":\"2025-12-11T18:39:21+00:00\",\"mainEntityOfPage\":{\"@id\":\"https:\\\/\\\/infopba247.com.ar\\\/index.php\\\/2025\\\/12\\\/11\\\/mariel-fernandez-inauguro-la-plaza-6-de-enero-en-cuartel-v\\\/\"},\"wordCount\":349,\"commentCount\":0,\"publisher\":{\"@id\":\"https:\\\/\\\/infopba247.com.ar\\\/#organization\"},\"image\":{\"@id\":\"https:\\\/\\\/infopba247.com.ar\\\/index.php\\\/2025\\\/12\\\/11\\\/mariel-fernandez-inauguro-la-plaza-6-de-enero-en-cuartel-v\\\/#primaryimage\"},\"thumbnailUrl\":\"https:\\\/\\\/infopba247.com.ar\\\/wp-content\\\/uploads\\\/2025\\\/12\\\/PLAZA-8-scaled.jpg\",\"articleSection\":[\"1ra Secci\u00f3n\",\"Destacadas\",\"Pol\u00edtica\"],\"inLanguage\":\"es\",\"potentialAction\":[{\"@type\":\"CommentAction\",\"name\":\"Comment\",\"target\":[\"https:\\\/\\\/infopba247.com.ar\\\/index.php\\\/2025\\\/12\\\/11\\\/mariel-fernandez-inauguro-la-plaza-6-de-enero-en-cuartel-v\\\/#respond\"]}]},{\"@type\":\"WebPage\",\"@id\":\"https:\\\/\\\/infopba247.com.ar\\\/index.php\\\/2025\\\/12\\\/11\\\/mariel-fernandez-inauguro-la-plaza-6-de-enero-en-cuartel-v\\\/\",\"url\":\"https:\\\/\\\/infopba247.com.ar\\\/index.php\\\/2025\\\/12\\\/11\\\/mariel-fernandez-inauguro-la-plaza-6-de-enero-en-cuartel-v\\\/\",\"name\":\"Mariel Fern\u00e1ndez inaugur\u00f3 la Plaza 6 de Enero en Cuartel V - InfoPBA247\",\"isPartOf\":{\"@id\":\"https:\\\/\\\/infopba247.com.ar\\\/#website\"},\"primaryImageOfPage\":{\"@id\":\"https:\\\/\\\/infopba247.com.ar\\\/index.php\\\/2025\\\/12\\\/11\\\/mariel-fernandez-inauguro-la-plaza-6-de-enero-en-cuartel-v\\\/#primaryimage\"},\"image\":{\"@id\":\"https:\\\/\\\/infopba247.com.ar\\\/index.php\\\/2025\\\/12\\\/11\\\/mariel-fernandez-inauguro-la-plaza-6-de-enero-en-cuartel-v\\\/#primaryimage\"},\"thumbnailUrl\":\"https:\\\/\\\/infopba247.com.ar\\\/wp-content\\\/uploads\\\/2025\\\/12\\\/PLAZA-8-scaled.jpg\",\"datePublished\":\"2025-12-11T18:39:19+00:00\",\"dateModified\":\"2025-12-11T18:39:21+00:00\",\"breadcrumb\":{\"@id\":\"https:\\\/\\\/infopba247.com.ar\\\/index.php\\\/2025\\\/12\\\/11\\\/mariel-fernandez-inauguro-la-plaza-6-de-enero-en-cuartel-v\\\/#breadcrumb\"},\"inLanguage\":\"es\",\"potentialAction\":[{\"@type\":\"ReadAction\",\"target\":[\"https:\\\/\\\/infopba247.com.ar\\\/index.php\\\/2025\\\/12\\\/11\\\/mariel-fernandez-inauguro-la-plaza-6-de-enero-en-cuartel-v\\\/\"]}]},{\"@type\":\"ImageObject\",\"inLanguage\":\"es\",\"@id\":\"https:\\\/\\\/infopba247.com.ar\\\/index.php\\\/2025\\\/12\\\/11\\\/mariel-fernandez-inauguro-la-plaza-6-de-enero-en-cuartel-v\\\/#primaryimage\",\"url\":\"https:\\\/\\\/infopba247.com.ar\\\/wp-content\\\/uploads\\\/2025\\\/12\\\/PLAZA-8-scaled.jpg\",\"contentUrl\":\"https:\\\/\\\/infopba247.com.ar\\\/wp-content\\\/uploads\\\/2025\\\/12\\\/PLAZA-8-scaled.jpg\",\"width\":2560,\"height\":1708},{\"@type\":\"BreadcrumbList\",\"@id\":\"https:\\\/\\\/infopba247.com.ar\\\/index.php\\\/2025\\\/12\\\/11\\\/mariel-fernandez-inauguro-la-plaza-6-de-enero-en-cuartel-v\\\/#breadcrumb\",\"itemListElement\":[{\"@type\":\"ListItem\",\"position\":1,\"name\":\"Portada\",\"item\":\"https:\\\/\\\/infopba247.com.ar\\\/\"},{\"@type\":\"ListItem\",\"position\":2,\"name\":\"Mariel Fern\u00e1ndez inaugur\u00f3 la Plaza 6 de Enero en Cuartel V\"}]},{\"@type\":\"WebSite\",\"@id\":\"https:\\\/\\\/infopba247.com.ar\\\/#website\",\"url\":\"https:\\\/\\\/infopba247.com.ar\\\/\",\"name\":\"InfoPBA247\",\"description\":\"Toda la actualidad bonaerense\",\"publisher\":{\"@id\":\"https:\\\/\\\/infopba247.com.ar\\\/#organization\"},\"potentialAction\":[{\"@type\":\"SearchAction\",\"target\":{\"@type\":\"EntryPoint\",\"urlTemplate\":\"https:\\\/\\\/infopba247.com.ar\\\/?s={search_term_string}\"},\"query-input\":{\"@type\":\"PropertyValueSpecification\",\"valueRequired\":true,\"valueName\":\"search_term_string\"}}],\"inLanguage\":\"es\"},{\"@type\":\"Organization\",\"@id\":\"https:\\\/\\\/infopba247.com.ar\\\/#organization\",\"name\":\"InfoPBA247\",\"url\":\"https:\\\/\\\/infopba247.com.ar\\\/\",\"logo\":{\"@type\":\"ImageObject\",\"inLanguage\":\"es\",\"@id\":\"https:\\\/\\\/infopba247.com.ar\\\/#\\\/schema\\\/logo\\\/image\\\/\",\"url\":\"https:\\\/\\\/infopba247.com.ar\\\/wp-content\\\/uploads\\\/2022\\\/03\\\/cropped-InfoPBA247-1.png\",\"contentUrl\":\"https:\\\/\\\/infopba247.com.ar\\\/wp-content\\\/uploads\\\/2022\\\/03\\\/cropped-InfoPBA247-1.png\",\"width\":500,\"height\":122,\"caption\":\"InfoPBA247\"},\"image\":{\"@id\":\"https:\\\/\\\/infopba247.com.ar\\\/#\\\/schema\\\/logo\\\/image\\\/\"},\"sameAs\":[\"https:\\\/\\\/www.facebook.com\\\/InfoPBA\"]},{\"@type\":\"Person\",\"@id\":\"https:\\\/\\\/infopba247.com.ar\\\/#\\\/schema\\\/person\\\/4975f1343a413e57bf839b3eed0099f2\",\"name\":\"Editor\",\"image\":{\"@type\":\"ImageObject\",\"inLanguage\":\"es\",\"@id\":\"https:\\\/\\\/secure.gravatar.com\\\/avatar\\\/d27fe9520667ca53441d36627a1d6b0fa4a813571ec4803687a7a3a7744685ac?s=96&d=mm&r=g\",\"url\":\"https:\\\/\\\/secure.gravatar.com\\\/avatar\\\/d27fe9520667ca53441d36627a1d6b0fa4a813571ec4803687a7a3a7744685ac?s=96&d=mm&r=g\",\"contentUrl\":\"https:\\\/\\\/secure.gravatar.com\\\/avatar\\\/d27fe9520667ca53441d36627a1d6b0fa4a813571ec4803687a7a3a7744685ac?s=96&d=mm&r=g\",\"caption\":\"Editor\"},\"url\":\"https:\\\/\\\/infopba247.com.ar\\\/index.php\\\/author\\\/editor\\\/\"}]}<\/script>\n<!-- \/ Yoast SEO plugin. -->","yoast_head_json":{"title":"Mariel Fern\u00e1ndez inaugur\u00f3 la Plaza 6 de Enero en Cuartel V - InfoPBA247","robots":{"index":"index","follow":"follow","max-snippet":"max-snippet:-1","max-image-preview":"max-image-preview:large","max-video-preview":"max-video-preview:-1"},"canonical":"https:\/\/infopba247.com.ar\/index.php\/2025\/12\/11\/mariel-fernandez-inauguro-la-plaza-6-de-enero-en-cuartel-v\/","og_locale":"es_ES","og_type":"article","og_title":"Mariel Fern\u00e1ndez inaugur\u00f3 la Plaza 6 de Enero en Cuartel V - InfoPBA247","og_description":"La intendenta Mariel Fern\u00e1ndez, junto a vecinas y vecinos inaugur\u00f3 la Plaza 6 de Enero, ubicada en Livia Koppman, entre","og_url":"https:\/\/infopba247.com.ar\/index.php\/2025\/12\/11\/mariel-fernandez-inauguro-la-plaza-6-de-enero-en-cuartel-v\/","og_site_name":"InfoPBA247","article_publisher":"https:\/\/www.facebook.com\/InfoPBA","article_published_time":"2025-12-11T18:39:19+00:00","article_modified_time":"2025-12-11T18:39:21+00:00","og_image":[{"width":2560,"height":1708,"url":"https:\/\/infopba247.com.ar\/wp-content\/uploads\/2025\/12\/PLAZA-8-scaled.jpg","type":"image\/jpeg"}],"author":"Editor","twitter_card":"summary_large_image","twitter_misc":{"Escrito por":"Editor","Tiempo de lectura":"2 minutos"},"schema":{"@context":"https:\/\/schema.org","@graph":[{"@type":"Article","@id":"https:\/\/infopba247.com.ar\/index.php\/2025\/12\/11\/mariel-fernandez-inauguro-la-plaza-6-de-enero-en-cuartel-v\/#article","isPartOf":{"@id":"https:\/\/infopba247.com.ar\/index.php\/2025\/12\/11\/mariel-fernandez-inauguro-la-plaza-6-de-enero-en-cuartel-v\/"},"author":{"name":"Editor","@id":"https:\/\/infopba247.com.ar\/#\/schema\/person\/4975f1343a413e57bf839b3eed0099f2"},"headline":"Mariel Fern\u00e1ndez inaugur\u00f3 la Plaza 6 de Enero en Cuartel V","datePublished":"2025-12-11T18:39:19+00:00","dateModified":"2025-12-11T18:39:21+00:00","mainEntityOfPage":{"@id":"https:\/\/infopba247.com.ar\/index.php\/2025\/12\/11\/mariel-fernandez-inauguro-la-plaza-6-de-enero-en-cuartel-v\/"},"wordCount":349,"commentCount":0,"publisher":{"@id":"https:\/\/infopba247.com.ar\/#organization"},"image":{"@id":"https:\/\/infopba247.com.ar\/index.php\/2025\/12\/11\/mariel-fernandez-inauguro-la-plaza-6-de-enero-en-cuartel-v\/#primaryimage"},"thumbnailUrl":"https:\/\/infopba247.com.ar\/wp-content\/uploads\/2025\/12\/PLAZA-8-scaled.jpg","articleSection":["1ra Secci\u00f3n","Destacadas","Pol\u00edtica"],"inLanguage":"es","potentialAction":[{"@type":"CommentAction","name":"Comment","target":["https:\/\/infopba247.com.ar\/index.php\/2025\/12\/11\/mariel-fernandez-inauguro-la-plaza-6-de-enero-en-cuartel-v\/#respond"]}]},{"@type":"WebPage","@id":"https:\/\/infopba247.com.ar\/index.php\/2025\/12\/11\/mariel-fernandez-inauguro-la-plaza-6-de-enero-en-cuartel-v\/","url":"https:\/\/infopba247.com.ar\/index.php\/2025\/12\/11\/mariel-fernandez-inauguro-la-plaza-6-de-enero-en-cuartel-v\/","name":"Mariel Fern\u00e1ndez inaugur\u00f3 la Plaza 6 de Enero en Cuartel V - InfoPBA247","isPartOf":{"@id":"https:\/\/infopba247.com.ar\/#website"},"primaryImageOfPage":{"@id":"https:\/\/infopba247.com.ar\/index.php\/2025\/12\/11\/mariel-fernandez-inauguro-la-plaza-6-de-enero-en-cuartel-v\/#primaryimage"},"image":{"@id":"https:\/\/infopba247.com.ar\/index.php\/2025\/12\/11\/mariel-fernandez-inauguro-la-plaza-6-de-enero-en-cuartel-v\/#primaryimage"},"thumbnailUrl":"https:\/\/infopba247.com.ar\/wp-content\/uploads\/2025\/12\/PLAZA-8-scaled.jpg","datePublished":"2025-12-11T18:39:19+00:00","dateModified":"2025-12-11T18:39:21+00:00","breadcrumb":{"@id":"https:\/\/infopba247.com.ar\/index.php\/2025\/12\/11\/mariel-fernandez-inauguro-la-plaza-6-de-enero-en-cuartel-v\/#breadcrumb"},"inLanguage":"es","potentialAction":[{"@type":"ReadAction","target":["https:\/\/infopba247.com.ar\/index.php\/2025\/12\/11\/mariel-fernandez-inauguro-la-plaza-6-de-enero-en-cuartel-v\/"]}]},{"@type":"ImageObject","inLanguage":"es","@id":"https:\/\/infopba247.com.ar\/index.php\/2025\/12\/11\/mariel-fernandez-inauguro-la-plaza-6-de-enero-en-cuartel-v\/#primaryimage","url":"https:\/\/infopba247.com.ar\/wp-content\/uploads\/2025\/12\/PLAZA-8-scaled.jpg","contentUrl":"https:\/\/infopba247.com.ar\/wp-content\/uploads\/2025\/12\/PLAZA-8-scaled.jpg","width":2560,"height":1708},{"@type":"BreadcrumbList","@id":"https:\/\/infopba247.com.ar\/index.php\/2025\/12\/11\/mariel-fernandez-inauguro-la-plaza-6-de-enero-en-cuartel-v\/#breadcrumb","itemListElement":[{"@type":"ListItem","position":1,"name":"Portada","item":"https:\/\/infopba247.com.ar\/"},{"@type":"ListItem","position":2,"name":"Mariel Fern\u00e1ndez inaugur\u00f3 la Plaza 6 de Enero en Cuartel V"}]},{"@type":"WebSite","@id":"https:\/\/infopba247.com.ar\/#website","url":"https:\/\/infopba247.com.ar\/","name":"InfoPBA247","description":"Toda la actualidad bonaerense","publisher":{"@id":"https:\/\/infopba247.com.ar\/#organization"},"potentialAction":[{"@type":"SearchAction","target":{"@type":"EntryPoint","urlTemplate":"https:\/\/infopba247.com.ar\/?s={search_term_string}"},"query-input":{"@type":"PropertyValueSpecification","valueRequired":true,"valueName":"search_term_string"}}],"inLanguage":"es"},{"@type":"Organization","@id":"https:\/\/infopba247.com.ar\/#organization","name":"InfoPBA247","url":"https:\/\/infopba247.com.ar\/","logo":{"@type":"ImageObject","inLanguage":"es","@id":"https:\/\/infopba247.com.ar\/#\/schema\/logo\/image\/","url":"https:\/\/infopba247.com.ar\/wp-content\/uploads\/2022\/03\/cropped-InfoPBA247-1.png","contentUrl":"https:\/\/infopba247.com.ar\/wp-content\/uploads\/2022\/03\/cropped-InfoPBA247-1.png","width":500,"height":122,"caption":"InfoPBA247"},"image":{"@id":"https:\/\/infopba247.com.ar\/#\/schema\/logo\/image\/"},"sameAs":["https:\/\/www.facebook.com\/InfoPBA"]},{"@type":"Person","@id":"https:\/\/infopba247.com.ar\/#\/schema\/person\/4975f1343a413e57bf839b3eed0099f2","name":"Editor","image":{"@type":"ImageObject","inLanguage":"es","@id":"https:\/\/secure.gravatar.com\/avatar\/d27fe9520667ca53441d36627a1d6b0fa4a813571ec4803687a7a3a7744685ac?s=96&d=mm&r=g","url":"https:\/\/secure.gravatar.com\/avatar\/d27fe9520667ca53441d36627a1d6b0fa4a813571ec4803687a7a3a7744685ac?s=96&d=mm&r=g","contentUrl":"https:\/\/secure.gravatar.com\/avatar\/d27fe9520667ca53441d36627a1d6b0fa4a813571ec4803687a7a3a7744685ac?s=96&d=mm&r=g","caption":"Editor"},"url":"https:\/\/infopba247.com.ar\/index.php\/author\/editor\/"}]}},"_links":{"self":[{"href":"https:\/\/infopba247.com.ar\/index.php\/wp-json\/wp\/v2\/posts\/8554","targetHints":{"allow":["GET"]}}],"collection":[{"href":"https:\/\/infopba247.com.ar\/index.php\/wp-json\/wp\/v2\/posts"}],"about":[{"href":"https:\/\/infopba247.com.ar\/index.php\/wp-json\/wp\/v2\/types\/post"}],"author":[{"embeddable":true,"href":"https:\/\/infopba247.com.ar\/index.php\/wp-json\/wp\/v2\/users\/3"}],"replies":[{"embeddable":true,"href":"https:\/\/infopba247.com.ar\/index.php\/wp-json\/wp\/v2\/comments?post=8554"}],"version-history":[{"count":1,"href":"https:\/\/infopba247.com.ar\/index.php\/wp-json\/wp\/v2\/posts\/8554\/revisions"}],"predecessor-version":[{"id":8555,"href":"https:\/\/infopba247.com.ar\/index.php\/wp-json\/wp\/v2\/posts\/8554\/revisions\/8555"}],"wp:featuredmedia":[{"embeddable":true,"href":"https:\/\/infopba247.com.ar\/index.php\/wp-json\/wp\/v2\/media\/8548"}],"wp:attachment":[{"href":"https:\/\/infopba247.com.ar\/index.php\/wp-json\/wp\/v2\/media?parent=8554"}],"wp:term":[{"taxonomy":"category","embeddable":true,"href":"https:\/\/infopba247.com.ar\/index.php\/wp-json\/wp\/v2\/categories?post=8554"},{"taxonomy":"post_tag","embeddable":true,"href":"https:\/\/infopba247.com.ar\/index.php\/wp-json\/wp\/v2\/tags?post=8554"}],"curies":[{"name":"wp","href":"https:\/\/api.w.org\/{rel}","templated":true}]}}