{"id":8542,"date":"2025-12-10T15:15:38","date_gmt":"2025-12-10T18:15:38","guid":{"rendered":"https:\/\/infopba247.com.ar\/?p=8542"},"modified":"2025-12-10T15:15:39","modified_gmt":"2025-12-10T18:15:39","slug":"mariel-fernandez-inauguro-el-centro-odontologico-en-el-cic-la-bibiana","status":"publish","type":"post","link":"https:\/\/infopba247.com.ar\/index.php\/2025\/12\/10\/mariel-fernandez-inauguro-el-centro-odontologico-en-el-cic-la-bibiana\/","title":{"rendered":"Mariel Fern\u00e1ndez inaugur\u00f3 el Centro Odontol\u00f3gico en el CIC La Bibiana"},"content":{"rendered":"\n<p>El nuevo espacio, financiado con fondos municipales, cuenta con cuatro consultorios, quir\u00f3fano, rayos X, laboratorio dental y un equipo profesional ampliado para fortalecer la atenci\u00f3n en salud bucal<\/p>\n\n\n\n<p>La intendenta Mariel Fern\u00e1ndez, inaugur\u00f3 el Centro Odontol\u00f3gico en el Centro Integrador Comunitario (C.I.C.) La Bibiana, ubicado en O\u2019Brien esquina Ruta 23, en la localidad de Trujui, con financiamiento \u00edntegramente municipal.<\/p>\n\n\n\n<p>El nuevo espacio cuenta con cuatro consultorios, quir\u00f3fano, equipo de rayos X, laboratorio dental, recepci\u00f3n, \u00e1rea administrativa, sala de reuniones, ba\u00f1os y dep\u00f3sito, lo que garantiza mejores condiciones de trabajo para el equipo de salud y una atenci\u00f3n m\u00e1s c\u00f3moda y eficiente para la comunidad.<\/p>\n\n\n\n<p>Adem\u00e1s, se incorporaron nueve profesionales al servicio odontol\u00f3gico, lo que permitir\u00e1 fortalecer la capacidad de respuesta ante la demanda creciente de vecinas y vecinos.<\/p>\n\n\n\n<p>Durante la inauguraci\u00f3n, la jefa comunal expres\u00f3: \u201cSeguimos inaugurando cosas y realmente se hace un esfuerzo muy grande\u00bb y agreg\u00f3: \u201cNo es justo que alguien tenga que ocultar su sonrisa. Lo justo es que todos accedamos a la salud p\u00fablica, que podamos resolverlo con el Estado porque eso es invertir en la dignidad de las personas\u201d.<\/p>\n\n\n\n<p>Este nuevo Centro Odontol\u00f3gico permitir\u00e1 realizar cirug\u00edas m\u00e1s complejas, as\u00ed como tratamientos de periodoncia y tratamientos de conducto, ampliando significativamente la oferta de pr\u00e1cticas disponibles para las y los morenenses.<\/p>\n\n\n\n<p>Para acceder a la atenci\u00f3n, los turnos podr\u00e1n solicitarse en cualquiera de las 32 unidades sanitarias con servicio de Odontolog\u00eda del distrito, desde donde se realizar\u00e1 la derivaci\u00f3n correspondiente al nuevo Centro Odontol\u00f3gico.<\/p>\n\n\n\n<p>Asimismo, en el predio donde funciona el CIC La Bibiana se construy\u00f3 una plaza equipada con bancos, mesas, luminarias, juegos para ni\u00f1as y ni\u00f1os, parquizaci\u00f3n y Wi Fi para el disfrute de la comunidad.<\/p>\n\n\n\n<p>Estuvieron tambi\u00e9n presentes el secretario de Salud local, Juan Varani; la secretaria de Obras y Servicios P\u00fablicos, Mar\u00eda Gim\u00e9nez; el presidente del Concejo Deliberante, Emmanuel Fern\u00e1ndez; trabajadoras y trabajadores de la Salud y autoridades locales.<\/p>\n\n\n\n<p>Con esta inauguraci\u00f3n, el Gobierno local reafirma su compromiso con el fortalecimiento del sistema de salud p\u00fablica y con la ampliaci\u00f3n del acceso a una atenci\u00f3n odontol\u00f3gica de calidad para las y los vecinos.<\/p>\n","protected":false},"excerpt":{"rendered":"<p>El nuevo espacio, financiado con fondos municipales, cuenta con cuatro consultorios, quir\u00f3fano, rayos X, laboratorio dental y un equipo profesional<\/p>\n","protected":false},"author":3,"featured_media":8536,"comment_status":"open","ping_status":"open","sticky":false,"template":"","format":"standard","meta":{"colormag_page_container_layout":"default_layout","colormag_page_sidebar_layout":"default_layout","footnotes":""},"categories":[5,1,14],"tags":[],"class_list":["post-8542","post","type-post","status-publish","format-standard","has-post-thumbnail","hentry","category-1ra-seccion","category-destacadas","category-politica"],"yoast_head":"<!-- This site is optimized with the Yoast SEO plugin v27.4 - https:\/\/yoast.com\/product\/yoast-seo-wordpress\/ -->\n<title>Mariel Fern\u00e1ndez inaugur\u00f3 el Centro Odontol\u00f3gico en el CIC La Bibiana - InfoPBA247<\/title>\n<meta name=\"robots\" content=\"index, follow, max-snippet:-1, max-image-preview:large, max-video-preview:-1\" \/>\n<link rel=\"canonical\" href=\"https:\/\/infopba247.com.ar\/index.php\/2025\/12\/10\/mariel-fernandez-inauguro-el-centro-odontologico-en-el-cic-la-bibiana\/\" \/>\n<meta property=\"og:locale\" content=\"es_ES\" \/>\n<meta property=\"og:type\" content=\"article\" \/>\n<meta property=\"og:title\" content=\"Mariel Fern\u00e1ndez inaugur\u00f3 el Centro Odontol\u00f3gico en el CIC La Bibiana - InfoPBA247\" \/>\n<meta property=\"og:description\" content=\"El nuevo espacio, financiado con fondos municipales, cuenta con cuatro consultorios, quir\u00f3fano, rayos X, laboratorio dental y un equipo profesional\" \/>\n<meta property=\"og:url\" content=\"https:\/\/infopba247.com.ar\/index.php\/2025\/12\/10\/mariel-fernandez-inauguro-el-centro-odontologico-en-el-cic-la-bibiana\/\" \/>\n<meta property=\"og:site_name\" content=\"InfoPBA247\" \/>\n<meta property=\"article:publisher\" content=\"https:\/\/www.facebook.com\/InfoPBA\" \/>\n<meta property=\"article:published_time\" content=\"2025-12-10T18:15:38+00:00\" \/>\n<meta property=\"article:modified_time\" content=\"2025-12-10T18:15:39+00:00\" \/>\n<meta property=\"og:image\" content=\"https:\/\/infopba247.com.ar\/wp-content\/uploads\/2025\/12\/4-3-scaled.jpg\" \/>\n\t<meta property=\"og:image:width\" content=\"2560\" \/>\n\t<meta property=\"og:image:height\" content=\"1440\" \/>\n\t<meta property=\"og:image:type\" content=\"image\/jpeg\" \/>\n<meta name=\"author\" content=\"Editor\" \/>\n<meta name=\"twitter:card\" content=\"summary_large_image\" \/>\n<meta name=\"twitter:label1\" content=\"Escrito por\" \/>\n\t<meta name=\"twitter:data1\" content=\"Editor\" \/>\n\t<meta name=\"twitter:label2\" content=\"Tiempo de lectura\" \/>\n\t<meta name=\"twitter:data2\" content=\"2 minutos\" \/>\n<script type=\"application\/ld+json\" class=\"yoast-schema-graph\">{\"@context\":\"https:\\\/\\\/schema.org\",\"@graph\":[{\"@type\":\"Article\",\"@id\":\"https:\\\/\\\/infopba247.com.ar\\\/index.php\\\/2025\\\/12\\\/10\\\/mariel-fernandez-inauguro-el-centro-odontologico-en-el-cic-la-bibiana\\\/#article\",\"isPartOf\":{\"@id\":\"https:\\\/\\\/infopba247.com.ar\\\/index.php\\\/2025\\\/12\\\/10\\\/mariel-fernandez-inauguro-el-centro-odontologico-en-el-cic-la-bibiana\\\/\"},\"author\":{\"name\":\"Editor\",\"@id\":\"https:\\\/\\\/infopba247.com.ar\\\/#\\\/schema\\\/person\\\/4975f1343a413e57bf839b3eed0099f2\"},\"headline\":\"Mariel Fern\u00e1ndez inaugur\u00f3 el Centro Odontol\u00f3gico en el CIC La Bibiana\",\"datePublished\":\"2025-12-10T18:15:38+00:00\",\"dateModified\":\"2025-12-10T18:15:39+00:00\",\"mainEntityOfPage\":{\"@id\":\"https:\\\/\\\/infopba247.com.ar\\\/index.php\\\/2025\\\/12\\\/10\\\/mariel-fernandez-inauguro-el-centro-odontologico-en-el-cic-la-bibiana\\\/\"},\"wordCount\":401,\"commentCount\":0,\"publisher\":{\"@id\":\"https:\\\/\\\/infopba247.com.ar\\\/#organization\"},\"image\":{\"@id\":\"https:\\\/\\\/infopba247.com.ar\\\/index.php\\\/2025\\\/12\\\/10\\\/mariel-fernandez-inauguro-el-centro-odontologico-en-el-cic-la-bibiana\\\/#primaryimage\"},\"thumbnailUrl\":\"https:\\\/\\\/infopba247.com.ar\\\/wp-content\\\/uploads\\\/2025\\\/12\\\/4-3-scaled.jpg\",\"articleSection\":[\"1ra Secci\u00f3n\",\"Destacadas\",\"Pol\u00edtica\"],\"inLanguage\":\"es\",\"potentialAction\":[{\"@type\":\"CommentAction\",\"name\":\"Comment\",\"target\":[\"https:\\\/\\\/infopba247.com.ar\\\/index.php\\\/2025\\\/12\\\/10\\\/mariel-fernandez-inauguro-el-centro-odontologico-en-el-cic-la-bibiana\\\/#respond\"]}]},{\"@type\":\"WebPage\",\"@id\":\"https:\\\/\\\/infopba247.com.ar\\\/index.php\\\/2025\\\/12\\\/10\\\/mariel-fernandez-inauguro-el-centro-odontologico-en-el-cic-la-bibiana\\\/\",\"url\":\"https:\\\/\\\/infopba247.com.ar\\\/index.php\\\/2025\\\/12\\\/10\\\/mariel-fernandez-inauguro-el-centro-odontologico-en-el-cic-la-bibiana\\\/\",\"name\":\"Mariel Fern\u00e1ndez inaugur\u00f3 el Centro Odontol\u00f3gico en el CIC La Bibiana - InfoPBA247\",\"isPartOf\":{\"@id\":\"https:\\\/\\\/infopba247.com.ar\\\/#website\"},\"primaryImageOfPage\":{\"@id\":\"https:\\\/\\\/infopba247.com.ar\\\/index.php\\\/2025\\\/12\\\/10\\\/mariel-fernandez-inauguro-el-centro-odontologico-en-el-cic-la-bibiana\\\/#primaryimage\"},\"image\":{\"@id\":\"https:\\\/\\\/infopba247.com.ar\\\/index.php\\\/2025\\\/12\\\/10\\\/mariel-fernandez-inauguro-el-centro-odontologico-en-el-cic-la-bibiana\\\/#primaryimage\"},\"thumbnailUrl\":\"https:\\\/\\\/infopba247.com.ar\\\/wp-content\\\/uploads\\\/2025\\\/12\\\/4-3-scaled.jpg\",\"datePublished\":\"2025-12-10T18:15:38+00:00\",\"dateModified\":\"2025-12-10T18:15:39+00:00\",\"breadcrumb\":{\"@id\":\"https:\\\/\\\/infopba247.com.ar\\\/index.php\\\/2025\\\/12\\\/10\\\/mariel-fernandez-inauguro-el-centro-odontologico-en-el-cic-la-bibiana\\\/#breadcrumb\"},\"inLanguage\":\"es\",\"potentialAction\":[{\"@type\":\"ReadAction\",\"target\":[\"https:\\\/\\\/infopba247.com.ar\\\/index.php\\\/2025\\\/12\\\/10\\\/mariel-fernandez-inauguro-el-centro-odontologico-en-el-cic-la-bibiana\\\/\"]}]},{\"@type\":\"ImageObject\",\"inLanguage\":\"es\",\"@id\":\"https:\\\/\\\/infopba247.com.ar\\\/index.php\\\/2025\\\/12\\\/10\\\/mariel-fernandez-inauguro-el-centro-odontologico-en-el-cic-la-bibiana\\\/#primaryimage\",\"url\":\"https:\\\/\\\/infopba247.com.ar\\\/wp-content\\\/uploads\\\/2025\\\/12\\\/4-3-scaled.jpg\",\"contentUrl\":\"https:\\\/\\\/infopba247.com.ar\\\/wp-content\\\/uploads\\\/2025\\\/12\\\/4-3-scaled.jpg\",\"width\":2560,\"height\":1440},{\"@type\":\"BreadcrumbList\",\"@id\":\"https:\\\/\\\/infopba247.com.ar\\\/index.php\\\/2025\\\/12\\\/10\\\/mariel-fernandez-inauguro-el-centro-odontologico-en-el-cic-la-bibiana\\\/#breadcrumb\",\"itemListElement\":[{\"@type\":\"ListItem\",\"position\":1,\"name\":\"Portada\",\"item\":\"https:\\\/\\\/infopba247.com.ar\\\/\"},{\"@type\":\"ListItem\",\"position\":2,\"name\":\"Mariel Fern\u00e1ndez inaugur\u00f3 el Centro Odontol\u00f3gico en el CIC La Bibiana\"}]},{\"@type\":\"WebSite\",\"@id\":\"https:\\\/\\\/infopba247.com.ar\\\/#website\",\"url\":\"https:\\\/\\\/infopba247.com.ar\\\/\",\"name\":\"InfoPBA247\",\"description\":\"Toda la actualidad bonaerense\",\"publisher\":{\"@id\":\"https:\\\/\\\/infopba247.com.ar\\\/#organization\"},\"potentialAction\":[{\"@type\":\"SearchAction\",\"target\":{\"@type\":\"EntryPoint\",\"urlTemplate\":\"https:\\\/\\\/infopba247.com.ar\\\/?s={search_term_string}\"},\"query-input\":{\"@type\":\"PropertyValueSpecification\",\"valueRequired\":true,\"valueName\":\"search_term_string\"}}],\"inLanguage\":\"es\"},{\"@type\":\"Organization\",\"@id\":\"https:\\\/\\\/infopba247.com.ar\\\/#organization\",\"name\":\"InfoPBA247\",\"url\":\"https:\\\/\\\/infopba247.com.ar\\\/\",\"logo\":{\"@type\":\"ImageObject\",\"inLanguage\":\"es\",\"@id\":\"https:\\\/\\\/infopba247.com.ar\\\/#\\\/schema\\\/logo\\\/image\\\/\",\"url\":\"https:\\\/\\\/infopba247.com.ar\\\/wp-content\\\/uploads\\\/2022\\\/03\\\/cropped-InfoPBA247-1.png\",\"contentUrl\":\"https:\\\/\\\/infopba247.com.ar\\\/wp-content\\\/uploads\\\/2022\\\/03\\\/cropped-InfoPBA247-1.png\",\"width\":500,\"height\":122,\"caption\":\"InfoPBA247\"},\"image\":{\"@id\":\"https:\\\/\\\/infopba247.com.ar\\\/#\\\/schema\\\/logo\\\/image\\\/\"},\"sameAs\":[\"https:\\\/\\\/www.facebook.com\\\/InfoPBA\"]},{\"@type\":\"Person\",\"@id\":\"https:\\\/\\\/infopba247.com.ar\\\/#\\\/schema\\\/person\\\/4975f1343a413e57bf839b3eed0099f2\",\"name\":\"Editor\",\"image\":{\"@type\":\"ImageObject\",\"inLanguage\":\"es\",\"@id\":\"https:\\\/\\\/secure.gravatar.com\\\/avatar\\\/d27fe9520667ca53441d36627a1d6b0fa4a813571ec4803687a7a3a7744685ac?s=96&d=mm&r=g\",\"url\":\"https:\\\/\\\/secure.gravatar.com\\\/avatar\\\/d27fe9520667ca53441d36627a1d6b0fa4a813571ec4803687a7a3a7744685ac?s=96&d=mm&r=g\",\"contentUrl\":\"https:\\\/\\\/secure.gravatar.com\\\/avatar\\\/d27fe9520667ca53441d36627a1d6b0fa4a813571ec4803687a7a3a7744685ac?s=96&d=mm&r=g\",\"caption\":\"Editor\"},\"url\":\"https:\\\/\\\/infopba247.com.ar\\\/index.php\\\/author\\\/editor\\\/\"}]}<\/script>\n<!-- \/ Yoast SEO plugin. -->","yoast_head_json":{"title":"Mariel Fern\u00e1ndez inaugur\u00f3 el Centro Odontol\u00f3gico en el CIC La Bibiana - InfoPBA247","robots":{"index":"index","follow":"follow","max-snippet":"max-snippet:-1","max-image-preview":"max-image-preview:large","max-video-preview":"max-video-preview:-1"},"canonical":"https:\/\/infopba247.com.ar\/index.php\/2025\/12\/10\/mariel-fernandez-inauguro-el-centro-odontologico-en-el-cic-la-bibiana\/","og_locale":"es_ES","og_type":"article","og_title":"Mariel Fern\u00e1ndez inaugur\u00f3 el Centro Odontol\u00f3gico en el CIC La Bibiana - InfoPBA247","og_description":"El nuevo espacio, financiado con fondos municipales, cuenta con cuatro consultorios, quir\u00f3fano, rayos X, laboratorio dental y un equipo profesional","og_url":"https:\/\/infopba247.com.ar\/index.php\/2025\/12\/10\/mariel-fernandez-inauguro-el-centro-odontologico-en-el-cic-la-bibiana\/","og_site_name":"InfoPBA247","article_publisher":"https:\/\/www.facebook.com\/InfoPBA","article_published_time":"2025-12-10T18:15:38+00:00","article_modified_time":"2025-12-10T18:15:39+00:00","og_image":[{"width":2560,"height":1440,"url":"https:\/\/infopba247.com.ar\/wp-content\/uploads\/2025\/12\/4-3-scaled.jpg","type":"image\/jpeg"}],"author":"Editor","twitter_card":"summary_large_image","twitter_misc":{"Escrito por":"Editor","Tiempo de lectura":"2 minutos"},"schema":{"@context":"https:\/\/schema.org","@graph":[{"@type":"Article","@id":"https:\/\/infopba247.com.ar\/index.php\/2025\/12\/10\/mariel-fernandez-inauguro-el-centro-odontologico-en-el-cic-la-bibiana\/#article","isPartOf":{"@id":"https:\/\/infopba247.com.ar\/index.php\/2025\/12\/10\/mariel-fernandez-inauguro-el-centro-odontologico-en-el-cic-la-bibiana\/"},"author":{"name":"Editor","@id":"https:\/\/infopba247.com.ar\/#\/schema\/person\/4975f1343a413e57bf839b3eed0099f2"},"headline":"Mariel Fern\u00e1ndez inaugur\u00f3 el Centro Odontol\u00f3gico en el CIC La Bibiana","datePublished":"2025-12-10T18:15:38+00:00","dateModified":"2025-12-10T18:15:39+00:00","mainEntityOfPage":{"@id":"https:\/\/infopba247.com.ar\/index.php\/2025\/12\/10\/mariel-fernandez-inauguro-el-centro-odontologico-en-el-cic-la-bibiana\/"},"wordCount":401,"commentCount":0,"publisher":{"@id":"https:\/\/infopba247.com.ar\/#organization"},"image":{"@id":"https:\/\/infopba247.com.ar\/index.php\/2025\/12\/10\/mariel-fernandez-inauguro-el-centro-odontologico-en-el-cic-la-bibiana\/#primaryimage"},"thumbnailUrl":"https:\/\/infopba247.com.ar\/wp-content\/uploads\/2025\/12\/4-3-scaled.jpg","articleSection":["1ra Secci\u00f3n","Destacadas","Pol\u00edtica"],"inLanguage":"es","potentialAction":[{"@type":"CommentAction","name":"Comment","target":["https:\/\/infopba247.com.ar\/index.php\/2025\/12\/10\/mariel-fernandez-inauguro-el-centro-odontologico-en-el-cic-la-bibiana\/#respond"]}]},{"@type":"WebPage","@id":"https:\/\/infopba247.com.ar\/index.php\/2025\/12\/10\/mariel-fernandez-inauguro-el-centro-odontologico-en-el-cic-la-bibiana\/","url":"https:\/\/infopba247.com.ar\/index.php\/2025\/12\/10\/mariel-fernandez-inauguro-el-centro-odontologico-en-el-cic-la-bibiana\/","name":"Mariel Fern\u00e1ndez inaugur\u00f3 el Centro Odontol\u00f3gico en el CIC La Bibiana - InfoPBA247","isPartOf":{"@id":"https:\/\/infopba247.com.ar\/#website"},"primaryImageOfPage":{"@id":"https:\/\/infopba247.com.ar\/index.php\/2025\/12\/10\/mariel-fernandez-inauguro-el-centro-odontologico-en-el-cic-la-bibiana\/#primaryimage"},"image":{"@id":"https:\/\/infopba247.com.ar\/index.php\/2025\/12\/10\/mariel-fernandez-inauguro-el-centro-odontologico-en-el-cic-la-bibiana\/#primaryimage"},"thumbnailUrl":"https:\/\/infopba247.com.ar\/wp-content\/uploads\/2025\/12\/4-3-scaled.jpg","datePublished":"2025-12-10T18:15:38+00:00","dateModified":"2025-12-10T18:15:39+00:00","breadcrumb":{"@id":"https:\/\/infopba247.com.ar\/index.php\/2025\/12\/10\/mariel-fernandez-inauguro-el-centro-odontologico-en-el-cic-la-bibiana\/#breadcrumb"},"inLanguage":"es","potentialAction":[{"@type":"ReadAction","target":["https:\/\/infopba247.com.ar\/index.php\/2025\/12\/10\/mariel-fernandez-inauguro-el-centro-odontologico-en-el-cic-la-bibiana\/"]}]},{"@type":"ImageObject","inLanguage":"es","@id":"https:\/\/infopba247.com.ar\/index.php\/2025\/12\/10\/mariel-fernandez-inauguro-el-centro-odontologico-en-el-cic-la-bibiana\/#primaryimage","url":"https:\/\/infopba247.com.ar\/wp-content\/uploads\/2025\/12\/4-3-scaled.jpg","contentUrl":"https:\/\/infopba247.com.ar\/wp-content\/uploads\/2025\/12\/4-3-scaled.jpg","width":2560,"height":1440},{"@type":"BreadcrumbList","@id":"https:\/\/infopba247.com.ar\/index.php\/2025\/12\/10\/mariel-fernandez-inauguro-el-centro-odontologico-en-el-cic-la-bibiana\/#breadcrumb","itemListElement":[{"@type":"ListItem","position":1,"name":"Portada","item":"https:\/\/infopba247.com.ar\/"},{"@type":"ListItem","position":2,"name":"Mariel Fern\u00e1ndez inaugur\u00f3 el Centro Odontol\u00f3gico en el CIC La Bibiana"}]},{"@type":"WebSite","@id":"https:\/\/infopba247.com.ar\/#website","url":"https:\/\/infopba247.com.ar\/","name":"InfoPBA247","description":"Toda la actualidad bonaerense","publisher":{"@id":"https:\/\/infopba247.com.ar\/#organization"},"potentialAction":[{"@type":"SearchAction","target":{"@type":"EntryPoint","urlTemplate":"https:\/\/infopba247.com.ar\/?s={search_term_string}"},"query-input":{"@type":"PropertyValueSpecification","valueRequired":true,"valueName":"search_term_string"}}],"inLanguage":"es"},{"@type":"Organization","@id":"https:\/\/infopba247.com.ar\/#organization","name":"InfoPBA247","url":"https:\/\/infopba247.com.ar\/","logo":{"@type":"ImageObject","inLanguage":"es","@id":"https:\/\/infopba247.com.ar\/#\/schema\/logo\/image\/","url":"https:\/\/infopba247.com.ar\/wp-content\/uploads\/2022\/03\/cropped-InfoPBA247-1.png","contentUrl":"https:\/\/infopba247.com.ar\/wp-content\/uploads\/2022\/03\/cropped-InfoPBA247-1.png","width":500,"height":122,"caption":"InfoPBA247"},"image":{"@id":"https:\/\/infopba247.com.ar\/#\/schema\/logo\/image\/"},"sameAs":["https:\/\/www.facebook.com\/InfoPBA"]},{"@type":"Person","@id":"https:\/\/infopba247.com.ar\/#\/schema\/person\/4975f1343a413e57bf839b3eed0099f2","name":"Editor","image":{"@type":"ImageObject","inLanguage":"es","@id":"https:\/\/secure.gravatar.com\/avatar\/d27fe9520667ca53441d36627a1d6b0fa4a813571ec4803687a7a3a7744685ac?s=96&d=mm&r=g","url":"https:\/\/secure.gravatar.com\/avatar\/d27fe9520667ca53441d36627a1d6b0fa4a813571ec4803687a7a3a7744685ac?s=96&d=mm&r=g","contentUrl":"https:\/\/secure.gravatar.com\/avatar\/d27fe9520667ca53441d36627a1d6b0fa4a813571ec4803687a7a3a7744685ac?s=96&d=mm&r=g","caption":"Editor"},"url":"https:\/\/infopba247.com.ar\/index.php\/author\/editor\/"}]}},"_links":{"self":[{"href":"https:\/\/infopba247.com.ar\/index.php\/wp-json\/wp\/v2\/posts\/8542","targetHints":{"allow":["GET"]}}],"collection":[{"href":"https:\/\/infopba247.com.ar\/index.php\/wp-json\/wp\/v2\/posts"}],"about":[{"href":"https:\/\/infopba247.com.ar\/index.php\/wp-json\/wp\/v2\/types\/post"}],"author":[{"embeddable":true,"href":"https:\/\/infopba247.com.ar\/index.php\/wp-json\/wp\/v2\/users\/3"}],"replies":[{"embeddable":true,"href":"https:\/\/infopba247.com.ar\/index.php\/wp-json\/wp\/v2\/comments?post=8542"}],"version-history":[{"count":1,"href":"https:\/\/infopba247.com.ar\/index.php\/wp-json\/wp\/v2\/posts\/8542\/revisions"}],"predecessor-version":[{"id":8543,"href":"https:\/\/infopba247.com.ar\/index.php\/wp-json\/wp\/v2\/posts\/8542\/revisions\/8543"}],"wp:featuredmedia":[{"embeddable":true,"href":"https:\/\/infopba247.com.ar\/index.php\/wp-json\/wp\/v2\/media\/8536"}],"wp:attachment":[{"href":"https:\/\/infopba247.com.ar\/index.php\/wp-json\/wp\/v2\/media?parent=8542"}],"wp:term":[{"taxonomy":"category","embeddable":true,"href":"https:\/\/infopba247.com.ar\/index.php\/wp-json\/wp\/v2\/categories?post=8542"},{"taxonomy":"post_tag","embeddable":true,"href":"https:\/\/infopba247.com.ar\/index.php\/wp-json\/wp\/v2\/tags?post=8542"}],"curies":[{"name":"wp","href":"https:\/\/api.w.org\/{rel}","templated":true}]}}