{"id":8510,"date":"2025-12-04T14:59:59","date_gmt":"2025-12-04T17:59:59","guid":{"rendered":"https:\/\/infopba247.com.ar\/?p=8510"},"modified":"2025-12-04T15:00:00","modified_gmt":"2025-12-04T18:00:00","slug":"por-decision-unanime-alejandro-dichiara-vuelve-a-la-presidencia-de-diputados","status":"publish","type":"post","link":"https:\/\/infopba247.com.ar\/index.php\/2025\/12\/04\/por-decision-unanime-alejandro-dichiara-vuelve-a-la-presidencia-de-diputados\/","title":{"rendered":"Por decisi\u00f3n un\u00e1nime, Alejandro Dichiara vuelve a la presidencia de Diputados"},"content":{"rendered":"\n<p>El pasado martes 2 de diciembre, y luego de la entrega de diplomas, se realiz\u00f3 el acto de asunci\u00f3n de los nuevos legisladores que integrar\u00e1n la C\u00e1mara Baja de la Provincia de Buenos Aires. Alejandro Dichiara, exintendente de la ciudad y presidente del Partido Peronista de Monte Hermoso, ser\u00e1 nuevamente el presidente.<\/p>\n\n\n\n<p>Luego de la jura de los diputados, se acord\u00f3 que el nuevo presidente de la C\u00e1mara de Diputados de la Provincia de Buenos Aires sea Alejandro Dichiara, quien ya fue titular de la C\u00e1mara en 2024 y volver\u00e1 a ser el conductor del cuerpo.<\/p>\n\n\n\n<p>\u00abLas y los diputados de la provincia de Buenos Aires me han elegido nuevamente como presidente de la C\u00e1mara de Diputados, una responsabilidad que asumo con orgullo y enorme compromiso. Voy a seguir trabajando junto a las legisladoras y los legisladores de todos los espacios para construir acuerdos, fortalecer la instituci\u00f3n y acompa\u00f1ar las necesidades de los y las bonaerenses. Este es un tiempo que exige di\u00e1logo, cercan\u00eda y mucha dedicaci\u00f3n\u00bb, sostuvo el exintendente de Monte Hermoso.<\/p>\n\n\n\n<p>\u201cQuiero agradecer la confianza de Cristina Fern\u00e1ndez de Kirchner, M\u00e1ximo Kirchner, del gobernador Axel Kicillof y Sergio Massa, as\u00ed como de todas y todos los que creyeron en m\u00ed para esta tarea tan importante. Tambi\u00e9n quiero expresar mi gratitud a Alexis Guerrera por su trabajo y su compromiso al frente de esta C\u00e1mara. Su vocaci\u00f3n de di\u00e1logo y su responsabilidad institucional fueron fundamentales para garantizar el funcionamiento legislativo durante este tiempo\u201d, afirm\u00f3 Dichiara.<\/p>\n\n\n\n<p>Por \u00faltimo, el flamante presidente de la C\u00e1mara de Diputados de la Provincia de Buenos Aires, sostuvo:&nbsp;\u201cDel mismo modo, agradezco al pueblo de Monte Hermoso, que me acompa\u00f1a desde siempre y que hoy vuelve a sentir orgullo de ver a alguien de nuestra ciudad y de nuestro interior bonaerense ocupar un lugar tan relevante para la Provincia. Y, por supuesto, mi agradecimiento m\u00e1s profundo es para mi familia, para Andrea y para mis hijas Carola y B\u00e1rbara, por su apoyo, su amor y por estar a mi lado en cada desaf\u00edo\u201d.<\/p>\n","protected":false},"excerpt":{"rendered":"<p>El pasado martes 2 de diciembre, y luego de la entrega de diplomas, se realiz\u00f3 el acto de asunci\u00f3n de<\/p>\n","protected":false},"author":3,"featured_media":8511,"comment_status":"open","ping_status":"open","sticky":false,"template":"","format":"standard","meta":{"colormag_page_container_layout":"default_layout","colormag_page_sidebar_layout":"default_layout","footnotes":""},"categories":[10,1,14],"tags":[],"class_list":["post-8510","post","type-post","status-publish","format-standard","has-post-thumbnail","hentry","category-6ta-seccion","category-destacadas","category-politica"],"yoast_head":"<!-- This site is optimized with the Yoast SEO plugin v27.4 - https:\/\/yoast.com\/product\/yoast-seo-wordpress\/ -->\n<title>Por decisi\u00f3n un\u00e1nime, Alejandro Dichiara vuelve a la presidencia de Diputados - InfoPBA247<\/title>\n<meta name=\"robots\" content=\"index, follow, max-snippet:-1, max-image-preview:large, max-video-preview:-1\" \/>\n<link rel=\"canonical\" href=\"https:\/\/infopba247.com.ar\/index.php\/2025\/12\/04\/por-decision-unanime-alejandro-dichiara-vuelve-a-la-presidencia-de-diputados\/\" \/>\n<meta property=\"og:locale\" content=\"es_ES\" \/>\n<meta property=\"og:type\" content=\"article\" \/>\n<meta property=\"og:title\" content=\"Por decisi\u00f3n un\u00e1nime, Alejandro Dichiara vuelve a la presidencia de Diputados - InfoPBA247\" \/>\n<meta property=\"og:description\" content=\"El pasado martes 2 de diciembre, y luego de la entrega de diplomas, se realiz\u00f3 el acto de asunci\u00f3n de\" \/>\n<meta property=\"og:url\" content=\"https:\/\/infopba247.com.ar\/index.php\/2025\/12\/04\/por-decision-unanime-alejandro-dichiara-vuelve-a-la-presidencia-de-diputados\/\" \/>\n<meta property=\"og:site_name\" content=\"InfoPBA247\" \/>\n<meta property=\"article:publisher\" content=\"https:\/\/www.facebook.com\/InfoPBA\" \/>\n<meta property=\"article:published_time\" content=\"2025-12-04T17:59:59+00:00\" \/>\n<meta property=\"article:modified_time\" content=\"2025-12-04T18:00:00+00:00\" \/>\n<meta property=\"og:image\" content=\"https:\/\/infopba247.com.ar\/wp-content\/uploads\/2025\/12\/WhatsApp-Image-2025-12-03-at-6.28.51-PM-800x445-2.jpeg\" \/>\n\t<meta property=\"og:image:width\" content=\"800\" \/>\n\t<meta property=\"og:image:height\" content=\"445\" \/>\n\t<meta property=\"og:image:type\" content=\"image\/jpeg\" \/>\n<meta name=\"author\" content=\"Editor\" \/>\n<meta name=\"twitter:card\" content=\"summary_large_image\" \/>\n<meta name=\"twitter:label1\" content=\"Escrito por\" \/>\n\t<meta name=\"twitter:data1\" content=\"Editor\" \/>\n\t<meta name=\"twitter:label2\" content=\"Tiempo de lectura\" \/>\n\t<meta name=\"twitter:data2\" content=\"2 minutos\" \/>\n<script type=\"application\/ld+json\" class=\"yoast-schema-graph\">{\"@context\":\"https:\\\/\\\/schema.org\",\"@graph\":[{\"@type\":\"Article\",\"@id\":\"https:\\\/\\\/infopba247.com.ar\\\/index.php\\\/2025\\\/12\\\/04\\\/por-decision-unanime-alejandro-dichiara-vuelve-a-la-presidencia-de-diputados\\\/#article\",\"isPartOf\":{\"@id\":\"https:\\\/\\\/infopba247.com.ar\\\/index.php\\\/2025\\\/12\\\/04\\\/por-decision-unanime-alejandro-dichiara-vuelve-a-la-presidencia-de-diputados\\\/\"},\"author\":{\"name\":\"Editor\",\"@id\":\"https:\\\/\\\/infopba247.com.ar\\\/#\\\/schema\\\/person\\\/4975f1343a413e57bf839b3eed0099f2\"},\"headline\":\"Por decisi\u00f3n un\u00e1nime, Alejandro Dichiara vuelve a la presidencia de Diputados\",\"datePublished\":\"2025-12-04T17:59:59+00:00\",\"dateModified\":\"2025-12-04T18:00:00+00:00\",\"mainEntityOfPage\":{\"@id\":\"https:\\\/\\\/infopba247.com.ar\\\/index.php\\\/2025\\\/12\\\/04\\\/por-decision-unanime-alejandro-dichiara-vuelve-a-la-presidencia-de-diputados\\\/\"},\"wordCount\":372,\"commentCount\":0,\"publisher\":{\"@id\":\"https:\\\/\\\/infopba247.com.ar\\\/#organization\"},\"image\":{\"@id\":\"https:\\\/\\\/infopba247.com.ar\\\/index.php\\\/2025\\\/12\\\/04\\\/por-decision-unanime-alejandro-dichiara-vuelve-a-la-presidencia-de-diputados\\\/#primaryimage\"},\"thumbnailUrl\":\"https:\\\/\\\/infopba247.com.ar\\\/wp-content\\\/uploads\\\/2025\\\/12\\\/WhatsApp-Image-2025-12-03-at-6.28.51-PM-800x445-2.jpeg\",\"articleSection\":[\"6ta Secci\u00f3n\",\"Destacadas\",\"Pol\u00edtica\"],\"inLanguage\":\"es\",\"potentialAction\":[{\"@type\":\"CommentAction\",\"name\":\"Comment\",\"target\":[\"https:\\\/\\\/infopba247.com.ar\\\/index.php\\\/2025\\\/12\\\/04\\\/por-decision-unanime-alejandro-dichiara-vuelve-a-la-presidencia-de-diputados\\\/#respond\"]}]},{\"@type\":\"WebPage\",\"@id\":\"https:\\\/\\\/infopba247.com.ar\\\/index.php\\\/2025\\\/12\\\/04\\\/por-decision-unanime-alejandro-dichiara-vuelve-a-la-presidencia-de-diputados\\\/\",\"url\":\"https:\\\/\\\/infopba247.com.ar\\\/index.php\\\/2025\\\/12\\\/04\\\/por-decision-unanime-alejandro-dichiara-vuelve-a-la-presidencia-de-diputados\\\/\",\"name\":\"Por decisi\u00f3n un\u00e1nime, Alejandro Dichiara vuelve a la presidencia de Diputados - InfoPBA247\",\"isPartOf\":{\"@id\":\"https:\\\/\\\/infopba247.com.ar\\\/#website\"},\"primaryImageOfPage\":{\"@id\":\"https:\\\/\\\/infopba247.com.ar\\\/index.php\\\/2025\\\/12\\\/04\\\/por-decision-unanime-alejandro-dichiara-vuelve-a-la-presidencia-de-diputados\\\/#primaryimage\"},\"image\":{\"@id\":\"https:\\\/\\\/infopba247.com.ar\\\/index.php\\\/2025\\\/12\\\/04\\\/por-decision-unanime-alejandro-dichiara-vuelve-a-la-presidencia-de-diputados\\\/#primaryimage\"},\"thumbnailUrl\":\"https:\\\/\\\/infopba247.com.ar\\\/wp-content\\\/uploads\\\/2025\\\/12\\\/WhatsApp-Image-2025-12-03-at-6.28.51-PM-800x445-2.jpeg\",\"datePublished\":\"2025-12-04T17:59:59+00:00\",\"dateModified\":\"2025-12-04T18:00:00+00:00\",\"breadcrumb\":{\"@id\":\"https:\\\/\\\/infopba247.com.ar\\\/index.php\\\/2025\\\/12\\\/04\\\/por-decision-unanime-alejandro-dichiara-vuelve-a-la-presidencia-de-diputados\\\/#breadcrumb\"},\"inLanguage\":\"es\",\"potentialAction\":[{\"@type\":\"ReadAction\",\"target\":[\"https:\\\/\\\/infopba247.com.ar\\\/index.php\\\/2025\\\/12\\\/04\\\/por-decision-unanime-alejandro-dichiara-vuelve-a-la-presidencia-de-diputados\\\/\"]}]},{\"@type\":\"ImageObject\",\"inLanguage\":\"es\",\"@id\":\"https:\\\/\\\/infopba247.com.ar\\\/index.php\\\/2025\\\/12\\\/04\\\/por-decision-unanime-alejandro-dichiara-vuelve-a-la-presidencia-de-diputados\\\/#primaryimage\",\"url\":\"https:\\\/\\\/infopba247.com.ar\\\/wp-content\\\/uploads\\\/2025\\\/12\\\/WhatsApp-Image-2025-12-03-at-6.28.51-PM-800x445-2.jpeg\",\"contentUrl\":\"https:\\\/\\\/infopba247.com.ar\\\/wp-content\\\/uploads\\\/2025\\\/12\\\/WhatsApp-Image-2025-12-03-at-6.28.51-PM-800x445-2.jpeg\",\"width\":800,\"height\":445},{\"@type\":\"BreadcrumbList\",\"@id\":\"https:\\\/\\\/infopba247.com.ar\\\/index.php\\\/2025\\\/12\\\/04\\\/por-decision-unanime-alejandro-dichiara-vuelve-a-la-presidencia-de-diputados\\\/#breadcrumb\",\"itemListElement\":[{\"@type\":\"ListItem\",\"position\":1,\"name\":\"Portada\",\"item\":\"https:\\\/\\\/infopba247.com.ar\\\/\"},{\"@type\":\"ListItem\",\"position\":2,\"name\":\"Por decisi\u00f3n un\u00e1nime, Alejandro Dichiara vuelve a la presidencia de Diputados\"}]},{\"@type\":\"WebSite\",\"@id\":\"https:\\\/\\\/infopba247.com.ar\\\/#website\",\"url\":\"https:\\\/\\\/infopba247.com.ar\\\/\",\"name\":\"InfoPBA247\",\"description\":\"Toda la actualidad bonaerense\",\"publisher\":{\"@id\":\"https:\\\/\\\/infopba247.com.ar\\\/#organization\"},\"potentialAction\":[{\"@type\":\"SearchAction\",\"target\":{\"@type\":\"EntryPoint\",\"urlTemplate\":\"https:\\\/\\\/infopba247.com.ar\\\/?s={search_term_string}\"},\"query-input\":{\"@type\":\"PropertyValueSpecification\",\"valueRequired\":true,\"valueName\":\"search_term_string\"}}],\"inLanguage\":\"es\"},{\"@type\":\"Organization\",\"@id\":\"https:\\\/\\\/infopba247.com.ar\\\/#organization\",\"name\":\"InfoPBA247\",\"url\":\"https:\\\/\\\/infopba247.com.ar\\\/\",\"logo\":{\"@type\":\"ImageObject\",\"inLanguage\":\"es\",\"@id\":\"https:\\\/\\\/infopba247.com.ar\\\/#\\\/schema\\\/logo\\\/image\\\/\",\"url\":\"https:\\\/\\\/infopba247.com.ar\\\/wp-content\\\/uploads\\\/2022\\\/03\\\/cropped-InfoPBA247-1.png\",\"contentUrl\":\"https:\\\/\\\/infopba247.com.ar\\\/wp-content\\\/uploads\\\/2022\\\/03\\\/cropped-InfoPBA247-1.png\",\"width\":500,\"height\":122,\"caption\":\"InfoPBA247\"},\"image\":{\"@id\":\"https:\\\/\\\/infopba247.com.ar\\\/#\\\/schema\\\/logo\\\/image\\\/\"},\"sameAs\":[\"https:\\\/\\\/www.facebook.com\\\/InfoPBA\"]},{\"@type\":\"Person\",\"@id\":\"https:\\\/\\\/infopba247.com.ar\\\/#\\\/schema\\\/person\\\/4975f1343a413e57bf839b3eed0099f2\",\"name\":\"Editor\",\"image\":{\"@type\":\"ImageObject\",\"inLanguage\":\"es\",\"@id\":\"https:\\\/\\\/secure.gravatar.com\\\/avatar\\\/d27fe9520667ca53441d36627a1d6b0fa4a813571ec4803687a7a3a7744685ac?s=96&d=mm&r=g\",\"url\":\"https:\\\/\\\/secure.gravatar.com\\\/avatar\\\/d27fe9520667ca53441d36627a1d6b0fa4a813571ec4803687a7a3a7744685ac?s=96&d=mm&r=g\",\"contentUrl\":\"https:\\\/\\\/secure.gravatar.com\\\/avatar\\\/d27fe9520667ca53441d36627a1d6b0fa4a813571ec4803687a7a3a7744685ac?s=96&d=mm&r=g\",\"caption\":\"Editor\"},\"url\":\"https:\\\/\\\/infopba247.com.ar\\\/index.php\\\/author\\\/editor\\\/\"}]}<\/script>\n<!-- \/ Yoast SEO plugin. -->","yoast_head_json":{"title":"Por decisi\u00f3n un\u00e1nime, Alejandro Dichiara vuelve a la presidencia de Diputados - InfoPBA247","robots":{"index":"index","follow":"follow","max-snippet":"max-snippet:-1","max-image-preview":"max-image-preview:large","max-video-preview":"max-video-preview:-1"},"canonical":"https:\/\/infopba247.com.ar\/index.php\/2025\/12\/04\/por-decision-unanime-alejandro-dichiara-vuelve-a-la-presidencia-de-diputados\/","og_locale":"es_ES","og_type":"article","og_title":"Por decisi\u00f3n un\u00e1nime, Alejandro Dichiara vuelve a la presidencia de Diputados - InfoPBA247","og_description":"El pasado martes 2 de diciembre, y luego de la entrega de diplomas, se realiz\u00f3 el acto de asunci\u00f3n de","og_url":"https:\/\/infopba247.com.ar\/index.php\/2025\/12\/04\/por-decision-unanime-alejandro-dichiara-vuelve-a-la-presidencia-de-diputados\/","og_site_name":"InfoPBA247","article_publisher":"https:\/\/www.facebook.com\/InfoPBA","article_published_time":"2025-12-04T17:59:59+00:00","article_modified_time":"2025-12-04T18:00:00+00:00","og_image":[{"width":800,"height":445,"url":"https:\/\/infopba247.com.ar\/wp-content\/uploads\/2025\/12\/WhatsApp-Image-2025-12-03-at-6.28.51-PM-800x445-2.jpeg","type":"image\/jpeg"}],"author":"Editor","twitter_card":"summary_large_image","twitter_misc":{"Escrito por":"Editor","Tiempo de lectura":"2 minutos"},"schema":{"@context":"https:\/\/schema.org","@graph":[{"@type":"Article","@id":"https:\/\/infopba247.com.ar\/index.php\/2025\/12\/04\/por-decision-unanime-alejandro-dichiara-vuelve-a-la-presidencia-de-diputados\/#article","isPartOf":{"@id":"https:\/\/infopba247.com.ar\/index.php\/2025\/12\/04\/por-decision-unanime-alejandro-dichiara-vuelve-a-la-presidencia-de-diputados\/"},"author":{"name":"Editor","@id":"https:\/\/infopba247.com.ar\/#\/schema\/person\/4975f1343a413e57bf839b3eed0099f2"},"headline":"Por decisi\u00f3n un\u00e1nime, Alejandro Dichiara vuelve a la presidencia de Diputados","datePublished":"2025-12-04T17:59:59+00:00","dateModified":"2025-12-04T18:00:00+00:00","mainEntityOfPage":{"@id":"https:\/\/infopba247.com.ar\/index.php\/2025\/12\/04\/por-decision-unanime-alejandro-dichiara-vuelve-a-la-presidencia-de-diputados\/"},"wordCount":372,"commentCount":0,"publisher":{"@id":"https:\/\/infopba247.com.ar\/#organization"},"image":{"@id":"https:\/\/infopba247.com.ar\/index.php\/2025\/12\/04\/por-decision-unanime-alejandro-dichiara-vuelve-a-la-presidencia-de-diputados\/#primaryimage"},"thumbnailUrl":"https:\/\/infopba247.com.ar\/wp-content\/uploads\/2025\/12\/WhatsApp-Image-2025-12-03-at-6.28.51-PM-800x445-2.jpeg","articleSection":["6ta Secci\u00f3n","Destacadas","Pol\u00edtica"],"inLanguage":"es","potentialAction":[{"@type":"CommentAction","name":"Comment","target":["https:\/\/infopba247.com.ar\/index.php\/2025\/12\/04\/por-decision-unanime-alejandro-dichiara-vuelve-a-la-presidencia-de-diputados\/#respond"]}]},{"@type":"WebPage","@id":"https:\/\/infopba247.com.ar\/index.php\/2025\/12\/04\/por-decision-unanime-alejandro-dichiara-vuelve-a-la-presidencia-de-diputados\/","url":"https:\/\/infopba247.com.ar\/index.php\/2025\/12\/04\/por-decision-unanime-alejandro-dichiara-vuelve-a-la-presidencia-de-diputados\/","name":"Por decisi\u00f3n un\u00e1nime, Alejandro Dichiara vuelve a la presidencia de Diputados - InfoPBA247","isPartOf":{"@id":"https:\/\/infopba247.com.ar\/#website"},"primaryImageOfPage":{"@id":"https:\/\/infopba247.com.ar\/index.php\/2025\/12\/04\/por-decision-unanime-alejandro-dichiara-vuelve-a-la-presidencia-de-diputados\/#primaryimage"},"image":{"@id":"https:\/\/infopba247.com.ar\/index.php\/2025\/12\/04\/por-decision-unanime-alejandro-dichiara-vuelve-a-la-presidencia-de-diputados\/#primaryimage"},"thumbnailUrl":"https:\/\/infopba247.com.ar\/wp-content\/uploads\/2025\/12\/WhatsApp-Image-2025-12-03-at-6.28.51-PM-800x445-2.jpeg","datePublished":"2025-12-04T17:59:59+00:00","dateModified":"2025-12-04T18:00:00+00:00","breadcrumb":{"@id":"https:\/\/infopba247.com.ar\/index.php\/2025\/12\/04\/por-decision-unanime-alejandro-dichiara-vuelve-a-la-presidencia-de-diputados\/#breadcrumb"},"inLanguage":"es","potentialAction":[{"@type":"ReadAction","target":["https:\/\/infopba247.com.ar\/index.php\/2025\/12\/04\/por-decision-unanime-alejandro-dichiara-vuelve-a-la-presidencia-de-diputados\/"]}]},{"@type":"ImageObject","inLanguage":"es","@id":"https:\/\/infopba247.com.ar\/index.php\/2025\/12\/04\/por-decision-unanime-alejandro-dichiara-vuelve-a-la-presidencia-de-diputados\/#primaryimage","url":"https:\/\/infopba247.com.ar\/wp-content\/uploads\/2025\/12\/WhatsApp-Image-2025-12-03-at-6.28.51-PM-800x445-2.jpeg","contentUrl":"https:\/\/infopba247.com.ar\/wp-content\/uploads\/2025\/12\/WhatsApp-Image-2025-12-03-at-6.28.51-PM-800x445-2.jpeg","width":800,"height":445},{"@type":"BreadcrumbList","@id":"https:\/\/infopba247.com.ar\/index.php\/2025\/12\/04\/por-decision-unanime-alejandro-dichiara-vuelve-a-la-presidencia-de-diputados\/#breadcrumb","itemListElement":[{"@type":"ListItem","position":1,"name":"Portada","item":"https:\/\/infopba247.com.ar\/"},{"@type":"ListItem","position":2,"name":"Por decisi\u00f3n un\u00e1nime, Alejandro Dichiara vuelve a la presidencia de Diputados"}]},{"@type":"WebSite","@id":"https:\/\/infopba247.com.ar\/#website","url":"https:\/\/infopba247.com.ar\/","name":"InfoPBA247","description":"Toda la actualidad bonaerense","publisher":{"@id":"https:\/\/infopba247.com.ar\/#organization"},"potentialAction":[{"@type":"SearchAction","target":{"@type":"EntryPoint","urlTemplate":"https:\/\/infopba247.com.ar\/?s={search_term_string}"},"query-input":{"@type":"PropertyValueSpecification","valueRequired":true,"valueName":"search_term_string"}}],"inLanguage":"es"},{"@type":"Organization","@id":"https:\/\/infopba247.com.ar\/#organization","name":"InfoPBA247","url":"https:\/\/infopba247.com.ar\/","logo":{"@type":"ImageObject","inLanguage":"es","@id":"https:\/\/infopba247.com.ar\/#\/schema\/logo\/image\/","url":"https:\/\/infopba247.com.ar\/wp-content\/uploads\/2022\/03\/cropped-InfoPBA247-1.png","contentUrl":"https:\/\/infopba247.com.ar\/wp-content\/uploads\/2022\/03\/cropped-InfoPBA247-1.png","width":500,"height":122,"caption":"InfoPBA247"},"image":{"@id":"https:\/\/infopba247.com.ar\/#\/schema\/logo\/image\/"},"sameAs":["https:\/\/www.facebook.com\/InfoPBA"]},{"@type":"Person","@id":"https:\/\/infopba247.com.ar\/#\/schema\/person\/4975f1343a413e57bf839b3eed0099f2","name":"Editor","image":{"@type":"ImageObject","inLanguage":"es","@id":"https:\/\/secure.gravatar.com\/avatar\/d27fe9520667ca53441d36627a1d6b0fa4a813571ec4803687a7a3a7744685ac?s=96&d=mm&r=g","url":"https:\/\/secure.gravatar.com\/avatar\/d27fe9520667ca53441d36627a1d6b0fa4a813571ec4803687a7a3a7744685ac?s=96&d=mm&r=g","contentUrl":"https:\/\/secure.gravatar.com\/avatar\/d27fe9520667ca53441d36627a1d6b0fa4a813571ec4803687a7a3a7744685ac?s=96&d=mm&r=g","caption":"Editor"},"url":"https:\/\/infopba247.com.ar\/index.php\/author\/editor\/"}]}},"_links":{"self":[{"href":"https:\/\/infopba247.com.ar\/index.php\/wp-json\/wp\/v2\/posts\/8510","targetHints":{"allow":["GET"]}}],"collection":[{"href":"https:\/\/infopba247.com.ar\/index.php\/wp-json\/wp\/v2\/posts"}],"about":[{"href":"https:\/\/infopba247.com.ar\/index.php\/wp-json\/wp\/v2\/types\/post"}],"author":[{"embeddable":true,"href":"https:\/\/infopba247.com.ar\/index.php\/wp-json\/wp\/v2\/users\/3"}],"replies":[{"embeddable":true,"href":"https:\/\/infopba247.com.ar\/index.php\/wp-json\/wp\/v2\/comments?post=8510"}],"version-history":[{"count":1,"href":"https:\/\/infopba247.com.ar\/index.php\/wp-json\/wp\/v2\/posts\/8510\/revisions"}],"predecessor-version":[{"id":8512,"href":"https:\/\/infopba247.com.ar\/index.php\/wp-json\/wp\/v2\/posts\/8510\/revisions\/8512"}],"wp:featuredmedia":[{"embeddable":true,"href":"https:\/\/infopba247.com.ar\/index.php\/wp-json\/wp\/v2\/media\/8511"}],"wp:attachment":[{"href":"https:\/\/infopba247.com.ar\/index.php\/wp-json\/wp\/v2\/media?parent=8510"}],"wp:term":[{"taxonomy":"category","embeddable":true,"href":"https:\/\/infopba247.com.ar\/index.php\/wp-json\/wp\/v2\/categories?post=8510"},{"taxonomy":"post_tag","embeddable":true,"href":"https:\/\/infopba247.com.ar\/index.php\/wp-json\/wp\/v2\/tags?post=8510"}],"curies":[{"name":"wp","href":"https:\/\/api.w.org\/{rel}","templated":true}]}}