{"id":8481,"date":"2025-12-02T15:06:26","date_gmt":"2025-12-02T18:06:26","guid":{"rendered":"https:\/\/infopba247.com.ar\/?p=8481"},"modified":"2025-12-02T15:06:27","modified_gmt":"2025-12-02T18:06:27","slug":"alak-encabezo-el-74-aniversario-de-la-repu-y-la-asuncion-del-nuevo-gobierno-infantil","status":"publish","type":"post","link":"https:\/\/infopba247.com.ar\/index.php\/2025\/12\/02\/alak-encabezo-el-74-aniversario-de-la-repu-y-la-asuncion-del-nuevo-gobierno-infantil\/","title":{"rendered":"Alak encabez\u00f3 el 74\u00b0 aniversario de la \u2018Repu\u2019 y la asunci\u00f3n del nuevo Gobierno Infantil"},"content":{"rendered":"\n<p>La jornada tuvo lugar en el emblem\u00e1tico predio de Gonnet. Tambi\u00e9n hubo una recorrida por el renovado Palacio de Justicia del parque y una obra teatral.<\/p>\n\n\n\n<p>El intendente de La Plata, Julio Alak, encabez\u00f3 las actividades por el 74\u00b0 aniversario de la Rep\u00fablica de los Ni\u00f1os y la asunci\u00f3n de las nuevas autoridades del Gobierno Infantil junto a la ministra de la Suprema Corte bonaerense, Hilda Kogan.<\/p>\n\n\n\n<p>\u201cLa Rep\u00fablica de los Ni\u00f1os es un orgullo platense y un s\u00edmbolo de la democracia vivida desde la infancia\u201d, destac\u00f3 Alak, y agreg\u00f3: \u201cEn este aniversario, renovamos el compromiso de cuidarla, ponerla en valor y seguir acompa\u00f1ando a las nuevas generaciones\u201d.<\/p>\n\n\n\n<p>Las nuevas autoridades son Irene Bogliano (presidenta), Amanda Defelitto (vicepresidenta) y Basti\u00e1n Carranza (jefe de Gabinete), de la Escuela Primaria N\u00b0 12. Adem\u00e1s, asumieron como senadores y senadoras Juana Lezcano, Juan Pedro Segovia y Benjam\u00edn Canteros.<\/p>\n\n\n\n<p>Por la Escuela Primaria N\u00b0 36, las y los legisladores son Sim\u00f3n Izurieta, Valentino Correa y Benjam\u00edn Mamani Pinto; y por la Escuela Primaria N\u00b0 38, Ignacio Mart\u00ednez Cipolla, Felipe Frisenda Riera y Milo Rusconi.<\/p>\n\n\n\n<p>Finalmente, del Colegio Club Universitario asumieron Renata Chiozzi, India Bautista y Felipe Monz\u00f3n; y de la Escuela Primaria N\u00b0 10, Selene Roma\u00f1uk Ojeda, Le\u00f3n Fern\u00e1ndez, Ana Tetamanti y Vera Gricel Zamorano.<\/p>\n\n\n\n<p>Por otro lado, tambi\u00e9n por la Escuela Primaria N\u00b0 12 asumieron como ministros Sim\u00f3n Miranda (Salud), Alison Alejandra Le\u00f3n (Educaci\u00f3n), Valentina Soto Titto (Justicia), Agust\u00edn Almada (Seguridad), Celeste Flores (Ambiente), Benjam\u00edn Banegas (Transporte), Ian Martins (Ciencia y Tecnolog\u00eda) y Siomara Arribi (Cultura y Recreaci\u00f3n).<\/p>\n\n\n\n<p>El Gobierno Infantil se desarrolla a trav\u00e9s del Programa Identidad y Democracia, enmarcado en un convenio de colaboraci\u00f3n rec\u00edproca entre la Direcci\u00f3n General de Cultura y Educaci\u00f3n de la Provincia, la Municipalidad y Abuelas de Plaza de Mayo.<\/p>\n\n\n\n<p>El mismo fue creado en 1992 durante la intendencia de Julio Alak y propone a los estudiantes apropiarse del sentido de ciudadan\u00eda, de los derechos y de las obligaciones en el marco de una rep\u00fablica democr\u00e1tica, inspirando un pensamiento reflexivo y constructivo en su rol de futuros ciudadanos.<\/p>\n\n\n\n<p>Durante la asunci\u00f3n, Hilda Kogan felicit\u00f3 a las nuevas autoridades. Adem\u00e1s, acompa\u00f1adas por miembros del Gabinete municipal, las autoridades tambi\u00e9n recorrieron el renovado Palacio de Justicia y Derechos Humanos del parque y disfrutaron de una obra de teatro.<\/p>\n\n\n\n<p>Cabe recordar que la Rep\u00fablica de los Ni\u00f1os naci\u00f3 por iniciativa del entonces gobernador Domingo Mercante, durante la primera presidencia de Juan Domingo Per\u00f3n. La construcci\u00f3n se inici\u00f3 en 1949 y se inaugur\u00f3 en 1951. Es considerado el mayor emprendimiento infantil de Latinoam\u00e9rica y el primer parque tem\u00e1tico del continente.<\/p>\n","protected":false},"excerpt":{"rendered":"<p>La jornada tuvo lugar en el emblem\u00e1tico predio de Gonnet. Tambi\u00e9n hubo una recorrida por el renovado Palacio de Justicia<\/p>\n","protected":false},"author":3,"featured_media":8485,"comment_status":"open","ping_status":"open","sticky":false,"template":"","format":"standard","meta":{"colormag_page_container_layout":"default_layout","colormag_page_sidebar_layout":"default_layout","footnotes":""},"categories":[12,1,14],"tags":[],"class_list":["post-8481","post","type-post","status-publish","format-standard","has-post-thumbnail","hentry","category-8va-seccion","category-destacadas","category-politica"],"yoast_head":"<!-- This site is optimized with the Yoast SEO plugin v27.5 - https:\/\/yoast.com\/product\/yoast-seo-wordpress\/ -->\n<title>Alak encabez\u00f3 el 74\u00b0 aniversario de la \u2018Repu\u2019 y la asunci\u00f3n del nuevo Gobierno Infantil - InfoPBA247<\/title>\n<meta name=\"robots\" content=\"index, follow, max-snippet:-1, max-image-preview:large, max-video-preview:-1\" \/>\n<link rel=\"canonical\" href=\"https:\/\/infopba247.com.ar\/index.php\/2025\/12\/02\/alak-encabezo-el-74-aniversario-de-la-repu-y-la-asuncion-del-nuevo-gobierno-infantil\/\" \/>\n<meta property=\"og:locale\" content=\"es_ES\" \/>\n<meta property=\"og:type\" content=\"article\" \/>\n<meta property=\"og:title\" content=\"Alak encabez\u00f3 el 74\u00b0 aniversario de la \u2018Repu\u2019 y la asunci\u00f3n del nuevo Gobierno Infantil - InfoPBA247\" \/>\n<meta property=\"og:description\" content=\"La jornada tuvo lugar en el emblem\u00e1tico predio de Gonnet. Tambi\u00e9n hubo una recorrida por el renovado Palacio de Justicia\" \/>\n<meta property=\"og:url\" content=\"https:\/\/infopba247.com.ar\/index.php\/2025\/12\/02\/alak-encabezo-el-74-aniversario-de-la-repu-y-la-asuncion-del-nuevo-gobierno-infantil\/\" \/>\n<meta property=\"og:site_name\" content=\"InfoPBA247\" \/>\n<meta property=\"article:publisher\" content=\"https:\/\/www.facebook.com\/InfoPBA\" \/>\n<meta property=\"article:published_time\" content=\"2025-12-02T18:06:26+00:00\" \/>\n<meta property=\"article:modified_time\" content=\"2025-12-02T18:06:27+00:00\" \/>\n<meta property=\"og:image\" content=\"https:\/\/infopba247.com.ar\/wp-content\/uploads\/2025\/12\/unnamed-2025-12-02T145127.786.jpg\" \/>\n\t<meta property=\"og:image:width\" content=\"1600\" \/>\n\t<meta property=\"og:image:height\" content=\"1066\" \/>\n\t<meta property=\"og:image:type\" content=\"image\/jpeg\" \/>\n<meta name=\"author\" content=\"Editor\" \/>\n<meta name=\"twitter:card\" content=\"summary_large_image\" \/>\n<meta name=\"twitter:label1\" content=\"Escrito por\" \/>\n\t<meta name=\"twitter:data1\" content=\"Editor\" \/>\n\t<meta name=\"twitter:label2\" content=\"Tiempo de lectura\" \/>\n\t<meta name=\"twitter:data2\" content=\"3 minutos\" \/>\n<script type=\"application\/ld+json\" class=\"yoast-schema-graph\">{\"@context\":\"https:\\\/\\\/schema.org\",\"@graph\":[{\"@type\":\"Article\",\"@id\":\"https:\\\/\\\/infopba247.com.ar\\\/index.php\\\/2025\\\/12\\\/02\\\/alak-encabezo-el-74-aniversario-de-la-repu-y-la-asuncion-del-nuevo-gobierno-infantil\\\/#article\",\"isPartOf\":{\"@id\":\"https:\\\/\\\/infopba247.com.ar\\\/index.php\\\/2025\\\/12\\\/02\\\/alak-encabezo-el-74-aniversario-de-la-repu-y-la-asuncion-del-nuevo-gobierno-infantil\\\/\"},\"author\":{\"name\":\"Editor\",\"@id\":\"https:\\\/\\\/infopba247.com.ar\\\/#\\\/schema\\\/person\\\/4975f1343a413e57bf839b3eed0099f2\"},\"headline\":\"Alak encabez\u00f3 el 74\u00b0 aniversario de la \u2018Repu\u2019 y la asunci\u00f3n del nuevo Gobierno Infantil\",\"datePublished\":\"2025-12-02T18:06:26+00:00\",\"dateModified\":\"2025-12-02T18:06:27+00:00\",\"mainEntityOfPage\":{\"@id\":\"https:\\\/\\\/infopba247.com.ar\\\/index.php\\\/2025\\\/12\\\/02\\\/alak-encabezo-el-74-aniversario-de-la-repu-y-la-asuncion-del-nuevo-gobierno-infantil\\\/\"},\"wordCount\":479,\"commentCount\":0,\"publisher\":{\"@id\":\"https:\\\/\\\/infopba247.com.ar\\\/#organization\"},\"image\":{\"@id\":\"https:\\\/\\\/infopba247.com.ar\\\/index.php\\\/2025\\\/12\\\/02\\\/alak-encabezo-el-74-aniversario-de-la-repu-y-la-asuncion-del-nuevo-gobierno-infantil\\\/#primaryimage\"},\"thumbnailUrl\":\"https:\\\/\\\/infopba247.com.ar\\\/wp-content\\\/uploads\\\/2025\\\/12\\\/unnamed-2025-12-02T145127.786.jpg\",\"articleSection\":[\"8va Secci\u00f3n\",\"Destacadas\",\"Pol\u00edtica\"],\"inLanguage\":\"es\",\"potentialAction\":[{\"@type\":\"CommentAction\",\"name\":\"Comment\",\"target\":[\"https:\\\/\\\/infopba247.com.ar\\\/index.php\\\/2025\\\/12\\\/02\\\/alak-encabezo-el-74-aniversario-de-la-repu-y-la-asuncion-del-nuevo-gobierno-infantil\\\/#respond\"]}]},{\"@type\":\"WebPage\",\"@id\":\"https:\\\/\\\/infopba247.com.ar\\\/index.php\\\/2025\\\/12\\\/02\\\/alak-encabezo-el-74-aniversario-de-la-repu-y-la-asuncion-del-nuevo-gobierno-infantil\\\/\",\"url\":\"https:\\\/\\\/infopba247.com.ar\\\/index.php\\\/2025\\\/12\\\/02\\\/alak-encabezo-el-74-aniversario-de-la-repu-y-la-asuncion-del-nuevo-gobierno-infantil\\\/\",\"name\":\"Alak encabez\u00f3 el 74\u00b0 aniversario de la \u2018Repu\u2019 y la asunci\u00f3n del nuevo Gobierno Infantil - InfoPBA247\",\"isPartOf\":{\"@id\":\"https:\\\/\\\/infopba247.com.ar\\\/#website\"},\"primaryImageOfPage\":{\"@id\":\"https:\\\/\\\/infopba247.com.ar\\\/index.php\\\/2025\\\/12\\\/02\\\/alak-encabezo-el-74-aniversario-de-la-repu-y-la-asuncion-del-nuevo-gobierno-infantil\\\/#primaryimage\"},\"image\":{\"@id\":\"https:\\\/\\\/infopba247.com.ar\\\/index.php\\\/2025\\\/12\\\/02\\\/alak-encabezo-el-74-aniversario-de-la-repu-y-la-asuncion-del-nuevo-gobierno-infantil\\\/#primaryimage\"},\"thumbnailUrl\":\"https:\\\/\\\/infopba247.com.ar\\\/wp-content\\\/uploads\\\/2025\\\/12\\\/unnamed-2025-12-02T145127.786.jpg\",\"datePublished\":\"2025-12-02T18:06:26+00:00\",\"dateModified\":\"2025-12-02T18:06:27+00:00\",\"breadcrumb\":{\"@id\":\"https:\\\/\\\/infopba247.com.ar\\\/index.php\\\/2025\\\/12\\\/02\\\/alak-encabezo-el-74-aniversario-de-la-repu-y-la-asuncion-del-nuevo-gobierno-infantil\\\/#breadcrumb\"},\"inLanguage\":\"es\",\"potentialAction\":[{\"@type\":\"ReadAction\",\"target\":[\"https:\\\/\\\/infopba247.com.ar\\\/index.php\\\/2025\\\/12\\\/02\\\/alak-encabezo-el-74-aniversario-de-la-repu-y-la-asuncion-del-nuevo-gobierno-infantil\\\/\"]}]},{\"@type\":\"ImageObject\",\"inLanguage\":\"es\",\"@id\":\"https:\\\/\\\/infopba247.com.ar\\\/index.php\\\/2025\\\/12\\\/02\\\/alak-encabezo-el-74-aniversario-de-la-repu-y-la-asuncion-del-nuevo-gobierno-infantil\\\/#primaryimage\",\"url\":\"https:\\\/\\\/infopba247.com.ar\\\/wp-content\\\/uploads\\\/2025\\\/12\\\/unnamed-2025-12-02T145127.786.jpg\",\"contentUrl\":\"https:\\\/\\\/infopba247.com.ar\\\/wp-content\\\/uploads\\\/2025\\\/12\\\/unnamed-2025-12-02T145127.786.jpg\",\"width\":1600,\"height\":1066},{\"@type\":\"BreadcrumbList\",\"@id\":\"https:\\\/\\\/infopba247.com.ar\\\/index.php\\\/2025\\\/12\\\/02\\\/alak-encabezo-el-74-aniversario-de-la-repu-y-la-asuncion-del-nuevo-gobierno-infantil\\\/#breadcrumb\",\"itemListElement\":[{\"@type\":\"ListItem\",\"position\":1,\"name\":\"Portada\",\"item\":\"https:\\\/\\\/infopba247.com.ar\\\/\"},{\"@type\":\"ListItem\",\"position\":2,\"name\":\"Alak encabez\u00f3 el 74\u00b0 aniversario de la \u2018Repu\u2019 y la asunci\u00f3n del nuevo Gobierno Infantil\"}]},{\"@type\":\"WebSite\",\"@id\":\"https:\\\/\\\/infopba247.com.ar\\\/#website\",\"url\":\"https:\\\/\\\/infopba247.com.ar\\\/\",\"name\":\"InfoPBA247\",\"description\":\"Toda la actualidad bonaerense\",\"publisher\":{\"@id\":\"https:\\\/\\\/infopba247.com.ar\\\/#organization\"},\"potentialAction\":[{\"@type\":\"SearchAction\",\"target\":{\"@type\":\"EntryPoint\",\"urlTemplate\":\"https:\\\/\\\/infopba247.com.ar\\\/?s={search_term_string}\"},\"query-input\":{\"@type\":\"PropertyValueSpecification\",\"valueRequired\":true,\"valueName\":\"search_term_string\"}}],\"inLanguage\":\"es\"},{\"@type\":\"Organization\",\"@id\":\"https:\\\/\\\/infopba247.com.ar\\\/#organization\",\"name\":\"InfoPBA247\",\"url\":\"https:\\\/\\\/infopba247.com.ar\\\/\",\"logo\":{\"@type\":\"ImageObject\",\"inLanguage\":\"es\",\"@id\":\"https:\\\/\\\/infopba247.com.ar\\\/#\\\/schema\\\/logo\\\/image\\\/\",\"url\":\"https:\\\/\\\/infopba247.com.ar\\\/wp-content\\\/uploads\\\/2022\\\/03\\\/cropped-InfoPBA247-1.png\",\"contentUrl\":\"https:\\\/\\\/infopba247.com.ar\\\/wp-content\\\/uploads\\\/2022\\\/03\\\/cropped-InfoPBA247-1.png\",\"width\":500,\"height\":122,\"caption\":\"InfoPBA247\"},\"image\":{\"@id\":\"https:\\\/\\\/infopba247.com.ar\\\/#\\\/schema\\\/logo\\\/image\\\/\"},\"sameAs\":[\"https:\\\/\\\/www.facebook.com\\\/InfoPBA\"]},{\"@type\":\"Person\",\"@id\":\"https:\\\/\\\/infopba247.com.ar\\\/#\\\/schema\\\/person\\\/4975f1343a413e57bf839b3eed0099f2\",\"name\":\"Editor\",\"image\":{\"@type\":\"ImageObject\",\"inLanguage\":\"es\",\"@id\":\"https:\\\/\\\/secure.gravatar.com\\\/avatar\\\/d27fe9520667ca53441d36627a1d6b0fa4a813571ec4803687a7a3a7744685ac?s=96&d=mm&r=g\",\"url\":\"https:\\\/\\\/secure.gravatar.com\\\/avatar\\\/d27fe9520667ca53441d36627a1d6b0fa4a813571ec4803687a7a3a7744685ac?s=96&d=mm&r=g\",\"contentUrl\":\"https:\\\/\\\/secure.gravatar.com\\\/avatar\\\/d27fe9520667ca53441d36627a1d6b0fa4a813571ec4803687a7a3a7744685ac?s=96&d=mm&r=g\",\"caption\":\"Editor\"},\"url\":\"https:\\\/\\\/infopba247.com.ar\\\/index.php\\\/author\\\/editor\\\/\"}]}<\/script>\n<!-- \/ Yoast SEO plugin. -->","yoast_head_json":{"title":"Alak encabez\u00f3 el 74\u00b0 aniversario de la \u2018Repu\u2019 y la asunci\u00f3n del nuevo Gobierno Infantil - InfoPBA247","robots":{"index":"index","follow":"follow","max-snippet":"max-snippet:-1","max-image-preview":"max-image-preview:large","max-video-preview":"max-video-preview:-1"},"canonical":"https:\/\/infopba247.com.ar\/index.php\/2025\/12\/02\/alak-encabezo-el-74-aniversario-de-la-repu-y-la-asuncion-del-nuevo-gobierno-infantil\/","og_locale":"es_ES","og_type":"article","og_title":"Alak encabez\u00f3 el 74\u00b0 aniversario de la \u2018Repu\u2019 y la asunci\u00f3n del nuevo Gobierno Infantil - InfoPBA247","og_description":"La jornada tuvo lugar en el emblem\u00e1tico predio de Gonnet. Tambi\u00e9n hubo una recorrida por el renovado Palacio de Justicia","og_url":"https:\/\/infopba247.com.ar\/index.php\/2025\/12\/02\/alak-encabezo-el-74-aniversario-de-la-repu-y-la-asuncion-del-nuevo-gobierno-infantil\/","og_site_name":"InfoPBA247","article_publisher":"https:\/\/www.facebook.com\/InfoPBA","article_published_time":"2025-12-02T18:06:26+00:00","article_modified_time":"2025-12-02T18:06:27+00:00","og_image":[{"width":1600,"height":1066,"url":"https:\/\/infopba247.com.ar\/wp-content\/uploads\/2025\/12\/unnamed-2025-12-02T145127.786.jpg","type":"image\/jpeg"}],"author":"Editor","twitter_card":"summary_large_image","twitter_misc":{"Escrito por":"Editor","Tiempo de lectura":"3 minutos"},"schema":{"@context":"https:\/\/schema.org","@graph":[{"@type":"Article","@id":"https:\/\/infopba247.com.ar\/index.php\/2025\/12\/02\/alak-encabezo-el-74-aniversario-de-la-repu-y-la-asuncion-del-nuevo-gobierno-infantil\/#article","isPartOf":{"@id":"https:\/\/infopba247.com.ar\/index.php\/2025\/12\/02\/alak-encabezo-el-74-aniversario-de-la-repu-y-la-asuncion-del-nuevo-gobierno-infantil\/"},"author":{"name":"Editor","@id":"https:\/\/infopba247.com.ar\/#\/schema\/person\/4975f1343a413e57bf839b3eed0099f2"},"headline":"Alak encabez\u00f3 el 74\u00b0 aniversario de la \u2018Repu\u2019 y la asunci\u00f3n del nuevo Gobierno Infantil","datePublished":"2025-12-02T18:06:26+00:00","dateModified":"2025-12-02T18:06:27+00:00","mainEntityOfPage":{"@id":"https:\/\/infopba247.com.ar\/index.php\/2025\/12\/02\/alak-encabezo-el-74-aniversario-de-la-repu-y-la-asuncion-del-nuevo-gobierno-infantil\/"},"wordCount":479,"commentCount":0,"publisher":{"@id":"https:\/\/infopba247.com.ar\/#organization"},"image":{"@id":"https:\/\/infopba247.com.ar\/index.php\/2025\/12\/02\/alak-encabezo-el-74-aniversario-de-la-repu-y-la-asuncion-del-nuevo-gobierno-infantil\/#primaryimage"},"thumbnailUrl":"https:\/\/infopba247.com.ar\/wp-content\/uploads\/2025\/12\/unnamed-2025-12-02T145127.786.jpg","articleSection":["8va Secci\u00f3n","Destacadas","Pol\u00edtica"],"inLanguage":"es","potentialAction":[{"@type":"CommentAction","name":"Comment","target":["https:\/\/infopba247.com.ar\/index.php\/2025\/12\/02\/alak-encabezo-el-74-aniversario-de-la-repu-y-la-asuncion-del-nuevo-gobierno-infantil\/#respond"]}]},{"@type":"WebPage","@id":"https:\/\/infopba247.com.ar\/index.php\/2025\/12\/02\/alak-encabezo-el-74-aniversario-de-la-repu-y-la-asuncion-del-nuevo-gobierno-infantil\/","url":"https:\/\/infopba247.com.ar\/index.php\/2025\/12\/02\/alak-encabezo-el-74-aniversario-de-la-repu-y-la-asuncion-del-nuevo-gobierno-infantil\/","name":"Alak encabez\u00f3 el 74\u00b0 aniversario de la \u2018Repu\u2019 y la asunci\u00f3n del nuevo Gobierno Infantil - InfoPBA247","isPartOf":{"@id":"https:\/\/infopba247.com.ar\/#website"},"primaryImageOfPage":{"@id":"https:\/\/infopba247.com.ar\/index.php\/2025\/12\/02\/alak-encabezo-el-74-aniversario-de-la-repu-y-la-asuncion-del-nuevo-gobierno-infantil\/#primaryimage"},"image":{"@id":"https:\/\/infopba247.com.ar\/index.php\/2025\/12\/02\/alak-encabezo-el-74-aniversario-de-la-repu-y-la-asuncion-del-nuevo-gobierno-infantil\/#primaryimage"},"thumbnailUrl":"https:\/\/infopba247.com.ar\/wp-content\/uploads\/2025\/12\/unnamed-2025-12-02T145127.786.jpg","datePublished":"2025-12-02T18:06:26+00:00","dateModified":"2025-12-02T18:06:27+00:00","breadcrumb":{"@id":"https:\/\/infopba247.com.ar\/index.php\/2025\/12\/02\/alak-encabezo-el-74-aniversario-de-la-repu-y-la-asuncion-del-nuevo-gobierno-infantil\/#breadcrumb"},"inLanguage":"es","potentialAction":[{"@type":"ReadAction","target":["https:\/\/infopba247.com.ar\/index.php\/2025\/12\/02\/alak-encabezo-el-74-aniversario-de-la-repu-y-la-asuncion-del-nuevo-gobierno-infantil\/"]}]},{"@type":"ImageObject","inLanguage":"es","@id":"https:\/\/infopba247.com.ar\/index.php\/2025\/12\/02\/alak-encabezo-el-74-aniversario-de-la-repu-y-la-asuncion-del-nuevo-gobierno-infantil\/#primaryimage","url":"https:\/\/infopba247.com.ar\/wp-content\/uploads\/2025\/12\/unnamed-2025-12-02T145127.786.jpg","contentUrl":"https:\/\/infopba247.com.ar\/wp-content\/uploads\/2025\/12\/unnamed-2025-12-02T145127.786.jpg","width":1600,"height":1066},{"@type":"BreadcrumbList","@id":"https:\/\/infopba247.com.ar\/index.php\/2025\/12\/02\/alak-encabezo-el-74-aniversario-de-la-repu-y-la-asuncion-del-nuevo-gobierno-infantil\/#breadcrumb","itemListElement":[{"@type":"ListItem","position":1,"name":"Portada","item":"https:\/\/infopba247.com.ar\/"},{"@type":"ListItem","position":2,"name":"Alak encabez\u00f3 el 74\u00b0 aniversario de la \u2018Repu\u2019 y la asunci\u00f3n del nuevo Gobierno Infantil"}]},{"@type":"WebSite","@id":"https:\/\/infopba247.com.ar\/#website","url":"https:\/\/infopba247.com.ar\/","name":"InfoPBA247","description":"Toda la actualidad bonaerense","publisher":{"@id":"https:\/\/infopba247.com.ar\/#organization"},"potentialAction":[{"@type":"SearchAction","target":{"@type":"EntryPoint","urlTemplate":"https:\/\/infopba247.com.ar\/?s={search_term_string}"},"query-input":{"@type":"PropertyValueSpecification","valueRequired":true,"valueName":"search_term_string"}}],"inLanguage":"es"},{"@type":"Organization","@id":"https:\/\/infopba247.com.ar\/#organization","name":"InfoPBA247","url":"https:\/\/infopba247.com.ar\/","logo":{"@type":"ImageObject","inLanguage":"es","@id":"https:\/\/infopba247.com.ar\/#\/schema\/logo\/image\/","url":"https:\/\/infopba247.com.ar\/wp-content\/uploads\/2022\/03\/cropped-InfoPBA247-1.png","contentUrl":"https:\/\/infopba247.com.ar\/wp-content\/uploads\/2022\/03\/cropped-InfoPBA247-1.png","width":500,"height":122,"caption":"InfoPBA247"},"image":{"@id":"https:\/\/infopba247.com.ar\/#\/schema\/logo\/image\/"},"sameAs":["https:\/\/www.facebook.com\/InfoPBA"]},{"@type":"Person","@id":"https:\/\/infopba247.com.ar\/#\/schema\/person\/4975f1343a413e57bf839b3eed0099f2","name":"Editor","image":{"@type":"ImageObject","inLanguage":"es","@id":"https:\/\/secure.gravatar.com\/avatar\/d27fe9520667ca53441d36627a1d6b0fa4a813571ec4803687a7a3a7744685ac?s=96&d=mm&r=g","url":"https:\/\/secure.gravatar.com\/avatar\/d27fe9520667ca53441d36627a1d6b0fa4a813571ec4803687a7a3a7744685ac?s=96&d=mm&r=g","contentUrl":"https:\/\/secure.gravatar.com\/avatar\/d27fe9520667ca53441d36627a1d6b0fa4a813571ec4803687a7a3a7744685ac?s=96&d=mm&r=g","caption":"Editor"},"url":"https:\/\/infopba247.com.ar\/index.php\/author\/editor\/"}]}},"_links":{"self":[{"href":"https:\/\/infopba247.com.ar\/index.php\/wp-json\/wp\/v2\/posts\/8481","targetHints":{"allow":["GET"]}}],"collection":[{"href":"https:\/\/infopba247.com.ar\/index.php\/wp-json\/wp\/v2\/posts"}],"about":[{"href":"https:\/\/infopba247.com.ar\/index.php\/wp-json\/wp\/v2\/types\/post"}],"author":[{"embeddable":true,"href":"https:\/\/infopba247.com.ar\/index.php\/wp-json\/wp\/v2\/users\/3"}],"replies":[{"embeddable":true,"href":"https:\/\/infopba247.com.ar\/index.php\/wp-json\/wp\/v2\/comments?post=8481"}],"version-history":[{"count":1,"href":"https:\/\/infopba247.com.ar\/index.php\/wp-json\/wp\/v2\/posts\/8481\/revisions"}],"predecessor-version":[{"id":8486,"href":"https:\/\/infopba247.com.ar\/index.php\/wp-json\/wp\/v2\/posts\/8481\/revisions\/8486"}],"wp:featuredmedia":[{"embeddable":true,"href":"https:\/\/infopba247.com.ar\/index.php\/wp-json\/wp\/v2\/media\/8485"}],"wp:attachment":[{"href":"https:\/\/infopba247.com.ar\/index.php\/wp-json\/wp\/v2\/media?parent=8481"}],"wp:term":[{"taxonomy":"category","embeddable":true,"href":"https:\/\/infopba247.com.ar\/index.php\/wp-json\/wp\/v2\/categories?post=8481"},{"taxonomy":"post_tag","embeddable":true,"href":"https:\/\/infopba247.com.ar\/index.php\/wp-json\/wp\/v2\/tags?post=8481"}],"curies":[{"name":"wp","href":"https:\/\/api.w.org\/{rel}","templated":true}]}}