{"id":8479,"date":"2025-12-01T15:54:29","date_gmt":"2025-12-01T18:54:29","guid":{"rendered":"https:\/\/infopba247.com.ar\/?p=8479"},"modified":"2025-12-01T15:54:30","modified_gmt":"2025-12-01T18:54:30","slug":"se-inauguro-la-plaza-villa-herrero-en-moreno-sur","status":"publish","type":"post","link":"https:\/\/infopba247.com.ar\/index.php\/2025\/12\/01\/se-inauguro-la-plaza-villa-herrero-en-moreno-sur\/","title":{"rendered":"Se inaugur\u00f3 la Plaza Villa Herrero en Moreno Sur"},"content":{"rendered":"\n<p>La intendenta, Mariel Fern\u00e1ndez, acompa\u00f1ada por vecinas y vecinos, inaugur\u00f3 la Plaza Villa Herrero en Moreno Sur, ubicada en Dr. Vera al 1600.&nbsp;<\/p>\n\n\n\n<p>Las obras incluyeron la instalaci\u00f3n de nuevos juegos infantiles, la construcci\u00f3n de veredas, la colocaci\u00f3n de mobiliario urbano, la incorporaci\u00f3n de luminarias LED, la instalaci\u00f3n de WiFi y c\u00e1maras de seguridad. El proyecto tambi\u00e9n contempl\u00f3 la creaci\u00f3n de sectores parquizados y \u00e1reas de descanso para que ni\u00f1as, ni\u00f1os, j\u00f3venes y personas mayores disfruten de un entorno m\u00e1s c\u00f3modo y seguro.<\/p>\n\n\n\n<p>Durante la inauguraci\u00f3n, la jefa comunal, expres\u00f3: \u201cEstamos muy felices de seguir haciendo obras que contribuyen a garantizar una mejor calidad de vida para nuestras vecinas y vecinos\u201d.<\/p>\n\n\n\n<p>Adem\u00e1s, de la puesta en valor de la plaza, se asfalt\u00f3 la calle Dr. Vera, desde Castelli hasta Matheu; y Matheu, desde el Boulevard Per\u00f3n hasta Marcos Paz, donde tambi\u00e9n se instalaron lomas de burro con inversi\u00f3n municipal. Estas obras de conectividad vial mejoran la circulaci\u00f3n del barrio y refuerzan la integraci\u00f3n urbana.<\/p>\n\n\n\n<p>Estuvieron tambi\u00e9n presentes la secretaria de Obras y Servicios P\u00fablicos, Mar\u00eda Gim\u00e9nez y la diputada provincial Noelia Saavedra.<\/p>\n\n\n\n<p>Con estas obras, el Gobierno local reafirma su compromiso en la creaci\u00f3n de espacios p\u00fablicos seguros, accesibles y pensados para el desarrollo integral de la comunidad.<\/p>\n","protected":false},"excerpt":{"rendered":"<p>La intendenta, Mariel Fern\u00e1ndez, acompa\u00f1ada por vecinas y vecinos, inaugur\u00f3 la Plaza Villa Herrero en Moreno Sur, ubicada en Dr.<\/p>\n","protected":false},"author":3,"featured_media":8472,"comment_status":"open","ping_status":"open","sticky":false,"template":"","format":"standard","meta":{"colormag_page_container_layout":"default_layout","colormag_page_sidebar_layout":"default_layout","footnotes":""},"categories":[5,1,14],"tags":[],"class_list":["post-8479","post","type-post","status-publish","format-standard","has-post-thumbnail","hentry","category-1ra-seccion","category-destacadas","category-politica"],"yoast_head":"<!-- This site is optimized with the Yoast SEO plugin v27.5 - https:\/\/yoast.com\/product\/yoast-seo-wordpress\/ -->\n<title>Se inaugur\u00f3 la Plaza Villa Herrero en Moreno Sur - InfoPBA247<\/title>\n<meta name=\"robots\" content=\"index, follow, max-snippet:-1, max-image-preview:large, max-video-preview:-1\" \/>\n<link rel=\"canonical\" href=\"https:\/\/infopba247.com.ar\/index.php\/2025\/12\/01\/se-inauguro-la-plaza-villa-herrero-en-moreno-sur\/\" \/>\n<meta property=\"og:locale\" content=\"es_ES\" \/>\n<meta property=\"og:type\" content=\"article\" \/>\n<meta property=\"og:title\" content=\"Se inaugur\u00f3 la Plaza Villa Herrero en Moreno Sur - InfoPBA247\" \/>\n<meta property=\"og:description\" content=\"La intendenta, Mariel Fern\u00e1ndez, acompa\u00f1ada por vecinas y vecinos, inaugur\u00f3 la Plaza Villa Herrero en Moreno Sur, ubicada en Dr.\" \/>\n<meta property=\"og:url\" content=\"https:\/\/infopba247.com.ar\/index.php\/2025\/12\/01\/se-inauguro-la-plaza-villa-herrero-en-moreno-sur\/\" \/>\n<meta property=\"og:site_name\" content=\"InfoPBA247\" \/>\n<meta property=\"article:publisher\" content=\"https:\/\/www.facebook.com\/InfoPBA\" \/>\n<meta property=\"article:published_time\" content=\"2025-12-01T18:54:29+00:00\" \/>\n<meta property=\"article:modified_time\" content=\"2025-12-01T18:54:30+00:00\" \/>\n<meta property=\"og:image\" content=\"https:\/\/infopba247.com.ar\/wp-content\/uploads\/2025\/12\/Inauguracion-de-plaza-villa-herrero-y-asfaltos-No-de-secuencia-1-4-scaled.jpg\" \/>\n\t<meta property=\"og:image:width\" content=\"2560\" \/>\n\t<meta property=\"og:image:height\" content=\"1440\" \/>\n\t<meta property=\"og:image:type\" content=\"image\/jpeg\" \/>\n<meta name=\"author\" content=\"Editor\" \/>\n<meta name=\"twitter:card\" content=\"summary_large_image\" \/>\n<meta name=\"twitter:label1\" content=\"Escrito por\" \/>\n\t<meta name=\"twitter:data1\" content=\"Editor\" \/>\n\t<meta name=\"twitter:label2\" content=\"Tiempo de lectura\" \/>\n\t<meta name=\"twitter:data2\" content=\"2 minutos\" \/>\n<script type=\"application\/ld+json\" class=\"yoast-schema-graph\">{\"@context\":\"https:\\\/\\\/schema.org\",\"@graph\":[{\"@type\":\"Article\",\"@id\":\"https:\\\/\\\/infopba247.com.ar\\\/index.php\\\/2025\\\/12\\\/01\\\/se-inauguro-la-plaza-villa-herrero-en-moreno-sur\\\/#article\",\"isPartOf\":{\"@id\":\"https:\\\/\\\/infopba247.com.ar\\\/index.php\\\/2025\\\/12\\\/01\\\/se-inauguro-la-plaza-villa-herrero-en-moreno-sur\\\/\"},\"author\":{\"name\":\"Editor\",\"@id\":\"https:\\\/\\\/infopba247.com.ar\\\/#\\\/schema\\\/person\\\/4975f1343a413e57bf839b3eed0099f2\"},\"headline\":\"Se inaugur\u00f3 la Plaza Villa Herrero en Moreno Sur\",\"datePublished\":\"2025-12-01T18:54:29+00:00\",\"dateModified\":\"2025-12-01T18:54:30+00:00\",\"mainEntityOfPage\":{\"@id\":\"https:\\\/\\\/infopba247.com.ar\\\/index.php\\\/2025\\\/12\\\/01\\\/se-inauguro-la-plaza-villa-herrero-en-moreno-sur\\\/\"},\"wordCount\":245,\"commentCount\":0,\"publisher\":{\"@id\":\"https:\\\/\\\/infopba247.com.ar\\\/#organization\"},\"image\":{\"@id\":\"https:\\\/\\\/infopba247.com.ar\\\/index.php\\\/2025\\\/12\\\/01\\\/se-inauguro-la-plaza-villa-herrero-en-moreno-sur\\\/#primaryimage\"},\"thumbnailUrl\":\"https:\\\/\\\/infopba247.com.ar\\\/wp-content\\\/uploads\\\/2025\\\/12\\\/Inauguracion-de-plaza-villa-herrero-y-asfaltos-No-de-secuencia-1-4-scaled.jpg\",\"articleSection\":[\"1ra Secci\u00f3n\",\"Destacadas\",\"Pol\u00edtica\"],\"inLanguage\":\"es\",\"potentialAction\":[{\"@type\":\"CommentAction\",\"name\":\"Comment\",\"target\":[\"https:\\\/\\\/infopba247.com.ar\\\/index.php\\\/2025\\\/12\\\/01\\\/se-inauguro-la-plaza-villa-herrero-en-moreno-sur\\\/#respond\"]}]},{\"@type\":\"WebPage\",\"@id\":\"https:\\\/\\\/infopba247.com.ar\\\/index.php\\\/2025\\\/12\\\/01\\\/se-inauguro-la-plaza-villa-herrero-en-moreno-sur\\\/\",\"url\":\"https:\\\/\\\/infopba247.com.ar\\\/index.php\\\/2025\\\/12\\\/01\\\/se-inauguro-la-plaza-villa-herrero-en-moreno-sur\\\/\",\"name\":\"Se inaugur\u00f3 la Plaza Villa Herrero en Moreno Sur - InfoPBA247\",\"isPartOf\":{\"@id\":\"https:\\\/\\\/infopba247.com.ar\\\/#website\"},\"primaryImageOfPage\":{\"@id\":\"https:\\\/\\\/infopba247.com.ar\\\/index.php\\\/2025\\\/12\\\/01\\\/se-inauguro-la-plaza-villa-herrero-en-moreno-sur\\\/#primaryimage\"},\"image\":{\"@id\":\"https:\\\/\\\/infopba247.com.ar\\\/index.php\\\/2025\\\/12\\\/01\\\/se-inauguro-la-plaza-villa-herrero-en-moreno-sur\\\/#primaryimage\"},\"thumbnailUrl\":\"https:\\\/\\\/infopba247.com.ar\\\/wp-content\\\/uploads\\\/2025\\\/12\\\/Inauguracion-de-plaza-villa-herrero-y-asfaltos-No-de-secuencia-1-4-scaled.jpg\",\"datePublished\":\"2025-12-01T18:54:29+00:00\",\"dateModified\":\"2025-12-01T18:54:30+00:00\",\"breadcrumb\":{\"@id\":\"https:\\\/\\\/infopba247.com.ar\\\/index.php\\\/2025\\\/12\\\/01\\\/se-inauguro-la-plaza-villa-herrero-en-moreno-sur\\\/#breadcrumb\"},\"inLanguage\":\"es\",\"potentialAction\":[{\"@type\":\"ReadAction\",\"target\":[\"https:\\\/\\\/infopba247.com.ar\\\/index.php\\\/2025\\\/12\\\/01\\\/se-inauguro-la-plaza-villa-herrero-en-moreno-sur\\\/\"]}]},{\"@type\":\"ImageObject\",\"inLanguage\":\"es\",\"@id\":\"https:\\\/\\\/infopba247.com.ar\\\/index.php\\\/2025\\\/12\\\/01\\\/se-inauguro-la-plaza-villa-herrero-en-moreno-sur\\\/#primaryimage\",\"url\":\"https:\\\/\\\/infopba247.com.ar\\\/wp-content\\\/uploads\\\/2025\\\/12\\\/Inauguracion-de-plaza-villa-herrero-y-asfaltos-No-de-secuencia-1-4-scaled.jpg\",\"contentUrl\":\"https:\\\/\\\/infopba247.com.ar\\\/wp-content\\\/uploads\\\/2025\\\/12\\\/Inauguracion-de-plaza-villa-herrero-y-asfaltos-No-de-secuencia-1-4-scaled.jpg\",\"width\":2560,\"height\":1440},{\"@type\":\"BreadcrumbList\",\"@id\":\"https:\\\/\\\/infopba247.com.ar\\\/index.php\\\/2025\\\/12\\\/01\\\/se-inauguro-la-plaza-villa-herrero-en-moreno-sur\\\/#breadcrumb\",\"itemListElement\":[{\"@type\":\"ListItem\",\"position\":1,\"name\":\"Portada\",\"item\":\"https:\\\/\\\/infopba247.com.ar\\\/\"},{\"@type\":\"ListItem\",\"position\":2,\"name\":\"Se inaugur\u00f3 la Plaza Villa Herrero en Moreno Sur\"}]},{\"@type\":\"WebSite\",\"@id\":\"https:\\\/\\\/infopba247.com.ar\\\/#website\",\"url\":\"https:\\\/\\\/infopba247.com.ar\\\/\",\"name\":\"InfoPBA247\",\"description\":\"Toda la actualidad bonaerense\",\"publisher\":{\"@id\":\"https:\\\/\\\/infopba247.com.ar\\\/#organization\"},\"potentialAction\":[{\"@type\":\"SearchAction\",\"target\":{\"@type\":\"EntryPoint\",\"urlTemplate\":\"https:\\\/\\\/infopba247.com.ar\\\/?s={search_term_string}\"},\"query-input\":{\"@type\":\"PropertyValueSpecification\",\"valueRequired\":true,\"valueName\":\"search_term_string\"}}],\"inLanguage\":\"es\"},{\"@type\":\"Organization\",\"@id\":\"https:\\\/\\\/infopba247.com.ar\\\/#organization\",\"name\":\"InfoPBA247\",\"url\":\"https:\\\/\\\/infopba247.com.ar\\\/\",\"logo\":{\"@type\":\"ImageObject\",\"inLanguage\":\"es\",\"@id\":\"https:\\\/\\\/infopba247.com.ar\\\/#\\\/schema\\\/logo\\\/image\\\/\",\"url\":\"https:\\\/\\\/infopba247.com.ar\\\/wp-content\\\/uploads\\\/2022\\\/03\\\/cropped-InfoPBA247-1.png\",\"contentUrl\":\"https:\\\/\\\/infopba247.com.ar\\\/wp-content\\\/uploads\\\/2022\\\/03\\\/cropped-InfoPBA247-1.png\",\"width\":500,\"height\":122,\"caption\":\"InfoPBA247\"},\"image\":{\"@id\":\"https:\\\/\\\/infopba247.com.ar\\\/#\\\/schema\\\/logo\\\/image\\\/\"},\"sameAs\":[\"https:\\\/\\\/www.facebook.com\\\/InfoPBA\"]},{\"@type\":\"Person\",\"@id\":\"https:\\\/\\\/infopba247.com.ar\\\/#\\\/schema\\\/person\\\/4975f1343a413e57bf839b3eed0099f2\",\"name\":\"Editor\",\"image\":{\"@type\":\"ImageObject\",\"inLanguage\":\"es\",\"@id\":\"https:\\\/\\\/secure.gravatar.com\\\/avatar\\\/d27fe9520667ca53441d36627a1d6b0fa4a813571ec4803687a7a3a7744685ac?s=96&d=mm&r=g\",\"url\":\"https:\\\/\\\/secure.gravatar.com\\\/avatar\\\/d27fe9520667ca53441d36627a1d6b0fa4a813571ec4803687a7a3a7744685ac?s=96&d=mm&r=g\",\"contentUrl\":\"https:\\\/\\\/secure.gravatar.com\\\/avatar\\\/d27fe9520667ca53441d36627a1d6b0fa4a813571ec4803687a7a3a7744685ac?s=96&d=mm&r=g\",\"caption\":\"Editor\"},\"url\":\"https:\\\/\\\/infopba247.com.ar\\\/index.php\\\/author\\\/editor\\\/\"}]}<\/script>\n<!-- \/ Yoast SEO plugin. -->","yoast_head_json":{"title":"Se inaugur\u00f3 la Plaza Villa Herrero en Moreno Sur - InfoPBA247","robots":{"index":"index","follow":"follow","max-snippet":"max-snippet:-1","max-image-preview":"max-image-preview:large","max-video-preview":"max-video-preview:-1"},"canonical":"https:\/\/infopba247.com.ar\/index.php\/2025\/12\/01\/se-inauguro-la-plaza-villa-herrero-en-moreno-sur\/","og_locale":"es_ES","og_type":"article","og_title":"Se inaugur\u00f3 la Plaza Villa Herrero en Moreno Sur - InfoPBA247","og_description":"La intendenta, Mariel Fern\u00e1ndez, acompa\u00f1ada por vecinas y vecinos, inaugur\u00f3 la Plaza Villa Herrero en Moreno Sur, ubicada en Dr.","og_url":"https:\/\/infopba247.com.ar\/index.php\/2025\/12\/01\/se-inauguro-la-plaza-villa-herrero-en-moreno-sur\/","og_site_name":"InfoPBA247","article_publisher":"https:\/\/www.facebook.com\/InfoPBA","article_published_time":"2025-12-01T18:54:29+00:00","article_modified_time":"2025-12-01T18:54:30+00:00","og_image":[{"width":2560,"height":1440,"url":"https:\/\/infopba247.com.ar\/wp-content\/uploads\/2025\/12\/Inauguracion-de-plaza-villa-herrero-y-asfaltos-No-de-secuencia-1-4-scaled.jpg","type":"image\/jpeg"}],"author":"Editor","twitter_card":"summary_large_image","twitter_misc":{"Escrito por":"Editor","Tiempo de lectura":"2 minutos"},"schema":{"@context":"https:\/\/schema.org","@graph":[{"@type":"Article","@id":"https:\/\/infopba247.com.ar\/index.php\/2025\/12\/01\/se-inauguro-la-plaza-villa-herrero-en-moreno-sur\/#article","isPartOf":{"@id":"https:\/\/infopba247.com.ar\/index.php\/2025\/12\/01\/se-inauguro-la-plaza-villa-herrero-en-moreno-sur\/"},"author":{"name":"Editor","@id":"https:\/\/infopba247.com.ar\/#\/schema\/person\/4975f1343a413e57bf839b3eed0099f2"},"headline":"Se inaugur\u00f3 la Plaza Villa Herrero en Moreno Sur","datePublished":"2025-12-01T18:54:29+00:00","dateModified":"2025-12-01T18:54:30+00:00","mainEntityOfPage":{"@id":"https:\/\/infopba247.com.ar\/index.php\/2025\/12\/01\/se-inauguro-la-plaza-villa-herrero-en-moreno-sur\/"},"wordCount":245,"commentCount":0,"publisher":{"@id":"https:\/\/infopba247.com.ar\/#organization"},"image":{"@id":"https:\/\/infopba247.com.ar\/index.php\/2025\/12\/01\/se-inauguro-la-plaza-villa-herrero-en-moreno-sur\/#primaryimage"},"thumbnailUrl":"https:\/\/infopba247.com.ar\/wp-content\/uploads\/2025\/12\/Inauguracion-de-plaza-villa-herrero-y-asfaltos-No-de-secuencia-1-4-scaled.jpg","articleSection":["1ra Secci\u00f3n","Destacadas","Pol\u00edtica"],"inLanguage":"es","potentialAction":[{"@type":"CommentAction","name":"Comment","target":["https:\/\/infopba247.com.ar\/index.php\/2025\/12\/01\/se-inauguro-la-plaza-villa-herrero-en-moreno-sur\/#respond"]}]},{"@type":"WebPage","@id":"https:\/\/infopba247.com.ar\/index.php\/2025\/12\/01\/se-inauguro-la-plaza-villa-herrero-en-moreno-sur\/","url":"https:\/\/infopba247.com.ar\/index.php\/2025\/12\/01\/se-inauguro-la-plaza-villa-herrero-en-moreno-sur\/","name":"Se inaugur\u00f3 la Plaza Villa Herrero en Moreno Sur - InfoPBA247","isPartOf":{"@id":"https:\/\/infopba247.com.ar\/#website"},"primaryImageOfPage":{"@id":"https:\/\/infopba247.com.ar\/index.php\/2025\/12\/01\/se-inauguro-la-plaza-villa-herrero-en-moreno-sur\/#primaryimage"},"image":{"@id":"https:\/\/infopba247.com.ar\/index.php\/2025\/12\/01\/se-inauguro-la-plaza-villa-herrero-en-moreno-sur\/#primaryimage"},"thumbnailUrl":"https:\/\/infopba247.com.ar\/wp-content\/uploads\/2025\/12\/Inauguracion-de-plaza-villa-herrero-y-asfaltos-No-de-secuencia-1-4-scaled.jpg","datePublished":"2025-12-01T18:54:29+00:00","dateModified":"2025-12-01T18:54:30+00:00","breadcrumb":{"@id":"https:\/\/infopba247.com.ar\/index.php\/2025\/12\/01\/se-inauguro-la-plaza-villa-herrero-en-moreno-sur\/#breadcrumb"},"inLanguage":"es","potentialAction":[{"@type":"ReadAction","target":["https:\/\/infopba247.com.ar\/index.php\/2025\/12\/01\/se-inauguro-la-plaza-villa-herrero-en-moreno-sur\/"]}]},{"@type":"ImageObject","inLanguage":"es","@id":"https:\/\/infopba247.com.ar\/index.php\/2025\/12\/01\/se-inauguro-la-plaza-villa-herrero-en-moreno-sur\/#primaryimage","url":"https:\/\/infopba247.com.ar\/wp-content\/uploads\/2025\/12\/Inauguracion-de-plaza-villa-herrero-y-asfaltos-No-de-secuencia-1-4-scaled.jpg","contentUrl":"https:\/\/infopba247.com.ar\/wp-content\/uploads\/2025\/12\/Inauguracion-de-plaza-villa-herrero-y-asfaltos-No-de-secuencia-1-4-scaled.jpg","width":2560,"height":1440},{"@type":"BreadcrumbList","@id":"https:\/\/infopba247.com.ar\/index.php\/2025\/12\/01\/se-inauguro-la-plaza-villa-herrero-en-moreno-sur\/#breadcrumb","itemListElement":[{"@type":"ListItem","position":1,"name":"Portada","item":"https:\/\/infopba247.com.ar\/"},{"@type":"ListItem","position":2,"name":"Se inaugur\u00f3 la Plaza Villa Herrero en Moreno Sur"}]},{"@type":"WebSite","@id":"https:\/\/infopba247.com.ar\/#website","url":"https:\/\/infopba247.com.ar\/","name":"InfoPBA247","description":"Toda la actualidad bonaerense","publisher":{"@id":"https:\/\/infopba247.com.ar\/#organization"},"potentialAction":[{"@type":"SearchAction","target":{"@type":"EntryPoint","urlTemplate":"https:\/\/infopba247.com.ar\/?s={search_term_string}"},"query-input":{"@type":"PropertyValueSpecification","valueRequired":true,"valueName":"search_term_string"}}],"inLanguage":"es"},{"@type":"Organization","@id":"https:\/\/infopba247.com.ar\/#organization","name":"InfoPBA247","url":"https:\/\/infopba247.com.ar\/","logo":{"@type":"ImageObject","inLanguage":"es","@id":"https:\/\/infopba247.com.ar\/#\/schema\/logo\/image\/","url":"https:\/\/infopba247.com.ar\/wp-content\/uploads\/2022\/03\/cropped-InfoPBA247-1.png","contentUrl":"https:\/\/infopba247.com.ar\/wp-content\/uploads\/2022\/03\/cropped-InfoPBA247-1.png","width":500,"height":122,"caption":"InfoPBA247"},"image":{"@id":"https:\/\/infopba247.com.ar\/#\/schema\/logo\/image\/"},"sameAs":["https:\/\/www.facebook.com\/InfoPBA"]},{"@type":"Person","@id":"https:\/\/infopba247.com.ar\/#\/schema\/person\/4975f1343a413e57bf839b3eed0099f2","name":"Editor","image":{"@type":"ImageObject","inLanguage":"es","@id":"https:\/\/secure.gravatar.com\/avatar\/d27fe9520667ca53441d36627a1d6b0fa4a813571ec4803687a7a3a7744685ac?s=96&d=mm&r=g","url":"https:\/\/secure.gravatar.com\/avatar\/d27fe9520667ca53441d36627a1d6b0fa4a813571ec4803687a7a3a7744685ac?s=96&d=mm&r=g","contentUrl":"https:\/\/secure.gravatar.com\/avatar\/d27fe9520667ca53441d36627a1d6b0fa4a813571ec4803687a7a3a7744685ac?s=96&d=mm&r=g","caption":"Editor"},"url":"https:\/\/infopba247.com.ar\/index.php\/author\/editor\/"}]}},"_links":{"self":[{"href":"https:\/\/infopba247.com.ar\/index.php\/wp-json\/wp\/v2\/posts\/8479","targetHints":{"allow":["GET"]}}],"collection":[{"href":"https:\/\/infopba247.com.ar\/index.php\/wp-json\/wp\/v2\/posts"}],"about":[{"href":"https:\/\/infopba247.com.ar\/index.php\/wp-json\/wp\/v2\/types\/post"}],"author":[{"embeddable":true,"href":"https:\/\/infopba247.com.ar\/index.php\/wp-json\/wp\/v2\/users\/3"}],"replies":[{"embeddable":true,"href":"https:\/\/infopba247.com.ar\/index.php\/wp-json\/wp\/v2\/comments?post=8479"}],"version-history":[{"count":1,"href":"https:\/\/infopba247.com.ar\/index.php\/wp-json\/wp\/v2\/posts\/8479\/revisions"}],"predecessor-version":[{"id":8480,"href":"https:\/\/infopba247.com.ar\/index.php\/wp-json\/wp\/v2\/posts\/8479\/revisions\/8480"}],"wp:featuredmedia":[{"embeddable":true,"href":"https:\/\/infopba247.com.ar\/index.php\/wp-json\/wp\/v2\/media\/8472"}],"wp:attachment":[{"href":"https:\/\/infopba247.com.ar\/index.php\/wp-json\/wp\/v2\/media?parent=8479"}],"wp:term":[{"taxonomy":"category","embeddable":true,"href":"https:\/\/infopba247.com.ar\/index.php\/wp-json\/wp\/v2\/categories?post=8479"},{"taxonomy":"post_tag","embeddable":true,"href":"https:\/\/infopba247.com.ar\/index.php\/wp-json\/wp\/v2\/tags?post=8479"}],"curies":[{"name":"wp","href":"https:\/\/api.w.org\/{rel}","templated":true}]}}