{"id":8477,"date":"2025-12-01T15:54:30","date_gmt":"2025-12-01T18:54:30","guid":{"rendered":"https:\/\/infopba247.com.ar\/?p=8477"},"modified":"2025-12-01T15:53:56","modified_gmt":"2025-12-01T18:53:56","slug":"se-conocieron-los-preadjudicatarios-de-las-28-viviendas-del-plan-bonaerense-ii","status":"publish","type":"post","link":"https:\/\/infopba247.com.ar\/index.php\/2025\/12\/01\/se-conocieron-los-preadjudicatarios-de-las-28-viviendas-del-plan-bonaerense-ii\/","title":{"rendered":"Se conocieron los preadjudicatarios de las 28 viviendas del Plan Bonaerense II"},"content":{"rendered":"\n<p>Se llev\u00f3 a cabo el sorteo que defini\u00f3 a las\u00a028 familias preadjudicatarias\u00a0y\u00a018 suplentes\u00a0de las nuevas viviendas incluidas en el\u00a0segundo Plan Provincial Solidaridad, ejecutado por el Ministerio de H\u00e1bitat y Desarrollo Urbano de la Provincia de Buenos Aires y el Instituto de la Vivienda de Buenos Aires.<br>Este programa ya hab\u00eda permitido, en 2023 y bajo la misma modalidad, la entrega de otras\u00a030 casas.<\/p>\n\n\n\n<p>El sorteo \u2014del que participaron casi&nbsp;700 inscriptos\u2014 fue&nbsp;p\u00fablico, se realiz\u00f3 en el&nbsp;Gimnasio Polideportivo&nbsp;y se desarroll\u00f3 en&nbsp;cuatro bloques.<\/p>\n\n\n\n<p>El proceso se desarroll\u00f3 ante la presencia del&nbsp;Escribano P\u00fablico Hugo \u00c1lvarez Bay\u00f3n, funcionarios del&nbsp;Departamento de Selecci\u00f3n de Aspirantes del Instituto de la Vivienda, el&nbsp;intendente Hern\u00e1n Arranz&nbsp;y el&nbsp;Administrador General del IVBA, Diego Men\u00e9ndez.<\/p>\n\n\n\n<p>Ahora, las y los preadjudicatarios deber\u00e1n atravesar el&nbsp;proceso de corroboraci\u00f3n reglamentario&nbsp;del Gobierno Provincial para validar requisitos y documentaci\u00f3n, previo a la adjudicaci\u00f3n definitiva de las viviendas.<\/p>\n","protected":false},"excerpt":{"rendered":"<p>Se llev\u00f3 a cabo el sorteo que defini\u00f3 a las\u00a028 familias preadjudicatarias\u00a0y\u00a018 suplentes\u00a0de las nuevas viviendas incluidas en el\u00a0segundo Plan<\/p>\n","protected":false},"author":3,"featured_media":8471,"comment_status":"open","ping_status":"open","sticky":false,"template":"","format":"standard","meta":{"colormag_page_container_layout":"default_layout","colormag_page_sidebar_layout":"default_layout","footnotes":""},"categories":[10,1,14],"tags":[],"class_list":["post-8477","post","type-post","status-publish","format-standard","has-post-thumbnail","hentry","category-6ta-seccion","category-destacadas","category-politica"],"yoast_head":"<!-- This site is optimized with the Yoast SEO plugin v27.4 - https:\/\/yoast.com\/product\/yoast-seo-wordpress\/ -->\n<title>Se conocieron los preadjudicatarios de las 28 viviendas del Plan Bonaerense II - InfoPBA247<\/title>\n<meta name=\"robots\" content=\"index, follow, max-snippet:-1, max-image-preview:large, max-video-preview:-1\" \/>\n<link rel=\"canonical\" href=\"https:\/\/infopba247.com.ar\/index.php\/2025\/12\/01\/se-conocieron-los-preadjudicatarios-de-las-28-viviendas-del-plan-bonaerense-ii\/\" \/>\n<meta property=\"og:locale\" content=\"es_ES\" \/>\n<meta property=\"og:type\" content=\"article\" \/>\n<meta property=\"og:title\" content=\"Se conocieron los preadjudicatarios de las 28 viviendas del Plan Bonaerense II - InfoPBA247\" \/>\n<meta property=\"og:description\" content=\"Se llev\u00f3 a cabo el sorteo que defini\u00f3 a las\u00a028 familias preadjudicatarias\u00a0y\u00a018 suplentes\u00a0de las nuevas viviendas incluidas en el\u00a0segundo Plan\" \/>\n<meta property=\"og:url\" content=\"https:\/\/infopba247.com.ar\/index.php\/2025\/12\/01\/se-conocieron-los-preadjudicatarios-de-las-28-viviendas-del-plan-bonaerense-ii\/\" \/>\n<meta property=\"og:site_name\" content=\"InfoPBA247\" \/>\n<meta property=\"article:publisher\" content=\"https:\/\/www.facebook.com\/InfoPBA\" \/>\n<meta property=\"article:published_time\" content=\"2025-12-01T18:54:30+00:00\" \/>\n<meta property=\"og:image\" content=\"https:\/\/infopba247.com.ar\/wp-content\/uploads\/2025\/12\/590719846_1348326310668384_382233111354265762_n-800x445-1.jpg\" \/>\n\t<meta property=\"og:image:width\" content=\"800\" \/>\n\t<meta property=\"og:image:height\" content=\"445\" \/>\n\t<meta property=\"og:image:type\" content=\"image\/jpeg\" \/>\n<meta name=\"author\" content=\"Editor\" \/>\n<meta name=\"twitter:card\" content=\"summary_large_image\" \/>\n<meta name=\"twitter:label1\" content=\"Escrito por\" \/>\n\t<meta name=\"twitter:data1\" content=\"Editor\" \/>\n\t<meta name=\"twitter:label2\" content=\"Tiempo de lectura\" \/>\n\t<meta name=\"twitter:data2\" content=\"1 minuto\" \/>\n<script type=\"application\/ld+json\" class=\"yoast-schema-graph\">{\"@context\":\"https:\\\/\\\/schema.org\",\"@graph\":[{\"@type\":\"Article\",\"@id\":\"https:\\\/\\\/infopba247.com.ar\\\/index.php\\\/2025\\\/12\\\/01\\\/se-conocieron-los-preadjudicatarios-de-las-28-viviendas-del-plan-bonaerense-ii\\\/#article\",\"isPartOf\":{\"@id\":\"https:\\\/\\\/infopba247.com.ar\\\/index.php\\\/2025\\\/12\\\/01\\\/se-conocieron-los-preadjudicatarios-de-las-28-viviendas-del-plan-bonaerense-ii\\\/\"},\"author\":{\"name\":\"Editor\",\"@id\":\"https:\\\/\\\/infopba247.com.ar\\\/#\\\/schema\\\/person\\\/4975f1343a413e57bf839b3eed0099f2\"},\"headline\":\"Se conocieron los preadjudicatarios de las 28 viviendas del Plan Bonaerense II\",\"datePublished\":\"2025-12-01T18:54:30+00:00\",\"mainEntityOfPage\":{\"@id\":\"https:\\\/\\\/infopba247.com.ar\\\/index.php\\\/2025\\\/12\\\/01\\\/se-conocieron-los-preadjudicatarios-de-las-28-viviendas-del-plan-bonaerense-ii\\\/\"},\"wordCount\":186,\"commentCount\":0,\"publisher\":{\"@id\":\"https:\\\/\\\/infopba247.com.ar\\\/#organization\"},\"image\":{\"@id\":\"https:\\\/\\\/infopba247.com.ar\\\/index.php\\\/2025\\\/12\\\/01\\\/se-conocieron-los-preadjudicatarios-de-las-28-viviendas-del-plan-bonaerense-ii\\\/#primaryimage\"},\"thumbnailUrl\":\"https:\\\/\\\/infopba247.com.ar\\\/wp-content\\\/uploads\\\/2025\\\/12\\\/590719846_1348326310668384_382233111354265762_n-800x445-1.jpg\",\"articleSection\":[\"6ta Secci\u00f3n\",\"Destacadas\",\"Pol\u00edtica\"],\"inLanguage\":\"es\",\"potentialAction\":[{\"@type\":\"CommentAction\",\"name\":\"Comment\",\"target\":[\"https:\\\/\\\/infopba247.com.ar\\\/index.php\\\/2025\\\/12\\\/01\\\/se-conocieron-los-preadjudicatarios-de-las-28-viviendas-del-plan-bonaerense-ii\\\/#respond\"]}]},{\"@type\":\"WebPage\",\"@id\":\"https:\\\/\\\/infopba247.com.ar\\\/index.php\\\/2025\\\/12\\\/01\\\/se-conocieron-los-preadjudicatarios-de-las-28-viviendas-del-plan-bonaerense-ii\\\/\",\"url\":\"https:\\\/\\\/infopba247.com.ar\\\/index.php\\\/2025\\\/12\\\/01\\\/se-conocieron-los-preadjudicatarios-de-las-28-viviendas-del-plan-bonaerense-ii\\\/\",\"name\":\"Se conocieron los preadjudicatarios de las 28 viviendas del Plan Bonaerense II - InfoPBA247\",\"isPartOf\":{\"@id\":\"https:\\\/\\\/infopba247.com.ar\\\/#website\"},\"primaryImageOfPage\":{\"@id\":\"https:\\\/\\\/infopba247.com.ar\\\/index.php\\\/2025\\\/12\\\/01\\\/se-conocieron-los-preadjudicatarios-de-las-28-viviendas-del-plan-bonaerense-ii\\\/#primaryimage\"},\"image\":{\"@id\":\"https:\\\/\\\/infopba247.com.ar\\\/index.php\\\/2025\\\/12\\\/01\\\/se-conocieron-los-preadjudicatarios-de-las-28-viviendas-del-plan-bonaerense-ii\\\/#primaryimage\"},\"thumbnailUrl\":\"https:\\\/\\\/infopba247.com.ar\\\/wp-content\\\/uploads\\\/2025\\\/12\\\/590719846_1348326310668384_382233111354265762_n-800x445-1.jpg\",\"datePublished\":\"2025-12-01T18:54:30+00:00\",\"breadcrumb\":{\"@id\":\"https:\\\/\\\/infopba247.com.ar\\\/index.php\\\/2025\\\/12\\\/01\\\/se-conocieron-los-preadjudicatarios-de-las-28-viviendas-del-plan-bonaerense-ii\\\/#breadcrumb\"},\"inLanguage\":\"es\",\"potentialAction\":[{\"@type\":\"ReadAction\",\"target\":[\"https:\\\/\\\/infopba247.com.ar\\\/index.php\\\/2025\\\/12\\\/01\\\/se-conocieron-los-preadjudicatarios-de-las-28-viviendas-del-plan-bonaerense-ii\\\/\"]}]},{\"@type\":\"ImageObject\",\"inLanguage\":\"es\",\"@id\":\"https:\\\/\\\/infopba247.com.ar\\\/index.php\\\/2025\\\/12\\\/01\\\/se-conocieron-los-preadjudicatarios-de-las-28-viviendas-del-plan-bonaerense-ii\\\/#primaryimage\",\"url\":\"https:\\\/\\\/infopba247.com.ar\\\/wp-content\\\/uploads\\\/2025\\\/12\\\/590719846_1348326310668384_382233111354265762_n-800x445-1.jpg\",\"contentUrl\":\"https:\\\/\\\/infopba247.com.ar\\\/wp-content\\\/uploads\\\/2025\\\/12\\\/590719846_1348326310668384_382233111354265762_n-800x445-1.jpg\",\"width\":800,\"height\":445},{\"@type\":\"BreadcrumbList\",\"@id\":\"https:\\\/\\\/infopba247.com.ar\\\/index.php\\\/2025\\\/12\\\/01\\\/se-conocieron-los-preadjudicatarios-de-las-28-viviendas-del-plan-bonaerense-ii\\\/#breadcrumb\",\"itemListElement\":[{\"@type\":\"ListItem\",\"position\":1,\"name\":\"Portada\",\"item\":\"https:\\\/\\\/infopba247.com.ar\\\/\"},{\"@type\":\"ListItem\",\"position\":2,\"name\":\"Se conocieron los preadjudicatarios de las 28 viviendas del Plan Bonaerense II\"}]},{\"@type\":\"WebSite\",\"@id\":\"https:\\\/\\\/infopba247.com.ar\\\/#website\",\"url\":\"https:\\\/\\\/infopba247.com.ar\\\/\",\"name\":\"InfoPBA247\",\"description\":\"Toda la actualidad bonaerense\",\"publisher\":{\"@id\":\"https:\\\/\\\/infopba247.com.ar\\\/#organization\"},\"potentialAction\":[{\"@type\":\"SearchAction\",\"target\":{\"@type\":\"EntryPoint\",\"urlTemplate\":\"https:\\\/\\\/infopba247.com.ar\\\/?s={search_term_string}\"},\"query-input\":{\"@type\":\"PropertyValueSpecification\",\"valueRequired\":true,\"valueName\":\"search_term_string\"}}],\"inLanguage\":\"es\"},{\"@type\":\"Organization\",\"@id\":\"https:\\\/\\\/infopba247.com.ar\\\/#organization\",\"name\":\"InfoPBA247\",\"url\":\"https:\\\/\\\/infopba247.com.ar\\\/\",\"logo\":{\"@type\":\"ImageObject\",\"inLanguage\":\"es\",\"@id\":\"https:\\\/\\\/infopba247.com.ar\\\/#\\\/schema\\\/logo\\\/image\\\/\",\"url\":\"https:\\\/\\\/infopba247.com.ar\\\/wp-content\\\/uploads\\\/2022\\\/03\\\/cropped-InfoPBA247-1.png\",\"contentUrl\":\"https:\\\/\\\/infopba247.com.ar\\\/wp-content\\\/uploads\\\/2022\\\/03\\\/cropped-InfoPBA247-1.png\",\"width\":500,\"height\":122,\"caption\":\"InfoPBA247\"},\"image\":{\"@id\":\"https:\\\/\\\/infopba247.com.ar\\\/#\\\/schema\\\/logo\\\/image\\\/\"},\"sameAs\":[\"https:\\\/\\\/www.facebook.com\\\/InfoPBA\"]},{\"@type\":\"Person\",\"@id\":\"https:\\\/\\\/infopba247.com.ar\\\/#\\\/schema\\\/person\\\/4975f1343a413e57bf839b3eed0099f2\",\"name\":\"Editor\",\"image\":{\"@type\":\"ImageObject\",\"inLanguage\":\"es\",\"@id\":\"https:\\\/\\\/secure.gravatar.com\\\/avatar\\\/d27fe9520667ca53441d36627a1d6b0fa4a813571ec4803687a7a3a7744685ac?s=96&d=mm&r=g\",\"url\":\"https:\\\/\\\/secure.gravatar.com\\\/avatar\\\/d27fe9520667ca53441d36627a1d6b0fa4a813571ec4803687a7a3a7744685ac?s=96&d=mm&r=g\",\"contentUrl\":\"https:\\\/\\\/secure.gravatar.com\\\/avatar\\\/d27fe9520667ca53441d36627a1d6b0fa4a813571ec4803687a7a3a7744685ac?s=96&d=mm&r=g\",\"caption\":\"Editor\"},\"url\":\"https:\\\/\\\/infopba247.com.ar\\\/index.php\\\/author\\\/editor\\\/\"}]}<\/script>\n<!-- \/ Yoast SEO plugin. -->","yoast_head_json":{"title":"Se conocieron los preadjudicatarios de las 28 viviendas del Plan Bonaerense II - InfoPBA247","robots":{"index":"index","follow":"follow","max-snippet":"max-snippet:-1","max-image-preview":"max-image-preview:large","max-video-preview":"max-video-preview:-1"},"canonical":"https:\/\/infopba247.com.ar\/index.php\/2025\/12\/01\/se-conocieron-los-preadjudicatarios-de-las-28-viviendas-del-plan-bonaerense-ii\/","og_locale":"es_ES","og_type":"article","og_title":"Se conocieron los preadjudicatarios de las 28 viviendas del Plan Bonaerense II - InfoPBA247","og_description":"Se llev\u00f3 a cabo el sorteo que defini\u00f3 a las\u00a028 familias preadjudicatarias\u00a0y\u00a018 suplentes\u00a0de las nuevas viviendas incluidas en el\u00a0segundo Plan","og_url":"https:\/\/infopba247.com.ar\/index.php\/2025\/12\/01\/se-conocieron-los-preadjudicatarios-de-las-28-viviendas-del-plan-bonaerense-ii\/","og_site_name":"InfoPBA247","article_publisher":"https:\/\/www.facebook.com\/InfoPBA","article_published_time":"2025-12-01T18:54:30+00:00","og_image":[{"width":800,"height":445,"url":"https:\/\/infopba247.com.ar\/wp-content\/uploads\/2025\/12\/590719846_1348326310668384_382233111354265762_n-800x445-1.jpg","type":"image\/jpeg"}],"author":"Editor","twitter_card":"summary_large_image","twitter_misc":{"Escrito por":"Editor","Tiempo de lectura":"1 minuto"},"schema":{"@context":"https:\/\/schema.org","@graph":[{"@type":"Article","@id":"https:\/\/infopba247.com.ar\/index.php\/2025\/12\/01\/se-conocieron-los-preadjudicatarios-de-las-28-viviendas-del-plan-bonaerense-ii\/#article","isPartOf":{"@id":"https:\/\/infopba247.com.ar\/index.php\/2025\/12\/01\/se-conocieron-los-preadjudicatarios-de-las-28-viviendas-del-plan-bonaerense-ii\/"},"author":{"name":"Editor","@id":"https:\/\/infopba247.com.ar\/#\/schema\/person\/4975f1343a413e57bf839b3eed0099f2"},"headline":"Se conocieron los preadjudicatarios de las 28 viviendas del Plan Bonaerense II","datePublished":"2025-12-01T18:54:30+00:00","mainEntityOfPage":{"@id":"https:\/\/infopba247.com.ar\/index.php\/2025\/12\/01\/se-conocieron-los-preadjudicatarios-de-las-28-viviendas-del-plan-bonaerense-ii\/"},"wordCount":186,"commentCount":0,"publisher":{"@id":"https:\/\/infopba247.com.ar\/#organization"},"image":{"@id":"https:\/\/infopba247.com.ar\/index.php\/2025\/12\/01\/se-conocieron-los-preadjudicatarios-de-las-28-viviendas-del-plan-bonaerense-ii\/#primaryimage"},"thumbnailUrl":"https:\/\/infopba247.com.ar\/wp-content\/uploads\/2025\/12\/590719846_1348326310668384_382233111354265762_n-800x445-1.jpg","articleSection":["6ta Secci\u00f3n","Destacadas","Pol\u00edtica"],"inLanguage":"es","potentialAction":[{"@type":"CommentAction","name":"Comment","target":["https:\/\/infopba247.com.ar\/index.php\/2025\/12\/01\/se-conocieron-los-preadjudicatarios-de-las-28-viviendas-del-plan-bonaerense-ii\/#respond"]}]},{"@type":"WebPage","@id":"https:\/\/infopba247.com.ar\/index.php\/2025\/12\/01\/se-conocieron-los-preadjudicatarios-de-las-28-viviendas-del-plan-bonaerense-ii\/","url":"https:\/\/infopba247.com.ar\/index.php\/2025\/12\/01\/se-conocieron-los-preadjudicatarios-de-las-28-viviendas-del-plan-bonaerense-ii\/","name":"Se conocieron los preadjudicatarios de las 28 viviendas del Plan Bonaerense II - InfoPBA247","isPartOf":{"@id":"https:\/\/infopba247.com.ar\/#website"},"primaryImageOfPage":{"@id":"https:\/\/infopba247.com.ar\/index.php\/2025\/12\/01\/se-conocieron-los-preadjudicatarios-de-las-28-viviendas-del-plan-bonaerense-ii\/#primaryimage"},"image":{"@id":"https:\/\/infopba247.com.ar\/index.php\/2025\/12\/01\/se-conocieron-los-preadjudicatarios-de-las-28-viviendas-del-plan-bonaerense-ii\/#primaryimage"},"thumbnailUrl":"https:\/\/infopba247.com.ar\/wp-content\/uploads\/2025\/12\/590719846_1348326310668384_382233111354265762_n-800x445-1.jpg","datePublished":"2025-12-01T18:54:30+00:00","breadcrumb":{"@id":"https:\/\/infopba247.com.ar\/index.php\/2025\/12\/01\/se-conocieron-los-preadjudicatarios-de-las-28-viviendas-del-plan-bonaerense-ii\/#breadcrumb"},"inLanguage":"es","potentialAction":[{"@type":"ReadAction","target":["https:\/\/infopba247.com.ar\/index.php\/2025\/12\/01\/se-conocieron-los-preadjudicatarios-de-las-28-viviendas-del-plan-bonaerense-ii\/"]}]},{"@type":"ImageObject","inLanguage":"es","@id":"https:\/\/infopba247.com.ar\/index.php\/2025\/12\/01\/se-conocieron-los-preadjudicatarios-de-las-28-viviendas-del-plan-bonaerense-ii\/#primaryimage","url":"https:\/\/infopba247.com.ar\/wp-content\/uploads\/2025\/12\/590719846_1348326310668384_382233111354265762_n-800x445-1.jpg","contentUrl":"https:\/\/infopba247.com.ar\/wp-content\/uploads\/2025\/12\/590719846_1348326310668384_382233111354265762_n-800x445-1.jpg","width":800,"height":445},{"@type":"BreadcrumbList","@id":"https:\/\/infopba247.com.ar\/index.php\/2025\/12\/01\/se-conocieron-los-preadjudicatarios-de-las-28-viviendas-del-plan-bonaerense-ii\/#breadcrumb","itemListElement":[{"@type":"ListItem","position":1,"name":"Portada","item":"https:\/\/infopba247.com.ar\/"},{"@type":"ListItem","position":2,"name":"Se conocieron los preadjudicatarios de las 28 viviendas del Plan Bonaerense II"}]},{"@type":"WebSite","@id":"https:\/\/infopba247.com.ar\/#website","url":"https:\/\/infopba247.com.ar\/","name":"InfoPBA247","description":"Toda la actualidad bonaerense","publisher":{"@id":"https:\/\/infopba247.com.ar\/#organization"},"potentialAction":[{"@type":"SearchAction","target":{"@type":"EntryPoint","urlTemplate":"https:\/\/infopba247.com.ar\/?s={search_term_string}"},"query-input":{"@type":"PropertyValueSpecification","valueRequired":true,"valueName":"search_term_string"}}],"inLanguage":"es"},{"@type":"Organization","@id":"https:\/\/infopba247.com.ar\/#organization","name":"InfoPBA247","url":"https:\/\/infopba247.com.ar\/","logo":{"@type":"ImageObject","inLanguage":"es","@id":"https:\/\/infopba247.com.ar\/#\/schema\/logo\/image\/","url":"https:\/\/infopba247.com.ar\/wp-content\/uploads\/2022\/03\/cropped-InfoPBA247-1.png","contentUrl":"https:\/\/infopba247.com.ar\/wp-content\/uploads\/2022\/03\/cropped-InfoPBA247-1.png","width":500,"height":122,"caption":"InfoPBA247"},"image":{"@id":"https:\/\/infopba247.com.ar\/#\/schema\/logo\/image\/"},"sameAs":["https:\/\/www.facebook.com\/InfoPBA"]},{"@type":"Person","@id":"https:\/\/infopba247.com.ar\/#\/schema\/person\/4975f1343a413e57bf839b3eed0099f2","name":"Editor","image":{"@type":"ImageObject","inLanguage":"es","@id":"https:\/\/secure.gravatar.com\/avatar\/d27fe9520667ca53441d36627a1d6b0fa4a813571ec4803687a7a3a7744685ac?s=96&d=mm&r=g","url":"https:\/\/secure.gravatar.com\/avatar\/d27fe9520667ca53441d36627a1d6b0fa4a813571ec4803687a7a3a7744685ac?s=96&d=mm&r=g","contentUrl":"https:\/\/secure.gravatar.com\/avatar\/d27fe9520667ca53441d36627a1d6b0fa4a813571ec4803687a7a3a7744685ac?s=96&d=mm&r=g","caption":"Editor"},"url":"https:\/\/infopba247.com.ar\/index.php\/author\/editor\/"}]}},"_links":{"self":[{"href":"https:\/\/infopba247.com.ar\/index.php\/wp-json\/wp\/v2\/posts\/8477","targetHints":{"allow":["GET"]}}],"collection":[{"href":"https:\/\/infopba247.com.ar\/index.php\/wp-json\/wp\/v2\/posts"}],"about":[{"href":"https:\/\/infopba247.com.ar\/index.php\/wp-json\/wp\/v2\/types\/post"}],"author":[{"embeddable":true,"href":"https:\/\/infopba247.com.ar\/index.php\/wp-json\/wp\/v2\/users\/3"}],"replies":[{"embeddable":true,"href":"https:\/\/infopba247.com.ar\/index.php\/wp-json\/wp\/v2\/comments?post=8477"}],"version-history":[{"count":1,"href":"https:\/\/infopba247.com.ar\/index.php\/wp-json\/wp\/v2\/posts\/8477\/revisions"}],"predecessor-version":[{"id":8478,"href":"https:\/\/infopba247.com.ar\/index.php\/wp-json\/wp\/v2\/posts\/8477\/revisions\/8478"}],"wp:featuredmedia":[{"embeddable":true,"href":"https:\/\/infopba247.com.ar\/index.php\/wp-json\/wp\/v2\/media\/8471"}],"wp:attachment":[{"href":"https:\/\/infopba247.com.ar\/index.php\/wp-json\/wp\/v2\/media?parent=8477"}],"wp:term":[{"taxonomy":"category","embeddable":true,"href":"https:\/\/infopba247.com.ar\/index.php\/wp-json\/wp\/v2\/categories?post=8477"},{"taxonomy":"post_tag","embeddable":true,"href":"https:\/\/infopba247.com.ar\/index.php\/wp-json\/wp\/v2\/tags?post=8477"}],"curies":[{"name":"wp","href":"https:\/\/api.w.org\/{rel}","templated":true}]}}