{"id":8425,"date":"2025-11-20T14:47:13","date_gmt":"2025-11-20T17:47:13","guid":{"rendered":"https:\/\/infopba247.com.ar\/?p=8425"},"modified":"2025-11-20T14:47:14","modified_gmt":"2025-11-20T17:47:14","slug":"monte-hermoso-ya-cuenta-con-servicio-diario-de-guardavidas","status":"publish","type":"post","link":"https:\/\/infopba247.com.ar\/index.php\/2025\/11\/20\/monte-hermoso-ya-cuenta-con-servicio-diario-de-guardavidas\/","title":{"rendered":"Monte Hermoso ya cuenta con servicio diario de guardavidas"},"content":{"rendered":"\n<p>Con un plantel inicial de 35 guardavidas que se completar\u00e1 en su totalidad en diciembre, comenz\u00f3 recientemente el servicio activo de 10 a 20 horas con cobertura en Monte Hermoso, desde calle Los Zorzales al este hasta calle Tucum\u00e1n al oeste, y en Sauce Grande, desde la bajada de Orense hasta Bristol.<\/p>\n\n\n\n<p>Cada mangrullo posee collares cervicales Philadelfia, botiquines completos de Primeros Auxilios, tablas de inmovilizaci\u00f3n y traslado, \u00f3x\u00edmetros y handies para la comunicaci\u00f3n interna, entre otros elementos de prevenci\u00f3n. Se cuenta adem\u00e1s con cuatriciclos para cubrir zonas fuera de cobertura y sillas de traslado y anfibias para personas con discapacidad.<\/p>\n\n\n\n<p>El resto del plantel y la cobertura total de la Zona de Ba\u00f1o Exclusiva, con 26 puestos a lo largo de los 7 km que la conforman, se completar\u00e1 en diciembre con un total de 108 guardavidas.<\/p>\n\n\n\n<p>Se recuerda que con el inicio del Servicio de Guardavidas, en toda la zona de cobertura rigen ordenanzas que restringen la pesca desde la costa, la pr\u00e1ctica de deportes n\u00e1uticos, bajar con animales, el tr\u00e1nsito vehicular y la instalaci\u00f3n de gazebos (en este \u00faltimo caso de espig\u00f3n a espig\u00f3n), entre otras.<\/p>\n","protected":false},"excerpt":{"rendered":"<p>Con un plantel inicial de 35 guardavidas que se completar\u00e1 en su totalidad en diciembre, comenz\u00f3 recientemente el servicio activo<\/p>\n","protected":false},"author":3,"featured_media":8416,"comment_status":"open","ping_status":"open","sticky":false,"template":"","format":"standard","meta":{"colormag_page_container_layout":"default_layout","colormag_page_sidebar_layout":"default_layout","footnotes":""},"categories":[10,1,14],"tags":[],"class_list":["post-8425","post","type-post","status-publish","format-standard","has-post-thumbnail","hentry","category-6ta-seccion","category-destacadas","category-politica"],"yoast_head":"<!-- This site is optimized with the Yoast SEO plugin v27.4 - https:\/\/yoast.com\/product\/yoast-seo-wordpress\/ -->\n<title>Monte Hermoso ya cuenta con servicio diario de guardavidas - InfoPBA247<\/title>\n<meta name=\"robots\" content=\"index, follow, max-snippet:-1, max-image-preview:large, max-video-preview:-1\" \/>\n<link rel=\"canonical\" href=\"https:\/\/infopba247.com.ar\/index.php\/2025\/11\/20\/monte-hermoso-ya-cuenta-con-servicio-diario-de-guardavidas\/\" \/>\n<meta property=\"og:locale\" content=\"es_ES\" \/>\n<meta property=\"og:type\" content=\"article\" \/>\n<meta property=\"og:title\" content=\"Monte Hermoso ya cuenta con servicio diario de guardavidas - InfoPBA247\" \/>\n<meta property=\"og:description\" content=\"Con un plantel inicial de 35 guardavidas que se completar\u00e1 en su totalidad en diciembre, comenz\u00f3 recientemente el servicio activo\" \/>\n<meta property=\"og:url\" content=\"https:\/\/infopba247.com.ar\/index.php\/2025\/11\/20\/monte-hermoso-ya-cuenta-con-servicio-diario-de-guardavidas\/\" \/>\n<meta property=\"og:site_name\" content=\"InfoPBA247\" \/>\n<meta property=\"article:publisher\" content=\"https:\/\/www.facebook.com\/InfoPBA\" \/>\n<meta property=\"article:published_time\" content=\"2025-11-20T17:47:13+00:00\" \/>\n<meta property=\"article:modified_time\" content=\"2025-11-20T17:47:14+00:00\" \/>\n<meta property=\"og:image\" content=\"https:\/\/infopba247.com.ar\/wp-content\/uploads\/2025\/11\/583471453_1337815121719503_8138929925222860918_n-800x445-1.jpg\" \/>\n\t<meta property=\"og:image:width\" content=\"800\" \/>\n\t<meta property=\"og:image:height\" content=\"445\" \/>\n\t<meta property=\"og:image:type\" content=\"image\/jpeg\" \/>\n<meta name=\"author\" content=\"Editor\" \/>\n<meta name=\"twitter:card\" content=\"summary_large_image\" \/>\n<meta name=\"twitter:label1\" content=\"Escrito por\" \/>\n\t<meta name=\"twitter:data1\" content=\"Editor\" \/>\n\t<meta name=\"twitter:label2\" content=\"Tiempo de lectura\" \/>\n\t<meta name=\"twitter:data2\" content=\"2 minutos\" \/>\n<script type=\"application\/ld+json\" class=\"yoast-schema-graph\">{\"@context\":\"https:\\\/\\\/schema.org\",\"@graph\":[{\"@type\":\"Article\",\"@id\":\"https:\\\/\\\/infopba247.com.ar\\\/index.php\\\/2025\\\/11\\\/20\\\/monte-hermoso-ya-cuenta-con-servicio-diario-de-guardavidas\\\/#article\",\"isPartOf\":{\"@id\":\"https:\\\/\\\/infopba247.com.ar\\\/index.php\\\/2025\\\/11\\\/20\\\/monte-hermoso-ya-cuenta-con-servicio-diario-de-guardavidas\\\/\"},\"author\":{\"name\":\"Editor\",\"@id\":\"https:\\\/\\\/infopba247.com.ar\\\/#\\\/schema\\\/person\\\/4975f1343a413e57bf839b3eed0099f2\"},\"headline\":\"Monte Hermoso ya cuenta con servicio diario de guardavidas\",\"datePublished\":\"2025-11-20T17:47:13+00:00\",\"dateModified\":\"2025-11-20T17:47:14+00:00\",\"mainEntityOfPage\":{\"@id\":\"https:\\\/\\\/infopba247.com.ar\\\/index.php\\\/2025\\\/11\\\/20\\\/monte-hermoso-ya-cuenta-con-servicio-diario-de-guardavidas\\\/\"},\"wordCount\":205,\"commentCount\":0,\"publisher\":{\"@id\":\"https:\\\/\\\/infopba247.com.ar\\\/#organization\"},\"image\":{\"@id\":\"https:\\\/\\\/infopba247.com.ar\\\/index.php\\\/2025\\\/11\\\/20\\\/monte-hermoso-ya-cuenta-con-servicio-diario-de-guardavidas\\\/#primaryimage\"},\"thumbnailUrl\":\"https:\\\/\\\/infopba247.com.ar\\\/wp-content\\\/uploads\\\/2025\\\/11\\\/583471453_1337815121719503_8138929925222860918_n-800x445-1.jpg\",\"articleSection\":[\"6ta Secci\u00f3n\",\"Destacadas\",\"Pol\u00edtica\"],\"inLanguage\":\"es\",\"potentialAction\":[{\"@type\":\"CommentAction\",\"name\":\"Comment\",\"target\":[\"https:\\\/\\\/infopba247.com.ar\\\/index.php\\\/2025\\\/11\\\/20\\\/monte-hermoso-ya-cuenta-con-servicio-diario-de-guardavidas\\\/#respond\"]}]},{\"@type\":\"WebPage\",\"@id\":\"https:\\\/\\\/infopba247.com.ar\\\/index.php\\\/2025\\\/11\\\/20\\\/monte-hermoso-ya-cuenta-con-servicio-diario-de-guardavidas\\\/\",\"url\":\"https:\\\/\\\/infopba247.com.ar\\\/index.php\\\/2025\\\/11\\\/20\\\/monte-hermoso-ya-cuenta-con-servicio-diario-de-guardavidas\\\/\",\"name\":\"Monte Hermoso ya cuenta con servicio diario de guardavidas - InfoPBA247\",\"isPartOf\":{\"@id\":\"https:\\\/\\\/infopba247.com.ar\\\/#website\"},\"primaryImageOfPage\":{\"@id\":\"https:\\\/\\\/infopba247.com.ar\\\/index.php\\\/2025\\\/11\\\/20\\\/monte-hermoso-ya-cuenta-con-servicio-diario-de-guardavidas\\\/#primaryimage\"},\"image\":{\"@id\":\"https:\\\/\\\/infopba247.com.ar\\\/index.php\\\/2025\\\/11\\\/20\\\/monte-hermoso-ya-cuenta-con-servicio-diario-de-guardavidas\\\/#primaryimage\"},\"thumbnailUrl\":\"https:\\\/\\\/infopba247.com.ar\\\/wp-content\\\/uploads\\\/2025\\\/11\\\/583471453_1337815121719503_8138929925222860918_n-800x445-1.jpg\",\"datePublished\":\"2025-11-20T17:47:13+00:00\",\"dateModified\":\"2025-11-20T17:47:14+00:00\",\"breadcrumb\":{\"@id\":\"https:\\\/\\\/infopba247.com.ar\\\/index.php\\\/2025\\\/11\\\/20\\\/monte-hermoso-ya-cuenta-con-servicio-diario-de-guardavidas\\\/#breadcrumb\"},\"inLanguage\":\"es\",\"potentialAction\":[{\"@type\":\"ReadAction\",\"target\":[\"https:\\\/\\\/infopba247.com.ar\\\/index.php\\\/2025\\\/11\\\/20\\\/monte-hermoso-ya-cuenta-con-servicio-diario-de-guardavidas\\\/\"]}]},{\"@type\":\"ImageObject\",\"inLanguage\":\"es\",\"@id\":\"https:\\\/\\\/infopba247.com.ar\\\/index.php\\\/2025\\\/11\\\/20\\\/monte-hermoso-ya-cuenta-con-servicio-diario-de-guardavidas\\\/#primaryimage\",\"url\":\"https:\\\/\\\/infopba247.com.ar\\\/wp-content\\\/uploads\\\/2025\\\/11\\\/583471453_1337815121719503_8138929925222860918_n-800x445-1.jpg\",\"contentUrl\":\"https:\\\/\\\/infopba247.com.ar\\\/wp-content\\\/uploads\\\/2025\\\/11\\\/583471453_1337815121719503_8138929925222860918_n-800x445-1.jpg\",\"width\":800,\"height\":445},{\"@type\":\"BreadcrumbList\",\"@id\":\"https:\\\/\\\/infopba247.com.ar\\\/index.php\\\/2025\\\/11\\\/20\\\/monte-hermoso-ya-cuenta-con-servicio-diario-de-guardavidas\\\/#breadcrumb\",\"itemListElement\":[{\"@type\":\"ListItem\",\"position\":1,\"name\":\"Portada\",\"item\":\"https:\\\/\\\/infopba247.com.ar\\\/\"},{\"@type\":\"ListItem\",\"position\":2,\"name\":\"Monte Hermoso ya cuenta con servicio diario de guardavidas\"}]},{\"@type\":\"WebSite\",\"@id\":\"https:\\\/\\\/infopba247.com.ar\\\/#website\",\"url\":\"https:\\\/\\\/infopba247.com.ar\\\/\",\"name\":\"InfoPBA247\",\"description\":\"Toda la actualidad bonaerense\",\"publisher\":{\"@id\":\"https:\\\/\\\/infopba247.com.ar\\\/#organization\"},\"potentialAction\":[{\"@type\":\"SearchAction\",\"target\":{\"@type\":\"EntryPoint\",\"urlTemplate\":\"https:\\\/\\\/infopba247.com.ar\\\/?s={search_term_string}\"},\"query-input\":{\"@type\":\"PropertyValueSpecification\",\"valueRequired\":true,\"valueName\":\"search_term_string\"}}],\"inLanguage\":\"es\"},{\"@type\":\"Organization\",\"@id\":\"https:\\\/\\\/infopba247.com.ar\\\/#organization\",\"name\":\"InfoPBA247\",\"url\":\"https:\\\/\\\/infopba247.com.ar\\\/\",\"logo\":{\"@type\":\"ImageObject\",\"inLanguage\":\"es\",\"@id\":\"https:\\\/\\\/infopba247.com.ar\\\/#\\\/schema\\\/logo\\\/image\\\/\",\"url\":\"https:\\\/\\\/infopba247.com.ar\\\/wp-content\\\/uploads\\\/2022\\\/03\\\/cropped-InfoPBA247-1.png\",\"contentUrl\":\"https:\\\/\\\/infopba247.com.ar\\\/wp-content\\\/uploads\\\/2022\\\/03\\\/cropped-InfoPBA247-1.png\",\"width\":500,\"height\":122,\"caption\":\"InfoPBA247\"},\"image\":{\"@id\":\"https:\\\/\\\/infopba247.com.ar\\\/#\\\/schema\\\/logo\\\/image\\\/\"},\"sameAs\":[\"https:\\\/\\\/www.facebook.com\\\/InfoPBA\"]},{\"@type\":\"Person\",\"@id\":\"https:\\\/\\\/infopba247.com.ar\\\/#\\\/schema\\\/person\\\/4975f1343a413e57bf839b3eed0099f2\",\"name\":\"Editor\",\"image\":{\"@type\":\"ImageObject\",\"inLanguage\":\"es\",\"@id\":\"https:\\\/\\\/secure.gravatar.com\\\/avatar\\\/d27fe9520667ca53441d36627a1d6b0fa4a813571ec4803687a7a3a7744685ac?s=96&d=mm&r=g\",\"url\":\"https:\\\/\\\/secure.gravatar.com\\\/avatar\\\/d27fe9520667ca53441d36627a1d6b0fa4a813571ec4803687a7a3a7744685ac?s=96&d=mm&r=g\",\"contentUrl\":\"https:\\\/\\\/secure.gravatar.com\\\/avatar\\\/d27fe9520667ca53441d36627a1d6b0fa4a813571ec4803687a7a3a7744685ac?s=96&d=mm&r=g\",\"caption\":\"Editor\"},\"url\":\"https:\\\/\\\/infopba247.com.ar\\\/index.php\\\/author\\\/editor\\\/\"}]}<\/script>\n<!-- \/ Yoast SEO plugin. -->","yoast_head_json":{"title":"Monte Hermoso ya cuenta con servicio diario de guardavidas - InfoPBA247","robots":{"index":"index","follow":"follow","max-snippet":"max-snippet:-1","max-image-preview":"max-image-preview:large","max-video-preview":"max-video-preview:-1"},"canonical":"https:\/\/infopba247.com.ar\/index.php\/2025\/11\/20\/monte-hermoso-ya-cuenta-con-servicio-diario-de-guardavidas\/","og_locale":"es_ES","og_type":"article","og_title":"Monte Hermoso ya cuenta con servicio diario de guardavidas - InfoPBA247","og_description":"Con un plantel inicial de 35 guardavidas que se completar\u00e1 en su totalidad en diciembre, comenz\u00f3 recientemente el servicio activo","og_url":"https:\/\/infopba247.com.ar\/index.php\/2025\/11\/20\/monte-hermoso-ya-cuenta-con-servicio-diario-de-guardavidas\/","og_site_name":"InfoPBA247","article_publisher":"https:\/\/www.facebook.com\/InfoPBA","article_published_time":"2025-11-20T17:47:13+00:00","article_modified_time":"2025-11-20T17:47:14+00:00","og_image":[{"width":800,"height":445,"url":"https:\/\/infopba247.com.ar\/wp-content\/uploads\/2025\/11\/583471453_1337815121719503_8138929925222860918_n-800x445-1.jpg","type":"image\/jpeg"}],"author":"Editor","twitter_card":"summary_large_image","twitter_misc":{"Escrito por":"Editor","Tiempo de lectura":"2 minutos"},"schema":{"@context":"https:\/\/schema.org","@graph":[{"@type":"Article","@id":"https:\/\/infopba247.com.ar\/index.php\/2025\/11\/20\/monte-hermoso-ya-cuenta-con-servicio-diario-de-guardavidas\/#article","isPartOf":{"@id":"https:\/\/infopba247.com.ar\/index.php\/2025\/11\/20\/monte-hermoso-ya-cuenta-con-servicio-diario-de-guardavidas\/"},"author":{"name":"Editor","@id":"https:\/\/infopba247.com.ar\/#\/schema\/person\/4975f1343a413e57bf839b3eed0099f2"},"headline":"Monte Hermoso ya cuenta con servicio diario de guardavidas","datePublished":"2025-11-20T17:47:13+00:00","dateModified":"2025-11-20T17:47:14+00:00","mainEntityOfPage":{"@id":"https:\/\/infopba247.com.ar\/index.php\/2025\/11\/20\/monte-hermoso-ya-cuenta-con-servicio-diario-de-guardavidas\/"},"wordCount":205,"commentCount":0,"publisher":{"@id":"https:\/\/infopba247.com.ar\/#organization"},"image":{"@id":"https:\/\/infopba247.com.ar\/index.php\/2025\/11\/20\/monte-hermoso-ya-cuenta-con-servicio-diario-de-guardavidas\/#primaryimage"},"thumbnailUrl":"https:\/\/infopba247.com.ar\/wp-content\/uploads\/2025\/11\/583471453_1337815121719503_8138929925222860918_n-800x445-1.jpg","articleSection":["6ta Secci\u00f3n","Destacadas","Pol\u00edtica"],"inLanguage":"es","potentialAction":[{"@type":"CommentAction","name":"Comment","target":["https:\/\/infopba247.com.ar\/index.php\/2025\/11\/20\/monte-hermoso-ya-cuenta-con-servicio-diario-de-guardavidas\/#respond"]}]},{"@type":"WebPage","@id":"https:\/\/infopba247.com.ar\/index.php\/2025\/11\/20\/monte-hermoso-ya-cuenta-con-servicio-diario-de-guardavidas\/","url":"https:\/\/infopba247.com.ar\/index.php\/2025\/11\/20\/monte-hermoso-ya-cuenta-con-servicio-diario-de-guardavidas\/","name":"Monte Hermoso ya cuenta con servicio diario de guardavidas - InfoPBA247","isPartOf":{"@id":"https:\/\/infopba247.com.ar\/#website"},"primaryImageOfPage":{"@id":"https:\/\/infopba247.com.ar\/index.php\/2025\/11\/20\/monte-hermoso-ya-cuenta-con-servicio-diario-de-guardavidas\/#primaryimage"},"image":{"@id":"https:\/\/infopba247.com.ar\/index.php\/2025\/11\/20\/monte-hermoso-ya-cuenta-con-servicio-diario-de-guardavidas\/#primaryimage"},"thumbnailUrl":"https:\/\/infopba247.com.ar\/wp-content\/uploads\/2025\/11\/583471453_1337815121719503_8138929925222860918_n-800x445-1.jpg","datePublished":"2025-11-20T17:47:13+00:00","dateModified":"2025-11-20T17:47:14+00:00","breadcrumb":{"@id":"https:\/\/infopba247.com.ar\/index.php\/2025\/11\/20\/monte-hermoso-ya-cuenta-con-servicio-diario-de-guardavidas\/#breadcrumb"},"inLanguage":"es","potentialAction":[{"@type":"ReadAction","target":["https:\/\/infopba247.com.ar\/index.php\/2025\/11\/20\/monte-hermoso-ya-cuenta-con-servicio-diario-de-guardavidas\/"]}]},{"@type":"ImageObject","inLanguage":"es","@id":"https:\/\/infopba247.com.ar\/index.php\/2025\/11\/20\/monte-hermoso-ya-cuenta-con-servicio-diario-de-guardavidas\/#primaryimage","url":"https:\/\/infopba247.com.ar\/wp-content\/uploads\/2025\/11\/583471453_1337815121719503_8138929925222860918_n-800x445-1.jpg","contentUrl":"https:\/\/infopba247.com.ar\/wp-content\/uploads\/2025\/11\/583471453_1337815121719503_8138929925222860918_n-800x445-1.jpg","width":800,"height":445},{"@type":"BreadcrumbList","@id":"https:\/\/infopba247.com.ar\/index.php\/2025\/11\/20\/monte-hermoso-ya-cuenta-con-servicio-diario-de-guardavidas\/#breadcrumb","itemListElement":[{"@type":"ListItem","position":1,"name":"Portada","item":"https:\/\/infopba247.com.ar\/"},{"@type":"ListItem","position":2,"name":"Monte Hermoso ya cuenta con servicio diario de guardavidas"}]},{"@type":"WebSite","@id":"https:\/\/infopba247.com.ar\/#website","url":"https:\/\/infopba247.com.ar\/","name":"InfoPBA247","description":"Toda la actualidad bonaerense","publisher":{"@id":"https:\/\/infopba247.com.ar\/#organization"},"potentialAction":[{"@type":"SearchAction","target":{"@type":"EntryPoint","urlTemplate":"https:\/\/infopba247.com.ar\/?s={search_term_string}"},"query-input":{"@type":"PropertyValueSpecification","valueRequired":true,"valueName":"search_term_string"}}],"inLanguage":"es"},{"@type":"Organization","@id":"https:\/\/infopba247.com.ar\/#organization","name":"InfoPBA247","url":"https:\/\/infopba247.com.ar\/","logo":{"@type":"ImageObject","inLanguage":"es","@id":"https:\/\/infopba247.com.ar\/#\/schema\/logo\/image\/","url":"https:\/\/infopba247.com.ar\/wp-content\/uploads\/2022\/03\/cropped-InfoPBA247-1.png","contentUrl":"https:\/\/infopba247.com.ar\/wp-content\/uploads\/2022\/03\/cropped-InfoPBA247-1.png","width":500,"height":122,"caption":"InfoPBA247"},"image":{"@id":"https:\/\/infopba247.com.ar\/#\/schema\/logo\/image\/"},"sameAs":["https:\/\/www.facebook.com\/InfoPBA"]},{"@type":"Person","@id":"https:\/\/infopba247.com.ar\/#\/schema\/person\/4975f1343a413e57bf839b3eed0099f2","name":"Editor","image":{"@type":"ImageObject","inLanguage":"es","@id":"https:\/\/secure.gravatar.com\/avatar\/d27fe9520667ca53441d36627a1d6b0fa4a813571ec4803687a7a3a7744685ac?s=96&d=mm&r=g","url":"https:\/\/secure.gravatar.com\/avatar\/d27fe9520667ca53441d36627a1d6b0fa4a813571ec4803687a7a3a7744685ac?s=96&d=mm&r=g","contentUrl":"https:\/\/secure.gravatar.com\/avatar\/d27fe9520667ca53441d36627a1d6b0fa4a813571ec4803687a7a3a7744685ac?s=96&d=mm&r=g","caption":"Editor"},"url":"https:\/\/infopba247.com.ar\/index.php\/author\/editor\/"}]}},"_links":{"self":[{"href":"https:\/\/infopba247.com.ar\/index.php\/wp-json\/wp\/v2\/posts\/8425","targetHints":{"allow":["GET"]}}],"collection":[{"href":"https:\/\/infopba247.com.ar\/index.php\/wp-json\/wp\/v2\/posts"}],"about":[{"href":"https:\/\/infopba247.com.ar\/index.php\/wp-json\/wp\/v2\/types\/post"}],"author":[{"embeddable":true,"href":"https:\/\/infopba247.com.ar\/index.php\/wp-json\/wp\/v2\/users\/3"}],"replies":[{"embeddable":true,"href":"https:\/\/infopba247.com.ar\/index.php\/wp-json\/wp\/v2\/comments?post=8425"}],"version-history":[{"count":1,"href":"https:\/\/infopba247.com.ar\/index.php\/wp-json\/wp\/v2\/posts\/8425\/revisions"}],"predecessor-version":[{"id":8426,"href":"https:\/\/infopba247.com.ar\/index.php\/wp-json\/wp\/v2\/posts\/8425\/revisions\/8426"}],"wp:featuredmedia":[{"embeddable":true,"href":"https:\/\/infopba247.com.ar\/index.php\/wp-json\/wp\/v2\/media\/8416"}],"wp:attachment":[{"href":"https:\/\/infopba247.com.ar\/index.php\/wp-json\/wp\/v2\/media?parent=8425"}],"wp:term":[{"taxonomy":"category","embeddable":true,"href":"https:\/\/infopba247.com.ar\/index.php\/wp-json\/wp\/v2\/categories?post=8425"},{"taxonomy":"post_tag","embeddable":true,"href":"https:\/\/infopba247.com.ar\/index.php\/wp-json\/wp\/v2\/tags?post=8425"}],"curies":[{"name":"wp","href":"https:\/\/api.w.org\/{rel}","templated":true}]}}