{"id":8423,"date":"2025-11-20T14:46:26","date_gmt":"2025-11-20T17:46:26","guid":{"rendered":"https:\/\/infopba247.com.ar\/?p=8423"},"modified":"2025-11-20T14:46:27","modified_gmt":"2025-11-20T17:46:27","slug":"mariel-fernandez-encabezo-el-cierre-de-ano-del-programa-mi-escuela-recicla","status":"publish","type":"post","link":"https:\/\/infopba247.com.ar\/index.php\/2025\/11\/20\/mariel-fernandez-encabezo-el-cierre-de-ano-del-programa-mi-escuela-recicla\/","title":{"rendered":"Mariel Fern\u00e1ndez encabez\u00f3 el cierre de a\u00f1o del programa \u201cMi Escuela Recicla\u201d"},"content":{"rendered":"\n<p>Se trata de una pol\u00edtica p\u00fablica que fortalece la concientizaci\u00f3n y el cuidado ambiental especialmente en ni\u00f1as, ni\u00f1os y juventudes<\/p>\n\n\n\n<p>La intendenta de Moreno, Mariel Fern\u00e1ndez, encabez\u00f3 el cierre de a\u00f1o del Programa Mi Escuela Recicla, en las instalaciones del Camping SATSAID, con los resultados en materia de educaci\u00f3n ambiental desarrollado durante el 2025. La iniciativa alcanz\u00f3 a m\u00e1s de 4 mil estudiantes, recuper\u00f3 398 toneladas de materiales reciclables y consolid\u00f3 a 155 escuelas como Puntos Verdes activos en todo el distrito.<\/p>\n\n\n\n<p>Desde su implementaci\u00f3n ya participaron 174 escuelas sobre un total de 220. El programa de educaci\u00f3n ambiental y gesti\u00f3n de residuos, es una pol\u00edtica p\u00fablica que fortalece la participaci\u00f3n de la comunidad educativa y promueve pr\u00e1cticas sustentables en todos los niveles y combina formaci\u00f3n te\u00f3rica, talleres y experiencias directas en la separaci\u00f3n y recuperaci\u00f3n de materiales.<\/p>\n\n\n\n<p>En el evento, la jefa comunal felicit\u00f3 a los y las docentes por el compromiso de sostener un aprendizaje en contacto con la naturaleza y expres\u00f3: \u201cNuestras esperanzas del compromiso con el ambiente es en ustedes, las y los ni\u00f1os, porque estar\u00e1n ense\u00f1ando a sus familias, a sus amigos y amigas sobre el cuidado del ambiente\u201d, y destac\u00f3 que \u201ces m\u00e1s f\u00e1cil, se cuida m\u00e1s y se incorpora m\u00e1s el conocimiento cuando somos ni\u00f1os y ni\u00f1as.\u201d Por \u00faltimo, remarc\u00f3 el acompa\u00f1amiento provincial al se\u00f1alar: \u201cAgradecemos a la provincia de Buenos Aires que hace que nuestro trabajo sea a\u00fan mucho mejor.\u201d<\/p>\n\n\n\n<p>Gracias al trabajo conjunto de docentes, estudiantes y equipos municipales, se recuperaron 11.131 bolsones, equivalentes a 397,84 toneladas de material reciclable. Esta recuperaci\u00f3n evit\u00f3 la emisi\u00f3n de 433,65 toneladas de CO\u2082e, lo que equivale al consumo el\u00e9ctrico anual de 239 hogares, las emisiones de 86 autos o la deforestaci\u00f3n de 18 mil \u00e1rboles en un a\u00f1o.<\/p>\n\n\n\n<p>El programa llev\u00f3 adelante 127 talleres y actividades educativas, que incluyeron visitas a la Planta de Valorizaci\u00f3n de Materiales Reciclables y a la Reserva Natural Municipal \u201cLos Robles\u201d. M\u00e1s de 4 mil estudiantes participaron de estas acciones, que se complementaron con las nuevas propuestas \u201cGuardianes de la Casa Com\u00fan\u201d para el nivel inicial y \u201cProyecto Comunidad\u201d para el nivel superior. Tambi\u00e9n se reconoci\u00f3 la labor esencial del Cuerpo de Guardaparques de Los Robles, cuyo trabajo diario sostiene la conservaci\u00f3n del patrimonio natural y el enfoque integral de cuidado de la casa com\u00fan.<\/p>\n\n\n\n<p>Esta iniciativa tambi\u00e9n genera empleo local mediante la articulaci\u00f3n con Cooperativas que involucran a alrededor de 90 trabajadoras y trabajadores en tareas de educaci\u00f3n, recolecci\u00f3n y recuperaci\u00f3n de materiales, adem\u00e1s de contar con 20 educadoras ambientales en capacitaci\u00f3n permanente.<\/p>\n\n\n\n<p>Acompa\u00f1aron, Daiana Anad\u00f3n, secretaria de Ambiente y Desarrollo Urbano; Cynthia Mu\u00f1oz, secretaria de Cultura, Educaci\u00f3n y Deportes; Karina Ram\u00edrez, inspectora jefa distrital de Educaci\u00f3n de Moreno; Xenia Abad, subsecretaria de Promoci\u00f3n Ambiental; Emmanuel Fern\u00e1ndez, presidente del Concejo Deliberante y Guadalupe L\u00f3pez Graciani, directora de Educaci\u00f3n Ambiental del Ministerio de la provincia de Buenos Aires.<\/p>\n\n\n\n<p>Mi Escuela Recicla reafirma el compromiso del Gobierno local en lograr un desarrollo sostenible, especialmente aquellos vinculados a la educaci\u00f3n de calidad, la concientizaci\u00f3n de la acci\u00f3n clim\u00e1tica, la producci\u00f3n y el consumo responsable.<\/p>\n","protected":false},"excerpt":{"rendered":"<p>Se trata de una pol\u00edtica p\u00fablica que fortalece la concientizaci\u00f3n y el cuidado ambiental especialmente en ni\u00f1as, ni\u00f1os y juventudes<\/p>\n","protected":false},"author":3,"featured_media":8417,"comment_status":"open","ping_status":"open","sticky":false,"template":"","format":"standard","meta":{"colormag_page_container_layout":"default_layout","colormag_page_sidebar_layout":"default_layout","footnotes":""},"categories":[5,1,14],"tags":[],"class_list":["post-8423","post","type-post","status-publish","format-standard","has-post-thumbnail","hentry","category-1ra-seccion","category-destacadas","category-politica"],"yoast_head":"<!-- This site is optimized with the Yoast SEO plugin v27.4 - https:\/\/yoast.com\/product\/yoast-seo-wordpress\/ -->\n<title>Mariel Fern\u00e1ndez encabez\u00f3 el cierre de a\u00f1o del programa \u201cMi Escuela Recicla\u201d - InfoPBA247<\/title>\n<meta name=\"robots\" content=\"index, follow, max-snippet:-1, max-image-preview:large, max-video-preview:-1\" \/>\n<link rel=\"canonical\" href=\"https:\/\/infopba247.com.ar\/index.php\/2025\/11\/20\/mariel-fernandez-encabezo-el-cierre-de-ano-del-programa-mi-escuela-recicla\/\" \/>\n<meta property=\"og:locale\" content=\"es_ES\" \/>\n<meta property=\"og:type\" content=\"article\" \/>\n<meta property=\"og:title\" content=\"Mariel Fern\u00e1ndez encabez\u00f3 el cierre de a\u00f1o del programa \u201cMi Escuela Recicla\u201d - InfoPBA247\" \/>\n<meta property=\"og:description\" content=\"Se trata de una pol\u00edtica p\u00fablica que fortalece la concientizaci\u00f3n y el cuidado ambiental especialmente en ni\u00f1as, ni\u00f1os y juventudes\" \/>\n<meta property=\"og:url\" content=\"https:\/\/infopba247.com.ar\/index.php\/2025\/11\/20\/mariel-fernandez-encabezo-el-cierre-de-ano-del-programa-mi-escuela-recicla\/\" \/>\n<meta property=\"og:site_name\" content=\"InfoPBA247\" \/>\n<meta property=\"article:publisher\" content=\"https:\/\/www.facebook.com\/InfoPBA\" \/>\n<meta property=\"article:published_time\" content=\"2025-11-20T17:46:26+00:00\" \/>\n<meta property=\"article:modified_time\" content=\"2025-11-20T17:46:27+00:00\" \/>\n<meta property=\"og:image\" content=\"https:\/\/infopba247.com.ar\/wp-content\/uploads\/2025\/11\/Mi-escuela-recicla-1-scaled.jpg\" \/>\n\t<meta property=\"og:image:width\" content=\"2560\" \/>\n\t<meta property=\"og:image:height\" content=\"1440\" \/>\n\t<meta property=\"og:image:type\" content=\"image\/jpeg\" \/>\n<meta name=\"author\" content=\"Editor\" \/>\n<meta name=\"twitter:card\" content=\"summary_large_image\" \/>\n<meta name=\"twitter:label1\" content=\"Escrito por\" \/>\n\t<meta name=\"twitter:data1\" content=\"Editor\" \/>\n\t<meta name=\"twitter:label2\" content=\"Tiempo de lectura\" \/>\n\t<meta name=\"twitter:data2\" content=\"3 minutos\" \/>\n<script type=\"application\/ld+json\" class=\"yoast-schema-graph\">{\"@context\":\"https:\\\/\\\/schema.org\",\"@graph\":[{\"@type\":\"Article\",\"@id\":\"https:\\\/\\\/infopba247.com.ar\\\/index.php\\\/2025\\\/11\\\/20\\\/mariel-fernandez-encabezo-el-cierre-de-ano-del-programa-mi-escuela-recicla\\\/#article\",\"isPartOf\":{\"@id\":\"https:\\\/\\\/infopba247.com.ar\\\/index.php\\\/2025\\\/11\\\/20\\\/mariel-fernandez-encabezo-el-cierre-de-ano-del-programa-mi-escuela-recicla\\\/\"},\"author\":{\"name\":\"Editor\",\"@id\":\"https:\\\/\\\/infopba247.com.ar\\\/#\\\/schema\\\/person\\\/4975f1343a413e57bf839b3eed0099f2\"},\"headline\":\"Mariel Fern\u00e1ndez encabez\u00f3 el cierre de a\u00f1o del programa \u201cMi Escuela Recicla\u201d\",\"datePublished\":\"2025-11-20T17:46:26+00:00\",\"dateModified\":\"2025-11-20T17:46:27+00:00\",\"mainEntityOfPage\":{\"@id\":\"https:\\\/\\\/infopba247.com.ar\\\/index.php\\\/2025\\\/11\\\/20\\\/mariel-fernandez-encabezo-el-cierre-de-ano-del-programa-mi-escuela-recicla\\\/\"},\"wordCount\":577,\"commentCount\":0,\"publisher\":{\"@id\":\"https:\\\/\\\/infopba247.com.ar\\\/#organization\"},\"image\":{\"@id\":\"https:\\\/\\\/infopba247.com.ar\\\/index.php\\\/2025\\\/11\\\/20\\\/mariel-fernandez-encabezo-el-cierre-de-ano-del-programa-mi-escuela-recicla\\\/#primaryimage\"},\"thumbnailUrl\":\"https:\\\/\\\/infopba247.com.ar\\\/wp-content\\\/uploads\\\/2025\\\/11\\\/Mi-escuela-recicla-1-scaled.jpg\",\"articleSection\":[\"1ra Secci\u00f3n\",\"Destacadas\",\"Pol\u00edtica\"],\"inLanguage\":\"es\",\"potentialAction\":[{\"@type\":\"CommentAction\",\"name\":\"Comment\",\"target\":[\"https:\\\/\\\/infopba247.com.ar\\\/index.php\\\/2025\\\/11\\\/20\\\/mariel-fernandez-encabezo-el-cierre-de-ano-del-programa-mi-escuela-recicla\\\/#respond\"]}]},{\"@type\":\"WebPage\",\"@id\":\"https:\\\/\\\/infopba247.com.ar\\\/index.php\\\/2025\\\/11\\\/20\\\/mariel-fernandez-encabezo-el-cierre-de-ano-del-programa-mi-escuela-recicla\\\/\",\"url\":\"https:\\\/\\\/infopba247.com.ar\\\/index.php\\\/2025\\\/11\\\/20\\\/mariel-fernandez-encabezo-el-cierre-de-ano-del-programa-mi-escuela-recicla\\\/\",\"name\":\"Mariel Fern\u00e1ndez encabez\u00f3 el cierre de a\u00f1o del programa \u201cMi Escuela Recicla\u201d - InfoPBA247\",\"isPartOf\":{\"@id\":\"https:\\\/\\\/infopba247.com.ar\\\/#website\"},\"primaryImageOfPage\":{\"@id\":\"https:\\\/\\\/infopba247.com.ar\\\/index.php\\\/2025\\\/11\\\/20\\\/mariel-fernandez-encabezo-el-cierre-de-ano-del-programa-mi-escuela-recicla\\\/#primaryimage\"},\"image\":{\"@id\":\"https:\\\/\\\/infopba247.com.ar\\\/index.php\\\/2025\\\/11\\\/20\\\/mariel-fernandez-encabezo-el-cierre-de-ano-del-programa-mi-escuela-recicla\\\/#primaryimage\"},\"thumbnailUrl\":\"https:\\\/\\\/infopba247.com.ar\\\/wp-content\\\/uploads\\\/2025\\\/11\\\/Mi-escuela-recicla-1-scaled.jpg\",\"datePublished\":\"2025-11-20T17:46:26+00:00\",\"dateModified\":\"2025-11-20T17:46:27+00:00\",\"breadcrumb\":{\"@id\":\"https:\\\/\\\/infopba247.com.ar\\\/index.php\\\/2025\\\/11\\\/20\\\/mariel-fernandez-encabezo-el-cierre-de-ano-del-programa-mi-escuela-recicla\\\/#breadcrumb\"},\"inLanguage\":\"es\",\"potentialAction\":[{\"@type\":\"ReadAction\",\"target\":[\"https:\\\/\\\/infopba247.com.ar\\\/index.php\\\/2025\\\/11\\\/20\\\/mariel-fernandez-encabezo-el-cierre-de-ano-del-programa-mi-escuela-recicla\\\/\"]}]},{\"@type\":\"ImageObject\",\"inLanguage\":\"es\",\"@id\":\"https:\\\/\\\/infopba247.com.ar\\\/index.php\\\/2025\\\/11\\\/20\\\/mariel-fernandez-encabezo-el-cierre-de-ano-del-programa-mi-escuela-recicla\\\/#primaryimage\",\"url\":\"https:\\\/\\\/infopba247.com.ar\\\/wp-content\\\/uploads\\\/2025\\\/11\\\/Mi-escuela-recicla-1-scaled.jpg\",\"contentUrl\":\"https:\\\/\\\/infopba247.com.ar\\\/wp-content\\\/uploads\\\/2025\\\/11\\\/Mi-escuela-recicla-1-scaled.jpg\",\"width\":2560,\"height\":1440},{\"@type\":\"BreadcrumbList\",\"@id\":\"https:\\\/\\\/infopba247.com.ar\\\/index.php\\\/2025\\\/11\\\/20\\\/mariel-fernandez-encabezo-el-cierre-de-ano-del-programa-mi-escuela-recicla\\\/#breadcrumb\",\"itemListElement\":[{\"@type\":\"ListItem\",\"position\":1,\"name\":\"Portada\",\"item\":\"https:\\\/\\\/infopba247.com.ar\\\/\"},{\"@type\":\"ListItem\",\"position\":2,\"name\":\"Mariel Fern\u00e1ndez encabez\u00f3 el cierre de a\u00f1o del programa \u201cMi Escuela Recicla\u201d\"}]},{\"@type\":\"WebSite\",\"@id\":\"https:\\\/\\\/infopba247.com.ar\\\/#website\",\"url\":\"https:\\\/\\\/infopba247.com.ar\\\/\",\"name\":\"InfoPBA247\",\"description\":\"Toda la actualidad bonaerense\",\"publisher\":{\"@id\":\"https:\\\/\\\/infopba247.com.ar\\\/#organization\"},\"potentialAction\":[{\"@type\":\"SearchAction\",\"target\":{\"@type\":\"EntryPoint\",\"urlTemplate\":\"https:\\\/\\\/infopba247.com.ar\\\/?s={search_term_string}\"},\"query-input\":{\"@type\":\"PropertyValueSpecification\",\"valueRequired\":true,\"valueName\":\"search_term_string\"}}],\"inLanguage\":\"es\"},{\"@type\":\"Organization\",\"@id\":\"https:\\\/\\\/infopba247.com.ar\\\/#organization\",\"name\":\"InfoPBA247\",\"url\":\"https:\\\/\\\/infopba247.com.ar\\\/\",\"logo\":{\"@type\":\"ImageObject\",\"inLanguage\":\"es\",\"@id\":\"https:\\\/\\\/infopba247.com.ar\\\/#\\\/schema\\\/logo\\\/image\\\/\",\"url\":\"https:\\\/\\\/infopba247.com.ar\\\/wp-content\\\/uploads\\\/2022\\\/03\\\/cropped-InfoPBA247-1.png\",\"contentUrl\":\"https:\\\/\\\/infopba247.com.ar\\\/wp-content\\\/uploads\\\/2022\\\/03\\\/cropped-InfoPBA247-1.png\",\"width\":500,\"height\":122,\"caption\":\"InfoPBA247\"},\"image\":{\"@id\":\"https:\\\/\\\/infopba247.com.ar\\\/#\\\/schema\\\/logo\\\/image\\\/\"},\"sameAs\":[\"https:\\\/\\\/www.facebook.com\\\/InfoPBA\"]},{\"@type\":\"Person\",\"@id\":\"https:\\\/\\\/infopba247.com.ar\\\/#\\\/schema\\\/person\\\/4975f1343a413e57bf839b3eed0099f2\",\"name\":\"Editor\",\"image\":{\"@type\":\"ImageObject\",\"inLanguage\":\"es\",\"@id\":\"https:\\\/\\\/secure.gravatar.com\\\/avatar\\\/d27fe9520667ca53441d36627a1d6b0fa4a813571ec4803687a7a3a7744685ac?s=96&d=mm&r=g\",\"url\":\"https:\\\/\\\/secure.gravatar.com\\\/avatar\\\/d27fe9520667ca53441d36627a1d6b0fa4a813571ec4803687a7a3a7744685ac?s=96&d=mm&r=g\",\"contentUrl\":\"https:\\\/\\\/secure.gravatar.com\\\/avatar\\\/d27fe9520667ca53441d36627a1d6b0fa4a813571ec4803687a7a3a7744685ac?s=96&d=mm&r=g\",\"caption\":\"Editor\"},\"url\":\"https:\\\/\\\/infopba247.com.ar\\\/index.php\\\/author\\\/editor\\\/\"}]}<\/script>\n<!-- \/ Yoast SEO plugin. -->","yoast_head_json":{"title":"Mariel Fern\u00e1ndez encabez\u00f3 el cierre de a\u00f1o del programa \u201cMi Escuela Recicla\u201d - InfoPBA247","robots":{"index":"index","follow":"follow","max-snippet":"max-snippet:-1","max-image-preview":"max-image-preview:large","max-video-preview":"max-video-preview:-1"},"canonical":"https:\/\/infopba247.com.ar\/index.php\/2025\/11\/20\/mariel-fernandez-encabezo-el-cierre-de-ano-del-programa-mi-escuela-recicla\/","og_locale":"es_ES","og_type":"article","og_title":"Mariel Fern\u00e1ndez encabez\u00f3 el cierre de a\u00f1o del programa \u201cMi Escuela Recicla\u201d - InfoPBA247","og_description":"Se trata de una pol\u00edtica p\u00fablica que fortalece la concientizaci\u00f3n y el cuidado ambiental especialmente en ni\u00f1as, ni\u00f1os y juventudes","og_url":"https:\/\/infopba247.com.ar\/index.php\/2025\/11\/20\/mariel-fernandez-encabezo-el-cierre-de-ano-del-programa-mi-escuela-recicla\/","og_site_name":"InfoPBA247","article_publisher":"https:\/\/www.facebook.com\/InfoPBA","article_published_time":"2025-11-20T17:46:26+00:00","article_modified_time":"2025-11-20T17:46:27+00:00","og_image":[{"width":2560,"height":1440,"url":"https:\/\/infopba247.com.ar\/wp-content\/uploads\/2025\/11\/Mi-escuela-recicla-1-scaled.jpg","type":"image\/jpeg"}],"author":"Editor","twitter_card":"summary_large_image","twitter_misc":{"Escrito por":"Editor","Tiempo de lectura":"3 minutos"},"schema":{"@context":"https:\/\/schema.org","@graph":[{"@type":"Article","@id":"https:\/\/infopba247.com.ar\/index.php\/2025\/11\/20\/mariel-fernandez-encabezo-el-cierre-de-ano-del-programa-mi-escuela-recicla\/#article","isPartOf":{"@id":"https:\/\/infopba247.com.ar\/index.php\/2025\/11\/20\/mariel-fernandez-encabezo-el-cierre-de-ano-del-programa-mi-escuela-recicla\/"},"author":{"name":"Editor","@id":"https:\/\/infopba247.com.ar\/#\/schema\/person\/4975f1343a413e57bf839b3eed0099f2"},"headline":"Mariel Fern\u00e1ndez encabez\u00f3 el cierre de a\u00f1o del programa \u201cMi Escuela Recicla\u201d","datePublished":"2025-11-20T17:46:26+00:00","dateModified":"2025-11-20T17:46:27+00:00","mainEntityOfPage":{"@id":"https:\/\/infopba247.com.ar\/index.php\/2025\/11\/20\/mariel-fernandez-encabezo-el-cierre-de-ano-del-programa-mi-escuela-recicla\/"},"wordCount":577,"commentCount":0,"publisher":{"@id":"https:\/\/infopba247.com.ar\/#organization"},"image":{"@id":"https:\/\/infopba247.com.ar\/index.php\/2025\/11\/20\/mariel-fernandez-encabezo-el-cierre-de-ano-del-programa-mi-escuela-recicla\/#primaryimage"},"thumbnailUrl":"https:\/\/infopba247.com.ar\/wp-content\/uploads\/2025\/11\/Mi-escuela-recicla-1-scaled.jpg","articleSection":["1ra Secci\u00f3n","Destacadas","Pol\u00edtica"],"inLanguage":"es","potentialAction":[{"@type":"CommentAction","name":"Comment","target":["https:\/\/infopba247.com.ar\/index.php\/2025\/11\/20\/mariel-fernandez-encabezo-el-cierre-de-ano-del-programa-mi-escuela-recicla\/#respond"]}]},{"@type":"WebPage","@id":"https:\/\/infopba247.com.ar\/index.php\/2025\/11\/20\/mariel-fernandez-encabezo-el-cierre-de-ano-del-programa-mi-escuela-recicla\/","url":"https:\/\/infopba247.com.ar\/index.php\/2025\/11\/20\/mariel-fernandez-encabezo-el-cierre-de-ano-del-programa-mi-escuela-recicla\/","name":"Mariel Fern\u00e1ndez encabez\u00f3 el cierre de a\u00f1o del programa \u201cMi Escuela Recicla\u201d - InfoPBA247","isPartOf":{"@id":"https:\/\/infopba247.com.ar\/#website"},"primaryImageOfPage":{"@id":"https:\/\/infopba247.com.ar\/index.php\/2025\/11\/20\/mariel-fernandez-encabezo-el-cierre-de-ano-del-programa-mi-escuela-recicla\/#primaryimage"},"image":{"@id":"https:\/\/infopba247.com.ar\/index.php\/2025\/11\/20\/mariel-fernandez-encabezo-el-cierre-de-ano-del-programa-mi-escuela-recicla\/#primaryimage"},"thumbnailUrl":"https:\/\/infopba247.com.ar\/wp-content\/uploads\/2025\/11\/Mi-escuela-recicla-1-scaled.jpg","datePublished":"2025-11-20T17:46:26+00:00","dateModified":"2025-11-20T17:46:27+00:00","breadcrumb":{"@id":"https:\/\/infopba247.com.ar\/index.php\/2025\/11\/20\/mariel-fernandez-encabezo-el-cierre-de-ano-del-programa-mi-escuela-recicla\/#breadcrumb"},"inLanguage":"es","potentialAction":[{"@type":"ReadAction","target":["https:\/\/infopba247.com.ar\/index.php\/2025\/11\/20\/mariel-fernandez-encabezo-el-cierre-de-ano-del-programa-mi-escuela-recicla\/"]}]},{"@type":"ImageObject","inLanguage":"es","@id":"https:\/\/infopba247.com.ar\/index.php\/2025\/11\/20\/mariel-fernandez-encabezo-el-cierre-de-ano-del-programa-mi-escuela-recicla\/#primaryimage","url":"https:\/\/infopba247.com.ar\/wp-content\/uploads\/2025\/11\/Mi-escuela-recicla-1-scaled.jpg","contentUrl":"https:\/\/infopba247.com.ar\/wp-content\/uploads\/2025\/11\/Mi-escuela-recicla-1-scaled.jpg","width":2560,"height":1440},{"@type":"BreadcrumbList","@id":"https:\/\/infopba247.com.ar\/index.php\/2025\/11\/20\/mariel-fernandez-encabezo-el-cierre-de-ano-del-programa-mi-escuela-recicla\/#breadcrumb","itemListElement":[{"@type":"ListItem","position":1,"name":"Portada","item":"https:\/\/infopba247.com.ar\/"},{"@type":"ListItem","position":2,"name":"Mariel Fern\u00e1ndez encabez\u00f3 el cierre de a\u00f1o del programa \u201cMi Escuela Recicla\u201d"}]},{"@type":"WebSite","@id":"https:\/\/infopba247.com.ar\/#website","url":"https:\/\/infopba247.com.ar\/","name":"InfoPBA247","description":"Toda la actualidad bonaerense","publisher":{"@id":"https:\/\/infopba247.com.ar\/#organization"},"potentialAction":[{"@type":"SearchAction","target":{"@type":"EntryPoint","urlTemplate":"https:\/\/infopba247.com.ar\/?s={search_term_string}"},"query-input":{"@type":"PropertyValueSpecification","valueRequired":true,"valueName":"search_term_string"}}],"inLanguage":"es"},{"@type":"Organization","@id":"https:\/\/infopba247.com.ar\/#organization","name":"InfoPBA247","url":"https:\/\/infopba247.com.ar\/","logo":{"@type":"ImageObject","inLanguage":"es","@id":"https:\/\/infopba247.com.ar\/#\/schema\/logo\/image\/","url":"https:\/\/infopba247.com.ar\/wp-content\/uploads\/2022\/03\/cropped-InfoPBA247-1.png","contentUrl":"https:\/\/infopba247.com.ar\/wp-content\/uploads\/2022\/03\/cropped-InfoPBA247-1.png","width":500,"height":122,"caption":"InfoPBA247"},"image":{"@id":"https:\/\/infopba247.com.ar\/#\/schema\/logo\/image\/"},"sameAs":["https:\/\/www.facebook.com\/InfoPBA"]},{"@type":"Person","@id":"https:\/\/infopba247.com.ar\/#\/schema\/person\/4975f1343a413e57bf839b3eed0099f2","name":"Editor","image":{"@type":"ImageObject","inLanguage":"es","@id":"https:\/\/secure.gravatar.com\/avatar\/d27fe9520667ca53441d36627a1d6b0fa4a813571ec4803687a7a3a7744685ac?s=96&d=mm&r=g","url":"https:\/\/secure.gravatar.com\/avatar\/d27fe9520667ca53441d36627a1d6b0fa4a813571ec4803687a7a3a7744685ac?s=96&d=mm&r=g","contentUrl":"https:\/\/secure.gravatar.com\/avatar\/d27fe9520667ca53441d36627a1d6b0fa4a813571ec4803687a7a3a7744685ac?s=96&d=mm&r=g","caption":"Editor"},"url":"https:\/\/infopba247.com.ar\/index.php\/author\/editor\/"}]}},"_links":{"self":[{"href":"https:\/\/infopba247.com.ar\/index.php\/wp-json\/wp\/v2\/posts\/8423","targetHints":{"allow":["GET"]}}],"collection":[{"href":"https:\/\/infopba247.com.ar\/index.php\/wp-json\/wp\/v2\/posts"}],"about":[{"href":"https:\/\/infopba247.com.ar\/index.php\/wp-json\/wp\/v2\/types\/post"}],"author":[{"embeddable":true,"href":"https:\/\/infopba247.com.ar\/index.php\/wp-json\/wp\/v2\/users\/3"}],"replies":[{"embeddable":true,"href":"https:\/\/infopba247.com.ar\/index.php\/wp-json\/wp\/v2\/comments?post=8423"}],"version-history":[{"count":1,"href":"https:\/\/infopba247.com.ar\/index.php\/wp-json\/wp\/v2\/posts\/8423\/revisions"}],"predecessor-version":[{"id":8424,"href":"https:\/\/infopba247.com.ar\/index.php\/wp-json\/wp\/v2\/posts\/8423\/revisions\/8424"}],"wp:featuredmedia":[{"embeddable":true,"href":"https:\/\/infopba247.com.ar\/index.php\/wp-json\/wp\/v2\/media\/8417"}],"wp:attachment":[{"href":"https:\/\/infopba247.com.ar\/index.php\/wp-json\/wp\/v2\/media?parent=8423"}],"wp:term":[{"taxonomy":"category","embeddable":true,"href":"https:\/\/infopba247.com.ar\/index.php\/wp-json\/wp\/v2\/categories?post=8423"},{"taxonomy":"post_tag","embeddable":true,"href":"https:\/\/infopba247.com.ar\/index.php\/wp-json\/wp\/v2\/tags?post=8423"}],"curies":[{"name":"wp","href":"https:\/\/api.w.org\/{rel}","templated":true}]}}