{"id":8369,"date":"2025-11-14T14:25:36","date_gmt":"2025-11-14T17:25:36","guid":{"rendered":"https:\/\/infopba247.com.ar\/?p=8369"},"modified":"2025-11-14T14:25:37","modified_gmt":"2025-11-14T17:25:37","slug":"alak-entrego-equipamiento-para-casas-del-nino-maternales-y-jardines-municipales-de-la-plata","status":"publish","type":"post","link":"https:\/\/infopba247.com.ar\/index.php\/2025\/11\/14\/alak-entrego-equipamiento-para-casas-del-nino-maternales-y-jardines-municipales-de-la-plata\/","title":{"rendered":"Alak entreg\u00f3 equipamiento para casas del ni\u00f1o, maternales y jardines municipales de La Plata"},"content":{"rendered":"\n<p>Fue en el marco del programa bonaerense UDI, que fortalece espacios de cuidado y acompa\u00f1amiento en establecimientos educativos de toda la provincia.<\/p>\n\n\n\n<p>El intendente de La Plata, Julio Alak, encabez\u00f3 la entrega de utensilios y peque\u00f1os electrodom\u00e9sticos para los establecimientos educativos municipales del programa Unidad de Desarrollo Infantil (UDI) del Ministerio de Desarrollo de la Comunidad bonaerense.<\/p>\n\n\n\n<p>Durante el acto, que se llev\u00f3 a cabo este jueves en el Centro Municipal de las Artes Pasaje Dardo Rocha, se concret\u00f3 la entrega a representantes de ocho casas del ni\u00f1o, ocho maternales y doce jardines de infantes municipales.<\/p>\n\n\n\n<p>\u201cEstamos fortaleciendo cada uno de estos espacios porque creemos que el futuro de la ciudad y la provincia se construye garantizando igualdad, cuidado y oportunidades desde la primera infancia\u201d, sostuvo Alak, quien estuvo acompa\u00f1ado por la secretaria de Educaci\u00f3n, Paula Lambertini, y la subsecretaria del \u00e1rea, Yamila Olariaga.<\/p>\n\n\n\n<p>Cabe destacar que UDI promueve espacios de apoyo para ni\u00f1as, ni\u00f1os y adolescentes de entre 45 d\u00edas y 14 a\u00f1os, proporcionando cuidado alimentario, acompa\u00f1amiento y colaboraci\u00f3n en el proceso de ense\u00f1anza-aprendizaje.<\/p>\n\n\n\n<p>En La Plata, el programa se llev\u00f3 a cabo en dos etapas: en la primera, se mejor\u00f3 el Servicio Alimentario y se integr\u00f3 a la totalidad de establecimientos; y en la segunda, se realiz\u00f3 la compra de utensilios y peque\u00f1os electrodom\u00e9sticos.<\/p>\n\n\n\n<p>Los insumos en la capital bonaerense fueron destinados a las casas del ni\u00f1o AMAD, Hip\u00f3dromo, Abasto, Belgrano, Olmos, Romero, Paulo VI y Ricardo Rojas y los jardines maternales municipales Emanuel, Federico Maspoli, Islas Malvinas, Itat\u00ed, Jos\u00e9 Hern\u00e1ndez, Juan Pestalozzi, Luis Tomasello y Villa Elvira.<\/p>\n\n\n\n<p>Adem\u00e1s, recibieron los elementos los jardines de infantes N\u00b01 de Los Hornos, N\u00b0 2 y N\u00b0 3 de Villa Elvira, N\u00b0 4 de Tolosa, N\u00b0 5 de Altos de San Lorenzo, N\u00b0 6 de Ringuelet, N\u00b0 7 Juan Pestalozzi, N\u00b0 8 de Villa Elvira, N\u00b0 11 de Villa Elvira, N\u00b0 12 Dardo Rocha, N\u00b0 14 de Villa Elisa e IDEAS.<\/p>\n\n\n\n<p>Entre los elementos entregados hab\u00eda hornos microondas, multiprocesadoras, licuadoras, batidoras, ralladores, jarras, coladores, platos, vasos, espumaderas, esp\u00e1tulas, cuchillas, cubiertos y bowls.<\/p>\n","protected":false},"excerpt":{"rendered":"<p>Fue en el marco del programa bonaerense UDI, que fortalece espacios de cuidado y acompa\u00f1amiento en establecimientos educativos de toda<\/p>\n","protected":false},"author":3,"featured_media":8364,"comment_status":"open","ping_status":"open","sticky":false,"template":"","format":"standard","meta":{"colormag_page_container_layout":"default_layout","colormag_page_sidebar_layout":"default_layout","footnotes":""},"categories":[12,1,14],"tags":[],"class_list":["post-8369","post","type-post","status-publish","format-standard","has-post-thumbnail","hentry","category-8va-seccion","category-destacadas","category-politica"],"yoast_head":"<!-- This site is optimized with the Yoast SEO plugin v27.5 - https:\/\/yoast.com\/product\/yoast-seo-wordpress\/ -->\n<title>Alak entreg\u00f3 equipamiento para casas del ni\u00f1o, maternales y jardines municipales de La Plata - InfoPBA247<\/title>\n<meta name=\"robots\" content=\"index, follow, max-snippet:-1, max-image-preview:large, max-video-preview:-1\" \/>\n<link rel=\"canonical\" href=\"https:\/\/infopba247.com.ar\/index.php\/2025\/11\/14\/alak-entrego-equipamiento-para-casas-del-nino-maternales-y-jardines-municipales-de-la-plata\/\" \/>\n<meta property=\"og:locale\" content=\"es_ES\" \/>\n<meta property=\"og:type\" content=\"article\" \/>\n<meta property=\"og:title\" content=\"Alak entreg\u00f3 equipamiento para casas del ni\u00f1o, maternales y jardines municipales de La Plata - InfoPBA247\" \/>\n<meta property=\"og:description\" content=\"Fue en el marco del programa bonaerense UDI, que fortalece espacios de cuidado y acompa\u00f1amiento en establecimientos educativos de toda\" \/>\n<meta property=\"og:url\" content=\"https:\/\/infopba247.com.ar\/index.php\/2025\/11\/14\/alak-entrego-equipamiento-para-casas-del-nino-maternales-y-jardines-municipales-de-la-plata\/\" \/>\n<meta property=\"og:site_name\" content=\"InfoPBA247\" \/>\n<meta property=\"article:publisher\" content=\"https:\/\/www.facebook.com\/InfoPBA\" \/>\n<meta property=\"article:published_time\" content=\"2025-11-14T17:25:36+00:00\" \/>\n<meta property=\"article:modified_time\" content=\"2025-11-14T17:25:37+00:00\" \/>\n<meta property=\"og:image\" content=\"https:\/\/infopba247.com.ar\/wp-content\/uploads\/2025\/11\/unnamed-2025-11-14T142300.654.jpg\" \/>\n\t<meta property=\"og:image:width\" content=\"1600\" \/>\n\t<meta property=\"og:image:height\" content=\"1066\" \/>\n\t<meta property=\"og:image:type\" content=\"image\/jpeg\" \/>\n<meta name=\"author\" content=\"Editor\" \/>\n<meta name=\"twitter:card\" content=\"summary_large_image\" \/>\n<meta name=\"twitter:label1\" content=\"Escrito por\" \/>\n\t<meta name=\"twitter:data1\" content=\"Editor\" \/>\n\t<meta name=\"twitter:label2\" content=\"Tiempo de lectura\" \/>\n\t<meta name=\"twitter:data2\" content=\"2 minutos\" \/>\n<script type=\"application\/ld+json\" class=\"yoast-schema-graph\">{\"@context\":\"https:\\\/\\\/schema.org\",\"@graph\":[{\"@type\":\"Article\",\"@id\":\"https:\\\/\\\/infopba247.com.ar\\\/index.php\\\/2025\\\/11\\\/14\\\/alak-entrego-equipamiento-para-casas-del-nino-maternales-y-jardines-municipales-de-la-plata\\\/#article\",\"isPartOf\":{\"@id\":\"https:\\\/\\\/infopba247.com.ar\\\/index.php\\\/2025\\\/11\\\/14\\\/alak-entrego-equipamiento-para-casas-del-nino-maternales-y-jardines-municipales-de-la-plata\\\/\"},\"author\":{\"name\":\"Editor\",\"@id\":\"https:\\\/\\\/infopba247.com.ar\\\/#\\\/schema\\\/person\\\/4975f1343a413e57bf839b3eed0099f2\"},\"headline\":\"Alak entreg\u00f3 equipamiento para casas del ni\u00f1o, maternales y jardines municipales de La Plata\",\"datePublished\":\"2025-11-14T17:25:36+00:00\",\"dateModified\":\"2025-11-14T17:25:37+00:00\",\"mainEntityOfPage\":{\"@id\":\"https:\\\/\\\/infopba247.com.ar\\\/index.php\\\/2025\\\/11\\\/14\\\/alak-entrego-equipamiento-para-casas-del-nino-maternales-y-jardines-municipales-de-la-plata\\\/\"},\"wordCount\":365,\"commentCount\":0,\"publisher\":{\"@id\":\"https:\\\/\\\/infopba247.com.ar\\\/#organization\"},\"image\":{\"@id\":\"https:\\\/\\\/infopba247.com.ar\\\/index.php\\\/2025\\\/11\\\/14\\\/alak-entrego-equipamiento-para-casas-del-nino-maternales-y-jardines-municipales-de-la-plata\\\/#primaryimage\"},\"thumbnailUrl\":\"https:\\\/\\\/infopba247.com.ar\\\/wp-content\\\/uploads\\\/2025\\\/11\\\/unnamed-2025-11-14T142300.654.jpg\",\"articleSection\":[\"8va Secci\u00f3n\",\"Destacadas\",\"Pol\u00edtica\"],\"inLanguage\":\"es\",\"potentialAction\":[{\"@type\":\"CommentAction\",\"name\":\"Comment\",\"target\":[\"https:\\\/\\\/infopba247.com.ar\\\/index.php\\\/2025\\\/11\\\/14\\\/alak-entrego-equipamiento-para-casas-del-nino-maternales-y-jardines-municipales-de-la-plata\\\/#respond\"]}]},{\"@type\":\"WebPage\",\"@id\":\"https:\\\/\\\/infopba247.com.ar\\\/index.php\\\/2025\\\/11\\\/14\\\/alak-entrego-equipamiento-para-casas-del-nino-maternales-y-jardines-municipales-de-la-plata\\\/\",\"url\":\"https:\\\/\\\/infopba247.com.ar\\\/index.php\\\/2025\\\/11\\\/14\\\/alak-entrego-equipamiento-para-casas-del-nino-maternales-y-jardines-municipales-de-la-plata\\\/\",\"name\":\"Alak entreg\u00f3 equipamiento para casas del ni\u00f1o, maternales y jardines municipales de La Plata - InfoPBA247\",\"isPartOf\":{\"@id\":\"https:\\\/\\\/infopba247.com.ar\\\/#website\"},\"primaryImageOfPage\":{\"@id\":\"https:\\\/\\\/infopba247.com.ar\\\/index.php\\\/2025\\\/11\\\/14\\\/alak-entrego-equipamiento-para-casas-del-nino-maternales-y-jardines-municipales-de-la-plata\\\/#primaryimage\"},\"image\":{\"@id\":\"https:\\\/\\\/infopba247.com.ar\\\/index.php\\\/2025\\\/11\\\/14\\\/alak-entrego-equipamiento-para-casas-del-nino-maternales-y-jardines-municipales-de-la-plata\\\/#primaryimage\"},\"thumbnailUrl\":\"https:\\\/\\\/infopba247.com.ar\\\/wp-content\\\/uploads\\\/2025\\\/11\\\/unnamed-2025-11-14T142300.654.jpg\",\"datePublished\":\"2025-11-14T17:25:36+00:00\",\"dateModified\":\"2025-11-14T17:25:37+00:00\",\"breadcrumb\":{\"@id\":\"https:\\\/\\\/infopba247.com.ar\\\/index.php\\\/2025\\\/11\\\/14\\\/alak-entrego-equipamiento-para-casas-del-nino-maternales-y-jardines-municipales-de-la-plata\\\/#breadcrumb\"},\"inLanguage\":\"es\",\"potentialAction\":[{\"@type\":\"ReadAction\",\"target\":[\"https:\\\/\\\/infopba247.com.ar\\\/index.php\\\/2025\\\/11\\\/14\\\/alak-entrego-equipamiento-para-casas-del-nino-maternales-y-jardines-municipales-de-la-plata\\\/\"]}]},{\"@type\":\"ImageObject\",\"inLanguage\":\"es\",\"@id\":\"https:\\\/\\\/infopba247.com.ar\\\/index.php\\\/2025\\\/11\\\/14\\\/alak-entrego-equipamiento-para-casas-del-nino-maternales-y-jardines-municipales-de-la-plata\\\/#primaryimage\",\"url\":\"https:\\\/\\\/infopba247.com.ar\\\/wp-content\\\/uploads\\\/2025\\\/11\\\/unnamed-2025-11-14T142300.654.jpg\",\"contentUrl\":\"https:\\\/\\\/infopba247.com.ar\\\/wp-content\\\/uploads\\\/2025\\\/11\\\/unnamed-2025-11-14T142300.654.jpg\",\"width\":1600,\"height\":1066},{\"@type\":\"BreadcrumbList\",\"@id\":\"https:\\\/\\\/infopba247.com.ar\\\/index.php\\\/2025\\\/11\\\/14\\\/alak-entrego-equipamiento-para-casas-del-nino-maternales-y-jardines-municipales-de-la-plata\\\/#breadcrumb\",\"itemListElement\":[{\"@type\":\"ListItem\",\"position\":1,\"name\":\"Portada\",\"item\":\"https:\\\/\\\/infopba247.com.ar\\\/\"},{\"@type\":\"ListItem\",\"position\":2,\"name\":\"Alak entreg\u00f3 equipamiento para casas del ni\u00f1o, maternales y jardines municipales de La Plata\"}]},{\"@type\":\"WebSite\",\"@id\":\"https:\\\/\\\/infopba247.com.ar\\\/#website\",\"url\":\"https:\\\/\\\/infopba247.com.ar\\\/\",\"name\":\"InfoPBA247\",\"description\":\"Toda la actualidad bonaerense\",\"publisher\":{\"@id\":\"https:\\\/\\\/infopba247.com.ar\\\/#organization\"},\"potentialAction\":[{\"@type\":\"SearchAction\",\"target\":{\"@type\":\"EntryPoint\",\"urlTemplate\":\"https:\\\/\\\/infopba247.com.ar\\\/?s={search_term_string}\"},\"query-input\":{\"@type\":\"PropertyValueSpecification\",\"valueRequired\":true,\"valueName\":\"search_term_string\"}}],\"inLanguage\":\"es\"},{\"@type\":\"Organization\",\"@id\":\"https:\\\/\\\/infopba247.com.ar\\\/#organization\",\"name\":\"InfoPBA247\",\"url\":\"https:\\\/\\\/infopba247.com.ar\\\/\",\"logo\":{\"@type\":\"ImageObject\",\"inLanguage\":\"es\",\"@id\":\"https:\\\/\\\/infopba247.com.ar\\\/#\\\/schema\\\/logo\\\/image\\\/\",\"url\":\"https:\\\/\\\/infopba247.com.ar\\\/wp-content\\\/uploads\\\/2022\\\/03\\\/cropped-InfoPBA247-1.png\",\"contentUrl\":\"https:\\\/\\\/infopba247.com.ar\\\/wp-content\\\/uploads\\\/2022\\\/03\\\/cropped-InfoPBA247-1.png\",\"width\":500,\"height\":122,\"caption\":\"InfoPBA247\"},\"image\":{\"@id\":\"https:\\\/\\\/infopba247.com.ar\\\/#\\\/schema\\\/logo\\\/image\\\/\"},\"sameAs\":[\"https:\\\/\\\/www.facebook.com\\\/InfoPBA\"]},{\"@type\":\"Person\",\"@id\":\"https:\\\/\\\/infopba247.com.ar\\\/#\\\/schema\\\/person\\\/4975f1343a413e57bf839b3eed0099f2\",\"name\":\"Editor\",\"image\":{\"@type\":\"ImageObject\",\"inLanguage\":\"es\",\"@id\":\"https:\\\/\\\/secure.gravatar.com\\\/avatar\\\/d27fe9520667ca53441d36627a1d6b0fa4a813571ec4803687a7a3a7744685ac?s=96&d=mm&r=g\",\"url\":\"https:\\\/\\\/secure.gravatar.com\\\/avatar\\\/d27fe9520667ca53441d36627a1d6b0fa4a813571ec4803687a7a3a7744685ac?s=96&d=mm&r=g\",\"contentUrl\":\"https:\\\/\\\/secure.gravatar.com\\\/avatar\\\/d27fe9520667ca53441d36627a1d6b0fa4a813571ec4803687a7a3a7744685ac?s=96&d=mm&r=g\",\"caption\":\"Editor\"},\"url\":\"https:\\\/\\\/infopba247.com.ar\\\/index.php\\\/author\\\/editor\\\/\"}]}<\/script>\n<!-- \/ Yoast SEO plugin. -->","yoast_head_json":{"title":"Alak entreg\u00f3 equipamiento para casas del ni\u00f1o, maternales y jardines municipales de La Plata - InfoPBA247","robots":{"index":"index","follow":"follow","max-snippet":"max-snippet:-1","max-image-preview":"max-image-preview:large","max-video-preview":"max-video-preview:-1"},"canonical":"https:\/\/infopba247.com.ar\/index.php\/2025\/11\/14\/alak-entrego-equipamiento-para-casas-del-nino-maternales-y-jardines-municipales-de-la-plata\/","og_locale":"es_ES","og_type":"article","og_title":"Alak entreg\u00f3 equipamiento para casas del ni\u00f1o, maternales y jardines municipales de La Plata - InfoPBA247","og_description":"Fue en el marco del programa bonaerense UDI, que fortalece espacios de cuidado y acompa\u00f1amiento en establecimientos educativos de toda","og_url":"https:\/\/infopba247.com.ar\/index.php\/2025\/11\/14\/alak-entrego-equipamiento-para-casas-del-nino-maternales-y-jardines-municipales-de-la-plata\/","og_site_name":"InfoPBA247","article_publisher":"https:\/\/www.facebook.com\/InfoPBA","article_published_time":"2025-11-14T17:25:36+00:00","article_modified_time":"2025-11-14T17:25:37+00:00","og_image":[{"width":1600,"height":1066,"url":"https:\/\/infopba247.com.ar\/wp-content\/uploads\/2025\/11\/unnamed-2025-11-14T142300.654.jpg","type":"image\/jpeg"}],"author":"Editor","twitter_card":"summary_large_image","twitter_misc":{"Escrito por":"Editor","Tiempo de lectura":"2 minutos"},"schema":{"@context":"https:\/\/schema.org","@graph":[{"@type":"Article","@id":"https:\/\/infopba247.com.ar\/index.php\/2025\/11\/14\/alak-entrego-equipamiento-para-casas-del-nino-maternales-y-jardines-municipales-de-la-plata\/#article","isPartOf":{"@id":"https:\/\/infopba247.com.ar\/index.php\/2025\/11\/14\/alak-entrego-equipamiento-para-casas-del-nino-maternales-y-jardines-municipales-de-la-plata\/"},"author":{"name":"Editor","@id":"https:\/\/infopba247.com.ar\/#\/schema\/person\/4975f1343a413e57bf839b3eed0099f2"},"headline":"Alak entreg\u00f3 equipamiento para casas del ni\u00f1o, maternales y jardines municipales de La Plata","datePublished":"2025-11-14T17:25:36+00:00","dateModified":"2025-11-14T17:25:37+00:00","mainEntityOfPage":{"@id":"https:\/\/infopba247.com.ar\/index.php\/2025\/11\/14\/alak-entrego-equipamiento-para-casas-del-nino-maternales-y-jardines-municipales-de-la-plata\/"},"wordCount":365,"commentCount":0,"publisher":{"@id":"https:\/\/infopba247.com.ar\/#organization"},"image":{"@id":"https:\/\/infopba247.com.ar\/index.php\/2025\/11\/14\/alak-entrego-equipamiento-para-casas-del-nino-maternales-y-jardines-municipales-de-la-plata\/#primaryimage"},"thumbnailUrl":"https:\/\/infopba247.com.ar\/wp-content\/uploads\/2025\/11\/unnamed-2025-11-14T142300.654.jpg","articleSection":["8va Secci\u00f3n","Destacadas","Pol\u00edtica"],"inLanguage":"es","potentialAction":[{"@type":"CommentAction","name":"Comment","target":["https:\/\/infopba247.com.ar\/index.php\/2025\/11\/14\/alak-entrego-equipamiento-para-casas-del-nino-maternales-y-jardines-municipales-de-la-plata\/#respond"]}]},{"@type":"WebPage","@id":"https:\/\/infopba247.com.ar\/index.php\/2025\/11\/14\/alak-entrego-equipamiento-para-casas-del-nino-maternales-y-jardines-municipales-de-la-plata\/","url":"https:\/\/infopba247.com.ar\/index.php\/2025\/11\/14\/alak-entrego-equipamiento-para-casas-del-nino-maternales-y-jardines-municipales-de-la-plata\/","name":"Alak entreg\u00f3 equipamiento para casas del ni\u00f1o, maternales y jardines municipales de La Plata - InfoPBA247","isPartOf":{"@id":"https:\/\/infopba247.com.ar\/#website"},"primaryImageOfPage":{"@id":"https:\/\/infopba247.com.ar\/index.php\/2025\/11\/14\/alak-entrego-equipamiento-para-casas-del-nino-maternales-y-jardines-municipales-de-la-plata\/#primaryimage"},"image":{"@id":"https:\/\/infopba247.com.ar\/index.php\/2025\/11\/14\/alak-entrego-equipamiento-para-casas-del-nino-maternales-y-jardines-municipales-de-la-plata\/#primaryimage"},"thumbnailUrl":"https:\/\/infopba247.com.ar\/wp-content\/uploads\/2025\/11\/unnamed-2025-11-14T142300.654.jpg","datePublished":"2025-11-14T17:25:36+00:00","dateModified":"2025-11-14T17:25:37+00:00","breadcrumb":{"@id":"https:\/\/infopba247.com.ar\/index.php\/2025\/11\/14\/alak-entrego-equipamiento-para-casas-del-nino-maternales-y-jardines-municipales-de-la-plata\/#breadcrumb"},"inLanguage":"es","potentialAction":[{"@type":"ReadAction","target":["https:\/\/infopba247.com.ar\/index.php\/2025\/11\/14\/alak-entrego-equipamiento-para-casas-del-nino-maternales-y-jardines-municipales-de-la-plata\/"]}]},{"@type":"ImageObject","inLanguage":"es","@id":"https:\/\/infopba247.com.ar\/index.php\/2025\/11\/14\/alak-entrego-equipamiento-para-casas-del-nino-maternales-y-jardines-municipales-de-la-plata\/#primaryimage","url":"https:\/\/infopba247.com.ar\/wp-content\/uploads\/2025\/11\/unnamed-2025-11-14T142300.654.jpg","contentUrl":"https:\/\/infopba247.com.ar\/wp-content\/uploads\/2025\/11\/unnamed-2025-11-14T142300.654.jpg","width":1600,"height":1066},{"@type":"BreadcrumbList","@id":"https:\/\/infopba247.com.ar\/index.php\/2025\/11\/14\/alak-entrego-equipamiento-para-casas-del-nino-maternales-y-jardines-municipales-de-la-plata\/#breadcrumb","itemListElement":[{"@type":"ListItem","position":1,"name":"Portada","item":"https:\/\/infopba247.com.ar\/"},{"@type":"ListItem","position":2,"name":"Alak entreg\u00f3 equipamiento para casas del ni\u00f1o, maternales y jardines municipales de La Plata"}]},{"@type":"WebSite","@id":"https:\/\/infopba247.com.ar\/#website","url":"https:\/\/infopba247.com.ar\/","name":"InfoPBA247","description":"Toda la actualidad bonaerense","publisher":{"@id":"https:\/\/infopba247.com.ar\/#organization"},"potentialAction":[{"@type":"SearchAction","target":{"@type":"EntryPoint","urlTemplate":"https:\/\/infopba247.com.ar\/?s={search_term_string}"},"query-input":{"@type":"PropertyValueSpecification","valueRequired":true,"valueName":"search_term_string"}}],"inLanguage":"es"},{"@type":"Organization","@id":"https:\/\/infopba247.com.ar\/#organization","name":"InfoPBA247","url":"https:\/\/infopba247.com.ar\/","logo":{"@type":"ImageObject","inLanguage":"es","@id":"https:\/\/infopba247.com.ar\/#\/schema\/logo\/image\/","url":"https:\/\/infopba247.com.ar\/wp-content\/uploads\/2022\/03\/cropped-InfoPBA247-1.png","contentUrl":"https:\/\/infopba247.com.ar\/wp-content\/uploads\/2022\/03\/cropped-InfoPBA247-1.png","width":500,"height":122,"caption":"InfoPBA247"},"image":{"@id":"https:\/\/infopba247.com.ar\/#\/schema\/logo\/image\/"},"sameAs":["https:\/\/www.facebook.com\/InfoPBA"]},{"@type":"Person","@id":"https:\/\/infopba247.com.ar\/#\/schema\/person\/4975f1343a413e57bf839b3eed0099f2","name":"Editor","image":{"@type":"ImageObject","inLanguage":"es","@id":"https:\/\/secure.gravatar.com\/avatar\/d27fe9520667ca53441d36627a1d6b0fa4a813571ec4803687a7a3a7744685ac?s=96&d=mm&r=g","url":"https:\/\/secure.gravatar.com\/avatar\/d27fe9520667ca53441d36627a1d6b0fa4a813571ec4803687a7a3a7744685ac?s=96&d=mm&r=g","contentUrl":"https:\/\/secure.gravatar.com\/avatar\/d27fe9520667ca53441d36627a1d6b0fa4a813571ec4803687a7a3a7744685ac?s=96&d=mm&r=g","caption":"Editor"},"url":"https:\/\/infopba247.com.ar\/index.php\/author\/editor\/"}]}},"_links":{"self":[{"href":"https:\/\/infopba247.com.ar\/index.php\/wp-json\/wp\/v2\/posts\/8369","targetHints":{"allow":["GET"]}}],"collection":[{"href":"https:\/\/infopba247.com.ar\/index.php\/wp-json\/wp\/v2\/posts"}],"about":[{"href":"https:\/\/infopba247.com.ar\/index.php\/wp-json\/wp\/v2\/types\/post"}],"author":[{"embeddable":true,"href":"https:\/\/infopba247.com.ar\/index.php\/wp-json\/wp\/v2\/users\/3"}],"replies":[{"embeddable":true,"href":"https:\/\/infopba247.com.ar\/index.php\/wp-json\/wp\/v2\/comments?post=8369"}],"version-history":[{"count":1,"href":"https:\/\/infopba247.com.ar\/index.php\/wp-json\/wp\/v2\/posts\/8369\/revisions"}],"predecessor-version":[{"id":8370,"href":"https:\/\/infopba247.com.ar\/index.php\/wp-json\/wp\/v2\/posts\/8369\/revisions\/8370"}],"wp:featuredmedia":[{"embeddable":true,"href":"https:\/\/infopba247.com.ar\/index.php\/wp-json\/wp\/v2\/media\/8364"}],"wp:attachment":[{"href":"https:\/\/infopba247.com.ar\/index.php\/wp-json\/wp\/v2\/media?parent=8369"}],"wp:term":[{"taxonomy":"category","embeddable":true,"href":"https:\/\/infopba247.com.ar\/index.php\/wp-json\/wp\/v2\/categories?post=8369"},{"taxonomy":"post_tag","embeddable":true,"href":"https:\/\/infopba247.com.ar\/index.php\/wp-json\/wp\/v2\/tags?post=8369"}],"curies":[{"name":"wp","href":"https:\/\/api.w.org\/{rel}","templated":true}]}}