{"id":8348,"date":"2025-11-12T15:12:44","date_gmt":"2025-11-12T18:12:44","guid":{"rendered":"https:\/\/infopba247.com.ar\/?p=8348"},"modified":"2025-11-12T15:12:45","modified_gmt":"2025-11-12T18:12:45","slug":"mh-digital-el-programa-que-impulsara-la-capacitacion-en-nuevas-tecnologias-para-jovenes","status":"publish","type":"post","link":"https:\/\/infopba247.com.ar\/index.php\/2025\/11\/12\/mh-digital-el-programa-que-impulsara-la-capacitacion-en-nuevas-tecnologias-para-jovenes\/","title":{"rendered":"\u201cMH Digital\u201d: el programa que impulsar\u00e1 la capacitaci\u00f3n en nuevas tecnolog\u00edas para j\u00f3venes"},"content":{"rendered":"\n<p>En el marco del programa \u00abMH Digital\u00bb, desde la direcci\u00f3n de Modernizaci\u00f3n, dependiente de la Secretar\u00eda de Comunicaci\u00f3n y Modernizaci\u00f3n del Estado de Monte Hermoso, comenzaron las recorridas por los colegios secundarios de la ciudad con el fin de consolidar y profundizar la oferta acad\u00e9mica universitaria del 2026.<\/p>\n\n\n\n<p>El pasado lunes 10\/11, se llevaron a cabo los primeros encuentros en la E.S.N\u00b02 (turno ma\u00f1ana y tarde) y en la E.S.N\u00b01 (turno tarde) y estuvieron a cargo del Director de Modernizaci\u00f3n del Estado, Claudio Biragnet. Adem\u00e1s, este mi\u00e9rcoles 12 ser\u00e1 el turno de la E.S.N\u00b01 (turno ma\u00f1ana) y de la Escuela T\u00e9cnica N\u00b01.<\/p>\n\n\n\n<p>Cabe destacar que \u00abMH Digital\u00bb, es una propuesta llevada adelante desde el Municipio de Monte Hermoso, en conjunto con la Universidad Provincial del Sudoeste (UPSO), que tiene como objetivo conocer los intereses y necesidades de formaci\u00f3n de las y los adolescentes de la ciudad.<\/p>\n\n\n\n<p>\u201cCon esta iniciativa municipal, se busca promover la adquisici\u00f3n de competencias digitales que faciliten la inserci\u00f3n laboral y el emprendimiento en entornos digitales. Tambi\u00e9n est\u00e1 contemplado un programa de pasant\u00edas y la entrega de equipamiento tecnol\u00f3gico para las y los alumnos que cumplan con todos los requisitos acad\u00e9micos\u00bb, manifest\u00f3 el director de Modernizaci\u00f3n del Estado, Claudio Biragnet.<\/p>\n\n\n\n<p>En esta primera instancia, la oferta acad\u00e9mica presentada por el Municipio se encuentra dividida en tres grandes ejes:<br><br>-Marketing (Introducci\u00f3n al Comercio Electr\u00f3nico, Introducci\u00f3n en Redes Sociales, M\u00e9tricas del Mundo Digital, Introducci\u00f3n al Community Manager \/ Creaci\u00f3n de contenidos para redes, Introducci\u00f3n a la Inteligencia Artificial),<br><br>-Herramientas Digitales (Introducci\u00f3n al an\u00e1lisis de datos, Herramientas ofim\u00e1ticas orientadas al trabajo colaborativo en la nube, Introducci\u00f3n a la programaci\u00f3n de videojuegos, Taller de Creaci\u00f3n de Contenido Digital y Streaming)<br><br>-Dise\u00f1o (Dise\u00f1o e impresi\u00f3n en 3D, Elementos de dise\u00f1o de imagen, Edici\u00f3n de audio\/video, Taller de Fotograf\u00eda aplicada a las redes sociales).<\/p>\n","protected":false},"excerpt":{"rendered":"<p>En el marco del programa \u00abMH Digital\u00bb, desde la direcci\u00f3n de Modernizaci\u00f3n, dependiente de la Secretar\u00eda de Comunicaci\u00f3n y Modernizaci\u00f3n<\/p>\n","protected":false},"author":3,"featured_media":8338,"comment_status":"open","ping_status":"open","sticky":false,"template":"","format":"standard","meta":{"colormag_page_container_layout":"default_layout","colormag_page_sidebar_layout":"default_layout","footnotes":""},"categories":[10,1,14],"tags":[],"class_list":["post-8348","post","type-post","status-publish","format-standard","has-post-thumbnail","hentry","category-6ta-seccion","category-destacadas","category-politica"],"yoast_head":"<!-- This site is optimized with the Yoast SEO plugin v27.5 - https:\/\/yoast.com\/product\/yoast-seo-wordpress\/ -->\n<title>\u201cMH Digital\u201d: el programa que impulsar\u00e1 la capacitaci\u00f3n en nuevas tecnolog\u00edas para j\u00f3venes - InfoPBA247<\/title>\n<meta name=\"robots\" content=\"index, follow, max-snippet:-1, max-image-preview:large, max-video-preview:-1\" \/>\n<link rel=\"canonical\" href=\"https:\/\/infopba247.com.ar\/index.php\/2025\/11\/12\/mh-digital-el-programa-que-impulsara-la-capacitacion-en-nuevas-tecnologias-para-jovenes\/\" \/>\n<meta property=\"og:locale\" content=\"es_ES\" \/>\n<meta property=\"og:type\" content=\"article\" \/>\n<meta property=\"og:title\" content=\"\u201cMH Digital\u201d: el programa que impulsar\u00e1 la capacitaci\u00f3n en nuevas tecnolog\u00edas para j\u00f3venes - InfoPBA247\" \/>\n<meta property=\"og:description\" content=\"En el marco del programa \u00abMH Digital\u00bb, desde la direcci\u00f3n de Modernizaci\u00f3n, dependiente de la Secretar\u00eda de Comunicaci\u00f3n y Modernizaci\u00f3n\" \/>\n<meta property=\"og:url\" content=\"https:\/\/infopba247.com.ar\/index.php\/2025\/11\/12\/mh-digital-el-programa-que-impulsara-la-capacitacion-en-nuevas-tecnologias-para-jovenes\/\" \/>\n<meta property=\"og:site_name\" content=\"InfoPBA247\" \/>\n<meta property=\"article:publisher\" content=\"https:\/\/www.facebook.com\/InfoPBA\" \/>\n<meta property=\"article:published_time\" content=\"2025-11-12T18:12:44+00:00\" \/>\n<meta property=\"article:modified_time\" content=\"2025-11-12T18:12:45+00:00\" \/>\n<meta property=\"og:image\" content=\"https:\/\/infopba247.com.ar\/wp-content\/uploads\/2025\/11\/582077550_1334202638747418_1956150475461275988_n-800x445-1.jpg\" \/>\n\t<meta property=\"og:image:width\" content=\"800\" \/>\n\t<meta property=\"og:image:height\" content=\"445\" \/>\n\t<meta property=\"og:image:type\" content=\"image\/jpeg\" \/>\n<meta name=\"author\" content=\"Editor\" \/>\n<meta name=\"twitter:card\" content=\"summary_large_image\" \/>\n<meta name=\"twitter:label1\" content=\"Escrito por\" \/>\n\t<meta name=\"twitter:data1\" content=\"Editor\" \/>\n\t<meta name=\"twitter:label2\" content=\"Tiempo de lectura\" \/>\n\t<meta name=\"twitter:data2\" content=\"2 minutos\" \/>\n<script type=\"application\/ld+json\" class=\"yoast-schema-graph\">{\"@context\":\"https:\\\/\\\/schema.org\",\"@graph\":[{\"@type\":\"Article\",\"@id\":\"https:\\\/\\\/infopba247.com.ar\\\/index.php\\\/2025\\\/11\\\/12\\\/mh-digital-el-programa-que-impulsara-la-capacitacion-en-nuevas-tecnologias-para-jovenes\\\/#article\",\"isPartOf\":{\"@id\":\"https:\\\/\\\/infopba247.com.ar\\\/index.php\\\/2025\\\/11\\\/12\\\/mh-digital-el-programa-que-impulsara-la-capacitacion-en-nuevas-tecnologias-para-jovenes\\\/\"},\"author\":{\"name\":\"Editor\",\"@id\":\"https:\\\/\\\/infopba247.com.ar\\\/#\\\/schema\\\/person\\\/4975f1343a413e57bf839b3eed0099f2\"},\"headline\":\"\u201cMH Digital\u201d: el programa que impulsar\u00e1 la capacitaci\u00f3n en nuevas tecnolog\u00edas para j\u00f3venes\",\"datePublished\":\"2025-11-12T18:12:44+00:00\",\"dateModified\":\"2025-11-12T18:12:45+00:00\",\"mainEntityOfPage\":{\"@id\":\"https:\\\/\\\/infopba247.com.ar\\\/index.php\\\/2025\\\/11\\\/12\\\/mh-digital-el-programa-que-impulsara-la-capacitacion-en-nuevas-tecnologias-para-jovenes\\\/\"},\"wordCount\":360,\"commentCount\":0,\"publisher\":{\"@id\":\"https:\\\/\\\/infopba247.com.ar\\\/#organization\"},\"image\":{\"@id\":\"https:\\\/\\\/infopba247.com.ar\\\/index.php\\\/2025\\\/11\\\/12\\\/mh-digital-el-programa-que-impulsara-la-capacitacion-en-nuevas-tecnologias-para-jovenes\\\/#primaryimage\"},\"thumbnailUrl\":\"https:\\\/\\\/infopba247.com.ar\\\/wp-content\\\/uploads\\\/2025\\\/11\\\/582077550_1334202638747418_1956150475461275988_n-800x445-1.jpg\",\"articleSection\":[\"6ta Secci\u00f3n\",\"Destacadas\",\"Pol\u00edtica\"],\"inLanguage\":\"es\",\"potentialAction\":[{\"@type\":\"CommentAction\",\"name\":\"Comment\",\"target\":[\"https:\\\/\\\/infopba247.com.ar\\\/index.php\\\/2025\\\/11\\\/12\\\/mh-digital-el-programa-que-impulsara-la-capacitacion-en-nuevas-tecnologias-para-jovenes\\\/#respond\"]}]},{\"@type\":\"WebPage\",\"@id\":\"https:\\\/\\\/infopba247.com.ar\\\/index.php\\\/2025\\\/11\\\/12\\\/mh-digital-el-programa-que-impulsara-la-capacitacion-en-nuevas-tecnologias-para-jovenes\\\/\",\"url\":\"https:\\\/\\\/infopba247.com.ar\\\/index.php\\\/2025\\\/11\\\/12\\\/mh-digital-el-programa-que-impulsara-la-capacitacion-en-nuevas-tecnologias-para-jovenes\\\/\",\"name\":\"\u201cMH Digital\u201d: el programa que impulsar\u00e1 la capacitaci\u00f3n en nuevas tecnolog\u00edas para j\u00f3venes - InfoPBA247\",\"isPartOf\":{\"@id\":\"https:\\\/\\\/infopba247.com.ar\\\/#website\"},\"primaryImageOfPage\":{\"@id\":\"https:\\\/\\\/infopba247.com.ar\\\/index.php\\\/2025\\\/11\\\/12\\\/mh-digital-el-programa-que-impulsara-la-capacitacion-en-nuevas-tecnologias-para-jovenes\\\/#primaryimage\"},\"image\":{\"@id\":\"https:\\\/\\\/infopba247.com.ar\\\/index.php\\\/2025\\\/11\\\/12\\\/mh-digital-el-programa-que-impulsara-la-capacitacion-en-nuevas-tecnologias-para-jovenes\\\/#primaryimage\"},\"thumbnailUrl\":\"https:\\\/\\\/infopba247.com.ar\\\/wp-content\\\/uploads\\\/2025\\\/11\\\/582077550_1334202638747418_1956150475461275988_n-800x445-1.jpg\",\"datePublished\":\"2025-11-12T18:12:44+00:00\",\"dateModified\":\"2025-11-12T18:12:45+00:00\",\"breadcrumb\":{\"@id\":\"https:\\\/\\\/infopba247.com.ar\\\/index.php\\\/2025\\\/11\\\/12\\\/mh-digital-el-programa-que-impulsara-la-capacitacion-en-nuevas-tecnologias-para-jovenes\\\/#breadcrumb\"},\"inLanguage\":\"es\",\"potentialAction\":[{\"@type\":\"ReadAction\",\"target\":[\"https:\\\/\\\/infopba247.com.ar\\\/index.php\\\/2025\\\/11\\\/12\\\/mh-digital-el-programa-que-impulsara-la-capacitacion-en-nuevas-tecnologias-para-jovenes\\\/\"]}]},{\"@type\":\"ImageObject\",\"inLanguage\":\"es\",\"@id\":\"https:\\\/\\\/infopba247.com.ar\\\/index.php\\\/2025\\\/11\\\/12\\\/mh-digital-el-programa-que-impulsara-la-capacitacion-en-nuevas-tecnologias-para-jovenes\\\/#primaryimage\",\"url\":\"https:\\\/\\\/infopba247.com.ar\\\/wp-content\\\/uploads\\\/2025\\\/11\\\/582077550_1334202638747418_1956150475461275988_n-800x445-1.jpg\",\"contentUrl\":\"https:\\\/\\\/infopba247.com.ar\\\/wp-content\\\/uploads\\\/2025\\\/11\\\/582077550_1334202638747418_1956150475461275988_n-800x445-1.jpg\",\"width\":800,\"height\":445},{\"@type\":\"BreadcrumbList\",\"@id\":\"https:\\\/\\\/infopba247.com.ar\\\/index.php\\\/2025\\\/11\\\/12\\\/mh-digital-el-programa-que-impulsara-la-capacitacion-en-nuevas-tecnologias-para-jovenes\\\/#breadcrumb\",\"itemListElement\":[{\"@type\":\"ListItem\",\"position\":1,\"name\":\"Portada\",\"item\":\"https:\\\/\\\/infopba247.com.ar\\\/\"},{\"@type\":\"ListItem\",\"position\":2,\"name\":\"\u201cMH Digital\u201d: el programa que impulsar\u00e1 la capacitaci\u00f3n en nuevas tecnolog\u00edas para j\u00f3venes\"}]},{\"@type\":\"WebSite\",\"@id\":\"https:\\\/\\\/infopba247.com.ar\\\/#website\",\"url\":\"https:\\\/\\\/infopba247.com.ar\\\/\",\"name\":\"InfoPBA247\",\"description\":\"Toda la actualidad bonaerense\",\"publisher\":{\"@id\":\"https:\\\/\\\/infopba247.com.ar\\\/#organization\"},\"potentialAction\":[{\"@type\":\"SearchAction\",\"target\":{\"@type\":\"EntryPoint\",\"urlTemplate\":\"https:\\\/\\\/infopba247.com.ar\\\/?s={search_term_string}\"},\"query-input\":{\"@type\":\"PropertyValueSpecification\",\"valueRequired\":true,\"valueName\":\"search_term_string\"}}],\"inLanguage\":\"es\"},{\"@type\":\"Organization\",\"@id\":\"https:\\\/\\\/infopba247.com.ar\\\/#organization\",\"name\":\"InfoPBA247\",\"url\":\"https:\\\/\\\/infopba247.com.ar\\\/\",\"logo\":{\"@type\":\"ImageObject\",\"inLanguage\":\"es\",\"@id\":\"https:\\\/\\\/infopba247.com.ar\\\/#\\\/schema\\\/logo\\\/image\\\/\",\"url\":\"https:\\\/\\\/infopba247.com.ar\\\/wp-content\\\/uploads\\\/2022\\\/03\\\/cropped-InfoPBA247-1.png\",\"contentUrl\":\"https:\\\/\\\/infopba247.com.ar\\\/wp-content\\\/uploads\\\/2022\\\/03\\\/cropped-InfoPBA247-1.png\",\"width\":500,\"height\":122,\"caption\":\"InfoPBA247\"},\"image\":{\"@id\":\"https:\\\/\\\/infopba247.com.ar\\\/#\\\/schema\\\/logo\\\/image\\\/\"},\"sameAs\":[\"https:\\\/\\\/www.facebook.com\\\/InfoPBA\"]},{\"@type\":\"Person\",\"@id\":\"https:\\\/\\\/infopba247.com.ar\\\/#\\\/schema\\\/person\\\/4975f1343a413e57bf839b3eed0099f2\",\"name\":\"Editor\",\"image\":{\"@type\":\"ImageObject\",\"inLanguage\":\"es\",\"@id\":\"https:\\\/\\\/secure.gravatar.com\\\/avatar\\\/d27fe9520667ca53441d36627a1d6b0fa4a813571ec4803687a7a3a7744685ac?s=96&d=mm&r=g\",\"url\":\"https:\\\/\\\/secure.gravatar.com\\\/avatar\\\/d27fe9520667ca53441d36627a1d6b0fa4a813571ec4803687a7a3a7744685ac?s=96&d=mm&r=g\",\"contentUrl\":\"https:\\\/\\\/secure.gravatar.com\\\/avatar\\\/d27fe9520667ca53441d36627a1d6b0fa4a813571ec4803687a7a3a7744685ac?s=96&d=mm&r=g\",\"caption\":\"Editor\"},\"url\":\"https:\\\/\\\/infopba247.com.ar\\\/index.php\\\/author\\\/editor\\\/\"}]}<\/script>\n<!-- \/ Yoast SEO plugin. -->","yoast_head_json":{"title":"\u201cMH Digital\u201d: el programa que impulsar\u00e1 la capacitaci\u00f3n en nuevas tecnolog\u00edas para j\u00f3venes - InfoPBA247","robots":{"index":"index","follow":"follow","max-snippet":"max-snippet:-1","max-image-preview":"max-image-preview:large","max-video-preview":"max-video-preview:-1"},"canonical":"https:\/\/infopba247.com.ar\/index.php\/2025\/11\/12\/mh-digital-el-programa-que-impulsara-la-capacitacion-en-nuevas-tecnologias-para-jovenes\/","og_locale":"es_ES","og_type":"article","og_title":"\u201cMH Digital\u201d: el programa que impulsar\u00e1 la capacitaci\u00f3n en nuevas tecnolog\u00edas para j\u00f3venes - InfoPBA247","og_description":"En el marco del programa \u00abMH Digital\u00bb, desde la direcci\u00f3n de Modernizaci\u00f3n, dependiente de la Secretar\u00eda de Comunicaci\u00f3n y Modernizaci\u00f3n","og_url":"https:\/\/infopba247.com.ar\/index.php\/2025\/11\/12\/mh-digital-el-programa-que-impulsara-la-capacitacion-en-nuevas-tecnologias-para-jovenes\/","og_site_name":"InfoPBA247","article_publisher":"https:\/\/www.facebook.com\/InfoPBA","article_published_time":"2025-11-12T18:12:44+00:00","article_modified_time":"2025-11-12T18:12:45+00:00","og_image":[{"width":800,"height":445,"url":"https:\/\/infopba247.com.ar\/wp-content\/uploads\/2025\/11\/582077550_1334202638747418_1956150475461275988_n-800x445-1.jpg","type":"image\/jpeg"}],"author":"Editor","twitter_card":"summary_large_image","twitter_misc":{"Escrito por":"Editor","Tiempo de lectura":"2 minutos"},"schema":{"@context":"https:\/\/schema.org","@graph":[{"@type":"Article","@id":"https:\/\/infopba247.com.ar\/index.php\/2025\/11\/12\/mh-digital-el-programa-que-impulsara-la-capacitacion-en-nuevas-tecnologias-para-jovenes\/#article","isPartOf":{"@id":"https:\/\/infopba247.com.ar\/index.php\/2025\/11\/12\/mh-digital-el-programa-que-impulsara-la-capacitacion-en-nuevas-tecnologias-para-jovenes\/"},"author":{"name":"Editor","@id":"https:\/\/infopba247.com.ar\/#\/schema\/person\/4975f1343a413e57bf839b3eed0099f2"},"headline":"\u201cMH Digital\u201d: el programa que impulsar\u00e1 la capacitaci\u00f3n en nuevas tecnolog\u00edas para j\u00f3venes","datePublished":"2025-11-12T18:12:44+00:00","dateModified":"2025-11-12T18:12:45+00:00","mainEntityOfPage":{"@id":"https:\/\/infopba247.com.ar\/index.php\/2025\/11\/12\/mh-digital-el-programa-que-impulsara-la-capacitacion-en-nuevas-tecnologias-para-jovenes\/"},"wordCount":360,"commentCount":0,"publisher":{"@id":"https:\/\/infopba247.com.ar\/#organization"},"image":{"@id":"https:\/\/infopba247.com.ar\/index.php\/2025\/11\/12\/mh-digital-el-programa-que-impulsara-la-capacitacion-en-nuevas-tecnologias-para-jovenes\/#primaryimage"},"thumbnailUrl":"https:\/\/infopba247.com.ar\/wp-content\/uploads\/2025\/11\/582077550_1334202638747418_1956150475461275988_n-800x445-1.jpg","articleSection":["6ta Secci\u00f3n","Destacadas","Pol\u00edtica"],"inLanguage":"es","potentialAction":[{"@type":"CommentAction","name":"Comment","target":["https:\/\/infopba247.com.ar\/index.php\/2025\/11\/12\/mh-digital-el-programa-que-impulsara-la-capacitacion-en-nuevas-tecnologias-para-jovenes\/#respond"]}]},{"@type":"WebPage","@id":"https:\/\/infopba247.com.ar\/index.php\/2025\/11\/12\/mh-digital-el-programa-que-impulsara-la-capacitacion-en-nuevas-tecnologias-para-jovenes\/","url":"https:\/\/infopba247.com.ar\/index.php\/2025\/11\/12\/mh-digital-el-programa-que-impulsara-la-capacitacion-en-nuevas-tecnologias-para-jovenes\/","name":"\u201cMH Digital\u201d: el programa que impulsar\u00e1 la capacitaci\u00f3n en nuevas tecnolog\u00edas para j\u00f3venes - InfoPBA247","isPartOf":{"@id":"https:\/\/infopba247.com.ar\/#website"},"primaryImageOfPage":{"@id":"https:\/\/infopba247.com.ar\/index.php\/2025\/11\/12\/mh-digital-el-programa-que-impulsara-la-capacitacion-en-nuevas-tecnologias-para-jovenes\/#primaryimage"},"image":{"@id":"https:\/\/infopba247.com.ar\/index.php\/2025\/11\/12\/mh-digital-el-programa-que-impulsara-la-capacitacion-en-nuevas-tecnologias-para-jovenes\/#primaryimage"},"thumbnailUrl":"https:\/\/infopba247.com.ar\/wp-content\/uploads\/2025\/11\/582077550_1334202638747418_1956150475461275988_n-800x445-1.jpg","datePublished":"2025-11-12T18:12:44+00:00","dateModified":"2025-11-12T18:12:45+00:00","breadcrumb":{"@id":"https:\/\/infopba247.com.ar\/index.php\/2025\/11\/12\/mh-digital-el-programa-que-impulsara-la-capacitacion-en-nuevas-tecnologias-para-jovenes\/#breadcrumb"},"inLanguage":"es","potentialAction":[{"@type":"ReadAction","target":["https:\/\/infopba247.com.ar\/index.php\/2025\/11\/12\/mh-digital-el-programa-que-impulsara-la-capacitacion-en-nuevas-tecnologias-para-jovenes\/"]}]},{"@type":"ImageObject","inLanguage":"es","@id":"https:\/\/infopba247.com.ar\/index.php\/2025\/11\/12\/mh-digital-el-programa-que-impulsara-la-capacitacion-en-nuevas-tecnologias-para-jovenes\/#primaryimage","url":"https:\/\/infopba247.com.ar\/wp-content\/uploads\/2025\/11\/582077550_1334202638747418_1956150475461275988_n-800x445-1.jpg","contentUrl":"https:\/\/infopba247.com.ar\/wp-content\/uploads\/2025\/11\/582077550_1334202638747418_1956150475461275988_n-800x445-1.jpg","width":800,"height":445},{"@type":"BreadcrumbList","@id":"https:\/\/infopba247.com.ar\/index.php\/2025\/11\/12\/mh-digital-el-programa-que-impulsara-la-capacitacion-en-nuevas-tecnologias-para-jovenes\/#breadcrumb","itemListElement":[{"@type":"ListItem","position":1,"name":"Portada","item":"https:\/\/infopba247.com.ar\/"},{"@type":"ListItem","position":2,"name":"\u201cMH Digital\u201d: el programa que impulsar\u00e1 la capacitaci\u00f3n en nuevas tecnolog\u00edas para j\u00f3venes"}]},{"@type":"WebSite","@id":"https:\/\/infopba247.com.ar\/#website","url":"https:\/\/infopba247.com.ar\/","name":"InfoPBA247","description":"Toda la actualidad bonaerense","publisher":{"@id":"https:\/\/infopba247.com.ar\/#organization"},"potentialAction":[{"@type":"SearchAction","target":{"@type":"EntryPoint","urlTemplate":"https:\/\/infopba247.com.ar\/?s={search_term_string}"},"query-input":{"@type":"PropertyValueSpecification","valueRequired":true,"valueName":"search_term_string"}}],"inLanguage":"es"},{"@type":"Organization","@id":"https:\/\/infopba247.com.ar\/#organization","name":"InfoPBA247","url":"https:\/\/infopba247.com.ar\/","logo":{"@type":"ImageObject","inLanguage":"es","@id":"https:\/\/infopba247.com.ar\/#\/schema\/logo\/image\/","url":"https:\/\/infopba247.com.ar\/wp-content\/uploads\/2022\/03\/cropped-InfoPBA247-1.png","contentUrl":"https:\/\/infopba247.com.ar\/wp-content\/uploads\/2022\/03\/cropped-InfoPBA247-1.png","width":500,"height":122,"caption":"InfoPBA247"},"image":{"@id":"https:\/\/infopba247.com.ar\/#\/schema\/logo\/image\/"},"sameAs":["https:\/\/www.facebook.com\/InfoPBA"]},{"@type":"Person","@id":"https:\/\/infopba247.com.ar\/#\/schema\/person\/4975f1343a413e57bf839b3eed0099f2","name":"Editor","image":{"@type":"ImageObject","inLanguage":"es","@id":"https:\/\/secure.gravatar.com\/avatar\/d27fe9520667ca53441d36627a1d6b0fa4a813571ec4803687a7a3a7744685ac?s=96&d=mm&r=g","url":"https:\/\/secure.gravatar.com\/avatar\/d27fe9520667ca53441d36627a1d6b0fa4a813571ec4803687a7a3a7744685ac?s=96&d=mm&r=g","contentUrl":"https:\/\/secure.gravatar.com\/avatar\/d27fe9520667ca53441d36627a1d6b0fa4a813571ec4803687a7a3a7744685ac?s=96&d=mm&r=g","caption":"Editor"},"url":"https:\/\/infopba247.com.ar\/index.php\/author\/editor\/"}]}},"_links":{"self":[{"href":"https:\/\/infopba247.com.ar\/index.php\/wp-json\/wp\/v2\/posts\/8348","targetHints":{"allow":["GET"]}}],"collection":[{"href":"https:\/\/infopba247.com.ar\/index.php\/wp-json\/wp\/v2\/posts"}],"about":[{"href":"https:\/\/infopba247.com.ar\/index.php\/wp-json\/wp\/v2\/types\/post"}],"author":[{"embeddable":true,"href":"https:\/\/infopba247.com.ar\/index.php\/wp-json\/wp\/v2\/users\/3"}],"replies":[{"embeddable":true,"href":"https:\/\/infopba247.com.ar\/index.php\/wp-json\/wp\/v2\/comments?post=8348"}],"version-history":[{"count":1,"href":"https:\/\/infopba247.com.ar\/index.php\/wp-json\/wp\/v2\/posts\/8348\/revisions"}],"predecessor-version":[{"id":8349,"href":"https:\/\/infopba247.com.ar\/index.php\/wp-json\/wp\/v2\/posts\/8348\/revisions\/8349"}],"wp:featuredmedia":[{"embeddable":true,"href":"https:\/\/infopba247.com.ar\/index.php\/wp-json\/wp\/v2\/media\/8338"}],"wp:attachment":[{"href":"https:\/\/infopba247.com.ar\/index.php\/wp-json\/wp\/v2\/media?parent=8348"}],"wp:term":[{"taxonomy":"category","embeddable":true,"href":"https:\/\/infopba247.com.ar\/index.php\/wp-json\/wp\/v2\/categories?post=8348"},{"taxonomy":"post_tag","embeddable":true,"href":"https:\/\/infopba247.com.ar\/index.php\/wp-json\/wp\/v2\/tags?post=8348"}],"curies":[{"name":"wp","href":"https:\/\/api.w.org\/{rel}","templated":true}]}}